{"id":7848,"date":"2020-11-19T17:05:00","date_gmt":"2020-11-19T20:05:00","guid":{"rendered":"https:\/\/fadeu.urantiacos.cl\/?p=7848"},"modified":"2023-09-09T17:07:53","modified_gmt":"2023-09-09T20:07:53","slug":"laboratorio-de-modelos-y-prototipos-fadeu-inaugura-ampliacion-en-el-campus-lo-contador","status":"publish","type":"post","link":"https:\/\/fadeu.urantiacos.cl\/en\/2020\/11\/19\/laboratorio-de-modelos-y-prototipos-fadeu-inaugura-ampliacion-en-el-campus-lo-contador\/","title":{"rendered":"Laboratorio de Modelos y Prototipos FADEU inaugura ampliaci\u00f3n en el campus Lo Contador"},"content":{"rendered":"\n<figure class=\"wp-block-image size-full\"><img decoding=\"async\" width=\"350\" height=\"250\" src=\"https:\/\/fadeu.urantiacos.cl\/wp-content\/uploads\/2023\/09\/video_extension_laboratorio_web.jpg\" alt=\"\" class=\"wp-image-7849\" srcset=\"https:\/\/fadeu.urantiacos.cl\/wp-content\/uploads\/2023\/09\/video_extension_laboratorio_web.jpg 350w, https:\/\/fadeu.urantiacos.cl\/wp-content\/uploads\/2023\/09\/video_extension_laboratorio_web-300x214.jpg 300w\" sizes=\"(max-width: 350px) 100vw, 350px\" \/><\/figure>\n\n\n\n<p>Esta iniciativa recoge necesidades planteadas por los estudiantes y acad\u00e9micos\/as de las carreras de Arquitectura y Dise\u00f1o, quienes realizan trabajos de prototipado y\/o construcci\u00f3n de maquetas a escala y modelos.<\/p>\n\n\n\n<p>\u201cPara ello se necesitaba un patio&nbsp;que permitiera mejores condiciones de trabajo y que no interrumpiera otras actividades del Campus, tomando en cuenta, adem\u00e1s, que son trabajos que implican la generaci\u00f3n de residuos y ruido por la utilizaci\u00f3n de herramientas\u201d, afirm\u00f3 el Decano Mario Ubilla, agregando que \u201cse ha dispuesto de una nueva \u00e1rea de trabajo y la conexi\u00f3n directa y expedita con el taller de herramientas, lo que implica, por supuesto, que el patio es de uso exclusivo del Laboratorio de Modelos y Prototipos\u201d.<\/p>\n\n\n\n<p>A juicio del jefe del Laboratorio, el profesor de la escuela de Arquitectura, Francisco Chateau, el Laboratorio de Modelos y Prototipos, junto con la Biblioteca del campus, es uno de los lugares que re\u00fane con mayor naturalidad a los estudiantes y acad\u00e9micos de las escuelas de Arquitectura y Dise\u00f1o.<\/p>\n\n\n\n<p>\u201cSu organizaci\u00f3n espacial promueve el trabajo colaborativo bajo una organizaci\u00f3n relativamente horizontal, diferenciado las \u00e1reas de trabajo en funci\u00f3n de los equipos y herramientas alojados en su interior, caracterizando las diferentes zonas de acuerdo a los procesos tecnol\u00f3gicos y constructivos que all\u00ed se realizan\u201d, agreg\u00f3.<\/p>\n\n\n\n<p>El nuevo patio es capaz de recibir faenas que requieren ventilaci\u00f3n, manejo de agua y\/o residuos, o el montaje de elementos de gran escala, que, por su naturaleza, no pueden fabricarse en el interior.<\/p>\n\n\n\n<p>La ampliaci\u00f3n puede ser descrita como un patio hundido, similar al recinto que sirve de acceso a los auditorios norte y sur. Y cuyo r\u00e9gimen de acceso restringido, solo a trav\u00e9s del Laboratorio de Modelos y Prototipos, le confiere el rol de aula abierta, complementaria al gran espacio de trabajo ubicado en el nivel -1.<\/p>\n\n\n\n<p>El proyecto contempla la permanencia del grupo de quillayes localizados entre la casa Sergio Larra\u00edn y el edificio de Laboratorios, integr\u00e1ndolos como un elemento central de la propuesta.<\/p>\n\n\n\n<p>*Dadas las circunstancias actuales de pandemia, se realiz\u00f3 el registro aundiovisial, que puedes revisar&nbsp;<a href=\"https:\/\/www.youtube.com\/watch?v=HaOQh-3xnr8&amp;t=15s\" target=\"_blank\" rel=\"noreferrer noopener\">AQU\u00ed<\/a>.<\/p>\n\n\n\n<figure class=\"wp-block-embed is-type-video is-provider-youtube wp-block-embed-youtube wp-embed-aspect-16-9 wp-has-aspect-ratio\"><div class=\"wp-block-embed__wrapper\">\n<iframe loading=\"lazy\" title=\"#VideoFADEU I Ampliaci\u00f3n del Laboratorio de Modelos y Prototipos\" width=\"500\" height=\"281\" src=\"https:\/\/www.youtube.com\/embed\/HaOQh-3xnr8?feature=oembed\" frameborder=\"0\" allow=\"accelerometer; autoplay; clipboard-write; encrypted-media; gyroscope; picture-in-picture; web-share\" referrerpolicy=\"strict-origin-when-cross-origin\" allowfullscreen><\/iframe>\n<\/div><\/figure>\n","protected":false},"excerpt":{"rendered":"<p>Una gran aula abierta de 190 metros cuadrados, inaugur\u00f3 el Laboratorio de Modelos y Prototipos de la Facultad de Arquitectura, Dise\u00f1o y Estudios Urbanos, en base al proyecto realizado por los arquitectos Alejandro Beals Vaccaro y Loreto Lyon Nu\u00f1o.<\/p>\n","protected":false},"author":1,"featured_media":7849,"comment_status":"open","ping_status":"open","sticky":false,"template":"","format":"standard","meta":{"_acf_changed":false,"footnotes":""},"categories":[1],"tags":[],"class_list":["post-7848","post","type-post","status-publish","format-standard","has-post-thumbnail","hentry","category-sin-categorizar"],"acf":[],"yoast_head":"<!-- This site is optimized with the Yoast SEO plugin v27.1.1 - https:\/\/yoast.com\/product\/yoast-seo-wordpress\/ -->\n<title>Laboratorio de Modelos y Prototipos FADEU inaugura ampliaci\u00f3n en el campus Lo Contador - Facultad de Arquitectura, Dise\u00f1o y Estudios Urbanos<\/title>\n<meta name=\"description\" content=\"Una gran aula abierta de 190 metros cuadrados, inaugur\u00f3 el Laboratorio de Modelos y Prototipos de la Facultad de Arquitectura, Dise\u00f1o y Estudios Urbanos, en base al proyecto realizado por los arquitectos Alejandro Beals Vaccaro y Loreto Lyon Nu\u00f1o.\" \/>\n<meta name=\"robots\" content=\"index, follow, max-snippet:-1, max-image-preview:large, max-video-preview:-1\" \/>\n<link rel=\"canonical\" href=\"https:\/\/fadeu.urantiacos.cl\/en\/2020\/11\/19\/laboratorio-de-modelos-y-prototipos-fadeu-inaugura-ampliacion-en-el-campus-lo-contador\/\" \/>\n<meta property=\"og:locale\" content=\"en_US\" \/>\n<meta property=\"og:type\" content=\"article\" \/>\n<meta property=\"og:title\" content=\"Laboratorio de Modelos y Prototipos FADEU inaugura ampliaci\u00f3n en el campus Lo Contador - Facultad de Arquitectura, Dise\u00f1o y Estudios Urbanos\" \/>\n<meta property=\"og:description\" content=\"Una gran aula abierta de 190 metros cuadrados, inaugur\u00f3 el Laboratorio de Modelos y Prototipos de la Facultad de Arquitectura, Dise\u00f1o y Estudios Urbanos, en base al proyecto realizado por los arquitectos Alejandro Beals Vaccaro y Loreto Lyon Nu\u00f1o.\" \/>\n<meta property=\"og:url\" content=\"https:\/\/fadeu.urantiacos.cl\/en\/2020\/11\/19\/laboratorio-de-modelos-y-prototipos-fadeu-inaugura-ampliacion-en-el-campus-lo-contador\/\" \/>\n<meta property=\"og:site_name\" content=\"Facultad de Arquitectura, Dise\u00f1o y Estudios Urbanos\" \/>\n<meta property=\"article:published_time\" content=\"2020-11-19T20:05:00+00:00\" \/>\n<meta property=\"article:modified_time\" content=\"2023-09-09T20:07:53+00:00\" \/>\n<meta property=\"og:image\" content=\"https:\/\/fadeu.urantiacos.cl\/wp-content\/uploads\/2023\/09\/video_extension_laboratorio_web.jpg\" \/>\n\t<meta property=\"og:image:width\" content=\"350\" \/>\n\t<meta property=\"og:image:height\" content=\"250\" \/>\n\t<meta property=\"og:image:type\" content=\"image\/jpeg\" \/>\n<meta name=\"author\" content=\"manadmin\" \/>\n<meta name=\"twitter:card\" content=\"summary_large_image\" \/>\n<meta name=\"twitter:label1\" content=\"Written by\" \/>\n\t<meta name=\"twitter:data1\" content=\"manadmin\" \/>\n\t<meta name=\"twitter:label2\" content=\"Est. reading time\" \/>\n\t<meta name=\"twitter:data2\" content=\"2 minutes\" \/>\n<script type=\"application\/ld+json\" class=\"yoast-schema-graph\">{\"@context\":\"https:\/\/schema.org\",\"@graph\":[{\"@type\":\"Article\",\"@id\":\"https:\/\/fadeu.urantiacos.cl\/en\/2020\/11\/19\/laboratorio-de-modelos-y-prototipos-fadeu-inaugura-ampliacion-en-el-campus-lo-contador\/#article\",\"isPartOf\":{\"@id\":\"https:\/\/fadeu.urantiacos.cl\/en\/2020\/11\/19\/laboratorio-de-modelos-y-prototipos-fadeu-inaugura-ampliacion-en-el-campus-lo-contador\/\"},\"author\":{\"name\":\"manadmin\",\"@id\":\"https:\/\/fadeu.urantiacos.cl\/en\/#\/schema\/person\/d203e2e84b1c40275eac77b3061a19a2\"},\"headline\":\"Laboratorio de Modelos y Prototipos FADEU inaugura ampliaci\u00f3n en el campus Lo Contador\",\"datePublished\":\"2020-11-19T20:05:00+00:00\",\"dateModified\":\"2023-09-09T20:07:53+00:00\",\"mainEntityOfPage\":{\"@id\":\"https:\/\/fadeu.urantiacos.cl\/en\/2020\/11\/19\/laboratorio-de-modelos-y-prototipos-fadeu-inaugura-ampliacion-en-el-campus-lo-contador\/\"},\"wordCount\":385,\"commentCount\":0,\"image\":{\"@id\":\"https:\/\/fadeu.urantiacos.cl\/en\/2020\/11\/19\/laboratorio-de-modelos-y-prototipos-fadeu-inaugura-ampliacion-en-el-campus-lo-contador\/#primaryimage\"},\"thumbnailUrl\":\"https:\/\/fadeu.urantiacos.cl\/wp-content\/uploads\/2023\/09\/video_extension_laboratorio_web.jpg\",\"articleSection\":[\"Sin categorizar\"],\"inLanguage\":\"en-US\",\"potentialAction\":[{\"@type\":\"CommentAction\",\"name\":\"Comment\",\"target\":[\"https:\/\/fadeu.urantiacos.cl\/en\/2020\/11\/19\/laboratorio-de-modelos-y-prototipos-fadeu-inaugura-ampliacion-en-el-campus-lo-contador\/#respond\"]}]},{\"@type\":\"WebPage\",\"@id\":\"https:\/\/fadeu.urantiacos.cl\/en\/2020\/11\/19\/laboratorio-de-modelos-y-prototipos-fadeu-inaugura-ampliacion-en-el-campus-lo-contador\/\",\"url\":\"https:\/\/fadeu.urantiacos.cl\/en\/2020\/11\/19\/laboratorio-de-modelos-y-prototipos-fadeu-inaugura-ampliacion-en-el-campus-lo-contador\/\",\"name\":\"Laboratorio de Modelos y Prototipos FADEU inaugura ampliaci\u00f3n en el campus Lo Contador - Facultad de Arquitectura, Dise\u00f1o y Estudios Urbanos\",\"isPartOf\":{\"@id\":\"https:\/\/fadeu.urantiacos.cl\/en\/#website\"},\"primaryImageOfPage\":{\"@id\":\"https:\/\/fadeu.urantiacos.cl\/en\/2020\/11\/19\/laboratorio-de-modelos-y-prototipos-fadeu-inaugura-ampliacion-en-el-campus-lo-contador\/#primaryimage\"},\"image\":{\"@id\":\"https:\/\/fadeu.urantiacos.cl\/en\/2020\/11\/19\/laboratorio-de-modelos-y-prototipos-fadeu-inaugura-ampliacion-en-el-campus-lo-contador\/#primaryimage\"},\"thumbnailUrl\":\"https:\/\/fadeu.urantiacos.cl\/wp-content\/uploads\/2023\/09\/video_extension_laboratorio_web.jpg\",\"datePublished\":\"2020-11-19T20:05:00+00:00\",\"dateModified\":\"2023-09-09T20:07:53+00:00\",\"author\":{\"@id\":\"https:\/\/fadeu.urantiacos.cl\/en\/#\/schema\/person\/d203e2e84b1c40275eac77b3061a19a2\"},\"description\":\"Una gran aula abierta de 190 metros cuadrados, inaugur\u00f3 el Laboratorio de Modelos y Prototipos de la Facultad de Arquitectura, Dise\u00f1o y Estudios Urbanos, en base al proyecto realizado por los arquitectos Alejandro Beals Vaccaro y Loreto Lyon Nu\u00f1o.\",\"breadcrumb\":{\"@id\":\"https:\/\/fadeu.urantiacos.cl\/en\/2020\/11\/19\/laboratorio-de-modelos-y-prototipos-fadeu-inaugura-ampliacion-en-el-campus-lo-contador\/#breadcrumb\"},\"inLanguage\":\"en-US\",\"potentialAction\":[{\"@type\":\"ReadAction\",\"target\":[\"https:\/\/fadeu.urantiacos.cl\/en\/2020\/11\/19\/laboratorio-de-modelos-y-prototipos-fadeu-inaugura-ampliacion-en-el-campus-lo-contador\/\"]}]},{\"@type\":\"ImageObject\",\"inLanguage\":\"en-US\",\"@id\":\"https:\/\/fadeu.urantiacos.cl\/en\/2020\/11\/19\/laboratorio-de-modelos-y-prototipos-fadeu-inaugura-ampliacion-en-el-campus-lo-contador\/#primaryimage\",\"url\":\"https:\/\/fadeu.urantiacos.cl\/wp-content\/uploads\/2023\/09\/video_extension_laboratorio_web.jpg\",\"contentUrl\":\"https:\/\/fadeu.urantiacos.cl\/wp-content\/uploads\/2023\/09\/video_extension_laboratorio_web.jpg\",\"width\":350,\"height\":250},{\"@type\":\"BreadcrumbList\",\"@id\":\"https:\/\/fadeu.urantiacos.cl\/en\/2020\/11\/19\/laboratorio-de-modelos-y-prototipos-fadeu-inaugura-ampliacion-en-el-campus-lo-contador\/#breadcrumb\",\"itemListElement\":[{\"@type\":\"ListItem\",\"position\":1,\"name\":\"Portada\",\"item\":\"https:\/\/fadeu.urantiacos.cl\/en\/\"},{\"@type\":\"ListItem\",\"position\":2,\"name\":\"Laboratorio de Modelos y Prototipos FADEU inaugura ampliaci\u00f3n en el campus Lo Contador\"}]},{\"@type\":\"WebSite\",\"@id\":\"https:\/\/fadeu.urantiacos.cl\/en\/#website\",\"url\":\"https:\/\/fadeu.urantiacos.cl\/en\/\",\"name\":\"Facultad de Arquitectura, Dise\u00f1o y Estudios Urbanos\",\"description\":\"Campus Lo Contador\",\"potentialAction\":[{\"@type\":\"SearchAction\",\"target\":{\"@type\":\"EntryPoint\",\"urlTemplate\":\"https:\/\/fadeu.urantiacos.cl\/en\/?s={search_term_string}\"},\"query-input\":{\"@type\":\"PropertyValueSpecification\",\"valueRequired\":true,\"valueName\":\"search_term_string\"}}],\"inLanguage\":\"en-US\"},{\"@type\":\"Person\",\"@id\":\"https:\/\/fadeu.urantiacos.cl\/en\/#\/schema\/person\/d203e2e84b1c40275eac77b3061a19a2\",\"name\":\"manadmin\",\"image\":{\"@type\":\"ImageObject\",\"inLanguage\":\"en-US\",\"@id\":\"https:\/\/fadeu.urantiacos.cl\/en\/#\/schema\/person\/image\/\",\"url\":\"https:\/\/secure.gravatar.com\/avatar\/4b1d8e3303b4a9d8968ac578947d8bc80d9aea359f388cdd4aac15cadc0e8447?s=96&d=mm&r=g\",\"contentUrl\":\"https:\/\/secure.gravatar.com\/avatar\/4b1d8e3303b4a9d8968ac578947d8bc80d9aea359f388cdd4aac15cadc0e8447?s=96&d=mm&r=g\",\"caption\":\"manadmin\"},\"sameAs\":[\"https:\/\/fadeu.urantiacos.cl\"]}]}<\/script>\n<!-- \/ Yoast SEO plugin. -->","yoast_head_json":{"title":"Laboratorio de Modelos y Prototipos FADEU inaugura ampliaci\u00f3n en el campus Lo Contador - Facultad de Arquitectura, Dise\u00f1o y Estudios Urbanos","description":"Una gran aula abierta de 190 metros cuadrados, inaugur\u00f3 el Laboratorio de Modelos y Prototipos de la Facultad de Arquitectura, Dise\u00f1o y Estudios Urbanos, en base al proyecto realizado por los arquitectos Alejandro Beals Vaccaro y Loreto Lyon Nu\u00f1o.","robots":{"index":"index","follow":"follow","max-snippet":"max-snippet:-1","max-image-preview":"max-image-preview:large","max-video-preview":"max-video-preview:-1"},"canonical":"https:\/\/fadeu.urantiacos.cl\/en\/2020\/11\/19\/laboratorio-de-modelos-y-prototipos-fadeu-inaugura-ampliacion-en-el-campus-lo-contador\/","og_locale":"en_US","og_type":"article","og_title":"Laboratorio de Modelos y Prototipos FADEU inaugura ampliaci\u00f3n en el campus Lo Contador - Facultad de Arquitectura, Dise\u00f1o y Estudios Urbanos","og_description":"Una gran aula abierta de 190 metros cuadrados, inaugur\u00f3 el Laboratorio de Modelos y Prototipos de la Facultad de Arquitectura, Dise\u00f1o y Estudios Urbanos, en base al proyecto realizado por los arquitectos Alejandro Beals Vaccaro y Loreto Lyon Nu\u00f1o.","og_url":"https:\/\/fadeu.urantiacos.cl\/en\/2020\/11\/19\/laboratorio-de-modelos-y-prototipos-fadeu-inaugura-ampliacion-en-el-campus-lo-contador\/","og_site_name":"Facultad de Arquitectura, Dise\u00f1o y Estudios Urbanos","article_published_time":"2020-11-19T20:05:00+00:00","article_modified_time":"2023-09-09T20:07:53+00:00","og_image":[{"width":350,"height":250,"url":"https:\/\/fadeu.urantiacos.cl\/wp-content\/uploads\/2023\/09\/video_extension_laboratorio_web.jpg","type":"image\/jpeg"}],"author":"manadmin","twitter_card":"summary_large_image","twitter_misc":{"Written by":"manadmin","Est. reading time":"2 minutes"},"schema":{"@context":"https:\/\/schema.org","@graph":[{"@type":"Article","@id":"https:\/\/fadeu.urantiacos.cl\/en\/2020\/11\/19\/laboratorio-de-modelos-y-prototipos-fadeu-inaugura-ampliacion-en-el-campus-lo-contador\/#article","isPartOf":{"@id":"https:\/\/fadeu.urantiacos.cl\/en\/2020\/11\/19\/laboratorio-de-modelos-y-prototipos-fadeu-inaugura-ampliacion-en-el-campus-lo-contador\/"},"author":{"name":"manadmin","@id":"https:\/\/fadeu.urantiacos.cl\/en\/#\/schema\/person\/d203e2e84b1c40275eac77b3061a19a2"},"headline":"Laboratorio de Modelos y Prototipos FADEU inaugura ampliaci\u00f3n en el campus Lo Contador","datePublished":"2020-11-19T20:05:00+00:00","dateModified":"2023-09-09T20:07:53+00:00","mainEntityOfPage":{"@id":"https:\/\/fadeu.urantiacos.cl\/en\/2020\/11\/19\/laboratorio-de-modelos-y-prototipos-fadeu-inaugura-ampliacion-en-el-campus-lo-contador\/"},"wordCount":385,"commentCount":0,"image":{"@id":"https:\/\/fadeu.urantiacos.cl\/en\/2020\/11\/19\/laboratorio-de-modelos-y-prototipos-fadeu-inaugura-ampliacion-en-el-campus-lo-contador\/#primaryimage"},"thumbnailUrl":"https:\/\/fadeu.urantiacos.cl\/wp-content\/uploads\/2023\/09\/video_extension_laboratorio_web.jpg","articleSection":["Sin categorizar"],"inLanguage":"en-US","potentialAction":[{"@type":"CommentAction","name":"Comment","target":["https:\/\/fadeu.urantiacos.cl\/en\/2020\/11\/19\/laboratorio-de-modelos-y-prototipos-fadeu-inaugura-ampliacion-en-el-campus-lo-contador\/#respond"]}]},{"@type":"WebPage","@id":"https:\/\/fadeu.urantiacos.cl\/en\/2020\/11\/19\/laboratorio-de-modelos-y-prototipos-fadeu-inaugura-ampliacion-en-el-campus-lo-contador\/","url":"https:\/\/fadeu.urantiacos.cl\/en\/2020\/11\/19\/laboratorio-de-modelos-y-prototipos-fadeu-inaugura-ampliacion-en-el-campus-lo-contador\/","name":"Laboratorio de Modelos y Prototipos FADEU inaugura ampliaci\u00f3n en el campus Lo Contador - Facultad de Arquitectura, Dise\u00f1o y Estudios Urbanos","isPartOf":{"@id":"https:\/\/fadeu.urantiacos.cl\/en\/#website"},"primaryImageOfPage":{"@id":"https:\/\/fadeu.urantiacos.cl\/en\/2020\/11\/19\/laboratorio-de-modelos-y-prototipos-fadeu-inaugura-ampliacion-en-el-campus-lo-contador\/#primaryimage"},"image":{"@id":"https:\/\/fadeu.urantiacos.cl\/en\/2020\/11\/19\/laboratorio-de-modelos-y-prototipos-fadeu-inaugura-ampliacion-en-el-campus-lo-contador\/#primaryimage"},"thumbnailUrl":"https:\/\/fadeu.urantiacos.cl\/wp-content\/uploads\/2023\/09\/video_extension_laboratorio_web.jpg","datePublished":"2020-11-19T20:05:00+00:00","dateModified":"2023-09-09T20:07:53+00:00","author":{"@id":"https:\/\/fadeu.urantiacos.cl\/en\/#\/schema\/person\/d203e2e84b1c40275eac77b3061a19a2"},"description":"Una gran aula abierta de 190 metros cuadrados, inaugur\u00f3 el Laboratorio de Modelos y Prototipos de la Facultad de Arquitectura, Dise\u00f1o y Estudios Urbanos, en base al proyecto realizado por los arquitectos Alejandro Beals Vaccaro y Loreto Lyon Nu\u00f1o.","breadcrumb":{"@id":"https:\/\/fadeu.urantiacos.cl\/en\/2020\/11\/19\/laboratorio-de-modelos-y-prototipos-fadeu-inaugura-ampliacion-en-el-campus-lo-contador\/#breadcrumb"},"inLanguage":"en-US","potentialAction":[{"@type":"ReadAction","target":["https:\/\/fadeu.urantiacos.cl\/en\/2020\/11\/19\/laboratorio-de-modelos-y-prototipos-fadeu-inaugura-ampliacion-en-el-campus-lo-contador\/"]}]},{"@type":"ImageObject","inLanguage":"en-US","@id":"https:\/\/fadeu.urantiacos.cl\/en\/2020\/11\/19\/laboratorio-de-modelos-y-prototipos-fadeu-inaugura-ampliacion-en-el-campus-lo-contador\/#primaryimage","url":"https:\/\/fadeu.urantiacos.cl\/wp-content\/uploads\/2023\/09\/video_extension_laboratorio_web.jpg","contentUrl":"https:\/\/fadeu.urantiacos.cl\/wp-content\/uploads\/2023\/09\/video_extension_laboratorio_web.jpg","width":350,"height":250},{"@type":"BreadcrumbList","@id":"https:\/\/fadeu.urantiacos.cl\/en\/2020\/11\/19\/laboratorio-de-modelos-y-prototipos-fadeu-inaugura-ampliacion-en-el-campus-lo-contador\/#breadcrumb","itemListElement":[{"@type":"ListItem","position":1,"name":"Portada","item":"https:\/\/fadeu.urantiacos.cl\/en\/"},{"@type":"ListItem","position":2,"name":"Laboratorio de Modelos y Prototipos FADEU inaugura ampliaci\u00f3n en el campus Lo Contador"}]},{"@type":"WebSite","@id":"https:\/\/fadeu.urantiacos.cl\/en\/#website","url":"https:\/\/fadeu.urantiacos.cl\/en\/","name":"Facultad de Arquitectura, Dise\u00f1o y Estudios Urbanos","description":"Campus Lo Contador","potentialAction":[{"@type":"SearchAction","target":{"@type":"EntryPoint","urlTemplate":"https:\/\/fadeu.urantiacos.cl\/en\/?s={search_term_string}"},"query-input":{"@type":"PropertyValueSpecification","valueRequired":true,"valueName":"search_term_string"}}],"inLanguage":"en-US"},{"@type":"Person","@id":"https:\/\/fadeu.urantiacos.cl\/en\/#\/schema\/person\/d203e2e84b1c40275eac77b3061a19a2","name":"manadmin","image":{"@type":"ImageObject","inLanguage":"en-US","@id":"https:\/\/fadeu.urantiacos.cl\/en\/#\/schema\/person\/image\/","url":"https:\/\/secure.gravatar.com\/avatar\/4b1d8e3303b4a9d8968ac578947d8bc80d9aea359f388cdd4aac15cadc0e8447?s=96&d=mm&r=g","contentUrl":"https:\/\/secure.gravatar.com\/avatar\/4b1d8e3303b4a9d8968ac578947d8bc80d9aea359f388cdd4aac15cadc0e8447?s=96&d=mm&r=g","caption":"manadmin"},"sameAs":["https:\/\/fadeu.urantiacos.cl"]}]}},"_links":{"self":[{"href":"https:\/\/fadeu.urantiacos.cl\/en\/wp-json\/wp\/v2\/posts\/7848","targetHints":{"allow":["GET"]}}],"collection":[{"href":"https:\/\/fadeu.urantiacos.cl\/en\/wp-json\/wp\/v2\/posts"}],"about":[{"href":"https:\/\/fadeu.urantiacos.cl\/en\/wp-json\/wp\/v2\/types\/post"}],"author":[{"embeddable":true,"href":"https:\/\/fadeu.urantiacos.cl\/en\/wp-json\/wp\/v2\/users\/1"}],"replies":[{"embeddable":true,"href":"https:\/\/fadeu.urantiacos.cl\/en\/wp-json\/wp\/v2\/comments?post=7848"}],"version-history":[{"count":1,"href":"https:\/\/fadeu.urantiacos.cl\/en\/wp-json\/wp\/v2\/posts\/7848\/revisions"}],"predecessor-version":[{"id":7850,"href":"https:\/\/fadeu.urantiacos.cl\/en\/wp-json\/wp\/v2\/posts\/7848\/revisions\/7850"}],"wp:featuredmedia":[{"embeddable":true,"href":"https:\/\/fadeu.urantiacos.cl\/en\/wp-json\/wp\/v2\/media\/7849"}],"wp:attachment":[{"href":"https:\/\/fadeu.urantiacos.cl\/en\/wp-json\/wp\/v2\/media?parent=7848"}],"wp:term":[{"taxonomy":"category","embeddable":true,"href":"https:\/\/fadeu.urantiacos.cl\/en\/wp-json\/wp\/v2\/categories?post=7848"},{"taxonomy":"post_tag","embeddable":true,"href":"https:\/\/fadeu.urantiacos.cl\/en\/wp-json\/wp\/v2\/tags?post=7848"}],"curies":[{"name":"wp","href":"https:\/\/api.w.org\/{rel}","templated":true}]}}