{"id":7843,"date":"2020-11-20T17:03:00","date_gmt":"2020-11-20T20:03:00","guid":{"rendered":"https:\/\/fadeu.urantiacos.cl\/?p=7843"},"modified":"2023-09-09T17:05:26","modified_gmt":"2023-09-09T20:05:26","slug":"pastoral-uc-inicia-campana-de-cenas-de-navidad-y-lo-contador-retoma-las-misas-presenciales","status":"publish","type":"post","link":"https:\/\/fadeu.urantiacos.cl\/en\/2020\/11\/20\/pastoral-uc-inicia-campana-de-cenas-de-navidad-y-lo-contador-retoma-las-misas-presenciales\/","title":{"rendered":"Pastoral UC inicia Campa\u00f1a de Cenas de Navidad y Lo Contador retoma las Misas presenciales"},"content":{"rendered":"\n<figure class=\"wp-block-image size-full\"><img decoding=\"async\" width=\"350\" height=\"250\" src=\"https:\/\/fadeu.urantiacos.cl\/wp-content\/uploads\/2023\/09\/navidad_web_2020.jpg\" alt=\"\" class=\"wp-image-7845\" srcset=\"https:\/\/fadeu.urantiacos.cl\/wp-content\/uploads\/2023\/09\/navidad_web_2020.jpg 350w, https:\/\/fadeu.urantiacos.cl\/wp-content\/uploads\/2023\/09\/navidad_web_2020-300x214.jpg 300w\" sizes=\"(max-width: 350px) 100vw, 350px\" \/><\/figure>\n\n\n\n<p>Para ello se han dispuestos distintos formatos de colaboraci\u00f3n:<\/p>\n\n\n\n<p>&#8211;&nbsp;&nbsp;&nbsp;&nbsp;&nbsp;&nbsp; Realizar un aporte monetario hasta el 27 de noviembre, v\u00eda Webpay donando el monto que quieras en este&nbsp;<a href=\"https:\/\/www.webpay.cl\/portalpagodirecto\/pages\/institucion.jsf?idEstablecimiento=10292123\" target=\"_blank\" rel=\"noreferrer noopener\">link<\/a>.&nbsp;Indicando el nombre de la facultad o que es para el Campus Lo Contador.<\/p>\n\n\n\n<p>&#8211;&nbsp;&nbsp;&nbsp;&nbsp;&nbsp;&nbsp; Queriendo participar de voluntario\/a en la entrega de cenas: ya sea llevando la Cena a personas que no puedan ir a buscarla a la universidad, o participando de una entrega presencial con todos los resguardos sanitarios.<\/p>\n\n\n\n<p>Ante cualquier duda escribir a:&nbsp;<a href=\"mailto:cenasdenavidad@pastoraluc.cl\">cenasdenavidad@pastoraluc.cl<\/a>. y revisar la informaci\u00f3n en:&nbsp;<a href=\"http:\/\/pastoral.uc.cl\/proyecto\/cenasdenavidad\/\">http:\/\/pastoral.uc.cl\/proyecto\/cenasdenavidad\/<\/a><\/p>\n\n\n\n<p>Adem\u00e1s desde la Direcci\u00f3n de Pastoral y Cultura Cristiana UC se inform\u00f3 que se han retomado las Misas presenciales los d\u00edas martes y jueves&nbsp;a las 13.00hrs en la Capilla del Campus Lo Contador. Las Misas est\u00e1n siendo celebradas por el Padre Alessio Cottafava, nuevo capell\u00e1n del Campus.<\/p>\n\n\n\n<p>Por otro lado, de aqu\u00ed a fin de a\u00f1o, Pastoral UC est\u00e1 desarrollando una serie de actividades que puedes revisar en detalle:<\/p>\n\n\n\n<ol class=\"wp-block-list\">\n<li>Concierto de Adviento, que ser\u00e1 el 28 de noviembre a las 18.30hrs:&nbsp;<a href=\"http:\/\/pastoral.uc.cl\/proyecto\/conciertodeadviento\/\">http:\/\/pastoral.uc.cl\/proyecto\/conciertodeadviento\/<\/a><\/li>\n\n\n\n<li>Bendici\u00f3n de pesebres, durante las primeras semanas de diciembre, se confirmar\u00e1n las fechas.<\/li>\n\n\n\n<li>Celebraci\u00f3n del Mes de Mar\u00eda, que es lunes a viernes a las 12.30hrs en la p\u00e9rgola del Patio de los Naranjos:&nbsp;<a href=\"http:\/\/pastoral.uc.cl\/proyecto\/mes-de-maria\/\">http:\/\/pastoral.uc.cl\/proyecto\/mes-de-maria\/<\/a><\/li>\n<\/ol>\n\n\n\n<p>Si quieres interiorizarte m\u00e1s y conocer en detalle las actividades de Pastoral UC en la comunidad de la Universidad, puedes visitar el sitio web&nbsp;<a href=\"http:\/\/pastoral.uc.cl\/\">http:\/\/pastoral.uc.cl\/<\/a><\/p>\n\n\n\n<figure class=\"wp-block-image size-large\"><img decoding=\"async\" width=\"668\" height=\"1024\" src=\"https:\/\/fadeu.urantiacos.cl\/wp-content\/uploads\/2023\/09\/57cb0e6f-746c-4c22-9699-fc28db23d22b-668x1024.jpg\" alt=\"\" class=\"wp-image-7846\" srcset=\"https:\/\/fadeu.urantiacos.cl\/wp-content\/uploads\/2023\/09\/57cb0e6f-746c-4c22-9699-fc28db23d22b-668x1024.jpg 668w, https:\/\/fadeu.urantiacos.cl\/wp-content\/uploads\/2023\/09\/57cb0e6f-746c-4c22-9699-fc28db23d22b-196x300.jpg 196w, https:\/\/fadeu.urantiacos.cl\/wp-content\/uploads\/2023\/09\/57cb0e6f-746c-4c22-9699-fc28db23d22b.jpg 736w\" sizes=\"(max-width: 668px) 100vw, 668px\" \/><\/figure>\n","protected":false},"excerpt":{"rendered":"<p>Se ha iniciado la campa\u00f1a de recolecci\u00f3n de donaciones para las Cenas de Navidad para funcionarios externos, con el objetivo de celebrar el nacimiento de Jes\u00fas en familia y con comunidad UC. Esta iniciativa pretende fomentar el sentido de comunidad, otorgando una cena que retribuya el trabajo realizado por el personal, para que puedan compartir junto a su familia.<\/p>\n","protected":false},"author":1,"featured_media":7845,"comment_status":"open","ping_status":"open","sticky":false,"template":"","format":"standard","meta":{"_acf_changed":false,"footnotes":""},"categories":[1],"tags":[],"class_list":["post-7843","post","type-post","status-publish","format-standard","has-post-thumbnail","hentry","category-sin-categorizar"],"acf":[],"yoast_head":"<!-- This site is optimized with the Yoast SEO plugin v27.1.1 - https:\/\/yoast.com\/product\/yoast-seo-wordpress\/ -->\n<title>Pastoral UC inicia Campa\u00f1a de Cenas de Navidad y Lo Contador retoma las Misas presenciales - Facultad de Arquitectura, Dise\u00f1o y Estudios Urbanos<\/title>\n<meta name=\"description\" content=\"Se ha iniciado la campa\u00f1a de recolecci\u00f3n de donaciones para las Cenas de Navidad para funcionarios externos, con el objetivo de celebrar el nacimiento de Jes\u00fas en familia y con comunidad UC. Esta iniciativa pretende fomentar el sentido de comunidad, otorgando una cena que retribuya el trabajo realizado por el personal, para que puedan compartir junto a su familia.\" \/>\n<meta name=\"robots\" content=\"index, follow, max-snippet:-1, max-image-preview:large, max-video-preview:-1\" \/>\n<link rel=\"canonical\" href=\"https:\/\/fadeu.urantiacos.cl\/en\/2020\/11\/20\/pastoral-uc-inicia-campana-de-cenas-de-navidad-y-lo-contador-retoma-las-misas-presenciales\/\" \/>\n<meta property=\"og:locale\" content=\"en_US\" \/>\n<meta property=\"og:type\" content=\"article\" \/>\n<meta property=\"og:title\" content=\"Pastoral UC inicia Campa\u00f1a de Cenas de Navidad y Lo Contador retoma las Misas presenciales - Facultad de Arquitectura, Dise\u00f1o y Estudios Urbanos\" \/>\n<meta property=\"og:description\" content=\"Se ha iniciado la campa\u00f1a de recolecci\u00f3n de donaciones para las Cenas de Navidad para funcionarios externos, con el objetivo de celebrar el nacimiento de Jes\u00fas en familia y con comunidad UC. Esta iniciativa pretende fomentar el sentido de comunidad, otorgando una cena que retribuya el trabajo realizado por el personal, para que puedan compartir junto a su familia.\" \/>\n<meta property=\"og:url\" content=\"https:\/\/fadeu.urantiacos.cl\/en\/2020\/11\/20\/pastoral-uc-inicia-campana-de-cenas-de-navidad-y-lo-contador-retoma-las-misas-presenciales\/\" \/>\n<meta property=\"og:site_name\" content=\"Facultad de Arquitectura, Dise\u00f1o y Estudios Urbanos\" \/>\n<meta property=\"article:published_time\" content=\"2020-11-20T20:03:00+00:00\" \/>\n<meta property=\"article:modified_time\" content=\"2023-09-09T20:05:26+00:00\" \/>\n<meta property=\"og:image\" content=\"https:\/\/fadeu.urantiacos.cl\/wp-content\/uploads\/2023\/09\/navidad_web_2020.jpg\" \/>\n\t<meta property=\"og:image:width\" content=\"350\" \/>\n\t<meta property=\"og:image:height\" content=\"250\" \/>\n\t<meta property=\"og:image:type\" content=\"image\/jpeg\" \/>\n<meta name=\"author\" content=\"manadmin\" \/>\n<meta name=\"twitter:card\" content=\"summary_large_image\" \/>\n<meta name=\"twitter:label1\" content=\"Written by\" \/>\n\t<meta name=\"twitter:data1\" content=\"manadmin\" \/>\n\t<meta name=\"twitter:label2\" content=\"Est. reading time\" \/>\n\t<meta name=\"twitter:data2\" content=\"1 minute\" \/>\n<script type=\"application\/ld+json\" class=\"yoast-schema-graph\">{\"@context\":\"https:\/\/schema.org\",\"@graph\":[{\"@type\":\"Article\",\"@id\":\"https:\/\/fadeu.urantiacos.cl\/en\/2020\/11\/20\/pastoral-uc-inicia-campana-de-cenas-de-navidad-y-lo-contador-retoma-las-misas-presenciales\/#article\",\"isPartOf\":{\"@id\":\"https:\/\/fadeu.urantiacos.cl\/en\/2020\/11\/20\/pastoral-uc-inicia-campana-de-cenas-de-navidad-y-lo-contador-retoma-las-misas-presenciales\/\"},\"author\":{\"name\":\"manadmin\",\"@id\":\"https:\/\/fadeu.urantiacos.cl\/en\/#\/schema\/person\/d203e2e84b1c40275eac77b3061a19a2\"},\"headline\":\"Pastoral UC inicia Campa\u00f1a de Cenas de Navidad y Lo Contador retoma las Misas presenciales\",\"datePublished\":\"2020-11-20T20:03:00+00:00\",\"dateModified\":\"2023-09-09T20:05:26+00:00\",\"mainEntityOfPage\":{\"@id\":\"https:\/\/fadeu.urantiacos.cl\/en\/2020\/11\/20\/pastoral-uc-inicia-campana-de-cenas-de-navidad-y-lo-contador-retoma-las-misas-presenciales\/\"},\"wordCount\":305,\"commentCount\":0,\"image\":{\"@id\":\"https:\/\/fadeu.urantiacos.cl\/en\/2020\/11\/20\/pastoral-uc-inicia-campana-de-cenas-de-navidad-y-lo-contador-retoma-las-misas-presenciales\/#primaryimage\"},\"thumbnailUrl\":\"https:\/\/fadeu.urantiacos.cl\/wp-content\/uploads\/2023\/09\/navidad_web_2020.jpg\",\"articleSection\":[\"Sin categorizar\"],\"inLanguage\":\"en-US\",\"potentialAction\":[{\"@type\":\"CommentAction\",\"name\":\"Comment\",\"target\":[\"https:\/\/fadeu.urantiacos.cl\/en\/2020\/11\/20\/pastoral-uc-inicia-campana-de-cenas-de-navidad-y-lo-contador-retoma-las-misas-presenciales\/#respond\"]}]},{\"@type\":\"WebPage\",\"@id\":\"https:\/\/fadeu.urantiacos.cl\/en\/2020\/11\/20\/pastoral-uc-inicia-campana-de-cenas-de-navidad-y-lo-contador-retoma-las-misas-presenciales\/\",\"url\":\"https:\/\/fadeu.urantiacos.cl\/en\/2020\/11\/20\/pastoral-uc-inicia-campana-de-cenas-de-navidad-y-lo-contador-retoma-las-misas-presenciales\/\",\"name\":\"Pastoral UC inicia Campa\u00f1a de Cenas de Navidad y Lo Contador retoma las Misas presenciales - Facultad de Arquitectura, Dise\u00f1o y Estudios Urbanos\",\"isPartOf\":{\"@id\":\"https:\/\/fadeu.urantiacos.cl\/en\/#website\"},\"primaryImageOfPage\":{\"@id\":\"https:\/\/fadeu.urantiacos.cl\/en\/2020\/11\/20\/pastoral-uc-inicia-campana-de-cenas-de-navidad-y-lo-contador-retoma-las-misas-presenciales\/#primaryimage\"},\"image\":{\"@id\":\"https:\/\/fadeu.urantiacos.cl\/en\/2020\/11\/20\/pastoral-uc-inicia-campana-de-cenas-de-navidad-y-lo-contador-retoma-las-misas-presenciales\/#primaryimage\"},\"thumbnailUrl\":\"https:\/\/fadeu.urantiacos.cl\/wp-content\/uploads\/2023\/09\/navidad_web_2020.jpg\",\"datePublished\":\"2020-11-20T20:03:00+00:00\",\"dateModified\":\"2023-09-09T20:05:26+00:00\",\"author\":{\"@id\":\"https:\/\/fadeu.urantiacos.cl\/en\/#\/schema\/person\/d203e2e84b1c40275eac77b3061a19a2\"},\"description\":\"Se ha iniciado la campa\u00f1a de recolecci\u00f3n de donaciones para las Cenas de Navidad para funcionarios externos, con el objetivo de celebrar el nacimiento de Jes\u00fas en familia y con comunidad UC. Esta iniciativa pretende fomentar el sentido de comunidad, otorgando una cena que retribuya el trabajo realizado por el personal, para que puedan compartir junto a su familia.\",\"breadcrumb\":{\"@id\":\"https:\/\/fadeu.urantiacos.cl\/en\/2020\/11\/20\/pastoral-uc-inicia-campana-de-cenas-de-navidad-y-lo-contador-retoma-las-misas-presenciales\/#breadcrumb\"},\"inLanguage\":\"en-US\",\"potentialAction\":[{\"@type\":\"ReadAction\",\"target\":[\"https:\/\/fadeu.urantiacos.cl\/en\/2020\/11\/20\/pastoral-uc-inicia-campana-de-cenas-de-navidad-y-lo-contador-retoma-las-misas-presenciales\/\"]}]},{\"@type\":\"ImageObject\",\"inLanguage\":\"en-US\",\"@id\":\"https:\/\/fadeu.urantiacos.cl\/en\/2020\/11\/20\/pastoral-uc-inicia-campana-de-cenas-de-navidad-y-lo-contador-retoma-las-misas-presenciales\/#primaryimage\",\"url\":\"https:\/\/fadeu.urantiacos.cl\/wp-content\/uploads\/2023\/09\/navidad_web_2020.jpg\",\"contentUrl\":\"https:\/\/fadeu.urantiacos.cl\/wp-content\/uploads\/2023\/09\/navidad_web_2020.jpg\",\"width\":350,\"height\":250},{\"@type\":\"BreadcrumbList\",\"@id\":\"https:\/\/fadeu.urantiacos.cl\/en\/2020\/11\/20\/pastoral-uc-inicia-campana-de-cenas-de-navidad-y-lo-contador-retoma-las-misas-presenciales\/#breadcrumb\",\"itemListElement\":[{\"@type\":\"ListItem\",\"position\":1,\"name\":\"Portada\",\"item\":\"https:\/\/fadeu.urantiacos.cl\/en\/\"},{\"@type\":\"ListItem\",\"position\":2,\"name\":\"Pastoral UC inicia Campa\u00f1a de Cenas de Navidad y Lo Contador retoma las Misas presenciales\"}]},{\"@type\":\"WebSite\",\"@id\":\"https:\/\/fadeu.urantiacos.cl\/en\/#website\",\"url\":\"https:\/\/fadeu.urantiacos.cl\/en\/\",\"name\":\"Facultad de Arquitectura, Dise\u00f1o y Estudios Urbanos\",\"description\":\"Campus Lo Contador\",\"potentialAction\":[{\"@type\":\"SearchAction\",\"target\":{\"@type\":\"EntryPoint\",\"urlTemplate\":\"https:\/\/fadeu.urantiacos.cl\/en\/?s={search_term_string}\"},\"query-input\":{\"@type\":\"PropertyValueSpecification\",\"valueRequired\":true,\"valueName\":\"search_term_string\"}}],\"inLanguage\":\"en-US\"},{\"@type\":\"Person\",\"@id\":\"https:\/\/fadeu.urantiacos.cl\/en\/#\/schema\/person\/d203e2e84b1c40275eac77b3061a19a2\",\"name\":\"manadmin\",\"image\":{\"@type\":\"ImageObject\",\"inLanguage\":\"en-US\",\"@id\":\"https:\/\/fadeu.urantiacos.cl\/en\/#\/schema\/person\/image\/\",\"url\":\"https:\/\/secure.gravatar.com\/avatar\/4b1d8e3303b4a9d8968ac578947d8bc80d9aea359f388cdd4aac15cadc0e8447?s=96&d=mm&r=g\",\"contentUrl\":\"https:\/\/secure.gravatar.com\/avatar\/4b1d8e3303b4a9d8968ac578947d8bc80d9aea359f388cdd4aac15cadc0e8447?s=96&d=mm&r=g\",\"caption\":\"manadmin\"},\"sameAs\":[\"https:\/\/fadeu.urantiacos.cl\"]}]}<\/script>\n<!-- \/ Yoast SEO plugin. -->","yoast_head_json":{"title":"Pastoral UC inicia Campa\u00f1a de Cenas de Navidad y Lo Contador retoma las Misas presenciales - Facultad de Arquitectura, Dise\u00f1o y Estudios Urbanos","description":"Se ha iniciado la campa\u00f1a de recolecci\u00f3n de donaciones para las Cenas de Navidad para funcionarios externos, con el objetivo de celebrar el nacimiento de Jes\u00fas en familia y con comunidad UC. Esta iniciativa pretende fomentar el sentido de comunidad, otorgando una cena que retribuya el trabajo realizado por el personal, para que puedan compartir junto a su familia.","robots":{"index":"index","follow":"follow","max-snippet":"max-snippet:-1","max-image-preview":"max-image-preview:large","max-video-preview":"max-video-preview:-1"},"canonical":"https:\/\/fadeu.urantiacos.cl\/en\/2020\/11\/20\/pastoral-uc-inicia-campana-de-cenas-de-navidad-y-lo-contador-retoma-las-misas-presenciales\/","og_locale":"en_US","og_type":"article","og_title":"Pastoral UC inicia Campa\u00f1a de Cenas de Navidad y Lo Contador retoma las Misas presenciales - Facultad de Arquitectura, Dise\u00f1o y Estudios Urbanos","og_description":"Se ha iniciado la campa\u00f1a de recolecci\u00f3n de donaciones para las Cenas de Navidad para funcionarios externos, con el objetivo de celebrar el nacimiento de Jes\u00fas en familia y con comunidad UC. Esta iniciativa pretende fomentar el sentido de comunidad, otorgando una cena que retribuya el trabajo realizado por el personal, para que puedan compartir junto a su familia.","og_url":"https:\/\/fadeu.urantiacos.cl\/en\/2020\/11\/20\/pastoral-uc-inicia-campana-de-cenas-de-navidad-y-lo-contador-retoma-las-misas-presenciales\/","og_site_name":"Facultad de Arquitectura, Dise\u00f1o y Estudios Urbanos","article_published_time":"2020-11-20T20:03:00+00:00","article_modified_time":"2023-09-09T20:05:26+00:00","og_image":[{"width":350,"height":250,"url":"https:\/\/fadeu.urantiacos.cl\/wp-content\/uploads\/2023\/09\/navidad_web_2020.jpg","type":"image\/jpeg"}],"author":"manadmin","twitter_card":"summary_large_image","twitter_misc":{"Written by":"manadmin","Est. reading time":"1 minute"},"schema":{"@context":"https:\/\/schema.org","@graph":[{"@type":"Article","@id":"https:\/\/fadeu.urantiacos.cl\/en\/2020\/11\/20\/pastoral-uc-inicia-campana-de-cenas-de-navidad-y-lo-contador-retoma-las-misas-presenciales\/#article","isPartOf":{"@id":"https:\/\/fadeu.urantiacos.cl\/en\/2020\/11\/20\/pastoral-uc-inicia-campana-de-cenas-de-navidad-y-lo-contador-retoma-las-misas-presenciales\/"},"author":{"name":"manadmin","@id":"https:\/\/fadeu.urantiacos.cl\/en\/#\/schema\/person\/d203e2e84b1c40275eac77b3061a19a2"},"headline":"Pastoral UC inicia Campa\u00f1a de Cenas de Navidad y Lo Contador retoma las Misas presenciales","datePublished":"2020-11-20T20:03:00+00:00","dateModified":"2023-09-09T20:05:26+00:00","mainEntityOfPage":{"@id":"https:\/\/fadeu.urantiacos.cl\/en\/2020\/11\/20\/pastoral-uc-inicia-campana-de-cenas-de-navidad-y-lo-contador-retoma-las-misas-presenciales\/"},"wordCount":305,"commentCount":0,"image":{"@id":"https:\/\/fadeu.urantiacos.cl\/en\/2020\/11\/20\/pastoral-uc-inicia-campana-de-cenas-de-navidad-y-lo-contador-retoma-las-misas-presenciales\/#primaryimage"},"thumbnailUrl":"https:\/\/fadeu.urantiacos.cl\/wp-content\/uploads\/2023\/09\/navidad_web_2020.jpg","articleSection":["Sin categorizar"],"inLanguage":"en-US","potentialAction":[{"@type":"CommentAction","name":"Comment","target":["https:\/\/fadeu.urantiacos.cl\/en\/2020\/11\/20\/pastoral-uc-inicia-campana-de-cenas-de-navidad-y-lo-contador-retoma-las-misas-presenciales\/#respond"]}]},{"@type":"WebPage","@id":"https:\/\/fadeu.urantiacos.cl\/en\/2020\/11\/20\/pastoral-uc-inicia-campana-de-cenas-de-navidad-y-lo-contador-retoma-las-misas-presenciales\/","url":"https:\/\/fadeu.urantiacos.cl\/en\/2020\/11\/20\/pastoral-uc-inicia-campana-de-cenas-de-navidad-y-lo-contador-retoma-las-misas-presenciales\/","name":"Pastoral UC inicia Campa\u00f1a de Cenas de Navidad y Lo Contador retoma las Misas presenciales - Facultad de Arquitectura, Dise\u00f1o y Estudios Urbanos","isPartOf":{"@id":"https:\/\/fadeu.urantiacos.cl\/en\/#website"},"primaryImageOfPage":{"@id":"https:\/\/fadeu.urantiacos.cl\/en\/2020\/11\/20\/pastoral-uc-inicia-campana-de-cenas-de-navidad-y-lo-contador-retoma-las-misas-presenciales\/#primaryimage"},"image":{"@id":"https:\/\/fadeu.urantiacos.cl\/en\/2020\/11\/20\/pastoral-uc-inicia-campana-de-cenas-de-navidad-y-lo-contador-retoma-las-misas-presenciales\/#primaryimage"},"thumbnailUrl":"https:\/\/fadeu.urantiacos.cl\/wp-content\/uploads\/2023\/09\/navidad_web_2020.jpg","datePublished":"2020-11-20T20:03:00+00:00","dateModified":"2023-09-09T20:05:26+00:00","author":{"@id":"https:\/\/fadeu.urantiacos.cl\/en\/#\/schema\/person\/d203e2e84b1c40275eac77b3061a19a2"},"description":"Se ha iniciado la campa\u00f1a de recolecci\u00f3n de donaciones para las Cenas de Navidad para funcionarios externos, con el objetivo de celebrar el nacimiento de Jes\u00fas en familia y con comunidad UC. Esta iniciativa pretende fomentar el sentido de comunidad, otorgando una cena que retribuya el trabajo realizado por el personal, para que puedan compartir junto a su familia.","breadcrumb":{"@id":"https:\/\/fadeu.urantiacos.cl\/en\/2020\/11\/20\/pastoral-uc-inicia-campana-de-cenas-de-navidad-y-lo-contador-retoma-las-misas-presenciales\/#breadcrumb"},"inLanguage":"en-US","potentialAction":[{"@type":"ReadAction","target":["https:\/\/fadeu.urantiacos.cl\/en\/2020\/11\/20\/pastoral-uc-inicia-campana-de-cenas-de-navidad-y-lo-contador-retoma-las-misas-presenciales\/"]}]},{"@type":"ImageObject","inLanguage":"en-US","@id":"https:\/\/fadeu.urantiacos.cl\/en\/2020\/11\/20\/pastoral-uc-inicia-campana-de-cenas-de-navidad-y-lo-contador-retoma-las-misas-presenciales\/#primaryimage","url":"https:\/\/fadeu.urantiacos.cl\/wp-content\/uploads\/2023\/09\/navidad_web_2020.jpg","contentUrl":"https:\/\/fadeu.urantiacos.cl\/wp-content\/uploads\/2023\/09\/navidad_web_2020.jpg","width":350,"height":250},{"@type":"BreadcrumbList","@id":"https:\/\/fadeu.urantiacos.cl\/en\/2020\/11\/20\/pastoral-uc-inicia-campana-de-cenas-de-navidad-y-lo-contador-retoma-las-misas-presenciales\/#breadcrumb","itemListElement":[{"@type":"ListItem","position":1,"name":"Portada","item":"https:\/\/fadeu.urantiacos.cl\/en\/"},{"@type":"ListItem","position":2,"name":"Pastoral UC inicia Campa\u00f1a de Cenas de Navidad y Lo Contador retoma las Misas presenciales"}]},{"@type":"WebSite","@id":"https:\/\/fadeu.urantiacos.cl\/en\/#website","url":"https:\/\/fadeu.urantiacos.cl\/en\/","name":"Facultad de Arquitectura, Dise\u00f1o y Estudios Urbanos","description":"Campus Lo Contador","potentialAction":[{"@type":"SearchAction","target":{"@type":"EntryPoint","urlTemplate":"https:\/\/fadeu.urantiacos.cl\/en\/?s={search_term_string}"},"query-input":{"@type":"PropertyValueSpecification","valueRequired":true,"valueName":"search_term_string"}}],"inLanguage":"en-US"},{"@type":"Person","@id":"https:\/\/fadeu.urantiacos.cl\/en\/#\/schema\/person\/d203e2e84b1c40275eac77b3061a19a2","name":"manadmin","image":{"@type":"ImageObject","inLanguage":"en-US","@id":"https:\/\/fadeu.urantiacos.cl\/en\/#\/schema\/person\/image\/","url":"https:\/\/secure.gravatar.com\/avatar\/4b1d8e3303b4a9d8968ac578947d8bc80d9aea359f388cdd4aac15cadc0e8447?s=96&d=mm&r=g","contentUrl":"https:\/\/secure.gravatar.com\/avatar\/4b1d8e3303b4a9d8968ac578947d8bc80d9aea359f388cdd4aac15cadc0e8447?s=96&d=mm&r=g","caption":"manadmin"},"sameAs":["https:\/\/fadeu.urantiacos.cl"]}]}},"_links":{"self":[{"href":"https:\/\/fadeu.urantiacos.cl\/en\/wp-json\/wp\/v2\/posts\/7843","targetHints":{"allow":["GET"]}}],"collection":[{"href":"https:\/\/fadeu.urantiacos.cl\/en\/wp-json\/wp\/v2\/posts"}],"about":[{"href":"https:\/\/fadeu.urantiacos.cl\/en\/wp-json\/wp\/v2\/types\/post"}],"author":[{"embeddable":true,"href":"https:\/\/fadeu.urantiacos.cl\/en\/wp-json\/wp\/v2\/users\/1"}],"replies":[{"embeddable":true,"href":"https:\/\/fadeu.urantiacos.cl\/en\/wp-json\/wp\/v2\/comments?post=7843"}],"version-history":[{"count":1,"href":"https:\/\/fadeu.urantiacos.cl\/en\/wp-json\/wp\/v2\/posts\/7843\/revisions"}],"predecessor-version":[{"id":7847,"href":"https:\/\/fadeu.urantiacos.cl\/en\/wp-json\/wp\/v2\/posts\/7843\/revisions\/7847"}],"wp:featuredmedia":[{"embeddable":true,"href":"https:\/\/fadeu.urantiacos.cl\/en\/wp-json\/wp\/v2\/media\/7845"}],"wp:attachment":[{"href":"https:\/\/fadeu.urantiacos.cl\/en\/wp-json\/wp\/v2\/media?parent=7843"}],"wp:term":[{"taxonomy":"category","embeddable":true,"href":"https:\/\/fadeu.urantiacos.cl\/en\/wp-json\/wp\/v2\/categories?post=7843"},{"taxonomy":"post_tag","embeddable":true,"href":"https:\/\/fadeu.urantiacos.cl\/en\/wp-json\/wp\/v2\/tags?post=7843"}],"curies":[{"name":"wp","href":"https:\/\/api.w.org\/{rel}","templated":true}]}}