{"id":7840,"date":"2020-11-23T17:01:00","date_gmt":"2020-11-23T20:01:00","guid":{"rendered":"https:\/\/fadeu.urantiacos.cl\/?p=7840"},"modified":"2023-09-09T17:02:59","modified_gmt":"2023-09-09T20:02:59","slug":"obra-de-fernando-perez-junto-a-jose-quintanilla-recibe-el-primer-lugar-en-el-premio-arquitectura-del-ladrillo","status":"publish","type":"post","link":"https:\/\/fadeu.urantiacos.cl\/en\/2020\/11\/23\/obra-de-fernando-perez-junto-a-jose-quintanilla-recibe-el-primer-lugar-en-el-premio-arquitectura-del-ladrillo\/","title":{"rendered":"Obra de Fernando P\u00e9rez junto a Jos\u00e9 Quintanilla recibe el primer lugar en el Premio Arquitectura del Ladrillo"},"content":{"rendered":"\n<figure class=\"wp-block-image size-full\"><img decoding=\"async\" width=\"350\" height=\"250\" src=\"https:\/\/fadeu.urantiacos.cl\/wp-content\/uploads\/2023\/09\/centro_extension_uc_campus_oriente.jpg\" alt=\"\" class=\"wp-image-7841\" srcset=\"https:\/\/fadeu.urantiacos.cl\/wp-content\/uploads\/2023\/09\/centro_extension_uc_campus_oriente.jpg 350w, https:\/\/fadeu.urantiacos.cl\/wp-content\/uploads\/2023\/09\/centro_extension_uc_campus_oriente-300x214.jpg 300w\" sizes=\"(max-width: 350px) 100vw, 350px\" \/><\/figure>\n\n\n\n<p>El galard\u00f3n destac\u00f3 el edificio fachada y el patio cubierto desarrollados para el Centro de Extensi\u00f3n Oriente, intervenciones que deb\u00edan coexistir con una construcci\u00f3n de estilo neo-rom\u00e1nica de los a\u00f1os 30. De esta manera, el proyecto no s\u00f3lo busc\u00f3 una conexi\u00f3n a trav\u00e9s de su materialidad, sino tambi\u00e9n a trav\u00e9s de la correlaci\u00f3n de proporciones y medidas que buscaban la resonancia entre lo nuevo y lo viejo.<\/p>\n\n\n\n<p><strong>Sobre el premio<\/strong><\/p>\n\n\n\n<p><br>El Premio Arquitectura del Ladrillo es un reconocimiento \u2014de convocatoria bianual\u2014, promovido por la compa\u00f1\u00eda Cer\u00e1mica Santiago a trav\u00e9s de un convenio de colaboraci\u00f3n con la Facultad de Arquitectura de la Universidad del Desarrollo, y tiene por objetivo reconocer y fomentar el uso del ladrillo a la vista como un recurso que entrega valor a la obra arquitect\u00f3nica. Junto con destacar a los mejores exponentes de arquitectura nacional en esta materia, busca tambi\u00e9n posicionar el uso del ladrillo, explorando y fomentando nuevas posibilidades de aplicaci\u00f3n y uso. La convocatoria 2020 se realiz\u00f3 entre el 01 de septiembre y el 16 de octubre, para luego abrir la votaci\u00f3n al p\u00fablico a trav\u00e9s de la&nbsp;<a href=\"https:\/\/premioarquitecturadeladrillo.cl\/inicio\/\" target=\"_blank\" rel=\"noreferrer noopener\">p\u00e1gina web del premio<\/a>, resultado que ser\u00eda equivalente a un voto del jurado.<\/p>\n\n\n\n<p>Ver la ficha del proyecto ganador en el siguiente&nbsp;<a href=\"https:\/\/premioarquitecturadeladrillo.cl\/php_assets\/uploads\/2020\/10\/Ficha-Obra-Edificio-fachada-y-patio-cubierto-en-el-Campus-Oriente-de-la-PUC-nuevo-centro-de-extension-oriente-.pdf\" target=\"_blank\" rel=\"noreferrer noopener\">link<\/a><br>Ver m\u00e1s sobre los premiados en el siguiente&nbsp;<a href=\"https:\/\/premioarquitecturadeladrillo.cl\/\">link<\/a><br>Ver la ceremonia de premiaci\u00f3n en el siguiente&nbsp;<a href=\"https:\/\/arquitectura.udd.cl\/ganadores-premio-arquitectura-del-ladrillo-2020\/\">link<\/a>&nbsp;<\/p>\n\n\n\n<p>Noticias<br>Contacto:&nbsp;<a href=\"mailto:redesarq@uc.cl\">redesarq@uc.cl<\/a>&nbsp;| +56 2 2354 7747<br>www.arquitectura.uc.cl<\/p>\n","protected":false},"excerpt":{"rendered":"<p>El Centro de Extensi\u00f3n de Campus Oriente, de los profesores ARQ UC Fernando P\u00e9rez y Jos\u00e9 Quintanilla, se adjudic\u00f3 el primer lugar en la edici\u00f3n 2020 del certamen que premia a la &#8220;mejor obra&#8221; construida en ladrillo, reconocimiento que comparti\u00f3 con el Edificio Lyon de los arquitectos Raimundo Lira (UCV) y Jos\u00e9 Domingo Pe\u00f1afiel (UC).<\/p>\n","protected":false},"author":1,"featured_media":7841,"comment_status":"open","ping_status":"open","sticky":false,"template":"","format":"standard","meta":{"_acf_changed":false,"footnotes":""},"categories":[1],"tags":[],"class_list":["post-7840","post","type-post","status-publish","format-standard","has-post-thumbnail","hentry","category-sin-categorizar"],"acf":[],"yoast_head":"<!-- This site is optimized with the Yoast SEO plugin v27.1.1 - https:\/\/yoast.com\/product\/yoast-seo-wordpress\/ -->\n<title>Obra de Fernando P\u00e9rez junto a Jos\u00e9 Quintanilla recibe el primer lugar en el Premio Arquitectura del Ladrillo - Facultad de Arquitectura, Dise\u00f1o y Estudios Urbanos<\/title>\n<meta name=\"description\" content=\"El Centro de Extensi\u00f3n de Campus Oriente, de los profesores ARQ UC Fernando P\u00e9rez y Jos\u00e9 Quintanilla, se adjudic\u00f3 el primer lugar en la edici\u00f3n 2020 del certamen que premia a la &quot;mejor obra&quot; construida en ladrillo, reconocimiento que comparti\u00f3 con el Edificio Lyon de los arquitectos Raimundo Lira (UCV) y Jos\u00e9 Domingo Pe\u00f1afiel (UC).\" \/>\n<meta name=\"robots\" content=\"index, follow, max-snippet:-1, max-image-preview:large, max-video-preview:-1\" \/>\n<link rel=\"canonical\" href=\"https:\/\/fadeu.urantiacos.cl\/en\/2020\/11\/23\/obra-de-fernando-perez-junto-a-jose-quintanilla-recibe-el-primer-lugar-en-el-premio-arquitectura-del-ladrillo\/\" \/>\n<meta property=\"og:locale\" content=\"en_US\" \/>\n<meta property=\"og:type\" content=\"article\" \/>\n<meta property=\"og:title\" content=\"Obra de Fernando P\u00e9rez junto a Jos\u00e9 Quintanilla recibe el primer lugar en el Premio Arquitectura del Ladrillo - Facultad de Arquitectura, Dise\u00f1o y Estudios Urbanos\" \/>\n<meta property=\"og:description\" content=\"El Centro de Extensi\u00f3n de Campus Oriente, de los profesores ARQ UC Fernando P\u00e9rez y Jos\u00e9 Quintanilla, se adjudic\u00f3 el primer lugar en la edici\u00f3n 2020 del certamen que premia a la &quot;mejor obra&quot; construida en ladrillo, reconocimiento que comparti\u00f3 con el Edificio Lyon de los arquitectos Raimundo Lira (UCV) y Jos\u00e9 Domingo Pe\u00f1afiel (UC).\" \/>\n<meta property=\"og:url\" content=\"https:\/\/fadeu.urantiacos.cl\/en\/2020\/11\/23\/obra-de-fernando-perez-junto-a-jose-quintanilla-recibe-el-primer-lugar-en-el-premio-arquitectura-del-ladrillo\/\" \/>\n<meta property=\"og:site_name\" content=\"Facultad de Arquitectura, Dise\u00f1o y Estudios Urbanos\" \/>\n<meta property=\"article:published_time\" content=\"2020-11-23T20:01:00+00:00\" \/>\n<meta property=\"article:modified_time\" content=\"2023-09-09T20:02:59+00:00\" \/>\n<meta property=\"og:image\" content=\"https:\/\/fadeu.urantiacos.cl\/wp-content\/uploads\/2023\/09\/centro_extension_uc_campus_oriente.jpg\" \/>\n\t<meta property=\"og:image:width\" content=\"350\" \/>\n\t<meta property=\"og:image:height\" content=\"250\" \/>\n\t<meta property=\"og:image:type\" content=\"image\/jpeg\" \/>\n<meta name=\"author\" content=\"manadmin\" \/>\n<meta name=\"twitter:card\" content=\"summary_large_image\" \/>\n<meta name=\"twitter:label1\" content=\"Written by\" \/>\n\t<meta name=\"twitter:data1\" content=\"manadmin\" \/>\n\t<meta name=\"twitter:label2\" content=\"Est. reading time\" \/>\n\t<meta name=\"twitter:data2\" content=\"1 minute\" \/>\n<script type=\"application\/ld+json\" class=\"yoast-schema-graph\">{\"@context\":\"https:\/\/schema.org\",\"@graph\":[{\"@type\":\"Article\",\"@id\":\"https:\/\/fadeu.urantiacos.cl\/en\/2020\/11\/23\/obra-de-fernando-perez-junto-a-jose-quintanilla-recibe-el-primer-lugar-en-el-premio-arquitectura-del-ladrillo\/#article\",\"isPartOf\":{\"@id\":\"https:\/\/fadeu.urantiacos.cl\/en\/2020\/11\/23\/obra-de-fernando-perez-junto-a-jose-quintanilla-recibe-el-primer-lugar-en-el-premio-arquitectura-del-ladrillo\/\"},\"author\":{\"name\":\"manadmin\",\"@id\":\"https:\/\/fadeu.urantiacos.cl\/en\/#\/schema\/person\/d203e2e84b1c40275eac77b3061a19a2\"},\"headline\":\"Obra de Fernando P\u00e9rez junto a Jos\u00e9 Quintanilla recibe el primer lugar en el Premio Arquitectura del Ladrillo\",\"datePublished\":\"2020-11-23T20:01:00+00:00\",\"dateModified\":\"2023-09-09T20:02:59+00:00\",\"mainEntityOfPage\":{\"@id\":\"https:\/\/fadeu.urantiacos.cl\/en\/2020\/11\/23\/obra-de-fernando-perez-junto-a-jose-quintanilla-recibe-el-primer-lugar-en-el-premio-arquitectura-del-ladrillo\/\"},\"wordCount\":280,\"commentCount\":0,\"image\":{\"@id\":\"https:\/\/fadeu.urantiacos.cl\/en\/2020\/11\/23\/obra-de-fernando-perez-junto-a-jose-quintanilla-recibe-el-primer-lugar-en-el-premio-arquitectura-del-ladrillo\/#primaryimage\"},\"thumbnailUrl\":\"https:\/\/fadeu.urantiacos.cl\/wp-content\/uploads\/2023\/09\/centro_extension_uc_campus_oriente.jpg\",\"articleSection\":[\"Sin categorizar\"],\"inLanguage\":\"en-US\",\"potentialAction\":[{\"@type\":\"CommentAction\",\"name\":\"Comment\",\"target\":[\"https:\/\/fadeu.urantiacos.cl\/en\/2020\/11\/23\/obra-de-fernando-perez-junto-a-jose-quintanilla-recibe-el-primer-lugar-en-el-premio-arquitectura-del-ladrillo\/#respond\"]}]},{\"@type\":\"WebPage\",\"@id\":\"https:\/\/fadeu.urantiacos.cl\/en\/2020\/11\/23\/obra-de-fernando-perez-junto-a-jose-quintanilla-recibe-el-primer-lugar-en-el-premio-arquitectura-del-ladrillo\/\",\"url\":\"https:\/\/fadeu.urantiacos.cl\/en\/2020\/11\/23\/obra-de-fernando-perez-junto-a-jose-quintanilla-recibe-el-primer-lugar-en-el-premio-arquitectura-del-ladrillo\/\",\"name\":\"Obra de Fernando P\u00e9rez junto a Jos\u00e9 Quintanilla recibe el primer lugar en el Premio Arquitectura del Ladrillo - Facultad de Arquitectura, Dise\u00f1o y Estudios Urbanos\",\"isPartOf\":{\"@id\":\"https:\/\/fadeu.urantiacos.cl\/en\/#website\"},\"primaryImageOfPage\":{\"@id\":\"https:\/\/fadeu.urantiacos.cl\/en\/2020\/11\/23\/obra-de-fernando-perez-junto-a-jose-quintanilla-recibe-el-primer-lugar-en-el-premio-arquitectura-del-ladrillo\/#primaryimage\"},\"image\":{\"@id\":\"https:\/\/fadeu.urantiacos.cl\/en\/2020\/11\/23\/obra-de-fernando-perez-junto-a-jose-quintanilla-recibe-el-primer-lugar-en-el-premio-arquitectura-del-ladrillo\/#primaryimage\"},\"thumbnailUrl\":\"https:\/\/fadeu.urantiacos.cl\/wp-content\/uploads\/2023\/09\/centro_extension_uc_campus_oriente.jpg\",\"datePublished\":\"2020-11-23T20:01:00+00:00\",\"dateModified\":\"2023-09-09T20:02:59+00:00\",\"author\":{\"@id\":\"https:\/\/fadeu.urantiacos.cl\/en\/#\/schema\/person\/d203e2e84b1c40275eac77b3061a19a2\"},\"description\":\"El Centro de Extensi\u00f3n de Campus Oriente, de los profesores ARQ UC Fernando P\u00e9rez y Jos\u00e9 Quintanilla, se adjudic\u00f3 el primer lugar en la edici\u00f3n 2020 del certamen que premia a la \\\"mejor obra\\\" construida en ladrillo, reconocimiento que comparti\u00f3 con el Edificio Lyon de los arquitectos Raimundo Lira (UCV) y Jos\u00e9 Domingo Pe\u00f1afiel (UC).\",\"breadcrumb\":{\"@id\":\"https:\/\/fadeu.urantiacos.cl\/en\/2020\/11\/23\/obra-de-fernando-perez-junto-a-jose-quintanilla-recibe-el-primer-lugar-en-el-premio-arquitectura-del-ladrillo\/#breadcrumb\"},\"inLanguage\":\"en-US\",\"potentialAction\":[{\"@type\":\"ReadAction\",\"target\":[\"https:\/\/fadeu.urantiacos.cl\/en\/2020\/11\/23\/obra-de-fernando-perez-junto-a-jose-quintanilla-recibe-el-primer-lugar-en-el-premio-arquitectura-del-ladrillo\/\"]}]},{\"@type\":\"ImageObject\",\"inLanguage\":\"en-US\",\"@id\":\"https:\/\/fadeu.urantiacos.cl\/en\/2020\/11\/23\/obra-de-fernando-perez-junto-a-jose-quintanilla-recibe-el-primer-lugar-en-el-premio-arquitectura-del-ladrillo\/#primaryimage\",\"url\":\"https:\/\/fadeu.urantiacos.cl\/wp-content\/uploads\/2023\/09\/centro_extension_uc_campus_oriente.jpg\",\"contentUrl\":\"https:\/\/fadeu.urantiacos.cl\/wp-content\/uploads\/2023\/09\/centro_extension_uc_campus_oriente.jpg\",\"width\":350,\"height\":250},{\"@type\":\"BreadcrumbList\",\"@id\":\"https:\/\/fadeu.urantiacos.cl\/en\/2020\/11\/23\/obra-de-fernando-perez-junto-a-jose-quintanilla-recibe-el-primer-lugar-en-el-premio-arquitectura-del-ladrillo\/#breadcrumb\",\"itemListElement\":[{\"@type\":\"ListItem\",\"position\":1,\"name\":\"Portada\",\"item\":\"https:\/\/fadeu.urantiacos.cl\/en\/\"},{\"@type\":\"ListItem\",\"position\":2,\"name\":\"Obra de Fernando P\u00e9rez junto a Jos\u00e9 Quintanilla recibe el primer lugar en el Premio Arquitectura del Ladrillo\"}]},{\"@type\":\"WebSite\",\"@id\":\"https:\/\/fadeu.urantiacos.cl\/en\/#website\",\"url\":\"https:\/\/fadeu.urantiacos.cl\/en\/\",\"name\":\"Facultad de Arquitectura, Dise\u00f1o y Estudios Urbanos\",\"description\":\"Campus Lo Contador\",\"potentialAction\":[{\"@type\":\"SearchAction\",\"target\":{\"@type\":\"EntryPoint\",\"urlTemplate\":\"https:\/\/fadeu.urantiacos.cl\/en\/?s={search_term_string}\"},\"query-input\":{\"@type\":\"PropertyValueSpecification\",\"valueRequired\":true,\"valueName\":\"search_term_string\"}}],\"inLanguage\":\"en-US\"},{\"@type\":\"Person\",\"@id\":\"https:\/\/fadeu.urantiacos.cl\/en\/#\/schema\/person\/d203e2e84b1c40275eac77b3061a19a2\",\"name\":\"manadmin\",\"image\":{\"@type\":\"ImageObject\",\"inLanguage\":\"en-US\",\"@id\":\"https:\/\/fadeu.urantiacos.cl\/en\/#\/schema\/person\/image\/\",\"url\":\"https:\/\/secure.gravatar.com\/avatar\/4b1d8e3303b4a9d8968ac578947d8bc80d9aea359f388cdd4aac15cadc0e8447?s=96&d=mm&r=g\",\"contentUrl\":\"https:\/\/secure.gravatar.com\/avatar\/4b1d8e3303b4a9d8968ac578947d8bc80d9aea359f388cdd4aac15cadc0e8447?s=96&d=mm&r=g\",\"caption\":\"manadmin\"},\"sameAs\":[\"https:\/\/fadeu.urantiacos.cl\"]}]}<\/script>\n<!-- \/ Yoast SEO plugin. -->","yoast_head_json":{"title":"Obra de Fernando P\u00e9rez junto a Jos\u00e9 Quintanilla recibe el primer lugar en el Premio Arquitectura del Ladrillo - Facultad de Arquitectura, Dise\u00f1o y Estudios Urbanos","description":"El Centro de Extensi\u00f3n de Campus Oriente, de los profesores ARQ UC Fernando P\u00e9rez y Jos\u00e9 Quintanilla, se adjudic\u00f3 el primer lugar en la edici\u00f3n 2020 del certamen que premia a la \"mejor obra\" construida en ladrillo, reconocimiento que comparti\u00f3 con el Edificio Lyon de los arquitectos Raimundo Lira (UCV) y Jos\u00e9 Domingo Pe\u00f1afiel (UC).","robots":{"index":"index","follow":"follow","max-snippet":"max-snippet:-1","max-image-preview":"max-image-preview:large","max-video-preview":"max-video-preview:-1"},"canonical":"https:\/\/fadeu.urantiacos.cl\/en\/2020\/11\/23\/obra-de-fernando-perez-junto-a-jose-quintanilla-recibe-el-primer-lugar-en-el-premio-arquitectura-del-ladrillo\/","og_locale":"en_US","og_type":"article","og_title":"Obra de Fernando P\u00e9rez junto a Jos\u00e9 Quintanilla recibe el primer lugar en el Premio Arquitectura del Ladrillo - Facultad de Arquitectura, Dise\u00f1o y Estudios Urbanos","og_description":"El Centro de Extensi\u00f3n de Campus Oriente, de los profesores ARQ UC Fernando P\u00e9rez y Jos\u00e9 Quintanilla, se adjudic\u00f3 el primer lugar en la edici\u00f3n 2020 del certamen que premia a la \"mejor obra\" construida en ladrillo, reconocimiento que comparti\u00f3 con el Edificio Lyon de los arquitectos Raimundo Lira (UCV) y Jos\u00e9 Domingo Pe\u00f1afiel (UC).","og_url":"https:\/\/fadeu.urantiacos.cl\/en\/2020\/11\/23\/obra-de-fernando-perez-junto-a-jose-quintanilla-recibe-el-primer-lugar-en-el-premio-arquitectura-del-ladrillo\/","og_site_name":"Facultad de Arquitectura, Dise\u00f1o y Estudios Urbanos","article_published_time":"2020-11-23T20:01:00+00:00","article_modified_time":"2023-09-09T20:02:59+00:00","og_image":[{"width":350,"height":250,"url":"https:\/\/fadeu.urantiacos.cl\/wp-content\/uploads\/2023\/09\/centro_extension_uc_campus_oriente.jpg","type":"image\/jpeg"}],"author":"manadmin","twitter_card":"summary_large_image","twitter_misc":{"Written by":"manadmin","Est. reading time":"1 minute"},"schema":{"@context":"https:\/\/schema.org","@graph":[{"@type":"Article","@id":"https:\/\/fadeu.urantiacos.cl\/en\/2020\/11\/23\/obra-de-fernando-perez-junto-a-jose-quintanilla-recibe-el-primer-lugar-en-el-premio-arquitectura-del-ladrillo\/#article","isPartOf":{"@id":"https:\/\/fadeu.urantiacos.cl\/en\/2020\/11\/23\/obra-de-fernando-perez-junto-a-jose-quintanilla-recibe-el-primer-lugar-en-el-premio-arquitectura-del-ladrillo\/"},"author":{"name":"manadmin","@id":"https:\/\/fadeu.urantiacos.cl\/en\/#\/schema\/person\/d203e2e84b1c40275eac77b3061a19a2"},"headline":"Obra de Fernando P\u00e9rez junto a Jos\u00e9 Quintanilla recibe el primer lugar en el Premio Arquitectura del Ladrillo","datePublished":"2020-11-23T20:01:00+00:00","dateModified":"2023-09-09T20:02:59+00:00","mainEntityOfPage":{"@id":"https:\/\/fadeu.urantiacos.cl\/en\/2020\/11\/23\/obra-de-fernando-perez-junto-a-jose-quintanilla-recibe-el-primer-lugar-en-el-premio-arquitectura-del-ladrillo\/"},"wordCount":280,"commentCount":0,"image":{"@id":"https:\/\/fadeu.urantiacos.cl\/en\/2020\/11\/23\/obra-de-fernando-perez-junto-a-jose-quintanilla-recibe-el-primer-lugar-en-el-premio-arquitectura-del-ladrillo\/#primaryimage"},"thumbnailUrl":"https:\/\/fadeu.urantiacos.cl\/wp-content\/uploads\/2023\/09\/centro_extension_uc_campus_oriente.jpg","articleSection":["Sin categorizar"],"inLanguage":"en-US","potentialAction":[{"@type":"CommentAction","name":"Comment","target":["https:\/\/fadeu.urantiacos.cl\/en\/2020\/11\/23\/obra-de-fernando-perez-junto-a-jose-quintanilla-recibe-el-primer-lugar-en-el-premio-arquitectura-del-ladrillo\/#respond"]}]},{"@type":"WebPage","@id":"https:\/\/fadeu.urantiacos.cl\/en\/2020\/11\/23\/obra-de-fernando-perez-junto-a-jose-quintanilla-recibe-el-primer-lugar-en-el-premio-arquitectura-del-ladrillo\/","url":"https:\/\/fadeu.urantiacos.cl\/en\/2020\/11\/23\/obra-de-fernando-perez-junto-a-jose-quintanilla-recibe-el-primer-lugar-en-el-premio-arquitectura-del-ladrillo\/","name":"Obra de Fernando P\u00e9rez junto a Jos\u00e9 Quintanilla recibe el primer lugar en el Premio Arquitectura del Ladrillo - Facultad de Arquitectura, Dise\u00f1o y Estudios Urbanos","isPartOf":{"@id":"https:\/\/fadeu.urantiacos.cl\/en\/#website"},"primaryImageOfPage":{"@id":"https:\/\/fadeu.urantiacos.cl\/en\/2020\/11\/23\/obra-de-fernando-perez-junto-a-jose-quintanilla-recibe-el-primer-lugar-en-el-premio-arquitectura-del-ladrillo\/#primaryimage"},"image":{"@id":"https:\/\/fadeu.urantiacos.cl\/en\/2020\/11\/23\/obra-de-fernando-perez-junto-a-jose-quintanilla-recibe-el-primer-lugar-en-el-premio-arquitectura-del-ladrillo\/#primaryimage"},"thumbnailUrl":"https:\/\/fadeu.urantiacos.cl\/wp-content\/uploads\/2023\/09\/centro_extension_uc_campus_oriente.jpg","datePublished":"2020-11-23T20:01:00+00:00","dateModified":"2023-09-09T20:02:59+00:00","author":{"@id":"https:\/\/fadeu.urantiacos.cl\/en\/#\/schema\/person\/d203e2e84b1c40275eac77b3061a19a2"},"description":"El Centro de Extensi\u00f3n de Campus Oriente, de los profesores ARQ UC Fernando P\u00e9rez y Jos\u00e9 Quintanilla, se adjudic\u00f3 el primer lugar en la edici\u00f3n 2020 del certamen que premia a la \"mejor obra\" construida en ladrillo, reconocimiento que comparti\u00f3 con el Edificio Lyon de los arquitectos Raimundo Lira (UCV) y Jos\u00e9 Domingo Pe\u00f1afiel (UC).","breadcrumb":{"@id":"https:\/\/fadeu.urantiacos.cl\/en\/2020\/11\/23\/obra-de-fernando-perez-junto-a-jose-quintanilla-recibe-el-primer-lugar-en-el-premio-arquitectura-del-ladrillo\/#breadcrumb"},"inLanguage":"en-US","potentialAction":[{"@type":"ReadAction","target":["https:\/\/fadeu.urantiacos.cl\/en\/2020\/11\/23\/obra-de-fernando-perez-junto-a-jose-quintanilla-recibe-el-primer-lugar-en-el-premio-arquitectura-del-ladrillo\/"]}]},{"@type":"ImageObject","inLanguage":"en-US","@id":"https:\/\/fadeu.urantiacos.cl\/en\/2020\/11\/23\/obra-de-fernando-perez-junto-a-jose-quintanilla-recibe-el-primer-lugar-en-el-premio-arquitectura-del-ladrillo\/#primaryimage","url":"https:\/\/fadeu.urantiacos.cl\/wp-content\/uploads\/2023\/09\/centro_extension_uc_campus_oriente.jpg","contentUrl":"https:\/\/fadeu.urantiacos.cl\/wp-content\/uploads\/2023\/09\/centro_extension_uc_campus_oriente.jpg","width":350,"height":250},{"@type":"BreadcrumbList","@id":"https:\/\/fadeu.urantiacos.cl\/en\/2020\/11\/23\/obra-de-fernando-perez-junto-a-jose-quintanilla-recibe-el-primer-lugar-en-el-premio-arquitectura-del-ladrillo\/#breadcrumb","itemListElement":[{"@type":"ListItem","position":1,"name":"Portada","item":"https:\/\/fadeu.urantiacos.cl\/en\/"},{"@type":"ListItem","position":2,"name":"Obra de Fernando P\u00e9rez junto a Jos\u00e9 Quintanilla recibe el primer lugar en el Premio Arquitectura del Ladrillo"}]},{"@type":"WebSite","@id":"https:\/\/fadeu.urantiacos.cl\/en\/#website","url":"https:\/\/fadeu.urantiacos.cl\/en\/","name":"Facultad de Arquitectura, Dise\u00f1o y Estudios Urbanos","description":"Campus Lo Contador","potentialAction":[{"@type":"SearchAction","target":{"@type":"EntryPoint","urlTemplate":"https:\/\/fadeu.urantiacos.cl\/en\/?s={search_term_string}"},"query-input":{"@type":"PropertyValueSpecification","valueRequired":true,"valueName":"search_term_string"}}],"inLanguage":"en-US"},{"@type":"Person","@id":"https:\/\/fadeu.urantiacos.cl\/en\/#\/schema\/person\/d203e2e84b1c40275eac77b3061a19a2","name":"manadmin","image":{"@type":"ImageObject","inLanguage":"en-US","@id":"https:\/\/fadeu.urantiacos.cl\/en\/#\/schema\/person\/image\/","url":"https:\/\/secure.gravatar.com\/avatar\/4b1d8e3303b4a9d8968ac578947d8bc80d9aea359f388cdd4aac15cadc0e8447?s=96&d=mm&r=g","contentUrl":"https:\/\/secure.gravatar.com\/avatar\/4b1d8e3303b4a9d8968ac578947d8bc80d9aea359f388cdd4aac15cadc0e8447?s=96&d=mm&r=g","caption":"manadmin"},"sameAs":["https:\/\/fadeu.urantiacos.cl"]}]}},"_links":{"self":[{"href":"https:\/\/fadeu.urantiacos.cl\/en\/wp-json\/wp\/v2\/posts\/7840","targetHints":{"allow":["GET"]}}],"collection":[{"href":"https:\/\/fadeu.urantiacos.cl\/en\/wp-json\/wp\/v2\/posts"}],"about":[{"href":"https:\/\/fadeu.urantiacos.cl\/en\/wp-json\/wp\/v2\/types\/post"}],"author":[{"embeddable":true,"href":"https:\/\/fadeu.urantiacos.cl\/en\/wp-json\/wp\/v2\/users\/1"}],"replies":[{"embeddable":true,"href":"https:\/\/fadeu.urantiacos.cl\/en\/wp-json\/wp\/v2\/comments?post=7840"}],"version-history":[{"count":1,"href":"https:\/\/fadeu.urantiacos.cl\/en\/wp-json\/wp\/v2\/posts\/7840\/revisions"}],"predecessor-version":[{"id":7842,"href":"https:\/\/fadeu.urantiacos.cl\/en\/wp-json\/wp\/v2\/posts\/7840\/revisions\/7842"}],"wp:featuredmedia":[{"embeddable":true,"href":"https:\/\/fadeu.urantiacos.cl\/en\/wp-json\/wp\/v2\/media\/7841"}],"wp:attachment":[{"href":"https:\/\/fadeu.urantiacos.cl\/en\/wp-json\/wp\/v2\/media?parent=7840"}],"wp:term":[{"taxonomy":"category","embeddable":true,"href":"https:\/\/fadeu.urantiacos.cl\/en\/wp-json\/wp\/v2\/categories?post=7840"},{"taxonomy":"post_tag","embeddable":true,"href":"https:\/\/fadeu.urantiacos.cl\/en\/wp-json\/wp\/v2\/tags?post=7840"}],"curies":[{"name":"wp","href":"https:\/\/api.w.org\/{rel}","templated":true}]}}