{"id":7821,"date":"2020-11-24T16:47:00","date_gmt":"2020-11-24T19:47:00","guid":{"rendered":"https:\/\/fadeu.urantiacos.cl\/?p=7821"},"modified":"2023-09-09T16:49:20","modified_gmt":"2023-09-09T19:49:20","slug":"ya-se-encuentra-disponible-el-libro-del-iii-congreso-intersecciones","status":"publish","type":"post","link":"https:\/\/fadeu.urantiacos.cl\/en\/2020\/11\/24\/ya-se-encuentra-disponible-el-libro-del-iii-congreso-intersecciones\/","title":{"rendered":"Ya se encuentra disponible el libro del III Congreso Intersecciones"},"content":{"rendered":"\n<figure class=\"wp-block-image size-full\"><img decoding=\"async\" width=\"350\" height=\"250\" src=\"https:\/\/fadeu.urantiacos.cl\/wp-content\/uploads\/2023\/09\/libro_intersecciones.png\" alt=\"\" class=\"wp-image-7822\" srcset=\"https:\/\/fadeu.urantiacos.cl\/wp-content\/uploads\/2023\/09\/libro_intersecciones.png 350w, https:\/\/fadeu.urantiacos.cl\/wp-content\/uploads\/2023\/09\/libro_intersecciones-300x214.png 300w\" sizes=\"(max-width: 350px) 100vw, 350px\" \/><\/figure>\n\n\n\n<p>La Direcci\u00f3n, encabezada por el profesor Felipe Encinas, hizo llegar, adem\u00e1s, las respectivas felicitaciones a todos los autores cuyos trabajos se encuentran disponibles en este libro y agradeci\u00f3, junto a todos los expositores nacionales e internacionales, la participaci\u00f3n en el Congreso, que fue organizado por la Universidad Cat\u00f3lica de Chile, la Universidad de Chile, La Universidad del Bio Bio y el Centro de Desarrollo Sustentable CEDEUS. Lo anterior, junto con emitir un reconocimiento al equipo de Ediciones ARQ, liderado por el profesor Francisco D\u00edaz, \u201cpor el trabajo y dedicaci\u00f3n para lograr este resultado tan esperado\u201d.<\/p>\n\n\n\n<p><strong>Libro<\/strong><\/p>\n\n\n\n<p>El libro presenta una selecci\u00f3n de 31 art\u00edculos que se configuran en torno a los ejes tem\u00e1ticos propuestos para el congreso: (a) Historiograf\u00eda; (b) M\u00e9todos, proyecto y did\u00e1ctica; (c) Paisaje, movilidad y territorio; (d) Patrimonio y cultura; (e) Percepciones, emociones e imaginarios; (f) Planificaci\u00f3n y dise\u00f1o urbano; (g) Sustentabilidad, resiliencia y cambio clim\u00e1tico; (h) Tecnolog\u00edas, materiales y procesos; y, (i) Vulnerabilidad, calidad de vida y derecho a la ciudad. Todo ello, antecedidos por los respectivos pr\u00f3logos del Decano de la Facultad de Arquitectura, Dise\u00f1o y Estudios Urbanos UC, Mario Ubilla; del Decano de la Facultad de Arquitectura y Urbanismo de la Universidad de Chile, Manuel Amaya; y de la Facultad de Arquitectura, Construcci\u00f3n y Dise\u00f1o de la Universidad del Bio Bio, Roberto Burdiles.<\/p>\n\n\n\n<p>En la introduci\u00f3n el Decano FADEU, Mario Ubilla se refiere a la experiencia del Congreso y la selecci\u00f3n de trabajos publicados, donde asever\u00f3 que: \u201cCompartimos las preocupaciones en investigaci\u00f3n y desarrollo sobre el cambio clim\u00e1tico y medioambiental, las problem\u00e1ticas a enfrentar para un verdadero progreso sustentable, donde la eficiencia energ\u00e9tica y las tecnolog\u00edas limpias contribuyan al futuro de la macro comunidad. Al mismo tiempo, pudimos compartir visiones sobre el patrimonio, su radical importancia para la cultura y el acervo hist\u00f3rico de los pueblos. Tambi\u00e9n sobre el enorme desarrollo de las subdisciplinas del dise\u00f1o, como los servicios y la interacci\u00f3n experiencial, que han ampliado enormemente su espectro de influencia. En s\u00edntesis, las disciplinas del habitar, cobijadas en nuestros claustros, pudieron desplegar la creaci\u00f3n de conocimiento que a\u00f1o a a\u00f1o le ofrecen al pa\u00eds con dedicaci\u00f3n y esforzado trabajo.<\/p>\n\n\n\n<p>Para lo anterior, se conform\u00f3 un comit\u00e9 editorial conformado por Felipe Encinas (director de Investigaci\u00f3n y Postgrado FADEU UC); Gonzalo Arze (de la Facultad de Arquitectura y Urbanismo de la Universidad de Chile); Pablo Fuentes (de la Facultad de Arquitectura, Construcci\u00f3n y Dise\u00f1o de la Universidad del Bio Bio); y Francisco D\u00edaz (Editor General, Ediciones ARQ).<\/p>\n\n\n\n<p>Adem\u00e1s, se conform\u00f3 un comit\u00e9 cient\u00edfico en el cual figuran, entre otros, los profesores y profesoras FADEU Macarena Cort\u00e9s, Umberto Bonomo, Waldo Bustamente, Francisco Chateau, Luis Fuentes, Javier Ruiz Tagle, y Mart\u00edn Tironi.<\/p>\n\n\n\n<p>Para descargar el libro puedes pinchar&nbsp;<a href=\"http:\/\/investigacionypostgrado.fadeu.urantiacos.cl\/noticias\/libro-intersecciones-2018\/\" target=\"_blank\" rel=\"noreferrer noopener\">AQU\u00cd<\/a>.<\/p>\n","protected":false},"excerpt":{"rendered":"<p>\u201cAnunciamos esta noticia con gran satisfacci\u00f3n, luego de todo el trabajo de producci\u00f3n y edici\u00f3n realizado en este tiempo\u201d, sostiene en su sitio Web la Direcci\u00f3n de Investigaci\u00f3n y Postgrado FADEU, respecto de la publicaci\u00f3n del Libro del III Congreso Interdisciplinario de Investigaci\u00f3n en Arquitectura, Dise\u00f1o, Ciudad y Territorio: Intersecciones, llevado a cabo en 2018 en el campus Lo Contador.<\/p>\n","protected":false},"author":1,"featured_media":7822,"comment_status":"open","ping_status":"open","sticky":false,"template":"","format":"standard","meta":{"_acf_changed":false,"footnotes":""},"categories":[1],"tags":[],"class_list":["post-7821","post","type-post","status-publish","format-standard","has-post-thumbnail","hentry","category-sin-categorizar"],"acf":[],"yoast_head":"<!-- This site is optimized with the Yoast SEO plugin v27.1.1 - https:\/\/yoast.com\/product\/yoast-seo-wordpress\/ -->\n<title>Ya se encuentra disponible el libro del III Congreso Intersecciones - Facultad de Arquitectura, Dise\u00f1o y Estudios Urbanos<\/title>\n<meta name=\"description\" content=\"\u201cAnunciamos esta noticia con gran satisfacci\u00f3n, luego de todo el trabajo de producci\u00f3n y edici\u00f3n realizado en este tiempo\u201d, sostiene en su sitio Web la Direcci\u00f3n de Investigaci\u00f3n y Postgrado FADEU, respecto de la publicaci\u00f3n del Libro del III Congreso Interdisciplinario de Investigaci\u00f3n en Arquitectura, Dise\u00f1o, Ciudad y Territorio: Intersecciones, llevado a cabo en 2018 en el campus Lo Contador.\" \/>\n<meta name=\"robots\" content=\"index, follow, max-snippet:-1, max-image-preview:large, max-video-preview:-1\" \/>\n<link rel=\"canonical\" href=\"https:\/\/fadeu.urantiacos.cl\/en\/2020\/11\/24\/ya-se-encuentra-disponible-el-libro-del-iii-congreso-intersecciones\/\" \/>\n<meta property=\"og:locale\" content=\"en_US\" \/>\n<meta property=\"og:type\" content=\"article\" \/>\n<meta property=\"og:title\" content=\"Ya se encuentra disponible el libro del III Congreso Intersecciones - Facultad de Arquitectura, Dise\u00f1o y Estudios Urbanos\" \/>\n<meta property=\"og:description\" content=\"\u201cAnunciamos esta noticia con gran satisfacci\u00f3n, luego de todo el trabajo de producci\u00f3n y edici\u00f3n realizado en este tiempo\u201d, sostiene en su sitio Web la Direcci\u00f3n de Investigaci\u00f3n y Postgrado FADEU, respecto de la publicaci\u00f3n del Libro del III Congreso Interdisciplinario de Investigaci\u00f3n en Arquitectura, Dise\u00f1o, Ciudad y Territorio: Intersecciones, llevado a cabo en 2018 en el campus Lo Contador.\" \/>\n<meta property=\"og:url\" content=\"https:\/\/fadeu.urantiacos.cl\/en\/2020\/11\/24\/ya-se-encuentra-disponible-el-libro-del-iii-congreso-intersecciones\/\" \/>\n<meta property=\"og:site_name\" content=\"Facultad de Arquitectura, Dise\u00f1o y Estudios Urbanos\" \/>\n<meta property=\"article:published_time\" content=\"2020-11-24T19:47:00+00:00\" \/>\n<meta property=\"article:modified_time\" content=\"2023-09-09T19:49:20+00:00\" \/>\n<meta property=\"og:image\" content=\"https:\/\/fadeu.urantiacos.cl\/wp-content\/uploads\/2023\/09\/libro_intersecciones.png\" \/>\n\t<meta property=\"og:image:width\" content=\"350\" \/>\n\t<meta property=\"og:image:height\" content=\"250\" \/>\n\t<meta property=\"og:image:type\" content=\"image\/png\" \/>\n<meta name=\"author\" content=\"manadmin\" \/>\n<meta name=\"twitter:card\" content=\"summary_large_image\" \/>\n<meta name=\"twitter:label1\" content=\"Written by\" \/>\n\t<meta name=\"twitter:data1\" content=\"manadmin\" \/>\n\t<meta name=\"twitter:label2\" content=\"Est. reading time\" \/>\n\t<meta name=\"twitter:data2\" content=\"2 minutes\" \/>\n<script type=\"application\/ld+json\" class=\"yoast-schema-graph\">{\"@context\":\"https:\/\/schema.org\",\"@graph\":[{\"@type\":\"Article\",\"@id\":\"https:\/\/fadeu.urantiacos.cl\/en\/2020\/11\/24\/ya-se-encuentra-disponible-el-libro-del-iii-congreso-intersecciones\/#article\",\"isPartOf\":{\"@id\":\"https:\/\/fadeu.urantiacos.cl\/en\/2020\/11\/24\/ya-se-encuentra-disponible-el-libro-del-iii-congreso-intersecciones\/\"},\"author\":{\"name\":\"manadmin\",\"@id\":\"https:\/\/fadeu.urantiacos.cl\/en\/#\/schema\/person\/d203e2e84b1c40275eac77b3061a19a2\"},\"headline\":\"Ya se encuentra disponible el libro del III Congreso Intersecciones\",\"datePublished\":\"2020-11-24T19:47:00+00:00\",\"dateModified\":\"2023-09-09T19:49:20+00:00\",\"mainEntityOfPage\":{\"@id\":\"https:\/\/fadeu.urantiacos.cl\/en\/2020\/11\/24\/ya-se-encuentra-disponible-el-libro-del-iii-congreso-intersecciones\/\"},\"wordCount\":507,\"commentCount\":0,\"image\":{\"@id\":\"https:\/\/fadeu.urantiacos.cl\/en\/2020\/11\/24\/ya-se-encuentra-disponible-el-libro-del-iii-congreso-intersecciones\/#primaryimage\"},\"thumbnailUrl\":\"https:\/\/fadeu.urantiacos.cl\/wp-content\/uploads\/2023\/09\/libro_intersecciones.png\",\"articleSection\":[\"Sin categorizar\"],\"inLanguage\":\"en-US\",\"potentialAction\":[{\"@type\":\"CommentAction\",\"name\":\"Comment\",\"target\":[\"https:\/\/fadeu.urantiacos.cl\/en\/2020\/11\/24\/ya-se-encuentra-disponible-el-libro-del-iii-congreso-intersecciones\/#respond\"]}]},{\"@type\":\"WebPage\",\"@id\":\"https:\/\/fadeu.urantiacos.cl\/en\/2020\/11\/24\/ya-se-encuentra-disponible-el-libro-del-iii-congreso-intersecciones\/\",\"url\":\"https:\/\/fadeu.urantiacos.cl\/en\/2020\/11\/24\/ya-se-encuentra-disponible-el-libro-del-iii-congreso-intersecciones\/\",\"name\":\"Ya se encuentra disponible el libro del III Congreso Intersecciones - Facultad de Arquitectura, Dise\u00f1o y Estudios Urbanos\",\"isPartOf\":{\"@id\":\"https:\/\/fadeu.urantiacos.cl\/en\/#website\"},\"primaryImageOfPage\":{\"@id\":\"https:\/\/fadeu.urantiacos.cl\/en\/2020\/11\/24\/ya-se-encuentra-disponible-el-libro-del-iii-congreso-intersecciones\/#primaryimage\"},\"image\":{\"@id\":\"https:\/\/fadeu.urantiacos.cl\/en\/2020\/11\/24\/ya-se-encuentra-disponible-el-libro-del-iii-congreso-intersecciones\/#primaryimage\"},\"thumbnailUrl\":\"https:\/\/fadeu.urantiacos.cl\/wp-content\/uploads\/2023\/09\/libro_intersecciones.png\",\"datePublished\":\"2020-11-24T19:47:00+00:00\",\"dateModified\":\"2023-09-09T19:49:20+00:00\",\"author\":{\"@id\":\"https:\/\/fadeu.urantiacos.cl\/en\/#\/schema\/person\/d203e2e84b1c40275eac77b3061a19a2\"},\"description\":\"\u201cAnunciamos esta noticia con gran satisfacci\u00f3n, luego de todo el trabajo de producci\u00f3n y edici\u00f3n realizado en este tiempo\u201d, sostiene en su sitio Web la Direcci\u00f3n de Investigaci\u00f3n y Postgrado FADEU, respecto de la publicaci\u00f3n del Libro del III Congreso Interdisciplinario de Investigaci\u00f3n en Arquitectura, Dise\u00f1o, Ciudad y Territorio: Intersecciones, llevado a cabo en 2018 en el campus Lo Contador.\",\"breadcrumb\":{\"@id\":\"https:\/\/fadeu.urantiacos.cl\/en\/2020\/11\/24\/ya-se-encuentra-disponible-el-libro-del-iii-congreso-intersecciones\/#breadcrumb\"},\"inLanguage\":\"en-US\",\"potentialAction\":[{\"@type\":\"ReadAction\",\"target\":[\"https:\/\/fadeu.urantiacos.cl\/en\/2020\/11\/24\/ya-se-encuentra-disponible-el-libro-del-iii-congreso-intersecciones\/\"]}]},{\"@type\":\"ImageObject\",\"inLanguage\":\"en-US\",\"@id\":\"https:\/\/fadeu.urantiacos.cl\/en\/2020\/11\/24\/ya-se-encuentra-disponible-el-libro-del-iii-congreso-intersecciones\/#primaryimage\",\"url\":\"https:\/\/fadeu.urantiacos.cl\/wp-content\/uploads\/2023\/09\/libro_intersecciones.png\",\"contentUrl\":\"https:\/\/fadeu.urantiacos.cl\/wp-content\/uploads\/2023\/09\/libro_intersecciones.png\",\"width\":350,\"height\":250},{\"@type\":\"BreadcrumbList\",\"@id\":\"https:\/\/fadeu.urantiacos.cl\/en\/2020\/11\/24\/ya-se-encuentra-disponible-el-libro-del-iii-congreso-intersecciones\/#breadcrumb\",\"itemListElement\":[{\"@type\":\"ListItem\",\"position\":1,\"name\":\"Portada\",\"item\":\"https:\/\/fadeu.urantiacos.cl\/en\/\"},{\"@type\":\"ListItem\",\"position\":2,\"name\":\"Ya se encuentra disponible el libro del III Congreso Intersecciones\"}]},{\"@type\":\"WebSite\",\"@id\":\"https:\/\/fadeu.urantiacos.cl\/en\/#website\",\"url\":\"https:\/\/fadeu.urantiacos.cl\/en\/\",\"name\":\"Facultad de Arquitectura, Dise\u00f1o y Estudios Urbanos\",\"description\":\"Campus Lo Contador\",\"potentialAction\":[{\"@type\":\"SearchAction\",\"target\":{\"@type\":\"EntryPoint\",\"urlTemplate\":\"https:\/\/fadeu.urantiacos.cl\/en\/?s={search_term_string}\"},\"query-input\":{\"@type\":\"PropertyValueSpecification\",\"valueRequired\":true,\"valueName\":\"search_term_string\"}}],\"inLanguage\":\"en-US\"},{\"@type\":\"Person\",\"@id\":\"https:\/\/fadeu.urantiacos.cl\/en\/#\/schema\/person\/d203e2e84b1c40275eac77b3061a19a2\",\"name\":\"manadmin\",\"image\":{\"@type\":\"ImageObject\",\"inLanguage\":\"en-US\",\"@id\":\"https:\/\/fadeu.urantiacos.cl\/en\/#\/schema\/person\/image\/\",\"url\":\"https:\/\/secure.gravatar.com\/avatar\/4b1d8e3303b4a9d8968ac578947d8bc80d9aea359f388cdd4aac15cadc0e8447?s=96&d=mm&r=g\",\"contentUrl\":\"https:\/\/secure.gravatar.com\/avatar\/4b1d8e3303b4a9d8968ac578947d8bc80d9aea359f388cdd4aac15cadc0e8447?s=96&d=mm&r=g\",\"caption\":\"manadmin\"},\"sameAs\":[\"https:\/\/fadeu.urantiacos.cl\"]}]}<\/script>\n<!-- \/ Yoast SEO plugin. -->","yoast_head_json":{"title":"Ya se encuentra disponible el libro del III Congreso Intersecciones - Facultad de Arquitectura, Dise\u00f1o y Estudios Urbanos","description":"\u201cAnunciamos esta noticia con gran satisfacci\u00f3n, luego de todo el trabajo de producci\u00f3n y edici\u00f3n realizado en este tiempo\u201d, sostiene en su sitio Web la Direcci\u00f3n de Investigaci\u00f3n y Postgrado FADEU, respecto de la publicaci\u00f3n del Libro del III Congreso Interdisciplinario de Investigaci\u00f3n en Arquitectura, Dise\u00f1o, Ciudad y Territorio: Intersecciones, llevado a cabo en 2018 en el campus Lo Contador.","robots":{"index":"index","follow":"follow","max-snippet":"max-snippet:-1","max-image-preview":"max-image-preview:large","max-video-preview":"max-video-preview:-1"},"canonical":"https:\/\/fadeu.urantiacos.cl\/en\/2020\/11\/24\/ya-se-encuentra-disponible-el-libro-del-iii-congreso-intersecciones\/","og_locale":"en_US","og_type":"article","og_title":"Ya se encuentra disponible el libro del III Congreso Intersecciones - Facultad de Arquitectura, Dise\u00f1o y Estudios Urbanos","og_description":"\u201cAnunciamos esta noticia con gran satisfacci\u00f3n, luego de todo el trabajo de producci\u00f3n y edici\u00f3n realizado en este tiempo\u201d, sostiene en su sitio Web la Direcci\u00f3n de Investigaci\u00f3n y Postgrado FADEU, respecto de la publicaci\u00f3n del Libro del III Congreso Interdisciplinario de Investigaci\u00f3n en Arquitectura, Dise\u00f1o, Ciudad y Territorio: Intersecciones, llevado a cabo en 2018 en el campus Lo Contador.","og_url":"https:\/\/fadeu.urantiacos.cl\/en\/2020\/11\/24\/ya-se-encuentra-disponible-el-libro-del-iii-congreso-intersecciones\/","og_site_name":"Facultad de Arquitectura, Dise\u00f1o y Estudios Urbanos","article_published_time":"2020-11-24T19:47:00+00:00","article_modified_time":"2023-09-09T19:49:20+00:00","og_image":[{"width":350,"height":250,"url":"https:\/\/fadeu.urantiacos.cl\/wp-content\/uploads\/2023\/09\/libro_intersecciones.png","type":"image\/png"}],"author":"manadmin","twitter_card":"summary_large_image","twitter_misc":{"Written by":"manadmin","Est. reading time":"2 minutes"},"schema":{"@context":"https:\/\/schema.org","@graph":[{"@type":"Article","@id":"https:\/\/fadeu.urantiacos.cl\/en\/2020\/11\/24\/ya-se-encuentra-disponible-el-libro-del-iii-congreso-intersecciones\/#article","isPartOf":{"@id":"https:\/\/fadeu.urantiacos.cl\/en\/2020\/11\/24\/ya-se-encuentra-disponible-el-libro-del-iii-congreso-intersecciones\/"},"author":{"name":"manadmin","@id":"https:\/\/fadeu.urantiacos.cl\/en\/#\/schema\/person\/d203e2e84b1c40275eac77b3061a19a2"},"headline":"Ya se encuentra disponible el libro del III Congreso Intersecciones","datePublished":"2020-11-24T19:47:00+00:00","dateModified":"2023-09-09T19:49:20+00:00","mainEntityOfPage":{"@id":"https:\/\/fadeu.urantiacos.cl\/en\/2020\/11\/24\/ya-se-encuentra-disponible-el-libro-del-iii-congreso-intersecciones\/"},"wordCount":507,"commentCount":0,"image":{"@id":"https:\/\/fadeu.urantiacos.cl\/en\/2020\/11\/24\/ya-se-encuentra-disponible-el-libro-del-iii-congreso-intersecciones\/#primaryimage"},"thumbnailUrl":"https:\/\/fadeu.urantiacos.cl\/wp-content\/uploads\/2023\/09\/libro_intersecciones.png","articleSection":["Sin categorizar"],"inLanguage":"en-US","potentialAction":[{"@type":"CommentAction","name":"Comment","target":["https:\/\/fadeu.urantiacos.cl\/en\/2020\/11\/24\/ya-se-encuentra-disponible-el-libro-del-iii-congreso-intersecciones\/#respond"]}]},{"@type":"WebPage","@id":"https:\/\/fadeu.urantiacos.cl\/en\/2020\/11\/24\/ya-se-encuentra-disponible-el-libro-del-iii-congreso-intersecciones\/","url":"https:\/\/fadeu.urantiacos.cl\/en\/2020\/11\/24\/ya-se-encuentra-disponible-el-libro-del-iii-congreso-intersecciones\/","name":"Ya se encuentra disponible el libro del III Congreso Intersecciones - Facultad de Arquitectura, Dise\u00f1o y Estudios Urbanos","isPartOf":{"@id":"https:\/\/fadeu.urantiacos.cl\/en\/#website"},"primaryImageOfPage":{"@id":"https:\/\/fadeu.urantiacos.cl\/en\/2020\/11\/24\/ya-se-encuentra-disponible-el-libro-del-iii-congreso-intersecciones\/#primaryimage"},"image":{"@id":"https:\/\/fadeu.urantiacos.cl\/en\/2020\/11\/24\/ya-se-encuentra-disponible-el-libro-del-iii-congreso-intersecciones\/#primaryimage"},"thumbnailUrl":"https:\/\/fadeu.urantiacos.cl\/wp-content\/uploads\/2023\/09\/libro_intersecciones.png","datePublished":"2020-11-24T19:47:00+00:00","dateModified":"2023-09-09T19:49:20+00:00","author":{"@id":"https:\/\/fadeu.urantiacos.cl\/en\/#\/schema\/person\/d203e2e84b1c40275eac77b3061a19a2"},"description":"\u201cAnunciamos esta noticia con gran satisfacci\u00f3n, luego de todo el trabajo de producci\u00f3n y edici\u00f3n realizado en este tiempo\u201d, sostiene en su sitio Web la Direcci\u00f3n de Investigaci\u00f3n y Postgrado FADEU, respecto de la publicaci\u00f3n del Libro del III Congreso Interdisciplinario de Investigaci\u00f3n en Arquitectura, Dise\u00f1o, Ciudad y Territorio: Intersecciones, llevado a cabo en 2018 en el campus Lo Contador.","breadcrumb":{"@id":"https:\/\/fadeu.urantiacos.cl\/en\/2020\/11\/24\/ya-se-encuentra-disponible-el-libro-del-iii-congreso-intersecciones\/#breadcrumb"},"inLanguage":"en-US","potentialAction":[{"@type":"ReadAction","target":["https:\/\/fadeu.urantiacos.cl\/en\/2020\/11\/24\/ya-se-encuentra-disponible-el-libro-del-iii-congreso-intersecciones\/"]}]},{"@type":"ImageObject","inLanguage":"en-US","@id":"https:\/\/fadeu.urantiacos.cl\/en\/2020\/11\/24\/ya-se-encuentra-disponible-el-libro-del-iii-congreso-intersecciones\/#primaryimage","url":"https:\/\/fadeu.urantiacos.cl\/wp-content\/uploads\/2023\/09\/libro_intersecciones.png","contentUrl":"https:\/\/fadeu.urantiacos.cl\/wp-content\/uploads\/2023\/09\/libro_intersecciones.png","width":350,"height":250},{"@type":"BreadcrumbList","@id":"https:\/\/fadeu.urantiacos.cl\/en\/2020\/11\/24\/ya-se-encuentra-disponible-el-libro-del-iii-congreso-intersecciones\/#breadcrumb","itemListElement":[{"@type":"ListItem","position":1,"name":"Portada","item":"https:\/\/fadeu.urantiacos.cl\/en\/"},{"@type":"ListItem","position":2,"name":"Ya se encuentra disponible el libro del III Congreso Intersecciones"}]},{"@type":"WebSite","@id":"https:\/\/fadeu.urantiacos.cl\/en\/#website","url":"https:\/\/fadeu.urantiacos.cl\/en\/","name":"Facultad de Arquitectura, Dise\u00f1o y Estudios Urbanos","description":"Campus Lo Contador","potentialAction":[{"@type":"SearchAction","target":{"@type":"EntryPoint","urlTemplate":"https:\/\/fadeu.urantiacos.cl\/en\/?s={search_term_string}"},"query-input":{"@type":"PropertyValueSpecification","valueRequired":true,"valueName":"search_term_string"}}],"inLanguage":"en-US"},{"@type":"Person","@id":"https:\/\/fadeu.urantiacos.cl\/en\/#\/schema\/person\/d203e2e84b1c40275eac77b3061a19a2","name":"manadmin","image":{"@type":"ImageObject","inLanguage":"en-US","@id":"https:\/\/fadeu.urantiacos.cl\/en\/#\/schema\/person\/image\/","url":"https:\/\/secure.gravatar.com\/avatar\/4b1d8e3303b4a9d8968ac578947d8bc80d9aea359f388cdd4aac15cadc0e8447?s=96&d=mm&r=g","contentUrl":"https:\/\/secure.gravatar.com\/avatar\/4b1d8e3303b4a9d8968ac578947d8bc80d9aea359f388cdd4aac15cadc0e8447?s=96&d=mm&r=g","caption":"manadmin"},"sameAs":["https:\/\/fadeu.urantiacos.cl"]}]}},"_links":{"self":[{"href":"https:\/\/fadeu.urantiacos.cl\/en\/wp-json\/wp\/v2\/posts\/7821","targetHints":{"allow":["GET"]}}],"collection":[{"href":"https:\/\/fadeu.urantiacos.cl\/en\/wp-json\/wp\/v2\/posts"}],"about":[{"href":"https:\/\/fadeu.urantiacos.cl\/en\/wp-json\/wp\/v2\/types\/post"}],"author":[{"embeddable":true,"href":"https:\/\/fadeu.urantiacos.cl\/en\/wp-json\/wp\/v2\/users\/1"}],"replies":[{"embeddable":true,"href":"https:\/\/fadeu.urantiacos.cl\/en\/wp-json\/wp\/v2\/comments?post=7821"}],"version-history":[{"count":1,"href":"https:\/\/fadeu.urantiacos.cl\/en\/wp-json\/wp\/v2\/posts\/7821\/revisions"}],"predecessor-version":[{"id":7823,"href":"https:\/\/fadeu.urantiacos.cl\/en\/wp-json\/wp\/v2\/posts\/7821\/revisions\/7823"}],"wp:featuredmedia":[{"embeddable":true,"href":"https:\/\/fadeu.urantiacos.cl\/en\/wp-json\/wp\/v2\/media\/7822"}],"wp:attachment":[{"href":"https:\/\/fadeu.urantiacos.cl\/en\/wp-json\/wp\/v2\/media?parent=7821"}],"wp:term":[{"taxonomy":"category","embeddable":true,"href":"https:\/\/fadeu.urantiacos.cl\/en\/wp-json\/wp\/v2\/categories?post=7821"},{"taxonomy":"post_tag","embeddable":true,"href":"https:\/\/fadeu.urantiacos.cl\/en\/wp-json\/wp\/v2\/tags?post=7821"}],"curies":[{"name":"wp","href":"https:\/\/api.w.org\/{rel}","templated":true}]}}