{"id":7801,"date":"2020-12-01T16:37:00","date_gmt":"2020-12-01T19:37:00","guid":{"rendered":"https:\/\/fadeu.urantiacos.cl\/?p=7801"},"modified":"2023-09-09T16:38:47","modified_gmt":"2023-09-09T19:38:47","slug":"umberto-bonomo-habla-sobre-patrimonio-en-la-revista-ekoiq-con-base-en-turquia","status":"publish","type":"post","link":"https:\/\/fadeu.urantiacos.cl\/en\/2020\/12\/01\/umberto-bonomo-habla-sobre-patrimonio-en-la-revista-ekoiq-con-base-en-turquia\/","title":{"rendered":"Umberto Bonomo habla sobre patrimonio en la revista EKOIQ con base en Turqu\u00eda"},"content":{"rendered":"\n<figure class=\"wp-block-image size-full\"><img decoding=\"async\" width=\"350\" height=\"250\" src=\"https:\/\/fadeu.urantiacos.cl\/wp-content\/uploads\/2023\/09\/bonomo_350x250.jpg\" alt=\"\" class=\"wp-image-7802\" srcset=\"https:\/\/fadeu.urantiacos.cl\/wp-content\/uploads\/2023\/09\/bonomo_350x250.jpg 350w, https:\/\/fadeu.urantiacos.cl\/wp-content\/uploads\/2023\/09\/bonomo_350x250-300x214.jpg 300w\" sizes=\"(max-width: 350px) 100vw, 350px\" \/><\/figure>\n\n\n\n<p>Por otro lado, en la entrevista tambi\u00e9n se abordaron las protestas en Chile y el mundo, con frecuentes intervenciones a bienes patrimoniales. En este \u00e1mbito, el acad\u00e9mico plante\u00f3 la necesidad de &#8220;iniciar un proceso de resignificaci\u00f3n&#8221;. As\u00ed, abordando la experiencia nacional, explic\u00f3 que en nuestro pa\u00eds existen puntos de vista muy contrastantes en relaci\u00f3n a la intervenci\u00f3n con el patrimonio monumental: &#8220;Algunos hablaron de destrucci\u00f3n del patrimonio, otros hablaron de intervenci\u00f3n en el patrimonio. Lo cierto es que, lo que ha sucedido demuestra lo importante que es el patrimonio para una sociedad y una cultura&#8221;, afirma.<\/p>\n\n\n\n<p>Leer la entrevista completa en el siguiente&nbsp;<a href=\"https:\/\/ekoiq.com\/2020\/11\/27\/desde-america-latina-patrimonio-y-construccion\/\" target=\"_blank\" rel=\"noreferrer noopener\">link<\/a>&nbsp;<\/p>\n\n\n\n<p>Noticias<\/p>\n\n\n\n<p>Contacto:&nbsp;<a href=\"mailto:redesarq@uc.cl\">redesarq@uc.cl<\/a>&nbsp;| +56 2 2354 7747<br>www.arquitectura.uc.cl<\/p>\n","protected":false},"excerpt":{"rendered":"<p>Enfatizando la importancia de una construcci\u00f3n post pandemia sostenible, Bonomo destac\u00f3 el rol del patrimonio: \u201cPara que las ciudades sean sostenibles y resilientes se debe tratar de entender el patrimonio como un activo\u201d. En ese sentido, explica el profesor, es clave incorporar \u201cnuevas tecnolog\u00edas aplicadas a los entornos patrimoniales, nuevos usos para el patrimonio, nuevos materiales para los proyectos de recuperaci\u00f3n patrimonial&#8221;. Todo esto, se\u00f1ala, junto una &#8220;articulaci\u00f3n importante con la comunidad&#8221;, generando no s\u00f3lo nuevas oportunidades de trabajo, sino tambi\u00e9n &#8220;nuevos \u00e1mbitos de desarrollo econ\u00f3mico en el respeto de la historia, la identidad y la cultura presente&#8221;.<\/p>\n","protected":false},"author":1,"featured_media":7802,"comment_status":"open","ping_status":"open","sticky":false,"template":"","format":"standard","meta":{"_acf_changed":false,"footnotes":""},"categories":[1],"tags":[],"class_list":["post-7801","post","type-post","status-publish","format-standard","has-post-thumbnail","hentry","category-sin-categorizar"],"acf":[],"yoast_head":"<!-- This site is optimized with the Yoast SEO plugin v27.1.1 - https:\/\/yoast.com\/product\/yoast-seo-wordpress\/ -->\n<title>Umberto Bonomo habla sobre patrimonio en la revista EKOIQ con base en Turqu\u00eda - Facultad de Arquitectura, Dise\u00f1o y Estudios Urbanos<\/title>\n<meta name=\"description\" content=\"Enfatizando la importancia de una construcci\u00f3n post pandemia sostenible, Bonomo destac\u00f3 el rol del patrimonio: \u201cPara que las ciudades sean sostenibles y resilientes se debe tratar de entender el patrimonio como un activo\u201d. En ese sentido, explica el profesor, es clave incorporar \u201cnuevas tecnolog\u00edas aplicadas a los entornos patrimoniales, nuevos usos para el patrimonio, nuevos materiales para los proyectos de recuperaci\u00f3n patrimonial&quot;. Todo esto, se\u00f1ala, junto una &quot;articulaci\u00f3n importante con la comunidad&quot;, generando no s\u00f3lo nuevas oportunidades de trabajo, sino tambi\u00e9n &quot;nuevos \u00e1mbitos de desarrollo econ\u00f3mico en el respeto de la historia, la identidad y la cultura presente&quot;.\" \/>\n<meta name=\"robots\" content=\"index, follow, max-snippet:-1, max-image-preview:large, max-video-preview:-1\" \/>\n<link rel=\"canonical\" href=\"https:\/\/fadeu.urantiacos.cl\/en\/2020\/12\/01\/umberto-bonomo-habla-sobre-patrimonio-en-la-revista-ekoiq-con-base-en-turquia\/\" \/>\n<meta property=\"og:locale\" content=\"en_US\" \/>\n<meta property=\"og:type\" content=\"article\" \/>\n<meta property=\"og:title\" content=\"Umberto Bonomo habla sobre patrimonio en la revista EKOIQ con base en Turqu\u00eda - Facultad de Arquitectura, Dise\u00f1o y Estudios Urbanos\" \/>\n<meta property=\"og:description\" content=\"Enfatizando la importancia de una construcci\u00f3n post pandemia sostenible, Bonomo destac\u00f3 el rol del patrimonio: \u201cPara que las ciudades sean sostenibles y resilientes se debe tratar de entender el patrimonio como un activo\u201d. En ese sentido, explica el profesor, es clave incorporar \u201cnuevas tecnolog\u00edas aplicadas a los entornos patrimoniales, nuevos usos para el patrimonio, nuevos materiales para los proyectos de recuperaci\u00f3n patrimonial&quot;. Todo esto, se\u00f1ala, junto una &quot;articulaci\u00f3n importante con la comunidad&quot;, generando no s\u00f3lo nuevas oportunidades de trabajo, sino tambi\u00e9n &quot;nuevos \u00e1mbitos de desarrollo econ\u00f3mico en el respeto de la historia, la identidad y la cultura presente&quot;.\" \/>\n<meta property=\"og:url\" content=\"https:\/\/fadeu.urantiacos.cl\/en\/2020\/12\/01\/umberto-bonomo-habla-sobre-patrimonio-en-la-revista-ekoiq-con-base-en-turquia\/\" \/>\n<meta property=\"og:site_name\" content=\"Facultad de Arquitectura, Dise\u00f1o y Estudios Urbanos\" \/>\n<meta property=\"article:published_time\" content=\"2020-12-01T19:37:00+00:00\" \/>\n<meta property=\"article:modified_time\" content=\"2023-09-09T19:38:47+00:00\" \/>\n<meta property=\"og:image\" content=\"https:\/\/fadeu.urantiacos.cl\/wp-content\/uploads\/2023\/09\/bonomo_350x250.jpg\" \/>\n\t<meta property=\"og:image:width\" content=\"350\" \/>\n\t<meta property=\"og:image:height\" content=\"250\" \/>\n\t<meta property=\"og:image:type\" content=\"image\/jpeg\" \/>\n<meta name=\"author\" content=\"manadmin\" \/>\n<meta name=\"twitter:card\" content=\"summary_large_image\" \/>\n<meta name=\"twitter:label1\" content=\"Written by\" \/>\n\t<meta name=\"twitter:data1\" content=\"manadmin\" \/>\n\t<meta name=\"twitter:label2\" content=\"Est. reading time\" \/>\n\t<meta name=\"twitter:data2\" content=\"1 minute\" \/>\n<script type=\"application\/ld+json\" class=\"yoast-schema-graph\">{\"@context\":\"https:\/\/schema.org\",\"@graph\":[{\"@type\":\"Article\",\"@id\":\"https:\/\/fadeu.urantiacos.cl\/en\/2020\/12\/01\/umberto-bonomo-habla-sobre-patrimonio-en-la-revista-ekoiq-con-base-en-turquia\/#article\",\"isPartOf\":{\"@id\":\"https:\/\/fadeu.urantiacos.cl\/en\/2020\/12\/01\/umberto-bonomo-habla-sobre-patrimonio-en-la-revista-ekoiq-con-base-en-turquia\/\"},\"author\":{\"name\":\"manadmin\",\"@id\":\"https:\/\/fadeu.urantiacos.cl\/en\/#\/schema\/person\/d203e2e84b1c40275eac77b3061a19a2\"},\"headline\":\"Umberto Bonomo habla sobre patrimonio en la revista EKOIQ con base en Turqu\u00eda\",\"datePublished\":\"2020-12-01T19:37:00+00:00\",\"dateModified\":\"2023-09-09T19:38:47+00:00\",\"mainEntityOfPage\":{\"@id\":\"https:\/\/fadeu.urantiacos.cl\/en\/2020\/12\/01\/umberto-bonomo-habla-sobre-patrimonio-en-la-revista-ekoiq-con-base-en-turquia\/\"},\"wordCount\":139,\"commentCount\":0,\"image\":{\"@id\":\"https:\/\/fadeu.urantiacos.cl\/en\/2020\/12\/01\/umberto-bonomo-habla-sobre-patrimonio-en-la-revista-ekoiq-con-base-en-turquia\/#primaryimage\"},\"thumbnailUrl\":\"https:\/\/fadeu.urantiacos.cl\/wp-content\/uploads\/2023\/09\/bonomo_350x250.jpg\",\"articleSection\":[\"Sin categorizar\"],\"inLanguage\":\"en-US\",\"potentialAction\":[{\"@type\":\"CommentAction\",\"name\":\"Comment\",\"target\":[\"https:\/\/fadeu.urantiacos.cl\/en\/2020\/12\/01\/umberto-bonomo-habla-sobre-patrimonio-en-la-revista-ekoiq-con-base-en-turquia\/#respond\"]}]},{\"@type\":\"WebPage\",\"@id\":\"https:\/\/fadeu.urantiacos.cl\/en\/2020\/12\/01\/umberto-bonomo-habla-sobre-patrimonio-en-la-revista-ekoiq-con-base-en-turquia\/\",\"url\":\"https:\/\/fadeu.urantiacos.cl\/en\/2020\/12\/01\/umberto-bonomo-habla-sobre-patrimonio-en-la-revista-ekoiq-con-base-en-turquia\/\",\"name\":\"Umberto Bonomo habla sobre patrimonio en la revista EKOIQ con base en Turqu\u00eda - Facultad de Arquitectura, Dise\u00f1o y Estudios Urbanos\",\"isPartOf\":{\"@id\":\"https:\/\/fadeu.urantiacos.cl\/en\/#website\"},\"primaryImageOfPage\":{\"@id\":\"https:\/\/fadeu.urantiacos.cl\/en\/2020\/12\/01\/umberto-bonomo-habla-sobre-patrimonio-en-la-revista-ekoiq-con-base-en-turquia\/#primaryimage\"},\"image\":{\"@id\":\"https:\/\/fadeu.urantiacos.cl\/en\/2020\/12\/01\/umberto-bonomo-habla-sobre-patrimonio-en-la-revista-ekoiq-con-base-en-turquia\/#primaryimage\"},\"thumbnailUrl\":\"https:\/\/fadeu.urantiacos.cl\/wp-content\/uploads\/2023\/09\/bonomo_350x250.jpg\",\"datePublished\":\"2020-12-01T19:37:00+00:00\",\"dateModified\":\"2023-09-09T19:38:47+00:00\",\"author\":{\"@id\":\"https:\/\/fadeu.urantiacos.cl\/en\/#\/schema\/person\/d203e2e84b1c40275eac77b3061a19a2\"},\"description\":\"Enfatizando la importancia de una construcci\u00f3n post pandemia sostenible, Bonomo destac\u00f3 el rol del patrimonio: \u201cPara que las ciudades sean sostenibles y resilientes se debe tratar de entender el patrimonio como un activo\u201d. En ese sentido, explica el profesor, es clave incorporar \u201cnuevas tecnolog\u00edas aplicadas a los entornos patrimoniales, nuevos usos para el patrimonio, nuevos materiales para los proyectos de recuperaci\u00f3n patrimonial\\\". Todo esto, se\u00f1ala, junto una \\\"articulaci\u00f3n importante con la comunidad\\\", generando no s\u00f3lo nuevas oportunidades de trabajo, sino tambi\u00e9n \\\"nuevos \u00e1mbitos de desarrollo econ\u00f3mico en el respeto de la historia, la identidad y la cultura presente\\\".\",\"breadcrumb\":{\"@id\":\"https:\/\/fadeu.urantiacos.cl\/en\/2020\/12\/01\/umberto-bonomo-habla-sobre-patrimonio-en-la-revista-ekoiq-con-base-en-turquia\/#breadcrumb\"},\"inLanguage\":\"en-US\",\"potentialAction\":[{\"@type\":\"ReadAction\",\"target\":[\"https:\/\/fadeu.urantiacos.cl\/en\/2020\/12\/01\/umberto-bonomo-habla-sobre-patrimonio-en-la-revista-ekoiq-con-base-en-turquia\/\"]}]},{\"@type\":\"ImageObject\",\"inLanguage\":\"en-US\",\"@id\":\"https:\/\/fadeu.urantiacos.cl\/en\/2020\/12\/01\/umberto-bonomo-habla-sobre-patrimonio-en-la-revista-ekoiq-con-base-en-turquia\/#primaryimage\",\"url\":\"https:\/\/fadeu.urantiacos.cl\/wp-content\/uploads\/2023\/09\/bonomo_350x250.jpg\",\"contentUrl\":\"https:\/\/fadeu.urantiacos.cl\/wp-content\/uploads\/2023\/09\/bonomo_350x250.jpg\",\"width\":350,\"height\":250},{\"@type\":\"BreadcrumbList\",\"@id\":\"https:\/\/fadeu.urantiacos.cl\/en\/2020\/12\/01\/umberto-bonomo-habla-sobre-patrimonio-en-la-revista-ekoiq-con-base-en-turquia\/#breadcrumb\",\"itemListElement\":[{\"@type\":\"ListItem\",\"position\":1,\"name\":\"Portada\",\"item\":\"https:\/\/fadeu.urantiacos.cl\/en\/\"},{\"@type\":\"ListItem\",\"position\":2,\"name\":\"Umberto Bonomo habla sobre patrimonio en la revista EKOIQ con base en Turqu\u00eda\"}]},{\"@type\":\"WebSite\",\"@id\":\"https:\/\/fadeu.urantiacos.cl\/en\/#website\",\"url\":\"https:\/\/fadeu.urantiacos.cl\/en\/\",\"name\":\"Facultad de Arquitectura, Dise\u00f1o y Estudios Urbanos\",\"description\":\"Campus Lo Contador\",\"potentialAction\":[{\"@type\":\"SearchAction\",\"target\":{\"@type\":\"EntryPoint\",\"urlTemplate\":\"https:\/\/fadeu.urantiacos.cl\/en\/?s={search_term_string}\"},\"query-input\":{\"@type\":\"PropertyValueSpecification\",\"valueRequired\":true,\"valueName\":\"search_term_string\"}}],\"inLanguage\":\"en-US\"},{\"@type\":\"Person\",\"@id\":\"https:\/\/fadeu.urantiacos.cl\/en\/#\/schema\/person\/d203e2e84b1c40275eac77b3061a19a2\",\"name\":\"manadmin\",\"image\":{\"@type\":\"ImageObject\",\"inLanguage\":\"en-US\",\"@id\":\"https:\/\/fadeu.urantiacos.cl\/en\/#\/schema\/person\/image\/\",\"url\":\"https:\/\/secure.gravatar.com\/avatar\/4b1d8e3303b4a9d8968ac578947d8bc80d9aea359f388cdd4aac15cadc0e8447?s=96&d=mm&r=g\",\"contentUrl\":\"https:\/\/secure.gravatar.com\/avatar\/4b1d8e3303b4a9d8968ac578947d8bc80d9aea359f388cdd4aac15cadc0e8447?s=96&d=mm&r=g\",\"caption\":\"manadmin\"},\"sameAs\":[\"https:\/\/fadeu.urantiacos.cl\"]}]}<\/script>\n<!-- \/ Yoast SEO plugin. -->","yoast_head_json":{"title":"Umberto Bonomo habla sobre patrimonio en la revista EKOIQ con base en Turqu\u00eda - Facultad de Arquitectura, Dise\u00f1o y Estudios Urbanos","description":"Enfatizando la importancia de una construcci\u00f3n post pandemia sostenible, Bonomo destac\u00f3 el rol del patrimonio: \u201cPara que las ciudades sean sostenibles y resilientes se debe tratar de entender el patrimonio como un activo\u201d. En ese sentido, explica el profesor, es clave incorporar \u201cnuevas tecnolog\u00edas aplicadas a los entornos patrimoniales, nuevos usos para el patrimonio, nuevos materiales para los proyectos de recuperaci\u00f3n patrimonial\". Todo esto, se\u00f1ala, junto una \"articulaci\u00f3n importante con la comunidad\", generando no s\u00f3lo nuevas oportunidades de trabajo, sino tambi\u00e9n \"nuevos \u00e1mbitos de desarrollo econ\u00f3mico en el respeto de la historia, la identidad y la cultura presente\".","robots":{"index":"index","follow":"follow","max-snippet":"max-snippet:-1","max-image-preview":"max-image-preview:large","max-video-preview":"max-video-preview:-1"},"canonical":"https:\/\/fadeu.urantiacos.cl\/en\/2020\/12\/01\/umberto-bonomo-habla-sobre-patrimonio-en-la-revista-ekoiq-con-base-en-turquia\/","og_locale":"en_US","og_type":"article","og_title":"Umberto Bonomo habla sobre patrimonio en la revista EKOIQ con base en Turqu\u00eda - Facultad de Arquitectura, Dise\u00f1o y Estudios Urbanos","og_description":"Enfatizando la importancia de una construcci\u00f3n post pandemia sostenible, Bonomo destac\u00f3 el rol del patrimonio: \u201cPara que las ciudades sean sostenibles y resilientes se debe tratar de entender el patrimonio como un activo\u201d. En ese sentido, explica el profesor, es clave incorporar \u201cnuevas tecnolog\u00edas aplicadas a los entornos patrimoniales, nuevos usos para el patrimonio, nuevos materiales para los proyectos de recuperaci\u00f3n patrimonial\". Todo esto, se\u00f1ala, junto una \"articulaci\u00f3n importante con la comunidad\", generando no s\u00f3lo nuevas oportunidades de trabajo, sino tambi\u00e9n \"nuevos \u00e1mbitos de desarrollo econ\u00f3mico en el respeto de la historia, la identidad y la cultura presente\".","og_url":"https:\/\/fadeu.urantiacos.cl\/en\/2020\/12\/01\/umberto-bonomo-habla-sobre-patrimonio-en-la-revista-ekoiq-con-base-en-turquia\/","og_site_name":"Facultad de Arquitectura, Dise\u00f1o y Estudios Urbanos","article_published_time":"2020-12-01T19:37:00+00:00","article_modified_time":"2023-09-09T19:38:47+00:00","og_image":[{"width":350,"height":250,"url":"https:\/\/fadeu.urantiacos.cl\/wp-content\/uploads\/2023\/09\/bonomo_350x250.jpg","type":"image\/jpeg"}],"author":"manadmin","twitter_card":"summary_large_image","twitter_misc":{"Written by":"manadmin","Est. reading time":"1 minute"},"schema":{"@context":"https:\/\/schema.org","@graph":[{"@type":"Article","@id":"https:\/\/fadeu.urantiacos.cl\/en\/2020\/12\/01\/umberto-bonomo-habla-sobre-patrimonio-en-la-revista-ekoiq-con-base-en-turquia\/#article","isPartOf":{"@id":"https:\/\/fadeu.urantiacos.cl\/en\/2020\/12\/01\/umberto-bonomo-habla-sobre-patrimonio-en-la-revista-ekoiq-con-base-en-turquia\/"},"author":{"name":"manadmin","@id":"https:\/\/fadeu.urantiacos.cl\/en\/#\/schema\/person\/d203e2e84b1c40275eac77b3061a19a2"},"headline":"Umberto Bonomo habla sobre patrimonio en la revista EKOIQ con base en Turqu\u00eda","datePublished":"2020-12-01T19:37:00+00:00","dateModified":"2023-09-09T19:38:47+00:00","mainEntityOfPage":{"@id":"https:\/\/fadeu.urantiacos.cl\/en\/2020\/12\/01\/umberto-bonomo-habla-sobre-patrimonio-en-la-revista-ekoiq-con-base-en-turquia\/"},"wordCount":139,"commentCount":0,"image":{"@id":"https:\/\/fadeu.urantiacos.cl\/en\/2020\/12\/01\/umberto-bonomo-habla-sobre-patrimonio-en-la-revista-ekoiq-con-base-en-turquia\/#primaryimage"},"thumbnailUrl":"https:\/\/fadeu.urantiacos.cl\/wp-content\/uploads\/2023\/09\/bonomo_350x250.jpg","articleSection":["Sin categorizar"],"inLanguage":"en-US","potentialAction":[{"@type":"CommentAction","name":"Comment","target":["https:\/\/fadeu.urantiacos.cl\/en\/2020\/12\/01\/umberto-bonomo-habla-sobre-patrimonio-en-la-revista-ekoiq-con-base-en-turquia\/#respond"]}]},{"@type":"WebPage","@id":"https:\/\/fadeu.urantiacos.cl\/en\/2020\/12\/01\/umberto-bonomo-habla-sobre-patrimonio-en-la-revista-ekoiq-con-base-en-turquia\/","url":"https:\/\/fadeu.urantiacos.cl\/en\/2020\/12\/01\/umberto-bonomo-habla-sobre-patrimonio-en-la-revista-ekoiq-con-base-en-turquia\/","name":"Umberto Bonomo habla sobre patrimonio en la revista EKOIQ con base en Turqu\u00eda - Facultad de Arquitectura, Dise\u00f1o y Estudios Urbanos","isPartOf":{"@id":"https:\/\/fadeu.urantiacos.cl\/en\/#website"},"primaryImageOfPage":{"@id":"https:\/\/fadeu.urantiacos.cl\/en\/2020\/12\/01\/umberto-bonomo-habla-sobre-patrimonio-en-la-revista-ekoiq-con-base-en-turquia\/#primaryimage"},"image":{"@id":"https:\/\/fadeu.urantiacos.cl\/en\/2020\/12\/01\/umberto-bonomo-habla-sobre-patrimonio-en-la-revista-ekoiq-con-base-en-turquia\/#primaryimage"},"thumbnailUrl":"https:\/\/fadeu.urantiacos.cl\/wp-content\/uploads\/2023\/09\/bonomo_350x250.jpg","datePublished":"2020-12-01T19:37:00+00:00","dateModified":"2023-09-09T19:38:47+00:00","author":{"@id":"https:\/\/fadeu.urantiacos.cl\/en\/#\/schema\/person\/d203e2e84b1c40275eac77b3061a19a2"},"description":"Enfatizando la importancia de una construcci\u00f3n post pandemia sostenible, Bonomo destac\u00f3 el rol del patrimonio: \u201cPara que las ciudades sean sostenibles y resilientes se debe tratar de entender el patrimonio como un activo\u201d. En ese sentido, explica el profesor, es clave incorporar \u201cnuevas tecnolog\u00edas aplicadas a los entornos patrimoniales, nuevos usos para el patrimonio, nuevos materiales para los proyectos de recuperaci\u00f3n patrimonial\". Todo esto, se\u00f1ala, junto una \"articulaci\u00f3n importante con la comunidad\", generando no s\u00f3lo nuevas oportunidades de trabajo, sino tambi\u00e9n \"nuevos \u00e1mbitos de desarrollo econ\u00f3mico en el respeto de la historia, la identidad y la cultura presente\".","breadcrumb":{"@id":"https:\/\/fadeu.urantiacos.cl\/en\/2020\/12\/01\/umberto-bonomo-habla-sobre-patrimonio-en-la-revista-ekoiq-con-base-en-turquia\/#breadcrumb"},"inLanguage":"en-US","potentialAction":[{"@type":"ReadAction","target":["https:\/\/fadeu.urantiacos.cl\/en\/2020\/12\/01\/umberto-bonomo-habla-sobre-patrimonio-en-la-revista-ekoiq-con-base-en-turquia\/"]}]},{"@type":"ImageObject","inLanguage":"en-US","@id":"https:\/\/fadeu.urantiacos.cl\/en\/2020\/12\/01\/umberto-bonomo-habla-sobre-patrimonio-en-la-revista-ekoiq-con-base-en-turquia\/#primaryimage","url":"https:\/\/fadeu.urantiacos.cl\/wp-content\/uploads\/2023\/09\/bonomo_350x250.jpg","contentUrl":"https:\/\/fadeu.urantiacos.cl\/wp-content\/uploads\/2023\/09\/bonomo_350x250.jpg","width":350,"height":250},{"@type":"BreadcrumbList","@id":"https:\/\/fadeu.urantiacos.cl\/en\/2020\/12\/01\/umberto-bonomo-habla-sobre-patrimonio-en-la-revista-ekoiq-con-base-en-turquia\/#breadcrumb","itemListElement":[{"@type":"ListItem","position":1,"name":"Portada","item":"https:\/\/fadeu.urantiacos.cl\/en\/"},{"@type":"ListItem","position":2,"name":"Umberto Bonomo habla sobre patrimonio en la revista EKOIQ con base en Turqu\u00eda"}]},{"@type":"WebSite","@id":"https:\/\/fadeu.urantiacos.cl\/en\/#website","url":"https:\/\/fadeu.urantiacos.cl\/en\/","name":"Facultad de Arquitectura, Dise\u00f1o y Estudios Urbanos","description":"Campus Lo Contador","potentialAction":[{"@type":"SearchAction","target":{"@type":"EntryPoint","urlTemplate":"https:\/\/fadeu.urantiacos.cl\/en\/?s={search_term_string}"},"query-input":{"@type":"PropertyValueSpecification","valueRequired":true,"valueName":"search_term_string"}}],"inLanguage":"en-US"},{"@type":"Person","@id":"https:\/\/fadeu.urantiacos.cl\/en\/#\/schema\/person\/d203e2e84b1c40275eac77b3061a19a2","name":"manadmin","image":{"@type":"ImageObject","inLanguage":"en-US","@id":"https:\/\/fadeu.urantiacos.cl\/en\/#\/schema\/person\/image\/","url":"https:\/\/secure.gravatar.com\/avatar\/4b1d8e3303b4a9d8968ac578947d8bc80d9aea359f388cdd4aac15cadc0e8447?s=96&d=mm&r=g","contentUrl":"https:\/\/secure.gravatar.com\/avatar\/4b1d8e3303b4a9d8968ac578947d8bc80d9aea359f388cdd4aac15cadc0e8447?s=96&d=mm&r=g","caption":"manadmin"},"sameAs":["https:\/\/fadeu.urantiacos.cl"]}]}},"_links":{"self":[{"href":"https:\/\/fadeu.urantiacos.cl\/en\/wp-json\/wp\/v2\/posts\/7801","targetHints":{"allow":["GET"]}}],"collection":[{"href":"https:\/\/fadeu.urantiacos.cl\/en\/wp-json\/wp\/v2\/posts"}],"about":[{"href":"https:\/\/fadeu.urantiacos.cl\/en\/wp-json\/wp\/v2\/types\/post"}],"author":[{"embeddable":true,"href":"https:\/\/fadeu.urantiacos.cl\/en\/wp-json\/wp\/v2\/users\/1"}],"replies":[{"embeddable":true,"href":"https:\/\/fadeu.urantiacos.cl\/en\/wp-json\/wp\/v2\/comments?post=7801"}],"version-history":[{"count":1,"href":"https:\/\/fadeu.urantiacos.cl\/en\/wp-json\/wp\/v2\/posts\/7801\/revisions"}],"predecessor-version":[{"id":7803,"href":"https:\/\/fadeu.urantiacos.cl\/en\/wp-json\/wp\/v2\/posts\/7801\/revisions\/7803"}],"wp:featuredmedia":[{"embeddable":true,"href":"https:\/\/fadeu.urantiacos.cl\/en\/wp-json\/wp\/v2\/media\/7802"}],"wp:attachment":[{"href":"https:\/\/fadeu.urantiacos.cl\/en\/wp-json\/wp\/v2\/media?parent=7801"}],"wp:term":[{"taxonomy":"category","embeddable":true,"href":"https:\/\/fadeu.urantiacos.cl\/en\/wp-json\/wp\/v2\/categories?post=7801"},{"taxonomy":"post_tag","embeddable":true,"href":"https:\/\/fadeu.urantiacos.cl\/en\/wp-json\/wp\/v2\/tags?post=7801"}],"curies":[{"name":"wp","href":"https:\/\/api.w.org\/{rel}","templated":true}]}}