{"id":7791,"date":"2020-12-01T16:32:00","date_gmt":"2020-12-01T19:32:00","guid":{"rendered":"https:\/\/fadeu.urantiacos.cl\/?p=7791"},"modified":"2023-09-09T16:34:19","modified_gmt":"2023-09-09T19:34:19","slug":"profesor-mario-ubilla-es-reelecto-decano-fadeu-para-el-periodo-2021-2024","status":"publish","type":"post","link":"https:\/\/fadeu.urantiacos.cl\/en\/2020\/12\/01\/profesor-mario-ubilla-es-reelecto-decano-fadeu-para-el-periodo-2021-2024\/","title":{"rendered":"Profesor Mario Ubilla es reelecto Decano FADEU para el per\u00edodo 2021-2024"},"content":{"rendered":"\n<figure class=\"wp-block-image size-full\"><img decoding=\"async\" width=\"350\" height=\"250\" src=\"https:\/\/fadeu.urantiacos.cl\/wp-content\/uploads\/2023\/09\/MARIO_UBILLA-5579_1_1.jpg\" alt=\"\" class=\"wp-image-7792\" srcset=\"https:\/\/fadeu.urantiacos.cl\/wp-content\/uploads\/2023\/09\/MARIO_UBILLA-5579_1_1.jpg 350w, https:\/\/fadeu.urantiacos.cl\/wp-content\/uploads\/2023\/09\/MARIO_UBILLA-5579_1_1-300x214.jpg 300w\" sizes=\"(max-width: 350px) 100vw, 350px\" \/><\/figure>\n\n\n\n<p>As\u00ed consta en el Acta levantada por la Secretar\u00eda Acad\u00e9mica FADEU UC, liderada por la profesora Pilar Garc\u00eda, validada por las instancias respectivas de Casa Central.<\/p>\n\n\n\n<p>El profesor Ubilla asumir\u00e1 su tercer per\u00edodo luego de adjudicarse 38 votos, seguido por el profesor Pedro Alonso (32 votos) y la profesora Romy Hecht (9 votos).<\/p>\n\n\n\n<p>La elecci\u00f3n se llev\u00f3 a cabo v\u00eda remota durante toda la jornada del lunes 30 de noviembre, luego del proceso liderado por el Comit\u00e9 de B\u00fasqueda, que este a\u00f1o fue presidido por la profesora Sol Serrano, representante del Rector, e integrado por los profesores FADEU Waldo Bustamante, Alejandro Crispiani, Soledad Hoces de la Guardia, Arturo Orellana y Wren Strabucchi, adem\u00e1s de la profesora Milena Grass, designada por el Consejo de Facultad.<\/p>\n\n\n\n<p>La ceremonia respectiva de inicio de su nuevo per\u00edodo se llevar\u00e1 a cabo en enero de 2021.<\/p>\n","protected":false},"excerpt":{"rendered":"<p>El profesor Mario Ubilla ha sido reelecto como Decano de la Facultad de Arquitectura, Dise\u00f1o y Estudios Urbanos (FADEU) de la Pontificia Universidad Cat\u00f3lica de Chile para el per\u00edodo 2021-2024.<\/p>\n","protected":false},"author":1,"featured_media":7792,"comment_status":"open","ping_status":"open","sticky":false,"template":"","format":"standard","meta":{"_acf_changed":false,"footnotes":""},"categories":[1],"tags":[],"class_list":["post-7791","post","type-post","status-publish","format-standard","has-post-thumbnail","hentry","category-sin-categorizar"],"acf":[],"yoast_head":"<!-- This site is optimized with the Yoast SEO plugin v27.1.1 - https:\/\/yoast.com\/product\/yoast-seo-wordpress\/ -->\n<title>Profesor Mario Ubilla es reelecto Decano FADEU para el per\u00edodo 2021-2024 - Facultad de Arquitectura, Dise\u00f1o y Estudios Urbanos<\/title>\n<meta name=\"description\" content=\"El profesor Mario Ubilla ha sido reelecto como Decano de la Facultad de Arquitectura, Dise\u00f1o y Estudios Urbanos (FADEU) de la Pontificia Universidad Cat\u00f3lica de Chile para el per\u00edodo 2021-2024.\" \/>\n<meta name=\"robots\" content=\"index, follow, max-snippet:-1, max-image-preview:large, max-video-preview:-1\" \/>\n<link rel=\"canonical\" href=\"https:\/\/fadeu.urantiacos.cl\/en\/2020\/12\/01\/profesor-mario-ubilla-es-reelecto-decano-fadeu-para-el-periodo-2021-2024\/\" \/>\n<meta property=\"og:locale\" content=\"en_US\" \/>\n<meta property=\"og:type\" content=\"article\" \/>\n<meta property=\"og:title\" content=\"Profesor Mario Ubilla es reelecto Decano FADEU para el per\u00edodo 2021-2024 - Facultad de Arquitectura, Dise\u00f1o y Estudios Urbanos\" \/>\n<meta property=\"og:description\" content=\"El profesor Mario Ubilla ha sido reelecto como Decano de la Facultad de Arquitectura, Dise\u00f1o y Estudios Urbanos (FADEU) de la Pontificia Universidad Cat\u00f3lica de Chile para el per\u00edodo 2021-2024.\" \/>\n<meta property=\"og:url\" content=\"https:\/\/fadeu.urantiacos.cl\/en\/2020\/12\/01\/profesor-mario-ubilla-es-reelecto-decano-fadeu-para-el-periodo-2021-2024\/\" \/>\n<meta property=\"og:site_name\" content=\"Facultad de Arquitectura, Dise\u00f1o y Estudios Urbanos\" \/>\n<meta property=\"article:published_time\" content=\"2020-12-01T19:32:00+00:00\" \/>\n<meta property=\"article:modified_time\" content=\"2023-09-09T19:34:19+00:00\" \/>\n<meta property=\"og:image\" content=\"https:\/\/fadeu.urantiacos.cl\/wp-content\/uploads\/2023\/09\/MARIO_UBILLA-5579_1_1.jpg\" \/>\n\t<meta property=\"og:image:width\" content=\"350\" \/>\n\t<meta property=\"og:image:height\" content=\"250\" \/>\n\t<meta property=\"og:image:type\" content=\"image\/jpeg\" \/>\n<meta name=\"author\" content=\"manadmin\" \/>\n<meta name=\"twitter:card\" content=\"summary_large_image\" \/>\n<meta name=\"twitter:label1\" content=\"Written by\" \/>\n\t<meta name=\"twitter:data1\" content=\"manadmin\" \/>\n\t<meta name=\"twitter:label2\" content=\"Est. reading time\" \/>\n\t<meta name=\"twitter:data2\" content=\"1 minute\" \/>\n<script type=\"application\/ld+json\" class=\"yoast-schema-graph\">{\"@context\":\"https:\/\/schema.org\",\"@graph\":[{\"@type\":\"Article\",\"@id\":\"https:\/\/fadeu.urantiacos.cl\/en\/2020\/12\/01\/profesor-mario-ubilla-es-reelecto-decano-fadeu-para-el-periodo-2021-2024\/#article\",\"isPartOf\":{\"@id\":\"https:\/\/fadeu.urantiacos.cl\/en\/2020\/12\/01\/profesor-mario-ubilla-es-reelecto-decano-fadeu-para-el-periodo-2021-2024\/\"},\"author\":{\"name\":\"manadmin\",\"@id\":\"https:\/\/fadeu.urantiacos.cl\/en\/#\/schema\/person\/d203e2e84b1c40275eac77b3061a19a2\"},\"headline\":\"Profesor Mario Ubilla es reelecto Decano FADEU para el per\u00edodo 2021-2024\",\"datePublished\":\"2020-12-01T19:32:00+00:00\",\"dateModified\":\"2023-09-09T19:34:19+00:00\",\"mainEntityOfPage\":{\"@id\":\"https:\/\/fadeu.urantiacos.cl\/en\/2020\/12\/01\/profesor-mario-ubilla-es-reelecto-decano-fadeu-para-el-periodo-2021-2024\/\"},\"wordCount\":158,\"commentCount\":0,\"image\":{\"@id\":\"https:\/\/fadeu.urantiacos.cl\/en\/2020\/12\/01\/profesor-mario-ubilla-es-reelecto-decano-fadeu-para-el-periodo-2021-2024\/#primaryimage\"},\"thumbnailUrl\":\"https:\/\/fadeu.urantiacos.cl\/wp-content\/uploads\/2023\/09\/MARIO_UBILLA-5579_1_1.jpg\",\"articleSection\":[\"Sin categorizar\"],\"inLanguage\":\"en-US\",\"potentialAction\":[{\"@type\":\"CommentAction\",\"name\":\"Comment\",\"target\":[\"https:\/\/fadeu.urantiacos.cl\/en\/2020\/12\/01\/profesor-mario-ubilla-es-reelecto-decano-fadeu-para-el-periodo-2021-2024\/#respond\"]}]},{\"@type\":\"WebPage\",\"@id\":\"https:\/\/fadeu.urantiacos.cl\/en\/2020\/12\/01\/profesor-mario-ubilla-es-reelecto-decano-fadeu-para-el-periodo-2021-2024\/\",\"url\":\"https:\/\/fadeu.urantiacos.cl\/en\/2020\/12\/01\/profesor-mario-ubilla-es-reelecto-decano-fadeu-para-el-periodo-2021-2024\/\",\"name\":\"Profesor Mario Ubilla es reelecto Decano FADEU para el per\u00edodo 2021-2024 - Facultad de Arquitectura, Dise\u00f1o y Estudios Urbanos\",\"isPartOf\":{\"@id\":\"https:\/\/fadeu.urantiacos.cl\/en\/#website\"},\"primaryImageOfPage\":{\"@id\":\"https:\/\/fadeu.urantiacos.cl\/en\/2020\/12\/01\/profesor-mario-ubilla-es-reelecto-decano-fadeu-para-el-periodo-2021-2024\/#primaryimage\"},\"image\":{\"@id\":\"https:\/\/fadeu.urantiacos.cl\/en\/2020\/12\/01\/profesor-mario-ubilla-es-reelecto-decano-fadeu-para-el-periodo-2021-2024\/#primaryimage\"},\"thumbnailUrl\":\"https:\/\/fadeu.urantiacos.cl\/wp-content\/uploads\/2023\/09\/MARIO_UBILLA-5579_1_1.jpg\",\"datePublished\":\"2020-12-01T19:32:00+00:00\",\"dateModified\":\"2023-09-09T19:34:19+00:00\",\"author\":{\"@id\":\"https:\/\/fadeu.urantiacos.cl\/en\/#\/schema\/person\/d203e2e84b1c40275eac77b3061a19a2\"},\"description\":\"El profesor Mario Ubilla ha sido reelecto como Decano de la Facultad de Arquitectura, Dise\u00f1o y Estudios Urbanos (FADEU) de la Pontificia Universidad Cat\u00f3lica de Chile para el per\u00edodo 2021-2024.\",\"breadcrumb\":{\"@id\":\"https:\/\/fadeu.urantiacos.cl\/en\/2020\/12\/01\/profesor-mario-ubilla-es-reelecto-decano-fadeu-para-el-periodo-2021-2024\/#breadcrumb\"},\"inLanguage\":\"en-US\",\"potentialAction\":[{\"@type\":\"ReadAction\",\"target\":[\"https:\/\/fadeu.urantiacos.cl\/en\/2020\/12\/01\/profesor-mario-ubilla-es-reelecto-decano-fadeu-para-el-periodo-2021-2024\/\"]}]},{\"@type\":\"ImageObject\",\"inLanguage\":\"en-US\",\"@id\":\"https:\/\/fadeu.urantiacos.cl\/en\/2020\/12\/01\/profesor-mario-ubilla-es-reelecto-decano-fadeu-para-el-periodo-2021-2024\/#primaryimage\",\"url\":\"https:\/\/fadeu.urantiacos.cl\/wp-content\/uploads\/2023\/09\/MARIO_UBILLA-5579_1_1.jpg\",\"contentUrl\":\"https:\/\/fadeu.urantiacos.cl\/wp-content\/uploads\/2023\/09\/MARIO_UBILLA-5579_1_1.jpg\",\"width\":350,\"height\":250},{\"@type\":\"BreadcrumbList\",\"@id\":\"https:\/\/fadeu.urantiacos.cl\/en\/2020\/12\/01\/profesor-mario-ubilla-es-reelecto-decano-fadeu-para-el-periodo-2021-2024\/#breadcrumb\",\"itemListElement\":[{\"@type\":\"ListItem\",\"position\":1,\"name\":\"Portada\",\"item\":\"https:\/\/fadeu.urantiacos.cl\/en\/\"},{\"@type\":\"ListItem\",\"position\":2,\"name\":\"Profesor Mario Ubilla es reelecto Decano FADEU para el per\u00edodo 2021-2024\"}]},{\"@type\":\"WebSite\",\"@id\":\"https:\/\/fadeu.urantiacos.cl\/en\/#website\",\"url\":\"https:\/\/fadeu.urantiacos.cl\/en\/\",\"name\":\"Facultad de Arquitectura, Dise\u00f1o y Estudios Urbanos\",\"description\":\"Campus Lo Contador\",\"potentialAction\":[{\"@type\":\"SearchAction\",\"target\":{\"@type\":\"EntryPoint\",\"urlTemplate\":\"https:\/\/fadeu.urantiacos.cl\/en\/?s={search_term_string}\"},\"query-input\":{\"@type\":\"PropertyValueSpecification\",\"valueRequired\":true,\"valueName\":\"search_term_string\"}}],\"inLanguage\":\"en-US\"},{\"@type\":\"Person\",\"@id\":\"https:\/\/fadeu.urantiacos.cl\/en\/#\/schema\/person\/d203e2e84b1c40275eac77b3061a19a2\",\"name\":\"manadmin\",\"image\":{\"@type\":\"ImageObject\",\"inLanguage\":\"en-US\",\"@id\":\"https:\/\/fadeu.urantiacos.cl\/en\/#\/schema\/person\/image\/\",\"url\":\"https:\/\/secure.gravatar.com\/avatar\/4b1d8e3303b4a9d8968ac578947d8bc80d9aea359f388cdd4aac15cadc0e8447?s=96&d=mm&r=g\",\"contentUrl\":\"https:\/\/secure.gravatar.com\/avatar\/4b1d8e3303b4a9d8968ac578947d8bc80d9aea359f388cdd4aac15cadc0e8447?s=96&d=mm&r=g\",\"caption\":\"manadmin\"},\"sameAs\":[\"https:\/\/fadeu.urantiacos.cl\"]}]}<\/script>\n<!-- \/ Yoast SEO plugin. -->","yoast_head_json":{"title":"Profesor Mario Ubilla es reelecto Decano FADEU para el per\u00edodo 2021-2024 - Facultad de Arquitectura, Dise\u00f1o y Estudios Urbanos","description":"El profesor Mario Ubilla ha sido reelecto como Decano de la Facultad de Arquitectura, Dise\u00f1o y Estudios Urbanos (FADEU) de la Pontificia Universidad Cat\u00f3lica de Chile para el per\u00edodo 2021-2024.","robots":{"index":"index","follow":"follow","max-snippet":"max-snippet:-1","max-image-preview":"max-image-preview:large","max-video-preview":"max-video-preview:-1"},"canonical":"https:\/\/fadeu.urantiacos.cl\/en\/2020\/12\/01\/profesor-mario-ubilla-es-reelecto-decano-fadeu-para-el-periodo-2021-2024\/","og_locale":"en_US","og_type":"article","og_title":"Profesor Mario Ubilla es reelecto Decano FADEU para el per\u00edodo 2021-2024 - Facultad de Arquitectura, Dise\u00f1o y Estudios Urbanos","og_description":"El profesor Mario Ubilla ha sido reelecto como Decano de la Facultad de Arquitectura, Dise\u00f1o y Estudios Urbanos (FADEU) de la Pontificia Universidad Cat\u00f3lica de Chile para el per\u00edodo 2021-2024.","og_url":"https:\/\/fadeu.urantiacos.cl\/en\/2020\/12\/01\/profesor-mario-ubilla-es-reelecto-decano-fadeu-para-el-periodo-2021-2024\/","og_site_name":"Facultad de Arquitectura, Dise\u00f1o y Estudios Urbanos","article_published_time":"2020-12-01T19:32:00+00:00","article_modified_time":"2023-09-09T19:34:19+00:00","og_image":[{"width":350,"height":250,"url":"https:\/\/fadeu.urantiacos.cl\/wp-content\/uploads\/2023\/09\/MARIO_UBILLA-5579_1_1.jpg","type":"image\/jpeg"}],"author":"manadmin","twitter_card":"summary_large_image","twitter_misc":{"Written by":"manadmin","Est. reading time":"1 minute"},"schema":{"@context":"https:\/\/schema.org","@graph":[{"@type":"Article","@id":"https:\/\/fadeu.urantiacos.cl\/en\/2020\/12\/01\/profesor-mario-ubilla-es-reelecto-decano-fadeu-para-el-periodo-2021-2024\/#article","isPartOf":{"@id":"https:\/\/fadeu.urantiacos.cl\/en\/2020\/12\/01\/profesor-mario-ubilla-es-reelecto-decano-fadeu-para-el-periodo-2021-2024\/"},"author":{"name":"manadmin","@id":"https:\/\/fadeu.urantiacos.cl\/en\/#\/schema\/person\/d203e2e84b1c40275eac77b3061a19a2"},"headline":"Profesor Mario Ubilla es reelecto Decano FADEU para el per\u00edodo 2021-2024","datePublished":"2020-12-01T19:32:00+00:00","dateModified":"2023-09-09T19:34:19+00:00","mainEntityOfPage":{"@id":"https:\/\/fadeu.urantiacos.cl\/en\/2020\/12\/01\/profesor-mario-ubilla-es-reelecto-decano-fadeu-para-el-periodo-2021-2024\/"},"wordCount":158,"commentCount":0,"image":{"@id":"https:\/\/fadeu.urantiacos.cl\/en\/2020\/12\/01\/profesor-mario-ubilla-es-reelecto-decano-fadeu-para-el-periodo-2021-2024\/#primaryimage"},"thumbnailUrl":"https:\/\/fadeu.urantiacos.cl\/wp-content\/uploads\/2023\/09\/MARIO_UBILLA-5579_1_1.jpg","articleSection":["Sin categorizar"],"inLanguage":"en-US","potentialAction":[{"@type":"CommentAction","name":"Comment","target":["https:\/\/fadeu.urantiacos.cl\/en\/2020\/12\/01\/profesor-mario-ubilla-es-reelecto-decano-fadeu-para-el-periodo-2021-2024\/#respond"]}]},{"@type":"WebPage","@id":"https:\/\/fadeu.urantiacos.cl\/en\/2020\/12\/01\/profesor-mario-ubilla-es-reelecto-decano-fadeu-para-el-periodo-2021-2024\/","url":"https:\/\/fadeu.urantiacos.cl\/en\/2020\/12\/01\/profesor-mario-ubilla-es-reelecto-decano-fadeu-para-el-periodo-2021-2024\/","name":"Profesor Mario Ubilla es reelecto Decano FADEU para el per\u00edodo 2021-2024 - Facultad de Arquitectura, Dise\u00f1o y Estudios Urbanos","isPartOf":{"@id":"https:\/\/fadeu.urantiacos.cl\/en\/#website"},"primaryImageOfPage":{"@id":"https:\/\/fadeu.urantiacos.cl\/en\/2020\/12\/01\/profesor-mario-ubilla-es-reelecto-decano-fadeu-para-el-periodo-2021-2024\/#primaryimage"},"image":{"@id":"https:\/\/fadeu.urantiacos.cl\/en\/2020\/12\/01\/profesor-mario-ubilla-es-reelecto-decano-fadeu-para-el-periodo-2021-2024\/#primaryimage"},"thumbnailUrl":"https:\/\/fadeu.urantiacos.cl\/wp-content\/uploads\/2023\/09\/MARIO_UBILLA-5579_1_1.jpg","datePublished":"2020-12-01T19:32:00+00:00","dateModified":"2023-09-09T19:34:19+00:00","author":{"@id":"https:\/\/fadeu.urantiacos.cl\/en\/#\/schema\/person\/d203e2e84b1c40275eac77b3061a19a2"},"description":"El profesor Mario Ubilla ha sido reelecto como Decano de la Facultad de Arquitectura, Dise\u00f1o y Estudios Urbanos (FADEU) de la Pontificia Universidad Cat\u00f3lica de Chile para el per\u00edodo 2021-2024.","breadcrumb":{"@id":"https:\/\/fadeu.urantiacos.cl\/en\/2020\/12\/01\/profesor-mario-ubilla-es-reelecto-decano-fadeu-para-el-periodo-2021-2024\/#breadcrumb"},"inLanguage":"en-US","potentialAction":[{"@type":"ReadAction","target":["https:\/\/fadeu.urantiacos.cl\/en\/2020\/12\/01\/profesor-mario-ubilla-es-reelecto-decano-fadeu-para-el-periodo-2021-2024\/"]}]},{"@type":"ImageObject","inLanguage":"en-US","@id":"https:\/\/fadeu.urantiacos.cl\/en\/2020\/12\/01\/profesor-mario-ubilla-es-reelecto-decano-fadeu-para-el-periodo-2021-2024\/#primaryimage","url":"https:\/\/fadeu.urantiacos.cl\/wp-content\/uploads\/2023\/09\/MARIO_UBILLA-5579_1_1.jpg","contentUrl":"https:\/\/fadeu.urantiacos.cl\/wp-content\/uploads\/2023\/09\/MARIO_UBILLA-5579_1_1.jpg","width":350,"height":250},{"@type":"BreadcrumbList","@id":"https:\/\/fadeu.urantiacos.cl\/en\/2020\/12\/01\/profesor-mario-ubilla-es-reelecto-decano-fadeu-para-el-periodo-2021-2024\/#breadcrumb","itemListElement":[{"@type":"ListItem","position":1,"name":"Portada","item":"https:\/\/fadeu.urantiacos.cl\/en\/"},{"@type":"ListItem","position":2,"name":"Profesor Mario Ubilla es reelecto Decano FADEU para el per\u00edodo 2021-2024"}]},{"@type":"WebSite","@id":"https:\/\/fadeu.urantiacos.cl\/en\/#website","url":"https:\/\/fadeu.urantiacos.cl\/en\/","name":"Facultad de Arquitectura, Dise\u00f1o y Estudios Urbanos","description":"Campus Lo Contador","potentialAction":[{"@type":"SearchAction","target":{"@type":"EntryPoint","urlTemplate":"https:\/\/fadeu.urantiacos.cl\/en\/?s={search_term_string}"},"query-input":{"@type":"PropertyValueSpecification","valueRequired":true,"valueName":"search_term_string"}}],"inLanguage":"en-US"},{"@type":"Person","@id":"https:\/\/fadeu.urantiacos.cl\/en\/#\/schema\/person\/d203e2e84b1c40275eac77b3061a19a2","name":"manadmin","image":{"@type":"ImageObject","inLanguage":"en-US","@id":"https:\/\/fadeu.urantiacos.cl\/en\/#\/schema\/person\/image\/","url":"https:\/\/secure.gravatar.com\/avatar\/4b1d8e3303b4a9d8968ac578947d8bc80d9aea359f388cdd4aac15cadc0e8447?s=96&d=mm&r=g","contentUrl":"https:\/\/secure.gravatar.com\/avatar\/4b1d8e3303b4a9d8968ac578947d8bc80d9aea359f388cdd4aac15cadc0e8447?s=96&d=mm&r=g","caption":"manadmin"},"sameAs":["https:\/\/fadeu.urantiacos.cl"]}]}},"_links":{"self":[{"href":"https:\/\/fadeu.urantiacos.cl\/en\/wp-json\/wp\/v2\/posts\/7791","targetHints":{"allow":["GET"]}}],"collection":[{"href":"https:\/\/fadeu.urantiacos.cl\/en\/wp-json\/wp\/v2\/posts"}],"about":[{"href":"https:\/\/fadeu.urantiacos.cl\/en\/wp-json\/wp\/v2\/types\/post"}],"author":[{"embeddable":true,"href":"https:\/\/fadeu.urantiacos.cl\/en\/wp-json\/wp\/v2\/users\/1"}],"replies":[{"embeddable":true,"href":"https:\/\/fadeu.urantiacos.cl\/en\/wp-json\/wp\/v2\/comments?post=7791"}],"version-history":[{"count":1,"href":"https:\/\/fadeu.urantiacos.cl\/en\/wp-json\/wp\/v2\/posts\/7791\/revisions"}],"predecessor-version":[{"id":7793,"href":"https:\/\/fadeu.urantiacos.cl\/en\/wp-json\/wp\/v2\/posts\/7791\/revisions\/7793"}],"wp:featuredmedia":[{"embeddable":true,"href":"https:\/\/fadeu.urantiacos.cl\/en\/wp-json\/wp\/v2\/media\/7792"}],"wp:attachment":[{"href":"https:\/\/fadeu.urantiacos.cl\/en\/wp-json\/wp\/v2\/media?parent=7791"}],"wp:term":[{"taxonomy":"category","embeddable":true,"href":"https:\/\/fadeu.urantiacos.cl\/en\/wp-json\/wp\/v2\/categories?post=7791"},{"taxonomy":"post_tag","embeddable":true,"href":"https:\/\/fadeu.urantiacos.cl\/en\/wp-json\/wp\/v2\/tags?post=7791"}],"curies":[{"name":"wp","href":"https:\/\/api.w.org\/{rel}","templated":true}]}}