{"id":7788,"date":"2020-12-04T16:31:00","date_gmt":"2020-12-04T19:31:00","guid":{"rendered":"https:\/\/fadeu.urantiacos.cl\/?p=7788"},"modified":"2023-09-09T16:32:44","modified_gmt":"2023-09-09T19:32:44","slug":"luis-eduardo-bresciani-participo-en-el-seminario-ciudad-2020-y-el-foro-dialogos-para-la-accion-de-la-aoa","status":"publish","type":"post","link":"https:\/\/fadeu.urantiacos.cl\/en\/2020\/12\/04\/luis-eduardo-bresciani-participo-en-el-seminario-ciudad-2020-y-el-foro-dialogos-para-la-accion-de-la-aoa\/","title":{"rendered":"Luis Eduardo Bresciani particip\u00f3 en el seminario &#8220;Ciudad 2020&#8221; y el foro &#8220;Di\u00e1logos para la Acci\u00f3n&#8221; de la AOA"},"content":{"rendered":"\n<figure class=\"wp-block-image size-full\"><img decoding=\"async\" width=\"350\" height=\"250\" src=\"https:\/\/fadeu.urantiacos.cl\/wp-content\/uploads\/2023\/09\/LEB-DICIEMBRE.jpg\" alt=\"\" class=\"wp-image-7789\" srcset=\"https:\/\/fadeu.urantiacos.cl\/wp-content\/uploads\/2023\/09\/LEB-DICIEMBRE.jpg 350w, https:\/\/fadeu.urantiacos.cl\/wp-content\/uploads\/2023\/09\/LEB-DICIEMBRE-300x214.jpg 300w\" sizes=\"(max-width: 350px) 100vw, 350px\" \/><\/figure>\n\n\n\n<p>El d\u00eda 25 de noviembre, Bresciani present\u00f3 \u201cDesaf\u00edo para la regeneraci\u00f3n del centro de Talca\u201d en el seminario online &#8220;Ciudad 2020&#8221;, enfocado en las &#8220;Ciudades intermedias: El futuro del desarrollo sostenible&#8221;, impulsado por la C\u00e1mara Chilena de la Construcci\u00f3n (CChC), en conjunto con la Seremi de Vivienda y Urbanismo, y la Municipalidad de Talca. En el evento se presentaron diferentes oportunidades \u2014surgidas desde la pandemia en un nuevo escenario mundial\u2014 para las ciudades intermedias como Talca. Se busc\u00f3 indagar en modelos de gesti\u00f3n y de vida que respondan a los retos ya identificados en las grandes urbes.<\/p>\n\n\n\n<p>Por otro lado, el director particip\u00f3 tambi\u00e9n de la serie &#8220;Di\u00e1logos para la Acci\u00f3n AOA&#8221;, iniciativa de la Asociaci\u00f3n de Oficinas de Arquitectos (AOA). En este ocasi\u00f3n el foro se titul\u00f3 \u201cPlan de inversiones en infraestructura de movilidad y espacio p\u00fablico de la ciudad de Valdivia\u201d, instancia en la que se present\u00f3 el plan de inversiones, el primero aprobado tras la Ley 20.958 de \u201cAportes al espacio p\u00fablico\u201d. Este plan fue justamente elaborado por la consultora del director de nuestra escuela junto a la empresa de estudios de transporte ARISTO y se trata de una iniciativa municipal que cont\u00f3 con la participaci\u00f3n de actores sectoriales, del gobierno regional, del sector privado, la academia y las principales organizaciones de la sociedad civil de Valdivia. Durante la presentaci\u00f3n del plan se destac\u00f3 su innovaci\u00f3n principal: planificar y priorizar \u2014en forma vinculante con todos los entes p\u00fablicos\u2014 una visi\u00f3n para el 2030 que integre proyectos de ejes de transporte p\u00fablico, parques fluviales, distritos peatonales y una amplia red de ciclov\u00edas, coordinados con cambios a su Plan Regulador Comunal para incentivar la renovaci\u00f3n urbana.<\/p>\n\n\n\n<p>Noticias<\/p>\n\n\n\n<p>Contacto:&nbsp;<a href=\"mailto:redesarq@uc.cl\">redesarq@uc.cl<\/a>&nbsp;| +56 2 2354 7747<br>www.arquitectura.uc.cl<\/p>\n","protected":false},"excerpt":{"rendered":"<p>El director ARQ UC fue invitado al seminario de la C\u00e1mara Chilena de la Construcci\u00f3n (CChC), donde abord\u00f3 la regeneraci\u00f3n de Talca; y al foro de la AOA, donde habl\u00f3 sobre el plan de movilidad de Valdivia.<\/p>\n","protected":false},"author":1,"featured_media":7789,"comment_status":"open","ping_status":"open","sticky":false,"template":"","format":"standard","meta":{"_acf_changed":false,"footnotes":""},"categories":[1],"tags":[],"class_list":["post-7788","post","type-post","status-publish","format-standard","has-post-thumbnail","hentry","category-sin-categorizar"],"acf":[],"yoast_head":"<!-- This site is optimized with the Yoast SEO plugin v27.1.1 - https:\/\/yoast.com\/product\/yoast-seo-wordpress\/ -->\n<title>Luis Eduardo Bresciani particip\u00f3 en el seminario &quot;Ciudad 2020&quot; y el foro &quot;Di\u00e1logos para la Acci\u00f3n&quot; de la AOA - Facultad de Arquitectura, Dise\u00f1o y Estudios Urbanos<\/title>\n<meta name=\"description\" content=\"El director ARQ UC fue invitado al seminario de la C\u00e1mara Chilena de la Construcci\u00f3n (CChC), donde abord\u00f3 la regeneraci\u00f3n de Talca; y al foro de la AOA, donde habl\u00f3 sobre el plan de movilidad de Valdivia.\" \/>\n<meta name=\"robots\" content=\"index, follow, max-snippet:-1, max-image-preview:large, max-video-preview:-1\" \/>\n<link rel=\"canonical\" href=\"https:\/\/fadeu.urantiacos.cl\/en\/2020\/12\/04\/luis-eduardo-bresciani-participo-en-el-seminario-ciudad-2020-y-el-foro-dialogos-para-la-accion-de-la-aoa\/\" \/>\n<meta property=\"og:locale\" content=\"en_US\" \/>\n<meta property=\"og:type\" content=\"article\" \/>\n<meta property=\"og:title\" content=\"Luis Eduardo Bresciani particip\u00f3 en el seminario &quot;Ciudad 2020&quot; y el foro &quot;Di\u00e1logos para la Acci\u00f3n&quot; de la AOA - Facultad de Arquitectura, Dise\u00f1o y Estudios Urbanos\" \/>\n<meta property=\"og:description\" content=\"El director ARQ UC fue invitado al seminario de la C\u00e1mara Chilena de la Construcci\u00f3n (CChC), donde abord\u00f3 la regeneraci\u00f3n de Talca; y al foro de la AOA, donde habl\u00f3 sobre el plan de movilidad de Valdivia.\" \/>\n<meta property=\"og:url\" content=\"https:\/\/fadeu.urantiacos.cl\/en\/2020\/12\/04\/luis-eduardo-bresciani-participo-en-el-seminario-ciudad-2020-y-el-foro-dialogos-para-la-accion-de-la-aoa\/\" \/>\n<meta property=\"og:site_name\" content=\"Facultad de Arquitectura, Dise\u00f1o y Estudios Urbanos\" \/>\n<meta property=\"article:published_time\" content=\"2020-12-04T19:31:00+00:00\" \/>\n<meta property=\"article:modified_time\" content=\"2023-09-09T19:32:44+00:00\" \/>\n<meta property=\"og:image\" content=\"https:\/\/fadeu.urantiacos.cl\/wp-content\/uploads\/2023\/09\/LEB-DICIEMBRE.jpg\" \/>\n\t<meta property=\"og:image:width\" content=\"350\" \/>\n\t<meta property=\"og:image:height\" content=\"250\" \/>\n\t<meta property=\"og:image:type\" content=\"image\/jpeg\" \/>\n<meta name=\"author\" content=\"manadmin\" \/>\n<meta name=\"twitter:card\" content=\"summary_large_image\" \/>\n<meta name=\"twitter:label1\" content=\"Written by\" \/>\n\t<meta name=\"twitter:data1\" content=\"manadmin\" \/>\n\t<meta name=\"twitter:label2\" content=\"Est. reading time\" \/>\n\t<meta name=\"twitter:data2\" content=\"2 minutes\" \/>\n<script type=\"application\/ld+json\" class=\"yoast-schema-graph\">{\"@context\":\"https:\/\/schema.org\",\"@graph\":[{\"@type\":\"Article\",\"@id\":\"https:\/\/fadeu.urantiacos.cl\/en\/2020\/12\/04\/luis-eduardo-bresciani-participo-en-el-seminario-ciudad-2020-y-el-foro-dialogos-para-la-accion-de-la-aoa\/#article\",\"isPartOf\":{\"@id\":\"https:\/\/fadeu.urantiacos.cl\/en\/2020\/12\/04\/luis-eduardo-bresciani-participo-en-el-seminario-ciudad-2020-y-el-foro-dialogos-para-la-accion-de-la-aoa\/\"},\"author\":{\"name\":\"manadmin\",\"@id\":\"https:\/\/fadeu.urantiacos.cl\/en\/#\/schema\/person\/d203e2e84b1c40275eac77b3061a19a2\"},\"headline\":\"Luis Eduardo Bresciani particip\u00f3 en el seminario &#8220;Ciudad 2020&#8221; y el foro &#8220;Di\u00e1logos para la Acci\u00f3n&#8221; de la AOA\",\"datePublished\":\"2020-12-04T19:31:00+00:00\",\"dateModified\":\"2023-09-09T19:32:44+00:00\",\"mainEntityOfPage\":{\"@id\":\"https:\/\/fadeu.urantiacos.cl\/en\/2020\/12\/04\/luis-eduardo-bresciani-participo-en-el-seminario-ciudad-2020-y-el-foro-dialogos-para-la-accion-de-la-aoa\/\"},\"wordCount\":325,\"commentCount\":0,\"image\":{\"@id\":\"https:\/\/fadeu.urantiacos.cl\/en\/2020\/12\/04\/luis-eduardo-bresciani-participo-en-el-seminario-ciudad-2020-y-el-foro-dialogos-para-la-accion-de-la-aoa\/#primaryimage\"},\"thumbnailUrl\":\"https:\/\/fadeu.urantiacos.cl\/wp-content\/uploads\/2023\/09\/LEB-DICIEMBRE.jpg\",\"articleSection\":[\"Sin categorizar\"],\"inLanguage\":\"en-US\",\"potentialAction\":[{\"@type\":\"CommentAction\",\"name\":\"Comment\",\"target\":[\"https:\/\/fadeu.urantiacos.cl\/en\/2020\/12\/04\/luis-eduardo-bresciani-participo-en-el-seminario-ciudad-2020-y-el-foro-dialogos-para-la-accion-de-la-aoa\/#respond\"]}]},{\"@type\":\"WebPage\",\"@id\":\"https:\/\/fadeu.urantiacos.cl\/en\/2020\/12\/04\/luis-eduardo-bresciani-participo-en-el-seminario-ciudad-2020-y-el-foro-dialogos-para-la-accion-de-la-aoa\/\",\"url\":\"https:\/\/fadeu.urantiacos.cl\/en\/2020\/12\/04\/luis-eduardo-bresciani-participo-en-el-seminario-ciudad-2020-y-el-foro-dialogos-para-la-accion-de-la-aoa\/\",\"name\":\"Luis Eduardo Bresciani particip\u00f3 en el seminario \\\"Ciudad 2020\\\" y el foro \\\"Di\u00e1logos para la Acci\u00f3n\\\" de la AOA - Facultad de Arquitectura, Dise\u00f1o y Estudios Urbanos\",\"isPartOf\":{\"@id\":\"https:\/\/fadeu.urantiacos.cl\/en\/#website\"},\"primaryImageOfPage\":{\"@id\":\"https:\/\/fadeu.urantiacos.cl\/en\/2020\/12\/04\/luis-eduardo-bresciani-participo-en-el-seminario-ciudad-2020-y-el-foro-dialogos-para-la-accion-de-la-aoa\/#primaryimage\"},\"image\":{\"@id\":\"https:\/\/fadeu.urantiacos.cl\/en\/2020\/12\/04\/luis-eduardo-bresciani-participo-en-el-seminario-ciudad-2020-y-el-foro-dialogos-para-la-accion-de-la-aoa\/#primaryimage\"},\"thumbnailUrl\":\"https:\/\/fadeu.urantiacos.cl\/wp-content\/uploads\/2023\/09\/LEB-DICIEMBRE.jpg\",\"datePublished\":\"2020-12-04T19:31:00+00:00\",\"dateModified\":\"2023-09-09T19:32:44+00:00\",\"author\":{\"@id\":\"https:\/\/fadeu.urantiacos.cl\/en\/#\/schema\/person\/d203e2e84b1c40275eac77b3061a19a2\"},\"description\":\"El director ARQ UC fue invitado al seminario de la C\u00e1mara Chilena de la Construcci\u00f3n (CChC), donde abord\u00f3 la regeneraci\u00f3n de Talca; y al foro de la AOA, donde habl\u00f3 sobre el plan de movilidad de Valdivia.\",\"breadcrumb\":{\"@id\":\"https:\/\/fadeu.urantiacos.cl\/en\/2020\/12\/04\/luis-eduardo-bresciani-participo-en-el-seminario-ciudad-2020-y-el-foro-dialogos-para-la-accion-de-la-aoa\/#breadcrumb\"},\"inLanguage\":\"en-US\",\"potentialAction\":[{\"@type\":\"ReadAction\",\"target\":[\"https:\/\/fadeu.urantiacos.cl\/en\/2020\/12\/04\/luis-eduardo-bresciani-participo-en-el-seminario-ciudad-2020-y-el-foro-dialogos-para-la-accion-de-la-aoa\/\"]}]},{\"@type\":\"ImageObject\",\"inLanguage\":\"en-US\",\"@id\":\"https:\/\/fadeu.urantiacos.cl\/en\/2020\/12\/04\/luis-eduardo-bresciani-participo-en-el-seminario-ciudad-2020-y-el-foro-dialogos-para-la-accion-de-la-aoa\/#primaryimage\",\"url\":\"https:\/\/fadeu.urantiacos.cl\/wp-content\/uploads\/2023\/09\/LEB-DICIEMBRE.jpg\",\"contentUrl\":\"https:\/\/fadeu.urantiacos.cl\/wp-content\/uploads\/2023\/09\/LEB-DICIEMBRE.jpg\",\"width\":350,\"height\":250},{\"@type\":\"BreadcrumbList\",\"@id\":\"https:\/\/fadeu.urantiacos.cl\/en\/2020\/12\/04\/luis-eduardo-bresciani-participo-en-el-seminario-ciudad-2020-y-el-foro-dialogos-para-la-accion-de-la-aoa\/#breadcrumb\",\"itemListElement\":[{\"@type\":\"ListItem\",\"position\":1,\"name\":\"Portada\",\"item\":\"https:\/\/fadeu.urantiacos.cl\/en\/\"},{\"@type\":\"ListItem\",\"position\":2,\"name\":\"Luis Eduardo Bresciani particip\u00f3 en el seminario &#8220;Ciudad 2020&#8221; y el foro &#8220;Di\u00e1logos para la Acci\u00f3n&#8221; de la AOA\"}]},{\"@type\":\"WebSite\",\"@id\":\"https:\/\/fadeu.urantiacos.cl\/en\/#website\",\"url\":\"https:\/\/fadeu.urantiacos.cl\/en\/\",\"name\":\"Facultad de Arquitectura, Dise\u00f1o y Estudios Urbanos\",\"description\":\"Campus Lo Contador\",\"potentialAction\":[{\"@type\":\"SearchAction\",\"target\":{\"@type\":\"EntryPoint\",\"urlTemplate\":\"https:\/\/fadeu.urantiacos.cl\/en\/?s={search_term_string}\"},\"query-input\":{\"@type\":\"PropertyValueSpecification\",\"valueRequired\":true,\"valueName\":\"search_term_string\"}}],\"inLanguage\":\"en-US\"},{\"@type\":\"Person\",\"@id\":\"https:\/\/fadeu.urantiacos.cl\/en\/#\/schema\/person\/d203e2e84b1c40275eac77b3061a19a2\",\"name\":\"manadmin\",\"image\":{\"@type\":\"ImageObject\",\"inLanguage\":\"en-US\",\"@id\":\"https:\/\/fadeu.urantiacos.cl\/en\/#\/schema\/person\/image\/\",\"url\":\"https:\/\/secure.gravatar.com\/avatar\/4b1d8e3303b4a9d8968ac578947d8bc80d9aea359f388cdd4aac15cadc0e8447?s=96&d=mm&r=g\",\"contentUrl\":\"https:\/\/secure.gravatar.com\/avatar\/4b1d8e3303b4a9d8968ac578947d8bc80d9aea359f388cdd4aac15cadc0e8447?s=96&d=mm&r=g\",\"caption\":\"manadmin\"},\"sameAs\":[\"https:\/\/fadeu.urantiacos.cl\"]}]}<\/script>\n<!-- \/ Yoast SEO plugin. -->","yoast_head_json":{"title":"Luis Eduardo Bresciani particip\u00f3 en el seminario \"Ciudad 2020\" y el foro \"Di\u00e1logos para la Acci\u00f3n\" de la AOA - Facultad de Arquitectura, Dise\u00f1o y Estudios Urbanos","description":"El director ARQ UC fue invitado al seminario de la C\u00e1mara Chilena de la Construcci\u00f3n (CChC), donde abord\u00f3 la regeneraci\u00f3n de Talca; y al foro de la AOA, donde habl\u00f3 sobre el plan de movilidad de Valdivia.","robots":{"index":"index","follow":"follow","max-snippet":"max-snippet:-1","max-image-preview":"max-image-preview:large","max-video-preview":"max-video-preview:-1"},"canonical":"https:\/\/fadeu.urantiacos.cl\/en\/2020\/12\/04\/luis-eduardo-bresciani-participo-en-el-seminario-ciudad-2020-y-el-foro-dialogos-para-la-accion-de-la-aoa\/","og_locale":"en_US","og_type":"article","og_title":"Luis Eduardo Bresciani particip\u00f3 en el seminario \"Ciudad 2020\" y el foro \"Di\u00e1logos para la Acci\u00f3n\" de la AOA - Facultad de Arquitectura, Dise\u00f1o y Estudios Urbanos","og_description":"El director ARQ UC fue invitado al seminario de la C\u00e1mara Chilena de la Construcci\u00f3n (CChC), donde abord\u00f3 la regeneraci\u00f3n de Talca; y al foro de la AOA, donde habl\u00f3 sobre el plan de movilidad de Valdivia.","og_url":"https:\/\/fadeu.urantiacos.cl\/en\/2020\/12\/04\/luis-eduardo-bresciani-participo-en-el-seminario-ciudad-2020-y-el-foro-dialogos-para-la-accion-de-la-aoa\/","og_site_name":"Facultad de Arquitectura, Dise\u00f1o y Estudios Urbanos","article_published_time":"2020-12-04T19:31:00+00:00","article_modified_time":"2023-09-09T19:32:44+00:00","og_image":[{"width":350,"height":250,"url":"https:\/\/fadeu.urantiacos.cl\/wp-content\/uploads\/2023\/09\/LEB-DICIEMBRE.jpg","type":"image\/jpeg"}],"author":"manadmin","twitter_card":"summary_large_image","twitter_misc":{"Written by":"manadmin","Est. reading time":"2 minutes"},"schema":{"@context":"https:\/\/schema.org","@graph":[{"@type":"Article","@id":"https:\/\/fadeu.urantiacos.cl\/en\/2020\/12\/04\/luis-eduardo-bresciani-participo-en-el-seminario-ciudad-2020-y-el-foro-dialogos-para-la-accion-de-la-aoa\/#article","isPartOf":{"@id":"https:\/\/fadeu.urantiacos.cl\/en\/2020\/12\/04\/luis-eduardo-bresciani-participo-en-el-seminario-ciudad-2020-y-el-foro-dialogos-para-la-accion-de-la-aoa\/"},"author":{"name":"manadmin","@id":"https:\/\/fadeu.urantiacos.cl\/en\/#\/schema\/person\/d203e2e84b1c40275eac77b3061a19a2"},"headline":"Luis Eduardo Bresciani particip\u00f3 en el seminario &#8220;Ciudad 2020&#8221; y el foro &#8220;Di\u00e1logos para la Acci\u00f3n&#8221; de la AOA","datePublished":"2020-12-04T19:31:00+00:00","dateModified":"2023-09-09T19:32:44+00:00","mainEntityOfPage":{"@id":"https:\/\/fadeu.urantiacos.cl\/en\/2020\/12\/04\/luis-eduardo-bresciani-participo-en-el-seminario-ciudad-2020-y-el-foro-dialogos-para-la-accion-de-la-aoa\/"},"wordCount":325,"commentCount":0,"image":{"@id":"https:\/\/fadeu.urantiacos.cl\/en\/2020\/12\/04\/luis-eduardo-bresciani-participo-en-el-seminario-ciudad-2020-y-el-foro-dialogos-para-la-accion-de-la-aoa\/#primaryimage"},"thumbnailUrl":"https:\/\/fadeu.urantiacos.cl\/wp-content\/uploads\/2023\/09\/LEB-DICIEMBRE.jpg","articleSection":["Sin categorizar"],"inLanguage":"en-US","potentialAction":[{"@type":"CommentAction","name":"Comment","target":["https:\/\/fadeu.urantiacos.cl\/en\/2020\/12\/04\/luis-eduardo-bresciani-participo-en-el-seminario-ciudad-2020-y-el-foro-dialogos-para-la-accion-de-la-aoa\/#respond"]}]},{"@type":"WebPage","@id":"https:\/\/fadeu.urantiacos.cl\/en\/2020\/12\/04\/luis-eduardo-bresciani-participo-en-el-seminario-ciudad-2020-y-el-foro-dialogos-para-la-accion-de-la-aoa\/","url":"https:\/\/fadeu.urantiacos.cl\/en\/2020\/12\/04\/luis-eduardo-bresciani-participo-en-el-seminario-ciudad-2020-y-el-foro-dialogos-para-la-accion-de-la-aoa\/","name":"Luis Eduardo Bresciani particip\u00f3 en el seminario \"Ciudad 2020\" y el foro \"Di\u00e1logos para la Acci\u00f3n\" de la AOA - Facultad de Arquitectura, Dise\u00f1o y Estudios Urbanos","isPartOf":{"@id":"https:\/\/fadeu.urantiacos.cl\/en\/#website"},"primaryImageOfPage":{"@id":"https:\/\/fadeu.urantiacos.cl\/en\/2020\/12\/04\/luis-eduardo-bresciani-participo-en-el-seminario-ciudad-2020-y-el-foro-dialogos-para-la-accion-de-la-aoa\/#primaryimage"},"image":{"@id":"https:\/\/fadeu.urantiacos.cl\/en\/2020\/12\/04\/luis-eduardo-bresciani-participo-en-el-seminario-ciudad-2020-y-el-foro-dialogos-para-la-accion-de-la-aoa\/#primaryimage"},"thumbnailUrl":"https:\/\/fadeu.urantiacos.cl\/wp-content\/uploads\/2023\/09\/LEB-DICIEMBRE.jpg","datePublished":"2020-12-04T19:31:00+00:00","dateModified":"2023-09-09T19:32:44+00:00","author":{"@id":"https:\/\/fadeu.urantiacos.cl\/en\/#\/schema\/person\/d203e2e84b1c40275eac77b3061a19a2"},"description":"El director ARQ UC fue invitado al seminario de la C\u00e1mara Chilena de la Construcci\u00f3n (CChC), donde abord\u00f3 la regeneraci\u00f3n de Talca; y al foro de la AOA, donde habl\u00f3 sobre el plan de movilidad de Valdivia.","breadcrumb":{"@id":"https:\/\/fadeu.urantiacos.cl\/en\/2020\/12\/04\/luis-eduardo-bresciani-participo-en-el-seminario-ciudad-2020-y-el-foro-dialogos-para-la-accion-de-la-aoa\/#breadcrumb"},"inLanguage":"en-US","potentialAction":[{"@type":"ReadAction","target":["https:\/\/fadeu.urantiacos.cl\/en\/2020\/12\/04\/luis-eduardo-bresciani-participo-en-el-seminario-ciudad-2020-y-el-foro-dialogos-para-la-accion-de-la-aoa\/"]}]},{"@type":"ImageObject","inLanguage":"en-US","@id":"https:\/\/fadeu.urantiacos.cl\/en\/2020\/12\/04\/luis-eduardo-bresciani-participo-en-el-seminario-ciudad-2020-y-el-foro-dialogos-para-la-accion-de-la-aoa\/#primaryimage","url":"https:\/\/fadeu.urantiacos.cl\/wp-content\/uploads\/2023\/09\/LEB-DICIEMBRE.jpg","contentUrl":"https:\/\/fadeu.urantiacos.cl\/wp-content\/uploads\/2023\/09\/LEB-DICIEMBRE.jpg","width":350,"height":250},{"@type":"BreadcrumbList","@id":"https:\/\/fadeu.urantiacos.cl\/en\/2020\/12\/04\/luis-eduardo-bresciani-participo-en-el-seminario-ciudad-2020-y-el-foro-dialogos-para-la-accion-de-la-aoa\/#breadcrumb","itemListElement":[{"@type":"ListItem","position":1,"name":"Portada","item":"https:\/\/fadeu.urantiacos.cl\/en\/"},{"@type":"ListItem","position":2,"name":"Luis Eduardo Bresciani particip\u00f3 en el seminario &#8220;Ciudad 2020&#8221; y el foro &#8220;Di\u00e1logos para la Acci\u00f3n&#8221; de la AOA"}]},{"@type":"WebSite","@id":"https:\/\/fadeu.urantiacos.cl\/en\/#website","url":"https:\/\/fadeu.urantiacos.cl\/en\/","name":"Facultad de Arquitectura, Dise\u00f1o y Estudios Urbanos","description":"Campus Lo Contador","potentialAction":[{"@type":"SearchAction","target":{"@type":"EntryPoint","urlTemplate":"https:\/\/fadeu.urantiacos.cl\/en\/?s={search_term_string}"},"query-input":{"@type":"PropertyValueSpecification","valueRequired":true,"valueName":"search_term_string"}}],"inLanguage":"en-US"},{"@type":"Person","@id":"https:\/\/fadeu.urantiacos.cl\/en\/#\/schema\/person\/d203e2e84b1c40275eac77b3061a19a2","name":"manadmin","image":{"@type":"ImageObject","inLanguage":"en-US","@id":"https:\/\/fadeu.urantiacos.cl\/en\/#\/schema\/person\/image\/","url":"https:\/\/secure.gravatar.com\/avatar\/4b1d8e3303b4a9d8968ac578947d8bc80d9aea359f388cdd4aac15cadc0e8447?s=96&d=mm&r=g","contentUrl":"https:\/\/secure.gravatar.com\/avatar\/4b1d8e3303b4a9d8968ac578947d8bc80d9aea359f388cdd4aac15cadc0e8447?s=96&d=mm&r=g","caption":"manadmin"},"sameAs":["https:\/\/fadeu.urantiacos.cl"]}]}},"_links":{"self":[{"href":"https:\/\/fadeu.urantiacos.cl\/en\/wp-json\/wp\/v2\/posts\/7788","targetHints":{"allow":["GET"]}}],"collection":[{"href":"https:\/\/fadeu.urantiacos.cl\/en\/wp-json\/wp\/v2\/posts"}],"about":[{"href":"https:\/\/fadeu.urantiacos.cl\/en\/wp-json\/wp\/v2\/types\/post"}],"author":[{"embeddable":true,"href":"https:\/\/fadeu.urantiacos.cl\/en\/wp-json\/wp\/v2\/users\/1"}],"replies":[{"embeddable":true,"href":"https:\/\/fadeu.urantiacos.cl\/en\/wp-json\/wp\/v2\/comments?post=7788"}],"version-history":[{"count":1,"href":"https:\/\/fadeu.urantiacos.cl\/en\/wp-json\/wp\/v2\/posts\/7788\/revisions"}],"predecessor-version":[{"id":7790,"href":"https:\/\/fadeu.urantiacos.cl\/en\/wp-json\/wp\/v2\/posts\/7788\/revisions\/7790"}],"wp:featuredmedia":[{"embeddable":true,"href":"https:\/\/fadeu.urantiacos.cl\/en\/wp-json\/wp\/v2\/media\/7789"}],"wp:attachment":[{"href":"https:\/\/fadeu.urantiacos.cl\/en\/wp-json\/wp\/v2\/media?parent=7788"}],"wp:term":[{"taxonomy":"category","embeddable":true,"href":"https:\/\/fadeu.urantiacos.cl\/en\/wp-json\/wp\/v2\/categories?post=7788"},{"taxonomy":"post_tag","embeddable":true,"href":"https:\/\/fadeu.urantiacos.cl\/en\/wp-json\/wp\/v2\/tags?post=7788"}],"curies":[{"name":"wp","href":"https:\/\/api.w.org\/{rel}","templated":true}]}}