{"id":7782,"date":"2020-12-04T16:27:00","date_gmt":"2020-12-04T19:27:00","guid":{"rendered":"https:\/\/fadeu.urantiacos.cl\/?p=7782"},"modified":"2023-09-09T16:29:30","modified_gmt":"2023-09-09T19:29:30","slug":"rocio-hidalgo-y-filipe-temtem-participaron-en-el-xii-siiu-sobre-movilidad-en-portugal","status":"publish","type":"post","link":"https:\/\/fadeu.urantiacos.cl\/en\/2020\/12\/04\/rocio-hidalgo-y-filipe-temtem-participaron-en-el-xii-siiu-sobre-movilidad-en-portugal\/","title":{"rendered":"Roc\u00edo Hidalgo y Filipe Temtem participaron en el XII SIIU sobre movilidad en Portugal"},"content":{"rendered":"\n<figure class=\"wp-block-image size-full\"><img decoding=\"async\" width=\"350\" height=\"250\" src=\"https:\/\/fadeu.urantiacos.cl\/wp-content\/uploads\/2023\/09\/SIIU-549x512-1.png\" alt=\"\" class=\"wp-image-7783\" srcset=\"https:\/\/fadeu.urantiacos.cl\/wp-content\/uploads\/2023\/09\/SIIU-549x512-1.png 350w, https:\/\/fadeu.urantiacos.cl\/wp-content\/uploads\/2023\/09\/SIIU-549x512-1-300x214.png 300w\" sizes=\"(max-width: 350px) 100vw, 350px\" \/><\/figure>\n\n\n\n<p>Con la presentaci\u00f3n \u201cMovilidad, proyecto urbano y espacio p\u00fablico en ciudades intermedias\u201d, los acad\u00e9micos dieron a conocer los resultados del trabajo de investigaci\u00f3n y proyecto realizados en el marco del Taller \u201cMovilidad y proyecto urbano en ciudades intermedias\u201d del Mag\u00edster en Proyecto Urbano (MPUR UC). La ponencia fue destacada por el Comit\u00e9 Cient\u00edfico del evento como uno de los mejores art\u00edculos presentados.<\/p>\n\n\n\n<p>Abordando los ejes de &#8220;ciudad y proyecto&#8221;, &#8220;ciudad y medio ambiente&#8221; y &#8220;din\u00e1micas urbanas&#8221;, el seminario \u2014realizado en esta oportunidad en versi\u00f3n webinar por la pandemia\u2014 se llev\u00f3 a cabo los d\u00edas 26 y 27 de noviembre de 2020. La segunda parte del SIIU se realizar\u00e1 en S\u00e3o Paulo los d\u00edas 14, 15 y 16 de diciembre de 2020. Este evento es organizado por el Departamento de Urbanismo y Ordenaci\u00f3n del Territorio de la Universitat Polit\u00e8cnica de Catalunya en la sede Barcelona. Colaboran en su d\u00e9cimo segunda versi\u00f3n la Facultad de Arquitectura de la Universidad de Lisboa (FA.ULisboa), el Programa de Posgrado en Arquitectura y Urbanismo de la Universidad Presbiteriana Mackenzie (PPGAU FAU-UPM), y el Programa de Posgrado en Arquitectura y Urbanismo de la Pontificia Universidad Cat\u00f3lica de Campinas (POSURB-ARQ, PUC Campinas).<\/p>\n\n\n\n<p>Sobre el taller<br>\u00bfDe qu\u00e9 forma y a trav\u00e9s de qu\u00e9 mecanismos la implementaci\u00f3n de nuevos sistemas de movilidad puede inducir procesos particulares de desarrollo y dise\u00f1o urbano en ciudades intermedias? Al alero de esta pregunta, el curso estudia ciudades como Iquique, Alto Hospicio, La Serena, Valdivia, Osorno, Puerto Varas y Puerto Montt. Desde la comprensi\u00f3n y an\u00e1lisis de su historia urbana, din\u00e1micas actuales y proyectos futuros \u2014pasando tambi\u00e9n por el estudio de su morfolog\u00eda, geograf\u00eda, paisaje y usos\u2014, se identifican problemas clave que informan la realizaci\u00f3n de proyectos urbanos asociado a la implementaci\u00f3n de nuevas infraestructuras de movilidad.<\/p>\n\n\n\n<p>Estudiantes_<br>Elisa Bernal<br>Paula Buglio<br>Catalina Alberti<br>Camila Bravo<br>Denise Marco<br>Eduardo Arce<\/p>\n\n\n\n<p>Ver la web del SIIU en el siguiente&nbsp;<a href=\"http:\/\/siiu2020.fa.ulisboa.pt\/index.php\/en\/\" target=\"_blank\" rel=\"noreferrer noopener\">link<\/a>&nbsp;<\/p>\n\n\n\n<p>Noticias<\/p>\n\n\n\n<p>Contacto:&nbsp;<a href=\"mailto:redesarq@uc.cl\">redesarq@uc.cl<\/a>&nbsp;| +56 2 2354 7747<br>www.arquitectura.uc.cl<\/p>\n","protected":false},"excerpt":{"rendered":"<p>Los profesores ARQ UC Roc\u00edo Hidalgo y Filipe Temtem fueron invitados a presentar en el XII Seminario Internacional de Investigacio\u0301n en Urbanismo (SIIU), realizado en Lisboa, Portugal.<\/p>\n","protected":false},"author":1,"featured_media":7783,"comment_status":"open","ping_status":"open","sticky":false,"template":"","format":"standard","meta":{"_acf_changed":false,"footnotes":""},"categories":[1],"tags":[],"class_list":["post-7782","post","type-post","status-publish","format-standard","has-post-thumbnail","hentry","category-sin-categorizar"],"acf":[],"yoast_head":"<!-- This site is optimized with the Yoast SEO plugin v27.1.1 - https:\/\/yoast.com\/product\/yoast-seo-wordpress\/ -->\n<title>Roc\u00edo Hidalgo y Filipe Temtem participaron en el XII SIIU sobre movilidad en Portugal - Facultad de Arquitectura, Dise\u00f1o y Estudios Urbanos<\/title>\n<meta name=\"description\" content=\"Los profesores ARQ UC Roc\u00edo Hidalgo y Filipe Temtem fueron invitados a presentar en el XII Seminario Internacional de Investigacio\u0301n en Urbanismo (SIIU), realizado en Lisboa, Portugal.\" \/>\n<meta name=\"robots\" content=\"index, follow, max-snippet:-1, max-image-preview:large, max-video-preview:-1\" \/>\n<link rel=\"canonical\" href=\"https:\/\/fadeu.urantiacos.cl\/en\/2020\/12\/04\/rocio-hidalgo-y-filipe-temtem-participaron-en-el-xii-siiu-sobre-movilidad-en-portugal\/\" \/>\n<meta property=\"og:locale\" content=\"en_US\" \/>\n<meta property=\"og:type\" content=\"article\" \/>\n<meta property=\"og:title\" content=\"Roc\u00edo Hidalgo y Filipe Temtem participaron en el XII SIIU sobre movilidad en Portugal - Facultad de Arquitectura, Dise\u00f1o y Estudios Urbanos\" \/>\n<meta property=\"og:description\" content=\"Los profesores ARQ UC Roc\u00edo Hidalgo y Filipe Temtem fueron invitados a presentar en el XII Seminario Internacional de Investigacio\u0301n en Urbanismo (SIIU), realizado en Lisboa, Portugal.\" \/>\n<meta property=\"og:url\" content=\"https:\/\/fadeu.urantiacos.cl\/en\/2020\/12\/04\/rocio-hidalgo-y-filipe-temtem-participaron-en-el-xii-siiu-sobre-movilidad-en-portugal\/\" \/>\n<meta property=\"og:site_name\" content=\"Facultad de Arquitectura, Dise\u00f1o y Estudios Urbanos\" \/>\n<meta property=\"article:published_time\" content=\"2020-12-04T19:27:00+00:00\" \/>\n<meta property=\"article:modified_time\" content=\"2023-09-09T19:29:30+00:00\" \/>\n<meta property=\"og:image\" content=\"https:\/\/fadeu.urantiacos.cl\/wp-content\/uploads\/2023\/09\/SIIU-549x512-1.png\" \/>\n\t<meta property=\"og:image:width\" content=\"350\" \/>\n\t<meta property=\"og:image:height\" content=\"250\" \/>\n\t<meta property=\"og:image:type\" content=\"image\/png\" \/>\n<meta name=\"author\" content=\"manadmin\" \/>\n<meta name=\"twitter:card\" content=\"summary_large_image\" \/>\n<meta name=\"twitter:label1\" content=\"Written by\" \/>\n\t<meta name=\"twitter:data1\" content=\"manadmin\" \/>\n\t<meta name=\"twitter:label2\" content=\"Est. reading time\" \/>\n\t<meta name=\"twitter:data2\" content=\"2 minutes\" \/>\n<script type=\"application\/ld+json\" class=\"yoast-schema-graph\">{\"@context\":\"https:\/\/schema.org\",\"@graph\":[{\"@type\":\"Article\",\"@id\":\"https:\/\/fadeu.urantiacos.cl\/en\/2020\/12\/04\/rocio-hidalgo-y-filipe-temtem-participaron-en-el-xii-siiu-sobre-movilidad-en-portugal\/#article\",\"isPartOf\":{\"@id\":\"https:\/\/fadeu.urantiacos.cl\/en\/2020\/12\/04\/rocio-hidalgo-y-filipe-temtem-participaron-en-el-xii-siiu-sobre-movilidad-en-portugal\/\"},\"author\":{\"name\":\"manadmin\",\"@id\":\"https:\/\/fadeu.urantiacos.cl\/en\/#\/schema\/person\/d203e2e84b1c40275eac77b3061a19a2\"},\"headline\":\"Roc\u00edo Hidalgo y Filipe Temtem participaron en el XII SIIU sobre movilidad en Portugal\",\"datePublished\":\"2020-12-04T19:27:00+00:00\",\"dateModified\":\"2023-09-09T19:29:30+00:00\",\"mainEntityOfPage\":{\"@id\":\"https:\/\/fadeu.urantiacos.cl\/en\/2020\/12\/04\/rocio-hidalgo-y-filipe-temtem-participaron-en-el-xii-siiu-sobre-movilidad-en-portugal\/\"},\"wordCount\":360,\"commentCount\":0,\"image\":{\"@id\":\"https:\/\/fadeu.urantiacos.cl\/en\/2020\/12\/04\/rocio-hidalgo-y-filipe-temtem-participaron-en-el-xii-siiu-sobre-movilidad-en-portugal\/#primaryimage\"},\"thumbnailUrl\":\"https:\/\/fadeu.urantiacos.cl\/wp-content\/uploads\/2023\/09\/SIIU-549x512-1.png\",\"articleSection\":[\"Sin categorizar\"],\"inLanguage\":\"en-US\",\"potentialAction\":[{\"@type\":\"CommentAction\",\"name\":\"Comment\",\"target\":[\"https:\/\/fadeu.urantiacos.cl\/en\/2020\/12\/04\/rocio-hidalgo-y-filipe-temtem-participaron-en-el-xii-siiu-sobre-movilidad-en-portugal\/#respond\"]}]},{\"@type\":\"WebPage\",\"@id\":\"https:\/\/fadeu.urantiacos.cl\/en\/2020\/12\/04\/rocio-hidalgo-y-filipe-temtem-participaron-en-el-xii-siiu-sobre-movilidad-en-portugal\/\",\"url\":\"https:\/\/fadeu.urantiacos.cl\/en\/2020\/12\/04\/rocio-hidalgo-y-filipe-temtem-participaron-en-el-xii-siiu-sobre-movilidad-en-portugal\/\",\"name\":\"Roc\u00edo Hidalgo y Filipe Temtem participaron en el XII SIIU sobre movilidad en Portugal - Facultad de Arquitectura, Dise\u00f1o y Estudios Urbanos\",\"isPartOf\":{\"@id\":\"https:\/\/fadeu.urantiacos.cl\/en\/#website\"},\"primaryImageOfPage\":{\"@id\":\"https:\/\/fadeu.urantiacos.cl\/en\/2020\/12\/04\/rocio-hidalgo-y-filipe-temtem-participaron-en-el-xii-siiu-sobre-movilidad-en-portugal\/#primaryimage\"},\"image\":{\"@id\":\"https:\/\/fadeu.urantiacos.cl\/en\/2020\/12\/04\/rocio-hidalgo-y-filipe-temtem-participaron-en-el-xii-siiu-sobre-movilidad-en-portugal\/#primaryimage\"},\"thumbnailUrl\":\"https:\/\/fadeu.urantiacos.cl\/wp-content\/uploads\/2023\/09\/SIIU-549x512-1.png\",\"datePublished\":\"2020-12-04T19:27:00+00:00\",\"dateModified\":\"2023-09-09T19:29:30+00:00\",\"author\":{\"@id\":\"https:\/\/fadeu.urantiacos.cl\/en\/#\/schema\/person\/d203e2e84b1c40275eac77b3061a19a2\"},\"description\":\"Los profesores ARQ UC Roc\u00edo Hidalgo y Filipe Temtem fueron invitados a presentar en el XII Seminario Internacional de Investigacio\u0301n en Urbanismo (SIIU), realizado en Lisboa, Portugal.\",\"breadcrumb\":{\"@id\":\"https:\/\/fadeu.urantiacos.cl\/en\/2020\/12\/04\/rocio-hidalgo-y-filipe-temtem-participaron-en-el-xii-siiu-sobre-movilidad-en-portugal\/#breadcrumb\"},\"inLanguage\":\"en-US\",\"potentialAction\":[{\"@type\":\"ReadAction\",\"target\":[\"https:\/\/fadeu.urantiacos.cl\/en\/2020\/12\/04\/rocio-hidalgo-y-filipe-temtem-participaron-en-el-xii-siiu-sobre-movilidad-en-portugal\/\"]}]},{\"@type\":\"ImageObject\",\"inLanguage\":\"en-US\",\"@id\":\"https:\/\/fadeu.urantiacos.cl\/en\/2020\/12\/04\/rocio-hidalgo-y-filipe-temtem-participaron-en-el-xii-siiu-sobre-movilidad-en-portugal\/#primaryimage\",\"url\":\"https:\/\/fadeu.urantiacos.cl\/wp-content\/uploads\/2023\/09\/SIIU-549x512-1.png\",\"contentUrl\":\"https:\/\/fadeu.urantiacos.cl\/wp-content\/uploads\/2023\/09\/SIIU-549x512-1.png\",\"width\":350,\"height\":250},{\"@type\":\"BreadcrumbList\",\"@id\":\"https:\/\/fadeu.urantiacos.cl\/en\/2020\/12\/04\/rocio-hidalgo-y-filipe-temtem-participaron-en-el-xii-siiu-sobre-movilidad-en-portugal\/#breadcrumb\",\"itemListElement\":[{\"@type\":\"ListItem\",\"position\":1,\"name\":\"Portada\",\"item\":\"https:\/\/fadeu.urantiacos.cl\/en\/\"},{\"@type\":\"ListItem\",\"position\":2,\"name\":\"Roc\u00edo Hidalgo y Filipe Temtem participaron en el XII SIIU sobre movilidad en Portugal\"}]},{\"@type\":\"WebSite\",\"@id\":\"https:\/\/fadeu.urantiacos.cl\/en\/#website\",\"url\":\"https:\/\/fadeu.urantiacos.cl\/en\/\",\"name\":\"Facultad de Arquitectura, Dise\u00f1o y Estudios Urbanos\",\"description\":\"Campus Lo Contador\",\"potentialAction\":[{\"@type\":\"SearchAction\",\"target\":{\"@type\":\"EntryPoint\",\"urlTemplate\":\"https:\/\/fadeu.urantiacos.cl\/en\/?s={search_term_string}\"},\"query-input\":{\"@type\":\"PropertyValueSpecification\",\"valueRequired\":true,\"valueName\":\"search_term_string\"}}],\"inLanguage\":\"en-US\"},{\"@type\":\"Person\",\"@id\":\"https:\/\/fadeu.urantiacos.cl\/en\/#\/schema\/person\/d203e2e84b1c40275eac77b3061a19a2\",\"name\":\"manadmin\",\"image\":{\"@type\":\"ImageObject\",\"inLanguage\":\"en-US\",\"@id\":\"https:\/\/fadeu.urantiacos.cl\/en\/#\/schema\/person\/image\/\",\"url\":\"https:\/\/secure.gravatar.com\/avatar\/4b1d8e3303b4a9d8968ac578947d8bc80d9aea359f388cdd4aac15cadc0e8447?s=96&d=mm&r=g\",\"contentUrl\":\"https:\/\/secure.gravatar.com\/avatar\/4b1d8e3303b4a9d8968ac578947d8bc80d9aea359f388cdd4aac15cadc0e8447?s=96&d=mm&r=g\",\"caption\":\"manadmin\"},\"sameAs\":[\"https:\/\/fadeu.urantiacos.cl\"]}]}<\/script>\n<!-- \/ Yoast SEO plugin. -->","yoast_head_json":{"title":"Roc\u00edo Hidalgo y Filipe Temtem participaron en el XII SIIU sobre movilidad en Portugal - Facultad de Arquitectura, Dise\u00f1o y Estudios Urbanos","description":"Los profesores ARQ UC Roc\u00edo Hidalgo y Filipe Temtem fueron invitados a presentar en el XII Seminario Internacional de Investigacio\u0301n en Urbanismo (SIIU), realizado en Lisboa, Portugal.","robots":{"index":"index","follow":"follow","max-snippet":"max-snippet:-1","max-image-preview":"max-image-preview:large","max-video-preview":"max-video-preview:-1"},"canonical":"https:\/\/fadeu.urantiacos.cl\/en\/2020\/12\/04\/rocio-hidalgo-y-filipe-temtem-participaron-en-el-xii-siiu-sobre-movilidad-en-portugal\/","og_locale":"en_US","og_type":"article","og_title":"Roc\u00edo Hidalgo y Filipe Temtem participaron en el XII SIIU sobre movilidad en Portugal - Facultad de Arquitectura, Dise\u00f1o y Estudios Urbanos","og_description":"Los profesores ARQ UC Roc\u00edo Hidalgo y Filipe Temtem fueron invitados a presentar en el XII Seminario Internacional de Investigacio\u0301n en Urbanismo (SIIU), realizado en Lisboa, Portugal.","og_url":"https:\/\/fadeu.urantiacos.cl\/en\/2020\/12\/04\/rocio-hidalgo-y-filipe-temtem-participaron-en-el-xii-siiu-sobre-movilidad-en-portugal\/","og_site_name":"Facultad de Arquitectura, Dise\u00f1o y Estudios Urbanos","article_published_time":"2020-12-04T19:27:00+00:00","article_modified_time":"2023-09-09T19:29:30+00:00","og_image":[{"width":350,"height":250,"url":"https:\/\/fadeu.urantiacos.cl\/wp-content\/uploads\/2023\/09\/SIIU-549x512-1.png","type":"image\/png"}],"author":"manadmin","twitter_card":"summary_large_image","twitter_misc":{"Written by":"manadmin","Est. reading time":"2 minutes"},"schema":{"@context":"https:\/\/schema.org","@graph":[{"@type":"Article","@id":"https:\/\/fadeu.urantiacos.cl\/en\/2020\/12\/04\/rocio-hidalgo-y-filipe-temtem-participaron-en-el-xii-siiu-sobre-movilidad-en-portugal\/#article","isPartOf":{"@id":"https:\/\/fadeu.urantiacos.cl\/en\/2020\/12\/04\/rocio-hidalgo-y-filipe-temtem-participaron-en-el-xii-siiu-sobre-movilidad-en-portugal\/"},"author":{"name":"manadmin","@id":"https:\/\/fadeu.urantiacos.cl\/en\/#\/schema\/person\/d203e2e84b1c40275eac77b3061a19a2"},"headline":"Roc\u00edo Hidalgo y Filipe Temtem participaron en el XII SIIU sobre movilidad en Portugal","datePublished":"2020-12-04T19:27:00+00:00","dateModified":"2023-09-09T19:29:30+00:00","mainEntityOfPage":{"@id":"https:\/\/fadeu.urantiacos.cl\/en\/2020\/12\/04\/rocio-hidalgo-y-filipe-temtem-participaron-en-el-xii-siiu-sobre-movilidad-en-portugal\/"},"wordCount":360,"commentCount":0,"image":{"@id":"https:\/\/fadeu.urantiacos.cl\/en\/2020\/12\/04\/rocio-hidalgo-y-filipe-temtem-participaron-en-el-xii-siiu-sobre-movilidad-en-portugal\/#primaryimage"},"thumbnailUrl":"https:\/\/fadeu.urantiacos.cl\/wp-content\/uploads\/2023\/09\/SIIU-549x512-1.png","articleSection":["Sin categorizar"],"inLanguage":"en-US","potentialAction":[{"@type":"CommentAction","name":"Comment","target":["https:\/\/fadeu.urantiacos.cl\/en\/2020\/12\/04\/rocio-hidalgo-y-filipe-temtem-participaron-en-el-xii-siiu-sobre-movilidad-en-portugal\/#respond"]}]},{"@type":"WebPage","@id":"https:\/\/fadeu.urantiacos.cl\/en\/2020\/12\/04\/rocio-hidalgo-y-filipe-temtem-participaron-en-el-xii-siiu-sobre-movilidad-en-portugal\/","url":"https:\/\/fadeu.urantiacos.cl\/en\/2020\/12\/04\/rocio-hidalgo-y-filipe-temtem-participaron-en-el-xii-siiu-sobre-movilidad-en-portugal\/","name":"Roc\u00edo Hidalgo y Filipe Temtem participaron en el XII SIIU sobre movilidad en Portugal - Facultad de Arquitectura, Dise\u00f1o y Estudios Urbanos","isPartOf":{"@id":"https:\/\/fadeu.urantiacos.cl\/en\/#website"},"primaryImageOfPage":{"@id":"https:\/\/fadeu.urantiacos.cl\/en\/2020\/12\/04\/rocio-hidalgo-y-filipe-temtem-participaron-en-el-xii-siiu-sobre-movilidad-en-portugal\/#primaryimage"},"image":{"@id":"https:\/\/fadeu.urantiacos.cl\/en\/2020\/12\/04\/rocio-hidalgo-y-filipe-temtem-participaron-en-el-xii-siiu-sobre-movilidad-en-portugal\/#primaryimage"},"thumbnailUrl":"https:\/\/fadeu.urantiacos.cl\/wp-content\/uploads\/2023\/09\/SIIU-549x512-1.png","datePublished":"2020-12-04T19:27:00+00:00","dateModified":"2023-09-09T19:29:30+00:00","author":{"@id":"https:\/\/fadeu.urantiacos.cl\/en\/#\/schema\/person\/d203e2e84b1c40275eac77b3061a19a2"},"description":"Los profesores ARQ UC Roc\u00edo Hidalgo y Filipe Temtem fueron invitados a presentar en el XII Seminario Internacional de Investigacio\u0301n en Urbanismo (SIIU), realizado en Lisboa, Portugal.","breadcrumb":{"@id":"https:\/\/fadeu.urantiacos.cl\/en\/2020\/12\/04\/rocio-hidalgo-y-filipe-temtem-participaron-en-el-xii-siiu-sobre-movilidad-en-portugal\/#breadcrumb"},"inLanguage":"en-US","potentialAction":[{"@type":"ReadAction","target":["https:\/\/fadeu.urantiacos.cl\/en\/2020\/12\/04\/rocio-hidalgo-y-filipe-temtem-participaron-en-el-xii-siiu-sobre-movilidad-en-portugal\/"]}]},{"@type":"ImageObject","inLanguage":"en-US","@id":"https:\/\/fadeu.urantiacos.cl\/en\/2020\/12\/04\/rocio-hidalgo-y-filipe-temtem-participaron-en-el-xii-siiu-sobre-movilidad-en-portugal\/#primaryimage","url":"https:\/\/fadeu.urantiacos.cl\/wp-content\/uploads\/2023\/09\/SIIU-549x512-1.png","contentUrl":"https:\/\/fadeu.urantiacos.cl\/wp-content\/uploads\/2023\/09\/SIIU-549x512-1.png","width":350,"height":250},{"@type":"BreadcrumbList","@id":"https:\/\/fadeu.urantiacos.cl\/en\/2020\/12\/04\/rocio-hidalgo-y-filipe-temtem-participaron-en-el-xii-siiu-sobre-movilidad-en-portugal\/#breadcrumb","itemListElement":[{"@type":"ListItem","position":1,"name":"Portada","item":"https:\/\/fadeu.urantiacos.cl\/en\/"},{"@type":"ListItem","position":2,"name":"Roc\u00edo Hidalgo y Filipe Temtem participaron en el XII SIIU sobre movilidad en Portugal"}]},{"@type":"WebSite","@id":"https:\/\/fadeu.urantiacos.cl\/en\/#website","url":"https:\/\/fadeu.urantiacos.cl\/en\/","name":"Facultad de Arquitectura, Dise\u00f1o y Estudios Urbanos","description":"Campus Lo Contador","potentialAction":[{"@type":"SearchAction","target":{"@type":"EntryPoint","urlTemplate":"https:\/\/fadeu.urantiacos.cl\/en\/?s={search_term_string}"},"query-input":{"@type":"PropertyValueSpecification","valueRequired":true,"valueName":"search_term_string"}}],"inLanguage":"en-US"},{"@type":"Person","@id":"https:\/\/fadeu.urantiacos.cl\/en\/#\/schema\/person\/d203e2e84b1c40275eac77b3061a19a2","name":"manadmin","image":{"@type":"ImageObject","inLanguage":"en-US","@id":"https:\/\/fadeu.urantiacos.cl\/en\/#\/schema\/person\/image\/","url":"https:\/\/secure.gravatar.com\/avatar\/4b1d8e3303b4a9d8968ac578947d8bc80d9aea359f388cdd4aac15cadc0e8447?s=96&d=mm&r=g","contentUrl":"https:\/\/secure.gravatar.com\/avatar\/4b1d8e3303b4a9d8968ac578947d8bc80d9aea359f388cdd4aac15cadc0e8447?s=96&d=mm&r=g","caption":"manadmin"},"sameAs":["https:\/\/fadeu.urantiacos.cl"]}]}},"_links":{"self":[{"href":"https:\/\/fadeu.urantiacos.cl\/en\/wp-json\/wp\/v2\/posts\/7782","targetHints":{"allow":["GET"]}}],"collection":[{"href":"https:\/\/fadeu.urantiacos.cl\/en\/wp-json\/wp\/v2\/posts"}],"about":[{"href":"https:\/\/fadeu.urantiacos.cl\/en\/wp-json\/wp\/v2\/types\/post"}],"author":[{"embeddable":true,"href":"https:\/\/fadeu.urantiacos.cl\/en\/wp-json\/wp\/v2\/users\/1"}],"replies":[{"embeddable":true,"href":"https:\/\/fadeu.urantiacos.cl\/en\/wp-json\/wp\/v2\/comments?post=7782"}],"version-history":[{"count":1,"href":"https:\/\/fadeu.urantiacos.cl\/en\/wp-json\/wp\/v2\/posts\/7782\/revisions"}],"predecessor-version":[{"id":7784,"href":"https:\/\/fadeu.urantiacos.cl\/en\/wp-json\/wp\/v2\/posts\/7782\/revisions\/7784"}],"wp:featuredmedia":[{"embeddable":true,"href":"https:\/\/fadeu.urantiacos.cl\/en\/wp-json\/wp\/v2\/media\/7783"}],"wp:attachment":[{"href":"https:\/\/fadeu.urantiacos.cl\/en\/wp-json\/wp\/v2\/media?parent=7782"}],"wp:term":[{"taxonomy":"category","embeddable":true,"href":"https:\/\/fadeu.urantiacos.cl\/en\/wp-json\/wp\/v2\/categories?post=7782"},{"taxonomy":"post_tag","embeddable":true,"href":"https:\/\/fadeu.urantiacos.cl\/en\/wp-json\/wp\/v2\/tags?post=7782"}],"curies":[{"name":"wp","href":"https:\/\/api.w.org\/{rel}","templated":true}]}}