{"id":7779,"date":"2020-12-04T16:26:00","date_gmt":"2020-12-04T19:26:00","guid":{"rendered":"https:\/\/fadeu.urantiacos.cl\/?p=7779"},"modified":"2023-09-09T16:27:55","modified_gmt":"2023-09-09T19:27:55","slug":"mapocho-42k-cumple-10-anos-y-sandra-iturriaga-es-invitada-a-diferentes-eventos-para-hablar-del-proyecto","status":"publish","type":"post","link":"https:\/\/fadeu.urantiacos.cl\/en\/2020\/12\/04\/mapocho-42k-cumple-10-anos-y-sandra-iturriaga-es-invitada-a-diferentes-eventos-para-hablar-del-proyecto\/","title":{"rendered":"Mapocho 42K cumple 10 a\u00f1os y Sandra Iturriaga es invitada a diferentes eventos para hablar del proyecto"},"content":{"rendered":"\n<figure class=\"wp-block-image size-full\"><img decoding=\"async\" width=\"350\" height=\"250\" src=\"https:\/\/fadeu.urantiacos.cl\/wp-content\/uploads\/2023\/09\/MAPOCHO_42K_DICIEMBRE.jpg\" alt=\"\" class=\"wp-image-7780\" srcset=\"https:\/\/fadeu.urantiacos.cl\/wp-content\/uploads\/2023\/09\/MAPOCHO_42K_DICIEMBRE.jpg 350w, https:\/\/fadeu.urantiacos.cl\/wp-content\/uploads\/2023\/09\/MAPOCHO_42K_DICIEMBRE-300x214.jpg 300w\" sizes=\"(max-width: 350px) 100vw, 350px\" \/><\/figure>\n\n\n\n<p>En el evento de Ladera Sur \u2014vig\u00e9simo segunda conversaci\u00f3n de un ciclo semanal transmitido por Instagram Live\u2014, Iturriaga habl\u00f3 con Pablo Valenzuela sobre el proyecto, que conforma un sistema de parques integrados en la ribera del r\u00edo Mapocho mediante un cicloparque de 42 kil\u00f3metros.<\/p>\n\n\n\n<p>Las jornadas en Santa Fe, por otro lado, buscaban conmemorar el D\u00eda del Urbanismo. En esta oportunidad, Iturriaga fue invitada a reflexionar \u2014a partir de Mapocho 42K\u2014, en torno a las ciudades latinoamericanas a partir de sus interacciones con el territorio y con \u00e9nfasis en una perspectiva &#8220;desde el sur&#8221;. En ese sentido, las jornadas invitaban a pensar en las formas de &#8220;proyectar en el territorio desde las distintas escalas del habitar&#8221;.<\/p>\n\n\n\n<p>Ver entrevista en Ladera Sur en el siguiente&nbsp;<a href=\"https:\/\/www.instagram.com\/tv\/CH_fXtKH6HK\/?igshid=1buy2obsw75t9\" target=\"_blank\" rel=\"noreferrer noopener\">link<\/a><br>Ver las jornadas en el CA D1 de Santa Fe en el siguiente&nbsp;<a href=\"https:\/\/cad1.org.ar\/?cat=4\" target=\"_blank\" rel=\"noreferrer noopener\">link<\/a><br>Visitar p\u00e1gina web de Mapocho 42k en el siguiente&nbsp;<a href=\"https:\/\/www.mapocho42k.cl\/\" target=\"_blank\" rel=\"noreferrer noopener\">link<\/a><\/p>\n\n\n\n<p>Noticias<\/p>\n\n\n\n<p>Contacto:&nbsp;<a href=\"mailto:redesarq@uc.cl\">redesarq@uc.cl<\/a>&nbsp;| +56 2 2354 7747<br>www.arquitectura.uc.cl<\/p>\n","protected":false},"excerpt":{"rendered":"<p>La profesora ARQ UC particip\u00f3 en el ciclo de entrevistas \u201cLa mirada de un territorio\u201d de Ladera Sur; y en las jornadas \u201cHabitar-construir desde el sur: m\u00e1s geogr\u00e1ficos que hist\u00f3ricos\u201d, organizadas por el Colegio de Arquitectos del Distrito 1 de Santa Fe, Argentina. En ambas instancias, la acad\u00e9mica habl\u00f3 sobre el proyecto Mapocho 42K, el que acaba de cumplir 10 a\u00f1os y del cual es directora.<\/p>\n","protected":false},"author":1,"featured_media":7780,"comment_status":"open","ping_status":"open","sticky":false,"template":"","format":"standard","meta":{"_acf_changed":false,"footnotes":""},"categories":[1],"tags":[],"class_list":["post-7779","post","type-post","status-publish","format-standard","has-post-thumbnail","hentry","category-sin-categorizar"],"acf":[],"yoast_head":"<!-- This site is optimized with the Yoast SEO plugin v27.1.1 - https:\/\/yoast.com\/product\/yoast-seo-wordpress\/ -->\n<title>Mapocho 42K cumple 10 a\u00f1os y Sandra Iturriaga es invitada a diferentes eventos para hablar del proyecto - Facultad de Arquitectura, Dise\u00f1o y Estudios Urbanos<\/title>\n<meta name=\"description\" content=\"La profesora ARQ UC particip\u00f3 en el ciclo de entrevistas \u201cLa mirada de un territorio\u201d de Ladera Sur; y en las jornadas \u201cHabitar-construir desde el sur: m\u00e1s geogr\u00e1ficos que hist\u00f3ricos\u201d, organizadas por el Colegio de Arquitectos del Distrito 1 de Santa Fe, Argentina. En ambas instancias, la acad\u00e9mica habl\u00f3 sobre el proyecto Mapocho 42K, el que acaba de cumplir 10 a\u00f1os y del cual es directora.\" \/>\n<meta name=\"robots\" content=\"index, follow, max-snippet:-1, max-image-preview:large, max-video-preview:-1\" \/>\n<link rel=\"canonical\" href=\"https:\/\/fadeu.urantiacos.cl\/en\/2020\/12\/04\/mapocho-42k-cumple-10-anos-y-sandra-iturriaga-es-invitada-a-diferentes-eventos-para-hablar-del-proyecto\/\" \/>\n<meta property=\"og:locale\" content=\"en_US\" \/>\n<meta property=\"og:type\" content=\"article\" \/>\n<meta property=\"og:title\" content=\"Mapocho 42K cumple 10 a\u00f1os y Sandra Iturriaga es invitada a diferentes eventos para hablar del proyecto - Facultad de Arquitectura, Dise\u00f1o y Estudios Urbanos\" \/>\n<meta property=\"og:description\" content=\"La profesora ARQ UC particip\u00f3 en el ciclo de entrevistas \u201cLa mirada de un territorio\u201d de Ladera Sur; y en las jornadas \u201cHabitar-construir desde el sur: m\u00e1s geogr\u00e1ficos que hist\u00f3ricos\u201d, organizadas por el Colegio de Arquitectos del Distrito 1 de Santa Fe, Argentina. En ambas instancias, la acad\u00e9mica habl\u00f3 sobre el proyecto Mapocho 42K, el que acaba de cumplir 10 a\u00f1os y del cual es directora.\" \/>\n<meta property=\"og:url\" content=\"https:\/\/fadeu.urantiacos.cl\/en\/2020\/12\/04\/mapocho-42k-cumple-10-anos-y-sandra-iturriaga-es-invitada-a-diferentes-eventos-para-hablar-del-proyecto\/\" \/>\n<meta property=\"og:site_name\" content=\"Facultad de Arquitectura, Dise\u00f1o y Estudios Urbanos\" \/>\n<meta property=\"article:published_time\" content=\"2020-12-04T19:26:00+00:00\" \/>\n<meta property=\"article:modified_time\" content=\"2023-09-09T19:27:55+00:00\" \/>\n<meta property=\"og:image\" content=\"https:\/\/fadeu.urantiacos.cl\/wp-content\/uploads\/2023\/09\/MAPOCHO_42K_DICIEMBRE.jpg\" \/>\n\t<meta property=\"og:image:width\" content=\"350\" \/>\n\t<meta property=\"og:image:height\" content=\"250\" \/>\n\t<meta property=\"og:image:type\" content=\"image\/jpeg\" \/>\n<meta name=\"author\" content=\"manadmin\" \/>\n<meta name=\"twitter:card\" content=\"summary_large_image\" \/>\n<meta name=\"twitter:label1\" content=\"Written by\" \/>\n\t<meta name=\"twitter:data1\" content=\"manadmin\" \/>\n\t<meta name=\"twitter:label2\" content=\"Est. reading time\" \/>\n\t<meta name=\"twitter:data2\" content=\"1 minute\" \/>\n<script type=\"application\/ld+json\" class=\"yoast-schema-graph\">{\"@context\":\"https:\/\/schema.org\",\"@graph\":[{\"@type\":\"Article\",\"@id\":\"https:\/\/fadeu.urantiacos.cl\/en\/2020\/12\/04\/mapocho-42k-cumple-10-anos-y-sandra-iturriaga-es-invitada-a-diferentes-eventos-para-hablar-del-proyecto\/#article\",\"isPartOf\":{\"@id\":\"https:\/\/fadeu.urantiacos.cl\/en\/2020\/12\/04\/mapocho-42k-cumple-10-anos-y-sandra-iturriaga-es-invitada-a-diferentes-eventos-para-hablar-del-proyecto\/\"},\"author\":{\"name\":\"manadmin\",\"@id\":\"https:\/\/fadeu.urantiacos.cl\/en\/#\/schema\/person\/d203e2e84b1c40275eac77b3061a19a2\"},\"headline\":\"Mapocho 42K cumple 10 a\u00f1os y Sandra Iturriaga es invitada a diferentes eventos para hablar del proyecto\",\"datePublished\":\"2020-12-04T19:26:00+00:00\",\"dateModified\":\"2023-09-09T19:27:55+00:00\",\"mainEntityOfPage\":{\"@id\":\"https:\/\/fadeu.urantiacos.cl\/en\/2020\/12\/04\/mapocho-42k-cumple-10-anos-y-sandra-iturriaga-es-invitada-a-diferentes-eventos-para-hablar-del-proyecto\/\"},\"wordCount\":185,\"commentCount\":0,\"image\":{\"@id\":\"https:\/\/fadeu.urantiacos.cl\/en\/2020\/12\/04\/mapocho-42k-cumple-10-anos-y-sandra-iturriaga-es-invitada-a-diferentes-eventos-para-hablar-del-proyecto\/#primaryimage\"},\"thumbnailUrl\":\"https:\/\/fadeu.urantiacos.cl\/wp-content\/uploads\/2023\/09\/MAPOCHO_42K_DICIEMBRE.jpg\",\"articleSection\":[\"Sin categorizar\"],\"inLanguage\":\"en-US\",\"potentialAction\":[{\"@type\":\"CommentAction\",\"name\":\"Comment\",\"target\":[\"https:\/\/fadeu.urantiacos.cl\/en\/2020\/12\/04\/mapocho-42k-cumple-10-anos-y-sandra-iturriaga-es-invitada-a-diferentes-eventos-para-hablar-del-proyecto\/#respond\"]}]},{\"@type\":\"WebPage\",\"@id\":\"https:\/\/fadeu.urantiacos.cl\/en\/2020\/12\/04\/mapocho-42k-cumple-10-anos-y-sandra-iturriaga-es-invitada-a-diferentes-eventos-para-hablar-del-proyecto\/\",\"url\":\"https:\/\/fadeu.urantiacos.cl\/en\/2020\/12\/04\/mapocho-42k-cumple-10-anos-y-sandra-iturriaga-es-invitada-a-diferentes-eventos-para-hablar-del-proyecto\/\",\"name\":\"Mapocho 42K cumple 10 a\u00f1os y Sandra Iturriaga es invitada a diferentes eventos para hablar del proyecto - Facultad de Arquitectura, Dise\u00f1o y Estudios Urbanos\",\"isPartOf\":{\"@id\":\"https:\/\/fadeu.urantiacos.cl\/en\/#website\"},\"primaryImageOfPage\":{\"@id\":\"https:\/\/fadeu.urantiacos.cl\/en\/2020\/12\/04\/mapocho-42k-cumple-10-anos-y-sandra-iturriaga-es-invitada-a-diferentes-eventos-para-hablar-del-proyecto\/#primaryimage\"},\"image\":{\"@id\":\"https:\/\/fadeu.urantiacos.cl\/en\/2020\/12\/04\/mapocho-42k-cumple-10-anos-y-sandra-iturriaga-es-invitada-a-diferentes-eventos-para-hablar-del-proyecto\/#primaryimage\"},\"thumbnailUrl\":\"https:\/\/fadeu.urantiacos.cl\/wp-content\/uploads\/2023\/09\/MAPOCHO_42K_DICIEMBRE.jpg\",\"datePublished\":\"2020-12-04T19:26:00+00:00\",\"dateModified\":\"2023-09-09T19:27:55+00:00\",\"author\":{\"@id\":\"https:\/\/fadeu.urantiacos.cl\/en\/#\/schema\/person\/d203e2e84b1c40275eac77b3061a19a2\"},\"description\":\"La profesora ARQ UC particip\u00f3 en el ciclo de entrevistas \u201cLa mirada de un territorio\u201d de Ladera Sur; y en las jornadas \u201cHabitar-construir desde el sur: m\u00e1s geogr\u00e1ficos que hist\u00f3ricos\u201d, organizadas por el Colegio de Arquitectos del Distrito 1 de Santa Fe, Argentina. En ambas instancias, la acad\u00e9mica habl\u00f3 sobre el proyecto Mapocho 42K, el que acaba de cumplir 10 a\u00f1os y del cual es directora.\",\"breadcrumb\":{\"@id\":\"https:\/\/fadeu.urantiacos.cl\/en\/2020\/12\/04\/mapocho-42k-cumple-10-anos-y-sandra-iturriaga-es-invitada-a-diferentes-eventos-para-hablar-del-proyecto\/#breadcrumb\"},\"inLanguage\":\"en-US\",\"potentialAction\":[{\"@type\":\"ReadAction\",\"target\":[\"https:\/\/fadeu.urantiacos.cl\/en\/2020\/12\/04\/mapocho-42k-cumple-10-anos-y-sandra-iturriaga-es-invitada-a-diferentes-eventos-para-hablar-del-proyecto\/\"]}]},{\"@type\":\"ImageObject\",\"inLanguage\":\"en-US\",\"@id\":\"https:\/\/fadeu.urantiacos.cl\/en\/2020\/12\/04\/mapocho-42k-cumple-10-anos-y-sandra-iturriaga-es-invitada-a-diferentes-eventos-para-hablar-del-proyecto\/#primaryimage\",\"url\":\"https:\/\/fadeu.urantiacos.cl\/wp-content\/uploads\/2023\/09\/MAPOCHO_42K_DICIEMBRE.jpg\",\"contentUrl\":\"https:\/\/fadeu.urantiacos.cl\/wp-content\/uploads\/2023\/09\/MAPOCHO_42K_DICIEMBRE.jpg\",\"width\":350,\"height\":250},{\"@type\":\"BreadcrumbList\",\"@id\":\"https:\/\/fadeu.urantiacos.cl\/en\/2020\/12\/04\/mapocho-42k-cumple-10-anos-y-sandra-iturriaga-es-invitada-a-diferentes-eventos-para-hablar-del-proyecto\/#breadcrumb\",\"itemListElement\":[{\"@type\":\"ListItem\",\"position\":1,\"name\":\"Portada\",\"item\":\"https:\/\/fadeu.urantiacos.cl\/en\/\"},{\"@type\":\"ListItem\",\"position\":2,\"name\":\"Mapocho 42K cumple 10 a\u00f1os y Sandra Iturriaga es invitada a diferentes eventos para hablar del proyecto\"}]},{\"@type\":\"WebSite\",\"@id\":\"https:\/\/fadeu.urantiacos.cl\/en\/#website\",\"url\":\"https:\/\/fadeu.urantiacos.cl\/en\/\",\"name\":\"Facultad de Arquitectura, Dise\u00f1o y Estudios Urbanos\",\"description\":\"Campus Lo Contador\",\"potentialAction\":[{\"@type\":\"SearchAction\",\"target\":{\"@type\":\"EntryPoint\",\"urlTemplate\":\"https:\/\/fadeu.urantiacos.cl\/en\/?s={search_term_string}\"},\"query-input\":{\"@type\":\"PropertyValueSpecification\",\"valueRequired\":true,\"valueName\":\"search_term_string\"}}],\"inLanguage\":\"en-US\"},{\"@type\":\"Person\",\"@id\":\"https:\/\/fadeu.urantiacos.cl\/en\/#\/schema\/person\/d203e2e84b1c40275eac77b3061a19a2\",\"name\":\"manadmin\",\"image\":{\"@type\":\"ImageObject\",\"inLanguage\":\"en-US\",\"@id\":\"https:\/\/fadeu.urantiacos.cl\/en\/#\/schema\/person\/image\/\",\"url\":\"https:\/\/secure.gravatar.com\/avatar\/4b1d8e3303b4a9d8968ac578947d8bc80d9aea359f388cdd4aac15cadc0e8447?s=96&d=mm&r=g\",\"contentUrl\":\"https:\/\/secure.gravatar.com\/avatar\/4b1d8e3303b4a9d8968ac578947d8bc80d9aea359f388cdd4aac15cadc0e8447?s=96&d=mm&r=g\",\"caption\":\"manadmin\"},\"sameAs\":[\"https:\/\/fadeu.urantiacos.cl\"]}]}<\/script>\n<!-- \/ Yoast SEO plugin. -->","yoast_head_json":{"title":"Mapocho 42K cumple 10 a\u00f1os y Sandra Iturriaga es invitada a diferentes eventos para hablar del proyecto - Facultad de Arquitectura, Dise\u00f1o y Estudios Urbanos","description":"La profesora ARQ UC particip\u00f3 en el ciclo de entrevistas \u201cLa mirada de un territorio\u201d de Ladera Sur; y en las jornadas \u201cHabitar-construir desde el sur: m\u00e1s geogr\u00e1ficos que hist\u00f3ricos\u201d, organizadas por el Colegio de Arquitectos del Distrito 1 de Santa Fe, Argentina. En ambas instancias, la acad\u00e9mica habl\u00f3 sobre el proyecto Mapocho 42K, el que acaba de cumplir 10 a\u00f1os y del cual es directora.","robots":{"index":"index","follow":"follow","max-snippet":"max-snippet:-1","max-image-preview":"max-image-preview:large","max-video-preview":"max-video-preview:-1"},"canonical":"https:\/\/fadeu.urantiacos.cl\/en\/2020\/12\/04\/mapocho-42k-cumple-10-anos-y-sandra-iturriaga-es-invitada-a-diferentes-eventos-para-hablar-del-proyecto\/","og_locale":"en_US","og_type":"article","og_title":"Mapocho 42K cumple 10 a\u00f1os y Sandra Iturriaga es invitada a diferentes eventos para hablar del proyecto - Facultad de Arquitectura, Dise\u00f1o y Estudios Urbanos","og_description":"La profesora ARQ UC particip\u00f3 en el ciclo de entrevistas \u201cLa mirada de un territorio\u201d de Ladera Sur; y en las jornadas \u201cHabitar-construir desde el sur: m\u00e1s geogr\u00e1ficos que hist\u00f3ricos\u201d, organizadas por el Colegio de Arquitectos del Distrito 1 de Santa Fe, Argentina. En ambas instancias, la acad\u00e9mica habl\u00f3 sobre el proyecto Mapocho 42K, el que acaba de cumplir 10 a\u00f1os y del cual es directora.","og_url":"https:\/\/fadeu.urantiacos.cl\/en\/2020\/12\/04\/mapocho-42k-cumple-10-anos-y-sandra-iturriaga-es-invitada-a-diferentes-eventos-para-hablar-del-proyecto\/","og_site_name":"Facultad de Arquitectura, Dise\u00f1o y Estudios Urbanos","article_published_time":"2020-12-04T19:26:00+00:00","article_modified_time":"2023-09-09T19:27:55+00:00","og_image":[{"width":350,"height":250,"url":"https:\/\/fadeu.urantiacos.cl\/wp-content\/uploads\/2023\/09\/MAPOCHO_42K_DICIEMBRE.jpg","type":"image\/jpeg"}],"author":"manadmin","twitter_card":"summary_large_image","twitter_misc":{"Written by":"manadmin","Est. reading time":"1 minute"},"schema":{"@context":"https:\/\/schema.org","@graph":[{"@type":"Article","@id":"https:\/\/fadeu.urantiacos.cl\/en\/2020\/12\/04\/mapocho-42k-cumple-10-anos-y-sandra-iturriaga-es-invitada-a-diferentes-eventos-para-hablar-del-proyecto\/#article","isPartOf":{"@id":"https:\/\/fadeu.urantiacos.cl\/en\/2020\/12\/04\/mapocho-42k-cumple-10-anos-y-sandra-iturriaga-es-invitada-a-diferentes-eventos-para-hablar-del-proyecto\/"},"author":{"name":"manadmin","@id":"https:\/\/fadeu.urantiacos.cl\/en\/#\/schema\/person\/d203e2e84b1c40275eac77b3061a19a2"},"headline":"Mapocho 42K cumple 10 a\u00f1os y Sandra Iturriaga es invitada a diferentes eventos para hablar del proyecto","datePublished":"2020-12-04T19:26:00+00:00","dateModified":"2023-09-09T19:27:55+00:00","mainEntityOfPage":{"@id":"https:\/\/fadeu.urantiacos.cl\/en\/2020\/12\/04\/mapocho-42k-cumple-10-anos-y-sandra-iturriaga-es-invitada-a-diferentes-eventos-para-hablar-del-proyecto\/"},"wordCount":185,"commentCount":0,"image":{"@id":"https:\/\/fadeu.urantiacos.cl\/en\/2020\/12\/04\/mapocho-42k-cumple-10-anos-y-sandra-iturriaga-es-invitada-a-diferentes-eventos-para-hablar-del-proyecto\/#primaryimage"},"thumbnailUrl":"https:\/\/fadeu.urantiacos.cl\/wp-content\/uploads\/2023\/09\/MAPOCHO_42K_DICIEMBRE.jpg","articleSection":["Sin categorizar"],"inLanguage":"en-US","potentialAction":[{"@type":"CommentAction","name":"Comment","target":["https:\/\/fadeu.urantiacos.cl\/en\/2020\/12\/04\/mapocho-42k-cumple-10-anos-y-sandra-iturriaga-es-invitada-a-diferentes-eventos-para-hablar-del-proyecto\/#respond"]}]},{"@type":"WebPage","@id":"https:\/\/fadeu.urantiacos.cl\/en\/2020\/12\/04\/mapocho-42k-cumple-10-anos-y-sandra-iturriaga-es-invitada-a-diferentes-eventos-para-hablar-del-proyecto\/","url":"https:\/\/fadeu.urantiacos.cl\/en\/2020\/12\/04\/mapocho-42k-cumple-10-anos-y-sandra-iturriaga-es-invitada-a-diferentes-eventos-para-hablar-del-proyecto\/","name":"Mapocho 42K cumple 10 a\u00f1os y Sandra Iturriaga es invitada a diferentes eventos para hablar del proyecto - Facultad de Arquitectura, Dise\u00f1o y Estudios Urbanos","isPartOf":{"@id":"https:\/\/fadeu.urantiacos.cl\/en\/#website"},"primaryImageOfPage":{"@id":"https:\/\/fadeu.urantiacos.cl\/en\/2020\/12\/04\/mapocho-42k-cumple-10-anos-y-sandra-iturriaga-es-invitada-a-diferentes-eventos-para-hablar-del-proyecto\/#primaryimage"},"image":{"@id":"https:\/\/fadeu.urantiacos.cl\/en\/2020\/12\/04\/mapocho-42k-cumple-10-anos-y-sandra-iturriaga-es-invitada-a-diferentes-eventos-para-hablar-del-proyecto\/#primaryimage"},"thumbnailUrl":"https:\/\/fadeu.urantiacos.cl\/wp-content\/uploads\/2023\/09\/MAPOCHO_42K_DICIEMBRE.jpg","datePublished":"2020-12-04T19:26:00+00:00","dateModified":"2023-09-09T19:27:55+00:00","author":{"@id":"https:\/\/fadeu.urantiacos.cl\/en\/#\/schema\/person\/d203e2e84b1c40275eac77b3061a19a2"},"description":"La profesora ARQ UC particip\u00f3 en el ciclo de entrevistas \u201cLa mirada de un territorio\u201d de Ladera Sur; y en las jornadas \u201cHabitar-construir desde el sur: m\u00e1s geogr\u00e1ficos que hist\u00f3ricos\u201d, organizadas por el Colegio de Arquitectos del Distrito 1 de Santa Fe, Argentina. En ambas instancias, la acad\u00e9mica habl\u00f3 sobre el proyecto Mapocho 42K, el que acaba de cumplir 10 a\u00f1os y del cual es directora.","breadcrumb":{"@id":"https:\/\/fadeu.urantiacos.cl\/en\/2020\/12\/04\/mapocho-42k-cumple-10-anos-y-sandra-iturriaga-es-invitada-a-diferentes-eventos-para-hablar-del-proyecto\/#breadcrumb"},"inLanguage":"en-US","potentialAction":[{"@type":"ReadAction","target":["https:\/\/fadeu.urantiacos.cl\/en\/2020\/12\/04\/mapocho-42k-cumple-10-anos-y-sandra-iturriaga-es-invitada-a-diferentes-eventos-para-hablar-del-proyecto\/"]}]},{"@type":"ImageObject","inLanguage":"en-US","@id":"https:\/\/fadeu.urantiacos.cl\/en\/2020\/12\/04\/mapocho-42k-cumple-10-anos-y-sandra-iturriaga-es-invitada-a-diferentes-eventos-para-hablar-del-proyecto\/#primaryimage","url":"https:\/\/fadeu.urantiacos.cl\/wp-content\/uploads\/2023\/09\/MAPOCHO_42K_DICIEMBRE.jpg","contentUrl":"https:\/\/fadeu.urantiacos.cl\/wp-content\/uploads\/2023\/09\/MAPOCHO_42K_DICIEMBRE.jpg","width":350,"height":250},{"@type":"BreadcrumbList","@id":"https:\/\/fadeu.urantiacos.cl\/en\/2020\/12\/04\/mapocho-42k-cumple-10-anos-y-sandra-iturriaga-es-invitada-a-diferentes-eventos-para-hablar-del-proyecto\/#breadcrumb","itemListElement":[{"@type":"ListItem","position":1,"name":"Portada","item":"https:\/\/fadeu.urantiacos.cl\/en\/"},{"@type":"ListItem","position":2,"name":"Mapocho 42K cumple 10 a\u00f1os y Sandra Iturriaga es invitada a diferentes eventos para hablar del proyecto"}]},{"@type":"WebSite","@id":"https:\/\/fadeu.urantiacos.cl\/en\/#website","url":"https:\/\/fadeu.urantiacos.cl\/en\/","name":"Facultad de Arquitectura, Dise\u00f1o y Estudios Urbanos","description":"Campus Lo Contador","potentialAction":[{"@type":"SearchAction","target":{"@type":"EntryPoint","urlTemplate":"https:\/\/fadeu.urantiacos.cl\/en\/?s={search_term_string}"},"query-input":{"@type":"PropertyValueSpecification","valueRequired":true,"valueName":"search_term_string"}}],"inLanguage":"en-US"},{"@type":"Person","@id":"https:\/\/fadeu.urantiacos.cl\/en\/#\/schema\/person\/d203e2e84b1c40275eac77b3061a19a2","name":"manadmin","image":{"@type":"ImageObject","inLanguage":"en-US","@id":"https:\/\/fadeu.urantiacos.cl\/en\/#\/schema\/person\/image\/","url":"https:\/\/secure.gravatar.com\/avatar\/4b1d8e3303b4a9d8968ac578947d8bc80d9aea359f388cdd4aac15cadc0e8447?s=96&d=mm&r=g","contentUrl":"https:\/\/secure.gravatar.com\/avatar\/4b1d8e3303b4a9d8968ac578947d8bc80d9aea359f388cdd4aac15cadc0e8447?s=96&d=mm&r=g","caption":"manadmin"},"sameAs":["https:\/\/fadeu.urantiacos.cl"]}]}},"_links":{"self":[{"href":"https:\/\/fadeu.urantiacos.cl\/en\/wp-json\/wp\/v2\/posts\/7779","targetHints":{"allow":["GET"]}}],"collection":[{"href":"https:\/\/fadeu.urantiacos.cl\/en\/wp-json\/wp\/v2\/posts"}],"about":[{"href":"https:\/\/fadeu.urantiacos.cl\/en\/wp-json\/wp\/v2\/types\/post"}],"author":[{"embeddable":true,"href":"https:\/\/fadeu.urantiacos.cl\/en\/wp-json\/wp\/v2\/users\/1"}],"replies":[{"embeddable":true,"href":"https:\/\/fadeu.urantiacos.cl\/en\/wp-json\/wp\/v2\/comments?post=7779"}],"version-history":[{"count":1,"href":"https:\/\/fadeu.urantiacos.cl\/en\/wp-json\/wp\/v2\/posts\/7779\/revisions"}],"predecessor-version":[{"id":7781,"href":"https:\/\/fadeu.urantiacos.cl\/en\/wp-json\/wp\/v2\/posts\/7779\/revisions\/7781"}],"wp:featuredmedia":[{"embeddable":true,"href":"https:\/\/fadeu.urantiacos.cl\/en\/wp-json\/wp\/v2\/media\/7780"}],"wp:attachment":[{"href":"https:\/\/fadeu.urantiacos.cl\/en\/wp-json\/wp\/v2\/media?parent=7779"}],"wp:term":[{"taxonomy":"category","embeddable":true,"href":"https:\/\/fadeu.urantiacos.cl\/en\/wp-json\/wp\/v2\/categories?post=7779"},{"taxonomy":"post_tag","embeddable":true,"href":"https:\/\/fadeu.urantiacos.cl\/en\/wp-json\/wp\/v2\/tags?post=7779"}],"curies":[{"name":"wp","href":"https:\/\/api.w.org\/{rel}","templated":true}]}}