{"id":7776,"date":"2020-12-04T16:24:00","date_gmt":"2020-12-04T19:24:00","guid":{"rendered":"https:\/\/fadeu.urantiacos.cl\/?p=7776"},"modified":"2023-09-09T16:26:18","modified_gmt":"2023-09-09T19:26:18","slug":"teodoro-fernandez-entre-los-ganadores-del-premio-aporte-urbano-pau-2020","status":"publish","type":"post","link":"https:\/\/fadeu.urantiacos.cl\/en\/2020\/12\/04\/teodoro-fernandez-entre-los-ganadores-del-premio-aporte-urbano-pau-2020\/","title":{"rendered":"Teodoro Fern\u00e1ndez entre los ganadores del Premio Aporte Urbano (PAU) 2020"},"content":{"rendered":"\n<figure class=\"wp-block-image size-full\"><img decoding=\"async\" width=\"350\" height=\"250\" src=\"https:\/\/fadeu.urantiacos.cl\/wp-content\/uploads\/2023\/09\/TEODOROFERNANDEZ_DICIEMBRE.jpg\" alt=\"\" class=\"wp-image-7777\" srcset=\"https:\/\/fadeu.urantiacos.cl\/wp-content\/uploads\/2023\/09\/TEODOROFERNANDEZ_DICIEMBRE.jpg 350w, https:\/\/fadeu.urantiacos.cl\/wp-content\/uploads\/2023\/09\/TEODOROFERNANDEZ_DICIEMBRE-300x214.jpg 300w\" sizes=\"(max-width: 350px) 100vw, 350px\" \/><\/figure>\n\n\n\n<p>El PAU entrega galardones en cinco categor\u00edas: Mejor proyecto inmobiliario de densificaci\u00f3n equilibrada; Mejor proyecto de integraci\u00f3n social; Mejor proyecto de equipamiento o edificio de uso mixto; mejor proyecto de espacio de uso p\u00fablico (escala comunal y barrial); y, Mejor proyecto de innovaci\u00f3n social urbana. Fue en la categor\u00eda de \u201cMejor proyecto de espacio de uso p\u00fablico (escala comunal)\u201d que gan\u00f3 el proyecto del Parque Kaukari, ubicado en Copiap\u00f3. La obra es parte del Plan de Recuperaci\u00f3n Urbana del R\u00edo Copiap\u00f3 impulsado por MINVU Atacama y tiene como objetivo revitalizar la imagen de la ciudad, recuperando e integrando este espacio a la trama urbana.<\/p>\n\n\n\n<p>El jurado, con distintos miembros que fueron participando en las diferentes categor\u00edas, incluy\u00f3: al director ARQ UC Luis Eduardo Bresciani, al profesor Teodoro Fern\u00e1ndez; y al profesor invitado Juan Sabbagh; adem\u00e1s de Paz Sierra (Minvu); Pilar Jim\u00e9nez (CNDU); Humberto Eliash (CA); M\u00f3nica \u00c1lvarez (AOA); Vicente Dom\u00ednguez (ADI); Alberto Vilaplana (CChC); Juan Pablo Mart\u00ednez (Socovesa); Cristina Carri\u00f3 (Techo Chile); Valentina Valech (Ashoka Chile); y Pablo Larra\u00edn (BL Arquitectos).<\/p>\n\n\n\n<p>Sobre el premio<br>Es una iniciativa impulsada y promovida por la C\u00e1mara Chilena de la Construcci\u00f3n, el Ministerio de Vivienda y Urbanismo, el Consejo Nacional de Desarrollo Urbano (CNDU), el Colegio de Arquitectos de Chile, la Asociaci\u00f3n de Oficinas de Arquitectos (AOA) y la Asociaci\u00f3n de Desarrolladores Inmobiliarios (ADI). Tiene por objetivo reconocer, destacar e incentivar aquellos proyectos que constituyen un aporte a las ciudades chilenas y a la calidad de vida de sus habitantes.<\/p>\n\n\n\n<p>Ver proyecto de Teodoro Fern\u00e1ndez en el siguiente&nbsp;<a href=\"https:\/\/www.premioaporteurbano.cl\/index.php\/proyectos\/parque-kaukari\" target=\"_blank\" rel=\"noreferrer noopener\">link<\/a>&nbsp;<\/p>\n\n\n\n<figure class=\"wp-block-embed is-type-video is-provider-youtube wp-block-embed-youtube wp-embed-aspect-16-9 wp-has-aspect-ratio\"><div class=\"wp-block-embed__wrapper\">\n<iframe loading=\"lazy\" title=\"Premiaci\u00f3n PAU 2020: ganadores del Premio Aporte Urbano y seminario sobre la ciudad post pandemia\" width=\"500\" height=\"281\" src=\"https:\/\/www.youtube.com\/embed\/vA_qEAz5CMQ?feature=oembed\" frameborder=\"0\" allow=\"accelerometer; autoplay; clipboard-write; encrypted-media; gyroscope; picture-in-picture; web-share\" referrerpolicy=\"strict-origin-when-cross-origin\" allowfullscreen><\/iframe>\n<\/div><\/figure>\n\n\n\n<p>Premiaci\u00f3n Premio Aporte Urbano 2020<\/p>\n\n\n\n<p>Noticias<\/p>\n\n\n\n<p>Contacto:&nbsp;<a href=\"mailto:redesarq@uc.cl\">redesarq@uc.cl<\/a>&nbsp;| +56 2 2354 7747<br>www.arquitectura.uc.cl<\/p>\n","protected":false},"excerpt":{"rendered":"<p>El jueves 19 de noviembre de 2020, se realiz\u00f3 la ceremonia de premiaci\u00f3n de la sexta versi\u00f3n del Premio Aporte Urbano (PAU), instancia en la que se premi\u00f3 el proyecto del Parque Kaukari, desarrollado por la oficina Teodoro Fern\u00e1ndez Arquitectos.<\/p>\n","protected":false},"author":1,"featured_media":7777,"comment_status":"open","ping_status":"open","sticky":false,"template":"","format":"standard","meta":{"_acf_changed":false,"footnotes":""},"categories":[1],"tags":[],"class_list":["post-7776","post","type-post","status-publish","format-standard","has-post-thumbnail","hentry","category-sin-categorizar"],"acf":[],"yoast_head":"<!-- This site is optimized with the Yoast SEO plugin v27.1.1 - https:\/\/yoast.com\/product\/yoast-seo-wordpress\/ -->\n<title>Teodoro Fern\u00e1ndez entre los ganadores del Premio Aporte Urbano (PAU) 2020 - Facultad de Arquitectura, Dise\u00f1o y Estudios Urbanos<\/title>\n<meta name=\"description\" content=\"El jueves 19 de noviembre de 2020, se realiz\u00f3 la ceremonia de premiaci\u00f3n de la sexta versi\u00f3n del Premio Aporte Urbano (PAU), instancia en la que se premi\u00f3 el proyecto del Parque Kaukari, desarrollado por la oficina Teodoro Fern\u00e1ndez Arquitectos.\" \/>\n<meta name=\"robots\" content=\"index, follow, max-snippet:-1, max-image-preview:large, max-video-preview:-1\" \/>\n<link rel=\"canonical\" href=\"https:\/\/fadeu.urantiacos.cl\/en\/2020\/12\/04\/teodoro-fernandez-entre-los-ganadores-del-premio-aporte-urbano-pau-2020\/\" \/>\n<meta property=\"og:locale\" content=\"en_US\" \/>\n<meta property=\"og:type\" content=\"article\" \/>\n<meta property=\"og:title\" content=\"Teodoro Fern\u00e1ndez entre los ganadores del Premio Aporte Urbano (PAU) 2020 - Facultad de Arquitectura, Dise\u00f1o y Estudios Urbanos\" \/>\n<meta property=\"og:description\" content=\"El jueves 19 de noviembre de 2020, se realiz\u00f3 la ceremonia de premiaci\u00f3n de la sexta versi\u00f3n del Premio Aporte Urbano (PAU), instancia en la que se premi\u00f3 el proyecto del Parque Kaukari, desarrollado por la oficina Teodoro Fern\u00e1ndez Arquitectos.\" \/>\n<meta property=\"og:url\" content=\"https:\/\/fadeu.urantiacos.cl\/en\/2020\/12\/04\/teodoro-fernandez-entre-los-ganadores-del-premio-aporte-urbano-pau-2020\/\" \/>\n<meta property=\"og:site_name\" content=\"Facultad de Arquitectura, Dise\u00f1o y Estudios Urbanos\" \/>\n<meta property=\"article:published_time\" content=\"2020-12-04T19:24:00+00:00\" \/>\n<meta property=\"article:modified_time\" content=\"2023-09-09T19:26:18+00:00\" \/>\n<meta property=\"og:image\" content=\"https:\/\/fadeu.urantiacos.cl\/wp-content\/uploads\/2023\/09\/TEODOROFERNANDEZ_DICIEMBRE.jpg\" \/>\n\t<meta property=\"og:image:width\" content=\"350\" \/>\n\t<meta property=\"og:image:height\" content=\"250\" \/>\n\t<meta property=\"og:image:type\" content=\"image\/jpeg\" \/>\n<meta name=\"author\" content=\"manadmin\" \/>\n<meta name=\"twitter:card\" content=\"summary_large_image\" \/>\n<meta name=\"twitter:label1\" content=\"Written by\" \/>\n\t<meta name=\"twitter:data1\" content=\"manadmin\" \/>\n\t<meta name=\"twitter:label2\" content=\"Est. reading time\" \/>\n\t<meta name=\"twitter:data2\" content=\"2 minutes\" \/>\n<script type=\"application\/ld+json\" class=\"yoast-schema-graph\">{\"@context\":\"https:\/\/schema.org\",\"@graph\":[{\"@type\":\"Article\",\"@id\":\"https:\/\/fadeu.urantiacos.cl\/en\/2020\/12\/04\/teodoro-fernandez-entre-los-ganadores-del-premio-aporte-urbano-pau-2020\/#article\",\"isPartOf\":{\"@id\":\"https:\/\/fadeu.urantiacos.cl\/en\/2020\/12\/04\/teodoro-fernandez-entre-los-ganadores-del-premio-aporte-urbano-pau-2020\/\"},\"author\":{\"name\":\"manadmin\",\"@id\":\"https:\/\/fadeu.urantiacos.cl\/en\/#\/schema\/person\/d203e2e84b1c40275eac77b3061a19a2\"},\"headline\":\"Teodoro Fern\u00e1ndez entre los ganadores del Premio Aporte Urbano (PAU) 2020\",\"datePublished\":\"2020-12-04T19:24:00+00:00\",\"dateModified\":\"2023-09-09T19:26:18+00:00\",\"mainEntityOfPage\":{\"@id\":\"https:\/\/fadeu.urantiacos.cl\/en\/2020\/12\/04\/teodoro-fernandez-entre-los-ganadores-del-premio-aporte-urbano-pau-2020\/\"},\"wordCount\":311,\"commentCount\":0,\"image\":{\"@id\":\"https:\/\/fadeu.urantiacos.cl\/en\/2020\/12\/04\/teodoro-fernandez-entre-los-ganadores-del-premio-aporte-urbano-pau-2020\/#primaryimage\"},\"thumbnailUrl\":\"https:\/\/fadeu.urantiacos.cl\/wp-content\/uploads\/2023\/09\/TEODOROFERNANDEZ_DICIEMBRE.jpg\",\"articleSection\":[\"Sin categorizar\"],\"inLanguage\":\"en-US\",\"potentialAction\":[{\"@type\":\"CommentAction\",\"name\":\"Comment\",\"target\":[\"https:\/\/fadeu.urantiacos.cl\/en\/2020\/12\/04\/teodoro-fernandez-entre-los-ganadores-del-premio-aporte-urbano-pau-2020\/#respond\"]}]},{\"@type\":\"WebPage\",\"@id\":\"https:\/\/fadeu.urantiacos.cl\/en\/2020\/12\/04\/teodoro-fernandez-entre-los-ganadores-del-premio-aporte-urbano-pau-2020\/\",\"url\":\"https:\/\/fadeu.urantiacos.cl\/en\/2020\/12\/04\/teodoro-fernandez-entre-los-ganadores-del-premio-aporte-urbano-pau-2020\/\",\"name\":\"Teodoro Fern\u00e1ndez entre los ganadores del Premio Aporte Urbano (PAU) 2020 - Facultad de Arquitectura, Dise\u00f1o y Estudios Urbanos\",\"isPartOf\":{\"@id\":\"https:\/\/fadeu.urantiacos.cl\/en\/#website\"},\"primaryImageOfPage\":{\"@id\":\"https:\/\/fadeu.urantiacos.cl\/en\/2020\/12\/04\/teodoro-fernandez-entre-los-ganadores-del-premio-aporte-urbano-pau-2020\/#primaryimage\"},\"image\":{\"@id\":\"https:\/\/fadeu.urantiacos.cl\/en\/2020\/12\/04\/teodoro-fernandez-entre-los-ganadores-del-premio-aporte-urbano-pau-2020\/#primaryimage\"},\"thumbnailUrl\":\"https:\/\/fadeu.urantiacos.cl\/wp-content\/uploads\/2023\/09\/TEODOROFERNANDEZ_DICIEMBRE.jpg\",\"datePublished\":\"2020-12-04T19:24:00+00:00\",\"dateModified\":\"2023-09-09T19:26:18+00:00\",\"author\":{\"@id\":\"https:\/\/fadeu.urantiacos.cl\/en\/#\/schema\/person\/d203e2e84b1c40275eac77b3061a19a2\"},\"description\":\"El jueves 19 de noviembre de 2020, se realiz\u00f3 la ceremonia de premiaci\u00f3n de la sexta versi\u00f3n del Premio Aporte Urbano (PAU), instancia en la que se premi\u00f3 el proyecto del Parque Kaukari, desarrollado por la oficina Teodoro Fern\u00e1ndez Arquitectos.\",\"breadcrumb\":{\"@id\":\"https:\/\/fadeu.urantiacos.cl\/en\/2020\/12\/04\/teodoro-fernandez-entre-los-ganadores-del-premio-aporte-urbano-pau-2020\/#breadcrumb\"},\"inLanguage\":\"en-US\",\"potentialAction\":[{\"@type\":\"ReadAction\",\"target\":[\"https:\/\/fadeu.urantiacos.cl\/en\/2020\/12\/04\/teodoro-fernandez-entre-los-ganadores-del-premio-aporte-urbano-pau-2020\/\"]}]},{\"@type\":\"ImageObject\",\"inLanguage\":\"en-US\",\"@id\":\"https:\/\/fadeu.urantiacos.cl\/en\/2020\/12\/04\/teodoro-fernandez-entre-los-ganadores-del-premio-aporte-urbano-pau-2020\/#primaryimage\",\"url\":\"https:\/\/fadeu.urantiacos.cl\/wp-content\/uploads\/2023\/09\/TEODOROFERNANDEZ_DICIEMBRE.jpg\",\"contentUrl\":\"https:\/\/fadeu.urantiacos.cl\/wp-content\/uploads\/2023\/09\/TEODOROFERNANDEZ_DICIEMBRE.jpg\",\"width\":350,\"height\":250},{\"@type\":\"BreadcrumbList\",\"@id\":\"https:\/\/fadeu.urantiacos.cl\/en\/2020\/12\/04\/teodoro-fernandez-entre-los-ganadores-del-premio-aporte-urbano-pau-2020\/#breadcrumb\",\"itemListElement\":[{\"@type\":\"ListItem\",\"position\":1,\"name\":\"Portada\",\"item\":\"https:\/\/fadeu.urantiacos.cl\/en\/\"},{\"@type\":\"ListItem\",\"position\":2,\"name\":\"Teodoro Fern\u00e1ndez entre los ganadores del Premio Aporte Urbano (PAU) 2020\"}]},{\"@type\":\"WebSite\",\"@id\":\"https:\/\/fadeu.urantiacos.cl\/en\/#website\",\"url\":\"https:\/\/fadeu.urantiacos.cl\/en\/\",\"name\":\"Facultad de Arquitectura, Dise\u00f1o y Estudios Urbanos\",\"description\":\"Campus Lo Contador\",\"potentialAction\":[{\"@type\":\"SearchAction\",\"target\":{\"@type\":\"EntryPoint\",\"urlTemplate\":\"https:\/\/fadeu.urantiacos.cl\/en\/?s={search_term_string}\"},\"query-input\":{\"@type\":\"PropertyValueSpecification\",\"valueRequired\":true,\"valueName\":\"search_term_string\"}}],\"inLanguage\":\"en-US\"},{\"@type\":\"Person\",\"@id\":\"https:\/\/fadeu.urantiacos.cl\/en\/#\/schema\/person\/d203e2e84b1c40275eac77b3061a19a2\",\"name\":\"manadmin\",\"image\":{\"@type\":\"ImageObject\",\"inLanguage\":\"en-US\",\"@id\":\"https:\/\/fadeu.urantiacos.cl\/en\/#\/schema\/person\/image\/\",\"url\":\"https:\/\/secure.gravatar.com\/avatar\/4b1d8e3303b4a9d8968ac578947d8bc80d9aea359f388cdd4aac15cadc0e8447?s=96&d=mm&r=g\",\"contentUrl\":\"https:\/\/secure.gravatar.com\/avatar\/4b1d8e3303b4a9d8968ac578947d8bc80d9aea359f388cdd4aac15cadc0e8447?s=96&d=mm&r=g\",\"caption\":\"manadmin\"},\"sameAs\":[\"https:\/\/fadeu.urantiacos.cl\"]}]}<\/script>\n<!-- \/ Yoast SEO plugin. -->","yoast_head_json":{"title":"Teodoro Fern\u00e1ndez entre los ganadores del Premio Aporte Urbano (PAU) 2020 - Facultad de Arquitectura, Dise\u00f1o y Estudios Urbanos","description":"El jueves 19 de noviembre de 2020, se realiz\u00f3 la ceremonia de premiaci\u00f3n de la sexta versi\u00f3n del Premio Aporte Urbano (PAU), instancia en la que se premi\u00f3 el proyecto del Parque Kaukari, desarrollado por la oficina Teodoro Fern\u00e1ndez Arquitectos.","robots":{"index":"index","follow":"follow","max-snippet":"max-snippet:-1","max-image-preview":"max-image-preview:large","max-video-preview":"max-video-preview:-1"},"canonical":"https:\/\/fadeu.urantiacos.cl\/en\/2020\/12\/04\/teodoro-fernandez-entre-los-ganadores-del-premio-aporte-urbano-pau-2020\/","og_locale":"en_US","og_type":"article","og_title":"Teodoro Fern\u00e1ndez entre los ganadores del Premio Aporte Urbano (PAU) 2020 - Facultad de Arquitectura, Dise\u00f1o y Estudios Urbanos","og_description":"El jueves 19 de noviembre de 2020, se realiz\u00f3 la ceremonia de premiaci\u00f3n de la sexta versi\u00f3n del Premio Aporte Urbano (PAU), instancia en la que se premi\u00f3 el proyecto del Parque Kaukari, desarrollado por la oficina Teodoro Fern\u00e1ndez Arquitectos.","og_url":"https:\/\/fadeu.urantiacos.cl\/en\/2020\/12\/04\/teodoro-fernandez-entre-los-ganadores-del-premio-aporte-urbano-pau-2020\/","og_site_name":"Facultad de Arquitectura, Dise\u00f1o y Estudios Urbanos","article_published_time":"2020-12-04T19:24:00+00:00","article_modified_time":"2023-09-09T19:26:18+00:00","og_image":[{"width":350,"height":250,"url":"https:\/\/fadeu.urantiacos.cl\/wp-content\/uploads\/2023\/09\/TEODOROFERNANDEZ_DICIEMBRE.jpg","type":"image\/jpeg"}],"author":"manadmin","twitter_card":"summary_large_image","twitter_misc":{"Written by":"manadmin","Est. reading time":"2 minutes"},"schema":{"@context":"https:\/\/schema.org","@graph":[{"@type":"Article","@id":"https:\/\/fadeu.urantiacos.cl\/en\/2020\/12\/04\/teodoro-fernandez-entre-los-ganadores-del-premio-aporte-urbano-pau-2020\/#article","isPartOf":{"@id":"https:\/\/fadeu.urantiacos.cl\/en\/2020\/12\/04\/teodoro-fernandez-entre-los-ganadores-del-premio-aporte-urbano-pau-2020\/"},"author":{"name":"manadmin","@id":"https:\/\/fadeu.urantiacos.cl\/en\/#\/schema\/person\/d203e2e84b1c40275eac77b3061a19a2"},"headline":"Teodoro Fern\u00e1ndez entre los ganadores del Premio Aporte Urbano (PAU) 2020","datePublished":"2020-12-04T19:24:00+00:00","dateModified":"2023-09-09T19:26:18+00:00","mainEntityOfPage":{"@id":"https:\/\/fadeu.urantiacos.cl\/en\/2020\/12\/04\/teodoro-fernandez-entre-los-ganadores-del-premio-aporte-urbano-pau-2020\/"},"wordCount":311,"commentCount":0,"image":{"@id":"https:\/\/fadeu.urantiacos.cl\/en\/2020\/12\/04\/teodoro-fernandez-entre-los-ganadores-del-premio-aporte-urbano-pau-2020\/#primaryimage"},"thumbnailUrl":"https:\/\/fadeu.urantiacos.cl\/wp-content\/uploads\/2023\/09\/TEODOROFERNANDEZ_DICIEMBRE.jpg","articleSection":["Sin categorizar"],"inLanguage":"en-US","potentialAction":[{"@type":"CommentAction","name":"Comment","target":["https:\/\/fadeu.urantiacos.cl\/en\/2020\/12\/04\/teodoro-fernandez-entre-los-ganadores-del-premio-aporte-urbano-pau-2020\/#respond"]}]},{"@type":"WebPage","@id":"https:\/\/fadeu.urantiacos.cl\/en\/2020\/12\/04\/teodoro-fernandez-entre-los-ganadores-del-premio-aporte-urbano-pau-2020\/","url":"https:\/\/fadeu.urantiacos.cl\/en\/2020\/12\/04\/teodoro-fernandez-entre-los-ganadores-del-premio-aporte-urbano-pau-2020\/","name":"Teodoro Fern\u00e1ndez entre los ganadores del Premio Aporte Urbano (PAU) 2020 - Facultad de Arquitectura, Dise\u00f1o y Estudios Urbanos","isPartOf":{"@id":"https:\/\/fadeu.urantiacos.cl\/en\/#website"},"primaryImageOfPage":{"@id":"https:\/\/fadeu.urantiacos.cl\/en\/2020\/12\/04\/teodoro-fernandez-entre-los-ganadores-del-premio-aporte-urbano-pau-2020\/#primaryimage"},"image":{"@id":"https:\/\/fadeu.urantiacos.cl\/en\/2020\/12\/04\/teodoro-fernandez-entre-los-ganadores-del-premio-aporte-urbano-pau-2020\/#primaryimage"},"thumbnailUrl":"https:\/\/fadeu.urantiacos.cl\/wp-content\/uploads\/2023\/09\/TEODOROFERNANDEZ_DICIEMBRE.jpg","datePublished":"2020-12-04T19:24:00+00:00","dateModified":"2023-09-09T19:26:18+00:00","author":{"@id":"https:\/\/fadeu.urantiacos.cl\/en\/#\/schema\/person\/d203e2e84b1c40275eac77b3061a19a2"},"description":"El jueves 19 de noviembre de 2020, se realiz\u00f3 la ceremonia de premiaci\u00f3n de la sexta versi\u00f3n del Premio Aporte Urbano (PAU), instancia en la que se premi\u00f3 el proyecto del Parque Kaukari, desarrollado por la oficina Teodoro Fern\u00e1ndez Arquitectos.","breadcrumb":{"@id":"https:\/\/fadeu.urantiacos.cl\/en\/2020\/12\/04\/teodoro-fernandez-entre-los-ganadores-del-premio-aporte-urbano-pau-2020\/#breadcrumb"},"inLanguage":"en-US","potentialAction":[{"@type":"ReadAction","target":["https:\/\/fadeu.urantiacos.cl\/en\/2020\/12\/04\/teodoro-fernandez-entre-los-ganadores-del-premio-aporte-urbano-pau-2020\/"]}]},{"@type":"ImageObject","inLanguage":"en-US","@id":"https:\/\/fadeu.urantiacos.cl\/en\/2020\/12\/04\/teodoro-fernandez-entre-los-ganadores-del-premio-aporte-urbano-pau-2020\/#primaryimage","url":"https:\/\/fadeu.urantiacos.cl\/wp-content\/uploads\/2023\/09\/TEODOROFERNANDEZ_DICIEMBRE.jpg","contentUrl":"https:\/\/fadeu.urantiacos.cl\/wp-content\/uploads\/2023\/09\/TEODOROFERNANDEZ_DICIEMBRE.jpg","width":350,"height":250},{"@type":"BreadcrumbList","@id":"https:\/\/fadeu.urantiacos.cl\/en\/2020\/12\/04\/teodoro-fernandez-entre-los-ganadores-del-premio-aporte-urbano-pau-2020\/#breadcrumb","itemListElement":[{"@type":"ListItem","position":1,"name":"Portada","item":"https:\/\/fadeu.urantiacos.cl\/en\/"},{"@type":"ListItem","position":2,"name":"Teodoro Fern\u00e1ndez entre los ganadores del Premio Aporte Urbano (PAU) 2020"}]},{"@type":"WebSite","@id":"https:\/\/fadeu.urantiacos.cl\/en\/#website","url":"https:\/\/fadeu.urantiacos.cl\/en\/","name":"Facultad de Arquitectura, Dise\u00f1o y Estudios Urbanos","description":"Campus Lo Contador","potentialAction":[{"@type":"SearchAction","target":{"@type":"EntryPoint","urlTemplate":"https:\/\/fadeu.urantiacos.cl\/en\/?s={search_term_string}"},"query-input":{"@type":"PropertyValueSpecification","valueRequired":true,"valueName":"search_term_string"}}],"inLanguage":"en-US"},{"@type":"Person","@id":"https:\/\/fadeu.urantiacos.cl\/en\/#\/schema\/person\/d203e2e84b1c40275eac77b3061a19a2","name":"manadmin","image":{"@type":"ImageObject","inLanguage":"en-US","@id":"https:\/\/fadeu.urantiacos.cl\/en\/#\/schema\/person\/image\/","url":"https:\/\/secure.gravatar.com\/avatar\/4b1d8e3303b4a9d8968ac578947d8bc80d9aea359f388cdd4aac15cadc0e8447?s=96&d=mm&r=g","contentUrl":"https:\/\/secure.gravatar.com\/avatar\/4b1d8e3303b4a9d8968ac578947d8bc80d9aea359f388cdd4aac15cadc0e8447?s=96&d=mm&r=g","caption":"manadmin"},"sameAs":["https:\/\/fadeu.urantiacos.cl"]}]}},"_links":{"self":[{"href":"https:\/\/fadeu.urantiacos.cl\/en\/wp-json\/wp\/v2\/posts\/7776","targetHints":{"allow":["GET"]}}],"collection":[{"href":"https:\/\/fadeu.urantiacos.cl\/en\/wp-json\/wp\/v2\/posts"}],"about":[{"href":"https:\/\/fadeu.urantiacos.cl\/en\/wp-json\/wp\/v2\/types\/post"}],"author":[{"embeddable":true,"href":"https:\/\/fadeu.urantiacos.cl\/en\/wp-json\/wp\/v2\/users\/1"}],"replies":[{"embeddable":true,"href":"https:\/\/fadeu.urantiacos.cl\/en\/wp-json\/wp\/v2\/comments?post=7776"}],"version-history":[{"count":1,"href":"https:\/\/fadeu.urantiacos.cl\/en\/wp-json\/wp\/v2\/posts\/7776\/revisions"}],"predecessor-version":[{"id":7778,"href":"https:\/\/fadeu.urantiacos.cl\/en\/wp-json\/wp\/v2\/posts\/7776\/revisions\/7778"}],"wp:featuredmedia":[{"embeddable":true,"href":"https:\/\/fadeu.urantiacos.cl\/en\/wp-json\/wp\/v2\/media\/7777"}],"wp:attachment":[{"href":"https:\/\/fadeu.urantiacos.cl\/en\/wp-json\/wp\/v2\/media?parent=7776"}],"wp:term":[{"taxonomy":"category","embeddable":true,"href":"https:\/\/fadeu.urantiacos.cl\/en\/wp-json\/wp\/v2\/categories?post=7776"},{"taxonomy":"post_tag","embeddable":true,"href":"https:\/\/fadeu.urantiacos.cl\/en\/wp-json\/wp\/v2\/tags?post=7776"}],"curies":[{"name":"wp","href":"https:\/\/api.w.org\/{rel}","templated":true}]}}