{"id":7772,"date":"2020-12-04T16:22:00","date_gmt":"2020-12-04T19:22:00","guid":{"rendered":"https:\/\/fadeu.urantiacos.cl\/?p=7772"},"modified":"2023-09-09T16:23:56","modified_gmt":"2023-09-09T19:23:56","slug":"loreto-lyon-y-alejandro-beals-obtienen-el-premio-oscar-niemeyer","status":"publish","type":"post","link":"https:\/\/fadeu.urantiacos.cl\/en\/2020\/12\/04\/loreto-lyon-y-alejandro-beals-obtienen-el-premio-oscar-niemeyer\/","title":{"rendered":"Loreto Lyon y Alejandro Beals obtienen el Premio Oscar Niemeyer"},"content":{"rendered":"\n<figure class=\"wp-block-image size-full\"><img decoding=\"async\" width=\"350\" height=\"250\" src=\"https:\/\/fadeu.urantiacos.cl\/wp-content\/uploads\/2023\/09\/LYON_BEALS_DICIEMBRE.png\" alt=\"\" class=\"wp-image-7774\" srcset=\"https:\/\/fadeu.urantiacos.cl\/wp-content\/uploads\/2023\/09\/LYON_BEALS_DICIEMBRE.png 350w, https:\/\/fadeu.urantiacos.cl\/wp-content\/uploads\/2023\/09\/LYON_BEALS_DICIEMBRE-300x214.png 300w\" sizes=\"(max-width: 350px) 100vw, 350px\" \/><\/figure>\n\n\n\n<p>Luego de ser parte del listado de los 20 proyectos finalistas (<a href=\"http:\/\/arquitectura.uc.cl\/proyectos\/noticias\/5531-proyecto-de-beals-lyon-es-seleccionado-para-la-edicion-2020-del-premio-oscar-niemeyer.html\" target=\"_blank\" rel=\"noreferrer noopener\">ver nota<\/a>), el 18 de novimebre se anunci\u00f3 finalmente la obra que recibir\u00eda el primer lugar del Premio Oscar Niemeyer a la Arquitectura Latinoamericana. El anuncio se realiz\u00f3 durante la transmisi\u00f3n online de la Bienal Panamericana de Arquitectura de Quito 2020.<\/p>\n\n\n\n<p>De acuerdo al acta del jurado: &#8220;El proyecto supera con gran creatividad la mera soluci\u00f3n funcional del programa de la municipalidad, proponiendo un espacio p\u00fablico central muy bien confinado, que conecta la ciudad con el parque. La estrategia de los arquitectos de romper el volumen inicial del edificio en dos elementos lineales organizados alrededor del nuevo espacio p\u00fablico, dota al conjunto de un gran valor c\u00edvico.&#8221; Por otro lado, el jurado tambi\u00e9n destac\u00f3 la calidad del &#8220;lenguaje arquitect\u00f3nico&#8221; del proyecto y su integraci\u00f3n al entorno urbano, &#8220;respetando la escala del contexto urbano y aprovechando las vistas hacia el exterior.&#8221;<\/p>\n\n\n\n<p>Esta obra de Lyon y Beals ha sido reconocida con el primer lugar de los premios ODA 2020 (<a href=\"http:\/\/arquitectura.uc.cl\/proyectos\/noticias\/4821-profesores-arq-uc-beals-y-lyon-ganan-primer-lugar-del-oda2020.html\">ver nota<\/a>) y como una de las ganadoras en la XI Bienal Iberoamericana de Arquitectura y Urbanismo (<a href=\"http:\/\/arquitectura.uc.cl\/proyectos\/noticias\/4359-obra-de-profesores-arq-uc-fue-premiada-en-la-xi-bienal-iberoamericana-de-arquitectura-y-urbanismo-xi-biau.html\" target=\"_blank\" rel=\"noreferrer noopener\">ver nota<\/a>).<\/p>\n\n\n\n<p>Sobre el premio<br>El Premio Oscar Niemayer es una de las iniciativas de la Red de Bienal de Arquitectura de Am\u00e9rica Latina (REDBAAL) y tiene por objetivo reconocer lo mejor de la producci\u00f3n arquitect\u00f3nica de la regi\u00f3n. En esta edici\u00f3n 2020, el jurado estuvo compuesto por Juan Articardi, Carlos Bedoya, Isaac Broid, Jos\u00e9 Luis Cort\u00e9s, Diane Gray y C\u00e9sar Shundi Iwamizu. Se presentaron un total de 101 proyectos pertenecientes a 12 pa\u00edses de Am\u00e9rica Latina.<\/p>\n\n\n\n<p>Noticias<\/p>\n\n\n\n<p>Contacto:&nbsp;<a href=\"mailto:redesarq@uc.cl\">redesarq@uc.cl<\/a>&nbsp;| +56 2 2354 7747<br>www.arquitectura.uc.cl<\/p>\n","protected":false},"excerpt":{"rendered":"<p>La oficina de los profesores ARQ UC gan\u00f3 el galard\u00f3n en su edici\u00f3n 2020 con el edificio Nueva Municipalidad de Nancagua.<\/p>\n","protected":false},"author":1,"featured_media":7774,"comment_status":"open","ping_status":"open","sticky":false,"template":"","format":"standard","meta":{"_acf_changed":false,"footnotes":""},"categories":[1],"tags":[],"class_list":["post-7772","post","type-post","status-publish","format-standard","has-post-thumbnail","hentry","category-sin-categorizar"],"acf":[],"yoast_head":"<!-- This site is optimized with the Yoast SEO plugin v27.1.1 - https:\/\/yoast.com\/product\/yoast-seo-wordpress\/ -->\n<title>Loreto Lyon y Alejandro Beals obtienen el Premio Oscar Niemeyer - Facultad de Arquitectura, Dise\u00f1o y Estudios Urbanos<\/title>\n<meta name=\"description\" content=\"La oficina de los profesores ARQ UC gan\u00f3 el galard\u00f3n en su edici\u00f3n 2020 con el edificio Nueva Municipalidad de Nancagua.\" \/>\n<meta name=\"robots\" content=\"index, follow, max-snippet:-1, max-image-preview:large, max-video-preview:-1\" \/>\n<link rel=\"canonical\" href=\"https:\/\/fadeu.urantiacos.cl\/en\/2020\/12\/04\/loreto-lyon-y-alejandro-beals-obtienen-el-premio-oscar-niemeyer\/\" \/>\n<meta property=\"og:locale\" content=\"en_US\" \/>\n<meta property=\"og:type\" content=\"article\" \/>\n<meta property=\"og:title\" content=\"Loreto Lyon y Alejandro Beals obtienen el Premio Oscar Niemeyer - Facultad de Arquitectura, Dise\u00f1o y Estudios Urbanos\" \/>\n<meta property=\"og:description\" content=\"La oficina de los profesores ARQ UC gan\u00f3 el galard\u00f3n en su edici\u00f3n 2020 con el edificio Nueva Municipalidad de Nancagua.\" \/>\n<meta property=\"og:url\" content=\"https:\/\/fadeu.urantiacos.cl\/en\/2020\/12\/04\/loreto-lyon-y-alejandro-beals-obtienen-el-premio-oscar-niemeyer\/\" \/>\n<meta property=\"og:site_name\" content=\"Facultad de Arquitectura, Dise\u00f1o y Estudios Urbanos\" \/>\n<meta property=\"article:published_time\" content=\"2020-12-04T19:22:00+00:00\" \/>\n<meta property=\"article:modified_time\" content=\"2023-09-09T19:23:56+00:00\" \/>\n<meta property=\"og:image\" content=\"https:\/\/fadeu.urantiacos.cl\/wp-content\/uploads\/2023\/09\/LYON_BEALS_DICIEMBRE.png\" \/>\n\t<meta property=\"og:image:width\" content=\"350\" \/>\n\t<meta property=\"og:image:height\" content=\"250\" \/>\n\t<meta property=\"og:image:type\" content=\"image\/png\" \/>\n<meta name=\"author\" content=\"manadmin\" \/>\n<meta name=\"twitter:card\" content=\"summary_large_image\" \/>\n<meta name=\"twitter:label1\" content=\"Written by\" \/>\n\t<meta name=\"twitter:data1\" content=\"manadmin\" \/>\n\t<meta name=\"twitter:label2\" content=\"Est. reading time\" \/>\n\t<meta name=\"twitter:data2\" content=\"1 minute\" \/>\n<script type=\"application\/ld+json\" class=\"yoast-schema-graph\">{\"@context\":\"https:\/\/schema.org\",\"@graph\":[{\"@type\":\"Article\",\"@id\":\"https:\/\/fadeu.urantiacos.cl\/en\/2020\/12\/04\/loreto-lyon-y-alejandro-beals-obtienen-el-premio-oscar-niemeyer\/#article\",\"isPartOf\":{\"@id\":\"https:\/\/fadeu.urantiacos.cl\/en\/2020\/12\/04\/loreto-lyon-y-alejandro-beals-obtienen-el-premio-oscar-niemeyer\/\"},\"author\":{\"name\":\"manadmin\",\"@id\":\"https:\/\/fadeu.urantiacos.cl\/en\/#\/schema\/person\/d203e2e84b1c40275eac77b3061a19a2\"},\"headline\":\"Loreto Lyon y Alejandro Beals obtienen el Premio Oscar Niemeyer\",\"datePublished\":\"2020-12-04T19:22:00+00:00\",\"dateModified\":\"2023-09-09T19:23:56+00:00\",\"mainEntityOfPage\":{\"@id\":\"https:\/\/fadeu.urantiacos.cl\/en\/2020\/12\/04\/loreto-lyon-y-alejandro-beals-obtienen-el-premio-oscar-niemeyer\/\"},\"wordCount\":294,\"commentCount\":0,\"image\":{\"@id\":\"https:\/\/fadeu.urantiacos.cl\/en\/2020\/12\/04\/loreto-lyon-y-alejandro-beals-obtienen-el-premio-oscar-niemeyer\/#primaryimage\"},\"thumbnailUrl\":\"https:\/\/fadeu.urantiacos.cl\/wp-content\/uploads\/2023\/09\/LYON_BEALS_DICIEMBRE.png\",\"articleSection\":[\"Sin categorizar\"],\"inLanguage\":\"en-US\",\"potentialAction\":[{\"@type\":\"CommentAction\",\"name\":\"Comment\",\"target\":[\"https:\/\/fadeu.urantiacos.cl\/en\/2020\/12\/04\/loreto-lyon-y-alejandro-beals-obtienen-el-premio-oscar-niemeyer\/#respond\"]}]},{\"@type\":\"WebPage\",\"@id\":\"https:\/\/fadeu.urantiacos.cl\/en\/2020\/12\/04\/loreto-lyon-y-alejandro-beals-obtienen-el-premio-oscar-niemeyer\/\",\"url\":\"https:\/\/fadeu.urantiacos.cl\/en\/2020\/12\/04\/loreto-lyon-y-alejandro-beals-obtienen-el-premio-oscar-niemeyer\/\",\"name\":\"Loreto Lyon y Alejandro Beals obtienen el Premio Oscar Niemeyer - Facultad de Arquitectura, Dise\u00f1o y Estudios Urbanos\",\"isPartOf\":{\"@id\":\"https:\/\/fadeu.urantiacos.cl\/en\/#website\"},\"primaryImageOfPage\":{\"@id\":\"https:\/\/fadeu.urantiacos.cl\/en\/2020\/12\/04\/loreto-lyon-y-alejandro-beals-obtienen-el-premio-oscar-niemeyer\/#primaryimage\"},\"image\":{\"@id\":\"https:\/\/fadeu.urantiacos.cl\/en\/2020\/12\/04\/loreto-lyon-y-alejandro-beals-obtienen-el-premio-oscar-niemeyer\/#primaryimage\"},\"thumbnailUrl\":\"https:\/\/fadeu.urantiacos.cl\/wp-content\/uploads\/2023\/09\/LYON_BEALS_DICIEMBRE.png\",\"datePublished\":\"2020-12-04T19:22:00+00:00\",\"dateModified\":\"2023-09-09T19:23:56+00:00\",\"author\":{\"@id\":\"https:\/\/fadeu.urantiacos.cl\/en\/#\/schema\/person\/d203e2e84b1c40275eac77b3061a19a2\"},\"description\":\"La oficina de los profesores ARQ UC gan\u00f3 el galard\u00f3n en su edici\u00f3n 2020 con el edificio Nueva Municipalidad de Nancagua.\",\"breadcrumb\":{\"@id\":\"https:\/\/fadeu.urantiacos.cl\/en\/2020\/12\/04\/loreto-lyon-y-alejandro-beals-obtienen-el-premio-oscar-niemeyer\/#breadcrumb\"},\"inLanguage\":\"en-US\",\"potentialAction\":[{\"@type\":\"ReadAction\",\"target\":[\"https:\/\/fadeu.urantiacos.cl\/en\/2020\/12\/04\/loreto-lyon-y-alejandro-beals-obtienen-el-premio-oscar-niemeyer\/\"]}]},{\"@type\":\"ImageObject\",\"inLanguage\":\"en-US\",\"@id\":\"https:\/\/fadeu.urantiacos.cl\/en\/2020\/12\/04\/loreto-lyon-y-alejandro-beals-obtienen-el-premio-oscar-niemeyer\/#primaryimage\",\"url\":\"https:\/\/fadeu.urantiacos.cl\/wp-content\/uploads\/2023\/09\/LYON_BEALS_DICIEMBRE.png\",\"contentUrl\":\"https:\/\/fadeu.urantiacos.cl\/wp-content\/uploads\/2023\/09\/LYON_BEALS_DICIEMBRE.png\",\"width\":350,\"height\":250},{\"@type\":\"BreadcrumbList\",\"@id\":\"https:\/\/fadeu.urantiacos.cl\/en\/2020\/12\/04\/loreto-lyon-y-alejandro-beals-obtienen-el-premio-oscar-niemeyer\/#breadcrumb\",\"itemListElement\":[{\"@type\":\"ListItem\",\"position\":1,\"name\":\"Portada\",\"item\":\"https:\/\/fadeu.urantiacos.cl\/en\/\"},{\"@type\":\"ListItem\",\"position\":2,\"name\":\"Loreto Lyon y Alejandro Beals obtienen el Premio Oscar Niemeyer\"}]},{\"@type\":\"WebSite\",\"@id\":\"https:\/\/fadeu.urantiacos.cl\/en\/#website\",\"url\":\"https:\/\/fadeu.urantiacos.cl\/en\/\",\"name\":\"Facultad de Arquitectura, Dise\u00f1o y Estudios Urbanos\",\"description\":\"Campus Lo Contador\",\"potentialAction\":[{\"@type\":\"SearchAction\",\"target\":{\"@type\":\"EntryPoint\",\"urlTemplate\":\"https:\/\/fadeu.urantiacos.cl\/en\/?s={search_term_string}\"},\"query-input\":{\"@type\":\"PropertyValueSpecification\",\"valueRequired\":true,\"valueName\":\"search_term_string\"}}],\"inLanguage\":\"en-US\"},{\"@type\":\"Person\",\"@id\":\"https:\/\/fadeu.urantiacos.cl\/en\/#\/schema\/person\/d203e2e84b1c40275eac77b3061a19a2\",\"name\":\"manadmin\",\"image\":{\"@type\":\"ImageObject\",\"inLanguage\":\"en-US\",\"@id\":\"https:\/\/fadeu.urantiacos.cl\/en\/#\/schema\/person\/image\/\",\"url\":\"https:\/\/secure.gravatar.com\/avatar\/4b1d8e3303b4a9d8968ac578947d8bc80d9aea359f388cdd4aac15cadc0e8447?s=96&d=mm&r=g\",\"contentUrl\":\"https:\/\/secure.gravatar.com\/avatar\/4b1d8e3303b4a9d8968ac578947d8bc80d9aea359f388cdd4aac15cadc0e8447?s=96&d=mm&r=g\",\"caption\":\"manadmin\"},\"sameAs\":[\"https:\/\/fadeu.urantiacos.cl\"]}]}<\/script>\n<!-- \/ Yoast SEO plugin. -->","yoast_head_json":{"title":"Loreto Lyon y Alejandro Beals obtienen el Premio Oscar Niemeyer - Facultad de Arquitectura, Dise\u00f1o y Estudios Urbanos","description":"La oficina de los profesores ARQ UC gan\u00f3 el galard\u00f3n en su edici\u00f3n 2020 con el edificio Nueva Municipalidad de Nancagua.","robots":{"index":"index","follow":"follow","max-snippet":"max-snippet:-1","max-image-preview":"max-image-preview:large","max-video-preview":"max-video-preview:-1"},"canonical":"https:\/\/fadeu.urantiacos.cl\/en\/2020\/12\/04\/loreto-lyon-y-alejandro-beals-obtienen-el-premio-oscar-niemeyer\/","og_locale":"en_US","og_type":"article","og_title":"Loreto Lyon y Alejandro Beals obtienen el Premio Oscar Niemeyer - Facultad de Arquitectura, Dise\u00f1o y Estudios Urbanos","og_description":"La oficina de los profesores ARQ UC gan\u00f3 el galard\u00f3n en su edici\u00f3n 2020 con el edificio Nueva Municipalidad de Nancagua.","og_url":"https:\/\/fadeu.urantiacos.cl\/en\/2020\/12\/04\/loreto-lyon-y-alejandro-beals-obtienen-el-premio-oscar-niemeyer\/","og_site_name":"Facultad de Arquitectura, Dise\u00f1o y Estudios Urbanos","article_published_time":"2020-12-04T19:22:00+00:00","article_modified_time":"2023-09-09T19:23:56+00:00","og_image":[{"width":350,"height":250,"url":"https:\/\/fadeu.urantiacos.cl\/wp-content\/uploads\/2023\/09\/LYON_BEALS_DICIEMBRE.png","type":"image\/png"}],"author":"manadmin","twitter_card":"summary_large_image","twitter_misc":{"Written by":"manadmin","Est. reading time":"1 minute"},"schema":{"@context":"https:\/\/schema.org","@graph":[{"@type":"Article","@id":"https:\/\/fadeu.urantiacos.cl\/en\/2020\/12\/04\/loreto-lyon-y-alejandro-beals-obtienen-el-premio-oscar-niemeyer\/#article","isPartOf":{"@id":"https:\/\/fadeu.urantiacos.cl\/en\/2020\/12\/04\/loreto-lyon-y-alejandro-beals-obtienen-el-premio-oscar-niemeyer\/"},"author":{"name":"manadmin","@id":"https:\/\/fadeu.urantiacos.cl\/en\/#\/schema\/person\/d203e2e84b1c40275eac77b3061a19a2"},"headline":"Loreto Lyon y Alejandro Beals obtienen el Premio Oscar Niemeyer","datePublished":"2020-12-04T19:22:00+00:00","dateModified":"2023-09-09T19:23:56+00:00","mainEntityOfPage":{"@id":"https:\/\/fadeu.urantiacos.cl\/en\/2020\/12\/04\/loreto-lyon-y-alejandro-beals-obtienen-el-premio-oscar-niemeyer\/"},"wordCount":294,"commentCount":0,"image":{"@id":"https:\/\/fadeu.urantiacos.cl\/en\/2020\/12\/04\/loreto-lyon-y-alejandro-beals-obtienen-el-premio-oscar-niemeyer\/#primaryimage"},"thumbnailUrl":"https:\/\/fadeu.urantiacos.cl\/wp-content\/uploads\/2023\/09\/LYON_BEALS_DICIEMBRE.png","articleSection":["Sin categorizar"],"inLanguage":"en-US","potentialAction":[{"@type":"CommentAction","name":"Comment","target":["https:\/\/fadeu.urantiacos.cl\/en\/2020\/12\/04\/loreto-lyon-y-alejandro-beals-obtienen-el-premio-oscar-niemeyer\/#respond"]}]},{"@type":"WebPage","@id":"https:\/\/fadeu.urantiacos.cl\/en\/2020\/12\/04\/loreto-lyon-y-alejandro-beals-obtienen-el-premio-oscar-niemeyer\/","url":"https:\/\/fadeu.urantiacos.cl\/en\/2020\/12\/04\/loreto-lyon-y-alejandro-beals-obtienen-el-premio-oscar-niemeyer\/","name":"Loreto Lyon y Alejandro Beals obtienen el Premio Oscar Niemeyer - Facultad de Arquitectura, Dise\u00f1o y Estudios Urbanos","isPartOf":{"@id":"https:\/\/fadeu.urantiacos.cl\/en\/#website"},"primaryImageOfPage":{"@id":"https:\/\/fadeu.urantiacos.cl\/en\/2020\/12\/04\/loreto-lyon-y-alejandro-beals-obtienen-el-premio-oscar-niemeyer\/#primaryimage"},"image":{"@id":"https:\/\/fadeu.urantiacos.cl\/en\/2020\/12\/04\/loreto-lyon-y-alejandro-beals-obtienen-el-premio-oscar-niemeyer\/#primaryimage"},"thumbnailUrl":"https:\/\/fadeu.urantiacos.cl\/wp-content\/uploads\/2023\/09\/LYON_BEALS_DICIEMBRE.png","datePublished":"2020-12-04T19:22:00+00:00","dateModified":"2023-09-09T19:23:56+00:00","author":{"@id":"https:\/\/fadeu.urantiacos.cl\/en\/#\/schema\/person\/d203e2e84b1c40275eac77b3061a19a2"},"description":"La oficina de los profesores ARQ UC gan\u00f3 el galard\u00f3n en su edici\u00f3n 2020 con el edificio Nueva Municipalidad de Nancagua.","breadcrumb":{"@id":"https:\/\/fadeu.urantiacos.cl\/en\/2020\/12\/04\/loreto-lyon-y-alejandro-beals-obtienen-el-premio-oscar-niemeyer\/#breadcrumb"},"inLanguage":"en-US","potentialAction":[{"@type":"ReadAction","target":["https:\/\/fadeu.urantiacos.cl\/en\/2020\/12\/04\/loreto-lyon-y-alejandro-beals-obtienen-el-premio-oscar-niemeyer\/"]}]},{"@type":"ImageObject","inLanguage":"en-US","@id":"https:\/\/fadeu.urantiacos.cl\/en\/2020\/12\/04\/loreto-lyon-y-alejandro-beals-obtienen-el-premio-oscar-niemeyer\/#primaryimage","url":"https:\/\/fadeu.urantiacos.cl\/wp-content\/uploads\/2023\/09\/LYON_BEALS_DICIEMBRE.png","contentUrl":"https:\/\/fadeu.urantiacos.cl\/wp-content\/uploads\/2023\/09\/LYON_BEALS_DICIEMBRE.png","width":350,"height":250},{"@type":"BreadcrumbList","@id":"https:\/\/fadeu.urantiacos.cl\/en\/2020\/12\/04\/loreto-lyon-y-alejandro-beals-obtienen-el-premio-oscar-niemeyer\/#breadcrumb","itemListElement":[{"@type":"ListItem","position":1,"name":"Portada","item":"https:\/\/fadeu.urantiacos.cl\/en\/"},{"@type":"ListItem","position":2,"name":"Loreto Lyon y Alejandro Beals obtienen el Premio Oscar Niemeyer"}]},{"@type":"WebSite","@id":"https:\/\/fadeu.urantiacos.cl\/en\/#website","url":"https:\/\/fadeu.urantiacos.cl\/en\/","name":"Facultad de Arquitectura, Dise\u00f1o y Estudios Urbanos","description":"Campus Lo Contador","potentialAction":[{"@type":"SearchAction","target":{"@type":"EntryPoint","urlTemplate":"https:\/\/fadeu.urantiacos.cl\/en\/?s={search_term_string}"},"query-input":{"@type":"PropertyValueSpecification","valueRequired":true,"valueName":"search_term_string"}}],"inLanguage":"en-US"},{"@type":"Person","@id":"https:\/\/fadeu.urantiacos.cl\/en\/#\/schema\/person\/d203e2e84b1c40275eac77b3061a19a2","name":"manadmin","image":{"@type":"ImageObject","inLanguage":"en-US","@id":"https:\/\/fadeu.urantiacos.cl\/en\/#\/schema\/person\/image\/","url":"https:\/\/secure.gravatar.com\/avatar\/4b1d8e3303b4a9d8968ac578947d8bc80d9aea359f388cdd4aac15cadc0e8447?s=96&d=mm&r=g","contentUrl":"https:\/\/secure.gravatar.com\/avatar\/4b1d8e3303b4a9d8968ac578947d8bc80d9aea359f388cdd4aac15cadc0e8447?s=96&d=mm&r=g","caption":"manadmin"},"sameAs":["https:\/\/fadeu.urantiacos.cl"]}]}},"_links":{"self":[{"href":"https:\/\/fadeu.urantiacos.cl\/en\/wp-json\/wp\/v2\/posts\/7772","targetHints":{"allow":["GET"]}}],"collection":[{"href":"https:\/\/fadeu.urantiacos.cl\/en\/wp-json\/wp\/v2\/posts"}],"about":[{"href":"https:\/\/fadeu.urantiacos.cl\/en\/wp-json\/wp\/v2\/types\/post"}],"author":[{"embeddable":true,"href":"https:\/\/fadeu.urantiacos.cl\/en\/wp-json\/wp\/v2\/users\/1"}],"replies":[{"embeddable":true,"href":"https:\/\/fadeu.urantiacos.cl\/en\/wp-json\/wp\/v2\/comments?post=7772"}],"version-history":[{"count":1,"href":"https:\/\/fadeu.urantiacos.cl\/en\/wp-json\/wp\/v2\/posts\/7772\/revisions"}],"predecessor-version":[{"id":7775,"href":"https:\/\/fadeu.urantiacos.cl\/en\/wp-json\/wp\/v2\/posts\/7772\/revisions\/7775"}],"wp:featuredmedia":[{"embeddable":true,"href":"https:\/\/fadeu.urantiacos.cl\/en\/wp-json\/wp\/v2\/media\/7774"}],"wp:attachment":[{"href":"https:\/\/fadeu.urantiacos.cl\/en\/wp-json\/wp\/v2\/media?parent=7772"}],"wp:term":[{"taxonomy":"category","embeddable":true,"href":"https:\/\/fadeu.urantiacos.cl\/en\/wp-json\/wp\/v2\/categories?post=7772"},{"taxonomy":"post_tag","embeddable":true,"href":"https:\/\/fadeu.urantiacos.cl\/en\/wp-json\/wp\/v2\/tags?post=7772"}],"curies":[{"name":"wp","href":"https:\/\/api.w.org\/{rel}","templated":true}]}}