{"id":7760,"date":"2020-12-08T16:15:00","date_gmt":"2020-12-08T19:15:00","guid":{"rendered":"https:\/\/fadeu.urantiacos.cl\/?p=7760"},"modified":"2023-09-09T16:17:40","modified_gmt":"2023-09-09T19:17:40","slug":"profesora-margarita-greene-participo-en-conversatorio-sobre-campamentos-conducido-por-el-periodista-rafael-cavada","status":"publish","type":"post","link":"https:\/\/fadeu.urantiacos.cl\/en\/2020\/12\/08\/profesora-margarita-greene-participo-en-conversatorio-sobre-campamentos-conducido-por-el-periodista-rafael-cavada\/","title":{"rendered":"Profesora Margarita Greene particip\u00f3 en conversatorio sobre campamentos conducido por el periodista Rafael Cavada"},"content":{"rendered":"\n<figure class=\"wp-block-image size-full\"><img decoding=\"async\" width=\"350\" height=\"250\" src=\"https:\/\/fadeu.urantiacos.cl\/wp-content\/uploads\/2023\/09\/MARGTARITA_GREENE_1.png\" alt=\"\" class=\"wp-image-7761\" srcset=\"https:\/\/fadeu.urantiacos.cl\/wp-content\/uploads\/2023\/09\/MARGTARITA_GREENE_1.png 350w, https:\/\/fadeu.urantiacos.cl\/wp-content\/uploads\/2023\/09\/MARGTARITA_GREENE_1-300x214.png 300w\" sizes=\"(max-width: 350px) 100vw, 350px\" \/><\/figure>\n\n\n\n<p>En el di\u00e1logo tambi\u00e9n participaron Vicente Stiepovich, director social de Techo Chile; Nikol Moya, presidenta del mismo campamento; y el arquitecto Iv\u00e1n Poduje, miembro del Consejo Nacional de Desarrollo Urbano.<\/p>\n\n\n\n<p>\u201cLos campamentos son la manifestaci\u00f3n f\u00edsica y un resultado del d\u00e9ficit habitacional, porque cuando se deja de producir el n\u00famero de viviendas adecuado para las familias, muchas personas buscan opciones, y ah\u00ed nacen los fen\u00f3menos del allegamiento, la construcci\u00f3n de peque\u00f1as construcciones en el terreno de un familiar o la expresi\u00f3n del campamento, que se agudiza con la pandemia y la precarizaci\u00f3n del empleo\u201d, advirti\u00f3 Greene en su intervenci\u00f3n.<\/p>\n\n\n\n<p>A lo anterior, agreg\u00f3 que \u201cel Estado no ha sido capaz de construir las viviendas que la ciudad requiere, pero es igualmente importante abordar la tenencia como uno de tantos mecanismos, y no como el \u00fanico mecanismo de acceso a la vivienda, por ello es importante tener un stock de viviendas en arriendo para situaciones particulares. Cuando ello no existe, todo se hace m\u00e1s cr\u00edtico\u201d.<\/p>\n\n\n\n<p>Greene advirti\u00f3, adem\u00e1s, la necesidad de observar cambios institucionales en los modelos de administraci\u00f3n del Estado, en lo que refiere a pol\u00edticas habitacionales, y reivindic\u00f3 la descentralizaci\u00f3n como un mecanismo para que el pa\u00eds comience a hacerse cargo de sus diversas realidades urbanas y territoriales.<\/p>\n\n\n\n<p>\u201cNuestro pa\u00eds, adem\u00e1s, que no tiene nada dicho sobre derecho a la vivienda y la ciudad en la Constituci\u00f3n. Eso, por supuesto no soluciona las cosas m\u00e1gicamente, sino que se debe ocupar para trabajar en distintos programas y planes adecuados a cada realidad, pero desde un punto de vista descentralizado, porque no podemos seguir pretendiendo que todos los problemas del pa\u00eds se resuelvan desde Santiago. Debe haber diagn\u00f3sticos regionales, con participaci\u00f3n de los gobiernos locales, la ciudadan\u00eda y las ONGs. No podemos seguir bajo este mismo modelo de administraci\u00f3n p\u00fablica\u201d, advirti\u00f3.<\/p>\n\n\n\n<p>Si quieres revivir el conversatorio completo, puedes revisar el link en YouTube:&nbsp;<a href=\"https:\/\/www.youtube.com\/watch?v=JZygNyz9mfM&amp;t=14s\">https:\/\/www.youtube.com\/watch?v=JZygNyz9mfM&amp;t=14s<\/a><\/p>\n","protected":false},"excerpt":{"rendered":"<p>El campamento Marichiweu, ubicado en Batuco, fue el escenario en el cual se desarroll\u00f3 el programa de conversaci\u00f3n conducido por el periodista Rafael Cavada, In Situ, instancia promovida por Basep\u00fablica en conjunto con la Alianza Ciudad y Territorio, que convoc\u00f3 a una conversaci\u00f3n sobre la situaci\u00f3n de los campamentos en Chile, en el cual particip\u00f3 la profesora de la escuela de Arquitectura e investigadora del CEDEUS, Margarita Greene.<\/p>\n","protected":false},"author":1,"featured_media":7761,"comment_status":"open","ping_status":"open","sticky":false,"template":"","format":"standard","meta":{"_acf_changed":false,"footnotes":""},"categories":[1],"tags":[],"class_list":["post-7760","post","type-post","status-publish","format-standard","has-post-thumbnail","hentry","category-sin-categorizar"],"acf":[],"yoast_head":"<!-- This site is optimized with the Yoast SEO plugin v27.1.1 - https:\/\/yoast.com\/product\/yoast-seo-wordpress\/ -->\n<title>Profesora Margarita Greene particip\u00f3 en conversatorio sobre campamentos conducido por el periodista Rafael Cavada - Facultad de Arquitectura, Dise\u00f1o y Estudios Urbanos<\/title>\n<meta name=\"description\" content=\"El campamento Marichiweu, ubicado en Batuco, fue el escenario en el cual se desarroll\u00f3 el programa de conversaci\u00f3n conducido por el periodista Rafael Cavada, In Situ, instancia promovida por Basep\u00fablica en conjunto con la Alianza Ciudad y Territorio, que convoc\u00f3 a una conversaci\u00f3n sobre la situaci\u00f3n de los campamentos en Chile, en el cual particip\u00f3 la profesora de la escuela de Arquitectura e investigadora del CEDEUS, Margarita Greene.\" \/>\n<meta name=\"robots\" content=\"index, follow, max-snippet:-1, max-image-preview:large, max-video-preview:-1\" \/>\n<link rel=\"canonical\" href=\"https:\/\/fadeu.urantiacos.cl\/en\/2020\/12\/08\/profesora-margarita-greene-participo-en-conversatorio-sobre-campamentos-conducido-por-el-periodista-rafael-cavada\/\" \/>\n<meta property=\"og:locale\" content=\"en_US\" \/>\n<meta property=\"og:type\" content=\"article\" \/>\n<meta property=\"og:title\" content=\"Profesora Margarita Greene particip\u00f3 en conversatorio sobre campamentos conducido por el periodista Rafael Cavada - Facultad de Arquitectura, Dise\u00f1o y Estudios Urbanos\" \/>\n<meta property=\"og:description\" content=\"El campamento Marichiweu, ubicado en Batuco, fue el escenario en el cual se desarroll\u00f3 el programa de conversaci\u00f3n conducido por el periodista Rafael Cavada, In Situ, instancia promovida por Basep\u00fablica en conjunto con la Alianza Ciudad y Territorio, que convoc\u00f3 a una conversaci\u00f3n sobre la situaci\u00f3n de los campamentos en Chile, en el cual particip\u00f3 la profesora de la escuela de Arquitectura e investigadora del CEDEUS, Margarita Greene.\" \/>\n<meta property=\"og:url\" content=\"https:\/\/fadeu.urantiacos.cl\/en\/2020\/12\/08\/profesora-margarita-greene-participo-en-conversatorio-sobre-campamentos-conducido-por-el-periodista-rafael-cavada\/\" \/>\n<meta property=\"og:site_name\" content=\"Facultad de Arquitectura, Dise\u00f1o y Estudios Urbanos\" \/>\n<meta property=\"article:published_time\" content=\"2020-12-08T19:15:00+00:00\" \/>\n<meta property=\"article:modified_time\" content=\"2023-09-09T19:17:40+00:00\" \/>\n<meta property=\"og:image\" content=\"https:\/\/fadeu.urantiacos.cl\/wp-content\/uploads\/2023\/09\/MARGTARITA_GREENE_1.png\" \/>\n\t<meta property=\"og:image:width\" content=\"350\" \/>\n\t<meta property=\"og:image:height\" content=\"250\" \/>\n\t<meta property=\"og:image:type\" content=\"image\/png\" \/>\n<meta name=\"author\" content=\"manadmin\" \/>\n<meta name=\"twitter:card\" content=\"summary_large_image\" \/>\n<meta name=\"twitter:label1\" content=\"Written by\" \/>\n\t<meta name=\"twitter:data1\" content=\"manadmin\" \/>\n\t<meta name=\"twitter:label2\" content=\"Est. reading time\" \/>\n\t<meta name=\"twitter:data2\" content=\"2 minutes\" \/>\n<script type=\"application\/ld+json\" class=\"yoast-schema-graph\">{\"@context\":\"https:\/\/schema.org\",\"@graph\":[{\"@type\":\"Article\",\"@id\":\"https:\/\/fadeu.urantiacos.cl\/en\/2020\/12\/08\/profesora-margarita-greene-participo-en-conversatorio-sobre-campamentos-conducido-por-el-periodista-rafael-cavada\/#article\",\"isPartOf\":{\"@id\":\"https:\/\/fadeu.urantiacos.cl\/en\/2020\/12\/08\/profesora-margarita-greene-participo-en-conversatorio-sobre-campamentos-conducido-por-el-periodista-rafael-cavada\/\"},\"author\":{\"name\":\"manadmin\",\"@id\":\"https:\/\/fadeu.urantiacos.cl\/en\/#\/schema\/person\/d203e2e84b1c40275eac77b3061a19a2\"},\"headline\":\"Profesora Margarita Greene particip\u00f3 en conversatorio sobre campamentos conducido por el periodista Rafael Cavada\",\"datePublished\":\"2020-12-08T19:15:00+00:00\",\"dateModified\":\"2023-09-09T19:17:40+00:00\",\"mainEntityOfPage\":{\"@id\":\"https:\/\/fadeu.urantiacos.cl\/en\/2020\/12\/08\/profesora-margarita-greene-participo-en-conversatorio-sobre-campamentos-conducido-por-el-periodista-rafael-cavada\/\"},\"wordCount\":368,\"commentCount\":0,\"image\":{\"@id\":\"https:\/\/fadeu.urantiacos.cl\/en\/2020\/12\/08\/profesora-margarita-greene-participo-en-conversatorio-sobre-campamentos-conducido-por-el-periodista-rafael-cavada\/#primaryimage\"},\"thumbnailUrl\":\"https:\/\/fadeu.urantiacos.cl\/wp-content\/uploads\/2023\/09\/MARGTARITA_GREENE_1.png\",\"articleSection\":[\"Sin categorizar\"],\"inLanguage\":\"en-US\",\"potentialAction\":[{\"@type\":\"CommentAction\",\"name\":\"Comment\",\"target\":[\"https:\/\/fadeu.urantiacos.cl\/en\/2020\/12\/08\/profesora-margarita-greene-participo-en-conversatorio-sobre-campamentos-conducido-por-el-periodista-rafael-cavada\/#respond\"]}]},{\"@type\":\"WebPage\",\"@id\":\"https:\/\/fadeu.urantiacos.cl\/en\/2020\/12\/08\/profesora-margarita-greene-participo-en-conversatorio-sobre-campamentos-conducido-por-el-periodista-rafael-cavada\/\",\"url\":\"https:\/\/fadeu.urantiacos.cl\/en\/2020\/12\/08\/profesora-margarita-greene-participo-en-conversatorio-sobre-campamentos-conducido-por-el-periodista-rafael-cavada\/\",\"name\":\"Profesora Margarita Greene particip\u00f3 en conversatorio sobre campamentos conducido por el periodista Rafael Cavada - Facultad de Arquitectura, Dise\u00f1o y Estudios Urbanos\",\"isPartOf\":{\"@id\":\"https:\/\/fadeu.urantiacos.cl\/en\/#website\"},\"primaryImageOfPage\":{\"@id\":\"https:\/\/fadeu.urantiacos.cl\/en\/2020\/12\/08\/profesora-margarita-greene-participo-en-conversatorio-sobre-campamentos-conducido-por-el-periodista-rafael-cavada\/#primaryimage\"},\"image\":{\"@id\":\"https:\/\/fadeu.urantiacos.cl\/en\/2020\/12\/08\/profesora-margarita-greene-participo-en-conversatorio-sobre-campamentos-conducido-por-el-periodista-rafael-cavada\/#primaryimage\"},\"thumbnailUrl\":\"https:\/\/fadeu.urantiacos.cl\/wp-content\/uploads\/2023\/09\/MARGTARITA_GREENE_1.png\",\"datePublished\":\"2020-12-08T19:15:00+00:00\",\"dateModified\":\"2023-09-09T19:17:40+00:00\",\"author\":{\"@id\":\"https:\/\/fadeu.urantiacos.cl\/en\/#\/schema\/person\/d203e2e84b1c40275eac77b3061a19a2\"},\"description\":\"El campamento Marichiweu, ubicado en Batuco, fue el escenario en el cual se desarroll\u00f3 el programa de conversaci\u00f3n conducido por el periodista Rafael Cavada, In Situ, instancia promovida por Basep\u00fablica en conjunto con la Alianza Ciudad y Territorio, que convoc\u00f3 a una conversaci\u00f3n sobre la situaci\u00f3n de los campamentos en Chile, en el cual particip\u00f3 la profesora de la escuela de Arquitectura e investigadora del CEDEUS, Margarita Greene.\",\"breadcrumb\":{\"@id\":\"https:\/\/fadeu.urantiacos.cl\/en\/2020\/12\/08\/profesora-margarita-greene-participo-en-conversatorio-sobre-campamentos-conducido-por-el-periodista-rafael-cavada\/#breadcrumb\"},\"inLanguage\":\"en-US\",\"potentialAction\":[{\"@type\":\"ReadAction\",\"target\":[\"https:\/\/fadeu.urantiacos.cl\/en\/2020\/12\/08\/profesora-margarita-greene-participo-en-conversatorio-sobre-campamentos-conducido-por-el-periodista-rafael-cavada\/\"]}]},{\"@type\":\"ImageObject\",\"inLanguage\":\"en-US\",\"@id\":\"https:\/\/fadeu.urantiacos.cl\/en\/2020\/12\/08\/profesora-margarita-greene-participo-en-conversatorio-sobre-campamentos-conducido-por-el-periodista-rafael-cavada\/#primaryimage\",\"url\":\"https:\/\/fadeu.urantiacos.cl\/wp-content\/uploads\/2023\/09\/MARGTARITA_GREENE_1.png\",\"contentUrl\":\"https:\/\/fadeu.urantiacos.cl\/wp-content\/uploads\/2023\/09\/MARGTARITA_GREENE_1.png\",\"width\":350,\"height\":250},{\"@type\":\"BreadcrumbList\",\"@id\":\"https:\/\/fadeu.urantiacos.cl\/en\/2020\/12\/08\/profesora-margarita-greene-participo-en-conversatorio-sobre-campamentos-conducido-por-el-periodista-rafael-cavada\/#breadcrumb\",\"itemListElement\":[{\"@type\":\"ListItem\",\"position\":1,\"name\":\"Portada\",\"item\":\"https:\/\/fadeu.urantiacos.cl\/en\/\"},{\"@type\":\"ListItem\",\"position\":2,\"name\":\"Profesora Margarita Greene particip\u00f3 en conversatorio sobre campamentos conducido por el periodista Rafael Cavada\"}]},{\"@type\":\"WebSite\",\"@id\":\"https:\/\/fadeu.urantiacos.cl\/en\/#website\",\"url\":\"https:\/\/fadeu.urantiacos.cl\/en\/\",\"name\":\"Facultad de Arquitectura, Dise\u00f1o y Estudios Urbanos\",\"description\":\"Campus Lo Contador\",\"potentialAction\":[{\"@type\":\"SearchAction\",\"target\":{\"@type\":\"EntryPoint\",\"urlTemplate\":\"https:\/\/fadeu.urantiacos.cl\/en\/?s={search_term_string}\"},\"query-input\":{\"@type\":\"PropertyValueSpecification\",\"valueRequired\":true,\"valueName\":\"search_term_string\"}}],\"inLanguage\":\"en-US\"},{\"@type\":\"Person\",\"@id\":\"https:\/\/fadeu.urantiacos.cl\/en\/#\/schema\/person\/d203e2e84b1c40275eac77b3061a19a2\",\"name\":\"manadmin\",\"image\":{\"@type\":\"ImageObject\",\"inLanguage\":\"en-US\",\"@id\":\"https:\/\/fadeu.urantiacos.cl\/en\/#\/schema\/person\/image\/\",\"url\":\"https:\/\/secure.gravatar.com\/avatar\/4b1d8e3303b4a9d8968ac578947d8bc80d9aea359f388cdd4aac15cadc0e8447?s=96&d=mm&r=g\",\"contentUrl\":\"https:\/\/secure.gravatar.com\/avatar\/4b1d8e3303b4a9d8968ac578947d8bc80d9aea359f388cdd4aac15cadc0e8447?s=96&d=mm&r=g\",\"caption\":\"manadmin\"},\"sameAs\":[\"https:\/\/fadeu.urantiacos.cl\"]}]}<\/script>\n<!-- \/ Yoast SEO plugin. -->","yoast_head_json":{"title":"Profesora Margarita Greene particip\u00f3 en conversatorio sobre campamentos conducido por el periodista Rafael Cavada - Facultad de Arquitectura, Dise\u00f1o y Estudios Urbanos","description":"El campamento Marichiweu, ubicado en Batuco, fue el escenario en el cual se desarroll\u00f3 el programa de conversaci\u00f3n conducido por el periodista Rafael Cavada, In Situ, instancia promovida por Basep\u00fablica en conjunto con la Alianza Ciudad y Territorio, que convoc\u00f3 a una conversaci\u00f3n sobre la situaci\u00f3n de los campamentos en Chile, en el cual particip\u00f3 la profesora de la escuela de Arquitectura e investigadora del CEDEUS, Margarita Greene.","robots":{"index":"index","follow":"follow","max-snippet":"max-snippet:-1","max-image-preview":"max-image-preview:large","max-video-preview":"max-video-preview:-1"},"canonical":"https:\/\/fadeu.urantiacos.cl\/en\/2020\/12\/08\/profesora-margarita-greene-participo-en-conversatorio-sobre-campamentos-conducido-por-el-periodista-rafael-cavada\/","og_locale":"en_US","og_type":"article","og_title":"Profesora Margarita Greene particip\u00f3 en conversatorio sobre campamentos conducido por el periodista Rafael Cavada - Facultad de Arquitectura, Dise\u00f1o y Estudios Urbanos","og_description":"El campamento Marichiweu, ubicado en Batuco, fue el escenario en el cual se desarroll\u00f3 el programa de conversaci\u00f3n conducido por el periodista Rafael Cavada, In Situ, instancia promovida por Basep\u00fablica en conjunto con la Alianza Ciudad y Territorio, que convoc\u00f3 a una conversaci\u00f3n sobre la situaci\u00f3n de los campamentos en Chile, en el cual particip\u00f3 la profesora de la escuela de Arquitectura e investigadora del CEDEUS, Margarita Greene.","og_url":"https:\/\/fadeu.urantiacos.cl\/en\/2020\/12\/08\/profesora-margarita-greene-participo-en-conversatorio-sobre-campamentos-conducido-por-el-periodista-rafael-cavada\/","og_site_name":"Facultad de Arquitectura, Dise\u00f1o y Estudios Urbanos","article_published_time":"2020-12-08T19:15:00+00:00","article_modified_time":"2023-09-09T19:17:40+00:00","og_image":[{"width":350,"height":250,"url":"https:\/\/fadeu.urantiacos.cl\/wp-content\/uploads\/2023\/09\/MARGTARITA_GREENE_1.png","type":"image\/png"}],"author":"manadmin","twitter_card":"summary_large_image","twitter_misc":{"Written by":"manadmin","Est. reading time":"2 minutes"},"schema":{"@context":"https:\/\/schema.org","@graph":[{"@type":"Article","@id":"https:\/\/fadeu.urantiacos.cl\/en\/2020\/12\/08\/profesora-margarita-greene-participo-en-conversatorio-sobre-campamentos-conducido-por-el-periodista-rafael-cavada\/#article","isPartOf":{"@id":"https:\/\/fadeu.urantiacos.cl\/en\/2020\/12\/08\/profesora-margarita-greene-participo-en-conversatorio-sobre-campamentos-conducido-por-el-periodista-rafael-cavada\/"},"author":{"name":"manadmin","@id":"https:\/\/fadeu.urantiacos.cl\/en\/#\/schema\/person\/d203e2e84b1c40275eac77b3061a19a2"},"headline":"Profesora Margarita Greene particip\u00f3 en conversatorio sobre campamentos conducido por el periodista Rafael Cavada","datePublished":"2020-12-08T19:15:00+00:00","dateModified":"2023-09-09T19:17:40+00:00","mainEntityOfPage":{"@id":"https:\/\/fadeu.urantiacos.cl\/en\/2020\/12\/08\/profesora-margarita-greene-participo-en-conversatorio-sobre-campamentos-conducido-por-el-periodista-rafael-cavada\/"},"wordCount":368,"commentCount":0,"image":{"@id":"https:\/\/fadeu.urantiacos.cl\/en\/2020\/12\/08\/profesora-margarita-greene-participo-en-conversatorio-sobre-campamentos-conducido-por-el-periodista-rafael-cavada\/#primaryimage"},"thumbnailUrl":"https:\/\/fadeu.urantiacos.cl\/wp-content\/uploads\/2023\/09\/MARGTARITA_GREENE_1.png","articleSection":["Sin categorizar"],"inLanguage":"en-US","potentialAction":[{"@type":"CommentAction","name":"Comment","target":["https:\/\/fadeu.urantiacos.cl\/en\/2020\/12\/08\/profesora-margarita-greene-participo-en-conversatorio-sobre-campamentos-conducido-por-el-periodista-rafael-cavada\/#respond"]}]},{"@type":"WebPage","@id":"https:\/\/fadeu.urantiacos.cl\/en\/2020\/12\/08\/profesora-margarita-greene-participo-en-conversatorio-sobre-campamentos-conducido-por-el-periodista-rafael-cavada\/","url":"https:\/\/fadeu.urantiacos.cl\/en\/2020\/12\/08\/profesora-margarita-greene-participo-en-conversatorio-sobre-campamentos-conducido-por-el-periodista-rafael-cavada\/","name":"Profesora Margarita Greene particip\u00f3 en conversatorio sobre campamentos conducido por el periodista Rafael Cavada - Facultad de Arquitectura, Dise\u00f1o y Estudios Urbanos","isPartOf":{"@id":"https:\/\/fadeu.urantiacos.cl\/en\/#website"},"primaryImageOfPage":{"@id":"https:\/\/fadeu.urantiacos.cl\/en\/2020\/12\/08\/profesora-margarita-greene-participo-en-conversatorio-sobre-campamentos-conducido-por-el-periodista-rafael-cavada\/#primaryimage"},"image":{"@id":"https:\/\/fadeu.urantiacos.cl\/en\/2020\/12\/08\/profesora-margarita-greene-participo-en-conversatorio-sobre-campamentos-conducido-por-el-periodista-rafael-cavada\/#primaryimage"},"thumbnailUrl":"https:\/\/fadeu.urantiacos.cl\/wp-content\/uploads\/2023\/09\/MARGTARITA_GREENE_1.png","datePublished":"2020-12-08T19:15:00+00:00","dateModified":"2023-09-09T19:17:40+00:00","author":{"@id":"https:\/\/fadeu.urantiacos.cl\/en\/#\/schema\/person\/d203e2e84b1c40275eac77b3061a19a2"},"description":"El campamento Marichiweu, ubicado en Batuco, fue el escenario en el cual se desarroll\u00f3 el programa de conversaci\u00f3n conducido por el periodista Rafael Cavada, In Situ, instancia promovida por Basep\u00fablica en conjunto con la Alianza Ciudad y Territorio, que convoc\u00f3 a una conversaci\u00f3n sobre la situaci\u00f3n de los campamentos en Chile, en el cual particip\u00f3 la profesora de la escuela de Arquitectura e investigadora del CEDEUS, Margarita Greene.","breadcrumb":{"@id":"https:\/\/fadeu.urantiacos.cl\/en\/2020\/12\/08\/profesora-margarita-greene-participo-en-conversatorio-sobre-campamentos-conducido-por-el-periodista-rafael-cavada\/#breadcrumb"},"inLanguage":"en-US","potentialAction":[{"@type":"ReadAction","target":["https:\/\/fadeu.urantiacos.cl\/en\/2020\/12\/08\/profesora-margarita-greene-participo-en-conversatorio-sobre-campamentos-conducido-por-el-periodista-rafael-cavada\/"]}]},{"@type":"ImageObject","inLanguage":"en-US","@id":"https:\/\/fadeu.urantiacos.cl\/en\/2020\/12\/08\/profesora-margarita-greene-participo-en-conversatorio-sobre-campamentos-conducido-por-el-periodista-rafael-cavada\/#primaryimage","url":"https:\/\/fadeu.urantiacos.cl\/wp-content\/uploads\/2023\/09\/MARGTARITA_GREENE_1.png","contentUrl":"https:\/\/fadeu.urantiacos.cl\/wp-content\/uploads\/2023\/09\/MARGTARITA_GREENE_1.png","width":350,"height":250},{"@type":"BreadcrumbList","@id":"https:\/\/fadeu.urantiacos.cl\/en\/2020\/12\/08\/profesora-margarita-greene-participo-en-conversatorio-sobre-campamentos-conducido-por-el-periodista-rafael-cavada\/#breadcrumb","itemListElement":[{"@type":"ListItem","position":1,"name":"Portada","item":"https:\/\/fadeu.urantiacos.cl\/en\/"},{"@type":"ListItem","position":2,"name":"Profesora Margarita Greene particip\u00f3 en conversatorio sobre campamentos conducido por el periodista Rafael Cavada"}]},{"@type":"WebSite","@id":"https:\/\/fadeu.urantiacos.cl\/en\/#website","url":"https:\/\/fadeu.urantiacos.cl\/en\/","name":"Facultad de Arquitectura, Dise\u00f1o y Estudios Urbanos","description":"Campus Lo Contador","potentialAction":[{"@type":"SearchAction","target":{"@type":"EntryPoint","urlTemplate":"https:\/\/fadeu.urantiacos.cl\/en\/?s={search_term_string}"},"query-input":{"@type":"PropertyValueSpecification","valueRequired":true,"valueName":"search_term_string"}}],"inLanguage":"en-US"},{"@type":"Person","@id":"https:\/\/fadeu.urantiacos.cl\/en\/#\/schema\/person\/d203e2e84b1c40275eac77b3061a19a2","name":"manadmin","image":{"@type":"ImageObject","inLanguage":"en-US","@id":"https:\/\/fadeu.urantiacos.cl\/en\/#\/schema\/person\/image\/","url":"https:\/\/secure.gravatar.com\/avatar\/4b1d8e3303b4a9d8968ac578947d8bc80d9aea359f388cdd4aac15cadc0e8447?s=96&d=mm&r=g","contentUrl":"https:\/\/secure.gravatar.com\/avatar\/4b1d8e3303b4a9d8968ac578947d8bc80d9aea359f388cdd4aac15cadc0e8447?s=96&d=mm&r=g","caption":"manadmin"},"sameAs":["https:\/\/fadeu.urantiacos.cl"]}]}},"_links":{"self":[{"href":"https:\/\/fadeu.urantiacos.cl\/en\/wp-json\/wp\/v2\/posts\/7760","targetHints":{"allow":["GET"]}}],"collection":[{"href":"https:\/\/fadeu.urantiacos.cl\/en\/wp-json\/wp\/v2\/posts"}],"about":[{"href":"https:\/\/fadeu.urantiacos.cl\/en\/wp-json\/wp\/v2\/types\/post"}],"author":[{"embeddable":true,"href":"https:\/\/fadeu.urantiacos.cl\/en\/wp-json\/wp\/v2\/users\/1"}],"replies":[{"embeddable":true,"href":"https:\/\/fadeu.urantiacos.cl\/en\/wp-json\/wp\/v2\/comments?post=7760"}],"version-history":[{"count":1,"href":"https:\/\/fadeu.urantiacos.cl\/en\/wp-json\/wp\/v2\/posts\/7760\/revisions"}],"predecessor-version":[{"id":7762,"href":"https:\/\/fadeu.urantiacos.cl\/en\/wp-json\/wp\/v2\/posts\/7760\/revisions\/7762"}],"wp:featuredmedia":[{"embeddable":true,"href":"https:\/\/fadeu.urantiacos.cl\/en\/wp-json\/wp\/v2\/media\/7761"}],"wp:attachment":[{"href":"https:\/\/fadeu.urantiacos.cl\/en\/wp-json\/wp\/v2\/media?parent=7760"}],"wp:term":[{"taxonomy":"category","embeddable":true,"href":"https:\/\/fadeu.urantiacos.cl\/en\/wp-json\/wp\/v2\/categories?post=7760"},{"taxonomy":"post_tag","embeddable":true,"href":"https:\/\/fadeu.urantiacos.cl\/en\/wp-json\/wp\/v2\/tags?post=7760"}],"curies":[{"name":"wp","href":"https:\/\/api.w.org\/{rel}","templated":true}]}}