{"id":7756,"date":"2020-12-08T16:12:00","date_gmt":"2020-12-08T19:12:00","guid":{"rendered":"https:\/\/fadeu.urantiacos.cl\/?p=7756"},"modified":"2023-09-09T16:15:20","modified_gmt":"2023-09-09T19:15:20","slug":"cigiden-profesor-rodrigo-ramirez-publica-libro-sobre-comunicacion-e-iconografia-para-emergencias-en-chile","status":"publish","type":"post","link":"https:\/\/fadeu.urantiacos.cl\/en\/2020\/12\/08\/cigiden-profesor-rodrigo-ramirez-publica-libro-sobre-comunicacion-e-iconografia-para-emergencias-en-chile\/","title":{"rendered":"CIGIDEN: Profesor Rodrigo Ram\u00edrez publica libro sobre comunicaci\u00f3n e iconograf\u00eda para emergencias en Chile"},"content":{"rendered":"\n<figure class=\"wp-block-image size-full\"><img decoding=\"async\" width=\"350\" height=\"250\" src=\"https:\/\/fadeu.urantiacos.cl\/wp-content\/uploads\/2023\/09\/LIBRO_RR_1_1.png\" alt=\"\" class=\"wp-image-7757\" srcset=\"https:\/\/fadeu.urantiacos.cl\/wp-content\/uploads\/2023\/09\/LIBRO_RR_1_1.png 350w, https:\/\/fadeu.urantiacos.cl\/wp-content\/uploads\/2023\/09\/LIBRO_RR_1_1-300x214.png 300w\" sizes=\"(max-width: 350px) 100vw, 350px\" \/><\/figure>\n\n\n\n<p>\u201cEl contexto de la emergencia es familiar en Chile. En estas situaciones, la experiencia de las personas es alterada y manejar informaci\u00f3n pasa a ser una necesidad prioritaria. Sin embargo, se observan falencias en nociones operativas, por ejemplo: \u00bfQu\u00e9 hacen las personas concretamente para preparar, prevenir o reaccionar? \u00bfCon qu\u00e9 herramientas de informaci\u00f3n cuentan para visualizar, entender y decidir en este contexto?\u201d.<\/p>\n\n\n\n<p>Respecto de la publicaci\u00f3n, Cristobal Mena, subdirector nacional de la ONEMI, sostuvo que \u201ccomo bien lo expresa este policy paper, debemos innovar en las formas de comunicar para evitar que las cat\u00e1strofes sean percibidas como naturales y disminuir la predisposici\u00f3n que genera entenderlas como inevitables, para facilitar un enfoque basado en una gesti\u00f3n prospectiva del riesgo de desastres\u201d.<\/p>\n\n\n\n<p>Seg\u00fan el profesor Ram\u00edrez, en Chile las emergencias forman parte de las experiencias cotidianas, por lo tanto, es un desaf\u00edo permanente abordar las necesidades de informaci\u00f3n de las personas para articularlas. \u201cAl ignorarlas se pierden oportunidades de entender c\u00f3mo se interact\u00faa con el riesgo o cu\u00e1l es el desempe\u00f1o de las comunidades al preparar, prevenir o reaccionar, aumentando potencialmente el impacto de un desastre\u201d, advierte.<\/p>\n\n\n\n<p>Por esta raz\u00f3n, agrega, \u201cdise\u00f1ar la informaci\u00f3n facilita compartir significados o pr\u00e1cticas comunes y su enfoque aplicable en distintas etapas, permite aproximarse a la emergencia desde la prueba y el di\u00e1logo\u201d. As\u00ed, centrando el desempe\u00f1o de la comunicaci\u00f3n en c\u00f3mo se visualiza, c\u00f3mo se entiende y c\u00f3mo se aplica, transforma al dise\u00f1o de informaci\u00f3n para la emergencia en un desaf\u00edo cuyo alcance es multidimensional y donde su rol est\u00e1 todav\u00eda pendiente.<\/p>\n\n\n\n<p>Dos casos en desarrollo permiten exponer buenas pr\u00e1cticas para el uso del dise\u00f1o de informaci\u00f3n para educar y preparar, fa\u00adcilitando experiencias resilientes a trav\u00e9s de herramientas simples.<\/p>\n\n\n\n<p>Desde estos casos de investigaci\u00f3n, se establecen recomendaciones que permitan avanzar hacia modelos de gesti\u00f3n de riesgo de desastres participativos que pongan a las personas en el centro, y enfocados en transferir la informaci\u00f3n a acciones.<\/p>\n\n\n\n<p>Estas recomendaciones son: (1) Entender c\u00f3mo se socializa la in\u00adformaci\u00f3n para la emergencia; (2) Relacionar la informaci\u00f3n con una gesti\u00f3n local del riesgo; (3) Medir si la informaci\u00f3n es entendible, accionable y adaptable.<\/p>\n\n\n\n<p>La l\u00ednea de investigaci\u00f3n a la que se adscribe el libro es la l\u00ednea de Gobernanza Ciudadana, publicada en el \u00e1rea de An\u00e1lisis de Riesgo y Mitigaci\u00f3n, bajo el tema \u201cConcientizaci\u00f3n y preparaci\u00f3n de la comunidad\u201d.<\/p>\n\n\n\n<p>Si quieres descargar el libro, puedes pinchar este link:\u00a0<a href=\"https:\/\/www.cigiden.cl\/13464-2\/\">https:\/\/www.cigiden.cl\/13464-2\/<\/a><\/p>\n\n\n\n<figure class=\"wp-block-image size-large\"><img decoding=\"async\" width=\"717\" height=\"1024\" src=\"https:\/\/fadeu.urantiacos.cl\/wp-content\/uploads\/2023\/09\/LIBRO_RR-717x1024.png\" alt=\"\" class=\"wp-image-7758\" srcset=\"https:\/\/fadeu.urantiacos.cl\/wp-content\/uploads\/2023\/09\/LIBRO_RR-717x1024.png 717w, https:\/\/fadeu.urantiacos.cl\/wp-content\/uploads\/2023\/09\/LIBRO_RR-210x300.png 210w, https:\/\/fadeu.urantiacos.cl\/wp-content\/uploads\/2023\/09\/LIBRO_RR-768x1097.png 768w, https:\/\/fadeu.urantiacos.cl\/wp-content\/uploads\/2023\/09\/LIBRO_RR.png 840w\" sizes=\"(max-width: 717px) 100vw, 717px\" \/><\/figure>\n","protected":false},"excerpt":{"rendered":"<p>El profesor y director de la escuela de Dise\u00f1o UC, Rodrigo Ram\u00edrez, reflexiona sobre la visualizaci\u00f3n de la informaci\u00f3n para el correcto proceder de la institucionalidad y la ciudadan\u00eda frente a emergencias y desastres naturales. Esto es abordado en el libro \u201cDise\u00f1ar la informaci\u00f3n de emergencia: Experiencias para gestionar el riesgo y educar la resiliencia\u201d, un Policy Paper de su autor\u00eda, publicado al alero del Centro de Investigaci\u00f3n para la Gesti\u00f3n Integrada del Riesgo de Desastres (CIGIDEN). Que sirve para entender c\u00f3mo se socializa la informaci\u00f3n para la emergencia, relacionar ese contenido con una gesti\u00f3n local del riesgo y medir si la informaci\u00f3n es entendible, accionable y adaptable conforme las distintas circunstancias.<\/p>\n","protected":false},"author":1,"featured_media":7757,"comment_status":"open","ping_status":"open","sticky":false,"template":"","format":"standard","meta":{"_acf_changed":false,"footnotes":""},"categories":[1],"tags":[],"class_list":["post-7756","post","type-post","status-publish","format-standard","has-post-thumbnail","hentry","category-sin-categorizar"],"acf":[],"yoast_head":"<!-- This site is optimized with the Yoast SEO plugin v27.1.1 - https:\/\/yoast.com\/product\/yoast-seo-wordpress\/ -->\n<title>CIGIDEN: Profesor Rodrigo Ram\u00edrez publica libro sobre comunicaci\u00f3n e iconograf\u00eda para emergencias en Chile - Facultad de Arquitectura, Dise\u00f1o y Estudios Urbanos<\/title>\n<meta name=\"description\" content=\"El profesor y director de la escuela de Dise\u00f1o UC, Rodrigo Ram\u00edrez, reflexiona sobre la visualizaci\u00f3n de la informaci\u00f3n para el correcto proceder de la institucionalidad y la ciudadan\u00eda frente a emergencias y desastres naturales. Esto es abordado en el libro \u201cDise\u00f1ar la informaci\u00f3n de emergencia: Experiencias para gestionar el riesgo y educar la resiliencia\u201d, un Policy Paper de su autor\u00eda, publicado al alero del Centro de Investigaci\u00f3n para la Gesti\u00f3n Integrada del Riesgo de Desastres (CIGIDEN). Que sirve para entender c\u00f3mo se socializa la informaci\u00f3n para la emergencia, relacionar ese contenido con una gesti\u00f3n local del riesgo y medir si la informaci\u00f3n es entendible, accionable y adaptable conforme las distintas circunstancias.\" \/>\n<meta name=\"robots\" content=\"index, follow, max-snippet:-1, max-image-preview:large, max-video-preview:-1\" \/>\n<link rel=\"canonical\" href=\"https:\/\/fadeu.urantiacos.cl\/en\/2020\/12\/08\/cigiden-profesor-rodrigo-ramirez-publica-libro-sobre-comunicacion-e-iconografia-para-emergencias-en-chile\/\" \/>\n<meta property=\"og:locale\" content=\"en_US\" \/>\n<meta property=\"og:type\" content=\"article\" \/>\n<meta property=\"og:title\" content=\"CIGIDEN: Profesor Rodrigo Ram\u00edrez publica libro sobre comunicaci\u00f3n e iconograf\u00eda para emergencias en Chile - Facultad de Arquitectura, Dise\u00f1o y Estudios Urbanos\" \/>\n<meta property=\"og:description\" content=\"El profesor y director de la escuela de Dise\u00f1o UC, Rodrigo Ram\u00edrez, reflexiona sobre la visualizaci\u00f3n de la informaci\u00f3n para el correcto proceder de la institucionalidad y la ciudadan\u00eda frente a emergencias y desastres naturales. Esto es abordado en el libro \u201cDise\u00f1ar la informaci\u00f3n de emergencia: Experiencias para gestionar el riesgo y educar la resiliencia\u201d, un Policy Paper de su autor\u00eda, publicado al alero del Centro de Investigaci\u00f3n para la Gesti\u00f3n Integrada del Riesgo de Desastres (CIGIDEN). Que sirve para entender c\u00f3mo se socializa la informaci\u00f3n para la emergencia, relacionar ese contenido con una gesti\u00f3n local del riesgo y medir si la informaci\u00f3n es entendible, accionable y adaptable conforme las distintas circunstancias.\" \/>\n<meta property=\"og:url\" content=\"https:\/\/fadeu.urantiacos.cl\/en\/2020\/12\/08\/cigiden-profesor-rodrigo-ramirez-publica-libro-sobre-comunicacion-e-iconografia-para-emergencias-en-chile\/\" \/>\n<meta property=\"og:site_name\" content=\"Facultad de Arquitectura, Dise\u00f1o y Estudios Urbanos\" \/>\n<meta property=\"article:published_time\" content=\"2020-12-08T19:12:00+00:00\" \/>\n<meta property=\"article:modified_time\" content=\"2023-09-09T19:15:20+00:00\" \/>\n<meta property=\"og:image\" content=\"https:\/\/fadeu.urantiacos.cl\/wp-content\/uploads\/2023\/09\/LIBRO_RR_1_1.png\" \/>\n\t<meta property=\"og:image:width\" content=\"350\" \/>\n\t<meta property=\"og:image:height\" content=\"250\" \/>\n\t<meta property=\"og:image:type\" content=\"image\/png\" \/>\n<meta name=\"author\" content=\"manadmin\" \/>\n<meta name=\"twitter:card\" content=\"summary_large_image\" \/>\n<meta name=\"twitter:label1\" content=\"Written by\" \/>\n\t<meta name=\"twitter:data1\" content=\"manadmin\" \/>\n\t<meta name=\"twitter:label2\" content=\"Est. reading time\" \/>\n\t<meta name=\"twitter:data2\" content=\"2 minutes\" \/>\n<script type=\"application\/ld+json\" class=\"yoast-schema-graph\">{\"@context\":\"https:\/\/schema.org\",\"@graph\":[{\"@type\":\"Article\",\"@id\":\"https:\/\/fadeu.urantiacos.cl\/en\/2020\/12\/08\/cigiden-profesor-rodrigo-ramirez-publica-libro-sobre-comunicacion-e-iconografia-para-emergencias-en-chile\/#article\",\"isPartOf\":{\"@id\":\"https:\/\/fadeu.urantiacos.cl\/en\/2020\/12\/08\/cigiden-profesor-rodrigo-ramirez-publica-libro-sobre-comunicacion-e-iconografia-para-emergencias-en-chile\/\"},\"author\":{\"name\":\"manadmin\",\"@id\":\"https:\/\/fadeu.urantiacos.cl\/en\/#\/schema\/person\/d203e2e84b1c40275eac77b3061a19a2\"},\"headline\":\"CIGIDEN: Profesor Rodrigo Ram\u00edrez publica libro sobre comunicaci\u00f3n e iconograf\u00eda para emergencias en Chile\",\"datePublished\":\"2020-12-08T19:12:00+00:00\",\"dateModified\":\"2023-09-09T19:15:20+00:00\",\"mainEntityOfPage\":{\"@id\":\"https:\/\/fadeu.urantiacos.cl\/en\/2020\/12\/08\/cigiden-profesor-rodrigo-ramirez-publica-libro-sobre-comunicacion-e-iconografia-para-emergencias-en-chile\/\"},\"wordCount\":465,\"commentCount\":0,\"image\":{\"@id\":\"https:\/\/fadeu.urantiacos.cl\/en\/2020\/12\/08\/cigiden-profesor-rodrigo-ramirez-publica-libro-sobre-comunicacion-e-iconografia-para-emergencias-en-chile\/#primaryimage\"},\"thumbnailUrl\":\"https:\/\/fadeu.urantiacos.cl\/wp-content\/uploads\/2023\/09\/LIBRO_RR_1_1.png\",\"articleSection\":[\"Sin categorizar\"],\"inLanguage\":\"en-US\",\"potentialAction\":[{\"@type\":\"CommentAction\",\"name\":\"Comment\",\"target\":[\"https:\/\/fadeu.urantiacos.cl\/en\/2020\/12\/08\/cigiden-profesor-rodrigo-ramirez-publica-libro-sobre-comunicacion-e-iconografia-para-emergencias-en-chile\/#respond\"]}]},{\"@type\":\"WebPage\",\"@id\":\"https:\/\/fadeu.urantiacos.cl\/en\/2020\/12\/08\/cigiden-profesor-rodrigo-ramirez-publica-libro-sobre-comunicacion-e-iconografia-para-emergencias-en-chile\/\",\"url\":\"https:\/\/fadeu.urantiacos.cl\/en\/2020\/12\/08\/cigiden-profesor-rodrigo-ramirez-publica-libro-sobre-comunicacion-e-iconografia-para-emergencias-en-chile\/\",\"name\":\"CIGIDEN: Profesor Rodrigo Ram\u00edrez publica libro sobre comunicaci\u00f3n e iconograf\u00eda para emergencias en Chile - Facultad de Arquitectura, Dise\u00f1o y Estudios Urbanos\",\"isPartOf\":{\"@id\":\"https:\/\/fadeu.urantiacos.cl\/en\/#website\"},\"primaryImageOfPage\":{\"@id\":\"https:\/\/fadeu.urantiacos.cl\/en\/2020\/12\/08\/cigiden-profesor-rodrigo-ramirez-publica-libro-sobre-comunicacion-e-iconografia-para-emergencias-en-chile\/#primaryimage\"},\"image\":{\"@id\":\"https:\/\/fadeu.urantiacos.cl\/en\/2020\/12\/08\/cigiden-profesor-rodrigo-ramirez-publica-libro-sobre-comunicacion-e-iconografia-para-emergencias-en-chile\/#primaryimage\"},\"thumbnailUrl\":\"https:\/\/fadeu.urantiacos.cl\/wp-content\/uploads\/2023\/09\/LIBRO_RR_1_1.png\",\"datePublished\":\"2020-12-08T19:12:00+00:00\",\"dateModified\":\"2023-09-09T19:15:20+00:00\",\"author\":{\"@id\":\"https:\/\/fadeu.urantiacos.cl\/en\/#\/schema\/person\/d203e2e84b1c40275eac77b3061a19a2\"},\"description\":\"El profesor y director de la escuela de Dise\u00f1o UC, Rodrigo Ram\u00edrez, reflexiona sobre la visualizaci\u00f3n de la informaci\u00f3n para el correcto proceder de la institucionalidad y la ciudadan\u00eda frente a emergencias y desastres naturales. Esto es abordado en el libro \u201cDise\u00f1ar la informaci\u00f3n de emergencia: Experiencias para gestionar el riesgo y educar la resiliencia\u201d, un Policy Paper de su autor\u00eda, publicado al alero del Centro de Investigaci\u00f3n para la Gesti\u00f3n Integrada del Riesgo de Desastres (CIGIDEN). Que sirve para entender c\u00f3mo se socializa la informaci\u00f3n para la emergencia, relacionar ese contenido con una gesti\u00f3n local del riesgo y medir si la informaci\u00f3n es entendible, accionable y adaptable conforme las distintas circunstancias.\",\"breadcrumb\":{\"@id\":\"https:\/\/fadeu.urantiacos.cl\/en\/2020\/12\/08\/cigiden-profesor-rodrigo-ramirez-publica-libro-sobre-comunicacion-e-iconografia-para-emergencias-en-chile\/#breadcrumb\"},\"inLanguage\":\"en-US\",\"potentialAction\":[{\"@type\":\"ReadAction\",\"target\":[\"https:\/\/fadeu.urantiacos.cl\/en\/2020\/12\/08\/cigiden-profesor-rodrigo-ramirez-publica-libro-sobre-comunicacion-e-iconografia-para-emergencias-en-chile\/\"]}]},{\"@type\":\"ImageObject\",\"inLanguage\":\"en-US\",\"@id\":\"https:\/\/fadeu.urantiacos.cl\/en\/2020\/12\/08\/cigiden-profesor-rodrigo-ramirez-publica-libro-sobre-comunicacion-e-iconografia-para-emergencias-en-chile\/#primaryimage\",\"url\":\"https:\/\/fadeu.urantiacos.cl\/wp-content\/uploads\/2023\/09\/LIBRO_RR_1_1.png\",\"contentUrl\":\"https:\/\/fadeu.urantiacos.cl\/wp-content\/uploads\/2023\/09\/LIBRO_RR_1_1.png\",\"width\":350,\"height\":250},{\"@type\":\"BreadcrumbList\",\"@id\":\"https:\/\/fadeu.urantiacos.cl\/en\/2020\/12\/08\/cigiden-profesor-rodrigo-ramirez-publica-libro-sobre-comunicacion-e-iconografia-para-emergencias-en-chile\/#breadcrumb\",\"itemListElement\":[{\"@type\":\"ListItem\",\"position\":1,\"name\":\"Portada\",\"item\":\"https:\/\/fadeu.urantiacos.cl\/en\/\"},{\"@type\":\"ListItem\",\"position\":2,\"name\":\"CIGIDEN: Profesor Rodrigo Ram\u00edrez publica libro sobre comunicaci\u00f3n e iconograf\u00eda para emergencias en Chile\"}]},{\"@type\":\"WebSite\",\"@id\":\"https:\/\/fadeu.urantiacos.cl\/en\/#website\",\"url\":\"https:\/\/fadeu.urantiacos.cl\/en\/\",\"name\":\"Facultad de Arquitectura, Dise\u00f1o y Estudios Urbanos\",\"description\":\"Campus Lo Contador\",\"potentialAction\":[{\"@type\":\"SearchAction\",\"target\":{\"@type\":\"EntryPoint\",\"urlTemplate\":\"https:\/\/fadeu.urantiacos.cl\/en\/?s={search_term_string}\"},\"query-input\":{\"@type\":\"PropertyValueSpecification\",\"valueRequired\":true,\"valueName\":\"search_term_string\"}}],\"inLanguage\":\"en-US\"},{\"@type\":\"Person\",\"@id\":\"https:\/\/fadeu.urantiacos.cl\/en\/#\/schema\/person\/d203e2e84b1c40275eac77b3061a19a2\",\"name\":\"manadmin\",\"image\":{\"@type\":\"ImageObject\",\"inLanguage\":\"en-US\",\"@id\":\"https:\/\/fadeu.urantiacos.cl\/en\/#\/schema\/person\/image\/\",\"url\":\"https:\/\/secure.gravatar.com\/avatar\/4b1d8e3303b4a9d8968ac578947d8bc80d9aea359f388cdd4aac15cadc0e8447?s=96&d=mm&r=g\",\"contentUrl\":\"https:\/\/secure.gravatar.com\/avatar\/4b1d8e3303b4a9d8968ac578947d8bc80d9aea359f388cdd4aac15cadc0e8447?s=96&d=mm&r=g\",\"caption\":\"manadmin\"},\"sameAs\":[\"https:\/\/fadeu.urantiacos.cl\"]}]}<\/script>\n<!-- \/ Yoast SEO plugin. -->","yoast_head_json":{"title":"CIGIDEN: Profesor Rodrigo Ram\u00edrez publica libro sobre comunicaci\u00f3n e iconograf\u00eda para emergencias en Chile - Facultad de Arquitectura, Dise\u00f1o y Estudios Urbanos","description":"El profesor y director de la escuela de Dise\u00f1o UC, Rodrigo Ram\u00edrez, reflexiona sobre la visualizaci\u00f3n de la informaci\u00f3n para el correcto proceder de la institucionalidad y la ciudadan\u00eda frente a emergencias y desastres naturales. Esto es abordado en el libro \u201cDise\u00f1ar la informaci\u00f3n de emergencia: Experiencias para gestionar el riesgo y educar la resiliencia\u201d, un Policy Paper de su autor\u00eda, publicado al alero del Centro de Investigaci\u00f3n para la Gesti\u00f3n Integrada del Riesgo de Desastres (CIGIDEN). Que sirve para entender c\u00f3mo se socializa la informaci\u00f3n para la emergencia, relacionar ese contenido con una gesti\u00f3n local del riesgo y medir si la informaci\u00f3n es entendible, accionable y adaptable conforme las distintas circunstancias.","robots":{"index":"index","follow":"follow","max-snippet":"max-snippet:-1","max-image-preview":"max-image-preview:large","max-video-preview":"max-video-preview:-1"},"canonical":"https:\/\/fadeu.urantiacos.cl\/en\/2020\/12\/08\/cigiden-profesor-rodrigo-ramirez-publica-libro-sobre-comunicacion-e-iconografia-para-emergencias-en-chile\/","og_locale":"en_US","og_type":"article","og_title":"CIGIDEN: Profesor Rodrigo Ram\u00edrez publica libro sobre comunicaci\u00f3n e iconograf\u00eda para emergencias en Chile - Facultad de Arquitectura, Dise\u00f1o y Estudios Urbanos","og_description":"El profesor y director de la escuela de Dise\u00f1o UC, Rodrigo Ram\u00edrez, reflexiona sobre la visualizaci\u00f3n de la informaci\u00f3n para el correcto proceder de la institucionalidad y la ciudadan\u00eda frente a emergencias y desastres naturales. Esto es abordado en el libro \u201cDise\u00f1ar la informaci\u00f3n de emergencia: Experiencias para gestionar el riesgo y educar la resiliencia\u201d, un Policy Paper de su autor\u00eda, publicado al alero del Centro de Investigaci\u00f3n para la Gesti\u00f3n Integrada del Riesgo de Desastres (CIGIDEN). Que sirve para entender c\u00f3mo se socializa la informaci\u00f3n para la emergencia, relacionar ese contenido con una gesti\u00f3n local del riesgo y medir si la informaci\u00f3n es entendible, accionable y adaptable conforme las distintas circunstancias.","og_url":"https:\/\/fadeu.urantiacos.cl\/en\/2020\/12\/08\/cigiden-profesor-rodrigo-ramirez-publica-libro-sobre-comunicacion-e-iconografia-para-emergencias-en-chile\/","og_site_name":"Facultad de Arquitectura, Dise\u00f1o y Estudios Urbanos","article_published_time":"2020-12-08T19:12:00+00:00","article_modified_time":"2023-09-09T19:15:20+00:00","og_image":[{"width":350,"height":250,"url":"https:\/\/fadeu.urantiacos.cl\/wp-content\/uploads\/2023\/09\/LIBRO_RR_1_1.png","type":"image\/png"}],"author":"manadmin","twitter_card":"summary_large_image","twitter_misc":{"Written by":"manadmin","Est. reading time":"2 minutes"},"schema":{"@context":"https:\/\/schema.org","@graph":[{"@type":"Article","@id":"https:\/\/fadeu.urantiacos.cl\/en\/2020\/12\/08\/cigiden-profesor-rodrigo-ramirez-publica-libro-sobre-comunicacion-e-iconografia-para-emergencias-en-chile\/#article","isPartOf":{"@id":"https:\/\/fadeu.urantiacos.cl\/en\/2020\/12\/08\/cigiden-profesor-rodrigo-ramirez-publica-libro-sobre-comunicacion-e-iconografia-para-emergencias-en-chile\/"},"author":{"name":"manadmin","@id":"https:\/\/fadeu.urantiacos.cl\/en\/#\/schema\/person\/d203e2e84b1c40275eac77b3061a19a2"},"headline":"CIGIDEN: Profesor Rodrigo Ram\u00edrez publica libro sobre comunicaci\u00f3n e iconograf\u00eda para emergencias en Chile","datePublished":"2020-12-08T19:12:00+00:00","dateModified":"2023-09-09T19:15:20+00:00","mainEntityOfPage":{"@id":"https:\/\/fadeu.urantiacos.cl\/en\/2020\/12\/08\/cigiden-profesor-rodrigo-ramirez-publica-libro-sobre-comunicacion-e-iconografia-para-emergencias-en-chile\/"},"wordCount":465,"commentCount":0,"image":{"@id":"https:\/\/fadeu.urantiacos.cl\/en\/2020\/12\/08\/cigiden-profesor-rodrigo-ramirez-publica-libro-sobre-comunicacion-e-iconografia-para-emergencias-en-chile\/#primaryimage"},"thumbnailUrl":"https:\/\/fadeu.urantiacos.cl\/wp-content\/uploads\/2023\/09\/LIBRO_RR_1_1.png","articleSection":["Sin categorizar"],"inLanguage":"en-US","potentialAction":[{"@type":"CommentAction","name":"Comment","target":["https:\/\/fadeu.urantiacos.cl\/en\/2020\/12\/08\/cigiden-profesor-rodrigo-ramirez-publica-libro-sobre-comunicacion-e-iconografia-para-emergencias-en-chile\/#respond"]}]},{"@type":"WebPage","@id":"https:\/\/fadeu.urantiacos.cl\/en\/2020\/12\/08\/cigiden-profesor-rodrigo-ramirez-publica-libro-sobre-comunicacion-e-iconografia-para-emergencias-en-chile\/","url":"https:\/\/fadeu.urantiacos.cl\/en\/2020\/12\/08\/cigiden-profesor-rodrigo-ramirez-publica-libro-sobre-comunicacion-e-iconografia-para-emergencias-en-chile\/","name":"CIGIDEN: Profesor Rodrigo Ram\u00edrez publica libro sobre comunicaci\u00f3n e iconograf\u00eda para emergencias en Chile - Facultad de Arquitectura, Dise\u00f1o y Estudios Urbanos","isPartOf":{"@id":"https:\/\/fadeu.urantiacos.cl\/en\/#website"},"primaryImageOfPage":{"@id":"https:\/\/fadeu.urantiacos.cl\/en\/2020\/12\/08\/cigiden-profesor-rodrigo-ramirez-publica-libro-sobre-comunicacion-e-iconografia-para-emergencias-en-chile\/#primaryimage"},"image":{"@id":"https:\/\/fadeu.urantiacos.cl\/en\/2020\/12\/08\/cigiden-profesor-rodrigo-ramirez-publica-libro-sobre-comunicacion-e-iconografia-para-emergencias-en-chile\/#primaryimage"},"thumbnailUrl":"https:\/\/fadeu.urantiacos.cl\/wp-content\/uploads\/2023\/09\/LIBRO_RR_1_1.png","datePublished":"2020-12-08T19:12:00+00:00","dateModified":"2023-09-09T19:15:20+00:00","author":{"@id":"https:\/\/fadeu.urantiacos.cl\/en\/#\/schema\/person\/d203e2e84b1c40275eac77b3061a19a2"},"description":"El profesor y director de la escuela de Dise\u00f1o UC, Rodrigo Ram\u00edrez, reflexiona sobre la visualizaci\u00f3n de la informaci\u00f3n para el correcto proceder de la institucionalidad y la ciudadan\u00eda frente a emergencias y desastres naturales. Esto es abordado en el libro \u201cDise\u00f1ar la informaci\u00f3n de emergencia: Experiencias para gestionar el riesgo y educar la resiliencia\u201d, un Policy Paper de su autor\u00eda, publicado al alero del Centro de Investigaci\u00f3n para la Gesti\u00f3n Integrada del Riesgo de Desastres (CIGIDEN). Que sirve para entender c\u00f3mo se socializa la informaci\u00f3n para la emergencia, relacionar ese contenido con una gesti\u00f3n local del riesgo y medir si la informaci\u00f3n es entendible, accionable y adaptable conforme las distintas circunstancias.","breadcrumb":{"@id":"https:\/\/fadeu.urantiacos.cl\/en\/2020\/12\/08\/cigiden-profesor-rodrigo-ramirez-publica-libro-sobre-comunicacion-e-iconografia-para-emergencias-en-chile\/#breadcrumb"},"inLanguage":"en-US","potentialAction":[{"@type":"ReadAction","target":["https:\/\/fadeu.urantiacos.cl\/en\/2020\/12\/08\/cigiden-profesor-rodrigo-ramirez-publica-libro-sobre-comunicacion-e-iconografia-para-emergencias-en-chile\/"]}]},{"@type":"ImageObject","inLanguage":"en-US","@id":"https:\/\/fadeu.urantiacos.cl\/en\/2020\/12\/08\/cigiden-profesor-rodrigo-ramirez-publica-libro-sobre-comunicacion-e-iconografia-para-emergencias-en-chile\/#primaryimage","url":"https:\/\/fadeu.urantiacos.cl\/wp-content\/uploads\/2023\/09\/LIBRO_RR_1_1.png","contentUrl":"https:\/\/fadeu.urantiacos.cl\/wp-content\/uploads\/2023\/09\/LIBRO_RR_1_1.png","width":350,"height":250},{"@type":"BreadcrumbList","@id":"https:\/\/fadeu.urantiacos.cl\/en\/2020\/12\/08\/cigiden-profesor-rodrigo-ramirez-publica-libro-sobre-comunicacion-e-iconografia-para-emergencias-en-chile\/#breadcrumb","itemListElement":[{"@type":"ListItem","position":1,"name":"Portada","item":"https:\/\/fadeu.urantiacos.cl\/en\/"},{"@type":"ListItem","position":2,"name":"CIGIDEN: Profesor Rodrigo Ram\u00edrez publica libro sobre comunicaci\u00f3n e iconograf\u00eda para emergencias en Chile"}]},{"@type":"WebSite","@id":"https:\/\/fadeu.urantiacos.cl\/en\/#website","url":"https:\/\/fadeu.urantiacos.cl\/en\/","name":"Facultad de Arquitectura, Dise\u00f1o y Estudios Urbanos","description":"Campus Lo Contador","potentialAction":[{"@type":"SearchAction","target":{"@type":"EntryPoint","urlTemplate":"https:\/\/fadeu.urantiacos.cl\/en\/?s={search_term_string}"},"query-input":{"@type":"PropertyValueSpecification","valueRequired":true,"valueName":"search_term_string"}}],"inLanguage":"en-US"},{"@type":"Person","@id":"https:\/\/fadeu.urantiacos.cl\/en\/#\/schema\/person\/d203e2e84b1c40275eac77b3061a19a2","name":"manadmin","image":{"@type":"ImageObject","inLanguage":"en-US","@id":"https:\/\/fadeu.urantiacos.cl\/en\/#\/schema\/person\/image\/","url":"https:\/\/secure.gravatar.com\/avatar\/4b1d8e3303b4a9d8968ac578947d8bc80d9aea359f388cdd4aac15cadc0e8447?s=96&d=mm&r=g","contentUrl":"https:\/\/secure.gravatar.com\/avatar\/4b1d8e3303b4a9d8968ac578947d8bc80d9aea359f388cdd4aac15cadc0e8447?s=96&d=mm&r=g","caption":"manadmin"},"sameAs":["https:\/\/fadeu.urantiacos.cl"]}]}},"_links":{"self":[{"href":"https:\/\/fadeu.urantiacos.cl\/en\/wp-json\/wp\/v2\/posts\/7756","targetHints":{"allow":["GET"]}}],"collection":[{"href":"https:\/\/fadeu.urantiacos.cl\/en\/wp-json\/wp\/v2\/posts"}],"about":[{"href":"https:\/\/fadeu.urantiacos.cl\/en\/wp-json\/wp\/v2\/types\/post"}],"author":[{"embeddable":true,"href":"https:\/\/fadeu.urantiacos.cl\/en\/wp-json\/wp\/v2\/users\/1"}],"replies":[{"embeddable":true,"href":"https:\/\/fadeu.urantiacos.cl\/en\/wp-json\/wp\/v2\/comments?post=7756"}],"version-history":[{"count":1,"href":"https:\/\/fadeu.urantiacos.cl\/en\/wp-json\/wp\/v2\/posts\/7756\/revisions"}],"predecessor-version":[{"id":7759,"href":"https:\/\/fadeu.urantiacos.cl\/en\/wp-json\/wp\/v2\/posts\/7756\/revisions\/7759"}],"wp:featuredmedia":[{"embeddable":true,"href":"https:\/\/fadeu.urantiacos.cl\/en\/wp-json\/wp\/v2\/media\/7757"}],"wp:attachment":[{"href":"https:\/\/fadeu.urantiacos.cl\/en\/wp-json\/wp\/v2\/media?parent=7756"}],"wp:term":[{"taxonomy":"category","embeddable":true,"href":"https:\/\/fadeu.urantiacos.cl\/en\/wp-json\/wp\/v2\/categories?post=7756"},{"taxonomy":"post_tag","embeddable":true,"href":"https:\/\/fadeu.urantiacos.cl\/en\/wp-json\/wp\/v2\/tags?post=7756"}],"curies":[{"name":"wp","href":"https:\/\/api.w.org\/{rel}","templated":true}]}}