{"id":7745,"date":"2020-12-09T16:04:00","date_gmt":"2020-12-09T19:04:00","guid":{"rendered":"https:\/\/fadeu.urantiacos.cl\/?p=7745"},"modified":"2023-09-09T16:05:39","modified_gmt":"2023-09-09T19:05:39","slug":"equipo-liderado-por-tomas-vivanco-se-adjudica-fondo-del-concurso-covid-19-organizado-por-la-anid","status":"publish","type":"post","link":"https:\/\/fadeu.urantiacos.cl\/en\/2020\/12\/09\/equipo-liderado-por-tomas-vivanco-se-adjudica-fondo-del-concurso-covid-19-organizado-por-la-anid\/","title":{"rendered":"Equipo liderado por Tom\u00e1s Vivanco se adjudica fondo del Concurso COVID-19 organizado por la ANID"},"content":{"rendered":"\n<figure class=\"wp-block-image size-full\"><img decoding=\"async\" width=\"350\" height=\"250\" src=\"https:\/\/fadeu.urantiacos.cl\/wp-content\/uploads\/2023\/09\/covid-anid.png\" alt=\"\" class=\"wp-image-7746\" srcset=\"https:\/\/fadeu.urantiacos.cl\/wp-content\/uploads\/2023\/09\/covid-anid.png 350w, https:\/\/fadeu.urantiacos.cl\/wp-content\/uploads\/2023\/09\/covid-anid-300x214.png 300w\" sizes=\"(max-width: 350px) 100vw, 350px\" \/><\/figure>\n\n\n\n<p>El proyecto, \u00fanico adjudicado a nivel nacional desde la disciplina del dise\u00f1o, se centra en el estudio y caracterizaci\u00f3n de los grupos, asociaciones y redes de makers y fabricantes, independientes y \/o pertenecientes a universidades, organizaciones, peque\u00f1as y medianas empresas, que de manera autorganizada y colaborativa se unieron para desarrollar, fabricar y distribuir soluciones tecnol\u00f3gicas para enfrentar la pandemia generada por el covid-19.<br><br>Por medio de este estudio, se busca identificar y comprender las dificultades y obst\u00e1culos de estas organizaciones desarrolladoras en Chile, analizando c\u00f3mo los factores log\u00edsticos, t\u00e9cnicos, pol\u00edticos, normativos y\/o de infraestructura, impactan en los procesos de co-dise\u00f1o, distribuci\u00f3n, adopci\u00f3n, uso e implementaci\u00f3n de las tecnolog\u00edas desarrolladas.<br><br>En base a este diagn\u00f3stico, se propone el dise\u00f1o de una estrategia nacional, materializada en una plataforma digital e interactiva. Esta plataforma permitir\u00e1 articular y definir est\u00e1ndares, contribuyendo a que instituciones p\u00fablicas, privadas y civiles del dise\u00f1o, producci\u00f3n y transferencia, logren ofrecer soluciones tecnol\u00f3gicas en situaciones de crisis.&nbsp;El objetivo es aportar al desarrollo de una matriz cient\u00edfico-productiva, que contribuya, de manera eficiente y coordinada, a eventuales situaciones de pandemias o desastres futuros.<\/p>\n\n\n\n<p><strong>Sobre el Concurso<\/strong><\/p>\n\n\n\n<p><strong><\/strong><br>La Agencia Nacional de Investigaci\u00f3n y Desarrollo (ANID), a trav\u00e9s de la Subdirecci\u00f3n de Redes, Estrategia y Conocimiento, hizo el llamado a postulaci\u00f3n de proyectos de investigaci\u00f3n en tem\u00e1ticas asociadas a la pandemia COVID-19, para ser ejecutados en todo el territorio nacional.&nbsp;<\/p>\n\n\n\n<p>El objetivo fue el financiamiento de proyectos sobre el virus SARS-COV-2 o a enfermedad COVID-19, vinculados al diagn\u00f3stico, el control, la prevenci\u00f3n, el tratamiento, el monitoreo y\/u otros aspectos relacionados con esta pandemia y sus consecuencias, desde el \u00e1mbito cient\u00edfico, tecnol\u00f3gico, sanitario, social, econ\u00f3mico, cultural y humanista.<\/p>\n\n\n\n<p>INFORMACI\u00d3N PERIOD\u00cdSTICA<br>ESCUELA DE DISE\u00d1O UC<\/p>\n","protected":false},"excerpt":{"rendered":"<p>\u201cHacia una Estrategia Nacional para el fomento de redes de colaboraci\u00f3n y desarrolladores tecnol\u00f3gicos en Chile: estudio y plataforma para el dise\u00f1o y producci\u00f3n distribuida en contextos de emergencia\u201d, se llama el proyecto liderado por el docente Tom\u00e1s Vivanco como Director e investigador responsable, adem\u00e1s de Katherine Mollenhauer, como directora alterna y Mart\u00edn Tironi como investigador.<\/p>\n","protected":false},"author":1,"featured_media":7746,"comment_status":"open","ping_status":"open","sticky":false,"template":"","format":"standard","meta":{"_acf_changed":false,"footnotes":""},"categories":[1],"tags":[],"class_list":["post-7745","post","type-post","status-publish","format-standard","has-post-thumbnail","hentry","category-sin-categorizar"],"acf":[],"yoast_head":"<!-- This site is optimized with the Yoast SEO plugin v27.1.1 - https:\/\/yoast.com\/product\/yoast-seo-wordpress\/ -->\n<title>Equipo liderado por Tom\u00e1s Vivanco se adjudica fondo del Concurso COVID-19 organizado por la ANID - Facultad de Arquitectura, Dise\u00f1o y Estudios Urbanos<\/title>\n<meta name=\"description\" content=\"\u201cHacia una Estrategia Nacional para el fomento de redes de colaboraci\u00f3n y desarrolladores tecnol\u00f3gicos en Chile: estudio y plataforma para el dise\u00f1o y producci\u00f3n distribuida en contextos de emergencia\u201d, se llama el proyecto liderado por el docente Tom\u00e1s Vivanco como Director e investigador responsable, adem\u00e1s de Katherine Mollenhauer, como directora alterna y Mart\u00edn Tironi como investigador.\" \/>\n<meta name=\"robots\" content=\"index, follow, max-snippet:-1, max-image-preview:large, max-video-preview:-1\" \/>\n<link rel=\"canonical\" href=\"https:\/\/fadeu.urantiacos.cl\/en\/2020\/12\/09\/equipo-liderado-por-tomas-vivanco-se-adjudica-fondo-del-concurso-covid-19-organizado-por-la-anid\/\" \/>\n<meta property=\"og:locale\" content=\"en_US\" \/>\n<meta property=\"og:type\" content=\"article\" \/>\n<meta property=\"og:title\" content=\"Equipo liderado por Tom\u00e1s Vivanco se adjudica fondo del Concurso COVID-19 organizado por la ANID - Facultad de Arquitectura, Dise\u00f1o y Estudios Urbanos\" \/>\n<meta property=\"og:description\" content=\"\u201cHacia una Estrategia Nacional para el fomento de redes de colaboraci\u00f3n y desarrolladores tecnol\u00f3gicos en Chile: estudio y plataforma para el dise\u00f1o y producci\u00f3n distribuida en contextos de emergencia\u201d, se llama el proyecto liderado por el docente Tom\u00e1s Vivanco como Director e investigador responsable, adem\u00e1s de Katherine Mollenhauer, como directora alterna y Mart\u00edn Tironi como investigador.\" \/>\n<meta property=\"og:url\" content=\"https:\/\/fadeu.urantiacos.cl\/en\/2020\/12\/09\/equipo-liderado-por-tomas-vivanco-se-adjudica-fondo-del-concurso-covid-19-organizado-por-la-anid\/\" \/>\n<meta property=\"og:site_name\" content=\"Facultad de Arquitectura, Dise\u00f1o y Estudios Urbanos\" \/>\n<meta property=\"article:published_time\" content=\"2020-12-09T19:04:00+00:00\" \/>\n<meta property=\"article:modified_time\" content=\"2023-09-09T19:05:39+00:00\" \/>\n<meta property=\"og:image\" content=\"https:\/\/fadeu.urantiacos.cl\/wp-content\/uploads\/2023\/09\/covid-anid.png\" \/>\n\t<meta property=\"og:image:width\" content=\"350\" \/>\n\t<meta property=\"og:image:height\" content=\"250\" \/>\n\t<meta property=\"og:image:type\" content=\"image\/png\" \/>\n<meta name=\"author\" content=\"manadmin\" \/>\n<meta name=\"twitter:card\" content=\"summary_large_image\" \/>\n<meta name=\"twitter:label1\" content=\"Written by\" \/>\n\t<meta name=\"twitter:data1\" content=\"manadmin\" \/>\n\t<meta name=\"twitter:label2\" content=\"Est. reading time\" \/>\n\t<meta name=\"twitter:data2\" content=\"2 minutes\" \/>\n<script type=\"application\/ld+json\" class=\"yoast-schema-graph\">{\"@context\":\"https:\/\/schema.org\",\"@graph\":[{\"@type\":\"Article\",\"@id\":\"https:\/\/fadeu.urantiacos.cl\/en\/2020\/12\/09\/equipo-liderado-por-tomas-vivanco-se-adjudica-fondo-del-concurso-covid-19-organizado-por-la-anid\/#article\",\"isPartOf\":{\"@id\":\"https:\/\/fadeu.urantiacos.cl\/en\/2020\/12\/09\/equipo-liderado-por-tomas-vivanco-se-adjudica-fondo-del-concurso-covid-19-organizado-por-la-anid\/\"},\"author\":{\"name\":\"manadmin\",\"@id\":\"https:\/\/fadeu.urantiacos.cl\/en\/#\/schema\/person\/d203e2e84b1c40275eac77b3061a19a2\"},\"headline\":\"Equipo liderado por Tom\u00e1s Vivanco se adjudica fondo del Concurso COVID-19 organizado por la ANID\",\"datePublished\":\"2020-12-09T19:04:00+00:00\",\"dateModified\":\"2023-09-09T19:05:39+00:00\",\"mainEntityOfPage\":{\"@id\":\"https:\/\/fadeu.urantiacos.cl\/en\/2020\/12\/09\/equipo-liderado-por-tomas-vivanco-se-adjudica-fondo-del-concurso-covid-19-organizado-por-la-anid\/\"},\"wordCount\":335,\"commentCount\":0,\"image\":{\"@id\":\"https:\/\/fadeu.urantiacos.cl\/en\/2020\/12\/09\/equipo-liderado-por-tomas-vivanco-se-adjudica-fondo-del-concurso-covid-19-organizado-por-la-anid\/#primaryimage\"},\"thumbnailUrl\":\"https:\/\/fadeu.urantiacos.cl\/wp-content\/uploads\/2023\/09\/covid-anid.png\",\"articleSection\":[\"Sin categorizar\"],\"inLanguage\":\"en-US\",\"potentialAction\":[{\"@type\":\"CommentAction\",\"name\":\"Comment\",\"target\":[\"https:\/\/fadeu.urantiacos.cl\/en\/2020\/12\/09\/equipo-liderado-por-tomas-vivanco-se-adjudica-fondo-del-concurso-covid-19-organizado-por-la-anid\/#respond\"]}]},{\"@type\":\"WebPage\",\"@id\":\"https:\/\/fadeu.urantiacos.cl\/en\/2020\/12\/09\/equipo-liderado-por-tomas-vivanco-se-adjudica-fondo-del-concurso-covid-19-organizado-por-la-anid\/\",\"url\":\"https:\/\/fadeu.urantiacos.cl\/en\/2020\/12\/09\/equipo-liderado-por-tomas-vivanco-se-adjudica-fondo-del-concurso-covid-19-organizado-por-la-anid\/\",\"name\":\"Equipo liderado por Tom\u00e1s Vivanco se adjudica fondo del Concurso COVID-19 organizado por la ANID - Facultad de Arquitectura, Dise\u00f1o y Estudios Urbanos\",\"isPartOf\":{\"@id\":\"https:\/\/fadeu.urantiacos.cl\/en\/#website\"},\"primaryImageOfPage\":{\"@id\":\"https:\/\/fadeu.urantiacos.cl\/en\/2020\/12\/09\/equipo-liderado-por-tomas-vivanco-se-adjudica-fondo-del-concurso-covid-19-organizado-por-la-anid\/#primaryimage\"},\"image\":{\"@id\":\"https:\/\/fadeu.urantiacos.cl\/en\/2020\/12\/09\/equipo-liderado-por-tomas-vivanco-se-adjudica-fondo-del-concurso-covid-19-organizado-por-la-anid\/#primaryimage\"},\"thumbnailUrl\":\"https:\/\/fadeu.urantiacos.cl\/wp-content\/uploads\/2023\/09\/covid-anid.png\",\"datePublished\":\"2020-12-09T19:04:00+00:00\",\"dateModified\":\"2023-09-09T19:05:39+00:00\",\"author\":{\"@id\":\"https:\/\/fadeu.urantiacos.cl\/en\/#\/schema\/person\/d203e2e84b1c40275eac77b3061a19a2\"},\"description\":\"\u201cHacia una Estrategia Nacional para el fomento de redes de colaboraci\u00f3n y desarrolladores tecnol\u00f3gicos en Chile: estudio y plataforma para el dise\u00f1o y producci\u00f3n distribuida en contextos de emergencia\u201d, se llama el proyecto liderado por el docente Tom\u00e1s Vivanco como Director e investigador responsable, adem\u00e1s de Katherine Mollenhauer, como directora alterna y Mart\u00edn Tironi como investigador.\",\"breadcrumb\":{\"@id\":\"https:\/\/fadeu.urantiacos.cl\/en\/2020\/12\/09\/equipo-liderado-por-tomas-vivanco-se-adjudica-fondo-del-concurso-covid-19-organizado-por-la-anid\/#breadcrumb\"},\"inLanguage\":\"en-US\",\"potentialAction\":[{\"@type\":\"ReadAction\",\"target\":[\"https:\/\/fadeu.urantiacos.cl\/en\/2020\/12\/09\/equipo-liderado-por-tomas-vivanco-se-adjudica-fondo-del-concurso-covid-19-organizado-por-la-anid\/\"]}]},{\"@type\":\"ImageObject\",\"inLanguage\":\"en-US\",\"@id\":\"https:\/\/fadeu.urantiacos.cl\/en\/2020\/12\/09\/equipo-liderado-por-tomas-vivanco-se-adjudica-fondo-del-concurso-covid-19-organizado-por-la-anid\/#primaryimage\",\"url\":\"https:\/\/fadeu.urantiacos.cl\/wp-content\/uploads\/2023\/09\/covid-anid.png\",\"contentUrl\":\"https:\/\/fadeu.urantiacos.cl\/wp-content\/uploads\/2023\/09\/covid-anid.png\",\"width\":350,\"height\":250},{\"@type\":\"BreadcrumbList\",\"@id\":\"https:\/\/fadeu.urantiacos.cl\/en\/2020\/12\/09\/equipo-liderado-por-tomas-vivanco-se-adjudica-fondo-del-concurso-covid-19-organizado-por-la-anid\/#breadcrumb\",\"itemListElement\":[{\"@type\":\"ListItem\",\"position\":1,\"name\":\"Portada\",\"item\":\"https:\/\/fadeu.urantiacos.cl\/en\/\"},{\"@type\":\"ListItem\",\"position\":2,\"name\":\"Equipo liderado por Tom\u00e1s Vivanco se adjudica fondo del Concurso COVID-19 organizado por la ANID\"}]},{\"@type\":\"WebSite\",\"@id\":\"https:\/\/fadeu.urantiacos.cl\/en\/#website\",\"url\":\"https:\/\/fadeu.urantiacos.cl\/en\/\",\"name\":\"Facultad de Arquitectura, Dise\u00f1o y Estudios Urbanos\",\"description\":\"Campus Lo Contador\",\"potentialAction\":[{\"@type\":\"SearchAction\",\"target\":{\"@type\":\"EntryPoint\",\"urlTemplate\":\"https:\/\/fadeu.urantiacos.cl\/en\/?s={search_term_string}\"},\"query-input\":{\"@type\":\"PropertyValueSpecification\",\"valueRequired\":true,\"valueName\":\"search_term_string\"}}],\"inLanguage\":\"en-US\"},{\"@type\":\"Person\",\"@id\":\"https:\/\/fadeu.urantiacos.cl\/en\/#\/schema\/person\/d203e2e84b1c40275eac77b3061a19a2\",\"name\":\"manadmin\",\"image\":{\"@type\":\"ImageObject\",\"inLanguage\":\"en-US\",\"@id\":\"https:\/\/fadeu.urantiacos.cl\/en\/#\/schema\/person\/image\/\",\"url\":\"https:\/\/secure.gravatar.com\/avatar\/4b1d8e3303b4a9d8968ac578947d8bc80d9aea359f388cdd4aac15cadc0e8447?s=96&d=mm&r=g\",\"contentUrl\":\"https:\/\/secure.gravatar.com\/avatar\/4b1d8e3303b4a9d8968ac578947d8bc80d9aea359f388cdd4aac15cadc0e8447?s=96&d=mm&r=g\",\"caption\":\"manadmin\"},\"sameAs\":[\"https:\/\/fadeu.urantiacos.cl\"]}]}<\/script>\n<!-- \/ Yoast SEO plugin. -->","yoast_head_json":{"title":"Equipo liderado por Tom\u00e1s Vivanco se adjudica fondo del Concurso COVID-19 organizado por la ANID - Facultad de Arquitectura, Dise\u00f1o y Estudios Urbanos","description":"\u201cHacia una Estrategia Nacional para el fomento de redes de colaboraci\u00f3n y desarrolladores tecnol\u00f3gicos en Chile: estudio y plataforma para el dise\u00f1o y producci\u00f3n distribuida en contextos de emergencia\u201d, se llama el proyecto liderado por el docente Tom\u00e1s Vivanco como Director e investigador responsable, adem\u00e1s de Katherine Mollenhauer, como directora alterna y Mart\u00edn Tironi como investigador.","robots":{"index":"index","follow":"follow","max-snippet":"max-snippet:-1","max-image-preview":"max-image-preview:large","max-video-preview":"max-video-preview:-1"},"canonical":"https:\/\/fadeu.urantiacos.cl\/en\/2020\/12\/09\/equipo-liderado-por-tomas-vivanco-se-adjudica-fondo-del-concurso-covid-19-organizado-por-la-anid\/","og_locale":"en_US","og_type":"article","og_title":"Equipo liderado por Tom\u00e1s Vivanco se adjudica fondo del Concurso COVID-19 organizado por la ANID - Facultad de Arquitectura, Dise\u00f1o y Estudios Urbanos","og_description":"\u201cHacia una Estrategia Nacional para el fomento de redes de colaboraci\u00f3n y desarrolladores tecnol\u00f3gicos en Chile: estudio y plataforma para el dise\u00f1o y producci\u00f3n distribuida en contextos de emergencia\u201d, se llama el proyecto liderado por el docente Tom\u00e1s Vivanco como Director e investigador responsable, adem\u00e1s de Katherine Mollenhauer, como directora alterna y Mart\u00edn Tironi como investigador.","og_url":"https:\/\/fadeu.urantiacos.cl\/en\/2020\/12\/09\/equipo-liderado-por-tomas-vivanco-se-adjudica-fondo-del-concurso-covid-19-organizado-por-la-anid\/","og_site_name":"Facultad de Arquitectura, Dise\u00f1o y Estudios Urbanos","article_published_time":"2020-12-09T19:04:00+00:00","article_modified_time":"2023-09-09T19:05:39+00:00","og_image":[{"width":350,"height":250,"url":"https:\/\/fadeu.urantiacos.cl\/wp-content\/uploads\/2023\/09\/covid-anid.png","type":"image\/png"}],"author":"manadmin","twitter_card":"summary_large_image","twitter_misc":{"Written by":"manadmin","Est. reading time":"2 minutes"},"schema":{"@context":"https:\/\/schema.org","@graph":[{"@type":"Article","@id":"https:\/\/fadeu.urantiacos.cl\/en\/2020\/12\/09\/equipo-liderado-por-tomas-vivanco-se-adjudica-fondo-del-concurso-covid-19-organizado-por-la-anid\/#article","isPartOf":{"@id":"https:\/\/fadeu.urantiacos.cl\/en\/2020\/12\/09\/equipo-liderado-por-tomas-vivanco-se-adjudica-fondo-del-concurso-covid-19-organizado-por-la-anid\/"},"author":{"name":"manadmin","@id":"https:\/\/fadeu.urantiacos.cl\/en\/#\/schema\/person\/d203e2e84b1c40275eac77b3061a19a2"},"headline":"Equipo liderado por Tom\u00e1s Vivanco se adjudica fondo del Concurso COVID-19 organizado por la ANID","datePublished":"2020-12-09T19:04:00+00:00","dateModified":"2023-09-09T19:05:39+00:00","mainEntityOfPage":{"@id":"https:\/\/fadeu.urantiacos.cl\/en\/2020\/12\/09\/equipo-liderado-por-tomas-vivanco-se-adjudica-fondo-del-concurso-covid-19-organizado-por-la-anid\/"},"wordCount":335,"commentCount":0,"image":{"@id":"https:\/\/fadeu.urantiacos.cl\/en\/2020\/12\/09\/equipo-liderado-por-tomas-vivanco-se-adjudica-fondo-del-concurso-covid-19-organizado-por-la-anid\/#primaryimage"},"thumbnailUrl":"https:\/\/fadeu.urantiacos.cl\/wp-content\/uploads\/2023\/09\/covid-anid.png","articleSection":["Sin categorizar"],"inLanguage":"en-US","potentialAction":[{"@type":"CommentAction","name":"Comment","target":["https:\/\/fadeu.urantiacos.cl\/en\/2020\/12\/09\/equipo-liderado-por-tomas-vivanco-se-adjudica-fondo-del-concurso-covid-19-organizado-por-la-anid\/#respond"]}]},{"@type":"WebPage","@id":"https:\/\/fadeu.urantiacos.cl\/en\/2020\/12\/09\/equipo-liderado-por-tomas-vivanco-se-adjudica-fondo-del-concurso-covid-19-organizado-por-la-anid\/","url":"https:\/\/fadeu.urantiacos.cl\/en\/2020\/12\/09\/equipo-liderado-por-tomas-vivanco-se-adjudica-fondo-del-concurso-covid-19-organizado-por-la-anid\/","name":"Equipo liderado por Tom\u00e1s Vivanco se adjudica fondo del Concurso COVID-19 organizado por la ANID - Facultad de Arquitectura, Dise\u00f1o y Estudios Urbanos","isPartOf":{"@id":"https:\/\/fadeu.urantiacos.cl\/en\/#website"},"primaryImageOfPage":{"@id":"https:\/\/fadeu.urantiacos.cl\/en\/2020\/12\/09\/equipo-liderado-por-tomas-vivanco-se-adjudica-fondo-del-concurso-covid-19-organizado-por-la-anid\/#primaryimage"},"image":{"@id":"https:\/\/fadeu.urantiacos.cl\/en\/2020\/12\/09\/equipo-liderado-por-tomas-vivanco-se-adjudica-fondo-del-concurso-covid-19-organizado-por-la-anid\/#primaryimage"},"thumbnailUrl":"https:\/\/fadeu.urantiacos.cl\/wp-content\/uploads\/2023\/09\/covid-anid.png","datePublished":"2020-12-09T19:04:00+00:00","dateModified":"2023-09-09T19:05:39+00:00","author":{"@id":"https:\/\/fadeu.urantiacos.cl\/en\/#\/schema\/person\/d203e2e84b1c40275eac77b3061a19a2"},"description":"\u201cHacia una Estrategia Nacional para el fomento de redes de colaboraci\u00f3n y desarrolladores tecnol\u00f3gicos en Chile: estudio y plataforma para el dise\u00f1o y producci\u00f3n distribuida en contextos de emergencia\u201d, se llama el proyecto liderado por el docente Tom\u00e1s Vivanco como Director e investigador responsable, adem\u00e1s de Katherine Mollenhauer, como directora alterna y Mart\u00edn Tironi como investigador.","breadcrumb":{"@id":"https:\/\/fadeu.urantiacos.cl\/en\/2020\/12\/09\/equipo-liderado-por-tomas-vivanco-se-adjudica-fondo-del-concurso-covid-19-organizado-por-la-anid\/#breadcrumb"},"inLanguage":"en-US","potentialAction":[{"@type":"ReadAction","target":["https:\/\/fadeu.urantiacos.cl\/en\/2020\/12\/09\/equipo-liderado-por-tomas-vivanco-se-adjudica-fondo-del-concurso-covid-19-organizado-por-la-anid\/"]}]},{"@type":"ImageObject","inLanguage":"en-US","@id":"https:\/\/fadeu.urantiacos.cl\/en\/2020\/12\/09\/equipo-liderado-por-tomas-vivanco-se-adjudica-fondo-del-concurso-covid-19-organizado-por-la-anid\/#primaryimage","url":"https:\/\/fadeu.urantiacos.cl\/wp-content\/uploads\/2023\/09\/covid-anid.png","contentUrl":"https:\/\/fadeu.urantiacos.cl\/wp-content\/uploads\/2023\/09\/covid-anid.png","width":350,"height":250},{"@type":"BreadcrumbList","@id":"https:\/\/fadeu.urantiacos.cl\/en\/2020\/12\/09\/equipo-liderado-por-tomas-vivanco-se-adjudica-fondo-del-concurso-covid-19-organizado-por-la-anid\/#breadcrumb","itemListElement":[{"@type":"ListItem","position":1,"name":"Portada","item":"https:\/\/fadeu.urantiacos.cl\/en\/"},{"@type":"ListItem","position":2,"name":"Equipo liderado por Tom\u00e1s Vivanco se adjudica fondo del Concurso COVID-19 organizado por la ANID"}]},{"@type":"WebSite","@id":"https:\/\/fadeu.urantiacos.cl\/en\/#website","url":"https:\/\/fadeu.urantiacos.cl\/en\/","name":"Facultad de Arquitectura, Dise\u00f1o y Estudios Urbanos","description":"Campus Lo Contador","potentialAction":[{"@type":"SearchAction","target":{"@type":"EntryPoint","urlTemplate":"https:\/\/fadeu.urantiacos.cl\/en\/?s={search_term_string}"},"query-input":{"@type":"PropertyValueSpecification","valueRequired":true,"valueName":"search_term_string"}}],"inLanguage":"en-US"},{"@type":"Person","@id":"https:\/\/fadeu.urantiacos.cl\/en\/#\/schema\/person\/d203e2e84b1c40275eac77b3061a19a2","name":"manadmin","image":{"@type":"ImageObject","inLanguage":"en-US","@id":"https:\/\/fadeu.urantiacos.cl\/en\/#\/schema\/person\/image\/","url":"https:\/\/secure.gravatar.com\/avatar\/4b1d8e3303b4a9d8968ac578947d8bc80d9aea359f388cdd4aac15cadc0e8447?s=96&d=mm&r=g","contentUrl":"https:\/\/secure.gravatar.com\/avatar\/4b1d8e3303b4a9d8968ac578947d8bc80d9aea359f388cdd4aac15cadc0e8447?s=96&d=mm&r=g","caption":"manadmin"},"sameAs":["https:\/\/fadeu.urantiacos.cl"]}]}},"_links":{"self":[{"href":"https:\/\/fadeu.urantiacos.cl\/en\/wp-json\/wp\/v2\/posts\/7745","targetHints":{"allow":["GET"]}}],"collection":[{"href":"https:\/\/fadeu.urantiacos.cl\/en\/wp-json\/wp\/v2\/posts"}],"about":[{"href":"https:\/\/fadeu.urantiacos.cl\/en\/wp-json\/wp\/v2\/types\/post"}],"author":[{"embeddable":true,"href":"https:\/\/fadeu.urantiacos.cl\/en\/wp-json\/wp\/v2\/users\/1"}],"replies":[{"embeddable":true,"href":"https:\/\/fadeu.urantiacos.cl\/en\/wp-json\/wp\/v2\/comments?post=7745"}],"version-history":[{"count":1,"href":"https:\/\/fadeu.urantiacos.cl\/en\/wp-json\/wp\/v2\/posts\/7745\/revisions"}],"predecessor-version":[{"id":7747,"href":"https:\/\/fadeu.urantiacos.cl\/en\/wp-json\/wp\/v2\/posts\/7745\/revisions\/7747"}],"wp:featuredmedia":[{"embeddable":true,"href":"https:\/\/fadeu.urantiacos.cl\/en\/wp-json\/wp\/v2\/media\/7746"}],"wp:attachment":[{"href":"https:\/\/fadeu.urantiacos.cl\/en\/wp-json\/wp\/v2\/media?parent=7745"}],"wp:term":[{"taxonomy":"category","embeddable":true,"href":"https:\/\/fadeu.urantiacos.cl\/en\/wp-json\/wp\/v2\/categories?post=7745"},{"taxonomy":"post_tag","embeddable":true,"href":"https:\/\/fadeu.urantiacos.cl\/en\/wp-json\/wp\/v2\/tags?post=7745"}],"curies":[{"name":"wp","href":"https:\/\/api.w.org\/{rel}","templated":true}]}}