{"id":7732,"date":"2020-12-14T15:56:00","date_gmt":"2020-12-14T18:56:00","guid":{"rendered":"https:\/\/fadeu.urantiacos.cl\/?p=7732"},"modified":"2023-09-09T15:58:17","modified_gmt":"2023-09-09T18:58:17","slug":"profesora-loreto-lyon-asume-como-directora-de-actividades-en-el-colegio-de-arquitectos-de-chile","status":"publish","type":"post","link":"https:\/\/fadeu.urantiacos.cl\/en\/2020\/12\/14\/profesora-loreto-lyon-asume-como-directora-de-actividades-en-el-colegio-de-arquitectos-de-chile\/","title":{"rendered":"Profesora Loreto Lyon asume como Directora de Actividades en el Colegio de Arquitectos de Chile"},"content":{"rendered":"\n<figure class=\"wp-block-image size-full\"><img decoding=\"async\" width=\"350\" height=\"250\" src=\"https:\/\/fadeu.urantiacos.cl\/wp-content\/uploads\/2023\/09\/Loreto_Lyon_Colegio_de_ARQ_1.jpg\" alt=\"\" class=\"wp-image-7733\" srcset=\"https:\/\/fadeu.urantiacos.cl\/wp-content\/uploads\/2023\/09\/Loreto_Lyon_Colegio_de_ARQ_1.jpg 350w, https:\/\/fadeu.urantiacos.cl\/wp-content\/uploads\/2023\/09\/Loreto_Lyon_Colegio_de_ARQ_1-300x214.jpg 300w\" sizes=\"(max-width: 350px) 100vw, 350px\" \/><\/figure>\n\n\n\n<p>Las otras direcciones, de Desarrollo y Beneficio, fueron asumidas por Juan Sabbagh y Mario Ter\u00e1n, respectivamente.<\/p>\n\n\n\n<p>Lyon (Chile, 1979) es arquitecta de la Pontificia Universidad Cat\u00f3lica de Chile. El 2011 obtuvo el t\u00edtulo de Master of Sciences in Environmental Design and Engineering de Bartlett, de la University College London (UCL). Es profesora del Taller de Especialidad del Magister en Arquitectura (MARQ) UC, acad\u00e9mica de proyectos en la Universidad San Sebasti\u00e1n y fue invitada como Visiting Critic de la Universidad de Cornell, USA, en 2018.<\/p>\n\n\n\n<p>Es socia de la oficina de arquitectura Beals Lyon Arquitectos, pr\u00e1ctica independiente con intereses y proyectos de distintas tipolog\u00edas y escalas que abarcan desde propuestas ganadoras de concursos p\u00fablicos, planes maestros y piezas de infraestructura, hasta intervenciones en zonas y edificios patrimoniales, conjuntos residenciales, dise\u00f1o de interiores y paisaje. &nbsp; &nbsp; &nbsp; &nbsp;&nbsp;<\/p>\n\n\n\n<p>INFORMACI\u00d3N PERIOD\u00cdSTICA<br>JUAN ANDR\u00c9S INZUNZA<\/p>\n","protected":false},"excerpt":{"rendered":"<p>La profesora de la escuela de Arquitectura, Loreto Lyon, asumi\u00f3 como parte del Directorio 2020-2022 del Colegio de Arquitectos de Chile, en espec\u00edfico como Directora de Actividades, como parte de la nueva administraci\u00f3n del cuerpo colegiado que preside actualmente Jadille Baza.<\/p>\n","protected":false},"author":1,"featured_media":7733,"comment_status":"open","ping_status":"open","sticky":false,"template":"","format":"standard","meta":{"_acf_changed":false,"footnotes":""},"categories":[1],"tags":[],"class_list":["post-7732","post","type-post","status-publish","format-standard","has-post-thumbnail","hentry","category-sin-categorizar"],"acf":[],"yoast_head":"<!-- This site is optimized with the Yoast SEO plugin v27.1.1 - https:\/\/yoast.com\/product\/yoast-seo-wordpress\/ -->\n<title>Profesora Loreto Lyon asume como Directora de Actividades en el Colegio de Arquitectos de Chile - Facultad de Arquitectura, Dise\u00f1o y Estudios Urbanos<\/title>\n<meta name=\"description\" content=\"La profesora de la escuela de Arquitectura, Loreto Lyon, asumi\u00f3 como parte del Directorio 2020-2022 del Colegio de Arquitectos de Chile, en espec\u00edfico como Directora de Actividades, como parte de la nueva administraci\u00f3n del cuerpo colegiado que preside actualmente Jadille Baza.\" \/>\n<meta name=\"robots\" content=\"index, follow, max-snippet:-1, max-image-preview:large, max-video-preview:-1\" \/>\n<link rel=\"canonical\" href=\"https:\/\/fadeu.urantiacos.cl\/en\/2020\/12\/14\/profesora-loreto-lyon-asume-como-directora-de-actividades-en-el-colegio-de-arquitectos-de-chile\/\" \/>\n<meta property=\"og:locale\" content=\"en_US\" \/>\n<meta property=\"og:type\" content=\"article\" \/>\n<meta property=\"og:title\" content=\"Profesora Loreto Lyon asume como Directora de Actividades en el Colegio de Arquitectos de Chile - Facultad de Arquitectura, Dise\u00f1o y Estudios Urbanos\" \/>\n<meta property=\"og:description\" content=\"La profesora de la escuela de Arquitectura, Loreto Lyon, asumi\u00f3 como parte del Directorio 2020-2022 del Colegio de Arquitectos de Chile, en espec\u00edfico como Directora de Actividades, como parte de la nueva administraci\u00f3n del cuerpo colegiado que preside actualmente Jadille Baza.\" \/>\n<meta property=\"og:url\" content=\"https:\/\/fadeu.urantiacos.cl\/en\/2020\/12\/14\/profesora-loreto-lyon-asume-como-directora-de-actividades-en-el-colegio-de-arquitectos-de-chile\/\" \/>\n<meta property=\"og:site_name\" content=\"Facultad de Arquitectura, Dise\u00f1o y Estudios Urbanos\" \/>\n<meta property=\"article:published_time\" content=\"2020-12-14T18:56:00+00:00\" \/>\n<meta property=\"article:modified_time\" content=\"2023-09-09T18:58:17+00:00\" \/>\n<meta property=\"og:image\" content=\"https:\/\/fadeu.urantiacos.cl\/wp-content\/uploads\/2023\/09\/Loreto_Lyon_Colegio_de_ARQ_1.jpg\" \/>\n\t<meta property=\"og:image:width\" content=\"350\" \/>\n\t<meta property=\"og:image:height\" content=\"250\" \/>\n\t<meta property=\"og:image:type\" content=\"image\/jpeg\" \/>\n<meta name=\"author\" content=\"manadmin\" \/>\n<meta name=\"twitter:card\" content=\"summary_large_image\" \/>\n<meta name=\"twitter:label1\" content=\"Written by\" \/>\n\t<meta name=\"twitter:data1\" content=\"manadmin\" \/>\n\t<meta name=\"twitter:label2\" content=\"Est. reading time\" \/>\n\t<meta name=\"twitter:data2\" content=\"1 minute\" \/>\n<script type=\"application\/ld+json\" class=\"yoast-schema-graph\">{\"@context\":\"https:\/\/schema.org\",\"@graph\":[{\"@type\":\"Article\",\"@id\":\"https:\/\/fadeu.urantiacos.cl\/en\/2020\/12\/14\/profesora-loreto-lyon-asume-como-directora-de-actividades-en-el-colegio-de-arquitectos-de-chile\/#article\",\"isPartOf\":{\"@id\":\"https:\/\/fadeu.urantiacos.cl\/en\/2020\/12\/14\/profesora-loreto-lyon-asume-como-directora-de-actividades-en-el-colegio-de-arquitectos-de-chile\/\"},\"author\":{\"name\":\"manadmin\",\"@id\":\"https:\/\/fadeu.urantiacos.cl\/en\/#\/schema\/person\/d203e2e84b1c40275eac77b3061a19a2\"},\"headline\":\"Profesora Loreto Lyon asume como Directora de Actividades en el Colegio de Arquitectos de Chile\",\"datePublished\":\"2020-12-14T18:56:00+00:00\",\"dateModified\":\"2023-09-09T18:58:17+00:00\",\"mainEntityOfPage\":{\"@id\":\"https:\/\/fadeu.urantiacos.cl\/en\/2020\/12\/14\/profesora-loreto-lyon-asume-como-directora-de-actividades-en-el-colegio-de-arquitectos-de-chile\/\"},\"wordCount\":166,\"commentCount\":0,\"image\":{\"@id\":\"https:\/\/fadeu.urantiacos.cl\/en\/2020\/12\/14\/profesora-loreto-lyon-asume-como-directora-de-actividades-en-el-colegio-de-arquitectos-de-chile\/#primaryimage\"},\"thumbnailUrl\":\"https:\/\/fadeu.urantiacos.cl\/wp-content\/uploads\/2023\/09\/Loreto_Lyon_Colegio_de_ARQ_1.jpg\",\"articleSection\":[\"Sin categorizar\"],\"inLanguage\":\"en-US\",\"potentialAction\":[{\"@type\":\"CommentAction\",\"name\":\"Comment\",\"target\":[\"https:\/\/fadeu.urantiacos.cl\/en\/2020\/12\/14\/profesora-loreto-lyon-asume-como-directora-de-actividades-en-el-colegio-de-arquitectos-de-chile\/#respond\"]}]},{\"@type\":\"WebPage\",\"@id\":\"https:\/\/fadeu.urantiacos.cl\/en\/2020\/12\/14\/profesora-loreto-lyon-asume-como-directora-de-actividades-en-el-colegio-de-arquitectos-de-chile\/\",\"url\":\"https:\/\/fadeu.urantiacos.cl\/en\/2020\/12\/14\/profesora-loreto-lyon-asume-como-directora-de-actividades-en-el-colegio-de-arquitectos-de-chile\/\",\"name\":\"Profesora Loreto Lyon asume como Directora de Actividades en el Colegio de Arquitectos de Chile - Facultad de Arquitectura, Dise\u00f1o y Estudios Urbanos\",\"isPartOf\":{\"@id\":\"https:\/\/fadeu.urantiacos.cl\/en\/#website\"},\"primaryImageOfPage\":{\"@id\":\"https:\/\/fadeu.urantiacos.cl\/en\/2020\/12\/14\/profesora-loreto-lyon-asume-como-directora-de-actividades-en-el-colegio-de-arquitectos-de-chile\/#primaryimage\"},\"image\":{\"@id\":\"https:\/\/fadeu.urantiacos.cl\/en\/2020\/12\/14\/profesora-loreto-lyon-asume-como-directora-de-actividades-en-el-colegio-de-arquitectos-de-chile\/#primaryimage\"},\"thumbnailUrl\":\"https:\/\/fadeu.urantiacos.cl\/wp-content\/uploads\/2023\/09\/Loreto_Lyon_Colegio_de_ARQ_1.jpg\",\"datePublished\":\"2020-12-14T18:56:00+00:00\",\"dateModified\":\"2023-09-09T18:58:17+00:00\",\"author\":{\"@id\":\"https:\/\/fadeu.urantiacos.cl\/en\/#\/schema\/person\/d203e2e84b1c40275eac77b3061a19a2\"},\"description\":\"La profesora de la escuela de Arquitectura, Loreto Lyon, asumi\u00f3 como parte del Directorio 2020-2022 del Colegio de Arquitectos de Chile, en espec\u00edfico como Directora de Actividades, como parte de la nueva administraci\u00f3n del cuerpo colegiado que preside actualmente Jadille Baza.\",\"breadcrumb\":{\"@id\":\"https:\/\/fadeu.urantiacos.cl\/en\/2020\/12\/14\/profesora-loreto-lyon-asume-como-directora-de-actividades-en-el-colegio-de-arquitectos-de-chile\/#breadcrumb\"},\"inLanguage\":\"en-US\",\"potentialAction\":[{\"@type\":\"ReadAction\",\"target\":[\"https:\/\/fadeu.urantiacos.cl\/en\/2020\/12\/14\/profesora-loreto-lyon-asume-como-directora-de-actividades-en-el-colegio-de-arquitectos-de-chile\/\"]}]},{\"@type\":\"ImageObject\",\"inLanguage\":\"en-US\",\"@id\":\"https:\/\/fadeu.urantiacos.cl\/en\/2020\/12\/14\/profesora-loreto-lyon-asume-como-directora-de-actividades-en-el-colegio-de-arquitectos-de-chile\/#primaryimage\",\"url\":\"https:\/\/fadeu.urantiacos.cl\/wp-content\/uploads\/2023\/09\/Loreto_Lyon_Colegio_de_ARQ_1.jpg\",\"contentUrl\":\"https:\/\/fadeu.urantiacos.cl\/wp-content\/uploads\/2023\/09\/Loreto_Lyon_Colegio_de_ARQ_1.jpg\",\"width\":350,\"height\":250},{\"@type\":\"BreadcrumbList\",\"@id\":\"https:\/\/fadeu.urantiacos.cl\/en\/2020\/12\/14\/profesora-loreto-lyon-asume-como-directora-de-actividades-en-el-colegio-de-arquitectos-de-chile\/#breadcrumb\",\"itemListElement\":[{\"@type\":\"ListItem\",\"position\":1,\"name\":\"Portada\",\"item\":\"https:\/\/fadeu.urantiacos.cl\/en\/\"},{\"@type\":\"ListItem\",\"position\":2,\"name\":\"Profesora Loreto Lyon asume como Directora de Actividades en el Colegio de Arquitectos de Chile\"}]},{\"@type\":\"WebSite\",\"@id\":\"https:\/\/fadeu.urantiacos.cl\/en\/#website\",\"url\":\"https:\/\/fadeu.urantiacos.cl\/en\/\",\"name\":\"Facultad de Arquitectura, Dise\u00f1o y Estudios Urbanos\",\"description\":\"Campus Lo Contador\",\"potentialAction\":[{\"@type\":\"SearchAction\",\"target\":{\"@type\":\"EntryPoint\",\"urlTemplate\":\"https:\/\/fadeu.urantiacos.cl\/en\/?s={search_term_string}\"},\"query-input\":{\"@type\":\"PropertyValueSpecification\",\"valueRequired\":true,\"valueName\":\"search_term_string\"}}],\"inLanguage\":\"en-US\"},{\"@type\":\"Person\",\"@id\":\"https:\/\/fadeu.urantiacos.cl\/en\/#\/schema\/person\/d203e2e84b1c40275eac77b3061a19a2\",\"name\":\"manadmin\",\"image\":{\"@type\":\"ImageObject\",\"inLanguage\":\"en-US\",\"@id\":\"https:\/\/fadeu.urantiacos.cl\/en\/#\/schema\/person\/image\/\",\"url\":\"https:\/\/secure.gravatar.com\/avatar\/4b1d8e3303b4a9d8968ac578947d8bc80d9aea359f388cdd4aac15cadc0e8447?s=96&d=mm&r=g\",\"contentUrl\":\"https:\/\/secure.gravatar.com\/avatar\/4b1d8e3303b4a9d8968ac578947d8bc80d9aea359f388cdd4aac15cadc0e8447?s=96&d=mm&r=g\",\"caption\":\"manadmin\"},\"sameAs\":[\"https:\/\/fadeu.urantiacos.cl\"]}]}<\/script>\n<!-- \/ Yoast SEO plugin. -->","yoast_head_json":{"title":"Profesora Loreto Lyon asume como Directora de Actividades en el Colegio de Arquitectos de Chile - Facultad de Arquitectura, Dise\u00f1o y Estudios Urbanos","description":"La profesora de la escuela de Arquitectura, Loreto Lyon, asumi\u00f3 como parte del Directorio 2020-2022 del Colegio de Arquitectos de Chile, en espec\u00edfico como Directora de Actividades, como parte de la nueva administraci\u00f3n del cuerpo colegiado que preside actualmente Jadille Baza.","robots":{"index":"index","follow":"follow","max-snippet":"max-snippet:-1","max-image-preview":"max-image-preview:large","max-video-preview":"max-video-preview:-1"},"canonical":"https:\/\/fadeu.urantiacos.cl\/en\/2020\/12\/14\/profesora-loreto-lyon-asume-como-directora-de-actividades-en-el-colegio-de-arquitectos-de-chile\/","og_locale":"en_US","og_type":"article","og_title":"Profesora Loreto Lyon asume como Directora de Actividades en el Colegio de Arquitectos de Chile - Facultad de Arquitectura, Dise\u00f1o y Estudios Urbanos","og_description":"La profesora de la escuela de Arquitectura, Loreto Lyon, asumi\u00f3 como parte del Directorio 2020-2022 del Colegio de Arquitectos de Chile, en espec\u00edfico como Directora de Actividades, como parte de la nueva administraci\u00f3n del cuerpo colegiado que preside actualmente Jadille Baza.","og_url":"https:\/\/fadeu.urantiacos.cl\/en\/2020\/12\/14\/profesora-loreto-lyon-asume-como-directora-de-actividades-en-el-colegio-de-arquitectos-de-chile\/","og_site_name":"Facultad de Arquitectura, Dise\u00f1o y Estudios Urbanos","article_published_time":"2020-12-14T18:56:00+00:00","article_modified_time":"2023-09-09T18:58:17+00:00","og_image":[{"width":350,"height":250,"url":"https:\/\/fadeu.urantiacos.cl\/wp-content\/uploads\/2023\/09\/Loreto_Lyon_Colegio_de_ARQ_1.jpg","type":"image\/jpeg"}],"author":"manadmin","twitter_card":"summary_large_image","twitter_misc":{"Written by":"manadmin","Est. reading time":"1 minute"},"schema":{"@context":"https:\/\/schema.org","@graph":[{"@type":"Article","@id":"https:\/\/fadeu.urantiacos.cl\/en\/2020\/12\/14\/profesora-loreto-lyon-asume-como-directora-de-actividades-en-el-colegio-de-arquitectos-de-chile\/#article","isPartOf":{"@id":"https:\/\/fadeu.urantiacos.cl\/en\/2020\/12\/14\/profesora-loreto-lyon-asume-como-directora-de-actividades-en-el-colegio-de-arquitectos-de-chile\/"},"author":{"name":"manadmin","@id":"https:\/\/fadeu.urantiacos.cl\/en\/#\/schema\/person\/d203e2e84b1c40275eac77b3061a19a2"},"headline":"Profesora Loreto Lyon asume como Directora de Actividades en el Colegio de Arquitectos de Chile","datePublished":"2020-12-14T18:56:00+00:00","dateModified":"2023-09-09T18:58:17+00:00","mainEntityOfPage":{"@id":"https:\/\/fadeu.urantiacos.cl\/en\/2020\/12\/14\/profesora-loreto-lyon-asume-como-directora-de-actividades-en-el-colegio-de-arquitectos-de-chile\/"},"wordCount":166,"commentCount":0,"image":{"@id":"https:\/\/fadeu.urantiacos.cl\/en\/2020\/12\/14\/profesora-loreto-lyon-asume-como-directora-de-actividades-en-el-colegio-de-arquitectos-de-chile\/#primaryimage"},"thumbnailUrl":"https:\/\/fadeu.urantiacos.cl\/wp-content\/uploads\/2023\/09\/Loreto_Lyon_Colegio_de_ARQ_1.jpg","articleSection":["Sin categorizar"],"inLanguage":"en-US","potentialAction":[{"@type":"CommentAction","name":"Comment","target":["https:\/\/fadeu.urantiacos.cl\/en\/2020\/12\/14\/profesora-loreto-lyon-asume-como-directora-de-actividades-en-el-colegio-de-arquitectos-de-chile\/#respond"]}]},{"@type":"WebPage","@id":"https:\/\/fadeu.urantiacos.cl\/en\/2020\/12\/14\/profesora-loreto-lyon-asume-como-directora-de-actividades-en-el-colegio-de-arquitectos-de-chile\/","url":"https:\/\/fadeu.urantiacos.cl\/en\/2020\/12\/14\/profesora-loreto-lyon-asume-como-directora-de-actividades-en-el-colegio-de-arquitectos-de-chile\/","name":"Profesora Loreto Lyon asume como Directora de Actividades en el Colegio de Arquitectos de Chile - Facultad de Arquitectura, Dise\u00f1o y Estudios Urbanos","isPartOf":{"@id":"https:\/\/fadeu.urantiacos.cl\/en\/#website"},"primaryImageOfPage":{"@id":"https:\/\/fadeu.urantiacos.cl\/en\/2020\/12\/14\/profesora-loreto-lyon-asume-como-directora-de-actividades-en-el-colegio-de-arquitectos-de-chile\/#primaryimage"},"image":{"@id":"https:\/\/fadeu.urantiacos.cl\/en\/2020\/12\/14\/profesora-loreto-lyon-asume-como-directora-de-actividades-en-el-colegio-de-arquitectos-de-chile\/#primaryimage"},"thumbnailUrl":"https:\/\/fadeu.urantiacos.cl\/wp-content\/uploads\/2023\/09\/Loreto_Lyon_Colegio_de_ARQ_1.jpg","datePublished":"2020-12-14T18:56:00+00:00","dateModified":"2023-09-09T18:58:17+00:00","author":{"@id":"https:\/\/fadeu.urantiacos.cl\/en\/#\/schema\/person\/d203e2e84b1c40275eac77b3061a19a2"},"description":"La profesora de la escuela de Arquitectura, Loreto Lyon, asumi\u00f3 como parte del Directorio 2020-2022 del Colegio de Arquitectos de Chile, en espec\u00edfico como Directora de Actividades, como parte de la nueva administraci\u00f3n del cuerpo colegiado que preside actualmente Jadille Baza.","breadcrumb":{"@id":"https:\/\/fadeu.urantiacos.cl\/en\/2020\/12\/14\/profesora-loreto-lyon-asume-como-directora-de-actividades-en-el-colegio-de-arquitectos-de-chile\/#breadcrumb"},"inLanguage":"en-US","potentialAction":[{"@type":"ReadAction","target":["https:\/\/fadeu.urantiacos.cl\/en\/2020\/12\/14\/profesora-loreto-lyon-asume-como-directora-de-actividades-en-el-colegio-de-arquitectos-de-chile\/"]}]},{"@type":"ImageObject","inLanguage":"en-US","@id":"https:\/\/fadeu.urantiacos.cl\/en\/2020\/12\/14\/profesora-loreto-lyon-asume-como-directora-de-actividades-en-el-colegio-de-arquitectos-de-chile\/#primaryimage","url":"https:\/\/fadeu.urantiacos.cl\/wp-content\/uploads\/2023\/09\/Loreto_Lyon_Colegio_de_ARQ_1.jpg","contentUrl":"https:\/\/fadeu.urantiacos.cl\/wp-content\/uploads\/2023\/09\/Loreto_Lyon_Colegio_de_ARQ_1.jpg","width":350,"height":250},{"@type":"BreadcrumbList","@id":"https:\/\/fadeu.urantiacos.cl\/en\/2020\/12\/14\/profesora-loreto-lyon-asume-como-directora-de-actividades-en-el-colegio-de-arquitectos-de-chile\/#breadcrumb","itemListElement":[{"@type":"ListItem","position":1,"name":"Portada","item":"https:\/\/fadeu.urantiacos.cl\/en\/"},{"@type":"ListItem","position":2,"name":"Profesora Loreto Lyon asume como Directora de Actividades en el Colegio de Arquitectos de Chile"}]},{"@type":"WebSite","@id":"https:\/\/fadeu.urantiacos.cl\/en\/#website","url":"https:\/\/fadeu.urantiacos.cl\/en\/","name":"Facultad de Arquitectura, Dise\u00f1o y Estudios Urbanos","description":"Campus Lo Contador","potentialAction":[{"@type":"SearchAction","target":{"@type":"EntryPoint","urlTemplate":"https:\/\/fadeu.urantiacos.cl\/en\/?s={search_term_string}"},"query-input":{"@type":"PropertyValueSpecification","valueRequired":true,"valueName":"search_term_string"}}],"inLanguage":"en-US"},{"@type":"Person","@id":"https:\/\/fadeu.urantiacos.cl\/en\/#\/schema\/person\/d203e2e84b1c40275eac77b3061a19a2","name":"manadmin","image":{"@type":"ImageObject","inLanguage":"en-US","@id":"https:\/\/fadeu.urantiacos.cl\/en\/#\/schema\/person\/image\/","url":"https:\/\/secure.gravatar.com\/avatar\/4b1d8e3303b4a9d8968ac578947d8bc80d9aea359f388cdd4aac15cadc0e8447?s=96&d=mm&r=g","contentUrl":"https:\/\/secure.gravatar.com\/avatar\/4b1d8e3303b4a9d8968ac578947d8bc80d9aea359f388cdd4aac15cadc0e8447?s=96&d=mm&r=g","caption":"manadmin"},"sameAs":["https:\/\/fadeu.urantiacos.cl"]}]}},"_links":{"self":[{"href":"https:\/\/fadeu.urantiacos.cl\/en\/wp-json\/wp\/v2\/posts\/7732","targetHints":{"allow":["GET"]}}],"collection":[{"href":"https:\/\/fadeu.urantiacos.cl\/en\/wp-json\/wp\/v2\/posts"}],"about":[{"href":"https:\/\/fadeu.urantiacos.cl\/en\/wp-json\/wp\/v2\/types\/post"}],"author":[{"embeddable":true,"href":"https:\/\/fadeu.urantiacos.cl\/en\/wp-json\/wp\/v2\/users\/1"}],"replies":[{"embeddable":true,"href":"https:\/\/fadeu.urantiacos.cl\/en\/wp-json\/wp\/v2\/comments?post=7732"}],"version-history":[{"count":1,"href":"https:\/\/fadeu.urantiacos.cl\/en\/wp-json\/wp\/v2\/posts\/7732\/revisions"}],"predecessor-version":[{"id":7734,"href":"https:\/\/fadeu.urantiacos.cl\/en\/wp-json\/wp\/v2\/posts\/7732\/revisions\/7734"}],"wp:featuredmedia":[{"embeddable":true,"href":"https:\/\/fadeu.urantiacos.cl\/en\/wp-json\/wp\/v2\/media\/7733"}],"wp:attachment":[{"href":"https:\/\/fadeu.urantiacos.cl\/en\/wp-json\/wp\/v2\/media?parent=7732"}],"wp:term":[{"taxonomy":"category","embeddable":true,"href":"https:\/\/fadeu.urantiacos.cl\/en\/wp-json\/wp\/v2\/categories?post=7732"},{"taxonomy":"post_tag","embeddable":true,"href":"https:\/\/fadeu.urantiacos.cl\/en\/wp-json\/wp\/v2\/tags?post=7732"}],"curies":[{"name":"wp","href":"https:\/\/api.w.org\/{rel}","templated":true}]}}