{"id":7728,"date":"2020-12-14T15:54:00","date_gmt":"2020-12-14T18:54:00","guid":{"rendered":"https:\/\/fadeu.urantiacos.cl\/?p=7728"},"modified":"2023-09-09T15:56:47","modified_gmt":"2023-09-09T18:56:47","slug":"la-bendicion-del-pesebre-en-el-campus-lo-contador","status":"publish","type":"post","link":"https:\/\/fadeu.urantiacos.cl\/en\/2020\/12\/14\/la-bendicion-del-pesebre-en-el-campus-lo-contador\/","title":{"rendered":"La bendici\u00f3n del pesebre en el campus Lo Contador"},"content":{"rendered":"\n<figure class=\"wp-block-image size-full\"><img decoding=\"async\" width=\"350\" height=\"250\" src=\"https:\/\/fadeu.urantiacos.cl\/wp-content\/uploads\/2023\/09\/WhatsApp_Image_2020-12-10_at_14.19.40_1_1.jpeg\" alt=\"\" class=\"wp-image-7729\" srcset=\"https:\/\/fadeu.urantiacos.cl\/wp-content\/uploads\/2023\/09\/WhatsApp_Image_2020-12-10_at_14.19.40_1_1.jpeg 350w, https:\/\/fadeu.urantiacos.cl\/wp-content\/uploads\/2023\/09\/WhatsApp_Image_2020-12-10_at_14.19.40_1_1-300x214.jpeg 300w\" sizes=\"(max-width: 350px) 100vw, 350px\" \/><\/figure>\n\n\n\n<p>Por primera vez, esta fue en modalidad mixta, con una parte presencial, donde se bendijeron los pesebres junto a algunos funcionarios en los campus, y una parte virtual, donde se invit\u00f3 a que miembros de cada facultad, instituto y\/o unidad a que hicieran pesebres desde sus casas, para luego ser bendecidos por sacerdotes de la Pastoral UC, acompa\u00f1ados del coro de Misi\u00f3n Pa\u00eds.<\/p>\n\n\n\n<p>Fue el Padre Alessio Cottafava, nuevo capell\u00e1n del Campus, el encargado de encabezar la bendici\u00f3n del pesebre de Lo Contador, en una ceremonia presencial que cont\u00f3 con un aforo que no super\u00f3 las diez personas, donde destac\u00f3 la presencia del Decano Mario Ubilla, profesores\/as y funcionarios\/as, en una emotiva instancia que cont\u00f3 con villancicos en vivo y un sentimiento de recogimiento y profunda reflexi\u00f3n respecto de lo que se ha vivido hasta el momento y lo que a\u00fan queda por sortear, en medio de la pandemia por COVID-19.<\/p>\n\n\n\n<figure class=\"wp-block-image size-large\"><img decoding=\"async\" width=\"1024\" height=\"768\" src=\"https:\/\/fadeu.urantiacos.cl\/wp-content\/uploads\/2023\/09\/WhatsApp_Image_2020-12-10_at_14.19.40_1-1024x768.jpeg\" alt=\"\" class=\"wp-image-7730\" srcset=\"https:\/\/fadeu.urantiacos.cl\/wp-content\/uploads\/2023\/09\/WhatsApp_Image_2020-12-10_at_14.19.40_1-1024x768.jpeg 1024w, https:\/\/fadeu.urantiacos.cl\/wp-content\/uploads\/2023\/09\/WhatsApp_Image_2020-12-10_at_14.19.40_1-300x225.jpeg 300w, https:\/\/fadeu.urantiacos.cl\/wp-content\/uploads\/2023\/09\/WhatsApp_Image_2020-12-10_at_14.19.40_1-768x576.jpeg 768w, https:\/\/fadeu.urantiacos.cl\/wp-content\/uploads\/2023\/09\/WhatsApp_Image_2020-12-10_at_14.19.40_1.jpeg 1280w\" sizes=\"(max-width: 1024px) 100vw, 1024px\" \/><\/figure>\n\n\n\n<p>INFORMACI\u00d3N PERIOD\u00cdSTICA<br>JUAN ANDR\u00c9S INZUNZA<\/p>\n","protected":false},"excerpt":{"rendered":"<p>Este 2020, marcado por la pandemia del coronavirus, es un a\u00f1o donde se necesitaba particularmente renovar la esperanza y la paz. Por lo mismo, la Direcci\u00f3n de Pastoral y Cultura Cristiana de la Pontificia Universidad Cat\u00f3lica de Chile llev\u00f3 a cabo la tradicional bendici\u00f3n de pesebres en la mayor\u00eda de las unidades acad\u00e9micas de la UC. <\/p>\n","protected":false},"author":1,"featured_media":7729,"comment_status":"closed","ping_status":"open","sticky":false,"template":"","format":"standard","meta":{"_acf_changed":false,"footnotes":""},"categories":[1],"tags":[],"class_list":["post-7728","post","type-post","status-publish","format-standard","has-post-thumbnail","hentry","category-sin-categorizar"],"acf":[],"yoast_head":"<!-- This site is optimized with the Yoast SEO plugin v27.1.1 - https:\/\/yoast.com\/product\/yoast-seo-wordpress\/ -->\n<title>La bendici\u00f3n del pesebre en el campus Lo Contador - Facultad de Arquitectura, Dise\u00f1o y Estudios Urbanos<\/title>\n<meta name=\"description\" content=\"Este 2020, marcado por la pandemia del coronavirus, es un a\u00f1o donde se necesitaba particularmente renovar la esperanza y la paz. Por lo mismo, la Direcci\u00f3n de Pastoral y Cultura Cristiana de la Pontificia Universidad Cat\u00f3lica de Chile llev\u00f3 a cabo la tradicional bendici\u00f3n de pesebres en la mayor\u00eda de las unidades acad\u00e9micas de la UC.\" \/>\n<meta name=\"robots\" content=\"index, follow, max-snippet:-1, max-image-preview:large, max-video-preview:-1\" \/>\n<link rel=\"canonical\" href=\"https:\/\/fadeu.urantiacos.cl\/en\/2020\/12\/14\/la-bendicion-del-pesebre-en-el-campus-lo-contador\/\" \/>\n<meta property=\"og:locale\" content=\"en_US\" \/>\n<meta property=\"og:type\" content=\"article\" \/>\n<meta property=\"og:title\" content=\"La bendici\u00f3n del pesebre en el campus Lo Contador - Facultad de Arquitectura, Dise\u00f1o y Estudios Urbanos\" \/>\n<meta property=\"og:description\" content=\"Este 2020, marcado por la pandemia del coronavirus, es un a\u00f1o donde se necesitaba particularmente renovar la esperanza y la paz. Por lo mismo, la Direcci\u00f3n de Pastoral y Cultura Cristiana de la Pontificia Universidad Cat\u00f3lica de Chile llev\u00f3 a cabo la tradicional bendici\u00f3n de pesebres en la mayor\u00eda de las unidades acad\u00e9micas de la UC.\" \/>\n<meta property=\"og:url\" content=\"https:\/\/fadeu.urantiacos.cl\/en\/2020\/12\/14\/la-bendicion-del-pesebre-en-el-campus-lo-contador\/\" \/>\n<meta property=\"og:site_name\" content=\"Facultad de Arquitectura, Dise\u00f1o y Estudios Urbanos\" \/>\n<meta property=\"article:published_time\" content=\"2020-12-14T18:54:00+00:00\" \/>\n<meta property=\"article:modified_time\" content=\"2023-09-09T18:56:47+00:00\" \/>\n<meta property=\"og:image\" content=\"https:\/\/fadeu.urantiacos.cl\/wp-content\/uploads\/2023\/09\/WhatsApp_Image_2020-12-10_at_14.19.40_1_1.jpeg\" \/>\n\t<meta property=\"og:image:width\" content=\"350\" \/>\n\t<meta property=\"og:image:height\" content=\"250\" \/>\n\t<meta property=\"og:image:type\" content=\"image\/jpeg\" \/>\n<meta name=\"author\" content=\"manadmin\" \/>\n<meta name=\"twitter:card\" content=\"summary_large_image\" \/>\n<meta name=\"twitter:label1\" content=\"Written by\" \/>\n\t<meta name=\"twitter:data1\" content=\"manadmin\" \/>\n\t<meta name=\"twitter:label2\" content=\"Est. reading time\" \/>\n\t<meta name=\"twitter:data2\" content=\"1 minute\" \/>\n<script type=\"application\/ld+json\" class=\"yoast-schema-graph\">{\"@context\":\"https:\/\/schema.org\",\"@graph\":[{\"@type\":\"Article\",\"@id\":\"https:\/\/fadeu.urantiacos.cl\/en\/2020\/12\/14\/la-bendicion-del-pesebre-en-el-campus-lo-contador\/#article\",\"isPartOf\":{\"@id\":\"https:\/\/fadeu.urantiacos.cl\/en\/2020\/12\/14\/la-bendicion-del-pesebre-en-el-campus-lo-contador\/\"},\"author\":{\"name\":\"manadmin\",\"@id\":\"https:\/\/fadeu.urantiacos.cl\/en\/#\/schema\/person\/d203e2e84b1c40275eac77b3061a19a2\"},\"headline\":\"La bendici\u00f3n del pesebre en el campus Lo Contador\",\"datePublished\":\"2020-12-14T18:54:00+00:00\",\"dateModified\":\"2023-09-09T18:56:47+00:00\",\"mainEntityOfPage\":{\"@id\":\"https:\/\/fadeu.urantiacos.cl\/en\/2020\/12\/14\/la-bendicion-del-pesebre-en-el-campus-lo-contador\/\"},\"wordCount\":178,\"image\":{\"@id\":\"https:\/\/fadeu.urantiacos.cl\/en\/2020\/12\/14\/la-bendicion-del-pesebre-en-el-campus-lo-contador\/#primaryimage\"},\"thumbnailUrl\":\"https:\/\/fadeu.urantiacos.cl\/wp-content\/uploads\/2023\/09\/WhatsApp_Image_2020-12-10_at_14.19.40_1_1.jpeg\",\"articleSection\":[\"Sin categorizar\"],\"inLanguage\":\"en-US\"},{\"@type\":\"WebPage\",\"@id\":\"https:\/\/fadeu.urantiacos.cl\/en\/2020\/12\/14\/la-bendicion-del-pesebre-en-el-campus-lo-contador\/\",\"url\":\"https:\/\/fadeu.urantiacos.cl\/en\/2020\/12\/14\/la-bendicion-del-pesebre-en-el-campus-lo-contador\/\",\"name\":\"La bendici\u00f3n del pesebre en el campus Lo Contador - Facultad de Arquitectura, Dise\u00f1o y Estudios Urbanos\",\"isPartOf\":{\"@id\":\"https:\/\/fadeu.urantiacos.cl\/en\/#website\"},\"primaryImageOfPage\":{\"@id\":\"https:\/\/fadeu.urantiacos.cl\/en\/2020\/12\/14\/la-bendicion-del-pesebre-en-el-campus-lo-contador\/#primaryimage\"},\"image\":{\"@id\":\"https:\/\/fadeu.urantiacos.cl\/en\/2020\/12\/14\/la-bendicion-del-pesebre-en-el-campus-lo-contador\/#primaryimage\"},\"thumbnailUrl\":\"https:\/\/fadeu.urantiacos.cl\/wp-content\/uploads\/2023\/09\/WhatsApp_Image_2020-12-10_at_14.19.40_1_1.jpeg\",\"datePublished\":\"2020-12-14T18:54:00+00:00\",\"dateModified\":\"2023-09-09T18:56:47+00:00\",\"author\":{\"@id\":\"https:\/\/fadeu.urantiacos.cl\/en\/#\/schema\/person\/d203e2e84b1c40275eac77b3061a19a2\"},\"description\":\"Este 2020, marcado por la pandemia del coronavirus, es un a\u00f1o donde se necesitaba particularmente renovar la esperanza y la paz. Por lo mismo, la Direcci\u00f3n de Pastoral y Cultura Cristiana de la Pontificia Universidad Cat\u00f3lica de Chile llev\u00f3 a cabo la tradicional bendici\u00f3n de pesebres en la mayor\u00eda de las unidades acad\u00e9micas de la UC.\",\"breadcrumb\":{\"@id\":\"https:\/\/fadeu.urantiacos.cl\/en\/2020\/12\/14\/la-bendicion-del-pesebre-en-el-campus-lo-contador\/#breadcrumb\"},\"inLanguage\":\"en-US\",\"potentialAction\":[{\"@type\":\"ReadAction\",\"target\":[\"https:\/\/fadeu.urantiacos.cl\/en\/2020\/12\/14\/la-bendicion-del-pesebre-en-el-campus-lo-contador\/\"]}]},{\"@type\":\"ImageObject\",\"inLanguage\":\"en-US\",\"@id\":\"https:\/\/fadeu.urantiacos.cl\/en\/2020\/12\/14\/la-bendicion-del-pesebre-en-el-campus-lo-contador\/#primaryimage\",\"url\":\"https:\/\/fadeu.urantiacos.cl\/wp-content\/uploads\/2023\/09\/WhatsApp_Image_2020-12-10_at_14.19.40_1_1.jpeg\",\"contentUrl\":\"https:\/\/fadeu.urantiacos.cl\/wp-content\/uploads\/2023\/09\/WhatsApp_Image_2020-12-10_at_14.19.40_1_1.jpeg\",\"width\":350,\"height\":250},{\"@type\":\"BreadcrumbList\",\"@id\":\"https:\/\/fadeu.urantiacos.cl\/en\/2020\/12\/14\/la-bendicion-del-pesebre-en-el-campus-lo-contador\/#breadcrumb\",\"itemListElement\":[{\"@type\":\"ListItem\",\"position\":1,\"name\":\"Portada\",\"item\":\"https:\/\/fadeu.urantiacos.cl\/en\/\"},{\"@type\":\"ListItem\",\"position\":2,\"name\":\"La bendici\u00f3n del pesebre en el campus Lo Contador\"}]},{\"@type\":\"WebSite\",\"@id\":\"https:\/\/fadeu.urantiacos.cl\/en\/#website\",\"url\":\"https:\/\/fadeu.urantiacos.cl\/en\/\",\"name\":\"Facultad de Arquitectura, Dise\u00f1o y Estudios Urbanos\",\"description\":\"Campus Lo Contador\",\"potentialAction\":[{\"@type\":\"SearchAction\",\"target\":{\"@type\":\"EntryPoint\",\"urlTemplate\":\"https:\/\/fadeu.urantiacos.cl\/en\/?s={search_term_string}\"},\"query-input\":{\"@type\":\"PropertyValueSpecification\",\"valueRequired\":true,\"valueName\":\"search_term_string\"}}],\"inLanguage\":\"en-US\"},{\"@type\":\"Person\",\"@id\":\"https:\/\/fadeu.urantiacos.cl\/en\/#\/schema\/person\/d203e2e84b1c40275eac77b3061a19a2\",\"name\":\"manadmin\",\"image\":{\"@type\":\"ImageObject\",\"inLanguage\":\"en-US\",\"@id\":\"https:\/\/fadeu.urantiacos.cl\/en\/#\/schema\/person\/image\/\",\"url\":\"https:\/\/secure.gravatar.com\/avatar\/4b1d8e3303b4a9d8968ac578947d8bc80d9aea359f388cdd4aac15cadc0e8447?s=96&d=mm&r=g\",\"contentUrl\":\"https:\/\/secure.gravatar.com\/avatar\/4b1d8e3303b4a9d8968ac578947d8bc80d9aea359f388cdd4aac15cadc0e8447?s=96&d=mm&r=g\",\"caption\":\"manadmin\"},\"sameAs\":[\"https:\/\/fadeu.urantiacos.cl\"]}]}<\/script>\n<!-- \/ Yoast SEO plugin. -->","yoast_head_json":{"title":"La bendici\u00f3n del pesebre en el campus Lo Contador - Facultad de Arquitectura, Dise\u00f1o y Estudios Urbanos","description":"Este 2020, marcado por la pandemia del coronavirus, es un a\u00f1o donde se necesitaba particularmente renovar la esperanza y la paz. Por lo mismo, la Direcci\u00f3n de Pastoral y Cultura Cristiana de la Pontificia Universidad Cat\u00f3lica de Chile llev\u00f3 a cabo la tradicional bendici\u00f3n de pesebres en la mayor\u00eda de las unidades acad\u00e9micas de la UC.","robots":{"index":"index","follow":"follow","max-snippet":"max-snippet:-1","max-image-preview":"max-image-preview:large","max-video-preview":"max-video-preview:-1"},"canonical":"https:\/\/fadeu.urantiacos.cl\/en\/2020\/12\/14\/la-bendicion-del-pesebre-en-el-campus-lo-contador\/","og_locale":"en_US","og_type":"article","og_title":"La bendici\u00f3n del pesebre en el campus Lo Contador - Facultad de Arquitectura, Dise\u00f1o y Estudios Urbanos","og_description":"Este 2020, marcado por la pandemia del coronavirus, es un a\u00f1o donde se necesitaba particularmente renovar la esperanza y la paz. Por lo mismo, la Direcci\u00f3n de Pastoral y Cultura Cristiana de la Pontificia Universidad Cat\u00f3lica de Chile llev\u00f3 a cabo la tradicional bendici\u00f3n de pesebres en la mayor\u00eda de las unidades acad\u00e9micas de la UC.","og_url":"https:\/\/fadeu.urantiacos.cl\/en\/2020\/12\/14\/la-bendicion-del-pesebre-en-el-campus-lo-contador\/","og_site_name":"Facultad de Arquitectura, Dise\u00f1o y Estudios Urbanos","article_published_time":"2020-12-14T18:54:00+00:00","article_modified_time":"2023-09-09T18:56:47+00:00","og_image":[{"width":350,"height":250,"url":"https:\/\/fadeu.urantiacos.cl\/wp-content\/uploads\/2023\/09\/WhatsApp_Image_2020-12-10_at_14.19.40_1_1.jpeg","type":"image\/jpeg"}],"author":"manadmin","twitter_card":"summary_large_image","twitter_misc":{"Written by":"manadmin","Est. reading time":"1 minute"},"schema":{"@context":"https:\/\/schema.org","@graph":[{"@type":"Article","@id":"https:\/\/fadeu.urantiacos.cl\/en\/2020\/12\/14\/la-bendicion-del-pesebre-en-el-campus-lo-contador\/#article","isPartOf":{"@id":"https:\/\/fadeu.urantiacos.cl\/en\/2020\/12\/14\/la-bendicion-del-pesebre-en-el-campus-lo-contador\/"},"author":{"name":"manadmin","@id":"https:\/\/fadeu.urantiacos.cl\/en\/#\/schema\/person\/d203e2e84b1c40275eac77b3061a19a2"},"headline":"La bendici\u00f3n del pesebre en el campus Lo Contador","datePublished":"2020-12-14T18:54:00+00:00","dateModified":"2023-09-09T18:56:47+00:00","mainEntityOfPage":{"@id":"https:\/\/fadeu.urantiacos.cl\/en\/2020\/12\/14\/la-bendicion-del-pesebre-en-el-campus-lo-contador\/"},"wordCount":178,"image":{"@id":"https:\/\/fadeu.urantiacos.cl\/en\/2020\/12\/14\/la-bendicion-del-pesebre-en-el-campus-lo-contador\/#primaryimage"},"thumbnailUrl":"https:\/\/fadeu.urantiacos.cl\/wp-content\/uploads\/2023\/09\/WhatsApp_Image_2020-12-10_at_14.19.40_1_1.jpeg","articleSection":["Sin categorizar"],"inLanguage":"en-US"},{"@type":"WebPage","@id":"https:\/\/fadeu.urantiacos.cl\/en\/2020\/12\/14\/la-bendicion-del-pesebre-en-el-campus-lo-contador\/","url":"https:\/\/fadeu.urantiacos.cl\/en\/2020\/12\/14\/la-bendicion-del-pesebre-en-el-campus-lo-contador\/","name":"La bendici\u00f3n del pesebre en el campus Lo Contador - Facultad de Arquitectura, Dise\u00f1o y Estudios Urbanos","isPartOf":{"@id":"https:\/\/fadeu.urantiacos.cl\/en\/#website"},"primaryImageOfPage":{"@id":"https:\/\/fadeu.urantiacos.cl\/en\/2020\/12\/14\/la-bendicion-del-pesebre-en-el-campus-lo-contador\/#primaryimage"},"image":{"@id":"https:\/\/fadeu.urantiacos.cl\/en\/2020\/12\/14\/la-bendicion-del-pesebre-en-el-campus-lo-contador\/#primaryimage"},"thumbnailUrl":"https:\/\/fadeu.urantiacos.cl\/wp-content\/uploads\/2023\/09\/WhatsApp_Image_2020-12-10_at_14.19.40_1_1.jpeg","datePublished":"2020-12-14T18:54:00+00:00","dateModified":"2023-09-09T18:56:47+00:00","author":{"@id":"https:\/\/fadeu.urantiacos.cl\/en\/#\/schema\/person\/d203e2e84b1c40275eac77b3061a19a2"},"description":"Este 2020, marcado por la pandemia del coronavirus, es un a\u00f1o donde se necesitaba particularmente renovar la esperanza y la paz. Por lo mismo, la Direcci\u00f3n de Pastoral y Cultura Cristiana de la Pontificia Universidad Cat\u00f3lica de Chile llev\u00f3 a cabo la tradicional bendici\u00f3n de pesebres en la mayor\u00eda de las unidades acad\u00e9micas de la UC.","breadcrumb":{"@id":"https:\/\/fadeu.urantiacos.cl\/en\/2020\/12\/14\/la-bendicion-del-pesebre-en-el-campus-lo-contador\/#breadcrumb"},"inLanguage":"en-US","potentialAction":[{"@type":"ReadAction","target":["https:\/\/fadeu.urantiacos.cl\/en\/2020\/12\/14\/la-bendicion-del-pesebre-en-el-campus-lo-contador\/"]}]},{"@type":"ImageObject","inLanguage":"en-US","@id":"https:\/\/fadeu.urantiacos.cl\/en\/2020\/12\/14\/la-bendicion-del-pesebre-en-el-campus-lo-contador\/#primaryimage","url":"https:\/\/fadeu.urantiacos.cl\/wp-content\/uploads\/2023\/09\/WhatsApp_Image_2020-12-10_at_14.19.40_1_1.jpeg","contentUrl":"https:\/\/fadeu.urantiacos.cl\/wp-content\/uploads\/2023\/09\/WhatsApp_Image_2020-12-10_at_14.19.40_1_1.jpeg","width":350,"height":250},{"@type":"BreadcrumbList","@id":"https:\/\/fadeu.urantiacos.cl\/en\/2020\/12\/14\/la-bendicion-del-pesebre-en-el-campus-lo-contador\/#breadcrumb","itemListElement":[{"@type":"ListItem","position":1,"name":"Portada","item":"https:\/\/fadeu.urantiacos.cl\/en\/"},{"@type":"ListItem","position":2,"name":"La bendici\u00f3n del pesebre en el campus Lo Contador"}]},{"@type":"WebSite","@id":"https:\/\/fadeu.urantiacos.cl\/en\/#website","url":"https:\/\/fadeu.urantiacos.cl\/en\/","name":"Facultad de Arquitectura, Dise\u00f1o y Estudios Urbanos","description":"Campus Lo Contador","potentialAction":[{"@type":"SearchAction","target":{"@type":"EntryPoint","urlTemplate":"https:\/\/fadeu.urantiacos.cl\/en\/?s={search_term_string}"},"query-input":{"@type":"PropertyValueSpecification","valueRequired":true,"valueName":"search_term_string"}}],"inLanguage":"en-US"},{"@type":"Person","@id":"https:\/\/fadeu.urantiacos.cl\/en\/#\/schema\/person\/d203e2e84b1c40275eac77b3061a19a2","name":"manadmin","image":{"@type":"ImageObject","inLanguage":"en-US","@id":"https:\/\/fadeu.urantiacos.cl\/en\/#\/schema\/person\/image\/","url":"https:\/\/secure.gravatar.com\/avatar\/4b1d8e3303b4a9d8968ac578947d8bc80d9aea359f388cdd4aac15cadc0e8447?s=96&d=mm&r=g","contentUrl":"https:\/\/secure.gravatar.com\/avatar\/4b1d8e3303b4a9d8968ac578947d8bc80d9aea359f388cdd4aac15cadc0e8447?s=96&d=mm&r=g","caption":"manadmin"},"sameAs":["https:\/\/fadeu.urantiacos.cl"]}]}},"_links":{"self":[{"href":"https:\/\/fadeu.urantiacos.cl\/en\/wp-json\/wp\/v2\/posts\/7728","targetHints":{"allow":["GET"]}}],"collection":[{"href":"https:\/\/fadeu.urantiacos.cl\/en\/wp-json\/wp\/v2\/posts"}],"about":[{"href":"https:\/\/fadeu.urantiacos.cl\/en\/wp-json\/wp\/v2\/types\/post"}],"author":[{"embeddable":true,"href":"https:\/\/fadeu.urantiacos.cl\/en\/wp-json\/wp\/v2\/users\/1"}],"replies":[{"embeddable":true,"href":"https:\/\/fadeu.urantiacos.cl\/en\/wp-json\/wp\/v2\/comments?post=7728"}],"version-history":[{"count":1,"href":"https:\/\/fadeu.urantiacos.cl\/en\/wp-json\/wp\/v2\/posts\/7728\/revisions"}],"predecessor-version":[{"id":7731,"href":"https:\/\/fadeu.urantiacos.cl\/en\/wp-json\/wp\/v2\/posts\/7728\/revisions\/7731"}],"wp:featuredmedia":[{"embeddable":true,"href":"https:\/\/fadeu.urantiacos.cl\/en\/wp-json\/wp\/v2\/media\/7729"}],"wp:attachment":[{"href":"https:\/\/fadeu.urantiacos.cl\/en\/wp-json\/wp\/v2\/media?parent=7728"}],"wp:term":[{"taxonomy":"category","embeddable":true,"href":"https:\/\/fadeu.urantiacos.cl\/en\/wp-json\/wp\/v2\/categories?post=7728"},{"taxonomy":"post_tag","embeddable":true,"href":"https:\/\/fadeu.urantiacos.cl\/en\/wp-json\/wp\/v2\/tags?post=7728"}],"curies":[{"name":"wp","href":"https:\/\/api.w.org\/{rel}","templated":true}]}}