{"id":7710,"date":"2020-12-16T15:42:00","date_gmt":"2020-12-16T18:42:00","guid":{"rendered":"https:\/\/fadeu.urantiacos.cl\/?p=7710"},"modified":"2023-09-09T15:45:38","modified_gmt":"2023-09-09T18:45:38","slug":"jose-rosas-emitio-discurso-en-homenaje-a-profesores-de-destacada-trayectoria-academica-donde-fueron-mencionados-federico-monroy-y-alvaro-sylleros","status":"publish","type":"post","link":"https:\/\/fadeu.urantiacos.cl\/en\/2020\/12\/16\/jose-rosas-emitio-discurso-en-homenaje-a-profesores-de-destacada-trayectoria-academica-donde-fueron-mencionados-federico-monroy-y-alvaro-sylleros\/","title":{"rendered":"Jos\u00e9 Rosas emiti\u00f3 discurso en homenaje a profesores de destacada trayectoria acad\u00e9mica, donde fueron mencionados Federico Monroy y \u00c1lvaro Sylleros"},"content":{"rendered":"\n<figure class=\"wp-block-image size-full\"><img decoding=\"async\" width=\"350\" height=\"250\" src=\"https:\/\/fadeu.urantiacos.cl\/wp-content\/uploads\/2023\/09\/Captura_de_pantalla_2020-12-16_a_las_10.43.57_1.png\" alt=\"\" class=\"wp-image-7711\" srcset=\"https:\/\/fadeu.urantiacos.cl\/wp-content\/uploads\/2023\/09\/Captura_de_pantalla_2020-12-16_a_las_10.43.57_1.png 350w, https:\/\/fadeu.urantiacos.cl\/wp-content\/uploads\/2023\/09\/Captura_de_pantalla_2020-12-16_a_las_10.43.57_1-300x214.png 300w\" sizes=\"(max-width: 350px) 100vw, 350px\" \/><\/figure>\n\n\n\n<p>La instancia, desarrollada de manera remota, fue presidida por el Rector Ignacio S\u00e1nchez, junto a su equipo directivo, adem\u00e1s de los acad\u00e9micos y acad\u00e9micas que este a\u00f1o dejan la Universidad.<\/p>\n\n\n\n<p>El Rector S\u00e1nchez les agradeci\u00f3 por haber participado en la ceremonia de manera remota, \u201cya que hemos tenido que re-inventarnos en los formatos digitales para continuar con nuestras actividades\u201d.<\/p>\n\n\n\n<p>\u201cUna de las posibilidades era aplazar la ceremonia, pero quisimos hacerlo de igual manera porque creemos que tener esta reuni\u00f3n virtual nos permite a las autoridades de la Universidad saludar y reconocer a 29 profesores y profesoras con una larga trayectoria dedicada a nuestra casa de estudios, habiendo aportado con docencia e investigaci\u00f3n, y ello debe reconocerse y valorarse como corresponde, para poder partir con una nueva etapa en sus vidas\u201d, advirti\u00f3 S\u00e1nchez.<\/p>\n\n\n\n<p>S\u00e1nchez agreg\u00f3, adem\u00e1s, que \u201chay quienes incluso llevan m\u00e1s de cuarenta a\u00f1os aportando con su trabajo a nuestra Universidad, y eso debe llenarnos de orgullo, porque son finalmente el coraz\u00f3n de la UC, y deben recordar siempre con mucho valor que, si esta Universidad ha logrado crear escuelas de pensamiento, de investigaci\u00f3n y docencia, ha sido, entre otras cosas, gracias a vuestro trabajo y entrega\u201d.<\/p>\n\n\n\n<p>A su turno, el profesor Jos\u00e9 Rosas hizo uso de la palabra y agradeci\u00f3 la oportunidad de \u201crepresentar a los profesores en este importante hito para nuestra vida acad\u00e9mica\u201d, tarea dif\u00edcil, sostuvo, \u201cporque cada unidad acad\u00e9mica es una historia propia con contextos que nos marcan, con perfiles, or\u00edgenes, creencias y epistemolog\u00edas que nos han marcado como acad\u00e9micos y como personas\u201d.<\/p>\n\n\n\n<p>\u201cLa universidad en su conformaci\u00f3n f\u00edsica, tiene un tama\u00f1o y dimensi\u00f3n suficiente y una masa cr\u00edtica que configura una constelaci\u00f3n de puntos, un espesor cultural amplio y m\u00e1s diverso que cada una de las unidades que la componen, por lo tanto, cuando observo hacia atr\u00e1s, desde que ingres\u00f3 a esta casa de estudios y lo comparo con el momento actual, advierto un cambio de paradigmas y una evoluci\u00f3n en el proyecto docente, investigativo, de gesti\u00f3n y vinculaci\u00f3n con el medio que ha vivido nuestra casa de estudio, que nos ha permitido el contacto con tantos y tantas que han marcado nuestras vidas\u201d, asever\u00f3.<\/p>\n\n\n\n<p>Rosas agreg\u00f3 que \u201cla vida universitaria ha evolucionado desde una vida m\u00e1s cerrada en los campus a organizaciones muy complejas y abiertas, y no estamos ac\u00e1 porque nos vamos de la universidad, sino, por el contrario, hemos de dar lugar a otros sistemas de relaciones din\u00e1micas y a otras preguntas con respuestas din\u00e1micas. Hemos de permitir que las sinergias de la universidad se capitalicen de otras maneras, para dar forma a nuevos sistemas de funcionamiento\u201d.<\/p>\n\n\n\n<p>El presente 2020 un total de 20 acad\u00e9micos y acad\u00e9micas fueron destacados, algunos de ellos cumpliendo m\u00e1s de cuarenta a\u00f1os de servicio en la Pontificia Universidad Cat\u00f3lica de Chile.<\/p>\n\n\n\n<p><strong>Biograf\u00eda<\/strong><\/p>\n\n\n\n<p>Jos\u00e9 Rosas es arquitecto de la Pontificia Universidad Cat\u00f3lica de Chile, M\u00e1ster en Planificaci\u00f3n Urbano Regional por el Instituto de Estudios Urbanos de la Pontificia Universidad Cat\u00f3lica de Chile, y Doctor de la Escuela T\u00e9cnica Superior de Barcelona, Universidad Polit\u00e9cnica de Catalu\u00f1a.<\/p>\n\n\n\n<p>Ha ejercido como acad\u00e9mico en la Escuela de Arquitectura de la P.U.C. de Chile desde 1978 hasta 1987 en tareas de docencia, investigaci\u00f3n, extensi\u00f3n y administraci\u00f3n acad\u00e9mica. Tambi\u00e9n ha ejercido esas actividades en la Escuela de Arquitectura \u201cCarlos Ra\u00fal Villanueva\u201d, de la Universidad Central de Venezuela desde 1990 a la fecha. Paralelamente ha ejercido como arquitecto, colaborando en diversos grupos profesionales, habiendo sido algunos de sus trabajos expuestos y publicados en Chile como en Venezuela y otros pa\u00edses.<\/p>\n\n\n\n<p>Ha sido distinguido, en 1978, con el Premio Hex\u00e1gono de Plata por Casa en Los Dominicos en el Concurso Internacional Habitation Space y en 1987, con el Primer Premio en Urbanismo en la Bienal de Arquitectura de Chile en el Concurso Nacional de Nuevas Ciudades realizado en conjunto con Munizaga, Ross y Energici , y seleccionado en la Bienal de Arquitectura de Caracas en 1988 por los Edificios BanCaracas y Conjunto Residencial El Parque \u2013Los Chorros realizados en Equipo 18 Arquitectos Asociados.<\/p>\n\n\n\n<p>Actualmente es Profesor Titular adjunto la Escuela de Arquitectura y del Instituto de Estudios Urbanos y jefe del Doctorado en Arquitectura y Estudios Urbanos UC<\/p>\n\n\n\n<figure class=\"wp-block-image size-large\"><img decoding=\"async\" width=\"1024\" height=\"569\" src=\"https:\/\/fadeu.urantiacos.cl\/wp-content\/uploads\/2023\/09\/Captura_de_pantalla_2020-12-16_a_las_10.43.57-1024x569.png\" alt=\"\" class=\"wp-image-7712\" srcset=\"https:\/\/fadeu.urantiacos.cl\/wp-content\/uploads\/2023\/09\/Captura_de_pantalla_2020-12-16_a_las_10.43.57-1024x569.png 1024w, https:\/\/fadeu.urantiacos.cl\/wp-content\/uploads\/2023\/09\/Captura_de_pantalla_2020-12-16_a_las_10.43.57-300x167.png 300w, https:\/\/fadeu.urantiacos.cl\/wp-content\/uploads\/2023\/09\/Captura_de_pantalla_2020-12-16_a_las_10.43.57-768x427.png 768w, https:\/\/fadeu.urantiacos.cl\/wp-content\/uploads\/2023\/09\/Captura_de_pantalla_2020-12-16_a_las_10.43.57-1536x854.png 1536w, https:\/\/fadeu.urantiacos.cl\/wp-content\/uploads\/2023\/09\/Captura_de_pantalla_2020-12-16_a_las_10.43.57-2048x1139.png 2048w, https:\/\/fadeu.urantiacos.cl\/wp-content\/uploads\/2023\/09\/Captura_de_pantalla_2020-12-16_a_las_10.43.57.png 1600w\" sizes=\"(max-width: 1024px) 100vw, 1024px\" \/><\/figure>\n","protected":false},"excerpt":{"rendered":"<p>El profesor y jefe del programa de Doctorado en Arquitectura y Estudios Urbanos, Jos\u00e9 Rosas, emiti\u00f3 un sentido discurso en la ceremonia oficial con la que la Pontificia Universidad Cat\u00f3lica homenaje\u00f3 a los acad\u00e9micos de destacada trayectoria acad\u00e9mica en la instituci\u00f3n, entre ellos a los profesores de la FADEU: \u00c1lvaro Sylleros y Federico Monroy de la escuela de Dise\u00f1o.<\/p>\n","protected":false},"author":1,"featured_media":7711,"comment_status":"open","ping_status":"open","sticky":false,"template":"","format":"standard","meta":{"_acf_changed":false,"footnotes":""},"categories":[1],"tags":[],"class_list":["post-7710","post","type-post","status-publish","format-standard","has-post-thumbnail","hentry","category-sin-categorizar"],"acf":[],"yoast_head":"<!-- This site is optimized with the Yoast SEO plugin v27.1.1 - https:\/\/yoast.com\/product\/yoast-seo-wordpress\/ -->\n<title>Jos\u00e9 Rosas emiti\u00f3 discurso en homenaje a profesores de destacada trayectoria acad\u00e9mica, donde fueron mencionados Federico Monroy y \u00c1lvaro Sylleros - Facultad de Arquitectura, Dise\u00f1o y Estudios Urbanos<\/title>\n<meta name=\"description\" content=\"El profesor y jefe del programa de Doctorado en Arquitectura y Estudios Urbanos, Jos\u00e9 Rosas, emiti\u00f3 un sentido discurso en la ceremonia oficial con la que la Pontificia Universidad Cat\u00f3lica homenaje\u00f3 a los acad\u00e9micos de destacada trayectoria acad\u00e9mica en la instituci\u00f3n, entre ellos a los profesores de la FADEU: \u00c1lvaro Sylleros y Federico Monroy de la escuela de Dise\u00f1o.\" \/>\n<meta name=\"robots\" content=\"index, follow, max-snippet:-1, max-image-preview:large, max-video-preview:-1\" \/>\n<link rel=\"canonical\" href=\"https:\/\/fadeu.urantiacos.cl\/en\/2020\/12\/16\/jose-rosas-emitio-discurso-en-homenaje-a-profesores-de-destacada-trayectoria-academica-donde-fueron-mencionados-federico-monroy-y-alvaro-sylleros\/\" \/>\n<meta property=\"og:locale\" content=\"en_US\" \/>\n<meta property=\"og:type\" content=\"article\" \/>\n<meta property=\"og:title\" content=\"Jos\u00e9 Rosas emiti\u00f3 discurso en homenaje a profesores de destacada trayectoria acad\u00e9mica, donde fueron mencionados Federico Monroy y \u00c1lvaro Sylleros - Facultad de Arquitectura, Dise\u00f1o y Estudios Urbanos\" \/>\n<meta property=\"og:description\" content=\"El profesor y jefe del programa de Doctorado en Arquitectura y Estudios Urbanos, Jos\u00e9 Rosas, emiti\u00f3 un sentido discurso en la ceremonia oficial con la que la Pontificia Universidad Cat\u00f3lica homenaje\u00f3 a los acad\u00e9micos de destacada trayectoria acad\u00e9mica en la instituci\u00f3n, entre ellos a los profesores de la FADEU: \u00c1lvaro Sylleros y Federico Monroy de la escuela de Dise\u00f1o.\" \/>\n<meta property=\"og:url\" content=\"https:\/\/fadeu.urantiacos.cl\/en\/2020\/12\/16\/jose-rosas-emitio-discurso-en-homenaje-a-profesores-de-destacada-trayectoria-academica-donde-fueron-mencionados-federico-monroy-y-alvaro-sylleros\/\" \/>\n<meta property=\"og:site_name\" content=\"Facultad de Arquitectura, Dise\u00f1o y Estudios Urbanos\" \/>\n<meta property=\"article:published_time\" content=\"2020-12-16T18:42:00+00:00\" \/>\n<meta property=\"article:modified_time\" content=\"2023-09-09T18:45:38+00:00\" \/>\n<meta property=\"og:image\" content=\"https:\/\/fadeu.urantiacos.cl\/wp-content\/uploads\/2023\/09\/Captura_de_pantalla_2020-12-16_a_las_10.43.57_1.png\" \/>\n\t<meta property=\"og:image:width\" content=\"350\" \/>\n\t<meta property=\"og:image:height\" content=\"250\" \/>\n\t<meta property=\"og:image:type\" content=\"image\/png\" \/>\n<meta name=\"author\" content=\"manadmin\" \/>\n<meta name=\"twitter:card\" content=\"summary_large_image\" \/>\n<meta name=\"twitter:label1\" content=\"Written by\" \/>\n\t<meta name=\"twitter:data1\" content=\"manadmin\" \/>\n\t<meta name=\"twitter:label2\" content=\"Est. reading time\" \/>\n\t<meta name=\"twitter:data2\" content=\"4 minutes\" \/>\n<script type=\"application\/ld+json\" class=\"yoast-schema-graph\">{\"@context\":\"https:\/\/schema.org\",\"@graph\":[{\"@type\":\"Article\",\"@id\":\"https:\/\/fadeu.urantiacos.cl\/en\/2020\/12\/16\/jose-rosas-emitio-discurso-en-homenaje-a-profesores-de-destacada-trayectoria-academica-donde-fueron-mencionados-federico-monroy-y-alvaro-sylleros\/#article\",\"isPartOf\":{\"@id\":\"https:\/\/fadeu.urantiacos.cl\/en\/2020\/12\/16\/jose-rosas-emitio-discurso-en-homenaje-a-profesores-de-destacada-trayectoria-academica-donde-fueron-mencionados-federico-monroy-y-alvaro-sylleros\/\"},\"author\":{\"name\":\"manadmin\",\"@id\":\"https:\/\/fadeu.urantiacos.cl\/en\/#\/schema\/person\/d203e2e84b1c40275eac77b3061a19a2\"},\"headline\":\"Jos\u00e9 Rosas emiti\u00f3 discurso en homenaje a profesores de destacada trayectoria acad\u00e9mica, donde fueron mencionados Federico Monroy y \u00c1lvaro Sylleros\",\"datePublished\":\"2020-12-16T18:42:00+00:00\",\"dateModified\":\"2023-09-09T18:45:38+00:00\",\"mainEntityOfPage\":{\"@id\":\"https:\/\/fadeu.urantiacos.cl\/en\/2020\/12\/16\/jose-rosas-emitio-discurso-en-homenaje-a-profesores-de-destacada-trayectoria-academica-donde-fueron-mencionados-federico-monroy-y-alvaro-sylleros\/\"},\"wordCount\":761,\"commentCount\":0,\"image\":{\"@id\":\"https:\/\/fadeu.urantiacos.cl\/en\/2020\/12\/16\/jose-rosas-emitio-discurso-en-homenaje-a-profesores-de-destacada-trayectoria-academica-donde-fueron-mencionados-federico-monroy-y-alvaro-sylleros\/#primaryimage\"},\"thumbnailUrl\":\"https:\/\/fadeu.urantiacos.cl\/wp-content\/uploads\/2023\/09\/Captura_de_pantalla_2020-12-16_a_las_10.43.57_1.png\",\"articleSection\":[\"Sin categorizar\"],\"inLanguage\":\"en-US\",\"potentialAction\":[{\"@type\":\"CommentAction\",\"name\":\"Comment\",\"target\":[\"https:\/\/fadeu.urantiacos.cl\/en\/2020\/12\/16\/jose-rosas-emitio-discurso-en-homenaje-a-profesores-de-destacada-trayectoria-academica-donde-fueron-mencionados-federico-monroy-y-alvaro-sylleros\/#respond\"]}]},{\"@type\":\"WebPage\",\"@id\":\"https:\/\/fadeu.urantiacos.cl\/en\/2020\/12\/16\/jose-rosas-emitio-discurso-en-homenaje-a-profesores-de-destacada-trayectoria-academica-donde-fueron-mencionados-federico-monroy-y-alvaro-sylleros\/\",\"url\":\"https:\/\/fadeu.urantiacos.cl\/en\/2020\/12\/16\/jose-rosas-emitio-discurso-en-homenaje-a-profesores-de-destacada-trayectoria-academica-donde-fueron-mencionados-federico-monroy-y-alvaro-sylleros\/\",\"name\":\"Jos\u00e9 Rosas emiti\u00f3 discurso en homenaje a profesores de destacada trayectoria acad\u00e9mica, donde fueron mencionados Federico Monroy y \u00c1lvaro Sylleros - Facultad de Arquitectura, Dise\u00f1o y Estudios Urbanos\",\"isPartOf\":{\"@id\":\"https:\/\/fadeu.urantiacos.cl\/en\/#website\"},\"primaryImageOfPage\":{\"@id\":\"https:\/\/fadeu.urantiacos.cl\/en\/2020\/12\/16\/jose-rosas-emitio-discurso-en-homenaje-a-profesores-de-destacada-trayectoria-academica-donde-fueron-mencionados-federico-monroy-y-alvaro-sylleros\/#primaryimage\"},\"image\":{\"@id\":\"https:\/\/fadeu.urantiacos.cl\/en\/2020\/12\/16\/jose-rosas-emitio-discurso-en-homenaje-a-profesores-de-destacada-trayectoria-academica-donde-fueron-mencionados-federico-monroy-y-alvaro-sylleros\/#primaryimage\"},\"thumbnailUrl\":\"https:\/\/fadeu.urantiacos.cl\/wp-content\/uploads\/2023\/09\/Captura_de_pantalla_2020-12-16_a_las_10.43.57_1.png\",\"datePublished\":\"2020-12-16T18:42:00+00:00\",\"dateModified\":\"2023-09-09T18:45:38+00:00\",\"author\":{\"@id\":\"https:\/\/fadeu.urantiacos.cl\/en\/#\/schema\/person\/d203e2e84b1c40275eac77b3061a19a2\"},\"description\":\"El profesor y jefe del programa de Doctorado en Arquitectura y Estudios Urbanos, Jos\u00e9 Rosas, emiti\u00f3 un sentido discurso en la ceremonia oficial con la que la Pontificia Universidad Cat\u00f3lica homenaje\u00f3 a los acad\u00e9micos de destacada trayectoria acad\u00e9mica en la instituci\u00f3n, entre ellos a los profesores de la FADEU: \u00c1lvaro Sylleros y Federico Monroy de la escuela de Dise\u00f1o.\",\"breadcrumb\":{\"@id\":\"https:\/\/fadeu.urantiacos.cl\/en\/2020\/12\/16\/jose-rosas-emitio-discurso-en-homenaje-a-profesores-de-destacada-trayectoria-academica-donde-fueron-mencionados-federico-monroy-y-alvaro-sylleros\/#breadcrumb\"},\"inLanguage\":\"en-US\",\"potentialAction\":[{\"@type\":\"ReadAction\",\"target\":[\"https:\/\/fadeu.urantiacos.cl\/en\/2020\/12\/16\/jose-rosas-emitio-discurso-en-homenaje-a-profesores-de-destacada-trayectoria-academica-donde-fueron-mencionados-federico-monroy-y-alvaro-sylleros\/\"]}]},{\"@type\":\"ImageObject\",\"inLanguage\":\"en-US\",\"@id\":\"https:\/\/fadeu.urantiacos.cl\/en\/2020\/12\/16\/jose-rosas-emitio-discurso-en-homenaje-a-profesores-de-destacada-trayectoria-academica-donde-fueron-mencionados-federico-monroy-y-alvaro-sylleros\/#primaryimage\",\"url\":\"https:\/\/fadeu.urantiacos.cl\/wp-content\/uploads\/2023\/09\/Captura_de_pantalla_2020-12-16_a_las_10.43.57_1.png\",\"contentUrl\":\"https:\/\/fadeu.urantiacos.cl\/wp-content\/uploads\/2023\/09\/Captura_de_pantalla_2020-12-16_a_las_10.43.57_1.png\",\"width\":350,\"height\":250},{\"@type\":\"BreadcrumbList\",\"@id\":\"https:\/\/fadeu.urantiacos.cl\/en\/2020\/12\/16\/jose-rosas-emitio-discurso-en-homenaje-a-profesores-de-destacada-trayectoria-academica-donde-fueron-mencionados-federico-monroy-y-alvaro-sylleros\/#breadcrumb\",\"itemListElement\":[{\"@type\":\"ListItem\",\"position\":1,\"name\":\"Portada\",\"item\":\"https:\/\/fadeu.urantiacos.cl\/en\/\"},{\"@type\":\"ListItem\",\"position\":2,\"name\":\"Jos\u00e9 Rosas emiti\u00f3 discurso en homenaje a profesores de destacada trayectoria acad\u00e9mica, donde fueron mencionados Federico Monroy y \u00c1lvaro Sylleros\"}]},{\"@type\":\"WebSite\",\"@id\":\"https:\/\/fadeu.urantiacos.cl\/en\/#website\",\"url\":\"https:\/\/fadeu.urantiacos.cl\/en\/\",\"name\":\"Facultad de Arquitectura, Dise\u00f1o y Estudios Urbanos\",\"description\":\"Campus Lo Contador\",\"potentialAction\":[{\"@type\":\"SearchAction\",\"target\":{\"@type\":\"EntryPoint\",\"urlTemplate\":\"https:\/\/fadeu.urantiacos.cl\/en\/?s={search_term_string}\"},\"query-input\":{\"@type\":\"PropertyValueSpecification\",\"valueRequired\":true,\"valueName\":\"search_term_string\"}}],\"inLanguage\":\"en-US\"},{\"@type\":\"Person\",\"@id\":\"https:\/\/fadeu.urantiacos.cl\/en\/#\/schema\/person\/d203e2e84b1c40275eac77b3061a19a2\",\"name\":\"manadmin\",\"image\":{\"@type\":\"ImageObject\",\"inLanguage\":\"en-US\",\"@id\":\"https:\/\/fadeu.urantiacos.cl\/en\/#\/schema\/person\/image\/\",\"url\":\"https:\/\/secure.gravatar.com\/avatar\/4b1d8e3303b4a9d8968ac578947d8bc80d9aea359f388cdd4aac15cadc0e8447?s=96&d=mm&r=g\",\"contentUrl\":\"https:\/\/secure.gravatar.com\/avatar\/4b1d8e3303b4a9d8968ac578947d8bc80d9aea359f388cdd4aac15cadc0e8447?s=96&d=mm&r=g\",\"caption\":\"manadmin\"},\"sameAs\":[\"https:\/\/fadeu.urantiacos.cl\"]}]}<\/script>\n<!-- \/ Yoast SEO plugin. -->","yoast_head_json":{"title":"Jos\u00e9 Rosas emiti\u00f3 discurso en homenaje a profesores de destacada trayectoria acad\u00e9mica, donde fueron mencionados Federico Monroy y \u00c1lvaro Sylleros - Facultad de Arquitectura, Dise\u00f1o y Estudios Urbanos","description":"El profesor y jefe del programa de Doctorado en Arquitectura y Estudios Urbanos, Jos\u00e9 Rosas, emiti\u00f3 un sentido discurso en la ceremonia oficial con la que la Pontificia Universidad Cat\u00f3lica homenaje\u00f3 a los acad\u00e9micos de destacada trayectoria acad\u00e9mica en la instituci\u00f3n, entre ellos a los profesores de la FADEU: \u00c1lvaro Sylleros y Federico Monroy de la escuela de Dise\u00f1o.","robots":{"index":"index","follow":"follow","max-snippet":"max-snippet:-1","max-image-preview":"max-image-preview:large","max-video-preview":"max-video-preview:-1"},"canonical":"https:\/\/fadeu.urantiacos.cl\/en\/2020\/12\/16\/jose-rosas-emitio-discurso-en-homenaje-a-profesores-de-destacada-trayectoria-academica-donde-fueron-mencionados-federico-monroy-y-alvaro-sylleros\/","og_locale":"en_US","og_type":"article","og_title":"Jos\u00e9 Rosas emiti\u00f3 discurso en homenaje a profesores de destacada trayectoria acad\u00e9mica, donde fueron mencionados Federico Monroy y \u00c1lvaro Sylleros - Facultad de Arquitectura, Dise\u00f1o y Estudios Urbanos","og_description":"El profesor y jefe del programa de Doctorado en Arquitectura y Estudios Urbanos, Jos\u00e9 Rosas, emiti\u00f3 un sentido discurso en la ceremonia oficial con la que la Pontificia Universidad Cat\u00f3lica homenaje\u00f3 a los acad\u00e9micos de destacada trayectoria acad\u00e9mica en la instituci\u00f3n, entre ellos a los profesores de la FADEU: \u00c1lvaro Sylleros y Federico Monroy de la escuela de Dise\u00f1o.","og_url":"https:\/\/fadeu.urantiacos.cl\/en\/2020\/12\/16\/jose-rosas-emitio-discurso-en-homenaje-a-profesores-de-destacada-trayectoria-academica-donde-fueron-mencionados-federico-monroy-y-alvaro-sylleros\/","og_site_name":"Facultad de Arquitectura, Dise\u00f1o y Estudios Urbanos","article_published_time":"2020-12-16T18:42:00+00:00","article_modified_time":"2023-09-09T18:45:38+00:00","og_image":[{"width":350,"height":250,"url":"https:\/\/fadeu.urantiacos.cl\/wp-content\/uploads\/2023\/09\/Captura_de_pantalla_2020-12-16_a_las_10.43.57_1.png","type":"image\/png"}],"author":"manadmin","twitter_card":"summary_large_image","twitter_misc":{"Written by":"manadmin","Est. reading time":"4 minutes"},"schema":{"@context":"https:\/\/schema.org","@graph":[{"@type":"Article","@id":"https:\/\/fadeu.urantiacos.cl\/en\/2020\/12\/16\/jose-rosas-emitio-discurso-en-homenaje-a-profesores-de-destacada-trayectoria-academica-donde-fueron-mencionados-federico-monroy-y-alvaro-sylleros\/#article","isPartOf":{"@id":"https:\/\/fadeu.urantiacos.cl\/en\/2020\/12\/16\/jose-rosas-emitio-discurso-en-homenaje-a-profesores-de-destacada-trayectoria-academica-donde-fueron-mencionados-federico-monroy-y-alvaro-sylleros\/"},"author":{"name":"manadmin","@id":"https:\/\/fadeu.urantiacos.cl\/en\/#\/schema\/person\/d203e2e84b1c40275eac77b3061a19a2"},"headline":"Jos\u00e9 Rosas emiti\u00f3 discurso en homenaje a profesores de destacada trayectoria acad\u00e9mica, donde fueron mencionados Federico Monroy y \u00c1lvaro Sylleros","datePublished":"2020-12-16T18:42:00+00:00","dateModified":"2023-09-09T18:45:38+00:00","mainEntityOfPage":{"@id":"https:\/\/fadeu.urantiacos.cl\/en\/2020\/12\/16\/jose-rosas-emitio-discurso-en-homenaje-a-profesores-de-destacada-trayectoria-academica-donde-fueron-mencionados-federico-monroy-y-alvaro-sylleros\/"},"wordCount":761,"commentCount":0,"image":{"@id":"https:\/\/fadeu.urantiacos.cl\/en\/2020\/12\/16\/jose-rosas-emitio-discurso-en-homenaje-a-profesores-de-destacada-trayectoria-academica-donde-fueron-mencionados-federico-monroy-y-alvaro-sylleros\/#primaryimage"},"thumbnailUrl":"https:\/\/fadeu.urantiacos.cl\/wp-content\/uploads\/2023\/09\/Captura_de_pantalla_2020-12-16_a_las_10.43.57_1.png","articleSection":["Sin categorizar"],"inLanguage":"en-US","potentialAction":[{"@type":"CommentAction","name":"Comment","target":["https:\/\/fadeu.urantiacos.cl\/en\/2020\/12\/16\/jose-rosas-emitio-discurso-en-homenaje-a-profesores-de-destacada-trayectoria-academica-donde-fueron-mencionados-federico-monroy-y-alvaro-sylleros\/#respond"]}]},{"@type":"WebPage","@id":"https:\/\/fadeu.urantiacos.cl\/en\/2020\/12\/16\/jose-rosas-emitio-discurso-en-homenaje-a-profesores-de-destacada-trayectoria-academica-donde-fueron-mencionados-federico-monroy-y-alvaro-sylleros\/","url":"https:\/\/fadeu.urantiacos.cl\/en\/2020\/12\/16\/jose-rosas-emitio-discurso-en-homenaje-a-profesores-de-destacada-trayectoria-academica-donde-fueron-mencionados-federico-monroy-y-alvaro-sylleros\/","name":"Jos\u00e9 Rosas emiti\u00f3 discurso en homenaje a profesores de destacada trayectoria acad\u00e9mica, donde fueron mencionados Federico Monroy y \u00c1lvaro Sylleros - Facultad de Arquitectura, Dise\u00f1o y Estudios Urbanos","isPartOf":{"@id":"https:\/\/fadeu.urantiacos.cl\/en\/#website"},"primaryImageOfPage":{"@id":"https:\/\/fadeu.urantiacos.cl\/en\/2020\/12\/16\/jose-rosas-emitio-discurso-en-homenaje-a-profesores-de-destacada-trayectoria-academica-donde-fueron-mencionados-federico-monroy-y-alvaro-sylleros\/#primaryimage"},"image":{"@id":"https:\/\/fadeu.urantiacos.cl\/en\/2020\/12\/16\/jose-rosas-emitio-discurso-en-homenaje-a-profesores-de-destacada-trayectoria-academica-donde-fueron-mencionados-federico-monroy-y-alvaro-sylleros\/#primaryimage"},"thumbnailUrl":"https:\/\/fadeu.urantiacos.cl\/wp-content\/uploads\/2023\/09\/Captura_de_pantalla_2020-12-16_a_las_10.43.57_1.png","datePublished":"2020-12-16T18:42:00+00:00","dateModified":"2023-09-09T18:45:38+00:00","author":{"@id":"https:\/\/fadeu.urantiacos.cl\/en\/#\/schema\/person\/d203e2e84b1c40275eac77b3061a19a2"},"description":"El profesor y jefe del programa de Doctorado en Arquitectura y Estudios Urbanos, Jos\u00e9 Rosas, emiti\u00f3 un sentido discurso en la ceremonia oficial con la que la Pontificia Universidad Cat\u00f3lica homenaje\u00f3 a los acad\u00e9micos de destacada trayectoria acad\u00e9mica en la instituci\u00f3n, entre ellos a los profesores de la FADEU: \u00c1lvaro Sylleros y Federico Monroy de la escuela de Dise\u00f1o.","breadcrumb":{"@id":"https:\/\/fadeu.urantiacos.cl\/en\/2020\/12\/16\/jose-rosas-emitio-discurso-en-homenaje-a-profesores-de-destacada-trayectoria-academica-donde-fueron-mencionados-federico-monroy-y-alvaro-sylleros\/#breadcrumb"},"inLanguage":"en-US","potentialAction":[{"@type":"ReadAction","target":["https:\/\/fadeu.urantiacos.cl\/en\/2020\/12\/16\/jose-rosas-emitio-discurso-en-homenaje-a-profesores-de-destacada-trayectoria-academica-donde-fueron-mencionados-federico-monroy-y-alvaro-sylleros\/"]}]},{"@type":"ImageObject","inLanguage":"en-US","@id":"https:\/\/fadeu.urantiacos.cl\/en\/2020\/12\/16\/jose-rosas-emitio-discurso-en-homenaje-a-profesores-de-destacada-trayectoria-academica-donde-fueron-mencionados-federico-monroy-y-alvaro-sylleros\/#primaryimage","url":"https:\/\/fadeu.urantiacos.cl\/wp-content\/uploads\/2023\/09\/Captura_de_pantalla_2020-12-16_a_las_10.43.57_1.png","contentUrl":"https:\/\/fadeu.urantiacos.cl\/wp-content\/uploads\/2023\/09\/Captura_de_pantalla_2020-12-16_a_las_10.43.57_1.png","width":350,"height":250},{"@type":"BreadcrumbList","@id":"https:\/\/fadeu.urantiacos.cl\/en\/2020\/12\/16\/jose-rosas-emitio-discurso-en-homenaje-a-profesores-de-destacada-trayectoria-academica-donde-fueron-mencionados-federico-monroy-y-alvaro-sylleros\/#breadcrumb","itemListElement":[{"@type":"ListItem","position":1,"name":"Portada","item":"https:\/\/fadeu.urantiacos.cl\/en\/"},{"@type":"ListItem","position":2,"name":"Jos\u00e9 Rosas emiti\u00f3 discurso en homenaje a profesores de destacada trayectoria acad\u00e9mica, donde fueron mencionados Federico Monroy y \u00c1lvaro Sylleros"}]},{"@type":"WebSite","@id":"https:\/\/fadeu.urantiacos.cl\/en\/#website","url":"https:\/\/fadeu.urantiacos.cl\/en\/","name":"Facultad de Arquitectura, Dise\u00f1o y Estudios Urbanos","description":"Campus Lo Contador","potentialAction":[{"@type":"SearchAction","target":{"@type":"EntryPoint","urlTemplate":"https:\/\/fadeu.urantiacos.cl\/en\/?s={search_term_string}"},"query-input":{"@type":"PropertyValueSpecification","valueRequired":true,"valueName":"search_term_string"}}],"inLanguage":"en-US"},{"@type":"Person","@id":"https:\/\/fadeu.urantiacos.cl\/en\/#\/schema\/person\/d203e2e84b1c40275eac77b3061a19a2","name":"manadmin","image":{"@type":"ImageObject","inLanguage":"en-US","@id":"https:\/\/fadeu.urantiacos.cl\/en\/#\/schema\/person\/image\/","url":"https:\/\/secure.gravatar.com\/avatar\/4b1d8e3303b4a9d8968ac578947d8bc80d9aea359f388cdd4aac15cadc0e8447?s=96&d=mm&r=g","contentUrl":"https:\/\/secure.gravatar.com\/avatar\/4b1d8e3303b4a9d8968ac578947d8bc80d9aea359f388cdd4aac15cadc0e8447?s=96&d=mm&r=g","caption":"manadmin"},"sameAs":["https:\/\/fadeu.urantiacos.cl"]}]}},"_links":{"self":[{"href":"https:\/\/fadeu.urantiacos.cl\/en\/wp-json\/wp\/v2\/posts\/7710","targetHints":{"allow":["GET"]}}],"collection":[{"href":"https:\/\/fadeu.urantiacos.cl\/en\/wp-json\/wp\/v2\/posts"}],"about":[{"href":"https:\/\/fadeu.urantiacos.cl\/en\/wp-json\/wp\/v2\/types\/post"}],"author":[{"embeddable":true,"href":"https:\/\/fadeu.urantiacos.cl\/en\/wp-json\/wp\/v2\/users\/1"}],"replies":[{"embeddable":true,"href":"https:\/\/fadeu.urantiacos.cl\/en\/wp-json\/wp\/v2\/comments?post=7710"}],"version-history":[{"count":1,"href":"https:\/\/fadeu.urantiacos.cl\/en\/wp-json\/wp\/v2\/posts\/7710\/revisions"}],"predecessor-version":[{"id":7713,"href":"https:\/\/fadeu.urantiacos.cl\/en\/wp-json\/wp\/v2\/posts\/7710\/revisions\/7713"}],"wp:featuredmedia":[{"embeddable":true,"href":"https:\/\/fadeu.urantiacos.cl\/en\/wp-json\/wp\/v2\/media\/7711"}],"wp:attachment":[{"href":"https:\/\/fadeu.urantiacos.cl\/en\/wp-json\/wp\/v2\/media?parent=7710"}],"wp:term":[{"taxonomy":"category","embeddable":true,"href":"https:\/\/fadeu.urantiacos.cl\/en\/wp-json\/wp\/v2\/categories?post=7710"},{"taxonomy":"post_tag","embeddable":true,"href":"https:\/\/fadeu.urantiacos.cl\/en\/wp-json\/wp\/v2\/tags?post=7710"}],"curies":[{"name":"wp","href":"https:\/\/api.w.org\/{rel}","templated":true}]}}