{"id":7706,"date":"2020-12-16T15:36:00","date_gmt":"2020-12-16T18:36:00","guid":{"rendered":"https:\/\/fadeu.urantiacos.cl\/?p=7706"},"modified":"2023-09-09T15:41:57","modified_gmt":"2023-09-09T18:41:57","slug":"autoridades-se-reunieron-con-estudiantes-de-primer-ano-de-la-escuela-de-diseno","status":"publish","type":"post","link":"https:\/\/fadeu.urantiacos.cl\/en\/2020\/12\/16\/autoridades-se-reunieron-con-estudiantes-de-primer-ano-de-la-escuela-de-diseno\/","title":{"rendered":"Autoridades se reunieron con estudiantes de primer a\u00f1o de la escuela de Dise\u00f1o"},"content":{"rendered":"\n<figure class=\"wp-block-image size-full\"><img decoding=\"async\" width=\"350\" height=\"250\" src=\"https:\/\/fadeu.urantiacos.cl\/wp-content\/uploads\/2023\/09\/WhatsApp_Image_2020-12-15_at_09.26.53_1_1_1.jpeg\" alt=\"\" class=\"wp-image-7707\" srcset=\"https:\/\/fadeu.urantiacos.cl\/wp-content\/uploads\/2023\/09\/WhatsApp_Image_2020-12-15_at_09.26.53_1_1_1.jpeg 350w, https:\/\/fadeu.urantiacos.cl\/wp-content\/uploads\/2023\/09\/WhatsApp_Image_2020-12-15_at_09.26.53_1_1_1-300x214.jpeg 300w\" sizes=\"(max-width: 350px) 100vw, 350px\" \/><\/figure>\n\n\n\n<p>El Vicerrector Bouchon felicit\u00f3 a los estudiantes y reconoci\u00f3 en ellos la capacidad de fortalecer sus estudios por la v\u00eda remota, para superar las barreras que supone la pandemia por COVID-19, afirmando que \u201ces evidente que a todos nos gustar\u00eda ocupar nuestros espacios, sobre todo ustedes, que imagino quieren usar sus laboratorios, sus salas de clase y talleres, pero han sabido cumplir con su carga acad\u00e9mica cumpliendo los protocolos sanitarios para cuidarse y cuidarnos entre todos\u201d<\/p>\n\n\n\n<p>\u201cEl dise\u00f1o, debo decirlo muy sinceramente, es una de las disciplinas del futuro, ya que hablamos de una profesi\u00f3n que trasciende los muros del conocimiento y se inserta en un sinf\u00edn de soluciones para la sociedad en su conjunto, abriendo posibilidades sin l\u00edmite para innovar y desarrollar objetos, infraestructuras, metodolog\u00edas y experiencias que, vincul\u00e1ndose siempre interdisciplinarmente, permiten dar la bienvenida a las soluciones e innovaciones que van en beneficio de las personas y de la sociedad en su conjunto\u201d, agreg\u00f3.<\/p>\n\n\n\n<p>Por su parte, el Decano Ubilla advirti\u00f3 que \u201cdise\u00f1o como disciplina tiene una amplitud incalculable y se generan posibilidades infinitas para ustedes, desde dise\u00f1ar experiencias hasta dise\u00f1ar un producto, luego patentarlo y transferirlo a la sociedad, como una profesi\u00f3n de servicio, y eso es sumamente valorable, porque se les abre un norte de m\u00faltiples posibilidades de desarrollo personal y profesional\u201d.<\/p>\n\n\n\n<p>La instancia marc\u00f3, adem\u00e1s, la presentaci\u00f3n final de los trabajos del curso de Representaci\u00f3n, que dicta el propio decano Mario Ubilla, ocasi\u00f3n en la que se colgaron una s\u00edntesis de los dibujos realizados durante el semestre, y fueron dispuestos en el patio del edificio de Dise\u00f1o.<\/p>\n\n\n\n<figure class=\"wp-block-image size-full\"><img decoding=\"async\" width=\"768\" height=\"1024\" src=\"https:\/\/fadeu.urantiacos.cl\/wp-content\/uploads\/2023\/09\/WhatsApp_Image_2020-12-15_at_09.26.53_2.jpeg\" alt=\"\" class=\"wp-image-7708\" srcset=\"https:\/\/fadeu.urantiacos.cl\/wp-content\/uploads\/2023\/09\/WhatsApp_Image_2020-12-15_at_09.26.53_2.jpeg 768w, https:\/\/fadeu.urantiacos.cl\/wp-content\/uploads\/2023\/09\/WhatsApp_Image_2020-12-15_at_09.26.53_2-225x300.jpeg 225w\" sizes=\"(max-width: 768px) 100vw, 768px\" \/><\/figure>\n\n\n\n<p>INFORMACI\u00d3N PERIOD\u00cdSTICA<br>JUAN ANDR\u00c9S INZUNZA<\/p>\n","protected":false},"excerpt":{"rendered":"<p>Cumpliendo con los protocolos sanitarios pertinentes y respetando los aforos definidos, el Vicerrector de Investigaci\u00f3n, Pedro Bouchon, junto al Decano Mario Ubilla y al director de la escuela de Dise\u00f1o, Rodrigo Ram\u00edrez, en conjunto con profesores y ayudantes, se reunieron con un grupo de estudiantes de primer a\u00f1o de la escuela de Dise\u00f1o que no hab\u00edan tenido oportunidad de recorrer el campus Lo Contador, para tener una conversaci\u00f3n breve y dialogar respecto del futuro de la disciplina.<\/p>\n","protected":false},"author":1,"featured_media":7707,"comment_status":"open","ping_status":"open","sticky":false,"template":"","format":"standard","meta":{"_acf_changed":false,"footnotes":""},"categories":[1],"tags":[],"class_list":["post-7706","post","type-post","status-publish","format-standard","has-post-thumbnail","hentry","category-sin-categorizar"],"acf":[],"yoast_head":"<!-- This site is optimized with the Yoast SEO plugin v27.1.1 - https:\/\/yoast.com\/product\/yoast-seo-wordpress\/ -->\n<title>Autoridades se reunieron con estudiantes de primer a\u00f1o de la escuela de Dise\u00f1o - Facultad de Arquitectura, Dise\u00f1o y Estudios Urbanos<\/title>\n<meta name=\"description\" content=\"Cumpliendo con los protocolos sanitarios pertinentes y respetando los aforos definidos, el Vicerrector de Investigaci\u00f3n, Pedro Bouchon, junto al Decano Mario Ubilla y al director de la escuela de Dise\u00f1o, Rodrigo Ram\u00edrez, en conjunto con profesores y ayudantes, se reunieron con un grupo de estudiantes de primer a\u00f1o de la escuela de Dise\u00f1o que no hab\u00edan tenido oportunidad de recorrer el campus Lo Contador, para tener una conversaci\u00f3n breve y dialogar respecto del futuro de la disciplina.\" \/>\n<meta name=\"robots\" content=\"index, follow, max-snippet:-1, max-image-preview:large, max-video-preview:-1\" \/>\n<link rel=\"canonical\" href=\"https:\/\/fadeu.urantiacos.cl\/en\/2020\/12\/16\/autoridades-se-reunieron-con-estudiantes-de-primer-ano-de-la-escuela-de-diseno\/\" \/>\n<meta property=\"og:locale\" content=\"en_US\" \/>\n<meta property=\"og:type\" content=\"article\" \/>\n<meta property=\"og:title\" content=\"Autoridades se reunieron con estudiantes de primer a\u00f1o de la escuela de Dise\u00f1o - Facultad de Arquitectura, Dise\u00f1o y Estudios Urbanos\" \/>\n<meta property=\"og:description\" content=\"Cumpliendo con los protocolos sanitarios pertinentes y respetando los aforos definidos, el Vicerrector de Investigaci\u00f3n, Pedro Bouchon, junto al Decano Mario Ubilla y al director de la escuela de Dise\u00f1o, Rodrigo Ram\u00edrez, en conjunto con profesores y ayudantes, se reunieron con un grupo de estudiantes de primer a\u00f1o de la escuela de Dise\u00f1o que no hab\u00edan tenido oportunidad de recorrer el campus Lo Contador, para tener una conversaci\u00f3n breve y dialogar respecto del futuro de la disciplina.\" \/>\n<meta property=\"og:url\" content=\"https:\/\/fadeu.urantiacos.cl\/en\/2020\/12\/16\/autoridades-se-reunieron-con-estudiantes-de-primer-ano-de-la-escuela-de-diseno\/\" \/>\n<meta property=\"og:site_name\" content=\"Facultad de Arquitectura, Dise\u00f1o y Estudios Urbanos\" \/>\n<meta property=\"article:published_time\" content=\"2020-12-16T18:36:00+00:00\" \/>\n<meta property=\"article:modified_time\" content=\"2023-09-09T18:41:57+00:00\" \/>\n<meta property=\"og:image\" content=\"https:\/\/fadeu.urantiacos.cl\/wp-content\/uploads\/2023\/09\/WhatsApp_Image_2020-12-15_at_09.26.53_1_1_1.jpeg\" \/>\n\t<meta property=\"og:image:width\" content=\"350\" \/>\n\t<meta property=\"og:image:height\" content=\"250\" \/>\n\t<meta property=\"og:image:type\" content=\"image\/jpeg\" \/>\n<meta name=\"author\" content=\"manadmin\" \/>\n<meta name=\"twitter:card\" content=\"summary_large_image\" \/>\n<meta name=\"twitter:label1\" content=\"Written by\" \/>\n\t<meta name=\"twitter:data1\" content=\"manadmin\" \/>\n\t<meta name=\"twitter:label2\" content=\"Est. reading time\" \/>\n\t<meta name=\"twitter:data2\" content=\"1 minute\" \/>\n<script type=\"application\/ld+json\" class=\"yoast-schema-graph\">{\"@context\":\"https:\/\/schema.org\",\"@graph\":[{\"@type\":\"Article\",\"@id\":\"https:\/\/fadeu.urantiacos.cl\/en\/2020\/12\/16\/autoridades-se-reunieron-con-estudiantes-de-primer-ano-de-la-escuela-de-diseno\/#article\",\"isPartOf\":{\"@id\":\"https:\/\/fadeu.urantiacos.cl\/en\/2020\/12\/16\/autoridades-se-reunieron-con-estudiantes-de-primer-ano-de-la-escuela-de-diseno\/\"},\"author\":{\"name\":\"manadmin\",\"@id\":\"https:\/\/fadeu.urantiacos.cl\/en\/#\/schema\/person\/d203e2e84b1c40275eac77b3061a19a2\"},\"headline\":\"Autoridades se reunieron con estudiantes de primer a\u00f1o de la escuela de Dise\u00f1o\",\"datePublished\":\"2020-12-16T18:36:00+00:00\",\"dateModified\":\"2023-09-09T18:41:57+00:00\",\"mainEntityOfPage\":{\"@id\":\"https:\/\/fadeu.urantiacos.cl\/en\/2020\/12\/16\/autoridades-se-reunieron-con-estudiantes-de-primer-ano-de-la-escuela-de-diseno\/\"},\"wordCount\":304,\"commentCount\":0,\"image\":{\"@id\":\"https:\/\/fadeu.urantiacos.cl\/en\/2020\/12\/16\/autoridades-se-reunieron-con-estudiantes-de-primer-ano-de-la-escuela-de-diseno\/#primaryimage\"},\"thumbnailUrl\":\"https:\/\/fadeu.urantiacos.cl\/wp-content\/uploads\/2023\/09\/WhatsApp_Image_2020-12-15_at_09.26.53_1_1_1.jpeg\",\"articleSection\":[\"Sin categorizar\"],\"inLanguage\":\"en-US\",\"potentialAction\":[{\"@type\":\"CommentAction\",\"name\":\"Comment\",\"target\":[\"https:\/\/fadeu.urantiacos.cl\/en\/2020\/12\/16\/autoridades-se-reunieron-con-estudiantes-de-primer-ano-de-la-escuela-de-diseno\/#respond\"]}]},{\"@type\":\"WebPage\",\"@id\":\"https:\/\/fadeu.urantiacos.cl\/en\/2020\/12\/16\/autoridades-se-reunieron-con-estudiantes-de-primer-ano-de-la-escuela-de-diseno\/\",\"url\":\"https:\/\/fadeu.urantiacos.cl\/en\/2020\/12\/16\/autoridades-se-reunieron-con-estudiantes-de-primer-ano-de-la-escuela-de-diseno\/\",\"name\":\"Autoridades se reunieron con estudiantes de primer a\u00f1o de la escuela de Dise\u00f1o - Facultad de Arquitectura, Dise\u00f1o y Estudios Urbanos\",\"isPartOf\":{\"@id\":\"https:\/\/fadeu.urantiacos.cl\/en\/#website\"},\"primaryImageOfPage\":{\"@id\":\"https:\/\/fadeu.urantiacos.cl\/en\/2020\/12\/16\/autoridades-se-reunieron-con-estudiantes-de-primer-ano-de-la-escuela-de-diseno\/#primaryimage\"},\"image\":{\"@id\":\"https:\/\/fadeu.urantiacos.cl\/en\/2020\/12\/16\/autoridades-se-reunieron-con-estudiantes-de-primer-ano-de-la-escuela-de-diseno\/#primaryimage\"},\"thumbnailUrl\":\"https:\/\/fadeu.urantiacos.cl\/wp-content\/uploads\/2023\/09\/WhatsApp_Image_2020-12-15_at_09.26.53_1_1_1.jpeg\",\"datePublished\":\"2020-12-16T18:36:00+00:00\",\"dateModified\":\"2023-09-09T18:41:57+00:00\",\"author\":{\"@id\":\"https:\/\/fadeu.urantiacos.cl\/en\/#\/schema\/person\/d203e2e84b1c40275eac77b3061a19a2\"},\"description\":\"Cumpliendo con los protocolos sanitarios pertinentes y respetando los aforos definidos, el Vicerrector de Investigaci\u00f3n, Pedro Bouchon, junto al Decano Mario Ubilla y al director de la escuela de Dise\u00f1o, Rodrigo Ram\u00edrez, en conjunto con profesores y ayudantes, se reunieron con un grupo de estudiantes de primer a\u00f1o de la escuela de Dise\u00f1o que no hab\u00edan tenido oportunidad de recorrer el campus Lo Contador, para tener una conversaci\u00f3n breve y dialogar respecto del futuro de la disciplina.\",\"breadcrumb\":{\"@id\":\"https:\/\/fadeu.urantiacos.cl\/en\/2020\/12\/16\/autoridades-se-reunieron-con-estudiantes-de-primer-ano-de-la-escuela-de-diseno\/#breadcrumb\"},\"inLanguage\":\"en-US\",\"potentialAction\":[{\"@type\":\"ReadAction\",\"target\":[\"https:\/\/fadeu.urantiacos.cl\/en\/2020\/12\/16\/autoridades-se-reunieron-con-estudiantes-de-primer-ano-de-la-escuela-de-diseno\/\"]}]},{\"@type\":\"ImageObject\",\"inLanguage\":\"en-US\",\"@id\":\"https:\/\/fadeu.urantiacos.cl\/en\/2020\/12\/16\/autoridades-se-reunieron-con-estudiantes-de-primer-ano-de-la-escuela-de-diseno\/#primaryimage\",\"url\":\"https:\/\/fadeu.urantiacos.cl\/wp-content\/uploads\/2023\/09\/WhatsApp_Image_2020-12-15_at_09.26.53_1_1_1.jpeg\",\"contentUrl\":\"https:\/\/fadeu.urantiacos.cl\/wp-content\/uploads\/2023\/09\/WhatsApp_Image_2020-12-15_at_09.26.53_1_1_1.jpeg\",\"width\":350,\"height\":250},{\"@type\":\"BreadcrumbList\",\"@id\":\"https:\/\/fadeu.urantiacos.cl\/en\/2020\/12\/16\/autoridades-se-reunieron-con-estudiantes-de-primer-ano-de-la-escuela-de-diseno\/#breadcrumb\",\"itemListElement\":[{\"@type\":\"ListItem\",\"position\":1,\"name\":\"Portada\",\"item\":\"https:\/\/fadeu.urantiacos.cl\/en\/\"},{\"@type\":\"ListItem\",\"position\":2,\"name\":\"Autoridades se reunieron con estudiantes de primer a\u00f1o de la escuela de Dise\u00f1o\"}]},{\"@type\":\"WebSite\",\"@id\":\"https:\/\/fadeu.urantiacos.cl\/en\/#website\",\"url\":\"https:\/\/fadeu.urantiacos.cl\/en\/\",\"name\":\"Facultad de Arquitectura, Dise\u00f1o y Estudios Urbanos\",\"description\":\"Campus Lo Contador\",\"potentialAction\":[{\"@type\":\"SearchAction\",\"target\":{\"@type\":\"EntryPoint\",\"urlTemplate\":\"https:\/\/fadeu.urantiacos.cl\/en\/?s={search_term_string}\"},\"query-input\":{\"@type\":\"PropertyValueSpecification\",\"valueRequired\":true,\"valueName\":\"search_term_string\"}}],\"inLanguage\":\"en-US\"},{\"@type\":\"Person\",\"@id\":\"https:\/\/fadeu.urantiacos.cl\/en\/#\/schema\/person\/d203e2e84b1c40275eac77b3061a19a2\",\"name\":\"manadmin\",\"image\":{\"@type\":\"ImageObject\",\"inLanguage\":\"en-US\",\"@id\":\"https:\/\/fadeu.urantiacos.cl\/en\/#\/schema\/person\/image\/\",\"url\":\"https:\/\/secure.gravatar.com\/avatar\/4b1d8e3303b4a9d8968ac578947d8bc80d9aea359f388cdd4aac15cadc0e8447?s=96&d=mm&r=g\",\"contentUrl\":\"https:\/\/secure.gravatar.com\/avatar\/4b1d8e3303b4a9d8968ac578947d8bc80d9aea359f388cdd4aac15cadc0e8447?s=96&d=mm&r=g\",\"caption\":\"manadmin\"},\"sameAs\":[\"https:\/\/fadeu.urantiacos.cl\"]}]}<\/script>\n<!-- \/ Yoast SEO plugin. -->","yoast_head_json":{"title":"Autoridades se reunieron con estudiantes de primer a\u00f1o de la escuela de Dise\u00f1o - Facultad de Arquitectura, Dise\u00f1o y Estudios Urbanos","description":"Cumpliendo con los protocolos sanitarios pertinentes y respetando los aforos definidos, el Vicerrector de Investigaci\u00f3n, Pedro Bouchon, junto al Decano Mario Ubilla y al director de la escuela de Dise\u00f1o, Rodrigo Ram\u00edrez, en conjunto con profesores y ayudantes, se reunieron con un grupo de estudiantes de primer a\u00f1o de la escuela de Dise\u00f1o que no hab\u00edan tenido oportunidad de recorrer el campus Lo Contador, para tener una conversaci\u00f3n breve y dialogar respecto del futuro de la disciplina.","robots":{"index":"index","follow":"follow","max-snippet":"max-snippet:-1","max-image-preview":"max-image-preview:large","max-video-preview":"max-video-preview:-1"},"canonical":"https:\/\/fadeu.urantiacos.cl\/en\/2020\/12\/16\/autoridades-se-reunieron-con-estudiantes-de-primer-ano-de-la-escuela-de-diseno\/","og_locale":"en_US","og_type":"article","og_title":"Autoridades se reunieron con estudiantes de primer a\u00f1o de la escuela de Dise\u00f1o - Facultad de Arquitectura, Dise\u00f1o y Estudios Urbanos","og_description":"Cumpliendo con los protocolos sanitarios pertinentes y respetando los aforos definidos, el Vicerrector de Investigaci\u00f3n, Pedro Bouchon, junto al Decano Mario Ubilla y al director de la escuela de Dise\u00f1o, Rodrigo Ram\u00edrez, en conjunto con profesores y ayudantes, se reunieron con un grupo de estudiantes de primer a\u00f1o de la escuela de Dise\u00f1o que no hab\u00edan tenido oportunidad de recorrer el campus Lo Contador, para tener una conversaci\u00f3n breve y dialogar respecto del futuro de la disciplina.","og_url":"https:\/\/fadeu.urantiacos.cl\/en\/2020\/12\/16\/autoridades-se-reunieron-con-estudiantes-de-primer-ano-de-la-escuela-de-diseno\/","og_site_name":"Facultad de Arquitectura, Dise\u00f1o y Estudios Urbanos","article_published_time":"2020-12-16T18:36:00+00:00","article_modified_time":"2023-09-09T18:41:57+00:00","og_image":[{"width":350,"height":250,"url":"https:\/\/fadeu.urantiacos.cl\/wp-content\/uploads\/2023\/09\/WhatsApp_Image_2020-12-15_at_09.26.53_1_1_1.jpeg","type":"image\/jpeg"}],"author":"manadmin","twitter_card":"summary_large_image","twitter_misc":{"Written by":"manadmin","Est. reading time":"1 minute"},"schema":{"@context":"https:\/\/schema.org","@graph":[{"@type":"Article","@id":"https:\/\/fadeu.urantiacos.cl\/en\/2020\/12\/16\/autoridades-se-reunieron-con-estudiantes-de-primer-ano-de-la-escuela-de-diseno\/#article","isPartOf":{"@id":"https:\/\/fadeu.urantiacos.cl\/en\/2020\/12\/16\/autoridades-se-reunieron-con-estudiantes-de-primer-ano-de-la-escuela-de-diseno\/"},"author":{"name":"manadmin","@id":"https:\/\/fadeu.urantiacos.cl\/en\/#\/schema\/person\/d203e2e84b1c40275eac77b3061a19a2"},"headline":"Autoridades se reunieron con estudiantes de primer a\u00f1o de la escuela de Dise\u00f1o","datePublished":"2020-12-16T18:36:00+00:00","dateModified":"2023-09-09T18:41:57+00:00","mainEntityOfPage":{"@id":"https:\/\/fadeu.urantiacos.cl\/en\/2020\/12\/16\/autoridades-se-reunieron-con-estudiantes-de-primer-ano-de-la-escuela-de-diseno\/"},"wordCount":304,"commentCount":0,"image":{"@id":"https:\/\/fadeu.urantiacos.cl\/en\/2020\/12\/16\/autoridades-se-reunieron-con-estudiantes-de-primer-ano-de-la-escuela-de-diseno\/#primaryimage"},"thumbnailUrl":"https:\/\/fadeu.urantiacos.cl\/wp-content\/uploads\/2023\/09\/WhatsApp_Image_2020-12-15_at_09.26.53_1_1_1.jpeg","articleSection":["Sin categorizar"],"inLanguage":"en-US","potentialAction":[{"@type":"CommentAction","name":"Comment","target":["https:\/\/fadeu.urantiacos.cl\/en\/2020\/12\/16\/autoridades-se-reunieron-con-estudiantes-de-primer-ano-de-la-escuela-de-diseno\/#respond"]}]},{"@type":"WebPage","@id":"https:\/\/fadeu.urantiacos.cl\/en\/2020\/12\/16\/autoridades-se-reunieron-con-estudiantes-de-primer-ano-de-la-escuela-de-diseno\/","url":"https:\/\/fadeu.urantiacos.cl\/en\/2020\/12\/16\/autoridades-se-reunieron-con-estudiantes-de-primer-ano-de-la-escuela-de-diseno\/","name":"Autoridades se reunieron con estudiantes de primer a\u00f1o de la escuela de Dise\u00f1o - Facultad de Arquitectura, Dise\u00f1o y Estudios Urbanos","isPartOf":{"@id":"https:\/\/fadeu.urantiacos.cl\/en\/#website"},"primaryImageOfPage":{"@id":"https:\/\/fadeu.urantiacos.cl\/en\/2020\/12\/16\/autoridades-se-reunieron-con-estudiantes-de-primer-ano-de-la-escuela-de-diseno\/#primaryimage"},"image":{"@id":"https:\/\/fadeu.urantiacos.cl\/en\/2020\/12\/16\/autoridades-se-reunieron-con-estudiantes-de-primer-ano-de-la-escuela-de-diseno\/#primaryimage"},"thumbnailUrl":"https:\/\/fadeu.urantiacos.cl\/wp-content\/uploads\/2023\/09\/WhatsApp_Image_2020-12-15_at_09.26.53_1_1_1.jpeg","datePublished":"2020-12-16T18:36:00+00:00","dateModified":"2023-09-09T18:41:57+00:00","author":{"@id":"https:\/\/fadeu.urantiacos.cl\/en\/#\/schema\/person\/d203e2e84b1c40275eac77b3061a19a2"},"description":"Cumpliendo con los protocolos sanitarios pertinentes y respetando los aforos definidos, el Vicerrector de Investigaci\u00f3n, Pedro Bouchon, junto al Decano Mario Ubilla y al director de la escuela de Dise\u00f1o, Rodrigo Ram\u00edrez, en conjunto con profesores y ayudantes, se reunieron con un grupo de estudiantes de primer a\u00f1o de la escuela de Dise\u00f1o que no hab\u00edan tenido oportunidad de recorrer el campus Lo Contador, para tener una conversaci\u00f3n breve y dialogar respecto del futuro de la disciplina.","breadcrumb":{"@id":"https:\/\/fadeu.urantiacos.cl\/en\/2020\/12\/16\/autoridades-se-reunieron-con-estudiantes-de-primer-ano-de-la-escuela-de-diseno\/#breadcrumb"},"inLanguage":"en-US","potentialAction":[{"@type":"ReadAction","target":["https:\/\/fadeu.urantiacos.cl\/en\/2020\/12\/16\/autoridades-se-reunieron-con-estudiantes-de-primer-ano-de-la-escuela-de-diseno\/"]}]},{"@type":"ImageObject","inLanguage":"en-US","@id":"https:\/\/fadeu.urantiacos.cl\/en\/2020\/12\/16\/autoridades-se-reunieron-con-estudiantes-de-primer-ano-de-la-escuela-de-diseno\/#primaryimage","url":"https:\/\/fadeu.urantiacos.cl\/wp-content\/uploads\/2023\/09\/WhatsApp_Image_2020-12-15_at_09.26.53_1_1_1.jpeg","contentUrl":"https:\/\/fadeu.urantiacos.cl\/wp-content\/uploads\/2023\/09\/WhatsApp_Image_2020-12-15_at_09.26.53_1_1_1.jpeg","width":350,"height":250},{"@type":"BreadcrumbList","@id":"https:\/\/fadeu.urantiacos.cl\/en\/2020\/12\/16\/autoridades-se-reunieron-con-estudiantes-de-primer-ano-de-la-escuela-de-diseno\/#breadcrumb","itemListElement":[{"@type":"ListItem","position":1,"name":"Portada","item":"https:\/\/fadeu.urantiacos.cl\/en\/"},{"@type":"ListItem","position":2,"name":"Autoridades se reunieron con estudiantes de primer a\u00f1o de la escuela de Dise\u00f1o"}]},{"@type":"WebSite","@id":"https:\/\/fadeu.urantiacos.cl\/en\/#website","url":"https:\/\/fadeu.urantiacos.cl\/en\/","name":"Facultad de Arquitectura, Dise\u00f1o y Estudios Urbanos","description":"Campus Lo Contador","potentialAction":[{"@type":"SearchAction","target":{"@type":"EntryPoint","urlTemplate":"https:\/\/fadeu.urantiacos.cl\/en\/?s={search_term_string}"},"query-input":{"@type":"PropertyValueSpecification","valueRequired":true,"valueName":"search_term_string"}}],"inLanguage":"en-US"},{"@type":"Person","@id":"https:\/\/fadeu.urantiacos.cl\/en\/#\/schema\/person\/d203e2e84b1c40275eac77b3061a19a2","name":"manadmin","image":{"@type":"ImageObject","inLanguage":"en-US","@id":"https:\/\/fadeu.urantiacos.cl\/en\/#\/schema\/person\/image\/","url":"https:\/\/secure.gravatar.com\/avatar\/4b1d8e3303b4a9d8968ac578947d8bc80d9aea359f388cdd4aac15cadc0e8447?s=96&d=mm&r=g","contentUrl":"https:\/\/secure.gravatar.com\/avatar\/4b1d8e3303b4a9d8968ac578947d8bc80d9aea359f388cdd4aac15cadc0e8447?s=96&d=mm&r=g","caption":"manadmin"},"sameAs":["https:\/\/fadeu.urantiacos.cl"]}]}},"_links":{"self":[{"href":"https:\/\/fadeu.urantiacos.cl\/en\/wp-json\/wp\/v2\/posts\/7706","targetHints":{"allow":["GET"]}}],"collection":[{"href":"https:\/\/fadeu.urantiacos.cl\/en\/wp-json\/wp\/v2\/posts"}],"about":[{"href":"https:\/\/fadeu.urantiacos.cl\/en\/wp-json\/wp\/v2\/types\/post"}],"author":[{"embeddable":true,"href":"https:\/\/fadeu.urantiacos.cl\/en\/wp-json\/wp\/v2\/users\/1"}],"replies":[{"embeddable":true,"href":"https:\/\/fadeu.urantiacos.cl\/en\/wp-json\/wp\/v2\/comments?post=7706"}],"version-history":[{"count":1,"href":"https:\/\/fadeu.urantiacos.cl\/en\/wp-json\/wp\/v2\/posts\/7706\/revisions"}],"predecessor-version":[{"id":7709,"href":"https:\/\/fadeu.urantiacos.cl\/en\/wp-json\/wp\/v2\/posts\/7706\/revisions\/7709"}],"wp:featuredmedia":[{"embeddable":true,"href":"https:\/\/fadeu.urantiacos.cl\/en\/wp-json\/wp\/v2\/media\/7707"}],"wp:attachment":[{"href":"https:\/\/fadeu.urantiacos.cl\/en\/wp-json\/wp\/v2\/media?parent=7706"}],"wp:term":[{"taxonomy":"category","embeddable":true,"href":"https:\/\/fadeu.urantiacos.cl\/en\/wp-json\/wp\/v2\/categories?post=7706"},{"taxonomy":"post_tag","embeddable":true,"href":"https:\/\/fadeu.urantiacos.cl\/en\/wp-json\/wp\/v2\/tags?post=7706"}],"curies":[{"name":"wp","href":"https:\/\/api.w.org\/{rel}","templated":true}]}}