{"id":7696,"date":"2020-12-20T15:30:00","date_gmt":"2020-12-20T18:30:00","guid":{"rendered":"https:\/\/fadeu.urantiacos.cl\/?p=7696"},"modified":"2023-09-09T15:32:21","modified_gmt":"2023-09-09T18:32:21","slug":"profesores-arq-uc-entre-los-finalistas-del-concurso-para-el-parque-observatorio-cerro-calan","status":"publish","type":"post","link":"https:\/\/fadeu.urantiacos.cl\/en\/2020\/12\/20\/profesores-arq-uc-entre-los-finalistas-del-concurso-para-el-parque-observatorio-cerro-calan\/","title":{"rendered":"Profesores ARQ UC entre los finalistas del concurso para el Parque Observatorio Cerro Cal\u00e1n"},"content":{"rendered":"\n<figure class=\"wp-block-image size-full\"><img decoding=\"async\" width=\"350\" height=\"250\" src=\"https:\/\/fadeu.urantiacos.cl\/wp-content\/uploads\/2023\/09\/calan_web.jpg\" alt=\"\" class=\"wp-image-7697\" srcset=\"https:\/\/fadeu.urantiacos.cl\/wp-content\/uploads\/2023\/09\/calan_web.jpg 350w, https:\/\/fadeu.urantiacos.cl\/wp-content\/uploads\/2023\/09\/calan_web-300x214.jpg 300w\" sizes=\"(max-width: 350px) 100vw, 350px\" \/><\/figure>\n\n\n\n<p>El Parque Observatorio Cerro Cal\u00e1n en Santiago transformar\u00e1 45 hect\u00e1reas del cerro en un nuevo parque metropolitano, incluyendo el Observatorio Astron\u00f3mico Nacional en la cima. El concurso \u2014organizado por la Municipalidad de Las Condes en colaboraci\u00f3n con la Universidad de Chile y la Fundaci\u00f3n Cerros Isla\u2014 consta de dos partes: una primera fase para presentar ideas de proyecto, y una segunda en la que los finalistas desarrollar\u00e1n un masterplan en detalle junto con una imagen objetivo de sus propuestas.<\/p>\n\n\n\n<p>En este contexto, tres proyectos liderados por profesores ARQ UC fueron seleccionados por el jurado entre los cinco que pasar\u00e1n a la segunda etapa: el proyecto &#8220;Los collares del Cerro Isla&#8221;, liderado por el profesor Rodrigo P\u00e9rez de Arce; el proyecto &#8220;Paisaje en Proceso&#8221;, liderado por la profesora Nicole Rochette; y el proyecto &#8220;Cerro Cal\u00e1n, Parque Natural de la Observaci\u00f3n&#8221;, liderado por la profesora Paula Livingstone.<\/p>\n\n\n\n<p>Finalizada la segunda etapa, las propuestas ser\u00e1n presentadas nuevamente frente al jurado, quienes anunciar\u00e1n al ganador en enero de 2021.<\/p>\n\n\n\n<p>Equipos finalistas_<\/p>\n\n\n\n<p>&#8220;Los collares del cerro isla&#8221;<br>Equipo: Rodrigo P\u00e9rez de Arce, Christian Juica, Angela Mimica, Ximena Nazal Asociados.<\/p>\n\n\n\n<p>&#8220;Paisaje en proceso&#8221;<br>Equipo: Nicole Rochette (Archipi\u00e9lago), Daniel Green (Meristema Consultores), Montserrat Castro, Bego\u00f1a Uribe (EMU Arquitectos), Antonia Cabez\u00f3n y Antonia S\u00e1nchez.<\/p>\n\n\n\n<p>&#8220;Cerro Cal\u00e1n, parque natural de la observaci\u00f3n&#8221;<br>Equipo: Paula Livingstone &amp; Javiera Jadue, Lysette Mersey, Sumo, Guillermo Blanc, Gonzalo Cort\u00e9s, Bianca Morelli y Cuatro Vientos Consultores.<\/p>\n\n\n\n<p>&#8220;Monte trenzado&#8221;<br>Equipo: Boza Wilson Arquitectos, Pedraza, Temporal Arquitectos, Daniela Paz, Diego Machucha, Andr\u00e9s San Mart\u00edn y H\u00e9ctor Reyes.<\/p>\n\n\n\n<p>&#8220;Propuesta parque observatorio cerro Cal\u00e1n&#8221;<br>Equipo: Jorge Andr\u00e9s Heitmann Guarachi, Constanza Morales, Cinthya Vanlerberghe, Katherine Castillo, Alexander Von Frey, Gonzalo Valencia, Marco Ulloa, Sergio Ya\u00f1ez, Patricia Vukasovic, Mirentxu Ulloa, Fernando Rubio, Mario Camblor, Andr\u00e9s Cruz, Jos\u00e9 Miguel Barraza, Francisca Reye, Karin Bachler, Julio Carballo, Luis Villalobos.<\/p>\n\n\n\n<p>Ver las propuestas finalistas en el siguiente&nbsp;<a href=\"https:\/\/www.plataformaarquitectura.cl\/cl\/953179\/jurado-del-parque-observatorio-cerro-calan-en-santiago-presenta-las-cinco-propuestas-finalistas\" target=\"_blank\" rel=\"noreferrer noopener\">link<\/a><br>M\u00e1s informaci\u00f3n sobre el concurso en el siguiente&nbsp;<a href=\"https:\/\/www.parquecerrocalan.cl\/\" target=\"_blank\" rel=\"noreferrer noopener\">link<\/a><\/p>\n\n\n\n<p>Noticias<\/p>\n\n\n\n<p>Contacto:&nbsp;<a href=\"mailto:redesarq@uc.cl\">redesarq@uc.cl<\/a>&nbsp;| +56 2 2354 7747<br>www.arquitectura.uc.cl<\/p>\n","protected":false},"excerpt":{"rendered":"<p>Las propuestas de los acad\u00e9micos Rodrigo P\u00e9rez de Arce, Nicole Rochette y Paula Livingstone son tres de las cinco que pasar\u00e1n a la fase final del concurso.<\/p>\n","protected":false},"author":1,"featured_media":7697,"comment_status":"open","ping_status":"open","sticky":false,"template":"","format":"standard","meta":{"_acf_changed":false,"footnotes":""},"categories":[1],"tags":[],"class_list":["post-7696","post","type-post","status-publish","format-standard","has-post-thumbnail","hentry","category-sin-categorizar"],"acf":[],"yoast_head":"<!-- This site is optimized with the Yoast SEO plugin v27.1.1 - https:\/\/yoast.com\/product\/yoast-seo-wordpress\/ -->\n<title>Profesores ARQ UC entre los finalistas del concurso para el Parque Observatorio Cerro Cal\u00e1n - Facultad de Arquitectura, Dise\u00f1o y Estudios Urbanos<\/title>\n<meta name=\"description\" content=\"Las propuestas de los acad\u00e9micos Rodrigo P\u00e9rez de Arce, Nicole Rochette y Paula Livingstone son tres de las cinco que pasar\u00e1n a la fase final del concurso.\" \/>\n<meta name=\"robots\" content=\"index, follow, max-snippet:-1, max-image-preview:large, max-video-preview:-1\" \/>\n<link rel=\"canonical\" href=\"https:\/\/fadeu.urantiacos.cl\/en\/2020\/12\/20\/profesores-arq-uc-entre-los-finalistas-del-concurso-para-el-parque-observatorio-cerro-calan\/\" \/>\n<meta property=\"og:locale\" content=\"en_US\" \/>\n<meta property=\"og:type\" content=\"article\" \/>\n<meta property=\"og:title\" content=\"Profesores ARQ UC entre los finalistas del concurso para el Parque Observatorio Cerro Cal\u00e1n - Facultad de Arquitectura, Dise\u00f1o y Estudios Urbanos\" \/>\n<meta property=\"og:description\" content=\"Las propuestas de los acad\u00e9micos Rodrigo P\u00e9rez de Arce, Nicole Rochette y Paula Livingstone son tres de las cinco que pasar\u00e1n a la fase final del concurso.\" \/>\n<meta property=\"og:url\" content=\"https:\/\/fadeu.urantiacos.cl\/en\/2020\/12\/20\/profesores-arq-uc-entre-los-finalistas-del-concurso-para-el-parque-observatorio-cerro-calan\/\" \/>\n<meta property=\"og:site_name\" content=\"Facultad de Arquitectura, Dise\u00f1o y Estudios Urbanos\" \/>\n<meta property=\"article:published_time\" content=\"2020-12-20T18:30:00+00:00\" \/>\n<meta property=\"article:modified_time\" content=\"2023-09-09T18:32:21+00:00\" \/>\n<meta property=\"og:image\" content=\"https:\/\/fadeu.urantiacos.cl\/wp-content\/uploads\/2023\/09\/calan_web.jpg\" \/>\n\t<meta property=\"og:image:width\" content=\"350\" \/>\n\t<meta property=\"og:image:height\" content=\"250\" \/>\n\t<meta property=\"og:image:type\" content=\"image\/jpeg\" \/>\n<meta name=\"author\" content=\"manadmin\" \/>\n<meta name=\"twitter:card\" content=\"summary_large_image\" \/>\n<meta name=\"twitter:label1\" content=\"Written by\" \/>\n\t<meta name=\"twitter:data1\" content=\"manadmin\" \/>\n\t<meta name=\"twitter:label2\" content=\"Est. reading time\" \/>\n\t<meta name=\"twitter:data2\" content=\"2 minutes\" \/>\n<script type=\"application\/ld+json\" class=\"yoast-schema-graph\">{\"@context\":\"https:\/\/schema.org\",\"@graph\":[{\"@type\":\"Article\",\"@id\":\"https:\/\/fadeu.urantiacos.cl\/en\/2020\/12\/20\/profesores-arq-uc-entre-los-finalistas-del-concurso-para-el-parque-observatorio-cerro-calan\/#article\",\"isPartOf\":{\"@id\":\"https:\/\/fadeu.urantiacos.cl\/en\/2020\/12\/20\/profesores-arq-uc-entre-los-finalistas-del-concurso-para-el-parque-observatorio-cerro-calan\/\"},\"author\":{\"name\":\"manadmin\",\"@id\":\"https:\/\/fadeu.urantiacos.cl\/en\/#\/schema\/person\/d203e2e84b1c40275eac77b3061a19a2\"},\"headline\":\"Profesores ARQ UC entre los finalistas del concurso para el Parque Observatorio Cerro Cal\u00e1n\",\"datePublished\":\"2020-12-20T18:30:00+00:00\",\"dateModified\":\"2023-09-09T18:32:21+00:00\",\"mainEntityOfPage\":{\"@id\":\"https:\/\/fadeu.urantiacos.cl\/en\/2020\/12\/20\/profesores-arq-uc-entre-los-finalistas-del-concurso-para-el-parque-observatorio-cerro-calan\/\"},\"wordCount\":369,\"commentCount\":0,\"image\":{\"@id\":\"https:\/\/fadeu.urantiacos.cl\/en\/2020\/12\/20\/profesores-arq-uc-entre-los-finalistas-del-concurso-para-el-parque-observatorio-cerro-calan\/#primaryimage\"},\"thumbnailUrl\":\"https:\/\/fadeu.urantiacos.cl\/wp-content\/uploads\/2023\/09\/calan_web.jpg\",\"articleSection\":[\"Sin categorizar\"],\"inLanguage\":\"en-US\",\"potentialAction\":[{\"@type\":\"CommentAction\",\"name\":\"Comment\",\"target\":[\"https:\/\/fadeu.urantiacos.cl\/en\/2020\/12\/20\/profesores-arq-uc-entre-los-finalistas-del-concurso-para-el-parque-observatorio-cerro-calan\/#respond\"]}]},{\"@type\":\"WebPage\",\"@id\":\"https:\/\/fadeu.urantiacos.cl\/en\/2020\/12\/20\/profesores-arq-uc-entre-los-finalistas-del-concurso-para-el-parque-observatorio-cerro-calan\/\",\"url\":\"https:\/\/fadeu.urantiacos.cl\/en\/2020\/12\/20\/profesores-arq-uc-entre-los-finalistas-del-concurso-para-el-parque-observatorio-cerro-calan\/\",\"name\":\"Profesores ARQ UC entre los finalistas del concurso para el Parque Observatorio Cerro Cal\u00e1n - Facultad de Arquitectura, Dise\u00f1o y Estudios Urbanos\",\"isPartOf\":{\"@id\":\"https:\/\/fadeu.urantiacos.cl\/en\/#website\"},\"primaryImageOfPage\":{\"@id\":\"https:\/\/fadeu.urantiacos.cl\/en\/2020\/12\/20\/profesores-arq-uc-entre-los-finalistas-del-concurso-para-el-parque-observatorio-cerro-calan\/#primaryimage\"},\"image\":{\"@id\":\"https:\/\/fadeu.urantiacos.cl\/en\/2020\/12\/20\/profesores-arq-uc-entre-los-finalistas-del-concurso-para-el-parque-observatorio-cerro-calan\/#primaryimage\"},\"thumbnailUrl\":\"https:\/\/fadeu.urantiacos.cl\/wp-content\/uploads\/2023\/09\/calan_web.jpg\",\"datePublished\":\"2020-12-20T18:30:00+00:00\",\"dateModified\":\"2023-09-09T18:32:21+00:00\",\"author\":{\"@id\":\"https:\/\/fadeu.urantiacos.cl\/en\/#\/schema\/person\/d203e2e84b1c40275eac77b3061a19a2\"},\"description\":\"Las propuestas de los acad\u00e9micos Rodrigo P\u00e9rez de Arce, Nicole Rochette y Paula Livingstone son tres de las cinco que pasar\u00e1n a la fase final del concurso.\",\"breadcrumb\":{\"@id\":\"https:\/\/fadeu.urantiacos.cl\/en\/2020\/12\/20\/profesores-arq-uc-entre-los-finalistas-del-concurso-para-el-parque-observatorio-cerro-calan\/#breadcrumb\"},\"inLanguage\":\"en-US\",\"potentialAction\":[{\"@type\":\"ReadAction\",\"target\":[\"https:\/\/fadeu.urantiacos.cl\/en\/2020\/12\/20\/profesores-arq-uc-entre-los-finalistas-del-concurso-para-el-parque-observatorio-cerro-calan\/\"]}]},{\"@type\":\"ImageObject\",\"inLanguage\":\"en-US\",\"@id\":\"https:\/\/fadeu.urantiacos.cl\/en\/2020\/12\/20\/profesores-arq-uc-entre-los-finalistas-del-concurso-para-el-parque-observatorio-cerro-calan\/#primaryimage\",\"url\":\"https:\/\/fadeu.urantiacos.cl\/wp-content\/uploads\/2023\/09\/calan_web.jpg\",\"contentUrl\":\"https:\/\/fadeu.urantiacos.cl\/wp-content\/uploads\/2023\/09\/calan_web.jpg\",\"width\":350,\"height\":250},{\"@type\":\"BreadcrumbList\",\"@id\":\"https:\/\/fadeu.urantiacos.cl\/en\/2020\/12\/20\/profesores-arq-uc-entre-los-finalistas-del-concurso-para-el-parque-observatorio-cerro-calan\/#breadcrumb\",\"itemListElement\":[{\"@type\":\"ListItem\",\"position\":1,\"name\":\"Portada\",\"item\":\"https:\/\/fadeu.urantiacos.cl\/en\/\"},{\"@type\":\"ListItem\",\"position\":2,\"name\":\"Profesores ARQ UC entre los finalistas del concurso para el Parque Observatorio Cerro Cal\u00e1n\"}]},{\"@type\":\"WebSite\",\"@id\":\"https:\/\/fadeu.urantiacos.cl\/en\/#website\",\"url\":\"https:\/\/fadeu.urantiacos.cl\/en\/\",\"name\":\"Facultad de Arquitectura, Dise\u00f1o y Estudios Urbanos\",\"description\":\"Campus Lo Contador\",\"potentialAction\":[{\"@type\":\"SearchAction\",\"target\":{\"@type\":\"EntryPoint\",\"urlTemplate\":\"https:\/\/fadeu.urantiacos.cl\/en\/?s={search_term_string}\"},\"query-input\":{\"@type\":\"PropertyValueSpecification\",\"valueRequired\":true,\"valueName\":\"search_term_string\"}}],\"inLanguage\":\"en-US\"},{\"@type\":\"Person\",\"@id\":\"https:\/\/fadeu.urantiacos.cl\/en\/#\/schema\/person\/d203e2e84b1c40275eac77b3061a19a2\",\"name\":\"manadmin\",\"image\":{\"@type\":\"ImageObject\",\"inLanguage\":\"en-US\",\"@id\":\"https:\/\/fadeu.urantiacos.cl\/en\/#\/schema\/person\/image\/\",\"url\":\"https:\/\/secure.gravatar.com\/avatar\/4b1d8e3303b4a9d8968ac578947d8bc80d9aea359f388cdd4aac15cadc0e8447?s=96&d=mm&r=g\",\"contentUrl\":\"https:\/\/secure.gravatar.com\/avatar\/4b1d8e3303b4a9d8968ac578947d8bc80d9aea359f388cdd4aac15cadc0e8447?s=96&d=mm&r=g\",\"caption\":\"manadmin\"},\"sameAs\":[\"https:\/\/fadeu.urantiacos.cl\"]}]}<\/script>\n<!-- \/ Yoast SEO plugin. -->","yoast_head_json":{"title":"Profesores ARQ UC entre los finalistas del concurso para el Parque Observatorio Cerro Cal\u00e1n - Facultad de Arquitectura, Dise\u00f1o y Estudios Urbanos","description":"Las propuestas de los acad\u00e9micos Rodrigo P\u00e9rez de Arce, Nicole Rochette y Paula Livingstone son tres de las cinco que pasar\u00e1n a la fase final del concurso.","robots":{"index":"index","follow":"follow","max-snippet":"max-snippet:-1","max-image-preview":"max-image-preview:large","max-video-preview":"max-video-preview:-1"},"canonical":"https:\/\/fadeu.urantiacos.cl\/en\/2020\/12\/20\/profesores-arq-uc-entre-los-finalistas-del-concurso-para-el-parque-observatorio-cerro-calan\/","og_locale":"en_US","og_type":"article","og_title":"Profesores ARQ UC entre los finalistas del concurso para el Parque Observatorio Cerro Cal\u00e1n - Facultad de Arquitectura, Dise\u00f1o y Estudios Urbanos","og_description":"Las propuestas de los acad\u00e9micos Rodrigo P\u00e9rez de Arce, Nicole Rochette y Paula Livingstone son tres de las cinco que pasar\u00e1n a la fase final del concurso.","og_url":"https:\/\/fadeu.urantiacos.cl\/en\/2020\/12\/20\/profesores-arq-uc-entre-los-finalistas-del-concurso-para-el-parque-observatorio-cerro-calan\/","og_site_name":"Facultad de Arquitectura, Dise\u00f1o y Estudios Urbanos","article_published_time":"2020-12-20T18:30:00+00:00","article_modified_time":"2023-09-09T18:32:21+00:00","og_image":[{"width":350,"height":250,"url":"https:\/\/fadeu.urantiacos.cl\/wp-content\/uploads\/2023\/09\/calan_web.jpg","type":"image\/jpeg"}],"author":"manadmin","twitter_card":"summary_large_image","twitter_misc":{"Written by":"manadmin","Est. reading time":"2 minutes"},"schema":{"@context":"https:\/\/schema.org","@graph":[{"@type":"Article","@id":"https:\/\/fadeu.urantiacos.cl\/en\/2020\/12\/20\/profesores-arq-uc-entre-los-finalistas-del-concurso-para-el-parque-observatorio-cerro-calan\/#article","isPartOf":{"@id":"https:\/\/fadeu.urantiacos.cl\/en\/2020\/12\/20\/profesores-arq-uc-entre-los-finalistas-del-concurso-para-el-parque-observatorio-cerro-calan\/"},"author":{"name":"manadmin","@id":"https:\/\/fadeu.urantiacos.cl\/en\/#\/schema\/person\/d203e2e84b1c40275eac77b3061a19a2"},"headline":"Profesores ARQ UC entre los finalistas del concurso para el Parque Observatorio Cerro Cal\u00e1n","datePublished":"2020-12-20T18:30:00+00:00","dateModified":"2023-09-09T18:32:21+00:00","mainEntityOfPage":{"@id":"https:\/\/fadeu.urantiacos.cl\/en\/2020\/12\/20\/profesores-arq-uc-entre-los-finalistas-del-concurso-para-el-parque-observatorio-cerro-calan\/"},"wordCount":369,"commentCount":0,"image":{"@id":"https:\/\/fadeu.urantiacos.cl\/en\/2020\/12\/20\/profesores-arq-uc-entre-los-finalistas-del-concurso-para-el-parque-observatorio-cerro-calan\/#primaryimage"},"thumbnailUrl":"https:\/\/fadeu.urantiacos.cl\/wp-content\/uploads\/2023\/09\/calan_web.jpg","articleSection":["Sin categorizar"],"inLanguage":"en-US","potentialAction":[{"@type":"CommentAction","name":"Comment","target":["https:\/\/fadeu.urantiacos.cl\/en\/2020\/12\/20\/profesores-arq-uc-entre-los-finalistas-del-concurso-para-el-parque-observatorio-cerro-calan\/#respond"]}]},{"@type":"WebPage","@id":"https:\/\/fadeu.urantiacos.cl\/en\/2020\/12\/20\/profesores-arq-uc-entre-los-finalistas-del-concurso-para-el-parque-observatorio-cerro-calan\/","url":"https:\/\/fadeu.urantiacos.cl\/en\/2020\/12\/20\/profesores-arq-uc-entre-los-finalistas-del-concurso-para-el-parque-observatorio-cerro-calan\/","name":"Profesores ARQ UC entre los finalistas del concurso para el Parque Observatorio Cerro Cal\u00e1n - Facultad de Arquitectura, Dise\u00f1o y Estudios Urbanos","isPartOf":{"@id":"https:\/\/fadeu.urantiacos.cl\/en\/#website"},"primaryImageOfPage":{"@id":"https:\/\/fadeu.urantiacos.cl\/en\/2020\/12\/20\/profesores-arq-uc-entre-los-finalistas-del-concurso-para-el-parque-observatorio-cerro-calan\/#primaryimage"},"image":{"@id":"https:\/\/fadeu.urantiacos.cl\/en\/2020\/12\/20\/profesores-arq-uc-entre-los-finalistas-del-concurso-para-el-parque-observatorio-cerro-calan\/#primaryimage"},"thumbnailUrl":"https:\/\/fadeu.urantiacos.cl\/wp-content\/uploads\/2023\/09\/calan_web.jpg","datePublished":"2020-12-20T18:30:00+00:00","dateModified":"2023-09-09T18:32:21+00:00","author":{"@id":"https:\/\/fadeu.urantiacos.cl\/en\/#\/schema\/person\/d203e2e84b1c40275eac77b3061a19a2"},"description":"Las propuestas de los acad\u00e9micos Rodrigo P\u00e9rez de Arce, Nicole Rochette y Paula Livingstone son tres de las cinco que pasar\u00e1n a la fase final del concurso.","breadcrumb":{"@id":"https:\/\/fadeu.urantiacos.cl\/en\/2020\/12\/20\/profesores-arq-uc-entre-los-finalistas-del-concurso-para-el-parque-observatorio-cerro-calan\/#breadcrumb"},"inLanguage":"en-US","potentialAction":[{"@type":"ReadAction","target":["https:\/\/fadeu.urantiacos.cl\/en\/2020\/12\/20\/profesores-arq-uc-entre-los-finalistas-del-concurso-para-el-parque-observatorio-cerro-calan\/"]}]},{"@type":"ImageObject","inLanguage":"en-US","@id":"https:\/\/fadeu.urantiacos.cl\/en\/2020\/12\/20\/profesores-arq-uc-entre-los-finalistas-del-concurso-para-el-parque-observatorio-cerro-calan\/#primaryimage","url":"https:\/\/fadeu.urantiacos.cl\/wp-content\/uploads\/2023\/09\/calan_web.jpg","contentUrl":"https:\/\/fadeu.urantiacos.cl\/wp-content\/uploads\/2023\/09\/calan_web.jpg","width":350,"height":250},{"@type":"BreadcrumbList","@id":"https:\/\/fadeu.urantiacos.cl\/en\/2020\/12\/20\/profesores-arq-uc-entre-los-finalistas-del-concurso-para-el-parque-observatorio-cerro-calan\/#breadcrumb","itemListElement":[{"@type":"ListItem","position":1,"name":"Portada","item":"https:\/\/fadeu.urantiacos.cl\/en\/"},{"@type":"ListItem","position":2,"name":"Profesores ARQ UC entre los finalistas del concurso para el Parque Observatorio Cerro Cal\u00e1n"}]},{"@type":"WebSite","@id":"https:\/\/fadeu.urantiacos.cl\/en\/#website","url":"https:\/\/fadeu.urantiacos.cl\/en\/","name":"Facultad de Arquitectura, Dise\u00f1o y Estudios Urbanos","description":"Campus Lo Contador","potentialAction":[{"@type":"SearchAction","target":{"@type":"EntryPoint","urlTemplate":"https:\/\/fadeu.urantiacos.cl\/en\/?s={search_term_string}"},"query-input":{"@type":"PropertyValueSpecification","valueRequired":true,"valueName":"search_term_string"}}],"inLanguage":"en-US"},{"@type":"Person","@id":"https:\/\/fadeu.urantiacos.cl\/en\/#\/schema\/person\/d203e2e84b1c40275eac77b3061a19a2","name":"manadmin","image":{"@type":"ImageObject","inLanguage":"en-US","@id":"https:\/\/fadeu.urantiacos.cl\/en\/#\/schema\/person\/image\/","url":"https:\/\/secure.gravatar.com\/avatar\/4b1d8e3303b4a9d8968ac578947d8bc80d9aea359f388cdd4aac15cadc0e8447?s=96&d=mm&r=g","contentUrl":"https:\/\/secure.gravatar.com\/avatar\/4b1d8e3303b4a9d8968ac578947d8bc80d9aea359f388cdd4aac15cadc0e8447?s=96&d=mm&r=g","caption":"manadmin"},"sameAs":["https:\/\/fadeu.urantiacos.cl"]}]}},"_links":{"self":[{"href":"https:\/\/fadeu.urantiacos.cl\/en\/wp-json\/wp\/v2\/posts\/7696","targetHints":{"allow":["GET"]}}],"collection":[{"href":"https:\/\/fadeu.urantiacos.cl\/en\/wp-json\/wp\/v2\/posts"}],"about":[{"href":"https:\/\/fadeu.urantiacos.cl\/en\/wp-json\/wp\/v2\/types\/post"}],"author":[{"embeddable":true,"href":"https:\/\/fadeu.urantiacos.cl\/en\/wp-json\/wp\/v2\/users\/1"}],"replies":[{"embeddable":true,"href":"https:\/\/fadeu.urantiacos.cl\/en\/wp-json\/wp\/v2\/comments?post=7696"}],"version-history":[{"count":1,"href":"https:\/\/fadeu.urantiacos.cl\/en\/wp-json\/wp\/v2\/posts\/7696\/revisions"}],"predecessor-version":[{"id":7698,"href":"https:\/\/fadeu.urantiacos.cl\/en\/wp-json\/wp\/v2\/posts\/7696\/revisions\/7698"}],"wp:featuredmedia":[{"embeddable":true,"href":"https:\/\/fadeu.urantiacos.cl\/en\/wp-json\/wp\/v2\/media\/7697"}],"wp:attachment":[{"href":"https:\/\/fadeu.urantiacos.cl\/en\/wp-json\/wp\/v2\/media?parent=7696"}],"wp:term":[{"taxonomy":"category","embeddable":true,"href":"https:\/\/fadeu.urantiacos.cl\/en\/wp-json\/wp\/v2\/categories?post=7696"},{"taxonomy":"post_tag","embeddable":true,"href":"https:\/\/fadeu.urantiacos.cl\/en\/wp-json\/wp\/v2\/tags?post=7696"}],"curies":[{"name":"wp","href":"https:\/\/api.w.org\/{rel}","templated":true}]}}