{"id":7689,"date":"2020-12-21T15:27:00","date_gmt":"2020-12-21T18:27:00","guid":{"rendered":"https:\/\/fadeu.urantiacos.cl\/?p=7689"},"modified":"2023-10-23T14:24:00","modified_gmt":"2023-10-23T17:24:00","slug":"martin-tironi-converso-con-noortje-marres-directora-del-centre-for-interdisciplinary-methodologies","status":"publish","type":"post","link":"https:\/\/fadeu.urantiacos.cl\/en\/2020\/12\/21\/martin-tironi-converso-con-noortje-marres-directora-del-centre-for-interdisciplinary-methodologies\/","title":{"rendered":"Mart\u00edn Tironi convers\u00f3 con Noortje Marres, directora del Centre for Interdisciplinary Methodologies"},"content":{"rendered":"\n<figure class=\"wp-block-image size-full\"><img decoding=\"async\" width=\"350\" height=\"250\" src=\"https:\/\/fadeu.urantiacos.cl\/wp-content\/uploads\/2023\/09\/Captura-de-pantalla-2020-12-21-a-las-17.31.23_web.png\" alt=\"\" class=\"wp-image-7690\" srcset=\"https:\/\/fadeu.urantiacos.cl\/wp-content\/uploads\/2023\/09\/Captura-de-pantalla-2020-12-21-a-las-17.31.23_web.png 350w, https:\/\/fadeu.urantiacos.cl\/wp-content\/uploads\/2023\/09\/Captura-de-pantalla-2020-12-21-a-las-17.31.23_web-300x214.png 300w\" sizes=\"(max-width: 350px) 100vw, 350px\" \/><\/figure>\n\n\n\n<p>Tironi y Marres discutieron sobre las implicancias de la expansi\u00f3n de las pr\u00e1cticas de experimentaci\u00f3n y testeo en diferentes dominios de la sociedad.<\/p>\n\n\n\n<p>Al respecto, Tironi sostuvo que \u201chemos visto como la palabra test \u2013con todos sus protocolos, t\u00e9cnicas y valores asociados\u2013 se ha vuelto parte del vocabulario com\u00fan, ya que se han transformado en uno de los principales mecanismos de control de la pandemia. En otras palabras, la idea de test se ha convertido en una suerte de imperativo moral para las sociedades, indisociable de una narrativa cient\u00edfica o t\u00e9cnica de la vida social, donde todos los individuos est\u00e1n sometidos a pruebas (que pueden aprobar o desaprobar) y que validan su condici\u00f3n de ciudadano sano. De un d\u00eda para otro la cantidad de test que son capaces de realizar los gobiernos se transform\u00f3 en la vara para evaluar la calidad democr\u00e1tica y t\u00e9cnica de una naci\u00f3n. Las sociedades siempre est\u00e1n poniendo a prueba a sus ciudadanos (en la escuela, el trabajo, la familia, etc.) pero ahora con la crisis del Covid el acto de poner a prueba a la poblaci\u00f3n adquiri\u00f3 una dimensi\u00f3n total, de vida o muerte, de inclusi\u00f3n o exclusi\u00f3n\u201d, explic\u00f3.<\/p>\n\n\n\n<p><\/p>\n\n\n\n<figure class=\"wp-block-image size-full\"><img decoding=\"async\" width=\"555\" height=\"309\" src=\"https:\/\/fadeu.urantiacos.cl\/wp-content\/uploads\/2023\/09\/Captura-de-pantalla-2020-12-21-a-las-17.31.23.png\" alt=\"\" class=\"wp-image-7691\" srcset=\"https:\/\/fadeu.urantiacos.cl\/wp-content\/uploads\/2023\/09\/Captura-de-pantalla-2020-12-21-a-las-17.31.23.png 555w, https:\/\/fadeu.urantiacos.cl\/wp-content\/uploads\/2023\/09\/Captura-de-pantalla-2020-12-21-a-las-17.31.23-300x167.png 300w\" sizes=\"(max-width: 555px) 100vw, 555px\" \/><\/figure>\n","protected":false},"excerpt":{"rendered":"<p>Publicada en la The British Journal of Sociology y London School of Economics and Political Science, la conversaci\u00f3n sobre Covid-19, se dio en el marco del n\u00famero especial sobre la noci\u00f3n de Testing.<\/p>\n","protected":false},"author":1,"featured_media":7690,"comment_status":"open","ping_status":"open","sticky":false,"template":"","format":"standard","meta":{"_acf_changed":false,"footnotes":""},"categories":[1],"tags":[],"class_list":["post-7689","post","type-post","status-publish","format-standard","has-post-thumbnail","hentry","category-sin-categorizar"],"acf":[],"yoast_head":"<!-- This site is optimized with the Yoast SEO plugin v27.1.1 - https:\/\/yoast.com\/product\/yoast-seo-wordpress\/ -->\n<title>Mart\u00edn Tironi convers\u00f3 con Noortje Marres, directora del Centre for Interdisciplinary Methodologies - Facultad de Arquitectura, Dise\u00f1o y Estudios Urbanos<\/title>\n<meta name=\"description\" content=\"Publicada en la The British Journal of Sociology y London School of Economics and Political Science, la conversaci\u00f3n sobre Covid-19, se dio en el marco del n\u00famero especial sobre la noci\u00f3n de Testing.\" \/>\n<meta name=\"robots\" content=\"index, follow, max-snippet:-1, max-image-preview:large, max-video-preview:-1\" \/>\n<link rel=\"canonical\" href=\"https:\/\/fadeu.urantiacos.cl\/en\/2020\/12\/21\/martin-tironi-converso-con-noortje-marres-directora-del-centre-for-interdisciplinary-methodologies\/\" \/>\n<meta property=\"og:locale\" content=\"en_US\" \/>\n<meta property=\"og:type\" content=\"article\" \/>\n<meta property=\"og:title\" content=\"Mart\u00edn Tironi convers\u00f3 con Noortje Marres, directora del Centre for Interdisciplinary Methodologies - Facultad de Arquitectura, Dise\u00f1o y Estudios Urbanos\" \/>\n<meta property=\"og:description\" content=\"Publicada en la The British Journal of Sociology y London School of Economics and Political Science, la conversaci\u00f3n sobre Covid-19, se dio en el marco del n\u00famero especial sobre la noci\u00f3n de Testing.\" \/>\n<meta property=\"og:url\" content=\"https:\/\/fadeu.urantiacos.cl\/en\/2020\/12\/21\/martin-tironi-converso-con-noortje-marres-directora-del-centre-for-interdisciplinary-methodologies\/\" \/>\n<meta property=\"og:site_name\" content=\"Facultad de Arquitectura, Dise\u00f1o y Estudios Urbanos\" \/>\n<meta property=\"article:published_time\" content=\"2020-12-21T18:27:00+00:00\" \/>\n<meta property=\"article:modified_time\" content=\"2023-10-23T17:24:00+00:00\" \/>\n<meta property=\"og:image\" content=\"https:\/\/fadeu.urantiacos.cl\/wp-content\/uploads\/2023\/09\/Captura-de-pantalla-2020-12-21-a-las-17.31.23_web.png\" \/>\n\t<meta property=\"og:image:width\" content=\"350\" \/>\n\t<meta property=\"og:image:height\" content=\"250\" \/>\n\t<meta property=\"og:image:type\" content=\"image\/png\" \/>\n<meta name=\"author\" content=\"manadmin\" \/>\n<meta name=\"twitter:card\" content=\"summary_large_image\" \/>\n<meta name=\"twitter:label1\" content=\"Written by\" \/>\n\t<meta name=\"twitter:data1\" content=\"manadmin\" \/>\n\t<meta name=\"twitter:label2\" content=\"Est. reading time\" \/>\n\t<meta name=\"twitter:data2\" content=\"2 minutes\" \/>\n<script type=\"application\/ld+json\" class=\"yoast-schema-graph\">{\"@context\":\"https:\/\/schema.org\",\"@graph\":[{\"@type\":\"Article\",\"@id\":\"https:\/\/fadeu.urantiacos.cl\/en\/2020\/12\/21\/martin-tironi-converso-con-noortje-marres-directora-del-centre-for-interdisciplinary-methodologies\/#article\",\"isPartOf\":{\"@id\":\"https:\/\/fadeu.urantiacos.cl\/en\/2020\/12\/21\/martin-tironi-converso-con-noortje-marres-directora-del-centre-for-interdisciplinary-methodologies\/\"},\"author\":{\"name\":\"manadmin\",\"@id\":\"https:\/\/fadeu.urantiacos.cl\/en\/#\/schema\/person\/d203e2e84b1c40275eac77b3061a19a2\"},\"headline\":\"Mart\u00edn Tironi convers\u00f3 con Noortje Marres, directora del Centre for Interdisciplinary Methodologies\",\"datePublished\":\"2020-12-21T18:27:00+00:00\",\"dateModified\":\"2023-10-23T17:24:00+00:00\",\"mainEntityOfPage\":{\"@id\":\"https:\/\/fadeu.urantiacos.cl\/en\/2020\/12\/21\/martin-tironi-converso-con-noortje-marres-directora-del-centre-for-interdisciplinary-methodologies\/\"},\"wordCount\":225,\"commentCount\":0,\"image\":{\"@id\":\"https:\/\/fadeu.urantiacos.cl\/en\/2020\/12\/21\/martin-tironi-converso-con-noortje-marres-directora-del-centre-for-interdisciplinary-methodologies\/#primaryimage\"},\"thumbnailUrl\":\"https:\/\/fadeu.urantiacos.cl\/wp-content\/uploads\/2023\/09\/Captura-de-pantalla-2020-12-21-a-las-17.31.23_web.png\",\"articleSection\":[\"Sin categorizar\"],\"inLanguage\":\"en-US\",\"potentialAction\":[{\"@type\":\"CommentAction\",\"name\":\"Comment\",\"target\":[\"https:\/\/fadeu.urantiacos.cl\/en\/2020\/12\/21\/martin-tironi-converso-con-noortje-marres-directora-del-centre-for-interdisciplinary-methodologies\/#respond\"]}]},{\"@type\":\"WebPage\",\"@id\":\"https:\/\/fadeu.urantiacos.cl\/en\/2020\/12\/21\/martin-tironi-converso-con-noortje-marres-directora-del-centre-for-interdisciplinary-methodologies\/\",\"url\":\"https:\/\/fadeu.urantiacos.cl\/en\/2020\/12\/21\/martin-tironi-converso-con-noortje-marres-directora-del-centre-for-interdisciplinary-methodologies\/\",\"name\":\"Mart\u00edn Tironi convers\u00f3 con Noortje Marres, directora del Centre for Interdisciplinary Methodologies - Facultad de Arquitectura, Dise\u00f1o y Estudios Urbanos\",\"isPartOf\":{\"@id\":\"https:\/\/fadeu.urantiacos.cl\/en\/#website\"},\"primaryImageOfPage\":{\"@id\":\"https:\/\/fadeu.urantiacos.cl\/en\/2020\/12\/21\/martin-tironi-converso-con-noortje-marres-directora-del-centre-for-interdisciplinary-methodologies\/#primaryimage\"},\"image\":{\"@id\":\"https:\/\/fadeu.urantiacos.cl\/en\/2020\/12\/21\/martin-tironi-converso-con-noortje-marres-directora-del-centre-for-interdisciplinary-methodologies\/#primaryimage\"},\"thumbnailUrl\":\"https:\/\/fadeu.urantiacos.cl\/wp-content\/uploads\/2023\/09\/Captura-de-pantalla-2020-12-21-a-las-17.31.23_web.png\",\"datePublished\":\"2020-12-21T18:27:00+00:00\",\"dateModified\":\"2023-10-23T17:24:00+00:00\",\"author\":{\"@id\":\"https:\/\/fadeu.urantiacos.cl\/en\/#\/schema\/person\/d203e2e84b1c40275eac77b3061a19a2\"},\"description\":\"Publicada en la The British Journal of Sociology y London School of Economics and Political Science, la conversaci\u00f3n sobre Covid-19, se dio en el marco del n\u00famero especial sobre la noci\u00f3n de Testing.\",\"breadcrumb\":{\"@id\":\"https:\/\/fadeu.urantiacos.cl\/en\/2020\/12\/21\/martin-tironi-converso-con-noortje-marres-directora-del-centre-for-interdisciplinary-methodologies\/#breadcrumb\"},\"inLanguage\":\"en-US\",\"potentialAction\":[{\"@type\":\"ReadAction\",\"target\":[\"https:\/\/fadeu.urantiacos.cl\/en\/2020\/12\/21\/martin-tironi-converso-con-noortje-marres-directora-del-centre-for-interdisciplinary-methodologies\/\"]}]},{\"@type\":\"ImageObject\",\"inLanguage\":\"en-US\",\"@id\":\"https:\/\/fadeu.urantiacos.cl\/en\/2020\/12\/21\/martin-tironi-converso-con-noortje-marres-directora-del-centre-for-interdisciplinary-methodologies\/#primaryimage\",\"url\":\"https:\/\/fadeu.urantiacos.cl\/wp-content\/uploads\/2023\/09\/Captura-de-pantalla-2020-12-21-a-las-17.31.23_web.png\",\"contentUrl\":\"https:\/\/fadeu.urantiacos.cl\/wp-content\/uploads\/2023\/09\/Captura-de-pantalla-2020-12-21-a-las-17.31.23_web.png\",\"width\":350,\"height\":250},{\"@type\":\"BreadcrumbList\",\"@id\":\"https:\/\/fadeu.urantiacos.cl\/en\/2020\/12\/21\/martin-tironi-converso-con-noortje-marres-directora-del-centre-for-interdisciplinary-methodologies\/#breadcrumb\",\"itemListElement\":[{\"@type\":\"ListItem\",\"position\":1,\"name\":\"Portada\",\"item\":\"https:\/\/fadeu.urantiacos.cl\/en\/\"},{\"@type\":\"ListItem\",\"position\":2,\"name\":\"Mart\u00edn Tironi convers\u00f3 con Noortje Marres, directora del Centre for Interdisciplinary Methodologies\"}]},{\"@type\":\"WebSite\",\"@id\":\"https:\/\/fadeu.urantiacos.cl\/en\/#website\",\"url\":\"https:\/\/fadeu.urantiacos.cl\/en\/\",\"name\":\"Facultad de Arquitectura, Dise\u00f1o y Estudios Urbanos\",\"description\":\"Campus Lo Contador\",\"potentialAction\":[{\"@type\":\"SearchAction\",\"target\":{\"@type\":\"EntryPoint\",\"urlTemplate\":\"https:\/\/fadeu.urantiacos.cl\/en\/?s={search_term_string}\"},\"query-input\":{\"@type\":\"PropertyValueSpecification\",\"valueRequired\":true,\"valueName\":\"search_term_string\"}}],\"inLanguage\":\"en-US\"},{\"@type\":\"Person\",\"@id\":\"https:\/\/fadeu.urantiacos.cl\/en\/#\/schema\/person\/d203e2e84b1c40275eac77b3061a19a2\",\"name\":\"manadmin\",\"image\":{\"@type\":\"ImageObject\",\"inLanguage\":\"en-US\",\"@id\":\"https:\/\/fadeu.urantiacos.cl\/en\/#\/schema\/person\/image\/\",\"url\":\"https:\/\/secure.gravatar.com\/avatar\/4b1d8e3303b4a9d8968ac578947d8bc80d9aea359f388cdd4aac15cadc0e8447?s=96&d=mm&r=g\",\"contentUrl\":\"https:\/\/secure.gravatar.com\/avatar\/4b1d8e3303b4a9d8968ac578947d8bc80d9aea359f388cdd4aac15cadc0e8447?s=96&d=mm&r=g\",\"caption\":\"manadmin\"},\"sameAs\":[\"https:\/\/fadeu.urantiacos.cl\"]}]}<\/script>\n<!-- \/ Yoast SEO plugin. -->","yoast_head_json":{"title":"Mart\u00edn Tironi convers\u00f3 con Noortje Marres, directora del Centre for Interdisciplinary Methodologies - Facultad de Arquitectura, Dise\u00f1o y Estudios Urbanos","description":"Publicada en la The British Journal of Sociology y London School of Economics and Political Science, la conversaci\u00f3n sobre Covid-19, se dio en el marco del n\u00famero especial sobre la noci\u00f3n de Testing.","robots":{"index":"index","follow":"follow","max-snippet":"max-snippet:-1","max-image-preview":"max-image-preview:large","max-video-preview":"max-video-preview:-1"},"canonical":"https:\/\/fadeu.urantiacos.cl\/en\/2020\/12\/21\/martin-tironi-converso-con-noortje-marres-directora-del-centre-for-interdisciplinary-methodologies\/","og_locale":"en_US","og_type":"article","og_title":"Mart\u00edn Tironi convers\u00f3 con Noortje Marres, directora del Centre for Interdisciplinary Methodologies - Facultad de Arquitectura, Dise\u00f1o y Estudios Urbanos","og_description":"Publicada en la The British Journal of Sociology y London School of Economics and Political Science, la conversaci\u00f3n sobre Covid-19, se dio en el marco del n\u00famero especial sobre la noci\u00f3n de Testing.","og_url":"https:\/\/fadeu.urantiacos.cl\/en\/2020\/12\/21\/martin-tironi-converso-con-noortje-marres-directora-del-centre-for-interdisciplinary-methodologies\/","og_site_name":"Facultad de Arquitectura, Dise\u00f1o y Estudios Urbanos","article_published_time":"2020-12-21T18:27:00+00:00","article_modified_time":"2023-10-23T17:24:00+00:00","og_image":[{"width":350,"height":250,"url":"https:\/\/fadeu.urantiacos.cl\/wp-content\/uploads\/2023\/09\/Captura-de-pantalla-2020-12-21-a-las-17.31.23_web.png","type":"image\/png"}],"author":"manadmin","twitter_card":"summary_large_image","twitter_misc":{"Written by":"manadmin","Est. reading time":"2 minutes"},"schema":{"@context":"https:\/\/schema.org","@graph":[{"@type":"Article","@id":"https:\/\/fadeu.urantiacos.cl\/en\/2020\/12\/21\/martin-tironi-converso-con-noortje-marres-directora-del-centre-for-interdisciplinary-methodologies\/#article","isPartOf":{"@id":"https:\/\/fadeu.urantiacos.cl\/en\/2020\/12\/21\/martin-tironi-converso-con-noortje-marres-directora-del-centre-for-interdisciplinary-methodologies\/"},"author":{"name":"manadmin","@id":"https:\/\/fadeu.urantiacos.cl\/en\/#\/schema\/person\/d203e2e84b1c40275eac77b3061a19a2"},"headline":"Mart\u00edn Tironi convers\u00f3 con Noortje Marres, directora del Centre for Interdisciplinary Methodologies","datePublished":"2020-12-21T18:27:00+00:00","dateModified":"2023-10-23T17:24:00+00:00","mainEntityOfPage":{"@id":"https:\/\/fadeu.urantiacos.cl\/en\/2020\/12\/21\/martin-tironi-converso-con-noortje-marres-directora-del-centre-for-interdisciplinary-methodologies\/"},"wordCount":225,"commentCount":0,"image":{"@id":"https:\/\/fadeu.urantiacos.cl\/en\/2020\/12\/21\/martin-tironi-converso-con-noortje-marres-directora-del-centre-for-interdisciplinary-methodologies\/#primaryimage"},"thumbnailUrl":"https:\/\/fadeu.urantiacos.cl\/wp-content\/uploads\/2023\/09\/Captura-de-pantalla-2020-12-21-a-las-17.31.23_web.png","articleSection":["Sin categorizar"],"inLanguage":"en-US","potentialAction":[{"@type":"CommentAction","name":"Comment","target":["https:\/\/fadeu.urantiacos.cl\/en\/2020\/12\/21\/martin-tironi-converso-con-noortje-marres-directora-del-centre-for-interdisciplinary-methodologies\/#respond"]}]},{"@type":"WebPage","@id":"https:\/\/fadeu.urantiacos.cl\/en\/2020\/12\/21\/martin-tironi-converso-con-noortje-marres-directora-del-centre-for-interdisciplinary-methodologies\/","url":"https:\/\/fadeu.urantiacos.cl\/en\/2020\/12\/21\/martin-tironi-converso-con-noortje-marres-directora-del-centre-for-interdisciplinary-methodologies\/","name":"Mart\u00edn Tironi convers\u00f3 con Noortje Marres, directora del Centre for Interdisciplinary Methodologies - Facultad de Arquitectura, Dise\u00f1o y Estudios Urbanos","isPartOf":{"@id":"https:\/\/fadeu.urantiacos.cl\/en\/#website"},"primaryImageOfPage":{"@id":"https:\/\/fadeu.urantiacos.cl\/en\/2020\/12\/21\/martin-tironi-converso-con-noortje-marres-directora-del-centre-for-interdisciplinary-methodologies\/#primaryimage"},"image":{"@id":"https:\/\/fadeu.urantiacos.cl\/en\/2020\/12\/21\/martin-tironi-converso-con-noortje-marres-directora-del-centre-for-interdisciplinary-methodologies\/#primaryimage"},"thumbnailUrl":"https:\/\/fadeu.urantiacos.cl\/wp-content\/uploads\/2023\/09\/Captura-de-pantalla-2020-12-21-a-las-17.31.23_web.png","datePublished":"2020-12-21T18:27:00+00:00","dateModified":"2023-10-23T17:24:00+00:00","author":{"@id":"https:\/\/fadeu.urantiacos.cl\/en\/#\/schema\/person\/d203e2e84b1c40275eac77b3061a19a2"},"description":"Publicada en la The British Journal of Sociology y London School of Economics and Political Science, la conversaci\u00f3n sobre Covid-19, se dio en el marco del n\u00famero especial sobre la noci\u00f3n de Testing.","breadcrumb":{"@id":"https:\/\/fadeu.urantiacos.cl\/en\/2020\/12\/21\/martin-tironi-converso-con-noortje-marres-directora-del-centre-for-interdisciplinary-methodologies\/#breadcrumb"},"inLanguage":"en-US","potentialAction":[{"@type":"ReadAction","target":["https:\/\/fadeu.urantiacos.cl\/en\/2020\/12\/21\/martin-tironi-converso-con-noortje-marres-directora-del-centre-for-interdisciplinary-methodologies\/"]}]},{"@type":"ImageObject","inLanguage":"en-US","@id":"https:\/\/fadeu.urantiacos.cl\/en\/2020\/12\/21\/martin-tironi-converso-con-noortje-marres-directora-del-centre-for-interdisciplinary-methodologies\/#primaryimage","url":"https:\/\/fadeu.urantiacos.cl\/wp-content\/uploads\/2023\/09\/Captura-de-pantalla-2020-12-21-a-las-17.31.23_web.png","contentUrl":"https:\/\/fadeu.urantiacos.cl\/wp-content\/uploads\/2023\/09\/Captura-de-pantalla-2020-12-21-a-las-17.31.23_web.png","width":350,"height":250},{"@type":"BreadcrumbList","@id":"https:\/\/fadeu.urantiacos.cl\/en\/2020\/12\/21\/martin-tironi-converso-con-noortje-marres-directora-del-centre-for-interdisciplinary-methodologies\/#breadcrumb","itemListElement":[{"@type":"ListItem","position":1,"name":"Portada","item":"https:\/\/fadeu.urantiacos.cl\/en\/"},{"@type":"ListItem","position":2,"name":"Mart\u00edn Tironi convers\u00f3 con Noortje Marres, directora del Centre for Interdisciplinary Methodologies"}]},{"@type":"WebSite","@id":"https:\/\/fadeu.urantiacos.cl\/en\/#website","url":"https:\/\/fadeu.urantiacos.cl\/en\/","name":"Facultad de Arquitectura, Dise\u00f1o y Estudios Urbanos","description":"Campus Lo Contador","potentialAction":[{"@type":"SearchAction","target":{"@type":"EntryPoint","urlTemplate":"https:\/\/fadeu.urantiacos.cl\/en\/?s={search_term_string}"},"query-input":{"@type":"PropertyValueSpecification","valueRequired":true,"valueName":"search_term_string"}}],"inLanguage":"en-US"},{"@type":"Person","@id":"https:\/\/fadeu.urantiacos.cl\/en\/#\/schema\/person\/d203e2e84b1c40275eac77b3061a19a2","name":"manadmin","image":{"@type":"ImageObject","inLanguage":"en-US","@id":"https:\/\/fadeu.urantiacos.cl\/en\/#\/schema\/person\/image\/","url":"https:\/\/secure.gravatar.com\/avatar\/4b1d8e3303b4a9d8968ac578947d8bc80d9aea359f388cdd4aac15cadc0e8447?s=96&d=mm&r=g","contentUrl":"https:\/\/secure.gravatar.com\/avatar\/4b1d8e3303b4a9d8968ac578947d8bc80d9aea359f388cdd4aac15cadc0e8447?s=96&d=mm&r=g","caption":"manadmin"},"sameAs":["https:\/\/fadeu.urantiacos.cl"]}]}},"_links":{"self":[{"href":"https:\/\/fadeu.urantiacos.cl\/en\/wp-json\/wp\/v2\/posts\/7689","targetHints":{"allow":["GET"]}}],"collection":[{"href":"https:\/\/fadeu.urantiacos.cl\/en\/wp-json\/wp\/v2\/posts"}],"about":[{"href":"https:\/\/fadeu.urantiacos.cl\/en\/wp-json\/wp\/v2\/types\/post"}],"author":[{"embeddable":true,"href":"https:\/\/fadeu.urantiacos.cl\/en\/wp-json\/wp\/v2\/users\/1"}],"replies":[{"embeddable":true,"href":"https:\/\/fadeu.urantiacos.cl\/en\/wp-json\/wp\/v2\/comments?post=7689"}],"version-history":[{"count":2,"href":"https:\/\/fadeu.urantiacos.cl\/en\/wp-json\/wp\/v2\/posts\/7689\/revisions"}],"predecessor-version":[{"id":17471,"href":"https:\/\/fadeu.urantiacos.cl\/en\/wp-json\/wp\/v2\/posts\/7689\/revisions\/17471"}],"wp:featuredmedia":[{"embeddable":true,"href":"https:\/\/fadeu.urantiacos.cl\/en\/wp-json\/wp\/v2\/media\/7690"}],"wp:attachment":[{"href":"https:\/\/fadeu.urantiacos.cl\/en\/wp-json\/wp\/v2\/media?parent=7689"}],"wp:term":[{"taxonomy":"category","embeddable":true,"href":"https:\/\/fadeu.urantiacos.cl\/en\/wp-json\/wp\/v2\/categories?post=7689"},{"taxonomy":"post_tag","embeddable":true,"href":"https:\/\/fadeu.urantiacos.cl\/en\/wp-json\/wp\/v2\/tags?post=7689"}],"curies":[{"name":"wp","href":"https:\/\/api.w.org\/{rel}","templated":true}]}}