{"id":7672,"date":"2020-12-23T15:08:00","date_gmt":"2020-12-23T18:08:00","guid":{"rendered":"https:\/\/fadeu.urantiacos.cl\/?p=7672"},"modified":"2023-09-09T15:21:50","modified_gmt":"2023-09-09T18:21:50","slug":"estudiantes-arq-uc-de-primer-ano-visitan-lo-contador-acompanados-de-autoridades-y-sus-profesores","status":"publish","type":"post","link":"https:\/\/fadeu.urantiacos.cl\/en\/2020\/12\/23\/estudiantes-arq-uc-de-primer-ano-visitan-lo-contador-acompanados-de-autoridades-y-sus-profesores\/","title":{"rendered":"Estudiantes ARQ UC de primer a\u00f1o visitan Lo Contador acompa\u00f1ados de autoridades y sus profesores"},"content":{"rendered":"\n<figure class=\"wp-block-image size-full\"><img decoding=\"async\" width=\"350\" height=\"250\" src=\"https:\/\/fadeu.urantiacos.cl\/wp-content\/uploads\/2023\/09\/201221-22_Recepcion_novatos_2020_08_WEB.jpg\" alt=\"\" class=\"wp-image-7673\" srcset=\"https:\/\/fadeu.urantiacos.cl\/wp-content\/uploads\/2023\/09\/201221-22_Recepcion_novatos_2020_08_WEB.jpg 350w, https:\/\/fadeu.urantiacos.cl\/wp-content\/uploads\/2023\/09\/201221-22_Recepcion_novatos_2020_08_WEB-300x214.jpg 300w\" sizes=\"(max-width: 350px) 100vw, 350px\" \/><\/figure>\n\n\n\n<p>En grupos peque\u00f1os y siguiendo los protocolos sanitarios y aforos definidos por las autoridades nacionales y de la universidad, la Escuela de Arquitectura UC realiz\u00f3 seis encuentros y visitas al campus con los estudiantes de primer y segundo semestre.<\/p>\n\n\n\n<p>En cada una de estas instancias, los estudiantes fueron recibidos por autoridades universitarias, profesores de primer y segundo a\u00f1o, y algunos profesores de tercer semestre, adem\u00e1s de los miembros del Centro de Estudiantes de Arquitectura (CEARQ). Esto, con el fin de conocer en persona a parte de los profesores con quienes compartieron y cerraron exitosamente el semestre y a\u00f1o online, pero tambi\u00e9n a algunos de los profesores que tendr\u00e1n el pr\u00f3ximo semestre. Esta actividad tambi\u00e9n permiti\u00f3 reforzar sus v\u00ednculos con los representantes del CEARQ y la vida universitaria.<\/p>\n\n\n\n<p>Para muchos de los estudiantes de primer a\u00f1o, \u00e9sta no s\u00f3lo era su primera visita al Campus Lo Contador, sino sobre todo su primera reuni\u00f3n presencial con compa\u00f1eros en su escuela.<\/p>\n\n\n\n<p>\u201cEstamos sumamente contentos de tenerlos compartiendo el espacio de la Escuela y, mientras las condiciones lo permitan, esperamos multiplicar estas las actividades presenciales y controladas en el campus durante el pr\u00f3ximo semestre\u201d, manifest\u00f3 el director ARQ UC Luis Eduardo Bresciani, quien adem\u00e1s aprovech\u00f3 la instancia para felicitarlos nuevamente por los excelentes resultados docentes obtenidos en sus cursos en un contexto en que, a las exigencias acad\u00e9micas, se le sumaron el desgaste y tensi\u00f3n de la crisis sanitaria y el encierro.<\/p>\n\n\n\n<p>Los distintos encuentros y recorridos por el campus se realizaron durante el lunes 21 y el martes 22 de diciembre de 2020, iniciando cada jornada con un saludo del decano FADEU Mario Ubilla, seguido por las palabras del director ARQ UC Luis Eduardo Bresciani y de los miembros del CEARQ. Por otro lado, los recorridos por el campus \u2014guiados por los profesores\u2014 se transformaron en una oportunidad para conversar, en grupos a\u00fan m\u00e1s reducidos, en torno a la academia, la profesi\u00f3n y la disciplina de la arquitectura a la cual han ingresado.<\/p>\n\n\n\n<p>Sumando todas las visitas, participaron de la actividad alrededor de 100 estudiantes de primer a\u00f1o.<\/p>\n\n\n\n<figure class=\"wp-block-image size-large\"><img decoding=\"async\" width=\"1024\" height=\"768\" src=\"https:\/\/fadeu.urantiacos.cl\/wp-content\/uploads\/2023\/09\/201221-22_Recepcion_novatos_2020_02-1024x768.jpeg\" alt=\"\" class=\"wp-image-7674\" srcset=\"https:\/\/fadeu.urantiacos.cl\/wp-content\/uploads\/2023\/09\/201221-22_Recepcion_novatos_2020_02-1024x768.jpeg 1024w, https:\/\/fadeu.urantiacos.cl\/wp-content\/uploads\/2023\/09\/201221-22_Recepcion_novatos_2020_02-300x225.jpeg 300w, https:\/\/fadeu.urantiacos.cl\/wp-content\/uploads\/2023\/09\/201221-22_Recepcion_novatos_2020_02-768x576.jpeg 768w, https:\/\/fadeu.urantiacos.cl\/wp-content\/uploads\/2023\/09\/201221-22_Recepcion_novatos_2020_02-1536x1152.jpeg 1536w, https:\/\/fadeu.urantiacos.cl\/wp-content\/uploads\/2023\/09\/201221-22_Recepcion_novatos_2020_02-2048x1536.jpeg 2048w, https:\/\/fadeu.urantiacos.cl\/wp-content\/uploads\/2023\/09\/201221-22_Recepcion_novatos_2020_02-scaled.jpeg 1600w\" sizes=\"(max-width: 1024px) 100vw, 1024px\" \/><\/figure>\n\n\n\n<figure class=\"wp-block-image size-large\"><img decoding=\"async\" width=\"1024\" height=\"768\" src=\"https:\/\/fadeu.urantiacos.cl\/wp-content\/uploads\/2023\/09\/201221-22_Recepcion_novatos_2020_06-1024x768.jpeg\" alt=\"\" class=\"wp-image-7675\" srcset=\"https:\/\/fadeu.urantiacos.cl\/wp-content\/uploads\/2023\/09\/201221-22_Recepcion_novatos_2020_06-1024x768.jpeg 1024w, https:\/\/fadeu.urantiacos.cl\/wp-content\/uploads\/2023\/09\/201221-22_Recepcion_novatos_2020_06-300x225.jpeg 300w, https:\/\/fadeu.urantiacos.cl\/wp-content\/uploads\/2023\/09\/201221-22_Recepcion_novatos_2020_06-768x576.jpeg 768w, https:\/\/fadeu.urantiacos.cl\/wp-content\/uploads\/2023\/09\/201221-22_Recepcion_novatos_2020_06-1536x1152.jpeg 1536w, https:\/\/fadeu.urantiacos.cl\/wp-content\/uploads\/2023\/09\/201221-22_Recepcion_novatos_2020_06-2048x1536.jpeg 2048w, https:\/\/fadeu.urantiacos.cl\/wp-content\/uploads\/2023\/09\/201221-22_Recepcion_novatos_2020_06-scaled.jpeg 1600w\" sizes=\"(max-width: 1024px) 100vw, 1024px\" \/><\/figure>\n\n\n\n<figure class=\"wp-block-image size-large\"><img decoding=\"async\" width=\"1024\" height=\"768\" src=\"https:\/\/fadeu.urantiacos.cl\/wp-content\/uploads\/2023\/09\/201221-22_Recepcion_novatos_2020_05-1024x768.jpeg\" alt=\"\" class=\"wp-image-7676\" srcset=\"https:\/\/fadeu.urantiacos.cl\/wp-content\/uploads\/2023\/09\/201221-22_Recepcion_novatos_2020_05-1024x768.jpeg 1024w, https:\/\/fadeu.urantiacos.cl\/wp-content\/uploads\/2023\/09\/201221-22_Recepcion_novatos_2020_05-300x225.jpeg 300w, https:\/\/fadeu.urantiacos.cl\/wp-content\/uploads\/2023\/09\/201221-22_Recepcion_novatos_2020_05-768x576.jpeg 768w, https:\/\/fadeu.urantiacos.cl\/wp-content\/uploads\/2023\/09\/201221-22_Recepcion_novatos_2020_05-1536x1152.jpeg 1536w, https:\/\/fadeu.urantiacos.cl\/wp-content\/uploads\/2023\/09\/201221-22_Recepcion_novatos_2020_05-2048x1536.jpeg 2048w, https:\/\/fadeu.urantiacos.cl\/wp-content\/uploads\/2023\/09\/201221-22_Recepcion_novatos_2020_05-scaled.jpeg 1600w\" sizes=\"(max-width: 1024px) 100vw, 1024px\" \/><\/figure>\n\n\n\n<figure class=\"wp-block-image size-large\"><img decoding=\"async\" width=\"1024\" height=\"768\" src=\"https:\/\/fadeu.urantiacos.cl\/wp-content\/uploads\/2023\/09\/201221-22_Recepcion_novatos_2020_07-1024x768.jpeg\" alt=\"\" class=\"wp-image-7677\" srcset=\"https:\/\/fadeu.urantiacos.cl\/wp-content\/uploads\/2023\/09\/201221-22_Recepcion_novatos_2020_07-1024x768.jpeg 1024w, https:\/\/fadeu.urantiacos.cl\/wp-content\/uploads\/2023\/09\/201221-22_Recepcion_novatos_2020_07-300x225.jpeg 300w, https:\/\/fadeu.urantiacos.cl\/wp-content\/uploads\/2023\/09\/201221-22_Recepcion_novatos_2020_07-768x576.jpeg 768w, https:\/\/fadeu.urantiacos.cl\/wp-content\/uploads\/2023\/09\/201221-22_Recepcion_novatos_2020_07-1536x1152.jpeg 1536w, https:\/\/fadeu.urantiacos.cl\/wp-content\/uploads\/2023\/09\/201221-22_Recepcion_novatos_2020_07-2048x1536.jpeg 2048w, https:\/\/fadeu.urantiacos.cl\/wp-content\/uploads\/2023\/09\/201221-22_Recepcion_novatos_2020_07-scaled.jpeg 1600w\" sizes=\"(max-width: 1024px) 100vw, 1024px\" \/><\/figure>\n\n\n\n<figure class=\"wp-block-image size-large\"><img decoding=\"async\" width=\"1024\" height=\"768\" src=\"https:\/\/fadeu.urantiacos.cl\/wp-content\/uploads\/2023\/09\/201221-22_Recepcion_novatos_2020_08-1024x768.jpeg\" alt=\"\" class=\"wp-image-7678\" srcset=\"https:\/\/fadeu.urantiacos.cl\/wp-content\/uploads\/2023\/09\/201221-22_Recepcion_novatos_2020_08-1024x768.jpeg 1024w, https:\/\/fadeu.urantiacos.cl\/wp-content\/uploads\/2023\/09\/201221-22_Recepcion_novatos_2020_08-300x225.jpeg 300w, https:\/\/fadeu.urantiacos.cl\/wp-content\/uploads\/2023\/09\/201221-22_Recepcion_novatos_2020_08-768x576.jpeg 768w, https:\/\/fadeu.urantiacos.cl\/wp-content\/uploads\/2023\/09\/201221-22_Recepcion_novatos_2020_08-1536x1152.jpeg 1536w, https:\/\/fadeu.urantiacos.cl\/wp-content\/uploads\/2023\/09\/201221-22_Recepcion_novatos_2020_08-2048x1536.jpeg 2048w, https:\/\/fadeu.urantiacos.cl\/wp-content\/uploads\/2023\/09\/201221-22_Recepcion_novatos_2020_08-scaled.jpeg 1600w\" sizes=\"(max-width: 1024px) 100vw, 1024px\" \/><\/figure>\n\n\n\n<p>Noticias<\/p>\n\n\n\n<p>Contacto:&nbsp;<a href=\"mailto:redesarq@uc.cl\">redesarq@uc.cl<\/a>&nbsp;| +56 2 2354 7747<br>www.arquitectura.uc.cl<\/p>\n","protected":false},"excerpt":{"rendered":"<p>Alejados del campus durante todo el a\u00f1o por la pandemia y las restricciones sanitarias, los estudiantes ARQ UC que ingresaron en marzo y agosto de 2020 tuvieron la oportunidad de encontrarse con sus compa\u00f1eros y profesores, visitando la escuela y el campus.<\/p>\n","protected":false},"author":1,"featured_media":7673,"comment_status":"open","ping_status":"open","sticky":false,"template":"","format":"standard","meta":{"_acf_changed":false,"footnotes":""},"categories":[1],"tags":[],"class_list":["post-7672","post","type-post","status-publish","format-standard","has-post-thumbnail","hentry","category-sin-categorizar"],"acf":[],"yoast_head":"<!-- This site is optimized with the Yoast SEO plugin v27.1.1 - https:\/\/yoast.com\/product\/yoast-seo-wordpress\/ -->\n<title>Estudiantes ARQ UC de primer a\u00f1o visitan Lo Contador acompa\u00f1ados de autoridades y sus profesores - Facultad de Arquitectura, Dise\u00f1o y Estudios Urbanos<\/title>\n<meta name=\"description\" content=\"Alejados del campus durante todo el a\u00f1o por la pandemia y las restricciones sanitarias, los estudiantes ARQ UC que ingresaron en marzo y agosto de 2020 tuvieron la oportunidad de encontrarse con sus compa\u00f1eros y profesores, visitando la escuela y el campus.\" \/>\n<meta name=\"robots\" content=\"index, follow, max-snippet:-1, max-image-preview:large, max-video-preview:-1\" \/>\n<link rel=\"canonical\" href=\"https:\/\/fadeu.urantiacos.cl\/en\/2020\/12\/23\/estudiantes-arq-uc-de-primer-ano-visitan-lo-contador-acompanados-de-autoridades-y-sus-profesores\/\" \/>\n<meta property=\"og:locale\" content=\"en_US\" \/>\n<meta property=\"og:type\" content=\"article\" \/>\n<meta property=\"og:title\" content=\"Estudiantes ARQ UC de primer a\u00f1o visitan Lo Contador acompa\u00f1ados de autoridades y sus profesores - Facultad de Arquitectura, Dise\u00f1o y Estudios Urbanos\" \/>\n<meta property=\"og:description\" content=\"Alejados del campus durante todo el a\u00f1o por la pandemia y las restricciones sanitarias, los estudiantes ARQ UC que ingresaron en marzo y agosto de 2020 tuvieron la oportunidad de encontrarse con sus compa\u00f1eros y profesores, visitando la escuela y el campus.\" \/>\n<meta property=\"og:url\" content=\"https:\/\/fadeu.urantiacos.cl\/en\/2020\/12\/23\/estudiantes-arq-uc-de-primer-ano-visitan-lo-contador-acompanados-de-autoridades-y-sus-profesores\/\" \/>\n<meta property=\"og:site_name\" content=\"Facultad de Arquitectura, Dise\u00f1o y Estudios Urbanos\" \/>\n<meta property=\"article:published_time\" content=\"2020-12-23T18:08:00+00:00\" \/>\n<meta property=\"article:modified_time\" content=\"2023-09-09T18:21:50+00:00\" \/>\n<meta property=\"og:image\" content=\"https:\/\/fadeu.urantiacos.cl\/wp-content\/uploads\/2023\/09\/201221-22_Recepcion_novatos_2020_08_WEB.jpg\" \/>\n\t<meta property=\"og:image:width\" content=\"350\" \/>\n\t<meta property=\"og:image:height\" content=\"250\" \/>\n\t<meta property=\"og:image:type\" content=\"image\/jpeg\" \/>\n<meta name=\"author\" content=\"manadmin\" \/>\n<meta name=\"twitter:card\" content=\"summary_large_image\" \/>\n<meta name=\"twitter:label1\" content=\"Written by\" \/>\n\t<meta name=\"twitter:data1\" content=\"manadmin\" \/>\n\t<meta name=\"twitter:label2\" content=\"Est. reading time\" \/>\n\t<meta name=\"twitter:data2\" content=\"2 minutes\" \/>\n<script type=\"application\/ld+json\" class=\"yoast-schema-graph\">{\"@context\":\"https:\/\/schema.org\",\"@graph\":[{\"@type\":\"Article\",\"@id\":\"https:\/\/fadeu.urantiacos.cl\/en\/2020\/12\/23\/estudiantes-arq-uc-de-primer-ano-visitan-lo-contador-acompanados-de-autoridades-y-sus-profesores\/#article\",\"isPartOf\":{\"@id\":\"https:\/\/fadeu.urantiacos.cl\/en\/2020\/12\/23\/estudiantes-arq-uc-de-primer-ano-visitan-lo-contador-acompanados-de-autoridades-y-sus-profesores\/\"},\"author\":{\"name\":\"manadmin\",\"@id\":\"https:\/\/fadeu.urantiacos.cl\/en\/#\/schema\/person\/d203e2e84b1c40275eac77b3061a19a2\"},\"headline\":\"Estudiantes ARQ UC de primer a\u00f1o visitan Lo Contador acompa\u00f1ados de autoridades y sus profesores\",\"datePublished\":\"2020-12-23T18:08:00+00:00\",\"dateModified\":\"2023-09-09T18:21:50+00:00\",\"mainEntityOfPage\":{\"@id\":\"https:\/\/fadeu.urantiacos.cl\/en\/2020\/12\/23\/estudiantes-arq-uc-de-primer-ano-visitan-lo-contador-acompanados-de-autoridades-y-sus-profesores\/\"},\"wordCount\":390,\"commentCount\":0,\"image\":{\"@id\":\"https:\/\/fadeu.urantiacos.cl\/en\/2020\/12\/23\/estudiantes-arq-uc-de-primer-ano-visitan-lo-contador-acompanados-de-autoridades-y-sus-profesores\/#primaryimage\"},\"thumbnailUrl\":\"https:\/\/fadeu.urantiacos.cl\/wp-content\/uploads\/2023\/09\/201221-22_Recepcion_novatos_2020_08_WEB.jpg\",\"articleSection\":[\"Sin categorizar\"],\"inLanguage\":\"en-US\",\"potentialAction\":[{\"@type\":\"CommentAction\",\"name\":\"Comment\",\"target\":[\"https:\/\/fadeu.urantiacos.cl\/en\/2020\/12\/23\/estudiantes-arq-uc-de-primer-ano-visitan-lo-contador-acompanados-de-autoridades-y-sus-profesores\/#respond\"]}]},{\"@type\":\"WebPage\",\"@id\":\"https:\/\/fadeu.urantiacos.cl\/en\/2020\/12\/23\/estudiantes-arq-uc-de-primer-ano-visitan-lo-contador-acompanados-de-autoridades-y-sus-profesores\/\",\"url\":\"https:\/\/fadeu.urantiacos.cl\/en\/2020\/12\/23\/estudiantes-arq-uc-de-primer-ano-visitan-lo-contador-acompanados-de-autoridades-y-sus-profesores\/\",\"name\":\"Estudiantes ARQ UC de primer a\u00f1o visitan Lo Contador acompa\u00f1ados de autoridades y sus profesores - Facultad de Arquitectura, Dise\u00f1o y Estudios Urbanos\",\"isPartOf\":{\"@id\":\"https:\/\/fadeu.urantiacos.cl\/en\/#website\"},\"primaryImageOfPage\":{\"@id\":\"https:\/\/fadeu.urantiacos.cl\/en\/2020\/12\/23\/estudiantes-arq-uc-de-primer-ano-visitan-lo-contador-acompanados-de-autoridades-y-sus-profesores\/#primaryimage\"},\"image\":{\"@id\":\"https:\/\/fadeu.urantiacos.cl\/en\/2020\/12\/23\/estudiantes-arq-uc-de-primer-ano-visitan-lo-contador-acompanados-de-autoridades-y-sus-profesores\/#primaryimage\"},\"thumbnailUrl\":\"https:\/\/fadeu.urantiacos.cl\/wp-content\/uploads\/2023\/09\/201221-22_Recepcion_novatos_2020_08_WEB.jpg\",\"datePublished\":\"2020-12-23T18:08:00+00:00\",\"dateModified\":\"2023-09-09T18:21:50+00:00\",\"author\":{\"@id\":\"https:\/\/fadeu.urantiacos.cl\/en\/#\/schema\/person\/d203e2e84b1c40275eac77b3061a19a2\"},\"description\":\"Alejados del campus durante todo el a\u00f1o por la pandemia y las restricciones sanitarias, los estudiantes ARQ UC que ingresaron en marzo y agosto de 2020 tuvieron la oportunidad de encontrarse con sus compa\u00f1eros y profesores, visitando la escuela y el campus.\",\"breadcrumb\":{\"@id\":\"https:\/\/fadeu.urantiacos.cl\/en\/2020\/12\/23\/estudiantes-arq-uc-de-primer-ano-visitan-lo-contador-acompanados-de-autoridades-y-sus-profesores\/#breadcrumb\"},\"inLanguage\":\"en-US\",\"potentialAction\":[{\"@type\":\"ReadAction\",\"target\":[\"https:\/\/fadeu.urantiacos.cl\/en\/2020\/12\/23\/estudiantes-arq-uc-de-primer-ano-visitan-lo-contador-acompanados-de-autoridades-y-sus-profesores\/\"]}]},{\"@type\":\"ImageObject\",\"inLanguage\":\"en-US\",\"@id\":\"https:\/\/fadeu.urantiacos.cl\/en\/2020\/12\/23\/estudiantes-arq-uc-de-primer-ano-visitan-lo-contador-acompanados-de-autoridades-y-sus-profesores\/#primaryimage\",\"url\":\"https:\/\/fadeu.urantiacos.cl\/wp-content\/uploads\/2023\/09\/201221-22_Recepcion_novatos_2020_08_WEB.jpg\",\"contentUrl\":\"https:\/\/fadeu.urantiacos.cl\/wp-content\/uploads\/2023\/09\/201221-22_Recepcion_novatos_2020_08_WEB.jpg\",\"width\":350,\"height\":250},{\"@type\":\"BreadcrumbList\",\"@id\":\"https:\/\/fadeu.urantiacos.cl\/en\/2020\/12\/23\/estudiantes-arq-uc-de-primer-ano-visitan-lo-contador-acompanados-de-autoridades-y-sus-profesores\/#breadcrumb\",\"itemListElement\":[{\"@type\":\"ListItem\",\"position\":1,\"name\":\"Portada\",\"item\":\"https:\/\/fadeu.urantiacos.cl\/en\/\"},{\"@type\":\"ListItem\",\"position\":2,\"name\":\"Estudiantes ARQ UC de primer a\u00f1o visitan Lo Contador acompa\u00f1ados de autoridades y sus profesores\"}]},{\"@type\":\"WebSite\",\"@id\":\"https:\/\/fadeu.urantiacos.cl\/en\/#website\",\"url\":\"https:\/\/fadeu.urantiacos.cl\/en\/\",\"name\":\"Facultad de Arquitectura, Dise\u00f1o y Estudios Urbanos\",\"description\":\"Campus Lo Contador\",\"potentialAction\":[{\"@type\":\"SearchAction\",\"target\":{\"@type\":\"EntryPoint\",\"urlTemplate\":\"https:\/\/fadeu.urantiacos.cl\/en\/?s={search_term_string}\"},\"query-input\":{\"@type\":\"PropertyValueSpecification\",\"valueRequired\":true,\"valueName\":\"search_term_string\"}}],\"inLanguage\":\"en-US\"},{\"@type\":\"Person\",\"@id\":\"https:\/\/fadeu.urantiacos.cl\/en\/#\/schema\/person\/d203e2e84b1c40275eac77b3061a19a2\",\"name\":\"manadmin\",\"image\":{\"@type\":\"ImageObject\",\"inLanguage\":\"en-US\",\"@id\":\"https:\/\/fadeu.urantiacos.cl\/en\/#\/schema\/person\/image\/\",\"url\":\"https:\/\/secure.gravatar.com\/avatar\/4b1d8e3303b4a9d8968ac578947d8bc80d9aea359f388cdd4aac15cadc0e8447?s=96&d=mm&r=g\",\"contentUrl\":\"https:\/\/secure.gravatar.com\/avatar\/4b1d8e3303b4a9d8968ac578947d8bc80d9aea359f388cdd4aac15cadc0e8447?s=96&d=mm&r=g\",\"caption\":\"manadmin\"},\"sameAs\":[\"https:\/\/fadeu.urantiacos.cl\"]}]}<\/script>\n<!-- \/ Yoast SEO plugin. -->","yoast_head_json":{"title":"Estudiantes ARQ UC de primer a\u00f1o visitan Lo Contador acompa\u00f1ados de autoridades y sus profesores - Facultad de Arquitectura, Dise\u00f1o y Estudios Urbanos","description":"Alejados del campus durante todo el a\u00f1o por la pandemia y las restricciones sanitarias, los estudiantes ARQ UC que ingresaron en marzo y agosto de 2020 tuvieron la oportunidad de encontrarse con sus compa\u00f1eros y profesores, visitando la escuela y el campus.","robots":{"index":"index","follow":"follow","max-snippet":"max-snippet:-1","max-image-preview":"max-image-preview:large","max-video-preview":"max-video-preview:-1"},"canonical":"https:\/\/fadeu.urantiacos.cl\/en\/2020\/12\/23\/estudiantes-arq-uc-de-primer-ano-visitan-lo-contador-acompanados-de-autoridades-y-sus-profesores\/","og_locale":"en_US","og_type":"article","og_title":"Estudiantes ARQ UC de primer a\u00f1o visitan Lo Contador acompa\u00f1ados de autoridades y sus profesores - Facultad de Arquitectura, Dise\u00f1o y Estudios Urbanos","og_description":"Alejados del campus durante todo el a\u00f1o por la pandemia y las restricciones sanitarias, los estudiantes ARQ UC que ingresaron en marzo y agosto de 2020 tuvieron la oportunidad de encontrarse con sus compa\u00f1eros y profesores, visitando la escuela y el campus.","og_url":"https:\/\/fadeu.urantiacos.cl\/en\/2020\/12\/23\/estudiantes-arq-uc-de-primer-ano-visitan-lo-contador-acompanados-de-autoridades-y-sus-profesores\/","og_site_name":"Facultad de Arquitectura, Dise\u00f1o y Estudios Urbanos","article_published_time":"2020-12-23T18:08:00+00:00","article_modified_time":"2023-09-09T18:21:50+00:00","og_image":[{"width":350,"height":250,"url":"https:\/\/fadeu.urantiacos.cl\/wp-content\/uploads\/2023\/09\/201221-22_Recepcion_novatos_2020_08_WEB.jpg","type":"image\/jpeg"}],"author":"manadmin","twitter_card":"summary_large_image","twitter_misc":{"Written by":"manadmin","Est. reading time":"2 minutes"},"schema":{"@context":"https:\/\/schema.org","@graph":[{"@type":"Article","@id":"https:\/\/fadeu.urantiacos.cl\/en\/2020\/12\/23\/estudiantes-arq-uc-de-primer-ano-visitan-lo-contador-acompanados-de-autoridades-y-sus-profesores\/#article","isPartOf":{"@id":"https:\/\/fadeu.urantiacos.cl\/en\/2020\/12\/23\/estudiantes-arq-uc-de-primer-ano-visitan-lo-contador-acompanados-de-autoridades-y-sus-profesores\/"},"author":{"name":"manadmin","@id":"https:\/\/fadeu.urantiacos.cl\/en\/#\/schema\/person\/d203e2e84b1c40275eac77b3061a19a2"},"headline":"Estudiantes ARQ UC de primer a\u00f1o visitan Lo Contador acompa\u00f1ados de autoridades y sus profesores","datePublished":"2020-12-23T18:08:00+00:00","dateModified":"2023-09-09T18:21:50+00:00","mainEntityOfPage":{"@id":"https:\/\/fadeu.urantiacos.cl\/en\/2020\/12\/23\/estudiantes-arq-uc-de-primer-ano-visitan-lo-contador-acompanados-de-autoridades-y-sus-profesores\/"},"wordCount":390,"commentCount":0,"image":{"@id":"https:\/\/fadeu.urantiacos.cl\/en\/2020\/12\/23\/estudiantes-arq-uc-de-primer-ano-visitan-lo-contador-acompanados-de-autoridades-y-sus-profesores\/#primaryimage"},"thumbnailUrl":"https:\/\/fadeu.urantiacos.cl\/wp-content\/uploads\/2023\/09\/201221-22_Recepcion_novatos_2020_08_WEB.jpg","articleSection":["Sin categorizar"],"inLanguage":"en-US","potentialAction":[{"@type":"CommentAction","name":"Comment","target":["https:\/\/fadeu.urantiacos.cl\/en\/2020\/12\/23\/estudiantes-arq-uc-de-primer-ano-visitan-lo-contador-acompanados-de-autoridades-y-sus-profesores\/#respond"]}]},{"@type":"WebPage","@id":"https:\/\/fadeu.urantiacos.cl\/en\/2020\/12\/23\/estudiantes-arq-uc-de-primer-ano-visitan-lo-contador-acompanados-de-autoridades-y-sus-profesores\/","url":"https:\/\/fadeu.urantiacos.cl\/en\/2020\/12\/23\/estudiantes-arq-uc-de-primer-ano-visitan-lo-contador-acompanados-de-autoridades-y-sus-profesores\/","name":"Estudiantes ARQ UC de primer a\u00f1o visitan Lo Contador acompa\u00f1ados de autoridades y sus profesores - Facultad de Arquitectura, Dise\u00f1o y Estudios Urbanos","isPartOf":{"@id":"https:\/\/fadeu.urantiacos.cl\/en\/#website"},"primaryImageOfPage":{"@id":"https:\/\/fadeu.urantiacos.cl\/en\/2020\/12\/23\/estudiantes-arq-uc-de-primer-ano-visitan-lo-contador-acompanados-de-autoridades-y-sus-profesores\/#primaryimage"},"image":{"@id":"https:\/\/fadeu.urantiacos.cl\/en\/2020\/12\/23\/estudiantes-arq-uc-de-primer-ano-visitan-lo-contador-acompanados-de-autoridades-y-sus-profesores\/#primaryimage"},"thumbnailUrl":"https:\/\/fadeu.urantiacos.cl\/wp-content\/uploads\/2023\/09\/201221-22_Recepcion_novatos_2020_08_WEB.jpg","datePublished":"2020-12-23T18:08:00+00:00","dateModified":"2023-09-09T18:21:50+00:00","author":{"@id":"https:\/\/fadeu.urantiacos.cl\/en\/#\/schema\/person\/d203e2e84b1c40275eac77b3061a19a2"},"description":"Alejados del campus durante todo el a\u00f1o por la pandemia y las restricciones sanitarias, los estudiantes ARQ UC que ingresaron en marzo y agosto de 2020 tuvieron la oportunidad de encontrarse con sus compa\u00f1eros y profesores, visitando la escuela y el campus.","breadcrumb":{"@id":"https:\/\/fadeu.urantiacos.cl\/en\/2020\/12\/23\/estudiantes-arq-uc-de-primer-ano-visitan-lo-contador-acompanados-de-autoridades-y-sus-profesores\/#breadcrumb"},"inLanguage":"en-US","potentialAction":[{"@type":"ReadAction","target":["https:\/\/fadeu.urantiacos.cl\/en\/2020\/12\/23\/estudiantes-arq-uc-de-primer-ano-visitan-lo-contador-acompanados-de-autoridades-y-sus-profesores\/"]}]},{"@type":"ImageObject","inLanguage":"en-US","@id":"https:\/\/fadeu.urantiacos.cl\/en\/2020\/12\/23\/estudiantes-arq-uc-de-primer-ano-visitan-lo-contador-acompanados-de-autoridades-y-sus-profesores\/#primaryimage","url":"https:\/\/fadeu.urantiacos.cl\/wp-content\/uploads\/2023\/09\/201221-22_Recepcion_novatos_2020_08_WEB.jpg","contentUrl":"https:\/\/fadeu.urantiacos.cl\/wp-content\/uploads\/2023\/09\/201221-22_Recepcion_novatos_2020_08_WEB.jpg","width":350,"height":250},{"@type":"BreadcrumbList","@id":"https:\/\/fadeu.urantiacos.cl\/en\/2020\/12\/23\/estudiantes-arq-uc-de-primer-ano-visitan-lo-contador-acompanados-de-autoridades-y-sus-profesores\/#breadcrumb","itemListElement":[{"@type":"ListItem","position":1,"name":"Portada","item":"https:\/\/fadeu.urantiacos.cl\/en\/"},{"@type":"ListItem","position":2,"name":"Estudiantes ARQ UC de primer a\u00f1o visitan Lo Contador acompa\u00f1ados de autoridades y sus profesores"}]},{"@type":"WebSite","@id":"https:\/\/fadeu.urantiacos.cl\/en\/#website","url":"https:\/\/fadeu.urantiacos.cl\/en\/","name":"Facultad de Arquitectura, Dise\u00f1o y Estudios Urbanos","description":"Campus Lo Contador","potentialAction":[{"@type":"SearchAction","target":{"@type":"EntryPoint","urlTemplate":"https:\/\/fadeu.urantiacos.cl\/en\/?s={search_term_string}"},"query-input":{"@type":"PropertyValueSpecification","valueRequired":true,"valueName":"search_term_string"}}],"inLanguage":"en-US"},{"@type":"Person","@id":"https:\/\/fadeu.urantiacos.cl\/en\/#\/schema\/person\/d203e2e84b1c40275eac77b3061a19a2","name":"manadmin","image":{"@type":"ImageObject","inLanguage":"en-US","@id":"https:\/\/fadeu.urantiacos.cl\/en\/#\/schema\/person\/image\/","url":"https:\/\/secure.gravatar.com\/avatar\/4b1d8e3303b4a9d8968ac578947d8bc80d9aea359f388cdd4aac15cadc0e8447?s=96&d=mm&r=g","contentUrl":"https:\/\/secure.gravatar.com\/avatar\/4b1d8e3303b4a9d8968ac578947d8bc80d9aea359f388cdd4aac15cadc0e8447?s=96&d=mm&r=g","caption":"manadmin"},"sameAs":["https:\/\/fadeu.urantiacos.cl"]}]}},"_links":{"self":[{"href":"https:\/\/fadeu.urantiacos.cl\/en\/wp-json\/wp\/v2\/posts\/7672","targetHints":{"allow":["GET"]}}],"collection":[{"href":"https:\/\/fadeu.urantiacos.cl\/en\/wp-json\/wp\/v2\/posts"}],"about":[{"href":"https:\/\/fadeu.urantiacos.cl\/en\/wp-json\/wp\/v2\/types\/post"}],"author":[{"embeddable":true,"href":"https:\/\/fadeu.urantiacos.cl\/en\/wp-json\/wp\/v2\/users\/1"}],"replies":[{"embeddable":true,"href":"https:\/\/fadeu.urantiacos.cl\/en\/wp-json\/wp\/v2\/comments?post=7672"}],"version-history":[{"count":1,"href":"https:\/\/fadeu.urantiacos.cl\/en\/wp-json\/wp\/v2\/posts\/7672\/revisions"}],"predecessor-version":[{"id":7679,"href":"https:\/\/fadeu.urantiacos.cl\/en\/wp-json\/wp\/v2\/posts\/7672\/revisions\/7679"}],"wp:featuredmedia":[{"embeddable":true,"href":"https:\/\/fadeu.urantiacos.cl\/en\/wp-json\/wp\/v2\/media\/7673"}],"wp:attachment":[{"href":"https:\/\/fadeu.urantiacos.cl\/en\/wp-json\/wp\/v2\/media?parent=7672"}],"wp:term":[{"taxonomy":"category","embeddable":true,"href":"https:\/\/fadeu.urantiacos.cl\/en\/wp-json\/wp\/v2\/categories?post=7672"},{"taxonomy":"post_tag","embeddable":true,"href":"https:\/\/fadeu.urantiacos.cl\/en\/wp-json\/wp\/v2\/tags?post=7672"}],"curies":[{"name":"wp","href":"https:\/\/api.w.org\/{rel}","templated":true}]}}