{"id":7662,"date":"2020-12-28T15:01:00","date_gmt":"2020-12-28T18:01:00","guid":{"rendered":"https:\/\/fadeu.urantiacos.cl\/?p=7662"},"modified":"2023-09-09T15:05:09","modified_gmt":"2023-09-09T18:05:09","slug":"entrevista-a-arturo-orellana-academico-de-la-uc-y-director-del-proyecto-del-indice-de-calidad-de-vida-urbana","status":"publish","type":"post","link":"https:\/\/fadeu.urantiacos.cl\/en\/2020\/12\/28\/entrevista-a-arturo-orellana-academico-de-la-uc-y-director-del-proyecto-del-indice-de-calidad-de-vida-urbana\/","title":{"rendered":"Entrevista a Arturo Orellana, acad\u00e9mico de la UC y director del proyecto del \u00cdndice de Calidad de Vida Urbana"},"content":{"rendered":"\n<figure class=\"wp-block-image size-full\"><img decoding=\"async\" width=\"350\" height=\"250\" src=\"https:\/\/fadeu.urantiacos.cl\/wp-content\/uploads\/2023\/09\/indice_AO_TVN.png\" alt=\"\" class=\"wp-image-7664\" srcset=\"https:\/\/fadeu.urantiacos.cl\/wp-content\/uploads\/2023\/09\/indice_AO_TVN.png 350w, https:\/\/fadeu.urantiacos.cl\/wp-content\/uploads\/2023\/09\/indice_AO_TVN-300x214.png 300w\" sizes=\"(max-width: 350px) 100vw, 350px\" \/><\/figure>\n\n\n\n<p>+ Revisa aqu\u00ed las publicaciones:<\/p>\n\n\n\n<p>Biobiochile.cl. Fecha: 26\/12\/2020.&nbsp;<a href=\"https:\/\/cloud.correomasivo.uc.cl\/Prod\/link-tracker?redirectUrl=aHR0cHMlM0ElMkYlMkZ3d3cuYmlvYmlvY2hpbGUuY2wlMkZub3RpY2lhcyUyRm5hY2lvbmFsJTJGY2hpbGUlMkYyMDIwJTJGMTIlMkYyNiUyRnRlbXVjby1jYWUtMTMtcHVudG9zLWVuLWluZGljZXMtZGUtY2FsaWRhZC1kZS12aWRhLnNodG1s&amp;a=223913283&amp;account=uc122%2Eactivehosted%2Ecom&amp;email=%2FEkyPbiP9vU%2BCXmwZrPZdmP18wlSZmSXn%2BgNcn1fe3o%3D&amp;s=127c0b1e13af680b8d1aabfa1b9180dc&amp;i=4188A8706A630A30510\" target=\"_blank\" rel=\"noreferrer noopener\">Ver noticia<\/a><br>Diario Financiero. Fecha: 24\/12\/2020.&nbsp;<a href=\"https:\/\/cloud.correomasivo.uc.cl\/Prod\/link-tracker?redirectUrl=aHR0cHMlM0ElMkYlMkZ3d3cubGl0b3JhbHByZXNzLmNsJTJGc2l0aW8lMkZQcmVuc2FfRGV0YWxsZXMuY3NodG1sJTNGTFBLZXklM0QuQi5QJTJGLlloYi5Udi5MLk1sdi5MLk0ybDkuQWFxLlZ4LkwuRDIuRDguUTcuSi5KN2ouRXExLkdzNy5UdThnLiUyNUMzJTI1OTY=&amp;a=223913283&amp;account=uc122%2Eactivehosted%2Ecom&amp;email=%2FEkyPbiP9vU%2BCXmwZrPZdmP18wlSZmSXn%2BgNcn1fe3o%3D&amp;s=127c0b1e13af680b8d1aabfa1b9180dc&amp;i=4188A8706A630A30511\" target=\"_blank\" rel=\"noreferrer noopener\">Ver noticia<\/a><br>El Mercurio. Fecha: 24\/12\/2020.&nbsp;<a href=\"https:\/\/cloud.correomasivo.uc.cl\/Prod\/link-tracker?redirectUrl=aHR0cHMlM0ElMkYlMkZ3d3cubGl0b3JhbHByZXNzLmNsJTJGc2l0aW8lMkZQcmVuc2FfRGV0YWxsZXMuY3NodG1sJTNGTFBLZXklM0QuRS5aLldsZnZ1LkQuQi5DeC5BcXN1dS5XNC5MN3YuVzd0LlAuUC5QLkouSC5FLlguSC5MLlMuWGguS3NnLk4uTS5Nay4lMjVDMyUyNTk2&amp;a=223913283&amp;account=uc122%2Eactivehosted%2Ecom&amp;email=%2FEkyPbiP9vU%2BCXmwZrPZdmP18wlSZmSXn%2BgNcn1fe3o%3D&amp;s=127c0b1e13af680b8d1aabfa1b9180dc&amp;i=4188A8706A630A30512\" target=\"_blank\" rel=\"noreferrer noopener\">Ver noticia<\/a><br>Hoy x Hoy. Fecha: 24\/12\/2020.&nbsp;<a href=\"https:\/\/cloud.correomasivo.uc.cl\/Prod\/link-tracker?redirectUrl=aHR0cHMlM0ElMkYlMkZ3d3cubGl0b3JhbHByZXNzLmNsJTJGc2l0aW8lMkZQcmVuc2FfRGV0YWxsZXMuY3NodG1sJTNGTFBLZXklM0QuTi5MLiUyNUMzJTI1OUM1Lk5yLlh4NC4lMjVDMyUyNTlDb2txay5SLlguRCUyRnEuQzEuWXIuSmEuJTI1QzMlMjU5Q2dwLksuTjkuU3YuRC5YY2IuRG4uQzRoYy4lMjVDMyUyNTk2&amp;a=223913283&amp;account=uc122%2Eactivehosted%2Ecom&amp;email=%2FEkyPbiP9vU%2BCXmwZrPZdmP18wlSZmSXn%2BgNcn1fe3o%3D&amp;s=127c0b1e13af680b8d1aabfa1b9180dc&amp;i=4188A8706A630A30513\" target=\"_blank\" rel=\"noreferrer noopener\">Ver noticia<\/a><br>La Tercera. Fecha: 24\/12\/2020.&nbsp;<a href=\"https:\/\/cloud.correomasivo.uc.cl\/Prod\/link-tracker?redirectUrl=aHR0cHMlM0ElMkYlMkZ3d3cubGl0b3JhbHByZXNzLmNsJTJGc2l0aW8lMkZQcmVuc2FfRGV0YWxsZXMuY3NodG1sJTNGTFBLZXklM0R4dXQuUnNoYy5JLlYuWXNsLlIuSXE5ci5LLkUuUDYuSS5RZDAuJTI1QzMlMjU5Qy5FLkouUi5HLkguVS5Eci5IYy5SLlguRi5GbW0uSS4lMjVDMyUyNTk2&amp;a=223913283&amp;account=uc122%2Eactivehosted%2Ecom&amp;email=%2FEkyPbiP9vU%2BCXmwZrPZdmP18wlSZmSXn%2BgNcn1fe3o%3D&amp;s=127c0b1e13af680b8d1aabfa1b9180dc&amp;i=4188A8706A630A30514\" target=\"_blank\" rel=\"noreferrer noopener\">Ver noticia<\/a><br>Las \u00daltimas Noticias. Fecha: 24\/12\/2020.&nbsp;<a href=\"https:\/\/cloud.correomasivo.uc.cl\/Prod\/link-tracker?redirectUrl=aHR0cHMlM0ElMkYlMkZ3d3cubGl0b3JhbHByZXNzLmNsJTJGc2l0aW8lMkZQcmVuc2FfRGV0YWxsZXMuY3NodG1sJTNGTFBLZXklM0Q4emguRHRycS5QcWMuUzMuQy5ULlQ1LiUyNUMzJTI1OUMuRi5BeiUyRnIuSi5Bcy5MMi5LLlIuRS5SNHlxbi5BJTJGdS5BLkMwZC5RLiUyNUMzJTI1OTY=&amp;a=223913283&amp;account=uc122%2Eactivehosted%2Ecom&amp;email=%2FEkyPbiP9vU%2BCXmwZrPZdmP18wlSZmSXn%2BgNcn1fe3o%3D&amp;s=127c0b1e13af680b8d1aabfa1b9180dc&amp;i=4188A8706A630A30515\" target=\"_blank\" rel=\"noreferrer noopener\">Ver noticia<\/a><br>Cnnchile.com. Fecha: 24\/12\/2020.&nbsp;<a href=\"https:\/\/cloud.correomasivo.uc.cl\/Prod\/link-tracker?redirectUrl=aHR0cHMlM0ElMkYlMkZ3d3cuY25uY2hpbGUuY29tJTJGcGFpcyUyRmVzdHVkaW8tY2FsaWRhZC1kZS12aWRhLXVyYmFuYS1yZWdpb24tbWV0cm9wb2xpdGFuYV8yMDIwMTIyNCUyRg==&amp;a=223913283&amp;account=uc122%2Eactivehosted%2Ecom&amp;email=%2FEkyPbiP9vU%2BCXmwZrPZdmP18wlSZmSXn%2BgNcn1fe3o%3D&amp;s=127c0b1e13af680b8d1aabfa1b9180dc&amp;i=4188A8706A630A30516\" target=\"_blank\" rel=\"noreferrer noopener\">Ver noticia<\/a><br>Cooperativa.cl. Fecha: 24\/12\/2020.&nbsp;<a href=\"https:\/\/cloud.correomasivo.uc.cl\/Prod\/link-tracker?redirectUrl=aHR0cHMlM0ElMkYlMkZ3d3cuY29vcGVyYXRpdmEuY2wlMkZub3RpY2lhcyUyRnBhaXMlMkZyZWdpb24tZGUtbWFnYWxsYW5lcyUyRmVuLXVuYS1kZWNhZGEtcHVudGEtYXJlbmFzLWF2YW56by1hLXVuLW5pdmVsLWFsdG8tZW4tY2FsaWRhZC1kZS12aWRhJTJGMjAyMC0xMi0yNCUyRjEyMDMwMC5odG1s&amp;a=223913283&amp;account=uc122%2Eactivehosted%2Ecom&amp;email=%2FEkyPbiP9vU%2BCXmwZrPZdmP18wlSZmSXn%2BgNcn1fe3o%3D&amp;s=127c0b1e13af680b8d1aabfa1b9180dc&amp;i=4188A8706A630A30517\" target=\"_blank\" rel=\"noreferrer noopener\">Ver noticia<\/a><\/p>\n","protected":false},"excerpt":{"rendered":"<p>Medios destacan resultados del \u00cdndice de Calidad de Vida Urbano (ICVU), que anualmente realiza la C\u00e1mara Chilena de la Construcci\u00f3n y el instituto UC,  que analiz\u00f3 99 comunas para ver su disponibilidad de servicios y \u00e1reas verdes, entre otros t\u00f3picos. Solo una de cada tres comunas ha mejorado su calidad de vida urbana en la \u00faltima d\u00e9cada y la Regi\u00f3n Metropolitana concentra el mayor n\u00famero de comunas que han visto deteriorar el indicador. Habla el director del proyecto, el acad\u00e9mico del Instituto de Estudios Urbanos, Arturo Orellana. Canal 24 Horas lo entrevista en exclusiva.<\/p>\n","protected":false},"author":1,"featured_media":7664,"comment_status":"open","ping_status":"open","sticky":false,"template":"","format":"standard","meta":{"_acf_changed":false,"footnotes":""},"categories":[1],"tags":[],"class_list":["post-7662","post","type-post","status-publish","format-standard","has-post-thumbnail","hentry","category-sin-categorizar"],"acf":[],"yoast_head":"<!-- This site is optimized with the Yoast SEO plugin v27.1.1 - https:\/\/yoast.com\/product\/yoast-seo-wordpress\/ -->\n<title>Entrevista a Arturo Orellana, acad\u00e9mico de la UC y director del proyecto del \u00cdndice de Calidad de Vida Urbana - Facultad de Arquitectura, Dise\u00f1o y Estudios Urbanos<\/title>\n<meta name=\"description\" content=\"Medios destacan resultados del \u00cdndice de Calidad de Vida Urbano (ICVU), que anualmente realiza la C\u00e1mara Chilena de la Construcci\u00f3n y el instituto UC, que analiz\u00f3 99 comunas para ver su disponibilidad de servicios y \u00e1reas verdes, entre otros t\u00f3picos. Solo una de cada tres comunas ha mejorado su calidad de vida urbana en la \u00faltima d\u00e9cada y la Regi\u00f3n Metropolitana concentra el mayor n\u00famero de comunas que han visto deteriorar el indicador. Habla el director del proyecto, el acad\u00e9mico del Instituto de Estudios Urbanos, Arturo Orellana. Canal 24 Horas lo entrevista en exclusiva.\" \/>\n<meta name=\"robots\" content=\"index, follow, max-snippet:-1, max-image-preview:large, max-video-preview:-1\" \/>\n<link rel=\"canonical\" href=\"https:\/\/fadeu.urantiacos.cl\/en\/2020\/12\/28\/entrevista-a-arturo-orellana-academico-de-la-uc-y-director-del-proyecto-del-indice-de-calidad-de-vida-urbana\/\" \/>\n<meta property=\"og:locale\" content=\"en_US\" \/>\n<meta property=\"og:type\" content=\"article\" \/>\n<meta property=\"og:title\" content=\"Entrevista a Arturo Orellana, acad\u00e9mico de la UC y director del proyecto del \u00cdndice de Calidad de Vida Urbana - Facultad de Arquitectura, Dise\u00f1o y Estudios Urbanos\" \/>\n<meta property=\"og:description\" content=\"Medios destacan resultados del \u00cdndice de Calidad de Vida Urbano (ICVU), que anualmente realiza la C\u00e1mara Chilena de la Construcci\u00f3n y el instituto UC, que analiz\u00f3 99 comunas para ver su disponibilidad de servicios y \u00e1reas verdes, entre otros t\u00f3picos. Solo una de cada tres comunas ha mejorado su calidad de vida urbana en la \u00faltima d\u00e9cada y la Regi\u00f3n Metropolitana concentra el mayor n\u00famero de comunas que han visto deteriorar el indicador. Habla el director del proyecto, el acad\u00e9mico del Instituto de Estudios Urbanos, Arturo Orellana. Canal 24 Horas lo entrevista en exclusiva.\" \/>\n<meta property=\"og:url\" content=\"https:\/\/fadeu.urantiacos.cl\/en\/2020\/12\/28\/entrevista-a-arturo-orellana-academico-de-la-uc-y-director-del-proyecto-del-indice-de-calidad-de-vida-urbana\/\" \/>\n<meta property=\"og:site_name\" content=\"Facultad de Arquitectura, Dise\u00f1o y Estudios Urbanos\" \/>\n<meta property=\"article:published_time\" content=\"2020-12-28T18:01:00+00:00\" \/>\n<meta property=\"article:modified_time\" content=\"2023-09-09T18:05:09+00:00\" \/>\n<meta property=\"og:image\" content=\"https:\/\/fadeu.urantiacos.cl\/wp-content\/uploads\/2023\/09\/indice_AO_TVN.png\" \/>\n\t<meta property=\"og:image:width\" content=\"350\" \/>\n\t<meta property=\"og:image:height\" content=\"250\" \/>\n\t<meta property=\"og:image:type\" content=\"image\/png\" \/>\n<meta name=\"author\" content=\"manadmin\" \/>\n<meta name=\"twitter:card\" content=\"summary_large_image\" \/>\n<meta name=\"twitter:label1\" content=\"Written by\" \/>\n\t<meta name=\"twitter:data1\" content=\"manadmin\" \/>\n<script type=\"application\/ld+json\" class=\"yoast-schema-graph\">{\"@context\":\"https:\/\/schema.org\",\"@graph\":[{\"@type\":\"Article\",\"@id\":\"https:\/\/fadeu.urantiacos.cl\/en\/2020\/12\/28\/entrevista-a-arturo-orellana-academico-de-la-uc-y-director-del-proyecto-del-indice-de-calidad-de-vida-urbana\/#article\",\"isPartOf\":{\"@id\":\"https:\/\/fadeu.urantiacos.cl\/en\/2020\/12\/28\/entrevista-a-arturo-orellana-academico-de-la-uc-y-director-del-proyecto-del-indice-de-calidad-de-vida-urbana\/\"},\"author\":{\"name\":\"manadmin\",\"@id\":\"https:\/\/fadeu.urantiacos.cl\/en\/#\/schema\/person\/d203e2e84b1c40275eac77b3061a19a2\"},\"headline\":\"Entrevista a Arturo Orellana, acad\u00e9mico de la UC y director del proyecto del \u00cdndice de Calidad de Vida Urbana\",\"datePublished\":\"2020-12-28T18:01:00+00:00\",\"dateModified\":\"2023-09-09T18:05:09+00:00\",\"mainEntityOfPage\":{\"@id\":\"https:\/\/fadeu.urantiacos.cl\/en\/2020\/12\/28\/entrevista-a-arturo-orellana-academico-de-la-uc-y-director-del-proyecto-del-indice-de-calidad-de-vida-urbana\/\"},\"wordCount\":74,\"commentCount\":0,\"image\":{\"@id\":\"https:\/\/fadeu.urantiacos.cl\/en\/2020\/12\/28\/entrevista-a-arturo-orellana-academico-de-la-uc-y-director-del-proyecto-del-indice-de-calidad-de-vida-urbana\/#primaryimage\"},\"thumbnailUrl\":\"https:\/\/fadeu.urantiacos.cl\/wp-content\/uploads\/2023\/09\/indice_AO_TVN.png\",\"articleSection\":[\"Sin categorizar\"],\"inLanguage\":\"en-US\",\"potentialAction\":[{\"@type\":\"CommentAction\",\"name\":\"Comment\",\"target\":[\"https:\/\/fadeu.urantiacos.cl\/en\/2020\/12\/28\/entrevista-a-arturo-orellana-academico-de-la-uc-y-director-del-proyecto-del-indice-de-calidad-de-vida-urbana\/#respond\"]}]},{\"@type\":\"WebPage\",\"@id\":\"https:\/\/fadeu.urantiacos.cl\/en\/2020\/12\/28\/entrevista-a-arturo-orellana-academico-de-la-uc-y-director-del-proyecto-del-indice-de-calidad-de-vida-urbana\/\",\"url\":\"https:\/\/fadeu.urantiacos.cl\/en\/2020\/12\/28\/entrevista-a-arturo-orellana-academico-de-la-uc-y-director-del-proyecto-del-indice-de-calidad-de-vida-urbana\/\",\"name\":\"Entrevista a Arturo Orellana, acad\u00e9mico de la UC y director del proyecto del \u00cdndice de Calidad de Vida Urbana - Facultad de Arquitectura, Dise\u00f1o y Estudios Urbanos\",\"isPartOf\":{\"@id\":\"https:\/\/fadeu.urantiacos.cl\/en\/#website\"},\"primaryImageOfPage\":{\"@id\":\"https:\/\/fadeu.urantiacos.cl\/en\/2020\/12\/28\/entrevista-a-arturo-orellana-academico-de-la-uc-y-director-del-proyecto-del-indice-de-calidad-de-vida-urbana\/#primaryimage\"},\"image\":{\"@id\":\"https:\/\/fadeu.urantiacos.cl\/en\/2020\/12\/28\/entrevista-a-arturo-orellana-academico-de-la-uc-y-director-del-proyecto-del-indice-de-calidad-de-vida-urbana\/#primaryimage\"},\"thumbnailUrl\":\"https:\/\/fadeu.urantiacos.cl\/wp-content\/uploads\/2023\/09\/indice_AO_TVN.png\",\"datePublished\":\"2020-12-28T18:01:00+00:00\",\"dateModified\":\"2023-09-09T18:05:09+00:00\",\"author\":{\"@id\":\"https:\/\/fadeu.urantiacos.cl\/en\/#\/schema\/person\/d203e2e84b1c40275eac77b3061a19a2\"},\"description\":\"Medios destacan resultados del \u00cdndice de Calidad de Vida Urbano (ICVU), que anualmente realiza la C\u00e1mara Chilena de la Construcci\u00f3n y el instituto UC, que analiz\u00f3 99 comunas para ver su disponibilidad de servicios y \u00e1reas verdes, entre otros t\u00f3picos. Solo una de cada tres comunas ha mejorado su calidad de vida urbana en la \u00faltima d\u00e9cada y la Regi\u00f3n Metropolitana concentra el mayor n\u00famero de comunas que han visto deteriorar el indicador. Habla el director del proyecto, el acad\u00e9mico del Instituto de Estudios Urbanos, Arturo Orellana. Canal 24 Horas lo entrevista en exclusiva.\",\"breadcrumb\":{\"@id\":\"https:\/\/fadeu.urantiacos.cl\/en\/2020\/12\/28\/entrevista-a-arturo-orellana-academico-de-la-uc-y-director-del-proyecto-del-indice-de-calidad-de-vida-urbana\/#breadcrumb\"},\"inLanguage\":\"en-US\",\"potentialAction\":[{\"@type\":\"ReadAction\",\"target\":[\"https:\/\/fadeu.urantiacos.cl\/en\/2020\/12\/28\/entrevista-a-arturo-orellana-academico-de-la-uc-y-director-del-proyecto-del-indice-de-calidad-de-vida-urbana\/\"]}]},{\"@type\":\"ImageObject\",\"inLanguage\":\"en-US\",\"@id\":\"https:\/\/fadeu.urantiacos.cl\/en\/2020\/12\/28\/entrevista-a-arturo-orellana-academico-de-la-uc-y-director-del-proyecto-del-indice-de-calidad-de-vida-urbana\/#primaryimage\",\"url\":\"https:\/\/fadeu.urantiacos.cl\/wp-content\/uploads\/2023\/09\/indice_AO_TVN.png\",\"contentUrl\":\"https:\/\/fadeu.urantiacos.cl\/wp-content\/uploads\/2023\/09\/indice_AO_TVN.png\",\"width\":350,\"height\":250},{\"@type\":\"BreadcrumbList\",\"@id\":\"https:\/\/fadeu.urantiacos.cl\/en\/2020\/12\/28\/entrevista-a-arturo-orellana-academico-de-la-uc-y-director-del-proyecto-del-indice-de-calidad-de-vida-urbana\/#breadcrumb\",\"itemListElement\":[{\"@type\":\"ListItem\",\"position\":1,\"name\":\"Portada\",\"item\":\"https:\/\/fadeu.urantiacos.cl\/en\/\"},{\"@type\":\"ListItem\",\"position\":2,\"name\":\"Entrevista a Arturo Orellana, acad\u00e9mico de la UC y director del proyecto del \u00cdndice de Calidad de Vida Urbana\"}]},{\"@type\":\"WebSite\",\"@id\":\"https:\/\/fadeu.urantiacos.cl\/en\/#website\",\"url\":\"https:\/\/fadeu.urantiacos.cl\/en\/\",\"name\":\"Facultad de Arquitectura, Dise\u00f1o y Estudios Urbanos\",\"description\":\"Campus Lo Contador\",\"potentialAction\":[{\"@type\":\"SearchAction\",\"target\":{\"@type\":\"EntryPoint\",\"urlTemplate\":\"https:\/\/fadeu.urantiacos.cl\/en\/?s={search_term_string}\"},\"query-input\":{\"@type\":\"PropertyValueSpecification\",\"valueRequired\":true,\"valueName\":\"search_term_string\"}}],\"inLanguage\":\"en-US\"},{\"@type\":\"Person\",\"@id\":\"https:\/\/fadeu.urantiacos.cl\/en\/#\/schema\/person\/d203e2e84b1c40275eac77b3061a19a2\",\"name\":\"manadmin\",\"image\":{\"@type\":\"ImageObject\",\"inLanguage\":\"en-US\",\"@id\":\"https:\/\/fadeu.urantiacos.cl\/en\/#\/schema\/person\/image\/\",\"url\":\"https:\/\/secure.gravatar.com\/avatar\/4b1d8e3303b4a9d8968ac578947d8bc80d9aea359f388cdd4aac15cadc0e8447?s=96&d=mm&r=g\",\"contentUrl\":\"https:\/\/secure.gravatar.com\/avatar\/4b1d8e3303b4a9d8968ac578947d8bc80d9aea359f388cdd4aac15cadc0e8447?s=96&d=mm&r=g\",\"caption\":\"manadmin\"},\"sameAs\":[\"https:\/\/fadeu.urantiacos.cl\"]}]}<\/script>\n<!-- \/ Yoast SEO plugin. -->","yoast_head_json":{"title":"Entrevista a Arturo Orellana, acad\u00e9mico de la UC y director del proyecto del \u00cdndice de Calidad de Vida Urbana - Facultad de Arquitectura, Dise\u00f1o y Estudios Urbanos","description":"Medios destacan resultados del \u00cdndice de Calidad de Vida Urbano (ICVU), que anualmente realiza la C\u00e1mara Chilena de la Construcci\u00f3n y el instituto UC, que analiz\u00f3 99 comunas para ver su disponibilidad de servicios y \u00e1reas verdes, entre otros t\u00f3picos. Solo una de cada tres comunas ha mejorado su calidad de vida urbana en la \u00faltima d\u00e9cada y la Regi\u00f3n Metropolitana concentra el mayor n\u00famero de comunas que han visto deteriorar el indicador. Habla el director del proyecto, el acad\u00e9mico del Instituto de Estudios Urbanos, Arturo Orellana. Canal 24 Horas lo entrevista en exclusiva.","robots":{"index":"index","follow":"follow","max-snippet":"max-snippet:-1","max-image-preview":"max-image-preview:large","max-video-preview":"max-video-preview:-1"},"canonical":"https:\/\/fadeu.urantiacos.cl\/en\/2020\/12\/28\/entrevista-a-arturo-orellana-academico-de-la-uc-y-director-del-proyecto-del-indice-de-calidad-de-vida-urbana\/","og_locale":"en_US","og_type":"article","og_title":"Entrevista a Arturo Orellana, acad\u00e9mico de la UC y director del proyecto del \u00cdndice de Calidad de Vida Urbana - Facultad de Arquitectura, Dise\u00f1o y Estudios Urbanos","og_description":"Medios destacan resultados del \u00cdndice de Calidad de Vida Urbano (ICVU), que anualmente realiza la C\u00e1mara Chilena de la Construcci\u00f3n y el instituto UC, que analiz\u00f3 99 comunas para ver su disponibilidad de servicios y \u00e1reas verdes, entre otros t\u00f3picos. Solo una de cada tres comunas ha mejorado su calidad de vida urbana en la \u00faltima d\u00e9cada y la Regi\u00f3n Metropolitana concentra el mayor n\u00famero de comunas que han visto deteriorar el indicador. Habla el director del proyecto, el acad\u00e9mico del Instituto de Estudios Urbanos, Arturo Orellana. Canal 24 Horas lo entrevista en exclusiva.","og_url":"https:\/\/fadeu.urantiacos.cl\/en\/2020\/12\/28\/entrevista-a-arturo-orellana-academico-de-la-uc-y-director-del-proyecto-del-indice-de-calidad-de-vida-urbana\/","og_site_name":"Facultad de Arquitectura, Dise\u00f1o y Estudios Urbanos","article_published_time":"2020-12-28T18:01:00+00:00","article_modified_time":"2023-09-09T18:05:09+00:00","og_image":[{"width":350,"height":250,"url":"https:\/\/fadeu.urantiacos.cl\/wp-content\/uploads\/2023\/09\/indice_AO_TVN.png","type":"image\/png"}],"author":"manadmin","twitter_card":"summary_large_image","twitter_misc":{"Written by":"manadmin"},"schema":{"@context":"https:\/\/schema.org","@graph":[{"@type":"Article","@id":"https:\/\/fadeu.urantiacos.cl\/en\/2020\/12\/28\/entrevista-a-arturo-orellana-academico-de-la-uc-y-director-del-proyecto-del-indice-de-calidad-de-vida-urbana\/#article","isPartOf":{"@id":"https:\/\/fadeu.urantiacos.cl\/en\/2020\/12\/28\/entrevista-a-arturo-orellana-academico-de-la-uc-y-director-del-proyecto-del-indice-de-calidad-de-vida-urbana\/"},"author":{"name":"manadmin","@id":"https:\/\/fadeu.urantiacos.cl\/en\/#\/schema\/person\/d203e2e84b1c40275eac77b3061a19a2"},"headline":"Entrevista a Arturo Orellana, acad\u00e9mico de la UC y director del proyecto del \u00cdndice de Calidad de Vida Urbana","datePublished":"2020-12-28T18:01:00+00:00","dateModified":"2023-09-09T18:05:09+00:00","mainEntityOfPage":{"@id":"https:\/\/fadeu.urantiacos.cl\/en\/2020\/12\/28\/entrevista-a-arturo-orellana-academico-de-la-uc-y-director-del-proyecto-del-indice-de-calidad-de-vida-urbana\/"},"wordCount":74,"commentCount":0,"image":{"@id":"https:\/\/fadeu.urantiacos.cl\/en\/2020\/12\/28\/entrevista-a-arturo-orellana-academico-de-la-uc-y-director-del-proyecto-del-indice-de-calidad-de-vida-urbana\/#primaryimage"},"thumbnailUrl":"https:\/\/fadeu.urantiacos.cl\/wp-content\/uploads\/2023\/09\/indice_AO_TVN.png","articleSection":["Sin categorizar"],"inLanguage":"en-US","potentialAction":[{"@type":"CommentAction","name":"Comment","target":["https:\/\/fadeu.urantiacos.cl\/en\/2020\/12\/28\/entrevista-a-arturo-orellana-academico-de-la-uc-y-director-del-proyecto-del-indice-de-calidad-de-vida-urbana\/#respond"]}]},{"@type":"WebPage","@id":"https:\/\/fadeu.urantiacos.cl\/en\/2020\/12\/28\/entrevista-a-arturo-orellana-academico-de-la-uc-y-director-del-proyecto-del-indice-de-calidad-de-vida-urbana\/","url":"https:\/\/fadeu.urantiacos.cl\/en\/2020\/12\/28\/entrevista-a-arturo-orellana-academico-de-la-uc-y-director-del-proyecto-del-indice-de-calidad-de-vida-urbana\/","name":"Entrevista a Arturo Orellana, acad\u00e9mico de la UC y director del proyecto del \u00cdndice de Calidad de Vida Urbana - Facultad de Arquitectura, Dise\u00f1o y Estudios Urbanos","isPartOf":{"@id":"https:\/\/fadeu.urantiacos.cl\/en\/#website"},"primaryImageOfPage":{"@id":"https:\/\/fadeu.urantiacos.cl\/en\/2020\/12\/28\/entrevista-a-arturo-orellana-academico-de-la-uc-y-director-del-proyecto-del-indice-de-calidad-de-vida-urbana\/#primaryimage"},"image":{"@id":"https:\/\/fadeu.urantiacos.cl\/en\/2020\/12\/28\/entrevista-a-arturo-orellana-academico-de-la-uc-y-director-del-proyecto-del-indice-de-calidad-de-vida-urbana\/#primaryimage"},"thumbnailUrl":"https:\/\/fadeu.urantiacos.cl\/wp-content\/uploads\/2023\/09\/indice_AO_TVN.png","datePublished":"2020-12-28T18:01:00+00:00","dateModified":"2023-09-09T18:05:09+00:00","author":{"@id":"https:\/\/fadeu.urantiacos.cl\/en\/#\/schema\/person\/d203e2e84b1c40275eac77b3061a19a2"},"description":"Medios destacan resultados del \u00cdndice de Calidad de Vida Urbano (ICVU), que anualmente realiza la C\u00e1mara Chilena de la Construcci\u00f3n y el instituto UC, que analiz\u00f3 99 comunas para ver su disponibilidad de servicios y \u00e1reas verdes, entre otros t\u00f3picos. Solo una de cada tres comunas ha mejorado su calidad de vida urbana en la \u00faltima d\u00e9cada y la Regi\u00f3n Metropolitana concentra el mayor n\u00famero de comunas que han visto deteriorar el indicador. Habla el director del proyecto, el acad\u00e9mico del Instituto de Estudios Urbanos, Arturo Orellana. Canal 24 Horas lo entrevista en exclusiva.","breadcrumb":{"@id":"https:\/\/fadeu.urantiacos.cl\/en\/2020\/12\/28\/entrevista-a-arturo-orellana-academico-de-la-uc-y-director-del-proyecto-del-indice-de-calidad-de-vida-urbana\/#breadcrumb"},"inLanguage":"en-US","potentialAction":[{"@type":"ReadAction","target":["https:\/\/fadeu.urantiacos.cl\/en\/2020\/12\/28\/entrevista-a-arturo-orellana-academico-de-la-uc-y-director-del-proyecto-del-indice-de-calidad-de-vida-urbana\/"]}]},{"@type":"ImageObject","inLanguage":"en-US","@id":"https:\/\/fadeu.urantiacos.cl\/en\/2020\/12\/28\/entrevista-a-arturo-orellana-academico-de-la-uc-y-director-del-proyecto-del-indice-de-calidad-de-vida-urbana\/#primaryimage","url":"https:\/\/fadeu.urantiacos.cl\/wp-content\/uploads\/2023\/09\/indice_AO_TVN.png","contentUrl":"https:\/\/fadeu.urantiacos.cl\/wp-content\/uploads\/2023\/09\/indice_AO_TVN.png","width":350,"height":250},{"@type":"BreadcrumbList","@id":"https:\/\/fadeu.urantiacos.cl\/en\/2020\/12\/28\/entrevista-a-arturo-orellana-academico-de-la-uc-y-director-del-proyecto-del-indice-de-calidad-de-vida-urbana\/#breadcrumb","itemListElement":[{"@type":"ListItem","position":1,"name":"Portada","item":"https:\/\/fadeu.urantiacos.cl\/en\/"},{"@type":"ListItem","position":2,"name":"Entrevista a Arturo Orellana, acad\u00e9mico de la UC y director del proyecto del \u00cdndice de Calidad de Vida Urbana"}]},{"@type":"WebSite","@id":"https:\/\/fadeu.urantiacos.cl\/en\/#website","url":"https:\/\/fadeu.urantiacos.cl\/en\/","name":"Facultad de Arquitectura, Dise\u00f1o y Estudios Urbanos","description":"Campus Lo Contador","potentialAction":[{"@type":"SearchAction","target":{"@type":"EntryPoint","urlTemplate":"https:\/\/fadeu.urantiacos.cl\/en\/?s={search_term_string}"},"query-input":{"@type":"PropertyValueSpecification","valueRequired":true,"valueName":"search_term_string"}}],"inLanguage":"en-US"},{"@type":"Person","@id":"https:\/\/fadeu.urantiacos.cl\/en\/#\/schema\/person\/d203e2e84b1c40275eac77b3061a19a2","name":"manadmin","image":{"@type":"ImageObject","inLanguage":"en-US","@id":"https:\/\/fadeu.urantiacos.cl\/en\/#\/schema\/person\/image\/","url":"https:\/\/secure.gravatar.com\/avatar\/4b1d8e3303b4a9d8968ac578947d8bc80d9aea359f388cdd4aac15cadc0e8447?s=96&d=mm&r=g","contentUrl":"https:\/\/secure.gravatar.com\/avatar\/4b1d8e3303b4a9d8968ac578947d8bc80d9aea359f388cdd4aac15cadc0e8447?s=96&d=mm&r=g","caption":"manadmin"},"sameAs":["https:\/\/fadeu.urantiacos.cl"]}]}},"_links":{"self":[{"href":"https:\/\/fadeu.urantiacos.cl\/en\/wp-json\/wp\/v2\/posts\/7662","targetHints":{"allow":["GET"]}}],"collection":[{"href":"https:\/\/fadeu.urantiacos.cl\/en\/wp-json\/wp\/v2\/posts"}],"about":[{"href":"https:\/\/fadeu.urantiacos.cl\/en\/wp-json\/wp\/v2\/types\/post"}],"author":[{"embeddable":true,"href":"https:\/\/fadeu.urantiacos.cl\/en\/wp-json\/wp\/v2\/users\/1"}],"replies":[{"embeddable":true,"href":"https:\/\/fadeu.urantiacos.cl\/en\/wp-json\/wp\/v2\/comments?post=7662"}],"version-history":[{"count":1,"href":"https:\/\/fadeu.urantiacos.cl\/en\/wp-json\/wp\/v2\/posts\/7662\/revisions"}],"predecessor-version":[{"id":7665,"href":"https:\/\/fadeu.urantiacos.cl\/en\/wp-json\/wp\/v2\/posts\/7662\/revisions\/7665"}],"wp:featuredmedia":[{"embeddable":true,"href":"https:\/\/fadeu.urantiacos.cl\/en\/wp-json\/wp\/v2\/media\/7664"}],"wp:attachment":[{"href":"https:\/\/fadeu.urantiacos.cl\/en\/wp-json\/wp\/v2\/media?parent=7662"}],"wp:term":[{"taxonomy":"category","embeddable":true,"href":"https:\/\/fadeu.urantiacos.cl\/en\/wp-json\/wp\/v2\/categories?post=7662"},{"taxonomy":"post_tag","embeddable":true,"href":"https:\/\/fadeu.urantiacos.cl\/en\/wp-json\/wp\/v2\/tags?post=7662"}],"curies":[{"name":"wp","href":"https:\/\/api.w.org\/{rel}","templated":true}]}}