{"id":7654,"date":"2020-12-28T14:54:00","date_gmt":"2020-12-28T17:54:00","guid":{"rendered":"https:\/\/fadeu.urantiacos.cl\/?p=7654"},"modified":"2023-09-09T14:58:29","modified_gmt":"2023-09-09T17:58:29","slug":"10-anos-calidad-de-vida-urbana-icvu-2020","status":"publish","type":"post","link":"https:\/\/fadeu.urantiacos.cl\/en\/2020\/12\/28\/10-anos-calidad-de-vida-urbana-icvu-2020\/","title":{"rendered":"10 a\u00f1os | Calidad de Vida Urbana \u2013 ICVU 2020"},"content":{"rendered":"\n<figure class=\"wp-block-image size-full\"><img decoding=\"async\" width=\"350\" height=\"250\" src=\"https:\/\/fadeu.urantiacos.cl\/wp-content\/uploads\/2023\/09\/Captura-de-pantalla-2020-12-28-a-las-12.27.36_WEB.png\" alt=\"\" class=\"wp-image-7656\" srcset=\"https:\/\/fadeu.urantiacos.cl\/wp-content\/uploads\/2023\/09\/Captura-de-pantalla-2020-12-28-a-las-12.27.36_WEB.png 350w, https:\/\/fadeu.urantiacos.cl\/wp-content\/uploads\/2023\/09\/Captura-de-pantalla-2020-12-28-a-las-12.27.36_WEB-300x214.png 300w\" sizes=\"(max-width: 350px) 100vw, 350px\" \/><\/figure>\n\n\n\n<p>El ICVU es un \u00edndice sint\u00e9tico que mide y compara en t\u00e9rminos relativos la calidad de vida urbana de comunas y ciudades en Chile, a partir de un conjunto de variables referidas a seis dimensiones que expresan el estado de situaci\u00f3n en la provisi\u00f3n de bienes y servicios p\u00fablicos y privados a la poblaci\u00f3n residente y sus correspondientes impactos socio-territoriales, tanto a escala de ciudades intermedias como de escala metropolitana.<\/p>\n\n\n\n<p><a href=\"https:\/\/estudiosurbanos.uc.cl\/wp-content\/uploads\/2020\/12\/45151-2.pdf\">DESCARGAR PRESENTACI\u00d3N<\/a><\/p>\n","protected":false},"excerpt":{"rendered":"<p>Hace diez a\u00f1os, la C\u00e1mara Chilena de la Construcci\u00f3n en conjunto con el Instituto de Estudios Urbanos y Territoriales de la Universidad Cat\u00f3lica, decidieron elaborar el \u00cdndice de Calidad de Vida Urbana (ICVU) con el fin de comprender las brechas en la calidad de vida urbana en las distintas comunas y ciudades de Chile. El objetivo principal del ICVU es aportar al dise\u00f1o de pol\u00edticas p\u00fablicas y a la focalizaci\u00f3n de recursos destinados a mejorar las condiciones de vida de las personas que habitan en diversas comunas del pa\u00eds.<\/p>\n","protected":false},"author":1,"featured_media":7656,"comment_status":"open","ping_status":"open","sticky":false,"template":"","format":"standard","meta":{"_acf_changed":false,"footnotes":""},"categories":[1],"tags":[],"class_list":["post-7654","post","type-post","status-publish","format-standard","has-post-thumbnail","hentry","category-sin-categorizar"],"acf":[],"yoast_head":"<!-- This site is optimized with the Yoast SEO plugin v27.1.1 - https:\/\/yoast.com\/product\/yoast-seo-wordpress\/ -->\n<title>10 a\u00f1os | Calidad de Vida Urbana \u2013 ICVU 2020 - Facultad de Arquitectura, Dise\u00f1o y Estudios Urbanos<\/title>\n<meta name=\"description\" content=\"Hace diez a\u00f1os, la C\u00e1mara Chilena de la Construcci\u00f3n en conjunto con el Instituto de Estudios Urbanos y Territoriales de la Universidad Cat\u00f3lica, decidieron elaborar el \u00cdndice de Calidad de Vida Urbana (ICVU) con el fin de comprender las brechas en la calidad de vida urbana en las distintas comunas y ciudades de Chile. El objetivo principal del ICVU es aportar al dise\u00f1o de pol\u00edticas p\u00fablicas y a la focalizaci\u00f3n de recursos destinados a mejorar las condiciones de vida de las personas que habitan en diversas comunas del pa\u00eds.\" \/>\n<meta name=\"robots\" content=\"index, follow, max-snippet:-1, max-image-preview:large, max-video-preview:-1\" \/>\n<link rel=\"canonical\" href=\"https:\/\/fadeu.urantiacos.cl\/en\/2020\/12\/28\/10-anos-calidad-de-vida-urbana-icvu-2020\/\" \/>\n<meta property=\"og:locale\" content=\"en_US\" \/>\n<meta property=\"og:type\" content=\"article\" \/>\n<meta property=\"og:title\" content=\"10 a\u00f1os | Calidad de Vida Urbana \u2013 ICVU 2020 - Facultad de Arquitectura, Dise\u00f1o y Estudios Urbanos\" \/>\n<meta property=\"og:description\" content=\"Hace diez a\u00f1os, la C\u00e1mara Chilena de la Construcci\u00f3n en conjunto con el Instituto de Estudios Urbanos y Territoriales de la Universidad Cat\u00f3lica, decidieron elaborar el \u00cdndice de Calidad de Vida Urbana (ICVU) con el fin de comprender las brechas en la calidad de vida urbana en las distintas comunas y ciudades de Chile. El objetivo principal del ICVU es aportar al dise\u00f1o de pol\u00edticas p\u00fablicas y a la focalizaci\u00f3n de recursos destinados a mejorar las condiciones de vida de las personas que habitan en diversas comunas del pa\u00eds.\" \/>\n<meta property=\"og:url\" content=\"https:\/\/fadeu.urantiacos.cl\/en\/2020\/12\/28\/10-anos-calidad-de-vida-urbana-icvu-2020\/\" \/>\n<meta property=\"og:site_name\" content=\"Facultad de Arquitectura, Dise\u00f1o y Estudios Urbanos\" \/>\n<meta property=\"article:published_time\" content=\"2020-12-28T17:54:00+00:00\" \/>\n<meta property=\"article:modified_time\" content=\"2023-09-09T17:58:29+00:00\" \/>\n<meta property=\"og:image\" content=\"https:\/\/fadeu.urantiacos.cl\/wp-content\/uploads\/2023\/09\/Captura-de-pantalla-2020-12-28-a-las-12.27.36_WEB.png\" \/>\n\t<meta property=\"og:image:width\" content=\"350\" \/>\n\t<meta property=\"og:image:height\" content=\"250\" \/>\n\t<meta property=\"og:image:type\" content=\"image\/png\" \/>\n<meta name=\"author\" content=\"manadmin\" \/>\n<meta name=\"twitter:card\" content=\"summary_large_image\" \/>\n<meta name=\"twitter:label1\" content=\"Written by\" \/>\n\t<meta name=\"twitter:data1\" content=\"manadmin\" \/>\n<script type=\"application\/ld+json\" class=\"yoast-schema-graph\">{\"@context\":\"https:\/\/schema.org\",\"@graph\":[{\"@type\":\"Article\",\"@id\":\"https:\/\/fadeu.urantiacos.cl\/en\/2020\/12\/28\/10-anos-calidad-de-vida-urbana-icvu-2020\/#article\",\"isPartOf\":{\"@id\":\"https:\/\/fadeu.urantiacos.cl\/en\/2020\/12\/28\/10-anos-calidad-de-vida-urbana-icvu-2020\/\"},\"author\":{\"name\":\"manadmin\",\"@id\":\"https:\/\/fadeu.urantiacos.cl\/en\/#\/schema\/person\/d203e2e84b1c40275eac77b3061a19a2\"},\"headline\":\"10 a\u00f1os | Calidad de Vida Urbana \u2013 ICVU 2020\",\"datePublished\":\"2020-12-28T17:54:00+00:00\",\"dateModified\":\"2023-09-09T17:58:29+00:00\",\"mainEntityOfPage\":{\"@id\":\"https:\/\/fadeu.urantiacos.cl\/en\/2020\/12\/28\/10-anos-calidad-de-vida-urbana-icvu-2020\/\"},\"wordCount\":86,\"commentCount\":0,\"image\":{\"@id\":\"https:\/\/fadeu.urantiacos.cl\/en\/2020\/12\/28\/10-anos-calidad-de-vida-urbana-icvu-2020\/#primaryimage\"},\"thumbnailUrl\":\"https:\/\/fadeu.urantiacos.cl\/wp-content\/uploads\/2023\/09\/Captura-de-pantalla-2020-12-28-a-las-12.27.36_WEB.png\",\"articleSection\":[\"Sin categorizar\"],\"inLanguage\":\"en-US\",\"potentialAction\":[{\"@type\":\"CommentAction\",\"name\":\"Comment\",\"target\":[\"https:\/\/fadeu.urantiacos.cl\/en\/2020\/12\/28\/10-anos-calidad-de-vida-urbana-icvu-2020\/#respond\"]}]},{\"@type\":\"WebPage\",\"@id\":\"https:\/\/fadeu.urantiacos.cl\/en\/2020\/12\/28\/10-anos-calidad-de-vida-urbana-icvu-2020\/\",\"url\":\"https:\/\/fadeu.urantiacos.cl\/en\/2020\/12\/28\/10-anos-calidad-de-vida-urbana-icvu-2020\/\",\"name\":\"10 a\u00f1os | Calidad de Vida Urbana \u2013 ICVU 2020 - Facultad de Arquitectura, Dise\u00f1o y Estudios Urbanos\",\"isPartOf\":{\"@id\":\"https:\/\/fadeu.urantiacos.cl\/en\/#website\"},\"primaryImageOfPage\":{\"@id\":\"https:\/\/fadeu.urantiacos.cl\/en\/2020\/12\/28\/10-anos-calidad-de-vida-urbana-icvu-2020\/#primaryimage\"},\"image\":{\"@id\":\"https:\/\/fadeu.urantiacos.cl\/en\/2020\/12\/28\/10-anos-calidad-de-vida-urbana-icvu-2020\/#primaryimage\"},\"thumbnailUrl\":\"https:\/\/fadeu.urantiacos.cl\/wp-content\/uploads\/2023\/09\/Captura-de-pantalla-2020-12-28-a-las-12.27.36_WEB.png\",\"datePublished\":\"2020-12-28T17:54:00+00:00\",\"dateModified\":\"2023-09-09T17:58:29+00:00\",\"author\":{\"@id\":\"https:\/\/fadeu.urantiacos.cl\/en\/#\/schema\/person\/d203e2e84b1c40275eac77b3061a19a2\"},\"description\":\"Hace diez a\u00f1os, la C\u00e1mara Chilena de la Construcci\u00f3n en conjunto con el Instituto de Estudios Urbanos y Territoriales de la Universidad Cat\u00f3lica, decidieron elaborar el \u00cdndice de Calidad de Vida Urbana (ICVU) con el fin de comprender las brechas en la calidad de vida urbana en las distintas comunas y ciudades de Chile. El objetivo principal del ICVU es aportar al dise\u00f1o de pol\u00edticas p\u00fablicas y a la focalizaci\u00f3n de recursos destinados a mejorar las condiciones de vida de las personas que habitan en diversas comunas del pa\u00eds.\",\"breadcrumb\":{\"@id\":\"https:\/\/fadeu.urantiacos.cl\/en\/2020\/12\/28\/10-anos-calidad-de-vida-urbana-icvu-2020\/#breadcrumb\"},\"inLanguage\":\"en-US\",\"potentialAction\":[{\"@type\":\"ReadAction\",\"target\":[\"https:\/\/fadeu.urantiacos.cl\/en\/2020\/12\/28\/10-anos-calidad-de-vida-urbana-icvu-2020\/\"]}]},{\"@type\":\"ImageObject\",\"inLanguage\":\"en-US\",\"@id\":\"https:\/\/fadeu.urantiacos.cl\/en\/2020\/12\/28\/10-anos-calidad-de-vida-urbana-icvu-2020\/#primaryimage\",\"url\":\"https:\/\/fadeu.urantiacos.cl\/wp-content\/uploads\/2023\/09\/Captura-de-pantalla-2020-12-28-a-las-12.27.36_WEB.png\",\"contentUrl\":\"https:\/\/fadeu.urantiacos.cl\/wp-content\/uploads\/2023\/09\/Captura-de-pantalla-2020-12-28-a-las-12.27.36_WEB.png\",\"width\":350,\"height\":250},{\"@type\":\"BreadcrumbList\",\"@id\":\"https:\/\/fadeu.urantiacos.cl\/en\/2020\/12\/28\/10-anos-calidad-de-vida-urbana-icvu-2020\/#breadcrumb\",\"itemListElement\":[{\"@type\":\"ListItem\",\"position\":1,\"name\":\"Portada\",\"item\":\"https:\/\/fadeu.urantiacos.cl\/en\/\"},{\"@type\":\"ListItem\",\"position\":2,\"name\":\"10 a\u00f1os | Calidad de Vida Urbana \u2013 ICVU 2020\"}]},{\"@type\":\"WebSite\",\"@id\":\"https:\/\/fadeu.urantiacos.cl\/en\/#website\",\"url\":\"https:\/\/fadeu.urantiacos.cl\/en\/\",\"name\":\"Facultad de Arquitectura, Dise\u00f1o y Estudios Urbanos\",\"description\":\"Campus Lo Contador\",\"potentialAction\":[{\"@type\":\"SearchAction\",\"target\":{\"@type\":\"EntryPoint\",\"urlTemplate\":\"https:\/\/fadeu.urantiacos.cl\/en\/?s={search_term_string}\"},\"query-input\":{\"@type\":\"PropertyValueSpecification\",\"valueRequired\":true,\"valueName\":\"search_term_string\"}}],\"inLanguage\":\"en-US\"},{\"@type\":\"Person\",\"@id\":\"https:\/\/fadeu.urantiacos.cl\/en\/#\/schema\/person\/d203e2e84b1c40275eac77b3061a19a2\",\"name\":\"manadmin\",\"image\":{\"@type\":\"ImageObject\",\"inLanguage\":\"en-US\",\"@id\":\"https:\/\/fadeu.urantiacos.cl\/en\/#\/schema\/person\/image\/\",\"url\":\"https:\/\/secure.gravatar.com\/avatar\/4b1d8e3303b4a9d8968ac578947d8bc80d9aea359f388cdd4aac15cadc0e8447?s=96&d=mm&r=g\",\"contentUrl\":\"https:\/\/secure.gravatar.com\/avatar\/4b1d8e3303b4a9d8968ac578947d8bc80d9aea359f388cdd4aac15cadc0e8447?s=96&d=mm&r=g\",\"caption\":\"manadmin\"},\"sameAs\":[\"https:\/\/fadeu.urantiacos.cl\"]}]}<\/script>\n<!-- \/ Yoast SEO plugin. -->","yoast_head_json":{"title":"10 a\u00f1os | Calidad de Vida Urbana \u2013 ICVU 2020 - Facultad de Arquitectura, Dise\u00f1o y Estudios Urbanos","description":"Hace diez a\u00f1os, la C\u00e1mara Chilena de la Construcci\u00f3n en conjunto con el Instituto de Estudios Urbanos y Territoriales de la Universidad Cat\u00f3lica, decidieron elaborar el \u00cdndice de Calidad de Vida Urbana (ICVU) con el fin de comprender las brechas en la calidad de vida urbana en las distintas comunas y ciudades de Chile. El objetivo principal del ICVU es aportar al dise\u00f1o de pol\u00edticas p\u00fablicas y a la focalizaci\u00f3n de recursos destinados a mejorar las condiciones de vida de las personas que habitan en diversas comunas del pa\u00eds.","robots":{"index":"index","follow":"follow","max-snippet":"max-snippet:-1","max-image-preview":"max-image-preview:large","max-video-preview":"max-video-preview:-1"},"canonical":"https:\/\/fadeu.urantiacos.cl\/en\/2020\/12\/28\/10-anos-calidad-de-vida-urbana-icvu-2020\/","og_locale":"en_US","og_type":"article","og_title":"10 a\u00f1os | Calidad de Vida Urbana \u2013 ICVU 2020 - Facultad de Arquitectura, Dise\u00f1o y Estudios Urbanos","og_description":"Hace diez a\u00f1os, la C\u00e1mara Chilena de la Construcci\u00f3n en conjunto con el Instituto de Estudios Urbanos y Territoriales de la Universidad Cat\u00f3lica, decidieron elaborar el \u00cdndice de Calidad de Vida Urbana (ICVU) con el fin de comprender las brechas en la calidad de vida urbana en las distintas comunas y ciudades de Chile. El objetivo principal del ICVU es aportar al dise\u00f1o de pol\u00edticas p\u00fablicas y a la focalizaci\u00f3n de recursos destinados a mejorar las condiciones de vida de las personas que habitan en diversas comunas del pa\u00eds.","og_url":"https:\/\/fadeu.urantiacos.cl\/en\/2020\/12\/28\/10-anos-calidad-de-vida-urbana-icvu-2020\/","og_site_name":"Facultad de Arquitectura, Dise\u00f1o y Estudios Urbanos","article_published_time":"2020-12-28T17:54:00+00:00","article_modified_time":"2023-09-09T17:58:29+00:00","og_image":[{"width":350,"height":250,"url":"https:\/\/fadeu.urantiacos.cl\/wp-content\/uploads\/2023\/09\/Captura-de-pantalla-2020-12-28-a-las-12.27.36_WEB.png","type":"image\/png"}],"author":"manadmin","twitter_card":"summary_large_image","twitter_misc":{"Written by":"manadmin"},"schema":{"@context":"https:\/\/schema.org","@graph":[{"@type":"Article","@id":"https:\/\/fadeu.urantiacos.cl\/en\/2020\/12\/28\/10-anos-calidad-de-vida-urbana-icvu-2020\/#article","isPartOf":{"@id":"https:\/\/fadeu.urantiacos.cl\/en\/2020\/12\/28\/10-anos-calidad-de-vida-urbana-icvu-2020\/"},"author":{"name":"manadmin","@id":"https:\/\/fadeu.urantiacos.cl\/en\/#\/schema\/person\/d203e2e84b1c40275eac77b3061a19a2"},"headline":"10 a\u00f1os | Calidad de Vida Urbana \u2013 ICVU 2020","datePublished":"2020-12-28T17:54:00+00:00","dateModified":"2023-09-09T17:58:29+00:00","mainEntityOfPage":{"@id":"https:\/\/fadeu.urantiacos.cl\/en\/2020\/12\/28\/10-anos-calidad-de-vida-urbana-icvu-2020\/"},"wordCount":86,"commentCount":0,"image":{"@id":"https:\/\/fadeu.urantiacos.cl\/en\/2020\/12\/28\/10-anos-calidad-de-vida-urbana-icvu-2020\/#primaryimage"},"thumbnailUrl":"https:\/\/fadeu.urantiacos.cl\/wp-content\/uploads\/2023\/09\/Captura-de-pantalla-2020-12-28-a-las-12.27.36_WEB.png","articleSection":["Sin categorizar"],"inLanguage":"en-US","potentialAction":[{"@type":"CommentAction","name":"Comment","target":["https:\/\/fadeu.urantiacos.cl\/en\/2020\/12\/28\/10-anos-calidad-de-vida-urbana-icvu-2020\/#respond"]}]},{"@type":"WebPage","@id":"https:\/\/fadeu.urantiacos.cl\/en\/2020\/12\/28\/10-anos-calidad-de-vida-urbana-icvu-2020\/","url":"https:\/\/fadeu.urantiacos.cl\/en\/2020\/12\/28\/10-anos-calidad-de-vida-urbana-icvu-2020\/","name":"10 a\u00f1os | Calidad de Vida Urbana \u2013 ICVU 2020 - Facultad de Arquitectura, Dise\u00f1o y Estudios Urbanos","isPartOf":{"@id":"https:\/\/fadeu.urantiacos.cl\/en\/#website"},"primaryImageOfPage":{"@id":"https:\/\/fadeu.urantiacos.cl\/en\/2020\/12\/28\/10-anos-calidad-de-vida-urbana-icvu-2020\/#primaryimage"},"image":{"@id":"https:\/\/fadeu.urantiacos.cl\/en\/2020\/12\/28\/10-anos-calidad-de-vida-urbana-icvu-2020\/#primaryimage"},"thumbnailUrl":"https:\/\/fadeu.urantiacos.cl\/wp-content\/uploads\/2023\/09\/Captura-de-pantalla-2020-12-28-a-las-12.27.36_WEB.png","datePublished":"2020-12-28T17:54:00+00:00","dateModified":"2023-09-09T17:58:29+00:00","author":{"@id":"https:\/\/fadeu.urantiacos.cl\/en\/#\/schema\/person\/d203e2e84b1c40275eac77b3061a19a2"},"description":"Hace diez a\u00f1os, la C\u00e1mara Chilena de la Construcci\u00f3n en conjunto con el Instituto de Estudios Urbanos y Territoriales de la Universidad Cat\u00f3lica, decidieron elaborar el \u00cdndice de Calidad de Vida Urbana (ICVU) con el fin de comprender las brechas en la calidad de vida urbana en las distintas comunas y ciudades de Chile. El objetivo principal del ICVU es aportar al dise\u00f1o de pol\u00edticas p\u00fablicas y a la focalizaci\u00f3n de recursos destinados a mejorar las condiciones de vida de las personas que habitan en diversas comunas del pa\u00eds.","breadcrumb":{"@id":"https:\/\/fadeu.urantiacos.cl\/en\/2020\/12\/28\/10-anos-calidad-de-vida-urbana-icvu-2020\/#breadcrumb"},"inLanguage":"en-US","potentialAction":[{"@type":"ReadAction","target":["https:\/\/fadeu.urantiacos.cl\/en\/2020\/12\/28\/10-anos-calidad-de-vida-urbana-icvu-2020\/"]}]},{"@type":"ImageObject","inLanguage":"en-US","@id":"https:\/\/fadeu.urantiacos.cl\/en\/2020\/12\/28\/10-anos-calidad-de-vida-urbana-icvu-2020\/#primaryimage","url":"https:\/\/fadeu.urantiacos.cl\/wp-content\/uploads\/2023\/09\/Captura-de-pantalla-2020-12-28-a-las-12.27.36_WEB.png","contentUrl":"https:\/\/fadeu.urantiacos.cl\/wp-content\/uploads\/2023\/09\/Captura-de-pantalla-2020-12-28-a-las-12.27.36_WEB.png","width":350,"height":250},{"@type":"BreadcrumbList","@id":"https:\/\/fadeu.urantiacos.cl\/en\/2020\/12\/28\/10-anos-calidad-de-vida-urbana-icvu-2020\/#breadcrumb","itemListElement":[{"@type":"ListItem","position":1,"name":"Portada","item":"https:\/\/fadeu.urantiacos.cl\/en\/"},{"@type":"ListItem","position":2,"name":"10 a\u00f1os | Calidad de Vida Urbana \u2013 ICVU 2020"}]},{"@type":"WebSite","@id":"https:\/\/fadeu.urantiacos.cl\/en\/#website","url":"https:\/\/fadeu.urantiacos.cl\/en\/","name":"Facultad de Arquitectura, Dise\u00f1o y Estudios Urbanos","description":"Campus Lo Contador","potentialAction":[{"@type":"SearchAction","target":{"@type":"EntryPoint","urlTemplate":"https:\/\/fadeu.urantiacos.cl\/en\/?s={search_term_string}"},"query-input":{"@type":"PropertyValueSpecification","valueRequired":true,"valueName":"search_term_string"}}],"inLanguage":"en-US"},{"@type":"Person","@id":"https:\/\/fadeu.urantiacos.cl\/en\/#\/schema\/person\/d203e2e84b1c40275eac77b3061a19a2","name":"manadmin","image":{"@type":"ImageObject","inLanguage":"en-US","@id":"https:\/\/fadeu.urantiacos.cl\/en\/#\/schema\/person\/image\/","url":"https:\/\/secure.gravatar.com\/avatar\/4b1d8e3303b4a9d8968ac578947d8bc80d9aea359f388cdd4aac15cadc0e8447?s=96&d=mm&r=g","contentUrl":"https:\/\/secure.gravatar.com\/avatar\/4b1d8e3303b4a9d8968ac578947d8bc80d9aea359f388cdd4aac15cadc0e8447?s=96&d=mm&r=g","caption":"manadmin"},"sameAs":["https:\/\/fadeu.urantiacos.cl"]}]}},"_links":{"self":[{"href":"https:\/\/fadeu.urantiacos.cl\/en\/wp-json\/wp\/v2\/posts\/7654","targetHints":{"allow":["GET"]}}],"collection":[{"href":"https:\/\/fadeu.urantiacos.cl\/en\/wp-json\/wp\/v2\/posts"}],"about":[{"href":"https:\/\/fadeu.urantiacos.cl\/en\/wp-json\/wp\/v2\/types\/post"}],"author":[{"embeddable":true,"href":"https:\/\/fadeu.urantiacos.cl\/en\/wp-json\/wp\/v2\/users\/1"}],"replies":[{"embeddable":true,"href":"https:\/\/fadeu.urantiacos.cl\/en\/wp-json\/wp\/v2\/comments?post=7654"}],"version-history":[{"count":1,"href":"https:\/\/fadeu.urantiacos.cl\/en\/wp-json\/wp\/v2\/posts\/7654\/revisions"}],"predecessor-version":[{"id":7657,"href":"https:\/\/fadeu.urantiacos.cl\/en\/wp-json\/wp\/v2\/posts\/7654\/revisions\/7657"}],"wp:featuredmedia":[{"embeddable":true,"href":"https:\/\/fadeu.urantiacos.cl\/en\/wp-json\/wp\/v2\/media\/7656"}],"wp:attachment":[{"href":"https:\/\/fadeu.urantiacos.cl\/en\/wp-json\/wp\/v2\/media?parent=7654"}],"wp:term":[{"taxonomy":"category","embeddable":true,"href":"https:\/\/fadeu.urantiacos.cl\/en\/wp-json\/wp\/v2\/categories?post=7654"},{"taxonomy":"post_tag","embeddable":true,"href":"https:\/\/fadeu.urantiacos.cl\/en\/wp-json\/wp\/v2\/tags?post=7654"}],"curies":[{"name":"wp","href":"https:\/\/api.w.org\/{rel}","templated":true}]}}