{"id":7646,"date":"2020-12-30T00:01:00","date_gmt":"2020-12-30T03:01:00","guid":{"rendered":"https:\/\/fadeu.urantiacos.cl\/?p=7646"},"modified":"2023-09-09T00:03:49","modified_gmt":"2023-09-09T03:03:49","slug":"cna-acredita-al-magister-en-patrimonio-cultural-uc-hasta-2022","status":"publish","type":"post","link":"https:\/\/fadeu.urantiacos.cl\/en\/2020\/12\/30\/cna-acredita-al-magister-en-patrimonio-cultural-uc-hasta-2022\/","title":{"rendered":"CNA acredita al Mag\u00edster en Patrimonio Cultural UC hasta 2022"},"content":{"rendered":"\n<figure class=\"wp-block-image size-full\"><img decoding=\"async\" width=\"350\" height=\"250\" src=\"https:\/\/fadeu.urantiacos.cl\/wp-content\/uploads\/2023\/09\/2019_ExpoAcreditacion_MP.jpg\" alt=\"\" class=\"wp-image-7647\" srcset=\"https:\/\/fadeu.urantiacos.cl\/wp-content\/uploads\/2023\/09\/2019_ExpoAcreditacion_MP.jpg 350w, https:\/\/fadeu.urantiacos.cl\/wp-content\/uploads\/2023\/09\/2019_ExpoAcreditacion_MP-300x214.jpg 300w\" sizes=\"(max-width: 350px) 100vw, 350px\" \/><\/figure>\n\n\n\n<p>El desarrollo de este primer proceso de acreditaci\u00f3n del programa inici\u00f3 el 3 de Mayo de 2018 con la visita del Vicerrector Acad\u00e9mico UC, continuando con la redacci\u00f3n del Formulario de Antecedentes (junio-julio) y del Informe de Autoevaluaci\u00f3n (agosto-noviembre), lo que involucr\u00f3 a sus profesores y estudiantes en una serie de reuniones para conversar sobre las fortalezas y debilidades del programa, as\u00ed como idear propuestas para su mejoramiento continuo, y una serie de revisiones de los documentos antes de su env\u00edo a CNA. Finalmente, el 20 de Agosto de 2019 se recibi\u00f3 la visita de los Pares Evaluadores, sres. Javier Ram\u00edrez (Universidad de Concepci\u00f3n) y Marco Mu\u00f1oz (Universidad de Playa Ancha), as\u00ed como de la Ministra de F\u00e9, sra. Francisca Mancilla (CNA-Chile), los cuales sostuvieron reuniones con autoridades de la Universidad, Comit\u00e9 del Programa, estudiantes, profesores, graduados y sus empleadores. Tras recibir un primer resultado y realizar su apelaci\u00f3n, el programa fue acreditado por 3 a\u00f1os.<\/p>\n\n\n\n<p>El equipo encargado del Proceso de Acreditaci\u00f3n del Programa de Mag\u00edster en Patrimonio Cultural UC lo lider\u00f3 Elvira P\u00e9rez, jefa del programa, Natalia Alvarado, apoyo profesional del proceso, Carlos Silva, coordinador acad\u00e9mico, y el apoyo continuo y fundamental del \u00c1rea de Aseguramiento de la Calidad y Estudios de la Direcci\u00f3n Acad\u00e9mica de Docencia, Vicerrector\u00eda Acad\u00e9mica UC, en la persona de Silvia Castillo y equipo.<\/p>\n\n\n\n<figure class=\"wp-block-image size-full\"><img decoding=\"async\" width=\"1024\" height=\"768\" src=\"https:\/\/fadeu.urantiacos.cl\/wp-content\/uploads\/2023\/09\/2019_ExpoAcreditacion.jpg\" alt=\"\" class=\"wp-image-7648\" srcset=\"https:\/\/fadeu.urantiacos.cl\/wp-content\/uploads\/2023\/09\/2019_ExpoAcreditacion.jpg 1024w, https:\/\/fadeu.urantiacos.cl\/wp-content\/uploads\/2023\/09\/2019_ExpoAcreditacion-300x225.jpg 300w, https:\/\/fadeu.urantiacos.cl\/wp-content\/uploads\/2023\/09\/2019_ExpoAcreditacion-768x576.jpg 768w\" sizes=\"(max-width: 1024px) 100vw, 1024px\" \/><\/figure>\n\n\n\n<p>Exposici\u00f3n Programa de Mag\u00edster en Patrimonio Cultural UC para Visita de Pares Evaluadores CNA-Chile.<\/p>\n\n\n\n<p>El Programa de Mag\u00edster en Patrimonio Cultural UC se propone como un mag\u00edster interdisciplinario de especializaci\u00f3n que busca formar profesionales que sean capaces de enfrentar los problemas vinculados al territorio, la ciudad y el paisaje. \u00c9stos atraen, de manera creciente, la atenci\u00f3n de autoridades y de la opini\u00f3n p\u00fablica, pues est\u00e1n \u00edntimamente ligados a la calidad de vida de la poblaci\u00f3n y al desarrollo del pa\u00eds. La formaci\u00f3n de profesionales en el \u00e1rea permitir\u00e1 elevar el nivel de la discusi\u00f3n acerca de estos t\u00f3picos, transferir al pa\u00eds experiencias realizadas en otros \u00e1mbitos acad\u00e9micos y generar nuevos conocimientos al respecto. El programa se ha planteado como una respuesta innovadora capaz de contribuir de manera significativa al desarrollo social y cultural.<\/p>\n\n\n\n<p>Adem\u00e1s de ser una certificaci\u00f3n de la calidad del programa, abre la posibilidad de postular a&nbsp;<a href=\"https:\/\/www.anid.cl\/concursos\/concurso\/?id=466\" target=\"_blank\" rel=\"noreferrer noopener\">Becas ANID Mag\u00edster Nacional&nbsp;<\/a>a nuestros\/as postulantes.<\/p>\n\n\n\n<p>INFORMACI\u00d3N PERIOD\u00cdSTICA<br>MAG\u00cdSTER EN PATRIMONIO CULTURAL UC<\/p>\n","protected":false},"excerpt":{"rendered":"<p>La Comisi\u00f3n Nacional de Acreditaci\u00f3n (CNA) ha acreditado por 3 a\u00f1os hasta el 2022 al Mag\u00edster en Patrimonio Cultural que dictan en conjunto las Facultades de Artes, de Historia, Geograf\u00eda y Ciencia Pol\u00edtica, de Arquitectura, Dise\u00f1o y Estudios Urbanos y de Ingenier\u00eda de la Pontificia Universidad Cat\u00f3lica de Chile, programa de postgrado que se imparte desde la sede de la Escuela de Arquitectura en campus Lo Contador UC desde el a\u00f1o 2015.<\/p>\n","protected":false},"author":1,"featured_media":7647,"comment_status":"open","ping_status":"open","sticky":false,"template":"","format":"standard","meta":{"_acf_changed":false,"footnotes":""},"categories":[1],"tags":[],"class_list":["post-7646","post","type-post","status-publish","format-standard","has-post-thumbnail","hentry","category-sin-categorizar"],"acf":[],"yoast_head":"<!-- This site is optimized with the Yoast SEO plugin v27.1.1 - https:\/\/yoast.com\/product\/yoast-seo-wordpress\/ -->\n<title>CNA acredita al Mag\u00edster en Patrimonio Cultural UC hasta 2022 - Facultad de Arquitectura, Dise\u00f1o y Estudios Urbanos<\/title>\n<meta name=\"description\" content=\"La Comisi\u00f3n Nacional de Acreditaci\u00f3n (CNA) ha acreditado por 3 a\u00f1os hasta el 2022 al Mag\u00edster en Patrimonio Cultural que dictan en conjunto las Facultades de Artes, de Historia, Geograf\u00eda y Ciencia Pol\u00edtica, de Arquitectura, Dise\u00f1o y Estudios Urbanos y de Ingenier\u00eda de la Pontificia Universidad Cat\u00f3lica de Chile, programa de postgrado que se imparte desde la sede de la Escuela de Arquitectura en campus Lo Contador UC desde el a\u00f1o 2015.\" \/>\n<meta name=\"robots\" content=\"index, follow, max-snippet:-1, max-image-preview:large, max-video-preview:-1\" \/>\n<link rel=\"canonical\" href=\"https:\/\/fadeu.urantiacos.cl\/en\/2020\/12\/30\/cna-acredita-al-magister-en-patrimonio-cultural-uc-hasta-2022\/\" \/>\n<meta property=\"og:locale\" content=\"en_US\" \/>\n<meta property=\"og:type\" content=\"article\" \/>\n<meta property=\"og:title\" content=\"CNA acredita al Mag\u00edster en Patrimonio Cultural UC hasta 2022 - Facultad de Arquitectura, Dise\u00f1o y Estudios Urbanos\" \/>\n<meta property=\"og:description\" content=\"La Comisi\u00f3n Nacional de Acreditaci\u00f3n (CNA) ha acreditado por 3 a\u00f1os hasta el 2022 al Mag\u00edster en Patrimonio Cultural que dictan en conjunto las Facultades de Artes, de Historia, Geograf\u00eda y Ciencia Pol\u00edtica, de Arquitectura, Dise\u00f1o y Estudios Urbanos y de Ingenier\u00eda de la Pontificia Universidad Cat\u00f3lica de Chile, programa de postgrado que se imparte desde la sede de la Escuela de Arquitectura en campus Lo Contador UC desde el a\u00f1o 2015.\" \/>\n<meta property=\"og:url\" content=\"https:\/\/fadeu.urantiacos.cl\/en\/2020\/12\/30\/cna-acredita-al-magister-en-patrimonio-cultural-uc-hasta-2022\/\" \/>\n<meta property=\"og:site_name\" content=\"Facultad de Arquitectura, Dise\u00f1o y Estudios Urbanos\" \/>\n<meta property=\"article:published_time\" content=\"2020-12-30T03:01:00+00:00\" \/>\n<meta property=\"article:modified_time\" content=\"2023-09-09T03:03:49+00:00\" \/>\n<meta property=\"og:image\" content=\"https:\/\/fadeu.urantiacos.cl\/wp-content\/uploads\/2023\/09\/2019_ExpoAcreditacion_MP.jpg\" \/>\n\t<meta property=\"og:image:width\" content=\"350\" \/>\n\t<meta property=\"og:image:height\" content=\"250\" \/>\n\t<meta property=\"og:image:type\" content=\"image\/jpeg\" \/>\n<meta name=\"author\" content=\"manadmin\" \/>\n<meta name=\"twitter:card\" content=\"summary_large_image\" \/>\n<meta name=\"twitter:label1\" content=\"Written by\" \/>\n\t<meta name=\"twitter:data1\" content=\"manadmin\" \/>\n\t<meta name=\"twitter:label2\" content=\"Est. reading time\" \/>\n\t<meta name=\"twitter:data2\" content=\"2 minutes\" \/>\n<script type=\"application\/ld+json\" class=\"yoast-schema-graph\">{\"@context\":\"https:\/\/schema.org\",\"@graph\":[{\"@type\":\"Article\",\"@id\":\"https:\/\/fadeu.urantiacos.cl\/en\/2020\/12\/30\/cna-acredita-al-magister-en-patrimonio-cultural-uc-hasta-2022\/#article\",\"isPartOf\":{\"@id\":\"https:\/\/fadeu.urantiacos.cl\/en\/2020\/12\/30\/cna-acredita-al-magister-en-patrimonio-cultural-uc-hasta-2022\/\"},\"author\":{\"name\":\"manadmin\",\"@id\":\"https:\/\/fadeu.urantiacos.cl\/en\/#\/schema\/person\/d203e2e84b1c40275eac77b3061a19a2\"},\"headline\":\"CNA acredita al Mag\u00edster en Patrimonio Cultural UC hasta 2022\",\"datePublished\":\"2020-12-30T03:01:00+00:00\",\"dateModified\":\"2023-09-09T03:03:49+00:00\",\"mainEntityOfPage\":{\"@id\":\"https:\/\/fadeu.urantiacos.cl\/en\/2020\/12\/30\/cna-acredita-al-magister-en-patrimonio-cultural-uc-hasta-2022\/\"},\"wordCount\":430,\"commentCount\":0,\"image\":{\"@id\":\"https:\/\/fadeu.urantiacos.cl\/en\/2020\/12\/30\/cna-acredita-al-magister-en-patrimonio-cultural-uc-hasta-2022\/#primaryimage\"},\"thumbnailUrl\":\"https:\/\/fadeu.urantiacos.cl\/wp-content\/uploads\/2023\/09\/2019_ExpoAcreditacion_MP.jpg\",\"articleSection\":[\"Sin categorizar\"],\"inLanguage\":\"en-US\",\"potentialAction\":[{\"@type\":\"CommentAction\",\"name\":\"Comment\",\"target\":[\"https:\/\/fadeu.urantiacos.cl\/en\/2020\/12\/30\/cna-acredita-al-magister-en-patrimonio-cultural-uc-hasta-2022\/#respond\"]}]},{\"@type\":\"WebPage\",\"@id\":\"https:\/\/fadeu.urantiacos.cl\/en\/2020\/12\/30\/cna-acredita-al-magister-en-patrimonio-cultural-uc-hasta-2022\/\",\"url\":\"https:\/\/fadeu.urantiacos.cl\/en\/2020\/12\/30\/cna-acredita-al-magister-en-patrimonio-cultural-uc-hasta-2022\/\",\"name\":\"CNA acredita al Mag\u00edster en Patrimonio Cultural UC hasta 2022 - Facultad de Arquitectura, Dise\u00f1o y Estudios Urbanos\",\"isPartOf\":{\"@id\":\"https:\/\/fadeu.urantiacos.cl\/en\/#website\"},\"primaryImageOfPage\":{\"@id\":\"https:\/\/fadeu.urantiacos.cl\/en\/2020\/12\/30\/cna-acredita-al-magister-en-patrimonio-cultural-uc-hasta-2022\/#primaryimage\"},\"image\":{\"@id\":\"https:\/\/fadeu.urantiacos.cl\/en\/2020\/12\/30\/cna-acredita-al-magister-en-patrimonio-cultural-uc-hasta-2022\/#primaryimage\"},\"thumbnailUrl\":\"https:\/\/fadeu.urantiacos.cl\/wp-content\/uploads\/2023\/09\/2019_ExpoAcreditacion_MP.jpg\",\"datePublished\":\"2020-12-30T03:01:00+00:00\",\"dateModified\":\"2023-09-09T03:03:49+00:00\",\"author\":{\"@id\":\"https:\/\/fadeu.urantiacos.cl\/en\/#\/schema\/person\/d203e2e84b1c40275eac77b3061a19a2\"},\"description\":\"La Comisi\u00f3n Nacional de Acreditaci\u00f3n (CNA) ha acreditado por 3 a\u00f1os hasta el 2022 al Mag\u00edster en Patrimonio Cultural que dictan en conjunto las Facultades de Artes, de Historia, Geograf\u00eda y Ciencia Pol\u00edtica, de Arquitectura, Dise\u00f1o y Estudios Urbanos y de Ingenier\u00eda de la Pontificia Universidad Cat\u00f3lica de Chile, programa de postgrado que se imparte desde la sede de la Escuela de Arquitectura en campus Lo Contador UC desde el a\u00f1o 2015.\",\"breadcrumb\":{\"@id\":\"https:\/\/fadeu.urantiacos.cl\/en\/2020\/12\/30\/cna-acredita-al-magister-en-patrimonio-cultural-uc-hasta-2022\/#breadcrumb\"},\"inLanguage\":\"en-US\",\"potentialAction\":[{\"@type\":\"ReadAction\",\"target\":[\"https:\/\/fadeu.urantiacos.cl\/en\/2020\/12\/30\/cna-acredita-al-magister-en-patrimonio-cultural-uc-hasta-2022\/\"]}]},{\"@type\":\"ImageObject\",\"inLanguage\":\"en-US\",\"@id\":\"https:\/\/fadeu.urantiacos.cl\/en\/2020\/12\/30\/cna-acredita-al-magister-en-patrimonio-cultural-uc-hasta-2022\/#primaryimage\",\"url\":\"https:\/\/fadeu.urantiacos.cl\/wp-content\/uploads\/2023\/09\/2019_ExpoAcreditacion_MP.jpg\",\"contentUrl\":\"https:\/\/fadeu.urantiacos.cl\/wp-content\/uploads\/2023\/09\/2019_ExpoAcreditacion_MP.jpg\",\"width\":350,\"height\":250},{\"@type\":\"BreadcrumbList\",\"@id\":\"https:\/\/fadeu.urantiacos.cl\/en\/2020\/12\/30\/cna-acredita-al-magister-en-patrimonio-cultural-uc-hasta-2022\/#breadcrumb\",\"itemListElement\":[{\"@type\":\"ListItem\",\"position\":1,\"name\":\"Portada\",\"item\":\"https:\/\/fadeu.urantiacos.cl\/en\/\"},{\"@type\":\"ListItem\",\"position\":2,\"name\":\"CNA acredita al Mag\u00edster en Patrimonio Cultural UC hasta 2022\"}]},{\"@type\":\"WebSite\",\"@id\":\"https:\/\/fadeu.urantiacos.cl\/en\/#website\",\"url\":\"https:\/\/fadeu.urantiacos.cl\/en\/\",\"name\":\"Facultad de Arquitectura, Dise\u00f1o y Estudios Urbanos\",\"description\":\"Campus Lo Contador\",\"potentialAction\":[{\"@type\":\"SearchAction\",\"target\":{\"@type\":\"EntryPoint\",\"urlTemplate\":\"https:\/\/fadeu.urantiacos.cl\/en\/?s={search_term_string}\"},\"query-input\":{\"@type\":\"PropertyValueSpecification\",\"valueRequired\":true,\"valueName\":\"search_term_string\"}}],\"inLanguage\":\"en-US\"},{\"@type\":\"Person\",\"@id\":\"https:\/\/fadeu.urantiacos.cl\/en\/#\/schema\/person\/d203e2e84b1c40275eac77b3061a19a2\",\"name\":\"manadmin\",\"image\":{\"@type\":\"ImageObject\",\"inLanguage\":\"en-US\",\"@id\":\"https:\/\/fadeu.urantiacos.cl\/en\/#\/schema\/person\/image\/\",\"url\":\"https:\/\/secure.gravatar.com\/avatar\/4b1d8e3303b4a9d8968ac578947d8bc80d9aea359f388cdd4aac15cadc0e8447?s=96&d=mm&r=g\",\"contentUrl\":\"https:\/\/secure.gravatar.com\/avatar\/4b1d8e3303b4a9d8968ac578947d8bc80d9aea359f388cdd4aac15cadc0e8447?s=96&d=mm&r=g\",\"caption\":\"manadmin\"},\"sameAs\":[\"https:\/\/fadeu.urantiacos.cl\"]}]}<\/script>\n<!-- \/ Yoast SEO plugin. -->","yoast_head_json":{"title":"CNA acredita al Mag\u00edster en Patrimonio Cultural UC hasta 2022 - Facultad de Arquitectura, Dise\u00f1o y Estudios Urbanos","description":"La Comisi\u00f3n Nacional de Acreditaci\u00f3n (CNA) ha acreditado por 3 a\u00f1os hasta el 2022 al Mag\u00edster en Patrimonio Cultural que dictan en conjunto las Facultades de Artes, de Historia, Geograf\u00eda y Ciencia Pol\u00edtica, de Arquitectura, Dise\u00f1o y Estudios Urbanos y de Ingenier\u00eda de la Pontificia Universidad Cat\u00f3lica de Chile, programa de postgrado que se imparte desde la sede de la Escuela de Arquitectura en campus Lo Contador UC desde el a\u00f1o 2015.","robots":{"index":"index","follow":"follow","max-snippet":"max-snippet:-1","max-image-preview":"max-image-preview:large","max-video-preview":"max-video-preview:-1"},"canonical":"https:\/\/fadeu.urantiacos.cl\/en\/2020\/12\/30\/cna-acredita-al-magister-en-patrimonio-cultural-uc-hasta-2022\/","og_locale":"en_US","og_type":"article","og_title":"CNA acredita al Mag\u00edster en Patrimonio Cultural UC hasta 2022 - Facultad de Arquitectura, Dise\u00f1o y Estudios Urbanos","og_description":"La Comisi\u00f3n Nacional de Acreditaci\u00f3n (CNA) ha acreditado por 3 a\u00f1os hasta el 2022 al Mag\u00edster en Patrimonio Cultural que dictan en conjunto las Facultades de Artes, de Historia, Geograf\u00eda y Ciencia Pol\u00edtica, de Arquitectura, Dise\u00f1o y Estudios Urbanos y de Ingenier\u00eda de la Pontificia Universidad Cat\u00f3lica de Chile, programa de postgrado que se imparte desde la sede de la Escuela de Arquitectura en campus Lo Contador UC desde el a\u00f1o 2015.","og_url":"https:\/\/fadeu.urantiacos.cl\/en\/2020\/12\/30\/cna-acredita-al-magister-en-patrimonio-cultural-uc-hasta-2022\/","og_site_name":"Facultad de Arquitectura, Dise\u00f1o y Estudios Urbanos","article_published_time":"2020-12-30T03:01:00+00:00","article_modified_time":"2023-09-09T03:03:49+00:00","og_image":[{"width":350,"height":250,"url":"https:\/\/fadeu.urantiacos.cl\/wp-content\/uploads\/2023\/09\/2019_ExpoAcreditacion_MP.jpg","type":"image\/jpeg"}],"author":"manadmin","twitter_card":"summary_large_image","twitter_misc":{"Written by":"manadmin","Est. reading time":"2 minutes"},"schema":{"@context":"https:\/\/schema.org","@graph":[{"@type":"Article","@id":"https:\/\/fadeu.urantiacos.cl\/en\/2020\/12\/30\/cna-acredita-al-magister-en-patrimonio-cultural-uc-hasta-2022\/#article","isPartOf":{"@id":"https:\/\/fadeu.urantiacos.cl\/en\/2020\/12\/30\/cna-acredita-al-magister-en-patrimonio-cultural-uc-hasta-2022\/"},"author":{"name":"manadmin","@id":"https:\/\/fadeu.urantiacos.cl\/en\/#\/schema\/person\/d203e2e84b1c40275eac77b3061a19a2"},"headline":"CNA acredita al Mag\u00edster en Patrimonio Cultural UC hasta 2022","datePublished":"2020-12-30T03:01:00+00:00","dateModified":"2023-09-09T03:03:49+00:00","mainEntityOfPage":{"@id":"https:\/\/fadeu.urantiacos.cl\/en\/2020\/12\/30\/cna-acredita-al-magister-en-patrimonio-cultural-uc-hasta-2022\/"},"wordCount":430,"commentCount":0,"image":{"@id":"https:\/\/fadeu.urantiacos.cl\/en\/2020\/12\/30\/cna-acredita-al-magister-en-patrimonio-cultural-uc-hasta-2022\/#primaryimage"},"thumbnailUrl":"https:\/\/fadeu.urantiacos.cl\/wp-content\/uploads\/2023\/09\/2019_ExpoAcreditacion_MP.jpg","articleSection":["Sin categorizar"],"inLanguage":"en-US","potentialAction":[{"@type":"CommentAction","name":"Comment","target":["https:\/\/fadeu.urantiacos.cl\/en\/2020\/12\/30\/cna-acredita-al-magister-en-patrimonio-cultural-uc-hasta-2022\/#respond"]}]},{"@type":"WebPage","@id":"https:\/\/fadeu.urantiacos.cl\/en\/2020\/12\/30\/cna-acredita-al-magister-en-patrimonio-cultural-uc-hasta-2022\/","url":"https:\/\/fadeu.urantiacos.cl\/en\/2020\/12\/30\/cna-acredita-al-magister-en-patrimonio-cultural-uc-hasta-2022\/","name":"CNA acredita al Mag\u00edster en Patrimonio Cultural UC hasta 2022 - Facultad de Arquitectura, Dise\u00f1o y Estudios Urbanos","isPartOf":{"@id":"https:\/\/fadeu.urantiacos.cl\/en\/#website"},"primaryImageOfPage":{"@id":"https:\/\/fadeu.urantiacos.cl\/en\/2020\/12\/30\/cna-acredita-al-magister-en-patrimonio-cultural-uc-hasta-2022\/#primaryimage"},"image":{"@id":"https:\/\/fadeu.urantiacos.cl\/en\/2020\/12\/30\/cna-acredita-al-magister-en-patrimonio-cultural-uc-hasta-2022\/#primaryimage"},"thumbnailUrl":"https:\/\/fadeu.urantiacos.cl\/wp-content\/uploads\/2023\/09\/2019_ExpoAcreditacion_MP.jpg","datePublished":"2020-12-30T03:01:00+00:00","dateModified":"2023-09-09T03:03:49+00:00","author":{"@id":"https:\/\/fadeu.urantiacos.cl\/en\/#\/schema\/person\/d203e2e84b1c40275eac77b3061a19a2"},"description":"La Comisi\u00f3n Nacional de Acreditaci\u00f3n (CNA) ha acreditado por 3 a\u00f1os hasta el 2022 al Mag\u00edster en Patrimonio Cultural que dictan en conjunto las Facultades de Artes, de Historia, Geograf\u00eda y Ciencia Pol\u00edtica, de Arquitectura, Dise\u00f1o y Estudios Urbanos y de Ingenier\u00eda de la Pontificia Universidad Cat\u00f3lica de Chile, programa de postgrado que se imparte desde la sede de la Escuela de Arquitectura en campus Lo Contador UC desde el a\u00f1o 2015.","breadcrumb":{"@id":"https:\/\/fadeu.urantiacos.cl\/en\/2020\/12\/30\/cna-acredita-al-magister-en-patrimonio-cultural-uc-hasta-2022\/#breadcrumb"},"inLanguage":"en-US","potentialAction":[{"@type":"ReadAction","target":["https:\/\/fadeu.urantiacos.cl\/en\/2020\/12\/30\/cna-acredita-al-magister-en-patrimonio-cultural-uc-hasta-2022\/"]}]},{"@type":"ImageObject","inLanguage":"en-US","@id":"https:\/\/fadeu.urantiacos.cl\/en\/2020\/12\/30\/cna-acredita-al-magister-en-patrimonio-cultural-uc-hasta-2022\/#primaryimage","url":"https:\/\/fadeu.urantiacos.cl\/wp-content\/uploads\/2023\/09\/2019_ExpoAcreditacion_MP.jpg","contentUrl":"https:\/\/fadeu.urantiacos.cl\/wp-content\/uploads\/2023\/09\/2019_ExpoAcreditacion_MP.jpg","width":350,"height":250},{"@type":"BreadcrumbList","@id":"https:\/\/fadeu.urantiacos.cl\/en\/2020\/12\/30\/cna-acredita-al-magister-en-patrimonio-cultural-uc-hasta-2022\/#breadcrumb","itemListElement":[{"@type":"ListItem","position":1,"name":"Portada","item":"https:\/\/fadeu.urantiacos.cl\/en\/"},{"@type":"ListItem","position":2,"name":"CNA acredita al Mag\u00edster en Patrimonio Cultural UC hasta 2022"}]},{"@type":"WebSite","@id":"https:\/\/fadeu.urantiacos.cl\/en\/#website","url":"https:\/\/fadeu.urantiacos.cl\/en\/","name":"Facultad de Arquitectura, Dise\u00f1o y Estudios Urbanos","description":"Campus Lo Contador","potentialAction":[{"@type":"SearchAction","target":{"@type":"EntryPoint","urlTemplate":"https:\/\/fadeu.urantiacos.cl\/en\/?s={search_term_string}"},"query-input":{"@type":"PropertyValueSpecification","valueRequired":true,"valueName":"search_term_string"}}],"inLanguage":"en-US"},{"@type":"Person","@id":"https:\/\/fadeu.urantiacos.cl\/en\/#\/schema\/person\/d203e2e84b1c40275eac77b3061a19a2","name":"manadmin","image":{"@type":"ImageObject","inLanguage":"en-US","@id":"https:\/\/fadeu.urantiacos.cl\/en\/#\/schema\/person\/image\/","url":"https:\/\/secure.gravatar.com\/avatar\/4b1d8e3303b4a9d8968ac578947d8bc80d9aea359f388cdd4aac15cadc0e8447?s=96&d=mm&r=g","contentUrl":"https:\/\/secure.gravatar.com\/avatar\/4b1d8e3303b4a9d8968ac578947d8bc80d9aea359f388cdd4aac15cadc0e8447?s=96&d=mm&r=g","caption":"manadmin"},"sameAs":["https:\/\/fadeu.urantiacos.cl"]}]}},"_links":{"self":[{"href":"https:\/\/fadeu.urantiacos.cl\/en\/wp-json\/wp\/v2\/posts\/7646","targetHints":{"allow":["GET"]}}],"collection":[{"href":"https:\/\/fadeu.urantiacos.cl\/en\/wp-json\/wp\/v2\/posts"}],"about":[{"href":"https:\/\/fadeu.urantiacos.cl\/en\/wp-json\/wp\/v2\/types\/post"}],"author":[{"embeddable":true,"href":"https:\/\/fadeu.urantiacos.cl\/en\/wp-json\/wp\/v2\/users\/1"}],"replies":[{"embeddable":true,"href":"https:\/\/fadeu.urantiacos.cl\/en\/wp-json\/wp\/v2\/comments?post=7646"}],"version-history":[{"count":1,"href":"https:\/\/fadeu.urantiacos.cl\/en\/wp-json\/wp\/v2\/posts\/7646\/revisions"}],"predecessor-version":[{"id":7649,"href":"https:\/\/fadeu.urantiacos.cl\/en\/wp-json\/wp\/v2\/posts\/7646\/revisions\/7649"}],"wp:featuredmedia":[{"embeddable":true,"href":"https:\/\/fadeu.urantiacos.cl\/en\/wp-json\/wp\/v2\/media\/7647"}],"wp:attachment":[{"href":"https:\/\/fadeu.urantiacos.cl\/en\/wp-json\/wp\/v2\/media?parent=7646"}],"wp:term":[{"taxonomy":"category","embeddable":true,"href":"https:\/\/fadeu.urantiacos.cl\/en\/wp-json\/wp\/v2\/categories?post=7646"},{"taxonomy":"post_tag","embeddable":true,"href":"https:\/\/fadeu.urantiacos.cl\/en\/wp-json\/wp\/v2\/tags?post=7646"}],"curies":[{"name":"wp","href":"https:\/\/api.w.org\/{rel}","templated":true}]}}