{"id":7636,"date":"2020-12-31T23:55:00","date_gmt":"2021-01-01T02:55:00","guid":{"rendered":"https:\/\/fadeu.urantiacos.cl\/?p=7636"},"modified":"2023-09-08T23:57:27","modified_gmt":"2023-09-09T02:57:27","slug":"martin-tironi-y-matias-valderrama-publican-articulo-sobre-datificacion-digital-en-la-revista-18","status":"publish","type":"post","link":"https:\/\/fadeu.urantiacos.cl\/en\/2020\/12\/31\/martin-tironi-y-matias-valderrama-publican-articulo-sobre-datificacion-digital-en-la-revista-18\/","title":{"rendered":"Mart\u00edn Tironi y Mat\u00edas Valderrama publican art\u00edculo sobre datificaci\u00f3n digital en la Revista 18"},"content":{"rendered":"\n<figure class=\"wp-block-image size-full\"><img decoding=\"async\" width=\"350\" height=\"250\" src=\"https:\/\/fadeu.urantiacos.cl\/wp-content\/uploads\/2023\/09\/cover_issue_40_es_ES_web.jpg\" alt=\"\" class=\"wp-image-7637\" srcset=\"https:\/\/fadeu.urantiacos.cl\/wp-content\/uploads\/2023\/09\/cover_issue_40_es_ES_web.jpg 350w, https:\/\/fadeu.urantiacos.cl\/wp-content\/uploads\/2023\/09\/cover_issue_40_es_ES_web-300x214.jpg 300w\" sizes=\"(max-width: 350px) 100vw, 350px\" \/><\/figure>\n\n\n\n<p>Este art\u00edculo aborda el fen\u00f3meno de la creciente mediaci\u00f3n y datificaci\u00f3n digital de nuestras vidas. A partir del caso de la Red Nacional de Monitoreo de Vivienda (ReNaM) desarrollado por el gobierno chileno, el art\u00edculo explora el tipo de gobierno espec\u00edfico que se despliega mediante la sensorizaci\u00f3n digital de las viviendas. Seg\u00fan los autores, la instalaci\u00f3n de sensores en espacios dom\u00e9sticos estar\u00eda transformando las formas de conocimiento y gobierno del Estado, generando una nueva forma de gubernamentalidad. A trav\u00e9s de un estudio cualitativo sigui\u00f3 a los actores de ReNaM (sensores, usuarios, autoridades, documentos, hogares, etc.), el trabajo muestra c\u00f3mo esta forma de gobierno no se basa en lo que las personas declaran, sino que se sustenta en los recursivos feedbacks y capturas de datos de los sensores instalados en los espacios dom\u00e9sticos de las viviendas. Una forma gobierno que pone el acento en la alteraci\u00f3n mediante dispositivos digitales de los entornos f\u00edsicos en que circulan diversas entidades humanas y m\u00e1s que humanas, con el fin de implementar una regulaci\u00f3n de sus conductas y potencialidades, sin que incluso se den cuenta de ello.<\/p>\n","protected":false},"excerpt":{"rendered":"<p>El acad\u00e9mico de la Escuela de Dise\u00f1o, Mart\u00edn Tironi y el soci\u00f3logo digital e investigador, Mat\u00edas Valderrama, publicaron el art\u00edculo  &#8220;Gobernando mediante sensores. sensorizaci\u00f3n y regulaci\u00f3n digital de la vida ambiental de hogares en Chile&#8221;, publicado en la revista 180 de la Universidad Diego Portales.<\/p>\n","protected":false},"author":1,"featured_media":7637,"comment_status":"open","ping_status":"open","sticky":false,"template":"","format":"standard","meta":{"_acf_changed":false,"footnotes":""},"categories":[1],"tags":[],"class_list":["post-7636","post","type-post","status-publish","format-standard","has-post-thumbnail","hentry","category-sin-categorizar"],"acf":[],"yoast_head":"<!-- This site is optimized with the Yoast SEO plugin v27.1.1 - https:\/\/yoast.com\/product\/yoast-seo-wordpress\/ -->\n<title>Mart\u00edn Tironi y Mat\u00edas Valderrama publican art\u00edculo sobre datificaci\u00f3n digital en la Revista 18 - Facultad de Arquitectura, Dise\u00f1o y Estudios Urbanos<\/title>\n<meta name=\"description\" content=\"El acad\u00e9mico de la Escuela de Dise\u00f1o, Mart\u00edn Tironi y el soci\u00f3logo digital e investigador, Mat\u00edas Valderrama, publicaron el art\u00edculo &quot;Gobernando mediante sensores. sensorizaci\u00f3n y regulaci\u00f3n digital de la vida ambiental de hogares en Chile&quot;, publicado en la revista 180 de la Universidad Diego Portales.\" \/>\n<meta name=\"robots\" content=\"index, follow, max-snippet:-1, max-image-preview:large, max-video-preview:-1\" \/>\n<link rel=\"canonical\" href=\"https:\/\/fadeu.urantiacos.cl\/en\/2020\/12\/31\/martin-tironi-y-matias-valderrama-publican-articulo-sobre-datificacion-digital-en-la-revista-18\/\" \/>\n<meta property=\"og:locale\" content=\"en_US\" \/>\n<meta property=\"og:type\" content=\"article\" \/>\n<meta property=\"og:title\" content=\"Mart\u00edn Tironi y Mat\u00edas Valderrama publican art\u00edculo sobre datificaci\u00f3n digital en la Revista 18 - Facultad de Arquitectura, Dise\u00f1o y Estudios Urbanos\" \/>\n<meta property=\"og:description\" content=\"El acad\u00e9mico de la Escuela de Dise\u00f1o, Mart\u00edn Tironi y el soci\u00f3logo digital e investigador, Mat\u00edas Valderrama, publicaron el art\u00edculo &quot;Gobernando mediante sensores. sensorizaci\u00f3n y regulaci\u00f3n digital de la vida ambiental de hogares en Chile&quot;, publicado en la revista 180 de la Universidad Diego Portales.\" \/>\n<meta property=\"og:url\" content=\"https:\/\/fadeu.urantiacos.cl\/en\/2020\/12\/31\/martin-tironi-y-matias-valderrama-publican-articulo-sobre-datificacion-digital-en-la-revista-18\/\" \/>\n<meta property=\"og:site_name\" content=\"Facultad de Arquitectura, Dise\u00f1o y Estudios Urbanos\" \/>\n<meta property=\"article:published_time\" content=\"2021-01-01T02:55:00+00:00\" \/>\n<meta property=\"article:modified_time\" content=\"2023-09-09T02:57:27+00:00\" \/>\n<meta property=\"og:image\" content=\"https:\/\/fadeu.urantiacos.cl\/wp-content\/uploads\/2023\/09\/cover_issue_40_es_ES_web.jpg\" \/>\n\t<meta property=\"og:image:width\" content=\"350\" \/>\n\t<meta property=\"og:image:height\" content=\"250\" \/>\n\t<meta property=\"og:image:type\" content=\"image\/jpeg\" \/>\n<meta name=\"author\" content=\"manadmin\" \/>\n<meta name=\"twitter:card\" content=\"summary_large_image\" \/>\n<meta name=\"twitter:label1\" content=\"Written by\" \/>\n\t<meta name=\"twitter:data1\" content=\"manadmin\" \/>\n\t<meta name=\"twitter:label2\" content=\"Est. reading time\" \/>\n\t<meta name=\"twitter:data2\" content=\"1 minute\" \/>\n<script type=\"application\/ld+json\" class=\"yoast-schema-graph\">{\"@context\":\"https:\/\/schema.org\",\"@graph\":[{\"@type\":\"Article\",\"@id\":\"https:\/\/fadeu.urantiacos.cl\/en\/2020\/12\/31\/martin-tironi-y-matias-valderrama-publican-articulo-sobre-datificacion-digital-en-la-revista-18\/#article\",\"isPartOf\":{\"@id\":\"https:\/\/fadeu.urantiacos.cl\/en\/2020\/12\/31\/martin-tironi-y-matias-valderrama-publican-articulo-sobre-datificacion-digital-en-la-revista-18\/\"},\"author\":{\"name\":\"manadmin\",\"@id\":\"https:\/\/fadeu.urantiacos.cl\/en\/#\/schema\/person\/d203e2e84b1c40275eac77b3061a19a2\"},\"headline\":\"Mart\u00edn Tironi y Mat\u00edas Valderrama publican art\u00edculo sobre datificaci\u00f3n digital en la Revista 18\",\"datePublished\":\"2021-01-01T02:55:00+00:00\",\"dateModified\":\"2023-09-09T02:57:27+00:00\",\"mainEntityOfPage\":{\"@id\":\"https:\/\/fadeu.urantiacos.cl\/en\/2020\/12\/31\/martin-tironi-y-matias-valderrama-publican-articulo-sobre-datificacion-digital-en-la-revista-18\/\"},\"wordCount\":217,\"commentCount\":0,\"image\":{\"@id\":\"https:\/\/fadeu.urantiacos.cl\/en\/2020\/12\/31\/martin-tironi-y-matias-valderrama-publican-articulo-sobre-datificacion-digital-en-la-revista-18\/#primaryimage\"},\"thumbnailUrl\":\"https:\/\/fadeu.urantiacos.cl\/wp-content\/uploads\/2023\/09\/cover_issue_40_es_ES_web.jpg\",\"articleSection\":[\"Sin categorizar\"],\"inLanguage\":\"en-US\",\"potentialAction\":[{\"@type\":\"CommentAction\",\"name\":\"Comment\",\"target\":[\"https:\/\/fadeu.urantiacos.cl\/en\/2020\/12\/31\/martin-tironi-y-matias-valderrama-publican-articulo-sobre-datificacion-digital-en-la-revista-18\/#respond\"]}]},{\"@type\":\"WebPage\",\"@id\":\"https:\/\/fadeu.urantiacos.cl\/en\/2020\/12\/31\/martin-tironi-y-matias-valderrama-publican-articulo-sobre-datificacion-digital-en-la-revista-18\/\",\"url\":\"https:\/\/fadeu.urantiacos.cl\/en\/2020\/12\/31\/martin-tironi-y-matias-valderrama-publican-articulo-sobre-datificacion-digital-en-la-revista-18\/\",\"name\":\"Mart\u00edn Tironi y Mat\u00edas Valderrama publican art\u00edculo sobre datificaci\u00f3n digital en la Revista 18 - Facultad de Arquitectura, Dise\u00f1o y Estudios Urbanos\",\"isPartOf\":{\"@id\":\"https:\/\/fadeu.urantiacos.cl\/en\/#website\"},\"primaryImageOfPage\":{\"@id\":\"https:\/\/fadeu.urantiacos.cl\/en\/2020\/12\/31\/martin-tironi-y-matias-valderrama-publican-articulo-sobre-datificacion-digital-en-la-revista-18\/#primaryimage\"},\"image\":{\"@id\":\"https:\/\/fadeu.urantiacos.cl\/en\/2020\/12\/31\/martin-tironi-y-matias-valderrama-publican-articulo-sobre-datificacion-digital-en-la-revista-18\/#primaryimage\"},\"thumbnailUrl\":\"https:\/\/fadeu.urantiacos.cl\/wp-content\/uploads\/2023\/09\/cover_issue_40_es_ES_web.jpg\",\"datePublished\":\"2021-01-01T02:55:00+00:00\",\"dateModified\":\"2023-09-09T02:57:27+00:00\",\"author\":{\"@id\":\"https:\/\/fadeu.urantiacos.cl\/en\/#\/schema\/person\/d203e2e84b1c40275eac77b3061a19a2\"},\"description\":\"El acad\u00e9mico de la Escuela de Dise\u00f1o, Mart\u00edn Tironi y el soci\u00f3logo digital e investigador, Mat\u00edas Valderrama, publicaron el art\u00edculo \\\"Gobernando mediante sensores. sensorizaci\u00f3n y regulaci\u00f3n digital de la vida ambiental de hogares en Chile\\\", publicado en la revista 180 de la Universidad Diego Portales.\",\"breadcrumb\":{\"@id\":\"https:\/\/fadeu.urantiacos.cl\/en\/2020\/12\/31\/martin-tironi-y-matias-valderrama-publican-articulo-sobre-datificacion-digital-en-la-revista-18\/#breadcrumb\"},\"inLanguage\":\"en-US\",\"potentialAction\":[{\"@type\":\"ReadAction\",\"target\":[\"https:\/\/fadeu.urantiacos.cl\/en\/2020\/12\/31\/martin-tironi-y-matias-valderrama-publican-articulo-sobre-datificacion-digital-en-la-revista-18\/\"]}]},{\"@type\":\"ImageObject\",\"inLanguage\":\"en-US\",\"@id\":\"https:\/\/fadeu.urantiacos.cl\/en\/2020\/12\/31\/martin-tironi-y-matias-valderrama-publican-articulo-sobre-datificacion-digital-en-la-revista-18\/#primaryimage\",\"url\":\"https:\/\/fadeu.urantiacos.cl\/wp-content\/uploads\/2023\/09\/cover_issue_40_es_ES_web.jpg\",\"contentUrl\":\"https:\/\/fadeu.urantiacos.cl\/wp-content\/uploads\/2023\/09\/cover_issue_40_es_ES_web.jpg\",\"width\":350,\"height\":250},{\"@type\":\"BreadcrumbList\",\"@id\":\"https:\/\/fadeu.urantiacos.cl\/en\/2020\/12\/31\/martin-tironi-y-matias-valderrama-publican-articulo-sobre-datificacion-digital-en-la-revista-18\/#breadcrumb\",\"itemListElement\":[{\"@type\":\"ListItem\",\"position\":1,\"name\":\"Portada\",\"item\":\"https:\/\/fadeu.urantiacos.cl\/en\/\"},{\"@type\":\"ListItem\",\"position\":2,\"name\":\"Mart\u00edn Tironi y Mat\u00edas Valderrama publican art\u00edculo sobre datificaci\u00f3n digital en la Revista 18\"}]},{\"@type\":\"WebSite\",\"@id\":\"https:\/\/fadeu.urantiacos.cl\/en\/#website\",\"url\":\"https:\/\/fadeu.urantiacos.cl\/en\/\",\"name\":\"Facultad de Arquitectura, Dise\u00f1o y Estudios Urbanos\",\"description\":\"Campus Lo Contador\",\"potentialAction\":[{\"@type\":\"SearchAction\",\"target\":{\"@type\":\"EntryPoint\",\"urlTemplate\":\"https:\/\/fadeu.urantiacos.cl\/en\/?s={search_term_string}\"},\"query-input\":{\"@type\":\"PropertyValueSpecification\",\"valueRequired\":true,\"valueName\":\"search_term_string\"}}],\"inLanguage\":\"en-US\"},{\"@type\":\"Person\",\"@id\":\"https:\/\/fadeu.urantiacos.cl\/en\/#\/schema\/person\/d203e2e84b1c40275eac77b3061a19a2\",\"name\":\"manadmin\",\"image\":{\"@type\":\"ImageObject\",\"inLanguage\":\"en-US\",\"@id\":\"https:\/\/fadeu.urantiacos.cl\/en\/#\/schema\/person\/image\/\",\"url\":\"https:\/\/secure.gravatar.com\/avatar\/4b1d8e3303b4a9d8968ac578947d8bc80d9aea359f388cdd4aac15cadc0e8447?s=96&d=mm&r=g\",\"contentUrl\":\"https:\/\/secure.gravatar.com\/avatar\/4b1d8e3303b4a9d8968ac578947d8bc80d9aea359f388cdd4aac15cadc0e8447?s=96&d=mm&r=g\",\"caption\":\"manadmin\"},\"sameAs\":[\"https:\/\/fadeu.urantiacos.cl\"]}]}<\/script>\n<!-- \/ Yoast SEO plugin. -->","yoast_head_json":{"title":"Mart\u00edn Tironi y Mat\u00edas Valderrama publican art\u00edculo sobre datificaci\u00f3n digital en la Revista 18 - Facultad de Arquitectura, Dise\u00f1o y Estudios Urbanos","description":"El acad\u00e9mico de la Escuela de Dise\u00f1o, Mart\u00edn Tironi y el soci\u00f3logo digital e investigador, Mat\u00edas Valderrama, publicaron el art\u00edculo \"Gobernando mediante sensores. sensorizaci\u00f3n y regulaci\u00f3n digital de la vida ambiental de hogares en Chile\", publicado en la revista 180 de la Universidad Diego Portales.","robots":{"index":"index","follow":"follow","max-snippet":"max-snippet:-1","max-image-preview":"max-image-preview:large","max-video-preview":"max-video-preview:-1"},"canonical":"https:\/\/fadeu.urantiacos.cl\/en\/2020\/12\/31\/martin-tironi-y-matias-valderrama-publican-articulo-sobre-datificacion-digital-en-la-revista-18\/","og_locale":"en_US","og_type":"article","og_title":"Mart\u00edn Tironi y Mat\u00edas Valderrama publican art\u00edculo sobre datificaci\u00f3n digital en la Revista 18 - Facultad de Arquitectura, Dise\u00f1o y Estudios Urbanos","og_description":"El acad\u00e9mico de la Escuela de Dise\u00f1o, Mart\u00edn Tironi y el soci\u00f3logo digital e investigador, Mat\u00edas Valderrama, publicaron el art\u00edculo \"Gobernando mediante sensores. sensorizaci\u00f3n y regulaci\u00f3n digital de la vida ambiental de hogares en Chile\", publicado en la revista 180 de la Universidad Diego Portales.","og_url":"https:\/\/fadeu.urantiacos.cl\/en\/2020\/12\/31\/martin-tironi-y-matias-valderrama-publican-articulo-sobre-datificacion-digital-en-la-revista-18\/","og_site_name":"Facultad de Arquitectura, Dise\u00f1o y Estudios Urbanos","article_published_time":"2021-01-01T02:55:00+00:00","article_modified_time":"2023-09-09T02:57:27+00:00","og_image":[{"width":350,"height":250,"url":"https:\/\/fadeu.urantiacos.cl\/wp-content\/uploads\/2023\/09\/cover_issue_40_es_ES_web.jpg","type":"image\/jpeg"}],"author":"manadmin","twitter_card":"summary_large_image","twitter_misc":{"Written by":"manadmin","Est. reading time":"1 minute"},"schema":{"@context":"https:\/\/schema.org","@graph":[{"@type":"Article","@id":"https:\/\/fadeu.urantiacos.cl\/en\/2020\/12\/31\/martin-tironi-y-matias-valderrama-publican-articulo-sobre-datificacion-digital-en-la-revista-18\/#article","isPartOf":{"@id":"https:\/\/fadeu.urantiacos.cl\/en\/2020\/12\/31\/martin-tironi-y-matias-valderrama-publican-articulo-sobre-datificacion-digital-en-la-revista-18\/"},"author":{"name":"manadmin","@id":"https:\/\/fadeu.urantiacos.cl\/en\/#\/schema\/person\/d203e2e84b1c40275eac77b3061a19a2"},"headline":"Mart\u00edn Tironi y Mat\u00edas Valderrama publican art\u00edculo sobre datificaci\u00f3n digital en la Revista 18","datePublished":"2021-01-01T02:55:00+00:00","dateModified":"2023-09-09T02:57:27+00:00","mainEntityOfPage":{"@id":"https:\/\/fadeu.urantiacos.cl\/en\/2020\/12\/31\/martin-tironi-y-matias-valderrama-publican-articulo-sobre-datificacion-digital-en-la-revista-18\/"},"wordCount":217,"commentCount":0,"image":{"@id":"https:\/\/fadeu.urantiacos.cl\/en\/2020\/12\/31\/martin-tironi-y-matias-valderrama-publican-articulo-sobre-datificacion-digital-en-la-revista-18\/#primaryimage"},"thumbnailUrl":"https:\/\/fadeu.urantiacos.cl\/wp-content\/uploads\/2023\/09\/cover_issue_40_es_ES_web.jpg","articleSection":["Sin categorizar"],"inLanguage":"en-US","potentialAction":[{"@type":"CommentAction","name":"Comment","target":["https:\/\/fadeu.urantiacos.cl\/en\/2020\/12\/31\/martin-tironi-y-matias-valderrama-publican-articulo-sobre-datificacion-digital-en-la-revista-18\/#respond"]}]},{"@type":"WebPage","@id":"https:\/\/fadeu.urantiacos.cl\/en\/2020\/12\/31\/martin-tironi-y-matias-valderrama-publican-articulo-sobre-datificacion-digital-en-la-revista-18\/","url":"https:\/\/fadeu.urantiacos.cl\/en\/2020\/12\/31\/martin-tironi-y-matias-valderrama-publican-articulo-sobre-datificacion-digital-en-la-revista-18\/","name":"Mart\u00edn Tironi y Mat\u00edas Valderrama publican art\u00edculo sobre datificaci\u00f3n digital en la Revista 18 - Facultad de Arquitectura, Dise\u00f1o y Estudios Urbanos","isPartOf":{"@id":"https:\/\/fadeu.urantiacos.cl\/en\/#website"},"primaryImageOfPage":{"@id":"https:\/\/fadeu.urantiacos.cl\/en\/2020\/12\/31\/martin-tironi-y-matias-valderrama-publican-articulo-sobre-datificacion-digital-en-la-revista-18\/#primaryimage"},"image":{"@id":"https:\/\/fadeu.urantiacos.cl\/en\/2020\/12\/31\/martin-tironi-y-matias-valderrama-publican-articulo-sobre-datificacion-digital-en-la-revista-18\/#primaryimage"},"thumbnailUrl":"https:\/\/fadeu.urantiacos.cl\/wp-content\/uploads\/2023\/09\/cover_issue_40_es_ES_web.jpg","datePublished":"2021-01-01T02:55:00+00:00","dateModified":"2023-09-09T02:57:27+00:00","author":{"@id":"https:\/\/fadeu.urantiacos.cl\/en\/#\/schema\/person\/d203e2e84b1c40275eac77b3061a19a2"},"description":"El acad\u00e9mico de la Escuela de Dise\u00f1o, Mart\u00edn Tironi y el soci\u00f3logo digital e investigador, Mat\u00edas Valderrama, publicaron el art\u00edculo \"Gobernando mediante sensores. sensorizaci\u00f3n y regulaci\u00f3n digital de la vida ambiental de hogares en Chile\", publicado en la revista 180 de la Universidad Diego Portales.","breadcrumb":{"@id":"https:\/\/fadeu.urantiacos.cl\/en\/2020\/12\/31\/martin-tironi-y-matias-valderrama-publican-articulo-sobre-datificacion-digital-en-la-revista-18\/#breadcrumb"},"inLanguage":"en-US","potentialAction":[{"@type":"ReadAction","target":["https:\/\/fadeu.urantiacos.cl\/en\/2020\/12\/31\/martin-tironi-y-matias-valderrama-publican-articulo-sobre-datificacion-digital-en-la-revista-18\/"]}]},{"@type":"ImageObject","inLanguage":"en-US","@id":"https:\/\/fadeu.urantiacos.cl\/en\/2020\/12\/31\/martin-tironi-y-matias-valderrama-publican-articulo-sobre-datificacion-digital-en-la-revista-18\/#primaryimage","url":"https:\/\/fadeu.urantiacos.cl\/wp-content\/uploads\/2023\/09\/cover_issue_40_es_ES_web.jpg","contentUrl":"https:\/\/fadeu.urantiacos.cl\/wp-content\/uploads\/2023\/09\/cover_issue_40_es_ES_web.jpg","width":350,"height":250},{"@type":"BreadcrumbList","@id":"https:\/\/fadeu.urantiacos.cl\/en\/2020\/12\/31\/martin-tironi-y-matias-valderrama-publican-articulo-sobre-datificacion-digital-en-la-revista-18\/#breadcrumb","itemListElement":[{"@type":"ListItem","position":1,"name":"Portada","item":"https:\/\/fadeu.urantiacos.cl\/en\/"},{"@type":"ListItem","position":2,"name":"Mart\u00edn Tironi y Mat\u00edas Valderrama publican art\u00edculo sobre datificaci\u00f3n digital en la Revista 18"}]},{"@type":"WebSite","@id":"https:\/\/fadeu.urantiacos.cl\/en\/#website","url":"https:\/\/fadeu.urantiacos.cl\/en\/","name":"Facultad de Arquitectura, Dise\u00f1o y Estudios Urbanos","description":"Campus Lo Contador","potentialAction":[{"@type":"SearchAction","target":{"@type":"EntryPoint","urlTemplate":"https:\/\/fadeu.urantiacos.cl\/en\/?s={search_term_string}"},"query-input":{"@type":"PropertyValueSpecification","valueRequired":true,"valueName":"search_term_string"}}],"inLanguage":"en-US"},{"@type":"Person","@id":"https:\/\/fadeu.urantiacos.cl\/en\/#\/schema\/person\/d203e2e84b1c40275eac77b3061a19a2","name":"manadmin","image":{"@type":"ImageObject","inLanguage":"en-US","@id":"https:\/\/fadeu.urantiacos.cl\/en\/#\/schema\/person\/image\/","url":"https:\/\/secure.gravatar.com\/avatar\/4b1d8e3303b4a9d8968ac578947d8bc80d9aea359f388cdd4aac15cadc0e8447?s=96&d=mm&r=g","contentUrl":"https:\/\/secure.gravatar.com\/avatar\/4b1d8e3303b4a9d8968ac578947d8bc80d9aea359f388cdd4aac15cadc0e8447?s=96&d=mm&r=g","caption":"manadmin"},"sameAs":["https:\/\/fadeu.urantiacos.cl"]}]}},"_links":{"self":[{"href":"https:\/\/fadeu.urantiacos.cl\/en\/wp-json\/wp\/v2\/posts\/7636","targetHints":{"allow":["GET"]}}],"collection":[{"href":"https:\/\/fadeu.urantiacos.cl\/en\/wp-json\/wp\/v2\/posts"}],"about":[{"href":"https:\/\/fadeu.urantiacos.cl\/en\/wp-json\/wp\/v2\/types\/post"}],"author":[{"embeddable":true,"href":"https:\/\/fadeu.urantiacos.cl\/en\/wp-json\/wp\/v2\/users\/1"}],"replies":[{"embeddable":true,"href":"https:\/\/fadeu.urantiacos.cl\/en\/wp-json\/wp\/v2\/comments?post=7636"}],"version-history":[{"count":1,"href":"https:\/\/fadeu.urantiacos.cl\/en\/wp-json\/wp\/v2\/posts\/7636\/revisions"}],"predecessor-version":[{"id":7638,"href":"https:\/\/fadeu.urantiacos.cl\/en\/wp-json\/wp\/v2\/posts\/7636\/revisions\/7638"}],"wp:featuredmedia":[{"embeddable":true,"href":"https:\/\/fadeu.urantiacos.cl\/en\/wp-json\/wp\/v2\/media\/7637"}],"wp:attachment":[{"href":"https:\/\/fadeu.urantiacos.cl\/en\/wp-json\/wp\/v2\/media?parent=7636"}],"wp:term":[{"taxonomy":"category","embeddable":true,"href":"https:\/\/fadeu.urantiacos.cl\/en\/wp-json\/wp\/v2\/categories?post=7636"},{"taxonomy":"post_tag","embeddable":true,"href":"https:\/\/fadeu.urantiacos.cl\/en\/wp-json\/wp\/v2\/tags?post=7636"}],"curies":[{"name":"wp","href":"https:\/\/api.w.org\/{rel}","templated":true}]}}