{"id":7625,"date":"2021-01-03T23:47:00","date_gmt":"2021-01-04T02:47:00","guid":{"rendered":"https:\/\/fadeu.urantiacos.cl\/?p=7625"},"modified":"2023-09-08T23:49:26","modified_gmt":"2023-09-09T02:49:26","slug":"como-el-covid-19-cambio-nuestra-forma-de-vivir","status":"publish","type":"post","link":"https:\/\/fadeu.urantiacos.cl\/en\/2021\/01\/03\/como-el-covid-19-cambio-nuestra-forma-de-vivir\/","title":{"rendered":"C\u00f3mo el COVID-19 cambi\u00f3 nuestra forma de vivir"},"content":{"rendered":"\n<figure class=\"wp-block-image size-full\"><img decoding=\"async\" width=\"350\" height=\"250\" src=\"https:\/\/fadeu.urantiacos.cl\/wp-content\/uploads\/2023\/09\/maria_luisa_mendez_350x250.jpg\" alt=\"\" class=\"wp-image-7627\" srcset=\"https:\/\/fadeu.urantiacos.cl\/wp-content\/uploads\/2023\/09\/maria_luisa_mendez_350x250.jpg 350w, https:\/\/fadeu.urantiacos.cl\/wp-content\/uploads\/2023\/09\/maria_luisa_mendez_350x250-300x214.jpg 300w\" sizes=\"(max-width: 350px) 100vw, 350px\" \/><\/figure>\n\n\n\n<p>TVN realiza completo reportaje sobre el 2020: Un a\u00f1o que ha sido marcado por una pandemia que cambi\u00f3 la manera en la que nos acostumbramos a vivir.&nbsp; Comenta la acad\u00e9mica del Instituto de Estudios Urbanos y Directora del COES, Mar\u00eda Luisa M\u00e9ndez.<\/p>\n\n\n\n<h6 class=\"wp-block-heading\">+ Revisa reportaje completo&nbsp;<a href=\"https:\/\/www.24horas.cl\/nacional\/2020-el-ano-de-la-pandemia-que-cambio-nuestra-manera-de-vivir--4590812\" target=\"_blank\" rel=\"noreferrer noopener\">aqu\u00ed<\/a>.<\/h6>\n","protected":false},"excerpt":{"rendered":"<p>TVN realiza completo reportaje sobre el 2020: Un a\u00f1o que ha sido marcado por una pandemia que cambi\u00f3 la manera en la que nos acostumbramos a vivir.&nbsp; Comenta la acad\u00e9mica del Instituto de Estudios Urbanos y Directora del COES, Mar\u00eda Luisa M\u00e9ndez. + Revisa reportaje completo&nbsp;aqu\u00ed.<\/p>\n","protected":false},"author":1,"featured_media":7627,"comment_status":"open","ping_status":"open","sticky":false,"template":"","format":"standard","meta":{"_acf_changed":false,"footnotes":""},"categories":[1],"tags":[],"class_list":["post-7625","post","type-post","status-publish","format-standard","has-post-thumbnail","hentry","category-sin-categorizar"],"acf":[],"yoast_head":"<!-- This site is optimized with the Yoast SEO plugin v27.1.1 - https:\/\/yoast.com\/product\/yoast-seo-wordpress\/ -->\n<title>C\u00f3mo el COVID-19 cambi\u00f3 nuestra forma de vivir - Facultad de Arquitectura, Dise\u00f1o y Estudios Urbanos<\/title>\n<meta name=\"description\" content=\"TVN realiza completo reportaje sobre el 2020: Un a\u00f1o que ha sido marcado por una pandemia que cambi\u00f3 la manera en la que nos acostumbramos a vivir.&nbsp;\" \/>\n<meta name=\"robots\" content=\"index, follow, max-snippet:-1, max-image-preview:large, max-video-preview:-1\" \/>\n<link rel=\"canonical\" href=\"https:\/\/fadeu.urantiacos.cl\/en\/2021\/01\/03\/como-el-covid-19-cambio-nuestra-forma-de-vivir\/\" \/>\n<meta property=\"og:locale\" content=\"en_US\" \/>\n<meta property=\"og:type\" content=\"article\" \/>\n<meta property=\"og:title\" content=\"C\u00f3mo el COVID-19 cambi\u00f3 nuestra forma de vivir - Facultad de Arquitectura, Dise\u00f1o y Estudios Urbanos\" \/>\n<meta property=\"og:description\" content=\"TVN realiza completo reportaje sobre el 2020: Un a\u00f1o que ha sido marcado por una pandemia que cambi\u00f3 la manera en la que nos acostumbramos a vivir.&nbsp;\" \/>\n<meta property=\"og:url\" content=\"https:\/\/fadeu.urantiacos.cl\/en\/2021\/01\/03\/como-el-covid-19-cambio-nuestra-forma-de-vivir\/\" \/>\n<meta property=\"og:site_name\" content=\"Facultad de Arquitectura, Dise\u00f1o y Estudios Urbanos\" \/>\n<meta property=\"article:published_time\" content=\"2021-01-04T02:47:00+00:00\" \/>\n<meta property=\"article:modified_time\" content=\"2023-09-09T02:49:26+00:00\" \/>\n<meta property=\"og:image\" content=\"https:\/\/fadeu.urantiacos.cl\/wp-content\/uploads\/2023\/09\/maria_luisa_mendez_350x250.jpg\" \/>\n\t<meta property=\"og:image:width\" content=\"350\" \/>\n\t<meta property=\"og:image:height\" content=\"250\" \/>\n\t<meta property=\"og:image:type\" content=\"image\/jpeg\" \/>\n<meta name=\"author\" content=\"manadmin\" \/>\n<meta name=\"twitter:card\" content=\"summary_large_image\" \/>\n<meta name=\"twitter:label1\" content=\"Written by\" \/>\n\t<meta name=\"twitter:data1\" content=\"manadmin\" \/>\n<script type=\"application\/ld+json\" class=\"yoast-schema-graph\">{\"@context\":\"https:\/\/schema.org\",\"@graph\":[{\"@type\":\"Article\",\"@id\":\"https:\/\/fadeu.urantiacos.cl\/en\/2021\/01\/03\/como-el-covid-19-cambio-nuestra-forma-de-vivir\/#article\",\"isPartOf\":{\"@id\":\"https:\/\/fadeu.urantiacos.cl\/en\/2021\/01\/03\/como-el-covid-19-cambio-nuestra-forma-de-vivir\/\"},\"author\":{\"name\":\"manadmin\",\"@id\":\"https:\/\/fadeu.urantiacos.cl\/en\/#\/schema\/person\/d203e2e84b1c40275eac77b3061a19a2\"},\"headline\":\"C\u00f3mo el COVID-19 cambi\u00f3 nuestra forma de vivir\",\"datePublished\":\"2021-01-04T02:47:00+00:00\",\"dateModified\":\"2023-09-09T02:49:26+00:00\",\"mainEntityOfPage\":{\"@id\":\"https:\/\/fadeu.urantiacos.cl\/en\/2021\/01\/03\/como-el-covid-19-cambio-nuestra-forma-de-vivir\/\"},\"wordCount\":60,\"commentCount\":0,\"image\":{\"@id\":\"https:\/\/fadeu.urantiacos.cl\/en\/2021\/01\/03\/como-el-covid-19-cambio-nuestra-forma-de-vivir\/#primaryimage\"},\"thumbnailUrl\":\"https:\/\/fadeu.urantiacos.cl\/wp-content\/uploads\/2023\/09\/maria_luisa_mendez_350x250.jpg\",\"articleSection\":[\"Sin categorizar\"],\"inLanguage\":\"en-US\",\"potentialAction\":[{\"@type\":\"CommentAction\",\"name\":\"Comment\",\"target\":[\"https:\/\/fadeu.urantiacos.cl\/en\/2021\/01\/03\/como-el-covid-19-cambio-nuestra-forma-de-vivir\/#respond\"]}]},{\"@type\":\"WebPage\",\"@id\":\"https:\/\/fadeu.urantiacos.cl\/en\/2021\/01\/03\/como-el-covid-19-cambio-nuestra-forma-de-vivir\/\",\"url\":\"https:\/\/fadeu.urantiacos.cl\/en\/2021\/01\/03\/como-el-covid-19-cambio-nuestra-forma-de-vivir\/\",\"name\":\"C\u00f3mo el COVID-19 cambi\u00f3 nuestra forma de vivir - Facultad de Arquitectura, Dise\u00f1o y Estudios Urbanos\",\"isPartOf\":{\"@id\":\"https:\/\/fadeu.urantiacos.cl\/en\/#website\"},\"primaryImageOfPage\":{\"@id\":\"https:\/\/fadeu.urantiacos.cl\/en\/2021\/01\/03\/como-el-covid-19-cambio-nuestra-forma-de-vivir\/#primaryimage\"},\"image\":{\"@id\":\"https:\/\/fadeu.urantiacos.cl\/en\/2021\/01\/03\/como-el-covid-19-cambio-nuestra-forma-de-vivir\/#primaryimage\"},\"thumbnailUrl\":\"https:\/\/fadeu.urantiacos.cl\/wp-content\/uploads\/2023\/09\/maria_luisa_mendez_350x250.jpg\",\"datePublished\":\"2021-01-04T02:47:00+00:00\",\"dateModified\":\"2023-09-09T02:49:26+00:00\",\"author\":{\"@id\":\"https:\/\/fadeu.urantiacos.cl\/en\/#\/schema\/person\/d203e2e84b1c40275eac77b3061a19a2\"},\"description\":\"TVN realiza completo reportaje sobre el 2020: Un a\u00f1o que ha sido marcado por una pandemia que cambi\u00f3 la manera en la que nos acostumbramos a vivir.&nbsp;\",\"breadcrumb\":{\"@id\":\"https:\/\/fadeu.urantiacos.cl\/en\/2021\/01\/03\/como-el-covid-19-cambio-nuestra-forma-de-vivir\/#breadcrumb\"},\"inLanguage\":\"en-US\",\"potentialAction\":[{\"@type\":\"ReadAction\",\"target\":[\"https:\/\/fadeu.urantiacos.cl\/en\/2021\/01\/03\/como-el-covid-19-cambio-nuestra-forma-de-vivir\/\"]}]},{\"@type\":\"ImageObject\",\"inLanguage\":\"en-US\",\"@id\":\"https:\/\/fadeu.urantiacos.cl\/en\/2021\/01\/03\/como-el-covid-19-cambio-nuestra-forma-de-vivir\/#primaryimage\",\"url\":\"https:\/\/fadeu.urantiacos.cl\/wp-content\/uploads\/2023\/09\/maria_luisa_mendez_350x250.jpg\",\"contentUrl\":\"https:\/\/fadeu.urantiacos.cl\/wp-content\/uploads\/2023\/09\/maria_luisa_mendez_350x250.jpg\",\"width\":350,\"height\":250},{\"@type\":\"BreadcrumbList\",\"@id\":\"https:\/\/fadeu.urantiacos.cl\/en\/2021\/01\/03\/como-el-covid-19-cambio-nuestra-forma-de-vivir\/#breadcrumb\",\"itemListElement\":[{\"@type\":\"ListItem\",\"position\":1,\"name\":\"Portada\",\"item\":\"https:\/\/fadeu.urantiacos.cl\/en\/\"},{\"@type\":\"ListItem\",\"position\":2,\"name\":\"C\u00f3mo el COVID-19 cambi\u00f3 nuestra forma de vivir\"}]},{\"@type\":\"WebSite\",\"@id\":\"https:\/\/fadeu.urantiacos.cl\/en\/#website\",\"url\":\"https:\/\/fadeu.urantiacos.cl\/en\/\",\"name\":\"Facultad de Arquitectura, Dise\u00f1o y Estudios Urbanos\",\"description\":\"Campus Lo Contador\",\"potentialAction\":[{\"@type\":\"SearchAction\",\"target\":{\"@type\":\"EntryPoint\",\"urlTemplate\":\"https:\/\/fadeu.urantiacos.cl\/en\/?s={search_term_string}\"},\"query-input\":{\"@type\":\"PropertyValueSpecification\",\"valueRequired\":true,\"valueName\":\"search_term_string\"}}],\"inLanguage\":\"en-US\"},{\"@type\":\"Person\",\"@id\":\"https:\/\/fadeu.urantiacos.cl\/en\/#\/schema\/person\/d203e2e84b1c40275eac77b3061a19a2\",\"name\":\"manadmin\",\"image\":{\"@type\":\"ImageObject\",\"inLanguage\":\"en-US\",\"@id\":\"https:\/\/fadeu.urantiacos.cl\/en\/#\/schema\/person\/image\/\",\"url\":\"https:\/\/secure.gravatar.com\/avatar\/4b1d8e3303b4a9d8968ac578947d8bc80d9aea359f388cdd4aac15cadc0e8447?s=96&d=mm&r=g\",\"contentUrl\":\"https:\/\/secure.gravatar.com\/avatar\/4b1d8e3303b4a9d8968ac578947d8bc80d9aea359f388cdd4aac15cadc0e8447?s=96&d=mm&r=g\",\"caption\":\"manadmin\"},\"sameAs\":[\"https:\/\/fadeu.urantiacos.cl\"]}]}<\/script>\n<!-- \/ Yoast SEO plugin. -->","yoast_head_json":{"title":"C\u00f3mo el COVID-19 cambi\u00f3 nuestra forma de vivir - Facultad de Arquitectura, Dise\u00f1o y Estudios Urbanos","description":"TVN realiza completo reportaje sobre el 2020: Un a\u00f1o que ha sido marcado por una pandemia que cambi\u00f3 la manera en la que nos acostumbramos a vivir.&nbsp;","robots":{"index":"index","follow":"follow","max-snippet":"max-snippet:-1","max-image-preview":"max-image-preview:large","max-video-preview":"max-video-preview:-1"},"canonical":"https:\/\/fadeu.urantiacos.cl\/en\/2021\/01\/03\/como-el-covid-19-cambio-nuestra-forma-de-vivir\/","og_locale":"en_US","og_type":"article","og_title":"C\u00f3mo el COVID-19 cambi\u00f3 nuestra forma de vivir - Facultad de Arquitectura, Dise\u00f1o y Estudios Urbanos","og_description":"TVN realiza completo reportaje sobre el 2020: Un a\u00f1o que ha sido marcado por una pandemia que cambi\u00f3 la manera en la que nos acostumbramos a vivir.&nbsp;","og_url":"https:\/\/fadeu.urantiacos.cl\/en\/2021\/01\/03\/como-el-covid-19-cambio-nuestra-forma-de-vivir\/","og_site_name":"Facultad de Arquitectura, Dise\u00f1o y Estudios Urbanos","article_published_time":"2021-01-04T02:47:00+00:00","article_modified_time":"2023-09-09T02:49:26+00:00","og_image":[{"width":350,"height":250,"url":"https:\/\/fadeu.urantiacos.cl\/wp-content\/uploads\/2023\/09\/maria_luisa_mendez_350x250.jpg","type":"image\/jpeg"}],"author":"manadmin","twitter_card":"summary_large_image","twitter_misc":{"Written by":"manadmin"},"schema":{"@context":"https:\/\/schema.org","@graph":[{"@type":"Article","@id":"https:\/\/fadeu.urantiacos.cl\/en\/2021\/01\/03\/como-el-covid-19-cambio-nuestra-forma-de-vivir\/#article","isPartOf":{"@id":"https:\/\/fadeu.urantiacos.cl\/en\/2021\/01\/03\/como-el-covid-19-cambio-nuestra-forma-de-vivir\/"},"author":{"name":"manadmin","@id":"https:\/\/fadeu.urantiacos.cl\/en\/#\/schema\/person\/d203e2e84b1c40275eac77b3061a19a2"},"headline":"C\u00f3mo el COVID-19 cambi\u00f3 nuestra forma de vivir","datePublished":"2021-01-04T02:47:00+00:00","dateModified":"2023-09-09T02:49:26+00:00","mainEntityOfPage":{"@id":"https:\/\/fadeu.urantiacos.cl\/en\/2021\/01\/03\/como-el-covid-19-cambio-nuestra-forma-de-vivir\/"},"wordCount":60,"commentCount":0,"image":{"@id":"https:\/\/fadeu.urantiacos.cl\/en\/2021\/01\/03\/como-el-covid-19-cambio-nuestra-forma-de-vivir\/#primaryimage"},"thumbnailUrl":"https:\/\/fadeu.urantiacos.cl\/wp-content\/uploads\/2023\/09\/maria_luisa_mendez_350x250.jpg","articleSection":["Sin categorizar"],"inLanguage":"en-US","potentialAction":[{"@type":"CommentAction","name":"Comment","target":["https:\/\/fadeu.urantiacos.cl\/en\/2021\/01\/03\/como-el-covid-19-cambio-nuestra-forma-de-vivir\/#respond"]}]},{"@type":"WebPage","@id":"https:\/\/fadeu.urantiacos.cl\/en\/2021\/01\/03\/como-el-covid-19-cambio-nuestra-forma-de-vivir\/","url":"https:\/\/fadeu.urantiacos.cl\/en\/2021\/01\/03\/como-el-covid-19-cambio-nuestra-forma-de-vivir\/","name":"C\u00f3mo el COVID-19 cambi\u00f3 nuestra forma de vivir - Facultad de Arquitectura, Dise\u00f1o y Estudios Urbanos","isPartOf":{"@id":"https:\/\/fadeu.urantiacos.cl\/en\/#website"},"primaryImageOfPage":{"@id":"https:\/\/fadeu.urantiacos.cl\/en\/2021\/01\/03\/como-el-covid-19-cambio-nuestra-forma-de-vivir\/#primaryimage"},"image":{"@id":"https:\/\/fadeu.urantiacos.cl\/en\/2021\/01\/03\/como-el-covid-19-cambio-nuestra-forma-de-vivir\/#primaryimage"},"thumbnailUrl":"https:\/\/fadeu.urantiacos.cl\/wp-content\/uploads\/2023\/09\/maria_luisa_mendez_350x250.jpg","datePublished":"2021-01-04T02:47:00+00:00","dateModified":"2023-09-09T02:49:26+00:00","author":{"@id":"https:\/\/fadeu.urantiacos.cl\/en\/#\/schema\/person\/d203e2e84b1c40275eac77b3061a19a2"},"description":"TVN realiza completo reportaje sobre el 2020: Un a\u00f1o que ha sido marcado por una pandemia que cambi\u00f3 la manera en la que nos acostumbramos a vivir.&nbsp;","breadcrumb":{"@id":"https:\/\/fadeu.urantiacos.cl\/en\/2021\/01\/03\/como-el-covid-19-cambio-nuestra-forma-de-vivir\/#breadcrumb"},"inLanguage":"en-US","potentialAction":[{"@type":"ReadAction","target":["https:\/\/fadeu.urantiacos.cl\/en\/2021\/01\/03\/como-el-covid-19-cambio-nuestra-forma-de-vivir\/"]}]},{"@type":"ImageObject","inLanguage":"en-US","@id":"https:\/\/fadeu.urantiacos.cl\/en\/2021\/01\/03\/como-el-covid-19-cambio-nuestra-forma-de-vivir\/#primaryimage","url":"https:\/\/fadeu.urantiacos.cl\/wp-content\/uploads\/2023\/09\/maria_luisa_mendez_350x250.jpg","contentUrl":"https:\/\/fadeu.urantiacos.cl\/wp-content\/uploads\/2023\/09\/maria_luisa_mendez_350x250.jpg","width":350,"height":250},{"@type":"BreadcrumbList","@id":"https:\/\/fadeu.urantiacos.cl\/en\/2021\/01\/03\/como-el-covid-19-cambio-nuestra-forma-de-vivir\/#breadcrumb","itemListElement":[{"@type":"ListItem","position":1,"name":"Portada","item":"https:\/\/fadeu.urantiacos.cl\/en\/"},{"@type":"ListItem","position":2,"name":"C\u00f3mo el COVID-19 cambi\u00f3 nuestra forma de vivir"}]},{"@type":"WebSite","@id":"https:\/\/fadeu.urantiacos.cl\/en\/#website","url":"https:\/\/fadeu.urantiacos.cl\/en\/","name":"Facultad de Arquitectura, Dise\u00f1o y Estudios Urbanos","description":"Campus Lo Contador","potentialAction":[{"@type":"SearchAction","target":{"@type":"EntryPoint","urlTemplate":"https:\/\/fadeu.urantiacos.cl\/en\/?s={search_term_string}"},"query-input":{"@type":"PropertyValueSpecification","valueRequired":true,"valueName":"search_term_string"}}],"inLanguage":"en-US"},{"@type":"Person","@id":"https:\/\/fadeu.urantiacos.cl\/en\/#\/schema\/person\/d203e2e84b1c40275eac77b3061a19a2","name":"manadmin","image":{"@type":"ImageObject","inLanguage":"en-US","@id":"https:\/\/fadeu.urantiacos.cl\/en\/#\/schema\/person\/image\/","url":"https:\/\/secure.gravatar.com\/avatar\/4b1d8e3303b4a9d8968ac578947d8bc80d9aea359f388cdd4aac15cadc0e8447?s=96&d=mm&r=g","contentUrl":"https:\/\/secure.gravatar.com\/avatar\/4b1d8e3303b4a9d8968ac578947d8bc80d9aea359f388cdd4aac15cadc0e8447?s=96&d=mm&r=g","caption":"manadmin"},"sameAs":["https:\/\/fadeu.urantiacos.cl"]}]}},"_links":{"self":[{"href":"https:\/\/fadeu.urantiacos.cl\/en\/wp-json\/wp\/v2\/posts\/7625","targetHints":{"allow":["GET"]}}],"collection":[{"href":"https:\/\/fadeu.urantiacos.cl\/en\/wp-json\/wp\/v2\/posts"}],"about":[{"href":"https:\/\/fadeu.urantiacos.cl\/en\/wp-json\/wp\/v2\/types\/post"}],"author":[{"embeddable":true,"href":"https:\/\/fadeu.urantiacos.cl\/en\/wp-json\/wp\/v2\/users\/1"}],"replies":[{"embeddable":true,"href":"https:\/\/fadeu.urantiacos.cl\/en\/wp-json\/wp\/v2\/comments?post=7625"}],"version-history":[{"count":1,"href":"https:\/\/fadeu.urantiacos.cl\/en\/wp-json\/wp\/v2\/posts\/7625\/revisions"}],"predecessor-version":[{"id":7628,"href":"https:\/\/fadeu.urantiacos.cl\/en\/wp-json\/wp\/v2\/posts\/7625\/revisions\/7628"}],"wp:featuredmedia":[{"embeddable":true,"href":"https:\/\/fadeu.urantiacos.cl\/en\/wp-json\/wp\/v2\/media\/7627"}],"wp:attachment":[{"href":"https:\/\/fadeu.urantiacos.cl\/en\/wp-json\/wp\/v2\/media?parent=7625"}],"wp:term":[{"taxonomy":"category","embeddable":true,"href":"https:\/\/fadeu.urantiacos.cl\/en\/wp-json\/wp\/v2\/categories?post=7625"},{"taxonomy":"post_tag","embeddable":true,"href":"https:\/\/fadeu.urantiacos.cl\/en\/wp-json\/wp\/v2\/tags?post=7625"}],"curies":[{"name":"wp","href":"https:\/\/api.w.org\/{rel}","templated":true}]}}