{"id":7616,"date":"2021-01-04T23:42:00","date_gmt":"2021-01-05T02:42:00","guid":{"rendered":"https:\/\/fadeu.urantiacos.cl\/?p=7616"},"modified":"2023-11-03T12:21:59","modified_gmt":"2023-11-03T15:21:59","slug":"publicacion-etnografias-minimas-ii-del-academico-gerardo-mora","status":"publish","type":"post","link":"https:\/\/fadeu.urantiacos.cl\/en\/2021\/01\/04\/publicacion-etnografias-minimas-ii-del-academico-gerardo-mora\/","title":{"rendered":"Publicaci\u00f3n &#8220;Etnograf\u00edas M\u00ednimas II&#8221; del acad\u00e9mico Gerardo Mora"},"content":{"rendered":"\n<figure class=\"wp-block-image size-full\"><img decoding=\"async\" width=\"350\" height=\"250\" src=\"https:\/\/fadeu.urantiacos.cl\/wp-content\/uploads\/2023\/09\/WhatsApp-Image-2020-12-22-at-12.31.19-732x992_web.jpg\" alt=\"\" class=\"wp-image-7617\" srcset=\"https:\/\/fadeu.urantiacos.cl\/wp-content\/uploads\/2023\/09\/WhatsApp-Image-2020-12-22-at-12.31.19-732x992_web.jpg 350w, https:\/\/fadeu.urantiacos.cl\/wp-content\/uploads\/2023\/09\/WhatsApp-Image-2020-12-22-at-12.31.19-732x992_web-300x214.jpg 300w\" sizes=\"(max-width: 350px) 100vw, 350px\" \/><\/figure>\n\n\n\n<p>Es la tercera vez que el profesor Mora participa en la creaci\u00f3n de un libro. \u201cLakitas en Arica\u201d (2010), resultado de una serie de proyectos FONDART, y \u201cCaminado, Pr\u00e1cticas, afectos y corporalidades en la ciudad\u201d (2018), editado junto a\u00a0Mart\u00edn Tironi, de DISE\u00d1O UC, se caracterizaron por reunir, en un misma obra, acercamientos de m\u00faltiples disciplinas en una misma experiencia humana. Arqueolog\u00eda, etnomusicolog\u00eda, fotograf\u00eda, etc. en la vida de los aer\u00f3fonos andinos y dise\u00f1o, est\u00e9tica, sociolog\u00eda, etc. para el caminar por Santiago.<\/p>\n\n\n\n<p>\u201cEtnograf\u00edas M\u00ednimas II\u201d mantiene ese esp\u00edritu colectivo, pero esta vez sumerge en la m\u00e9dula \u00f3sea de la Antropolog\u00eda. Se trata de la continuaci\u00f3n de un volumen publicado el a\u00f1o 2007 por el antrop\u00f3logo Daniel Quiroz, el cual reun\u00eda etnograf\u00edas breves e intensas elaboradas por un amplio espectro de autores nacionales, desde figuras insignes hasta j\u00f3venes estudiantes. Este segundo volumen agrupa trabajos desde la generaci\u00f3n de egreso 2004 en adelante e incorpora aportes de Bolivia, Argentina y Brasil.<\/p>\n\n\n\n<p>El libro quedar\u00e1 disponible para descarga en el portal de la Subdirecci\u00f3n.<\/p>\n","protected":false},"excerpt":{"rendered":"<p>El docente Gerardo Mora acaba de publicar \u201cEtnograf\u00edas M\u00ednimas II\u201d, a trav\u00e9s de la Subdirecci\u00f3n Nacional de Patrimonio Cultural Inmaterial.<\/p>\n","protected":false},"author":1,"featured_media":7617,"comment_status":"open","ping_status":"open","sticky":false,"template":"","format":"standard","meta":{"_acf_changed":false,"footnotes":""},"categories":[1],"tags":[],"class_list":["post-7616","post","type-post","status-publish","format-standard","has-post-thumbnail","hentry","category-sin-categorizar"],"acf":[],"yoast_head":"<!-- This site is optimized with the Yoast SEO plugin v27.1.1 - https:\/\/yoast.com\/product\/yoast-seo-wordpress\/ -->\n<title>Publicaci\u00f3n &quot;Etnograf\u00edas M\u00ednimas II&quot; del acad\u00e9mico Gerardo Mora - Facultad de Arquitectura, Dise\u00f1o y Estudios Urbanos<\/title>\n<meta name=\"description\" content=\"El docente Gerardo Mora acaba de publicar \u201cEtnograf\u00edas M\u00ednimas II\u201d, a trav\u00e9s de la Subdirecci\u00f3n Nacional de Patrimonio Cultural Inmaterial.\" \/>\n<meta name=\"robots\" content=\"index, follow, max-snippet:-1, max-image-preview:large, max-video-preview:-1\" \/>\n<link rel=\"canonical\" href=\"https:\/\/fadeu.urantiacos.cl\/en\/2021\/01\/04\/publicacion-etnografias-minimas-ii-del-academico-gerardo-mora\/\" \/>\n<meta property=\"og:locale\" content=\"en_US\" \/>\n<meta property=\"og:type\" content=\"article\" \/>\n<meta property=\"og:title\" content=\"Publicaci\u00f3n &quot;Etnograf\u00edas M\u00ednimas II&quot; del acad\u00e9mico Gerardo Mora - Facultad de Arquitectura, Dise\u00f1o y Estudios Urbanos\" \/>\n<meta property=\"og:description\" content=\"El docente Gerardo Mora acaba de publicar \u201cEtnograf\u00edas M\u00ednimas II\u201d, a trav\u00e9s de la Subdirecci\u00f3n Nacional de Patrimonio Cultural Inmaterial.\" \/>\n<meta property=\"og:url\" content=\"https:\/\/fadeu.urantiacos.cl\/en\/2021\/01\/04\/publicacion-etnografias-minimas-ii-del-academico-gerardo-mora\/\" \/>\n<meta property=\"og:site_name\" content=\"Facultad de Arquitectura, Dise\u00f1o y Estudios Urbanos\" \/>\n<meta property=\"article:published_time\" content=\"2021-01-05T02:42:00+00:00\" \/>\n<meta property=\"article:modified_time\" content=\"2023-11-03T15:21:59+00:00\" \/>\n<meta property=\"og:image\" content=\"https:\/\/fadeu.urantiacos.cl\/wp-content\/uploads\/2023\/09\/WhatsApp-Image-2020-12-22-at-12.31.19-732x992_web.jpg\" \/>\n\t<meta property=\"og:image:width\" content=\"350\" \/>\n\t<meta property=\"og:image:height\" content=\"250\" \/>\n\t<meta property=\"og:image:type\" content=\"image\/jpeg\" \/>\n<meta name=\"author\" content=\"manadmin\" \/>\n<meta name=\"twitter:card\" content=\"summary_large_image\" \/>\n<meta name=\"twitter:label1\" content=\"Written by\" \/>\n\t<meta name=\"twitter:data1\" content=\"manadmin\" \/>\n\t<meta name=\"twitter:label2\" content=\"Est. reading time\" \/>\n\t<meta name=\"twitter:data2\" content=\"1 minute\" \/>\n<script type=\"application\/ld+json\" class=\"yoast-schema-graph\">{\"@context\":\"https:\/\/schema.org\",\"@graph\":[{\"@type\":\"Article\",\"@id\":\"https:\/\/fadeu.urantiacos.cl\/en\/2021\/01\/04\/publicacion-etnografias-minimas-ii-del-academico-gerardo-mora\/#article\",\"isPartOf\":{\"@id\":\"https:\/\/fadeu.urantiacos.cl\/en\/2021\/01\/04\/publicacion-etnografias-minimas-ii-del-academico-gerardo-mora\/\"},\"author\":{\"name\":\"manadmin\",\"@id\":\"https:\/\/fadeu.urantiacos.cl\/en\/#\/schema\/person\/d203e2e84b1c40275eac77b3061a19a2\"},\"headline\":\"Publicaci\u00f3n &#8220;Etnograf\u00edas M\u00ednimas II&#8221; del acad\u00e9mico Gerardo Mora\",\"datePublished\":\"2021-01-05T02:42:00+00:00\",\"dateModified\":\"2023-11-03T15:21:59+00:00\",\"mainEntityOfPage\":{\"@id\":\"https:\/\/fadeu.urantiacos.cl\/en\/2021\/01\/04\/publicacion-etnografias-minimas-ii-del-academico-gerardo-mora\/\"},\"wordCount\":204,\"commentCount\":0,\"image\":{\"@id\":\"https:\/\/fadeu.urantiacos.cl\/en\/2021\/01\/04\/publicacion-etnografias-minimas-ii-del-academico-gerardo-mora\/#primaryimage\"},\"thumbnailUrl\":\"https:\/\/fadeu.urantiacos.cl\/wp-content\/uploads\/2023\/09\/WhatsApp-Image-2020-12-22-at-12.31.19-732x992_web.jpg\",\"articleSection\":[\"Sin categorizar\"],\"inLanguage\":\"en-US\",\"potentialAction\":[{\"@type\":\"CommentAction\",\"name\":\"Comment\",\"target\":[\"https:\/\/fadeu.urantiacos.cl\/en\/2021\/01\/04\/publicacion-etnografias-minimas-ii-del-academico-gerardo-mora\/#respond\"]}]},{\"@type\":\"WebPage\",\"@id\":\"https:\/\/fadeu.urantiacos.cl\/en\/2021\/01\/04\/publicacion-etnografias-minimas-ii-del-academico-gerardo-mora\/\",\"url\":\"https:\/\/fadeu.urantiacos.cl\/en\/2021\/01\/04\/publicacion-etnografias-minimas-ii-del-academico-gerardo-mora\/\",\"name\":\"Publicaci\u00f3n \\\"Etnograf\u00edas M\u00ednimas II\\\" del acad\u00e9mico Gerardo Mora - Facultad de Arquitectura, Dise\u00f1o y Estudios Urbanos\",\"isPartOf\":{\"@id\":\"https:\/\/fadeu.urantiacos.cl\/en\/#website\"},\"primaryImageOfPage\":{\"@id\":\"https:\/\/fadeu.urantiacos.cl\/en\/2021\/01\/04\/publicacion-etnografias-minimas-ii-del-academico-gerardo-mora\/#primaryimage\"},\"image\":{\"@id\":\"https:\/\/fadeu.urantiacos.cl\/en\/2021\/01\/04\/publicacion-etnografias-minimas-ii-del-academico-gerardo-mora\/#primaryimage\"},\"thumbnailUrl\":\"https:\/\/fadeu.urantiacos.cl\/wp-content\/uploads\/2023\/09\/WhatsApp-Image-2020-12-22-at-12.31.19-732x992_web.jpg\",\"datePublished\":\"2021-01-05T02:42:00+00:00\",\"dateModified\":\"2023-11-03T15:21:59+00:00\",\"author\":{\"@id\":\"https:\/\/fadeu.urantiacos.cl\/en\/#\/schema\/person\/d203e2e84b1c40275eac77b3061a19a2\"},\"description\":\"El docente Gerardo Mora acaba de publicar \u201cEtnograf\u00edas M\u00ednimas II\u201d, a trav\u00e9s de la Subdirecci\u00f3n Nacional de Patrimonio Cultural Inmaterial.\",\"breadcrumb\":{\"@id\":\"https:\/\/fadeu.urantiacos.cl\/en\/2021\/01\/04\/publicacion-etnografias-minimas-ii-del-academico-gerardo-mora\/#breadcrumb\"},\"inLanguage\":\"en-US\",\"potentialAction\":[{\"@type\":\"ReadAction\",\"target\":[\"https:\/\/fadeu.urantiacos.cl\/en\/2021\/01\/04\/publicacion-etnografias-minimas-ii-del-academico-gerardo-mora\/\"]}]},{\"@type\":\"ImageObject\",\"inLanguage\":\"en-US\",\"@id\":\"https:\/\/fadeu.urantiacos.cl\/en\/2021\/01\/04\/publicacion-etnografias-minimas-ii-del-academico-gerardo-mora\/#primaryimage\",\"url\":\"https:\/\/fadeu.urantiacos.cl\/wp-content\/uploads\/2023\/09\/WhatsApp-Image-2020-12-22-at-12.31.19-732x992_web.jpg\",\"contentUrl\":\"https:\/\/fadeu.urantiacos.cl\/wp-content\/uploads\/2023\/09\/WhatsApp-Image-2020-12-22-at-12.31.19-732x992_web.jpg\",\"width\":350,\"height\":250},{\"@type\":\"BreadcrumbList\",\"@id\":\"https:\/\/fadeu.urantiacos.cl\/en\/2021\/01\/04\/publicacion-etnografias-minimas-ii-del-academico-gerardo-mora\/#breadcrumb\",\"itemListElement\":[{\"@type\":\"ListItem\",\"position\":1,\"name\":\"Portada\",\"item\":\"https:\/\/fadeu.urantiacos.cl\/en\/\"},{\"@type\":\"ListItem\",\"position\":2,\"name\":\"Publicaci\u00f3n &#8220;Etnograf\u00edas M\u00ednimas II&#8221; del acad\u00e9mico Gerardo Mora\"}]},{\"@type\":\"WebSite\",\"@id\":\"https:\/\/fadeu.urantiacos.cl\/en\/#website\",\"url\":\"https:\/\/fadeu.urantiacos.cl\/en\/\",\"name\":\"Facultad de Arquitectura, Dise\u00f1o y Estudios Urbanos\",\"description\":\"Campus Lo Contador\",\"potentialAction\":[{\"@type\":\"SearchAction\",\"target\":{\"@type\":\"EntryPoint\",\"urlTemplate\":\"https:\/\/fadeu.urantiacos.cl\/en\/?s={search_term_string}\"},\"query-input\":{\"@type\":\"PropertyValueSpecification\",\"valueRequired\":true,\"valueName\":\"search_term_string\"}}],\"inLanguage\":\"en-US\"},{\"@type\":\"Person\",\"@id\":\"https:\/\/fadeu.urantiacos.cl\/en\/#\/schema\/person\/d203e2e84b1c40275eac77b3061a19a2\",\"name\":\"manadmin\",\"image\":{\"@type\":\"ImageObject\",\"inLanguage\":\"en-US\",\"@id\":\"https:\/\/fadeu.urantiacos.cl\/en\/#\/schema\/person\/image\/\",\"url\":\"https:\/\/secure.gravatar.com\/avatar\/4b1d8e3303b4a9d8968ac578947d8bc80d9aea359f388cdd4aac15cadc0e8447?s=96&d=mm&r=g\",\"contentUrl\":\"https:\/\/secure.gravatar.com\/avatar\/4b1d8e3303b4a9d8968ac578947d8bc80d9aea359f388cdd4aac15cadc0e8447?s=96&d=mm&r=g\",\"caption\":\"manadmin\"},\"sameAs\":[\"https:\/\/fadeu.urantiacos.cl\"]}]}<\/script>\n<!-- \/ Yoast SEO plugin. -->","yoast_head_json":{"title":"Publicaci\u00f3n \"Etnograf\u00edas M\u00ednimas II\" del acad\u00e9mico Gerardo Mora - Facultad de Arquitectura, Dise\u00f1o y Estudios Urbanos","description":"El docente Gerardo Mora acaba de publicar \u201cEtnograf\u00edas M\u00ednimas II\u201d, a trav\u00e9s de la Subdirecci\u00f3n Nacional de Patrimonio Cultural Inmaterial.","robots":{"index":"index","follow":"follow","max-snippet":"max-snippet:-1","max-image-preview":"max-image-preview:large","max-video-preview":"max-video-preview:-1"},"canonical":"https:\/\/fadeu.urantiacos.cl\/en\/2021\/01\/04\/publicacion-etnografias-minimas-ii-del-academico-gerardo-mora\/","og_locale":"en_US","og_type":"article","og_title":"Publicaci\u00f3n \"Etnograf\u00edas M\u00ednimas II\" del acad\u00e9mico Gerardo Mora - Facultad de Arquitectura, Dise\u00f1o y Estudios Urbanos","og_description":"El docente Gerardo Mora acaba de publicar \u201cEtnograf\u00edas M\u00ednimas II\u201d, a trav\u00e9s de la Subdirecci\u00f3n Nacional de Patrimonio Cultural Inmaterial.","og_url":"https:\/\/fadeu.urantiacos.cl\/en\/2021\/01\/04\/publicacion-etnografias-minimas-ii-del-academico-gerardo-mora\/","og_site_name":"Facultad de Arquitectura, Dise\u00f1o y Estudios Urbanos","article_published_time":"2021-01-05T02:42:00+00:00","article_modified_time":"2023-11-03T15:21:59+00:00","og_image":[{"width":350,"height":250,"url":"https:\/\/fadeu.urantiacos.cl\/wp-content\/uploads\/2023\/09\/WhatsApp-Image-2020-12-22-at-12.31.19-732x992_web.jpg","type":"image\/jpeg"}],"author":"manadmin","twitter_card":"summary_large_image","twitter_misc":{"Written by":"manadmin","Est. reading time":"1 minute"},"schema":{"@context":"https:\/\/schema.org","@graph":[{"@type":"Article","@id":"https:\/\/fadeu.urantiacos.cl\/en\/2021\/01\/04\/publicacion-etnografias-minimas-ii-del-academico-gerardo-mora\/#article","isPartOf":{"@id":"https:\/\/fadeu.urantiacos.cl\/en\/2021\/01\/04\/publicacion-etnografias-minimas-ii-del-academico-gerardo-mora\/"},"author":{"name":"manadmin","@id":"https:\/\/fadeu.urantiacos.cl\/en\/#\/schema\/person\/d203e2e84b1c40275eac77b3061a19a2"},"headline":"Publicaci\u00f3n &#8220;Etnograf\u00edas M\u00ednimas II&#8221; del acad\u00e9mico Gerardo Mora","datePublished":"2021-01-05T02:42:00+00:00","dateModified":"2023-11-03T15:21:59+00:00","mainEntityOfPage":{"@id":"https:\/\/fadeu.urantiacos.cl\/en\/2021\/01\/04\/publicacion-etnografias-minimas-ii-del-academico-gerardo-mora\/"},"wordCount":204,"commentCount":0,"image":{"@id":"https:\/\/fadeu.urantiacos.cl\/en\/2021\/01\/04\/publicacion-etnografias-minimas-ii-del-academico-gerardo-mora\/#primaryimage"},"thumbnailUrl":"https:\/\/fadeu.urantiacos.cl\/wp-content\/uploads\/2023\/09\/WhatsApp-Image-2020-12-22-at-12.31.19-732x992_web.jpg","articleSection":["Sin categorizar"],"inLanguage":"en-US","potentialAction":[{"@type":"CommentAction","name":"Comment","target":["https:\/\/fadeu.urantiacos.cl\/en\/2021\/01\/04\/publicacion-etnografias-minimas-ii-del-academico-gerardo-mora\/#respond"]}]},{"@type":"WebPage","@id":"https:\/\/fadeu.urantiacos.cl\/en\/2021\/01\/04\/publicacion-etnografias-minimas-ii-del-academico-gerardo-mora\/","url":"https:\/\/fadeu.urantiacos.cl\/en\/2021\/01\/04\/publicacion-etnografias-minimas-ii-del-academico-gerardo-mora\/","name":"Publicaci\u00f3n \"Etnograf\u00edas M\u00ednimas II\" del acad\u00e9mico Gerardo Mora - Facultad de Arquitectura, Dise\u00f1o y Estudios Urbanos","isPartOf":{"@id":"https:\/\/fadeu.urantiacos.cl\/en\/#website"},"primaryImageOfPage":{"@id":"https:\/\/fadeu.urantiacos.cl\/en\/2021\/01\/04\/publicacion-etnografias-minimas-ii-del-academico-gerardo-mora\/#primaryimage"},"image":{"@id":"https:\/\/fadeu.urantiacos.cl\/en\/2021\/01\/04\/publicacion-etnografias-minimas-ii-del-academico-gerardo-mora\/#primaryimage"},"thumbnailUrl":"https:\/\/fadeu.urantiacos.cl\/wp-content\/uploads\/2023\/09\/WhatsApp-Image-2020-12-22-at-12.31.19-732x992_web.jpg","datePublished":"2021-01-05T02:42:00+00:00","dateModified":"2023-11-03T15:21:59+00:00","author":{"@id":"https:\/\/fadeu.urantiacos.cl\/en\/#\/schema\/person\/d203e2e84b1c40275eac77b3061a19a2"},"description":"El docente Gerardo Mora acaba de publicar \u201cEtnograf\u00edas M\u00ednimas II\u201d, a trav\u00e9s de la Subdirecci\u00f3n Nacional de Patrimonio Cultural Inmaterial.","breadcrumb":{"@id":"https:\/\/fadeu.urantiacos.cl\/en\/2021\/01\/04\/publicacion-etnografias-minimas-ii-del-academico-gerardo-mora\/#breadcrumb"},"inLanguage":"en-US","potentialAction":[{"@type":"ReadAction","target":["https:\/\/fadeu.urantiacos.cl\/en\/2021\/01\/04\/publicacion-etnografias-minimas-ii-del-academico-gerardo-mora\/"]}]},{"@type":"ImageObject","inLanguage":"en-US","@id":"https:\/\/fadeu.urantiacos.cl\/en\/2021\/01\/04\/publicacion-etnografias-minimas-ii-del-academico-gerardo-mora\/#primaryimage","url":"https:\/\/fadeu.urantiacos.cl\/wp-content\/uploads\/2023\/09\/WhatsApp-Image-2020-12-22-at-12.31.19-732x992_web.jpg","contentUrl":"https:\/\/fadeu.urantiacos.cl\/wp-content\/uploads\/2023\/09\/WhatsApp-Image-2020-12-22-at-12.31.19-732x992_web.jpg","width":350,"height":250},{"@type":"BreadcrumbList","@id":"https:\/\/fadeu.urantiacos.cl\/en\/2021\/01\/04\/publicacion-etnografias-minimas-ii-del-academico-gerardo-mora\/#breadcrumb","itemListElement":[{"@type":"ListItem","position":1,"name":"Portada","item":"https:\/\/fadeu.urantiacos.cl\/en\/"},{"@type":"ListItem","position":2,"name":"Publicaci\u00f3n &#8220;Etnograf\u00edas M\u00ednimas II&#8221; del acad\u00e9mico Gerardo Mora"}]},{"@type":"WebSite","@id":"https:\/\/fadeu.urantiacos.cl\/en\/#website","url":"https:\/\/fadeu.urantiacos.cl\/en\/","name":"Facultad de Arquitectura, Dise\u00f1o y Estudios Urbanos","description":"Campus Lo Contador","potentialAction":[{"@type":"SearchAction","target":{"@type":"EntryPoint","urlTemplate":"https:\/\/fadeu.urantiacos.cl\/en\/?s={search_term_string}"},"query-input":{"@type":"PropertyValueSpecification","valueRequired":true,"valueName":"search_term_string"}}],"inLanguage":"en-US"},{"@type":"Person","@id":"https:\/\/fadeu.urantiacos.cl\/en\/#\/schema\/person\/d203e2e84b1c40275eac77b3061a19a2","name":"manadmin","image":{"@type":"ImageObject","inLanguage":"en-US","@id":"https:\/\/fadeu.urantiacos.cl\/en\/#\/schema\/person\/image\/","url":"https:\/\/secure.gravatar.com\/avatar\/4b1d8e3303b4a9d8968ac578947d8bc80d9aea359f388cdd4aac15cadc0e8447?s=96&d=mm&r=g","contentUrl":"https:\/\/secure.gravatar.com\/avatar\/4b1d8e3303b4a9d8968ac578947d8bc80d9aea359f388cdd4aac15cadc0e8447?s=96&d=mm&r=g","caption":"manadmin"},"sameAs":["https:\/\/fadeu.urantiacos.cl"]}]}},"_links":{"self":[{"href":"https:\/\/fadeu.urantiacos.cl\/en\/wp-json\/wp\/v2\/posts\/7616","targetHints":{"allow":["GET"]}}],"collection":[{"href":"https:\/\/fadeu.urantiacos.cl\/en\/wp-json\/wp\/v2\/posts"}],"about":[{"href":"https:\/\/fadeu.urantiacos.cl\/en\/wp-json\/wp\/v2\/types\/post"}],"author":[{"embeddable":true,"href":"https:\/\/fadeu.urantiacos.cl\/en\/wp-json\/wp\/v2\/users\/1"}],"replies":[{"embeddable":true,"href":"https:\/\/fadeu.urantiacos.cl\/en\/wp-json\/wp\/v2\/comments?post=7616"}],"version-history":[{"count":3,"href":"https:\/\/fadeu.urantiacos.cl\/en\/wp-json\/wp\/v2\/posts\/7616\/revisions"}],"predecessor-version":[{"id":17953,"href":"https:\/\/fadeu.urantiacos.cl\/en\/wp-json\/wp\/v2\/posts\/7616\/revisions\/17953"}],"wp:featuredmedia":[{"embeddable":true,"href":"https:\/\/fadeu.urantiacos.cl\/en\/wp-json\/wp\/v2\/media\/7617"}],"wp:attachment":[{"href":"https:\/\/fadeu.urantiacos.cl\/en\/wp-json\/wp\/v2\/media?parent=7616"}],"wp:term":[{"taxonomy":"category","embeddable":true,"href":"https:\/\/fadeu.urantiacos.cl\/en\/wp-json\/wp\/v2\/categories?post=7616"},{"taxonomy":"post_tag","embeddable":true,"href":"https:\/\/fadeu.urantiacos.cl\/en\/wp-json\/wp\/v2\/tags?post=7616"}],"curies":[{"name":"wp","href":"https:\/\/api.w.org\/{rel}","templated":true}]}}