{"id":7607,"date":"2021-01-05T23:32:00","date_gmt":"2021-01-06T02:32:00","guid":{"rendered":"https:\/\/fadeu.urantiacos.cl\/?p=7607"},"modified":"2023-09-08T23:38:08","modified_gmt":"2023-09-09T02:38:08","slug":"torrealba-a-detractores-del-museo-lo-que-voy-a-hacer-es-seguir-avanzando","status":"publish","type":"post","link":"https:\/\/fadeu.urantiacos.cl\/en\/2021\/01\/05\/torrealba-a-detractores-del-museo-lo-que-voy-a-hacer-es-seguir-avanzando\/","title":{"rendered":"Torrealba a detractores del museo: \u201cLo que voy a hacer es seguir avanzando\u201d"},"content":{"rendered":"\n<figure class=\"wp-block-image size-full\"><img decoding=\"async\" width=\"350\" height=\"250\" src=\"https:\/\/fadeu.urantiacos.cl\/wp-content\/uploads\/2023\/09\/vitacura_torrealba.jpg\" alt=\"\" class=\"wp-image-7608\" srcset=\"https:\/\/fadeu.urantiacos.cl\/wp-content\/uploads\/2023\/09\/vitacura_torrealba.jpg 350w, https:\/\/fadeu.urantiacos.cl\/wp-content\/uploads\/2023\/09\/vitacura_torrealba-300x214.jpg 300w\" sizes=\"(max-width: 350px) 100vw, 350px\" \/><\/figure>\n\n\n\n<p>La Segunda destaca pol\u00e9mica por el Nuevo Museo de Santiago (NUMU) de Vitacura, que albergar\u00e1 la colecci\u00f3n de arte de Fundaci\u00f3n Engel. Habla el profesor del Instituto de Estudios Urbanos, Roberto Moris.<\/p>\n\n\n\n<h6 class=\"wp-block-heading\">+ Revisa la nota completa aqu\u00ed.<\/h6>\n\n\n\n<figure class=\"wp-block-image size-large\"><img decoding=\"async\" width=\"869\" height=\"1024\" src=\"https:\/\/fadeu.urantiacos.cl\/wp-content\/uploads\/2023\/09\/2055957_1603491-869x1024.jpg\" alt=\"\" class=\"wp-image-7609\" srcset=\"https:\/\/fadeu.urantiacos.cl\/wp-content\/uploads\/2023\/09\/2055957_1603491-869x1024.jpg 869w, https:\/\/fadeu.urantiacos.cl\/wp-content\/uploads\/2023\/09\/2055957_1603491-254x300.jpg 254w, https:\/\/fadeu.urantiacos.cl\/wp-content\/uploads\/2023\/09\/2055957_1603491-768x905.jpg 768w, https:\/\/fadeu.urantiacos.cl\/wp-content\/uploads\/2023\/09\/2055957_1603491-1303x1536.jpg 1303w, https:\/\/fadeu.urantiacos.cl\/wp-content\/uploads\/2023\/09\/2055957_1603491-1737x2048.jpg 1737w, https:\/\/fadeu.urantiacos.cl\/wp-content\/uploads\/2023\/09\/2055957_1603491-scaled.jpg 1018w\" sizes=\"(max-width: 869px) 100vw, 869px\" \/><\/figure>\n","protected":false},"excerpt":{"rendered":"<p>La Segunda destaca pol\u00e9mica por el Nuevo Museo de Santiago (NUMU) de Vitacura, que albergar\u00e1 la colecci\u00f3n de arte de Fundaci\u00f3n Engel. Habla el profesor del Instituto de Estudios Urbanos, Roberto Moris. + Revisa la nota completa aqu\u00ed.<\/p>\n","protected":false},"author":1,"featured_media":7608,"comment_status":"open","ping_status":"open","sticky":false,"template":"","format":"standard","meta":{"_acf_changed":false,"footnotes":""},"categories":[1],"tags":[],"class_list":["post-7607","post","type-post","status-publish","format-standard","has-post-thumbnail","hentry","category-sin-categorizar"],"acf":[],"yoast_head":"<!-- This site is optimized with the Yoast SEO plugin v27.1.1 - https:\/\/yoast.com\/product\/yoast-seo-wordpress\/ -->\n<title>Torrealba a detractores del museo: \u201cLo que voy a hacer es seguir avanzando\u201d - Facultad de Arquitectura, Dise\u00f1o y Estudios Urbanos<\/title>\n<meta name=\"description\" content=\"La Segunda destaca pol\u00e9mica por el Nuevo Museo de Santiago (NUMU) de Vitacura, que albergar\u00e1 la colecci\u00f3n de arte de Fundaci\u00f3n Engel. Habla el profesor\" \/>\n<meta name=\"robots\" content=\"index, follow, max-snippet:-1, max-image-preview:large, max-video-preview:-1\" \/>\n<link rel=\"canonical\" href=\"https:\/\/fadeu.urantiacos.cl\/en\/2021\/01\/05\/torrealba-a-detractores-del-museo-lo-que-voy-a-hacer-es-seguir-avanzando\/\" \/>\n<meta property=\"og:locale\" content=\"en_US\" \/>\n<meta property=\"og:type\" content=\"article\" \/>\n<meta property=\"og:title\" content=\"Torrealba a detractores del museo: \u201cLo que voy a hacer es seguir avanzando\u201d - Facultad de Arquitectura, Dise\u00f1o y Estudios Urbanos\" \/>\n<meta property=\"og:description\" content=\"La Segunda destaca pol\u00e9mica por el Nuevo Museo de Santiago (NUMU) de Vitacura, que albergar\u00e1 la colecci\u00f3n de arte de Fundaci\u00f3n Engel. Habla el profesor\" \/>\n<meta property=\"og:url\" content=\"https:\/\/fadeu.urantiacos.cl\/en\/2021\/01\/05\/torrealba-a-detractores-del-museo-lo-que-voy-a-hacer-es-seguir-avanzando\/\" \/>\n<meta property=\"og:site_name\" content=\"Facultad de Arquitectura, Dise\u00f1o y Estudios Urbanos\" \/>\n<meta property=\"article:published_time\" content=\"2021-01-06T02:32:00+00:00\" \/>\n<meta property=\"article:modified_time\" content=\"2023-09-09T02:38:08+00:00\" \/>\n<meta property=\"og:image\" content=\"https:\/\/fadeu.urantiacos.cl\/wp-content\/uploads\/2023\/09\/vitacura_torrealba.jpg\" \/>\n\t<meta property=\"og:image:width\" content=\"350\" \/>\n\t<meta property=\"og:image:height\" content=\"250\" \/>\n\t<meta property=\"og:image:type\" content=\"image\/jpeg\" \/>\n<meta name=\"author\" content=\"manadmin\" \/>\n<meta name=\"twitter:card\" content=\"summary_large_image\" \/>\n<meta name=\"twitter:label1\" content=\"Written by\" \/>\n\t<meta name=\"twitter:data1\" content=\"manadmin\" \/>\n<script type=\"application\/ld+json\" class=\"yoast-schema-graph\">{\"@context\":\"https:\/\/schema.org\",\"@graph\":[{\"@type\":\"Article\",\"@id\":\"https:\/\/fadeu.urantiacos.cl\/en\/2021\/01\/05\/torrealba-a-detractores-del-museo-lo-que-voy-a-hacer-es-seguir-avanzando\/#article\",\"isPartOf\":{\"@id\":\"https:\/\/fadeu.urantiacos.cl\/en\/2021\/01\/05\/torrealba-a-detractores-del-museo-lo-que-voy-a-hacer-es-seguir-avanzando\/\"},\"author\":{\"name\":\"manadmin\",\"@id\":\"https:\/\/fadeu.urantiacos.cl\/en\/#\/schema\/person\/d203e2e84b1c40275eac77b3061a19a2\"},\"headline\":\"Torrealba a detractores del museo: \u201cLo que voy a hacer es seguir avanzando\u201d\",\"datePublished\":\"2021-01-06T02:32:00+00:00\",\"dateModified\":\"2023-09-09T02:38:08+00:00\",\"mainEntityOfPage\":{\"@id\":\"https:\/\/fadeu.urantiacos.cl\/en\/2021\/01\/05\/torrealba-a-detractores-del-museo-lo-que-voy-a-hacer-es-seguir-avanzando\/\"},\"wordCount\":53,\"commentCount\":0,\"image\":{\"@id\":\"https:\/\/fadeu.urantiacos.cl\/en\/2021\/01\/05\/torrealba-a-detractores-del-museo-lo-que-voy-a-hacer-es-seguir-avanzando\/#primaryimage\"},\"thumbnailUrl\":\"https:\/\/fadeu.urantiacos.cl\/wp-content\/uploads\/2023\/09\/vitacura_torrealba.jpg\",\"articleSection\":[\"Sin categorizar\"],\"inLanguage\":\"en-US\",\"potentialAction\":[{\"@type\":\"CommentAction\",\"name\":\"Comment\",\"target\":[\"https:\/\/fadeu.urantiacos.cl\/en\/2021\/01\/05\/torrealba-a-detractores-del-museo-lo-que-voy-a-hacer-es-seguir-avanzando\/#respond\"]}]},{\"@type\":\"WebPage\",\"@id\":\"https:\/\/fadeu.urantiacos.cl\/en\/2021\/01\/05\/torrealba-a-detractores-del-museo-lo-que-voy-a-hacer-es-seguir-avanzando\/\",\"url\":\"https:\/\/fadeu.urantiacos.cl\/en\/2021\/01\/05\/torrealba-a-detractores-del-museo-lo-que-voy-a-hacer-es-seguir-avanzando\/\",\"name\":\"Torrealba a detractores del museo: \u201cLo que voy a hacer es seguir avanzando\u201d - Facultad de Arquitectura, Dise\u00f1o y Estudios Urbanos\",\"isPartOf\":{\"@id\":\"https:\/\/fadeu.urantiacos.cl\/en\/#website\"},\"primaryImageOfPage\":{\"@id\":\"https:\/\/fadeu.urantiacos.cl\/en\/2021\/01\/05\/torrealba-a-detractores-del-museo-lo-que-voy-a-hacer-es-seguir-avanzando\/#primaryimage\"},\"image\":{\"@id\":\"https:\/\/fadeu.urantiacos.cl\/en\/2021\/01\/05\/torrealba-a-detractores-del-museo-lo-que-voy-a-hacer-es-seguir-avanzando\/#primaryimage\"},\"thumbnailUrl\":\"https:\/\/fadeu.urantiacos.cl\/wp-content\/uploads\/2023\/09\/vitacura_torrealba.jpg\",\"datePublished\":\"2021-01-06T02:32:00+00:00\",\"dateModified\":\"2023-09-09T02:38:08+00:00\",\"author\":{\"@id\":\"https:\/\/fadeu.urantiacos.cl\/en\/#\/schema\/person\/d203e2e84b1c40275eac77b3061a19a2\"},\"description\":\"La Segunda destaca pol\u00e9mica por el Nuevo Museo de Santiago (NUMU) de Vitacura, que albergar\u00e1 la colecci\u00f3n de arte de Fundaci\u00f3n Engel. Habla el profesor\",\"breadcrumb\":{\"@id\":\"https:\/\/fadeu.urantiacos.cl\/en\/2021\/01\/05\/torrealba-a-detractores-del-museo-lo-que-voy-a-hacer-es-seguir-avanzando\/#breadcrumb\"},\"inLanguage\":\"en-US\",\"potentialAction\":[{\"@type\":\"ReadAction\",\"target\":[\"https:\/\/fadeu.urantiacos.cl\/en\/2021\/01\/05\/torrealba-a-detractores-del-museo-lo-que-voy-a-hacer-es-seguir-avanzando\/\"]}]},{\"@type\":\"ImageObject\",\"inLanguage\":\"en-US\",\"@id\":\"https:\/\/fadeu.urantiacos.cl\/en\/2021\/01\/05\/torrealba-a-detractores-del-museo-lo-que-voy-a-hacer-es-seguir-avanzando\/#primaryimage\",\"url\":\"https:\/\/fadeu.urantiacos.cl\/wp-content\/uploads\/2023\/09\/vitacura_torrealba.jpg\",\"contentUrl\":\"https:\/\/fadeu.urantiacos.cl\/wp-content\/uploads\/2023\/09\/vitacura_torrealba.jpg\",\"width\":350,\"height\":250},{\"@type\":\"BreadcrumbList\",\"@id\":\"https:\/\/fadeu.urantiacos.cl\/en\/2021\/01\/05\/torrealba-a-detractores-del-museo-lo-que-voy-a-hacer-es-seguir-avanzando\/#breadcrumb\",\"itemListElement\":[{\"@type\":\"ListItem\",\"position\":1,\"name\":\"Portada\",\"item\":\"https:\/\/fadeu.urantiacos.cl\/en\/\"},{\"@type\":\"ListItem\",\"position\":2,\"name\":\"Torrealba a detractores del museo: \u201cLo que voy a hacer es seguir avanzando\u201d\"}]},{\"@type\":\"WebSite\",\"@id\":\"https:\/\/fadeu.urantiacos.cl\/en\/#website\",\"url\":\"https:\/\/fadeu.urantiacos.cl\/en\/\",\"name\":\"Facultad de Arquitectura, Dise\u00f1o y Estudios Urbanos\",\"description\":\"Campus Lo Contador\",\"potentialAction\":[{\"@type\":\"SearchAction\",\"target\":{\"@type\":\"EntryPoint\",\"urlTemplate\":\"https:\/\/fadeu.urantiacos.cl\/en\/?s={search_term_string}\"},\"query-input\":{\"@type\":\"PropertyValueSpecification\",\"valueRequired\":true,\"valueName\":\"search_term_string\"}}],\"inLanguage\":\"en-US\"},{\"@type\":\"Person\",\"@id\":\"https:\/\/fadeu.urantiacos.cl\/en\/#\/schema\/person\/d203e2e84b1c40275eac77b3061a19a2\",\"name\":\"manadmin\",\"image\":{\"@type\":\"ImageObject\",\"inLanguage\":\"en-US\",\"@id\":\"https:\/\/fadeu.urantiacos.cl\/en\/#\/schema\/person\/image\/\",\"url\":\"https:\/\/secure.gravatar.com\/avatar\/4b1d8e3303b4a9d8968ac578947d8bc80d9aea359f388cdd4aac15cadc0e8447?s=96&d=mm&r=g\",\"contentUrl\":\"https:\/\/secure.gravatar.com\/avatar\/4b1d8e3303b4a9d8968ac578947d8bc80d9aea359f388cdd4aac15cadc0e8447?s=96&d=mm&r=g\",\"caption\":\"manadmin\"},\"sameAs\":[\"https:\/\/fadeu.urantiacos.cl\"]}]}<\/script>\n<!-- \/ Yoast SEO plugin. -->","yoast_head_json":{"title":"Torrealba a detractores del museo: \u201cLo que voy a hacer es seguir avanzando\u201d - Facultad de Arquitectura, Dise\u00f1o y Estudios Urbanos","description":"La Segunda destaca pol\u00e9mica por el Nuevo Museo de Santiago (NUMU) de Vitacura, que albergar\u00e1 la colecci\u00f3n de arte de Fundaci\u00f3n Engel. Habla el profesor","robots":{"index":"index","follow":"follow","max-snippet":"max-snippet:-1","max-image-preview":"max-image-preview:large","max-video-preview":"max-video-preview:-1"},"canonical":"https:\/\/fadeu.urantiacos.cl\/en\/2021\/01\/05\/torrealba-a-detractores-del-museo-lo-que-voy-a-hacer-es-seguir-avanzando\/","og_locale":"en_US","og_type":"article","og_title":"Torrealba a detractores del museo: \u201cLo que voy a hacer es seguir avanzando\u201d - Facultad de Arquitectura, Dise\u00f1o y Estudios Urbanos","og_description":"La Segunda destaca pol\u00e9mica por el Nuevo Museo de Santiago (NUMU) de Vitacura, que albergar\u00e1 la colecci\u00f3n de arte de Fundaci\u00f3n Engel. Habla el profesor","og_url":"https:\/\/fadeu.urantiacos.cl\/en\/2021\/01\/05\/torrealba-a-detractores-del-museo-lo-que-voy-a-hacer-es-seguir-avanzando\/","og_site_name":"Facultad de Arquitectura, Dise\u00f1o y Estudios Urbanos","article_published_time":"2021-01-06T02:32:00+00:00","article_modified_time":"2023-09-09T02:38:08+00:00","og_image":[{"width":350,"height":250,"url":"https:\/\/fadeu.urantiacos.cl\/wp-content\/uploads\/2023\/09\/vitacura_torrealba.jpg","type":"image\/jpeg"}],"author":"manadmin","twitter_card":"summary_large_image","twitter_misc":{"Written by":"manadmin"},"schema":{"@context":"https:\/\/schema.org","@graph":[{"@type":"Article","@id":"https:\/\/fadeu.urantiacos.cl\/en\/2021\/01\/05\/torrealba-a-detractores-del-museo-lo-que-voy-a-hacer-es-seguir-avanzando\/#article","isPartOf":{"@id":"https:\/\/fadeu.urantiacos.cl\/en\/2021\/01\/05\/torrealba-a-detractores-del-museo-lo-que-voy-a-hacer-es-seguir-avanzando\/"},"author":{"name":"manadmin","@id":"https:\/\/fadeu.urantiacos.cl\/en\/#\/schema\/person\/d203e2e84b1c40275eac77b3061a19a2"},"headline":"Torrealba a detractores del museo: \u201cLo que voy a hacer es seguir avanzando\u201d","datePublished":"2021-01-06T02:32:00+00:00","dateModified":"2023-09-09T02:38:08+00:00","mainEntityOfPage":{"@id":"https:\/\/fadeu.urantiacos.cl\/en\/2021\/01\/05\/torrealba-a-detractores-del-museo-lo-que-voy-a-hacer-es-seguir-avanzando\/"},"wordCount":53,"commentCount":0,"image":{"@id":"https:\/\/fadeu.urantiacos.cl\/en\/2021\/01\/05\/torrealba-a-detractores-del-museo-lo-que-voy-a-hacer-es-seguir-avanzando\/#primaryimage"},"thumbnailUrl":"https:\/\/fadeu.urantiacos.cl\/wp-content\/uploads\/2023\/09\/vitacura_torrealba.jpg","articleSection":["Sin categorizar"],"inLanguage":"en-US","potentialAction":[{"@type":"CommentAction","name":"Comment","target":["https:\/\/fadeu.urantiacos.cl\/en\/2021\/01\/05\/torrealba-a-detractores-del-museo-lo-que-voy-a-hacer-es-seguir-avanzando\/#respond"]}]},{"@type":"WebPage","@id":"https:\/\/fadeu.urantiacos.cl\/en\/2021\/01\/05\/torrealba-a-detractores-del-museo-lo-que-voy-a-hacer-es-seguir-avanzando\/","url":"https:\/\/fadeu.urantiacos.cl\/en\/2021\/01\/05\/torrealba-a-detractores-del-museo-lo-que-voy-a-hacer-es-seguir-avanzando\/","name":"Torrealba a detractores del museo: \u201cLo que voy a hacer es seguir avanzando\u201d - Facultad de Arquitectura, Dise\u00f1o y Estudios Urbanos","isPartOf":{"@id":"https:\/\/fadeu.urantiacos.cl\/en\/#website"},"primaryImageOfPage":{"@id":"https:\/\/fadeu.urantiacos.cl\/en\/2021\/01\/05\/torrealba-a-detractores-del-museo-lo-que-voy-a-hacer-es-seguir-avanzando\/#primaryimage"},"image":{"@id":"https:\/\/fadeu.urantiacos.cl\/en\/2021\/01\/05\/torrealba-a-detractores-del-museo-lo-que-voy-a-hacer-es-seguir-avanzando\/#primaryimage"},"thumbnailUrl":"https:\/\/fadeu.urantiacos.cl\/wp-content\/uploads\/2023\/09\/vitacura_torrealba.jpg","datePublished":"2021-01-06T02:32:00+00:00","dateModified":"2023-09-09T02:38:08+00:00","author":{"@id":"https:\/\/fadeu.urantiacos.cl\/en\/#\/schema\/person\/d203e2e84b1c40275eac77b3061a19a2"},"description":"La Segunda destaca pol\u00e9mica por el Nuevo Museo de Santiago (NUMU) de Vitacura, que albergar\u00e1 la colecci\u00f3n de arte de Fundaci\u00f3n Engel. Habla el profesor","breadcrumb":{"@id":"https:\/\/fadeu.urantiacos.cl\/en\/2021\/01\/05\/torrealba-a-detractores-del-museo-lo-que-voy-a-hacer-es-seguir-avanzando\/#breadcrumb"},"inLanguage":"en-US","potentialAction":[{"@type":"ReadAction","target":["https:\/\/fadeu.urantiacos.cl\/en\/2021\/01\/05\/torrealba-a-detractores-del-museo-lo-que-voy-a-hacer-es-seguir-avanzando\/"]}]},{"@type":"ImageObject","inLanguage":"en-US","@id":"https:\/\/fadeu.urantiacos.cl\/en\/2021\/01\/05\/torrealba-a-detractores-del-museo-lo-que-voy-a-hacer-es-seguir-avanzando\/#primaryimage","url":"https:\/\/fadeu.urantiacos.cl\/wp-content\/uploads\/2023\/09\/vitacura_torrealba.jpg","contentUrl":"https:\/\/fadeu.urantiacos.cl\/wp-content\/uploads\/2023\/09\/vitacura_torrealba.jpg","width":350,"height":250},{"@type":"BreadcrumbList","@id":"https:\/\/fadeu.urantiacos.cl\/en\/2021\/01\/05\/torrealba-a-detractores-del-museo-lo-que-voy-a-hacer-es-seguir-avanzando\/#breadcrumb","itemListElement":[{"@type":"ListItem","position":1,"name":"Portada","item":"https:\/\/fadeu.urantiacos.cl\/en\/"},{"@type":"ListItem","position":2,"name":"Torrealba a detractores del museo: \u201cLo que voy a hacer es seguir avanzando\u201d"}]},{"@type":"WebSite","@id":"https:\/\/fadeu.urantiacos.cl\/en\/#website","url":"https:\/\/fadeu.urantiacos.cl\/en\/","name":"Facultad de Arquitectura, Dise\u00f1o y Estudios Urbanos","description":"Campus Lo Contador","potentialAction":[{"@type":"SearchAction","target":{"@type":"EntryPoint","urlTemplate":"https:\/\/fadeu.urantiacos.cl\/en\/?s={search_term_string}"},"query-input":{"@type":"PropertyValueSpecification","valueRequired":true,"valueName":"search_term_string"}}],"inLanguage":"en-US"},{"@type":"Person","@id":"https:\/\/fadeu.urantiacos.cl\/en\/#\/schema\/person\/d203e2e84b1c40275eac77b3061a19a2","name":"manadmin","image":{"@type":"ImageObject","inLanguage":"en-US","@id":"https:\/\/fadeu.urantiacos.cl\/en\/#\/schema\/person\/image\/","url":"https:\/\/secure.gravatar.com\/avatar\/4b1d8e3303b4a9d8968ac578947d8bc80d9aea359f388cdd4aac15cadc0e8447?s=96&d=mm&r=g","contentUrl":"https:\/\/secure.gravatar.com\/avatar\/4b1d8e3303b4a9d8968ac578947d8bc80d9aea359f388cdd4aac15cadc0e8447?s=96&d=mm&r=g","caption":"manadmin"},"sameAs":["https:\/\/fadeu.urantiacos.cl"]}]}},"_links":{"self":[{"href":"https:\/\/fadeu.urantiacos.cl\/en\/wp-json\/wp\/v2\/posts\/7607","targetHints":{"allow":["GET"]}}],"collection":[{"href":"https:\/\/fadeu.urantiacos.cl\/en\/wp-json\/wp\/v2\/posts"}],"about":[{"href":"https:\/\/fadeu.urantiacos.cl\/en\/wp-json\/wp\/v2\/types\/post"}],"author":[{"embeddable":true,"href":"https:\/\/fadeu.urantiacos.cl\/en\/wp-json\/wp\/v2\/users\/1"}],"replies":[{"embeddable":true,"href":"https:\/\/fadeu.urantiacos.cl\/en\/wp-json\/wp\/v2\/comments?post=7607"}],"version-history":[{"count":1,"href":"https:\/\/fadeu.urantiacos.cl\/en\/wp-json\/wp\/v2\/posts\/7607\/revisions"}],"predecessor-version":[{"id":7610,"href":"https:\/\/fadeu.urantiacos.cl\/en\/wp-json\/wp\/v2\/posts\/7607\/revisions\/7610"}],"wp:featuredmedia":[{"embeddable":true,"href":"https:\/\/fadeu.urantiacos.cl\/en\/wp-json\/wp\/v2\/media\/7608"}],"wp:attachment":[{"href":"https:\/\/fadeu.urantiacos.cl\/en\/wp-json\/wp\/v2\/media?parent=7607"}],"wp:term":[{"taxonomy":"category","embeddable":true,"href":"https:\/\/fadeu.urantiacos.cl\/en\/wp-json\/wp\/v2\/categories?post=7607"},{"taxonomy":"post_tag","embeddable":true,"href":"https:\/\/fadeu.urantiacos.cl\/en\/wp-json\/wp\/v2\/tags?post=7607"}],"curies":[{"name":"wp","href":"https:\/\/api.w.org\/{rel}","templated":true}]}}