{"id":7604,"date":"2021-01-05T23:29:00","date_gmt":"2021-01-06T02:29:00","guid":{"rendered":"https:\/\/fadeu.urantiacos.cl\/?p=7604"},"modified":"2023-09-08T23:32:14","modified_gmt":"2023-09-09T02:32:14","slug":"se-inicia-proceso-eleccionario-para-la-direccion-del-instituto-de-estudios-urbanos-y-territoriales","status":"publish","type":"post","link":"https:\/\/fadeu.urantiacos.cl\/en\/2021\/01\/05\/se-inicia-proceso-eleccionario-para-la-direccion-del-instituto-de-estudios-urbanos-y-territoriales\/","title":{"rendered":"Se inicia proceso eleccionario para la Direcci\u00f3n del Instituto de Estudios Urbanos y Territoriales"},"content":{"rendered":"\n<figure class=\"wp-block-image size-full\"><img decoding=\"async\" width=\"350\" height=\"250\" src=\"https:\/\/fadeu.urantiacos.cl\/wp-content\/uploads\/2023\/09\/Comite_Busqueda_IEUT.png\" alt=\"\" class=\"wp-image-7605\" srcset=\"https:\/\/fadeu.urantiacos.cl\/wp-content\/uploads\/2023\/09\/Comite_Busqueda_IEUT.png 350w, https:\/\/fadeu.urantiacos.cl\/wp-content\/uploads\/2023\/09\/Comite_Busqueda_IEUT-300x214.png 300w\" sizes=\"(max-width: 350px) 100vw, 350px\" \/><\/figure>\n\n\n\n<p>Los nombres se dieron a conocer el pasado 4 de enero, luego de la votaci\u00f3n en la que se dieron cita los diez profesores\/as habilitados para sufragar en esta instancia.<\/p>\n\n\n\n<p>Seg\u00fan se inform\u00f3 desde la Secretar\u00eda Acad\u00e9mica FADEU, dentro de esta semana se nombrar\u00e1 al representante externo del Comit\u00e9 de B\u00fasqueda, para luego constituirlo formalmente, una vez que la Secretar\u00eda General UC oficialice los correspondientes nombramientos de sus miembros.<\/p>\n\n\n\n<p><strong>Historia<\/strong><\/p>\n\n\n\n<p>El Instituto de Estudios Urbanos y Territoriales es una unidad acad\u00e9mica perteneciente a la Facultad de Arquitectura, Dise\u00f1o y Estudios Urbanos de la Pontificia Universidad Cat\u00f3lica de Chile. Fue fundado en 1965, con el objetivo de promover la investigaci\u00f3n y docencia en materia de planificaci\u00f3n y estudios urbanos.<\/p>\n\n\n\n<p>A lo largo de los a\u00f1os, y desde un enfoque interdisciplinario, el Instituto ha ido consolidando una oferta curricular de pre y postgrado, enfocada principalmente en las problem\u00e1ticas urbanas y territoriales presentes en Chile y Latinoam\u00e9rica.<\/p>\n\n\n\n<p>En 1967 comienza a dictarse el Magister en Desarrollo Urbano y en 1987, el Mag\u00edster en Asentamientos Humanos y Medio Ambiente. En 2004, se crea el Doctorado en Arquitectura y Estudios Urbanos, programa compartido con la Escuela de Arquitectura UC.<\/p>\n\n\n\n<p>Desde 2014 se suma el t\u00edtulo profesional de Planificador Urbano (\u00fanico en el pa\u00eds), al que se ingresa v\u00eda College UC, y que se articula con el Mag\u00edster en Desarrollo Urbano para el egreso de los\/as estudiantes.<\/p>\n\n\n\n<p>Todo ello se complementa con una amplia oferta de Educaci\u00f3n Continua, que desde 1995 ha logrado ir ampliando su alcance, abarcando las principales tem\u00e1ticas urbanas del pa\u00eds, con una gama de ocho programas de Diplomado de diversa \u00edndole, con t\u00f3picos que van desde la participaci\u00f3n ciudadana y los instrumentos de planificaci\u00f3n urbana, hasta la gesti\u00f3n inmobiliaria, las pol\u00edticas de vivienda y la gesti\u00f3n del cumplimiento ambiental.<\/p>\n\n\n\n<p>Adem\u00e1s de su oferta curricular, el Instituto tiene una larga trayectoria en investigaci\u00f3n y publicaciones en sus l\u00edneas principales: Planificaci\u00f3n y Gobernanza, Procesos Urbanos y Territoriales, Sustentabilidad y Territorio.<\/p>\n","protected":false},"excerpt":{"rendered":"<p>Los profesores Caroline Stamm, Kay Bergamini y Macarena Ibarra fueron elegidos para formar parte del Comit\u00e9 de B\u00fasqueda encargado de conducir el proceso de elecci\u00f3n de nuevo Director\/a del Instituto de Estudios Urbanos y Territoriales 2021 \u2013 2024.<\/p>\n","protected":false},"author":1,"featured_media":7605,"comment_status":"open","ping_status":"open","sticky":false,"template":"","format":"standard","meta":{"_acf_changed":false,"footnotes":""},"categories":[1],"tags":[],"class_list":["post-7604","post","type-post","status-publish","format-standard","has-post-thumbnail","hentry","category-sin-categorizar"],"acf":[],"yoast_head":"<!-- This site is optimized with the Yoast SEO plugin v27.1.1 - https:\/\/yoast.com\/product\/yoast-seo-wordpress\/ -->\n<title>Se inicia proceso eleccionario para la Direcci\u00f3n del Instituto de Estudios Urbanos y Territoriales - Facultad de Arquitectura, Dise\u00f1o y Estudios Urbanos<\/title>\n<meta name=\"description\" content=\"Los profesores Caroline Stamm, Kay Bergamini y Macarena Ibarra fueron elegidos para formar parte del Comit\u00e9 de B\u00fasqueda encargado de conducir el proceso de elecci\u00f3n de nuevo Director\/a del Instituto de Estudios Urbanos y Territoriales 2021 \u2013 2024.\" \/>\n<meta name=\"robots\" content=\"index, follow, max-snippet:-1, max-image-preview:large, max-video-preview:-1\" \/>\n<link rel=\"canonical\" href=\"https:\/\/fadeu.urantiacos.cl\/en\/2021\/01\/05\/se-inicia-proceso-eleccionario-para-la-direccion-del-instituto-de-estudios-urbanos-y-territoriales\/\" \/>\n<meta property=\"og:locale\" content=\"en_US\" \/>\n<meta property=\"og:type\" content=\"article\" \/>\n<meta property=\"og:title\" content=\"Se inicia proceso eleccionario para la Direcci\u00f3n del Instituto de Estudios Urbanos y Territoriales - Facultad de Arquitectura, Dise\u00f1o y Estudios Urbanos\" \/>\n<meta property=\"og:description\" content=\"Los profesores Caroline Stamm, Kay Bergamini y Macarena Ibarra fueron elegidos para formar parte del Comit\u00e9 de B\u00fasqueda encargado de conducir el proceso de elecci\u00f3n de nuevo Director\/a del Instituto de Estudios Urbanos y Territoriales 2021 \u2013 2024.\" \/>\n<meta property=\"og:url\" content=\"https:\/\/fadeu.urantiacos.cl\/en\/2021\/01\/05\/se-inicia-proceso-eleccionario-para-la-direccion-del-instituto-de-estudios-urbanos-y-territoriales\/\" \/>\n<meta property=\"og:site_name\" content=\"Facultad de Arquitectura, Dise\u00f1o y Estudios Urbanos\" \/>\n<meta property=\"article:published_time\" content=\"2021-01-06T02:29:00+00:00\" \/>\n<meta property=\"article:modified_time\" content=\"2023-09-09T02:32:14+00:00\" \/>\n<meta property=\"og:image\" content=\"https:\/\/fadeu.urantiacos.cl\/wp-content\/uploads\/2023\/09\/Comite_Busqueda_IEUT.png\" \/>\n\t<meta property=\"og:image:width\" content=\"350\" \/>\n\t<meta property=\"og:image:height\" content=\"250\" \/>\n\t<meta property=\"og:image:type\" content=\"image\/png\" \/>\n<meta name=\"author\" content=\"manadmin\" \/>\n<meta name=\"twitter:card\" content=\"summary_large_image\" \/>\n<meta name=\"twitter:label1\" content=\"Written by\" \/>\n\t<meta name=\"twitter:data1\" content=\"manadmin\" \/>\n\t<meta name=\"twitter:label2\" content=\"Est. reading time\" \/>\n\t<meta name=\"twitter:data2\" content=\"2 minutes\" \/>\n<script type=\"application\/ld+json\" class=\"yoast-schema-graph\">{\"@context\":\"https:\/\/schema.org\",\"@graph\":[{\"@type\":\"Article\",\"@id\":\"https:\/\/fadeu.urantiacos.cl\/en\/2021\/01\/05\/se-inicia-proceso-eleccionario-para-la-direccion-del-instituto-de-estudios-urbanos-y-territoriales\/#article\",\"isPartOf\":{\"@id\":\"https:\/\/fadeu.urantiacos.cl\/en\/2021\/01\/05\/se-inicia-proceso-eleccionario-para-la-direccion-del-instituto-de-estudios-urbanos-y-territoriales\/\"},\"author\":{\"name\":\"manadmin\",\"@id\":\"https:\/\/fadeu.urantiacos.cl\/en\/#\/schema\/person\/d203e2e84b1c40275eac77b3061a19a2\"},\"headline\":\"Se inicia proceso eleccionario para la Direcci\u00f3n del Instituto de Estudios Urbanos y Territoriales\",\"datePublished\":\"2021-01-06T02:29:00+00:00\",\"dateModified\":\"2023-09-09T02:32:14+00:00\",\"mainEntityOfPage\":{\"@id\":\"https:\/\/fadeu.urantiacos.cl\/en\/2021\/01\/05\/se-inicia-proceso-eleccionario-para-la-direccion-del-instituto-de-estudios-urbanos-y-territoriales\/\"},\"wordCount\":368,\"commentCount\":0,\"image\":{\"@id\":\"https:\/\/fadeu.urantiacos.cl\/en\/2021\/01\/05\/se-inicia-proceso-eleccionario-para-la-direccion-del-instituto-de-estudios-urbanos-y-territoriales\/#primaryimage\"},\"thumbnailUrl\":\"https:\/\/fadeu.urantiacos.cl\/wp-content\/uploads\/2023\/09\/Comite_Busqueda_IEUT.png\",\"articleSection\":[\"Sin categorizar\"],\"inLanguage\":\"en-US\",\"potentialAction\":[{\"@type\":\"CommentAction\",\"name\":\"Comment\",\"target\":[\"https:\/\/fadeu.urantiacos.cl\/en\/2021\/01\/05\/se-inicia-proceso-eleccionario-para-la-direccion-del-instituto-de-estudios-urbanos-y-territoriales\/#respond\"]}]},{\"@type\":\"WebPage\",\"@id\":\"https:\/\/fadeu.urantiacos.cl\/en\/2021\/01\/05\/se-inicia-proceso-eleccionario-para-la-direccion-del-instituto-de-estudios-urbanos-y-territoriales\/\",\"url\":\"https:\/\/fadeu.urantiacos.cl\/en\/2021\/01\/05\/se-inicia-proceso-eleccionario-para-la-direccion-del-instituto-de-estudios-urbanos-y-territoriales\/\",\"name\":\"Se inicia proceso eleccionario para la Direcci\u00f3n del Instituto de Estudios Urbanos y Territoriales - Facultad de Arquitectura, Dise\u00f1o y Estudios Urbanos\",\"isPartOf\":{\"@id\":\"https:\/\/fadeu.urantiacos.cl\/en\/#website\"},\"primaryImageOfPage\":{\"@id\":\"https:\/\/fadeu.urantiacos.cl\/en\/2021\/01\/05\/se-inicia-proceso-eleccionario-para-la-direccion-del-instituto-de-estudios-urbanos-y-territoriales\/#primaryimage\"},\"image\":{\"@id\":\"https:\/\/fadeu.urantiacos.cl\/en\/2021\/01\/05\/se-inicia-proceso-eleccionario-para-la-direccion-del-instituto-de-estudios-urbanos-y-territoriales\/#primaryimage\"},\"thumbnailUrl\":\"https:\/\/fadeu.urantiacos.cl\/wp-content\/uploads\/2023\/09\/Comite_Busqueda_IEUT.png\",\"datePublished\":\"2021-01-06T02:29:00+00:00\",\"dateModified\":\"2023-09-09T02:32:14+00:00\",\"author\":{\"@id\":\"https:\/\/fadeu.urantiacos.cl\/en\/#\/schema\/person\/d203e2e84b1c40275eac77b3061a19a2\"},\"description\":\"Los profesores Caroline Stamm, Kay Bergamini y Macarena Ibarra fueron elegidos para formar parte del Comit\u00e9 de B\u00fasqueda encargado de conducir el proceso de elecci\u00f3n de nuevo Director\/a del Instituto de Estudios Urbanos y Territoriales 2021 \u2013 2024.\",\"breadcrumb\":{\"@id\":\"https:\/\/fadeu.urantiacos.cl\/en\/2021\/01\/05\/se-inicia-proceso-eleccionario-para-la-direccion-del-instituto-de-estudios-urbanos-y-territoriales\/#breadcrumb\"},\"inLanguage\":\"en-US\",\"potentialAction\":[{\"@type\":\"ReadAction\",\"target\":[\"https:\/\/fadeu.urantiacos.cl\/en\/2021\/01\/05\/se-inicia-proceso-eleccionario-para-la-direccion-del-instituto-de-estudios-urbanos-y-territoriales\/\"]}]},{\"@type\":\"ImageObject\",\"inLanguage\":\"en-US\",\"@id\":\"https:\/\/fadeu.urantiacos.cl\/en\/2021\/01\/05\/se-inicia-proceso-eleccionario-para-la-direccion-del-instituto-de-estudios-urbanos-y-territoriales\/#primaryimage\",\"url\":\"https:\/\/fadeu.urantiacos.cl\/wp-content\/uploads\/2023\/09\/Comite_Busqueda_IEUT.png\",\"contentUrl\":\"https:\/\/fadeu.urantiacos.cl\/wp-content\/uploads\/2023\/09\/Comite_Busqueda_IEUT.png\",\"width\":350,\"height\":250},{\"@type\":\"BreadcrumbList\",\"@id\":\"https:\/\/fadeu.urantiacos.cl\/en\/2021\/01\/05\/se-inicia-proceso-eleccionario-para-la-direccion-del-instituto-de-estudios-urbanos-y-territoriales\/#breadcrumb\",\"itemListElement\":[{\"@type\":\"ListItem\",\"position\":1,\"name\":\"Portada\",\"item\":\"https:\/\/fadeu.urantiacos.cl\/en\/\"},{\"@type\":\"ListItem\",\"position\":2,\"name\":\"Se inicia proceso eleccionario para la Direcci\u00f3n del Instituto de Estudios Urbanos y Territoriales\"}]},{\"@type\":\"WebSite\",\"@id\":\"https:\/\/fadeu.urantiacos.cl\/en\/#website\",\"url\":\"https:\/\/fadeu.urantiacos.cl\/en\/\",\"name\":\"Facultad de Arquitectura, Dise\u00f1o y Estudios Urbanos\",\"description\":\"Campus Lo Contador\",\"potentialAction\":[{\"@type\":\"SearchAction\",\"target\":{\"@type\":\"EntryPoint\",\"urlTemplate\":\"https:\/\/fadeu.urantiacos.cl\/en\/?s={search_term_string}\"},\"query-input\":{\"@type\":\"PropertyValueSpecification\",\"valueRequired\":true,\"valueName\":\"search_term_string\"}}],\"inLanguage\":\"en-US\"},{\"@type\":\"Person\",\"@id\":\"https:\/\/fadeu.urantiacos.cl\/en\/#\/schema\/person\/d203e2e84b1c40275eac77b3061a19a2\",\"name\":\"manadmin\",\"image\":{\"@type\":\"ImageObject\",\"inLanguage\":\"en-US\",\"@id\":\"https:\/\/fadeu.urantiacos.cl\/en\/#\/schema\/person\/image\/\",\"url\":\"https:\/\/secure.gravatar.com\/avatar\/4b1d8e3303b4a9d8968ac578947d8bc80d9aea359f388cdd4aac15cadc0e8447?s=96&d=mm&r=g\",\"contentUrl\":\"https:\/\/secure.gravatar.com\/avatar\/4b1d8e3303b4a9d8968ac578947d8bc80d9aea359f388cdd4aac15cadc0e8447?s=96&d=mm&r=g\",\"caption\":\"manadmin\"},\"sameAs\":[\"https:\/\/fadeu.urantiacos.cl\"]}]}<\/script>\n<!-- \/ Yoast SEO plugin. -->","yoast_head_json":{"title":"Se inicia proceso eleccionario para la Direcci\u00f3n del Instituto de Estudios Urbanos y Territoriales - Facultad de Arquitectura, Dise\u00f1o y Estudios Urbanos","description":"Los profesores Caroline Stamm, Kay Bergamini y Macarena Ibarra fueron elegidos para formar parte del Comit\u00e9 de B\u00fasqueda encargado de conducir el proceso de elecci\u00f3n de nuevo Director\/a del Instituto de Estudios Urbanos y Territoriales 2021 \u2013 2024.","robots":{"index":"index","follow":"follow","max-snippet":"max-snippet:-1","max-image-preview":"max-image-preview:large","max-video-preview":"max-video-preview:-1"},"canonical":"https:\/\/fadeu.urantiacos.cl\/en\/2021\/01\/05\/se-inicia-proceso-eleccionario-para-la-direccion-del-instituto-de-estudios-urbanos-y-territoriales\/","og_locale":"en_US","og_type":"article","og_title":"Se inicia proceso eleccionario para la Direcci\u00f3n del Instituto de Estudios Urbanos y Territoriales - Facultad de Arquitectura, Dise\u00f1o y Estudios Urbanos","og_description":"Los profesores Caroline Stamm, Kay Bergamini y Macarena Ibarra fueron elegidos para formar parte del Comit\u00e9 de B\u00fasqueda encargado de conducir el proceso de elecci\u00f3n de nuevo Director\/a del Instituto de Estudios Urbanos y Territoriales 2021 \u2013 2024.","og_url":"https:\/\/fadeu.urantiacos.cl\/en\/2021\/01\/05\/se-inicia-proceso-eleccionario-para-la-direccion-del-instituto-de-estudios-urbanos-y-territoriales\/","og_site_name":"Facultad de Arquitectura, Dise\u00f1o y Estudios Urbanos","article_published_time":"2021-01-06T02:29:00+00:00","article_modified_time":"2023-09-09T02:32:14+00:00","og_image":[{"width":350,"height":250,"url":"https:\/\/fadeu.urantiacos.cl\/wp-content\/uploads\/2023\/09\/Comite_Busqueda_IEUT.png","type":"image\/png"}],"author":"manadmin","twitter_card":"summary_large_image","twitter_misc":{"Written by":"manadmin","Est. reading time":"2 minutes"},"schema":{"@context":"https:\/\/schema.org","@graph":[{"@type":"Article","@id":"https:\/\/fadeu.urantiacos.cl\/en\/2021\/01\/05\/se-inicia-proceso-eleccionario-para-la-direccion-del-instituto-de-estudios-urbanos-y-territoriales\/#article","isPartOf":{"@id":"https:\/\/fadeu.urantiacos.cl\/en\/2021\/01\/05\/se-inicia-proceso-eleccionario-para-la-direccion-del-instituto-de-estudios-urbanos-y-territoriales\/"},"author":{"name":"manadmin","@id":"https:\/\/fadeu.urantiacos.cl\/en\/#\/schema\/person\/d203e2e84b1c40275eac77b3061a19a2"},"headline":"Se inicia proceso eleccionario para la Direcci\u00f3n del Instituto de Estudios Urbanos y Territoriales","datePublished":"2021-01-06T02:29:00+00:00","dateModified":"2023-09-09T02:32:14+00:00","mainEntityOfPage":{"@id":"https:\/\/fadeu.urantiacos.cl\/en\/2021\/01\/05\/se-inicia-proceso-eleccionario-para-la-direccion-del-instituto-de-estudios-urbanos-y-territoriales\/"},"wordCount":368,"commentCount":0,"image":{"@id":"https:\/\/fadeu.urantiacos.cl\/en\/2021\/01\/05\/se-inicia-proceso-eleccionario-para-la-direccion-del-instituto-de-estudios-urbanos-y-territoriales\/#primaryimage"},"thumbnailUrl":"https:\/\/fadeu.urantiacos.cl\/wp-content\/uploads\/2023\/09\/Comite_Busqueda_IEUT.png","articleSection":["Sin categorizar"],"inLanguage":"en-US","potentialAction":[{"@type":"CommentAction","name":"Comment","target":["https:\/\/fadeu.urantiacos.cl\/en\/2021\/01\/05\/se-inicia-proceso-eleccionario-para-la-direccion-del-instituto-de-estudios-urbanos-y-territoriales\/#respond"]}]},{"@type":"WebPage","@id":"https:\/\/fadeu.urantiacos.cl\/en\/2021\/01\/05\/se-inicia-proceso-eleccionario-para-la-direccion-del-instituto-de-estudios-urbanos-y-territoriales\/","url":"https:\/\/fadeu.urantiacos.cl\/en\/2021\/01\/05\/se-inicia-proceso-eleccionario-para-la-direccion-del-instituto-de-estudios-urbanos-y-territoriales\/","name":"Se inicia proceso eleccionario para la Direcci\u00f3n del Instituto de Estudios Urbanos y Territoriales - Facultad de Arquitectura, Dise\u00f1o y Estudios Urbanos","isPartOf":{"@id":"https:\/\/fadeu.urantiacos.cl\/en\/#website"},"primaryImageOfPage":{"@id":"https:\/\/fadeu.urantiacos.cl\/en\/2021\/01\/05\/se-inicia-proceso-eleccionario-para-la-direccion-del-instituto-de-estudios-urbanos-y-territoriales\/#primaryimage"},"image":{"@id":"https:\/\/fadeu.urantiacos.cl\/en\/2021\/01\/05\/se-inicia-proceso-eleccionario-para-la-direccion-del-instituto-de-estudios-urbanos-y-territoriales\/#primaryimage"},"thumbnailUrl":"https:\/\/fadeu.urantiacos.cl\/wp-content\/uploads\/2023\/09\/Comite_Busqueda_IEUT.png","datePublished":"2021-01-06T02:29:00+00:00","dateModified":"2023-09-09T02:32:14+00:00","author":{"@id":"https:\/\/fadeu.urantiacos.cl\/en\/#\/schema\/person\/d203e2e84b1c40275eac77b3061a19a2"},"description":"Los profesores Caroline Stamm, Kay Bergamini y Macarena Ibarra fueron elegidos para formar parte del Comit\u00e9 de B\u00fasqueda encargado de conducir el proceso de elecci\u00f3n de nuevo Director\/a del Instituto de Estudios Urbanos y Territoriales 2021 \u2013 2024.","breadcrumb":{"@id":"https:\/\/fadeu.urantiacos.cl\/en\/2021\/01\/05\/se-inicia-proceso-eleccionario-para-la-direccion-del-instituto-de-estudios-urbanos-y-territoriales\/#breadcrumb"},"inLanguage":"en-US","potentialAction":[{"@type":"ReadAction","target":["https:\/\/fadeu.urantiacos.cl\/en\/2021\/01\/05\/se-inicia-proceso-eleccionario-para-la-direccion-del-instituto-de-estudios-urbanos-y-territoriales\/"]}]},{"@type":"ImageObject","inLanguage":"en-US","@id":"https:\/\/fadeu.urantiacos.cl\/en\/2021\/01\/05\/se-inicia-proceso-eleccionario-para-la-direccion-del-instituto-de-estudios-urbanos-y-territoriales\/#primaryimage","url":"https:\/\/fadeu.urantiacos.cl\/wp-content\/uploads\/2023\/09\/Comite_Busqueda_IEUT.png","contentUrl":"https:\/\/fadeu.urantiacos.cl\/wp-content\/uploads\/2023\/09\/Comite_Busqueda_IEUT.png","width":350,"height":250},{"@type":"BreadcrumbList","@id":"https:\/\/fadeu.urantiacos.cl\/en\/2021\/01\/05\/se-inicia-proceso-eleccionario-para-la-direccion-del-instituto-de-estudios-urbanos-y-territoriales\/#breadcrumb","itemListElement":[{"@type":"ListItem","position":1,"name":"Portada","item":"https:\/\/fadeu.urantiacos.cl\/en\/"},{"@type":"ListItem","position":2,"name":"Se inicia proceso eleccionario para la Direcci\u00f3n del Instituto de Estudios Urbanos y Territoriales"}]},{"@type":"WebSite","@id":"https:\/\/fadeu.urantiacos.cl\/en\/#website","url":"https:\/\/fadeu.urantiacos.cl\/en\/","name":"Facultad de Arquitectura, Dise\u00f1o y Estudios Urbanos","description":"Campus Lo Contador","potentialAction":[{"@type":"SearchAction","target":{"@type":"EntryPoint","urlTemplate":"https:\/\/fadeu.urantiacos.cl\/en\/?s={search_term_string}"},"query-input":{"@type":"PropertyValueSpecification","valueRequired":true,"valueName":"search_term_string"}}],"inLanguage":"en-US"},{"@type":"Person","@id":"https:\/\/fadeu.urantiacos.cl\/en\/#\/schema\/person\/d203e2e84b1c40275eac77b3061a19a2","name":"manadmin","image":{"@type":"ImageObject","inLanguage":"en-US","@id":"https:\/\/fadeu.urantiacos.cl\/en\/#\/schema\/person\/image\/","url":"https:\/\/secure.gravatar.com\/avatar\/4b1d8e3303b4a9d8968ac578947d8bc80d9aea359f388cdd4aac15cadc0e8447?s=96&d=mm&r=g","contentUrl":"https:\/\/secure.gravatar.com\/avatar\/4b1d8e3303b4a9d8968ac578947d8bc80d9aea359f388cdd4aac15cadc0e8447?s=96&d=mm&r=g","caption":"manadmin"},"sameAs":["https:\/\/fadeu.urantiacos.cl"]}]}},"_links":{"self":[{"href":"https:\/\/fadeu.urantiacos.cl\/en\/wp-json\/wp\/v2\/posts\/7604","targetHints":{"allow":["GET"]}}],"collection":[{"href":"https:\/\/fadeu.urantiacos.cl\/en\/wp-json\/wp\/v2\/posts"}],"about":[{"href":"https:\/\/fadeu.urantiacos.cl\/en\/wp-json\/wp\/v2\/types\/post"}],"author":[{"embeddable":true,"href":"https:\/\/fadeu.urantiacos.cl\/en\/wp-json\/wp\/v2\/users\/1"}],"replies":[{"embeddable":true,"href":"https:\/\/fadeu.urantiacos.cl\/en\/wp-json\/wp\/v2\/comments?post=7604"}],"version-history":[{"count":1,"href":"https:\/\/fadeu.urantiacos.cl\/en\/wp-json\/wp\/v2\/posts\/7604\/revisions"}],"predecessor-version":[{"id":7606,"href":"https:\/\/fadeu.urantiacos.cl\/en\/wp-json\/wp\/v2\/posts\/7604\/revisions\/7606"}],"wp:featuredmedia":[{"embeddable":true,"href":"https:\/\/fadeu.urantiacos.cl\/en\/wp-json\/wp\/v2\/media\/7605"}],"wp:attachment":[{"href":"https:\/\/fadeu.urantiacos.cl\/en\/wp-json\/wp\/v2\/media?parent=7604"}],"wp:term":[{"taxonomy":"category","embeddable":true,"href":"https:\/\/fadeu.urantiacos.cl\/en\/wp-json\/wp\/v2\/categories?post=7604"},{"taxonomy":"post_tag","embeddable":true,"href":"https:\/\/fadeu.urantiacos.cl\/en\/wp-json\/wp\/v2\/tags?post=7604"}],"curies":[{"name":"wp","href":"https:\/\/api.w.org\/{rel}","templated":true}]}}