{"id":7601,"date":"2021-01-05T23:28:00","date_gmt":"2021-01-06T02:28:00","guid":{"rendered":"https:\/\/fadeu.urantiacos.cl\/?p=7601"},"modified":"2023-09-08T23:29:31","modified_gmt":"2023-09-09T02:29:31","slug":"taller-de-diseno-de-servicios-cierra-semestre-con-desafio-internacional","status":"publish","type":"post","link":"https:\/\/fadeu.urantiacos.cl\/en\/2021\/01\/05\/taller-de-diseno-de-servicios-cierra-semestre-con-desafio-internacional\/","title":{"rendered":"Taller de Dise\u00f1o de Servicios cierra semestre con desaf\u00edo internacional"},"content":{"rendered":"\n<figure class=\"wp-block-image size-full\"><img decoding=\"async\" width=\"350\" height=\"250\" src=\"https:\/\/fadeu.urantiacos.cl\/wp-content\/uploads\/2023\/09\/taller_pw.jpg\" alt=\"\" class=\"wp-image-7602\" srcset=\"https:\/\/fadeu.urantiacos.cl\/wp-content\/uploads\/2023\/09\/taller_pw.jpg 350w, https:\/\/fadeu.urantiacos.cl\/wp-content\/uploads\/2023\/09\/taller_pw-300x214.jpg 300w\" sizes=\"(max-width: 350px) 100vw, 350px\" \/><\/figure>\n\n\n\n<p>La din\u00e1mica del taller se dio a partir de la conformaci\u00f3n de equipos de estudiantes chilenos y peruanos, quienes trabajaron juntos para abordar tres temas globales: salud, educaci\u00f3n e inclusi\u00f3n financiera, tem\u00e1ticas que se trabajaron desde una mirada transversal entre ambos pa\u00edses y que los llev\u00f3 a encontrar oportunidades y problem\u00e1ticas, a las cu\u00e1les dieron respuesta mediante diversos tipos de servicios -l\u00f3gica omnicanal con componentes an\u00e1logos y digitales-.<\/p>\n\n\n\n<p>La comisi\u00f3n fue integrada por la investigadora del Laboratorio de Innovaci\u00f3n P\u00fablica UC, Mariana Fulgueiras.<\/p>\n","protected":false},"excerpt":{"rendered":"<p>El Taller de Dise\u00f1o de Servicios, a cargo de la docente Paula Wuth, finaliz\u00f3 el trabajo de semestre realizado en colaboraci\u00f3n con el curso de Dise\u00f1o de Servicios de la Pontificia Universidad Cat\u00f3lica de Per\u00fa, dictado por los profesores Jonathan Martell, Licia Torres y el coordinador de la especialidad de Dise\u00f1o Industrial, Juan Montalvan.<\/p>\n","protected":false},"author":1,"featured_media":7602,"comment_status":"open","ping_status":"open","sticky":false,"template":"","format":"standard","meta":{"_acf_changed":false,"footnotes":""},"categories":[1],"tags":[],"class_list":["post-7601","post","type-post","status-publish","format-standard","has-post-thumbnail","hentry","category-sin-categorizar"],"acf":[],"yoast_head":"<!-- This site is optimized with the Yoast SEO plugin v27.1.1 - https:\/\/yoast.com\/product\/yoast-seo-wordpress\/ -->\n<title>Taller de Dise\u00f1o de Servicios cierra semestre con desaf\u00edo internacional - Facultad de Arquitectura, Dise\u00f1o y Estudios Urbanos<\/title>\n<meta name=\"description\" content=\"El Taller de Dise\u00f1o de Servicios, a cargo de la docente Paula Wuth, finaliz\u00f3 el trabajo de semestre realizado en colaboraci\u00f3n con el curso de Dise\u00f1o de Servicios de la Pontificia Universidad Cat\u00f3lica de Per\u00fa, dictado por los profesores Jonathan Martell, Licia Torres y el coordinador de la especialidad de Dise\u00f1o Industrial, Juan Montalvan.\" \/>\n<meta name=\"robots\" content=\"index, follow, max-snippet:-1, max-image-preview:large, max-video-preview:-1\" \/>\n<link rel=\"canonical\" href=\"https:\/\/fadeu.urantiacos.cl\/en\/2021\/01\/05\/taller-de-diseno-de-servicios-cierra-semestre-con-desafio-internacional\/\" \/>\n<meta property=\"og:locale\" content=\"en_US\" \/>\n<meta property=\"og:type\" content=\"article\" \/>\n<meta property=\"og:title\" content=\"Taller de Dise\u00f1o de Servicios cierra semestre con desaf\u00edo internacional - Facultad de Arquitectura, Dise\u00f1o y Estudios Urbanos\" \/>\n<meta property=\"og:description\" content=\"El Taller de Dise\u00f1o de Servicios, a cargo de la docente Paula Wuth, finaliz\u00f3 el trabajo de semestre realizado en colaboraci\u00f3n con el curso de Dise\u00f1o de Servicios de la Pontificia Universidad Cat\u00f3lica de Per\u00fa, dictado por los profesores Jonathan Martell, Licia Torres y el coordinador de la especialidad de Dise\u00f1o Industrial, Juan Montalvan.\" \/>\n<meta property=\"og:url\" content=\"https:\/\/fadeu.urantiacos.cl\/en\/2021\/01\/05\/taller-de-diseno-de-servicios-cierra-semestre-con-desafio-internacional\/\" \/>\n<meta property=\"og:site_name\" content=\"Facultad de Arquitectura, Dise\u00f1o y Estudios Urbanos\" \/>\n<meta property=\"article:published_time\" content=\"2021-01-06T02:28:00+00:00\" \/>\n<meta property=\"article:modified_time\" content=\"2023-09-09T02:29:31+00:00\" \/>\n<meta property=\"og:image\" content=\"https:\/\/fadeu.urantiacos.cl\/wp-content\/uploads\/2023\/09\/taller_pw.jpg\" \/>\n\t<meta property=\"og:image:width\" content=\"350\" \/>\n\t<meta property=\"og:image:height\" content=\"250\" \/>\n\t<meta property=\"og:image:type\" content=\"image\/jpeg\" \/>\n<meta name=\"author\" content=\"manadmin\" \/>\n<meta name=\"twitter:card\" content=\"summary_large_image\" \/>\n<meta name=\"twitter:label1\" content=\"Written by\" \/>\n\t<meta name=\"twitter:data1\" content=\"manadmin\" \/>\n<script type=\"application\/ld+json\" class=\"yoast-schema-graph\">{\"@context\":\"https:\/\/schema.org\",\"@graph\":[{\"@type\":\"Article\",\"@id\":\"https:\/\/fadeu.urantiacos.cl\/en\/2021\/01\/05\/taller-de-diseno-de-servicios-cierra-semestre-con-desafio-internacional\/#article\",\"isPartOf\":{\"@id\":\"https:\/\/fadeu.urantiacos.cl\/en\/2021\/01\/05\/taller-de-diseno-de-servicios-cierra-semestre-con-desafio-internacional\/\"},\"author\":{\"name\":\"manadmin\",\"@id\":\"https:\/\/fadeu.urantiacos.cl\/en\/#\/schema\/person\/d203e2e84b1c40275eac77b3061a19a2\"},\"headline\":\"Taller de Dise\u00f1o de Servicios cierra semestre con desaf\u00edo internacional\",\"datePublished\":\"2021-01-06T02:28:00+00:00\",\"dateModified\":\"2023-09-09T02:29:31+00:00\",\"mainEntityOfPage\":{\"@id\":\"https:\/\/fadeu.urantiacos.cl\/en\/2021\/01\/05\/taller-de-diseno-de-servicios-cierra-semestre-con-desafio-internacional\/\"},\"wordCount\":108,\"commentCount\":0,\"image\":{\"@id\":\"https:\/\/fadeu.urantiacos.cl\/en\/2021\/01\/05\/taller-de-diseno-de-servicios-cierra-semestre-con-desafio-internacional\/#primaryimage\"},\"thumbnailUrl\":\"https:\/\/fadeu.urantiacos.cl\/wp-content\/uploads\/2023\/09\/taller_pw.jpg\",\"articleSection\":[\"Sin categorizar\"],\"inLanguage\":\"en-US\",\"potentialAction\":[{\"@type\":\"CommentAction\",\"name\":\"Comment\",\"target\":[\"https:\/\/fadeu.urantiacos.cl\/en\/2021\/01\/05\/taller-de-diseno-de-servicios-cierra-semestre-con-desafio-internacional\/#respond\"]}]},{\"@type\":\"WebPage\",\"@id\":\"https:\/\/fadeu.urantiacos.cl\/en\/2021\/01\/05\/taller-de-diseno-de-servicios-cierra-semestre-con-desafio-internacional\/\",\"url\":\"https:\/\/fadeu.urantiacos.cl\/en\/2021\/01\/05\/taller-de-diseno-de-servicios-cierra-semestre-con-desafio-internacional\/\",\"name\":\"Taller de Dise\u00f1o de Servicios cierra semestre con desaf\u00edo internacional - Facultad de Arquitectura, Dise\u00f1o y Estudios Urbanos\",\"isPartOf\":{\"@id\":\"https:\/\/fadeu.urantiacos.cl\/en\/#website\"},\"primaryImageOfPage\":{\"@id\":\"https:\/\/fadeu.urantiacos.cl\/en\/2021\/01\/05\/taller-de-diseno-de-servicios-cierra-semestre-con-desafio-internacional\/#primaryimage\"},\"image\":{\"@id\":\"https:\/\/fadeu.urantiacos.cl\/en\/2021\/01\/05\/taller-de-diseno-de-servicios-cierra-semestre-con-desafio-internacional\/#primaryimage\"},\"thumbnailUrl\":\"https:\/\/fadeu.urantiacos.cl\/wp-content\/uploads\/2023\/09\/taller_pw.jpg\",\"datePublished\":\"2021-01-06T02:28:00+00:00\",\"dateModified\":\"2023-09-09T02:29:31+00:00\",\"author\":{\"@id\":\"https:\/\/fadeu.urantiacos.cl\/en\/#\/schema\/person\/d203e2e84b1c40275eac77b3061a19a2\"},\"description\":\"El Taller de Dise\u00f1o de Servicios, a cargo de la docente Paula Wuth, finaliz\u00f3 el trabajo de semestre realizado en colaboraci\u00f3n con el curso de Dise\u00f1o de Servicios de la Pontificia Universidad Cat\u00f3lica de Per\u00fa, dictado por los profesores Jonathan Martell, Licia Torres y el coordinador de la especialidad de Dise\u00f1o Industrial, Juan Montalvan.\",\"breadcrumb\":{\"@id\":\"https:\/\/fadeu.urantiacos.cl\/en\/2021\/01\/05\/taller-de-diseno-de-servicios-cierra-semestre-con-desafio-internacional\/#breadcrumb\"},\"inLanguage\":\"en-US\",\"potentialAction\":[{\"@type\":\"ReadAction\",\"target\":[\"https:\/\/fadeu.urantiacos.cl\/en\/2021\/01\/05\/taller-de-diseno-de-servicios-cierra-semestre-con-desafio-internacional\/\"]}]},{\"@type\":\"ImageObject\",\"inLanguage\":\"en-US\",\"@id\":\"https:\/\/fadeu.urantiacos.cl\/en\/2021\/01\/05\/taller-de-diseno-de-servicios-cierra-semestre-con-desafio-internacional\/#primaryimage\",\"url\":\"https:\/\/fadeu.urantiacos.cl\/wp-content\/uploads\/2023\/09\/taller_pw.jpg\",\"contentUrl\":\"https:\/\/fadeu.urantiacos.cl\/wp-content\/uploads\/2023\/09\/taller_pw.jpg\",\"width\":350,\"height\":250},{\"@type\":\"BreadcrumbList\",\"@id\":\"https:\/\/fadeu.urantiacos.cl\/en\/2021\/01\/05\/taller-de-diseno-de-servicios-cierra-semestre-con-desafio-internacional\/#breadcrumb\",\"itemListElement\":[{\"@type\":\"ListItem\",\"position\":1,\"name\":\"Portada\",\"item\":\"https:\/\/fadeu.urantiacos.cl\/en\/\"},{\"@type\":\"ListItem\",\"position\":2,\"name\":\"Taller de Dise\u00f1o de Servicios cierra semestre con desaf\u00edo internacional\"}]},{\"@type\":\"WebSite\",\"@id\":\"https:\/\/fadeu.urantiacos.cl\/en\/#website\",\"url\":\"https:\/\/fadeu.urantiacos.cl\/en\/\",\"name\":\"Facultad de Arquitectura, Dise\u00f1o y Estudios Urbanos\",\"description\":\"Campus Lo Contador\",\"potentialAction\":[{\"@type\":\"SearchAction\",\"target\":{\"@type\":\"EntryPoint\",\"urlTemplate\":\"https:\/\/fadeu.urantiacos.cl\/en\/?s={search_term_string}\"},\"query-input\":{\"@type\":\"PropertyValueSpecification\",\"valueRequired\":true,\"valueName\":\"search_term_string\"}}],\"inLanguage\":\"en-US\"},{\"@type\":\"Person\",\"@id\":\"https:\/\/fadeu.urantiacos.cl\/en\/#\/schema\/person\/d203e2e84b1c40275eac77b3061a19a2\",\"name\":\"manadmin\",\"image\":{\"@type\":\"ImageObject\",\"inLanguage\":\"en-US\",\"@id\":\"https:\/\/fadeu.urantiacos.cl\/en\/#\/schema\/person\/image\/\",\"url\":\"https:\/\/secure.gravatar.com\/avatar\/4b1d8e3303b4a9d8968ac578947d8bc80d9aea359f388cdd4aac15cadc0e8447?s=96&d=mm&r=g\",\"contentUrl\":\"https:\/\/secure.gravatar.com\/avatar\/4b1d8e3303b4a9d8968ac578947d8bc80d9aea359f388cdd4aac15cadc0e8447?s=96&d=mm&r=g\",\"caption\":\"manadmin\"},\"sameAs\":[\"https:\/\/fadeu.urantiacos.cl\"]}]}<\/script>\n<!-- \/ Yoast SEO plugin. -->","yoast_head_json":{"title":"Taller de Dise\u00f1o de Servicios cierra semestre con desaf\u00edo internacional - Facultad de Arquitectura, Dise\u00f1o y Estudios Urbanos","description":"El Taller de Dise\u00f1o de Servicios, a cargo de la docente Paula Wuth, finaliz\u00f3 el trabajo de semestre realizado en colaboraci\u00f3n con el curso de Dise\u00f1o de Servicios de la Pontificia Universidad Cat\u00f3lica de Per\u00fa, dictado por los profesores Jonathan Martell, Licia Torres y el coordinador de la especialidad de Dise\u00f1o Industrial, Juan Montalvan.","robots":{"index":"index","follow":"follow","max-snippet":"max-snippet:-1","max-image-preview":"max-image-preview:large","max-video-preview":"max-video-preview:-1"},"canonical":"https:\/\/fadeu.urantiacos.cl\/en\/2021\/01\/05\/taller-de-diseno-de-servicios-cierra-semestre-con-desafio-internacional\/","og_locale":"en_US","og_type":"article","og_title":"Taller de Dise\u00f1o de Servicios cierra semestre con desaf\u00edo internacional - Facultad de Arquitectura, Dise\u00f1o y Estudios Urbanos","og_description":"El Taller de Dise\u00f1o de Servicios, a cargo de la docente Paula Wuth, finaliz\u00f3 el trabajo de semestre realizado en colaboraci\u00f3n con el curso de Dise\u00f1o de Servicios de la Pontificia Universidad Cat\u00f3lica de Per\u00fa, dictado por los profesores Jonathan Martell, Licia Torres y el coordinador de la especialidad de Dise\u00f1o Industrial, Juan Montalvan.","og_url":"https:\/\/fadeu.urantiacos.cl\/en\/2021\/01\/05\/taller-de-diseno-de-servicios-cierra-semestre-con-desafio-internacional\/","og_site_name":"Facultad de Arquitectura, Dise\u00f1o y Estudios Urbanos","article_published_time":"2021-01-06T02:28:00+00:00","article_modified_time":"2023-09-09T02:29:31+00:00","og_image":[{"width":350,"height":250,"url":"https:\/\/fadeu.urantiacos.cl\/wp-content\/uploads\/2023\/09\/taller_pw.jpg","type":"image\/jpeg"}],"author":"manadmin","twitter_card":"summary_large_image","twitter_misc":{"Written by":"manadmin"},"schema":{"@context":"https:\/\/schema.org","@graph":[{"@type":"Article","@id":"https:\/\/fadeu.urantiacos.cl\/en\/2021\/01\/05\/taller-de-diseno-de-servicios-cierra-semestre-con-desafio-internacional\/#article","isPartOf":{"@id":"https:\/\/fadeu.urantiacos.cl\/en\/2021\/01\/05\/taller-de-diseno-de-servicios-cierra-semestre-con-desafio-internacional\/"},"author":{"name":"manadmin","@id":"https:\/\/fadeu.urantiacos.cl\/en\/#\/schema\/person\/d203e2e84b1c40275eac77b3061a19a2"},"headline":"Taller de Dise\u00f1o de Servicios cierra semestre con desaf\u00edo internacional","datePublished":"2021-01-06T02:28:00+00:00","dateModified":"2023-09-09T02:29:31+00:00","mainEntityOfPage":{"@id":"https:\/\/fadeu.urantiacos.cl\/en\/2021\/01\/05\/taller-de-diseno-de-servicios-cierra-semestre-con-desafio-internacional\/"},"wordCount":108,"commentCount":0,"image":{"@id":"https:\/\/fadeu.urantiacos.cl\/en\/2021\/01\/05\/taller-de-diseno-de-servicios-cierra-semestre-con-desafio-internacional\/#primaryimage"},"thumbnailUrl":"https:\/\/fadeu.urantiacos.cl\/wp-content\/uploads\/2023\/09\/taller_pw.jpg","articleSection":["Sin categorizar"],"inLanguage":"en-US","potentialAction":[{"@type":"CommentAction","name":"Comment","target":["https:\/\/fadeu.urantiacos.cl\/en\/2021\/01\/05\/taller-de-diseno-de-servicios-cierra-semestre-con-desafio-internacional\/#respond"]}]},{"@type":"WebPage","@id":"https:\/\/fadeu.urantiacos.cl\/en\/2021\/01\/05\/taller-de-diseno-de-servicios-cierra-semestre-con-desafio-internacional\/","url":"https:\/\/fadeu.urantiacos.cl\/en\/2021\/01\/05\/taller-de-diseno-de-servicios-cierra-semestre-con-desafio-internacional\/","name":"Taller de Dise\u00f1o de Servicios cierra semestre con desaf\u00edo internacional - Facultad de Arquitectura, Dise\u00f1o y Estudios Urbanos","isPartOf":{"@id":"https:\/\/fadeu.urantiacos.cl\/en\/#website"},"primaryImageOfPage":{"@id":"https:\/\/fadeu.urantiacos.cl\/en\/2021\/01\/05\/taller-de-diseno-de-servicios-cierra-semestre-con-desafio-internacional\/#primaryimage"},"image":{"@id":"https:\/\/fadeu.urantiacos.cl\/en\/2021\/01\/05\/taller-de-diseno-de-servicios-cierra-semestre-con-desafio-internacional\/#primaryimage"},"thumbnailUrl":"https:\/\/fadeu.urantiacos.cl\/wp-content\/uploads\/2023\/09\/taller_pw.jpg","datePublished":"2021-01-06T02:28:00+00:00","dateModified":"2023-09-09T02:29:31+00:00","author":{"@id":"https:\/\/fadeu.urantiacos.cl\/en\/#\/schema\/person\/d203e2e84b1c40275eac77b3061a19a2"},"description":"El Taller de Dise\u00f1o de Servicios, a cargo de la docente Paula Wuth, finaliz\u00f3 el trabajo de semestre realizado en colaboraci\u00f3n con el curso de Dise\u00f1o de Servicios de la Pontificia Universidad Cat\u00f3lica de Per\u00fa, dictado por los profesores Jonathan Martell, Licia Torres y el coordinador de la especialidad de Dise\u00f1o Industrial, Juan Montalvan.","breadcrumb":{"@id":"https:\/\/fadeu.urantiacos.cl\/en\/2021\/01\/05\/taller-de-diseno-de-servicios-cierra-semestre-con-desafio-internacional\/#breadcrumb"},"inLanguage":"en-US","potentialAction":[{"@type":"ReadAction","target":["https:\/\/fadeu.urantiacos.cl\/en\/2021\/01\/05\/taller-de-diseno-de-servicios-cierra-semestre-con-desafio-internacional\/"]}]},{"@type":"ImageObject","inLanguage":"en-US","@id":"https:\/\/fadeu.urantiacos.cl\/en\/2021\/01\/05\/taller-de-diseno-de-servicios-cierra-semestre-con-desafio-internacional\/#primaryimage","url":"https:\/\/fadeu.urantiacos.cl\/wp-content\/uploads\/2023\/09\/taller_pw.jpg","contentUrl":"https:\/\/fadeu.urantiacos.cl\/wp-content\/uploads\/2023\/09\/taller_pw.jpg","width":350,"height":250},{"@type":"BreadcrumbList","@id":"https:\/\/fadeu.urantiacos.cl\/en\/2021\/01\/05\/taller-de-diseno-de-servicios-cierra-semestre-con-desafio-internacional\/#breadcrumb","itemListElement":[{"@type":"ListItem","position":1,"name":"Portada","item":"https:\/\/fadeu.urantiacos.cl\/en\/"},{"@type":"ListItem","position":2,"name":"Taller de Dise\u00f1o de Servicios cierra semestre con desaf\u00edo internacional"}]},{"@type":"WebSite","@id":"https:\/\/fadeu.urantiacos.cl\/en\/#website","url":"https:\/\/fadeu.urantiacos.cl\/en\/","name":"Facultad de Arquitectura, Dise\u00f1o y Estudios Urbanos","description":"Campus Lo Contador","potentialAction":[{"@type":"SearchAction","target":{"@type":"EntryPoint","urlTemplate":"https:\/\/fadeu.urantiacos.cl\/en\/?s={search_term_string}"},"query-input":{"@type":"PropertyValueSpecification","valueRequired":true,"valueName":"search_term_string"}}],"inLanguage":"en-US"},{"@type":"Person","@id":"https:\/\/fadeu.urantiacos.cl\/en\/#\/schema\/person\/d203e2e84b1c40275eac77b3061a19a2","name":"manadmin","image":{"@type":"ImageObject","inLanguage":"en-US","@id":"https:\/\/fadeu.urantiacos.cl\/en\/#\/schema\/person\/image\/","url":"https:\/\/secure.gravatar.com\/avatar\/4b1d8e3303b4a9d8968ac578947d8bc80d9aea359f388cdd4aac15cadc0e8447?s=96&d=mm&r=g","contentUrl":"https:\/\/secure.gravatar.com\/avatar\/4b1d8e3303b4a9d8968ac578947d8bc80d9aea359f388cdd4aac15cadc0e8447?s=96&d=mm&r=g","caption":"manadmin"},"sameAs":["https:\/\/fadeu.urantiacos.cl"]}]}},"_links":{"self":[{"href":"https:\/\/fadeu.urantiacos.cl\/en\/wp-json\/wp\/v2\/posts\/7601","targetHints":{"allow":["GET"]}}],"collection":[{"href":"https:\/\/fadeu.urantiacos.cl\/en\/wp-json\/wp\/v2\/posts"}],"about":[{"href":"https:\/\/fadeu.urantiacos.cl\/en\/wp-json\/wp\/v2\/types\/post"}],"author":[{"embeddable":true,"href":"https:\/\/fadeu.urantiacos.cl\/en\/wp-json\/wp\/v2\/users\/1"}],"replies":[{"embeddable":true,"href":"https:\/\/fadeu.urantiacos.cl\/en\/wp-json\/wp\/v2\/comments?post=7601"}],"version-history":[{"count":1,"href":"https:\/\/fadeu.urantiacos.cl\/en\/wp-json\/wp\/v2\/posts\/7601\/revisions"}],"predecessor-version":[{"id":7603,"href":"https:\/\/fadeu.urantiacos.cl\/en\/wp-json\/wp\/v2\/posts\/7601\/revisions\/7603"}],"wp:featuredmedia":[{"embeddable":true,"href":"https:\/\/fadeu.urantiacos.cl\/en\/wp-json\/wp\/v2\/media\/7602"}],"wp:attachment":[{"href":"https:\/\/fadeu.urantiacos.cl\/en\/wp-json\/wp\/v2\/media?parent=7601"}],"wp:term":[{"taxonomy":"category","embeddable":true,"href":"https:\/\/fadeu.urantiacos.cl\/en\/wp-json\/wp\/v2\/categories?post=7601"},{"taxonomy":"post_tag","embeddable":true,"href":"https:\/\/fadeu.urantiacos.cl\/en\/wp-json\/wp\/v2\/tags?post=7601"}],"curies":[{"name":"wp","href":"https:\/\/api.w.org\/{rel}","templated":true}]}}