{"id":7566,"date":"2021-01-19T23:02:00","date_gmt":"2021-01-20T02:02:00","guid":{"rendered":"https:\/\/fadeu.urantiacos.cl\/?p=7566"},"modified":"2023-09-08T23:03:41","modified_gmt":"2023-09-09T02:03:41","slug":"conoce-aqui-la-coleccion-estudios-urbanos-uc","status":"publish","type":"post","link":"https:\/\/fadeu.urantiacos.cl\/en\/2021\/01\/19\/conoce-aqui-la-coleccion-estudios-urbanos-uc\/","title":{"rendered":"Conoce aqu\u00ed la Colecci\u00f3n Estudios Urbanos UC"},"content":{"rendered":"\n<figure class=\"wp-block-image size-full\"><img decoding=\"async\" width=\"350\" height=\"250\" src=\"https:\/\/fadeu.urantiacos.cl\/wp-content\/uploads\/2023\/09\/edificio_dno-ieut2021.jpg\" alt=\"\" class=\"wp-image-7567\" srcset=\"https:\/\/fadeu.urantiacos.cl\/wp-content\/uploads\/2023\/09\/edificio_dno-ieut2021.jpg 350w, https:\/\/fadeu.urantiacos.cl\/wp-content\/uploads\/2023\/09\/edificio_dno-ieut2021-300x214.jpg 300w\" sizes=\"(max-width: 350px) 100vw, 350px\" \/><\/figure>\n\n\n\n<p>Con este objetivo, desde 2015 se estableci\u00f3 un convenio de producci\u00f3n, promoci\u00f3n y difusi\u00f3n con RIL Editores para las obras generadas en el contexto del trabajo acad\u00e9mico del IEUT. Esta plataforma permite la presencia de nuestros libros en librer\u00edas, ferias del libro y venta online en versiones eBook e impresa.<\/p>\n\n\n\n<p>Asimismo, y en un esfuerzo por avanzar en la difusi\u00f3n de las publicaciones de la Colecci\u00f3n Estudios Urbanos UC, informamos que desde el presente mes se encuentran disponibles en nuestra p\u00e1gina web, para libre descarga, los siguientes libros:<\/p>\n\n\n\n<p>\u2013 Valpara\u00edso. La construcci\u00f3n de una imagen urbana de proyecci\u00f3n mundial (Daniela Vargas Francia)<br>\u2013 V\u00edsperas del urbanismo en Latinoam\u00e9rica, 1870-1930. Imaginarios, pioneros y disciplinas (Arturo Almandoz y Macarena Ibarra)<br>\u2013 La telara\u00f1a financiera. Una geograf\u00eda de la financiarizaci\u00f3n y su crisis (Ricardo M\u00e9ndez)<br>\u2013 Modernizaci\u00f3n urbana en Am\u00e9rica Latina. De las grandes aldeas a las metr\u00f3polis masificadas (Arturo Almandoz)<br>\u2013 Saberes Arquitect\u00f3nicos. Las formas vern\u00e1culas del Altiplano (Daniela Fullerton Moreno y Piera Medina Ziller)<br>\u2013 Cambio Clim\u00e1tico, vulnerabilidad urbana y adaptaci\u00f3n a nivel municipal. Santiago de Chile y otras ciudades de Am\u00e9rica Latina (Kerstin Krellenberg, Juliane Welz y Felipe Link).<br>\u2013 Santiago 2030. Escenarios para la planificaci\u00f3n estrat\u00e9gica (Jonathan R. Barton y J\u00fcrgen Kopfm\u00fcller)<br>\u2013 Urbanizaci\u00f3n Planetaria y la reconstrucci\u00f3n de la ciudad (Arturo Orellana, Felipe Link y Juan Noyola).<br>\u2013 Revoluci\u00f3n Salmonera. Paradojas y transformaciones territoriales en Chilo\u00e9 (\u00c1lvaro Rom\u00e1n, Jonathan R. Barton, Beatriz Bustos y Alejandro Salazar).<br>\u2013 Lefebvre Revisitado: Capitalismo, vida cotidiana y el derecho a la ciudad (Carlos de Mattos y Felipe Link)<br>\u2013 Revoluci\u00f3n Urbana. Estado, mercado y capital en Am\u00e9rica Latina (Carlos de Mattos)<br>\u2013 MetaMall. Espacio urbano y consumo en la ciudad neoliberal chilena (Liliana De Simone)<br>\u2013 La distribuci\u00f3n de la riqueza familiar en Monterrey. Un enfoque alternativo para estudiar la pobreza (Juan Noyola).<\/p>\n\n\n\n<p>Si deseas revisar estos t\u00edtulos, puedes pinchar<a href=\"https:\/\/estudiosurbanos.uc.cl\/libro\/\" target=\"_blank\" rel=\"noreferrer noopener\">AQU\u00cd<\/a><\/p>\n","protected":false},"excerpt":{"rendered":"<p>A trav\u00e9s de la publicaci\u00f3n de libros que sean resultado de investigaciones y\/o tesis de alto impacto, el Instituto de Estudios Urbanos y Territoriales busca consolidar su proyecto editorial \u00abColecci\u00f3n Estudios Urbanos UC\u00bb.<\/p>\n","protected":false},"author":1,"featured_media":7567,"comment_status":"open","ping_status":"closed","sticky":false,"template":"","format":"standard","meta":{"_acf_changed":false,"footnotes":""},"categories":[1],"tags":[],"class_list":["post-7566","post","type-post","status-publish","format-standard","has-post-thumbnail","hentry","category-sin-categorizar"],"acf":[],"yoast_head":"<!-- This site is optimized with the Yoast SEO plugin v27.1.1 - https:\/\/yoast.com\/product\/yoast-seo-wordpress\/ -->\n<title>Conoce aqu\u00ed la Colecci\u00f3n Estudios Urbanos UC - Facultad de Arquitectura, Dise\u00f1o y Estudios Urbanos<\/title>\n<meta name=\"description\" content=\"A trav\u00e9s de la publicaci\u00f3n de libros que sean resultado de investigaciones y\/o tesis de alto impacto, el Instituto de Estudios Urbanos y Territoriales busca consolidar su proyecto editorial \u00abColecci\u00f3n Estudios Urbanos UC\u00bb.\" \/>\n<meta name=\"robots\" content=\"index, follow, max-snippet:-1, max-image-preview:large, max-video-preview:-1\" \/>\n<link rel=\"canonical\" href=\"https:\/\/fadeu.urantiacos.cl\/en\/2021\/01\/19\/conoce-aqui-la-coleccion-estudios-urbanos-uc\/\" \/>\n<meta property=\"og:locale\" content=\"en_US\" \/>\n<meta property=\"og:type\" content=\"article\" \/>\n<meta property=\"og:title\" content=\"Conoce aqu\u00ed la Colecci\u00f3n Estudios Urbanos UC - Facultad de Arquitectura, Dise\u00f1o y Estudios Urbanos\" \/>\n<meta property=\"og:description\" content=\"A trav\u00e9s de la publicaci\u00f3n de libros que sean resultado de investigaciones y\/o tesis de alto impacto, el Instituto de Estudios Urbanos y Territoriales busca consolidar su proyecto editorial \u00abColecci\u00f3n Estudios Urbanos UC\u00bb.\" \/>\n<meta property=\"og:url\" content=\"https:\/\/fadeu.urantiacos.cl\/en\/2021\/01\/19\/conoce-aqui-la-coleccion-estudios-urbanos-uc\/\" \/>\n<meta property=\"og:site_name\" content=\"Facultad de Arquitectura, Dise\u00f1o y Estudios Urbanos\" \/>\n<meta property=\"article:published_time\" content=\"2021-01-20T02:02:00+00:00\" \/>\n<meta property=\"article:modified_time\" content=\"2023-09-09T02:03:41+00:00\" \/>\n<meta property=\"og:image\" content=\"https:\/\/fadeu.urantiacos.cl\/wp-content\/uploads\/2023\/09\/edificio_dno-ieut2021.jpg\" \/>\n\t<meta property=\"og:image:width\" content=\"350\" \/>\n\t<meta property=\"og:image:height\" content=\"250\" \/>\n\t<meta property=\"og:image:type\" content=\"image\/jpeg\" \/>\n<meta name=\"author\" content=\"manadmin\" \/>\n<meta name=\"twitter:card\" content=\"summary_large_image\" \/>\n<meta name=\"twitter:label1\" content=\"Written by\" \/>\n\t<meta name=\"twitter:data1\" content=\"manadmin\" \/>\n\t<meta name=\"twitter:label2\" content=\"Est. reading time\" \/>\n\t<meta name=\"twitter:data2\" content=\"2 minutes\" \/>\n<script type=\"application\/ld+json\" class=\"yoast-schema-graph\">{\"@context\":\"https:\/\/schema.org\",\"@graph\":[{\"@type\":\"Article\",\"@id\":\"https:\/\/fadeu.urantiacos.cl\/en\/2021\/01\/19\/conoce-aqui-la-coleccion-estudios-urbanos-uc\/#article\",\"isPartOf\":{\"@id\":\"https:\/\/fadeu.urantiacos.cl\/en\/2021\/01\/19\/conoce-aqui-la-coleccion-estudios-urbanos-uc\/\"},\"author\":{\"name\":\"manadmin\",\"@id\":\"https:\/\/fadeu.urantiacos.cl\/en\/#\/schema\/person\/d203e2e84b1c40275eac77b3061a19a2\"},\"headline\":\"Conoce aqu\u00ed la Colecci\u00f3n Estudios Urbanos UC\",\"datePublished\":\"2021-01-20T02:02:00+00:00\",\"dateModified\":\"2023-09-09T02:03:41+00:00\",\"mainEntityOfPage\":{\"@id\":\"https:\/\/fadeu.urantiacos.cl\/en\/2021\/01\/19\/conoce-aqui-la-coleccion-estudios-urbanos-uc\/\"},\"wordCount\":338,\"commentCount\":0,\"image\":{\"@id\":\"https:\/\/fadeu.urantiacos.cl\/en\/2021\/01\/19\/conoce-aqui-la-coleccion-estudios-urbanos-uc\/#primaryimage\"},\"thumbnailUrl\":\"https:\/\/fadeu.urantiacos.cl\/wp-content\/uploads\/2023\/09\/edificio_dno-ieut2021.jpg\",\"articleSection\":[\"Sin categorizar\"],\"inLanguage\":\"en-US\",\"potentialAction\":[{\"@type\":\"CommentAction\",\"name\":\"Comment\",\"target\":[\"https:\/\/fadeu.urantiacos.cl\/en\/2021\/01\/19\/conoce-aqui-la-coleccion-estudios-urbanos-uc\/#respond\"]}]},{\"@type\":\"WebPage\",\"@id\":\"https:\/\/fadeu.urantiacos.cl\/en\/2021\/01\/19\/conoce-aqui-la-coleccion-estudios-urbanos-uc\/\",\"url\":\"https:\/\/fadeu.urantiacos.cl\/en\/2021\/01\/19\/conoce-aqui-la-coleccion-estudios-urbanos-uc\/\",\"name\":\"Conoce aqu\u00ed la Colecci\u00f3n Estudios Urbanos UC - Facultad de Arquitectura, Dise\u00f1o y Estudios Urbanos\",\"isPartOf\":{\"@id\":\"https:\/\/fadeu.urantiacos.cl\/en\/#website\"},\"primaryImageOfPage\":{\"@id\":\"https:\/\/fadeu.urantiacos.cl\/en\/2021\/01\/19\/conoce-aqui-la-coleccion-estudios-urbanos-uc\/#primaryimage\"},\"image\":{\"@id\":\"https:\/\/fadeu.urantiacos.cl\/en\/2021\/01\/19\/conoce-aqui-la-coleccion-estudios-urbanos-uc\/#primaryimage\"},\"thumbnailUrl\":\"https:\/\/fadeu.urantiacos.cl\/wp-content\/uploads\/2023\/09\/edificio_dno-ieut2021.jpg\",\"datePublished\":\"2021-01-20T02:02:00+00:00\",\"dateModified\":\"2023-09-09T02:03:41+00:00\",\"author\":{\"@id\":\"https:\/\/fadeu.urantiacos.cl\/en\/#\/schema\/person\/d203e2e84b1c40275eac77b3061a19a2\"},\"description\":\"A trav\u00e9s de la publicaci\u00f3n de libros que sean resultado de investigaciones y\/o tesis de alto impacto, el Instituto de Estudios Urbanos y Territoriales busca consolidar su proyecto editorial \u00abColecci\u00f3n Estudios Urbanos UC\u00bb.\",\"breadcrumb\":{\"@id\":\"https:\/\/fadeu.urantiacos.cl\/en\/2021\/01\/19\/conoce-aqui-la-coleccion-estudios-urbanos-uc\/#breadcrumb\"},\"inLanguage\":\"en-US\",\"potentialAction\":[{\"@type\":\"ReadAction\",\"target\":[\"https:\/\/fadeu.urantiacos.cl\/en\/2021\/01\/19\/conoce-aqui-la-coleccion-estudios-urbanos-uc\/\"]}]},{\"@type\":\"ImageObject\",\"inLanguage\":\"en-US\",\"@id\":\"https:\/\/fadeu.urantiacos.cl\/en\/2021\/01\/19\/conoce-aqui-la-coleccion-estudios-urbanos-uc\/#primaryimage\",\"url\":\"https:\/\/fadeu.urantiacos.cl\/wp-content\/uploads\/2023\/09\/edificio_dno-ieut2021.jpg\",\"contentUrl\":\"https:\/\/fadeu.urantiacos.cl\/wp-content\/uploads\/2023\/09\/edificio_dno-ieut2021.jpg\",\"width\":350,\"height\":250},{\"@type\":\"BreadcrumbList\",\"@id\":\"https:\/\/fadeu.urantiacos.cl\/en\/2021\/01\/19\/conoce-aqui-la-coleccion-estudios-urbanos-uc\/#breadcrumb\",\"itemListElement\":[{\"@type\":\"ListItem\",\"position\":1,\"name\":\"Portada\",\"item\":\"https:\/\/fadeu.urantiacos.cl\/en\/\"},{\"@type\":\"ListItem\",\"position\":2,\"name\":\"Conoce aqu\u00ed la Colecci\u00f3n Estudios Urbanos UC\"}]},{\"@type\":\"WebSite\",\"@id\":\"https:\/\/fadeu.urantiacos.cl\/en\/#website\",\"url\":\"https:\/\/fadeu.urantiacos.cl\/en\/\",\"name\":\"Facultad de Arquitectura, Dise\u00f1o y Estudios Urbanos\",\"description\":\"Campus Lo Contador\",\"potentialAction\":[{\"@type\":\"SearchAction\",\"target\":{\"@type\":\"EntryPoint\",\"urlTemplate\":\"https:\/\/fadeu.urantiacos.cl\/en\/?s={search_term_string}\"},\"query-input\":{\"@type\":\"PropertyValueSpecification\",\"valueRequired\":true,\"valueName\":\"search_term_string\"}}],\"inLanguage\":\"en-US\"},{\"@type\":\"Person\",\"@id\":\"https:\/\/fadeu.urantiacos.cl\/en\/#\/schema\/person\/d203e2e84b1c40275eac77b3061a19a2\",\"name\":\"manadmin\",\"image\":{\"@type\":\"ImageObject\",\"inLanguage\":\"en-US\",\"@id\":\"https:\/\/fadeu.urantiacos.cl\/en\/#\/schema\/person\/image\/\",\"url\":\"https:\/\/secure.gravatar.com\/avatar\/4b1d8e3303b4a9d8968ac578947d8bc80d9aea359f388cdd4aac15cadc0e8447?s=96&d=mm&r=g\",\"contentUrl\":\"https:\/\/secure.gravatar.com\/avatar\/4b1d8e3303b4a9d8968ac578947d8bc80d9aea359f388cdd4aac15cadc0e8447?s=96&d=mm&r=g\",\"caption\":\"manadmin\"},\"sameAs\":[\"https:\/\/fadeu.urantiacos.cl\"]}]}<\/script>\n<!-- \/ Yoast SEO plugin. -->","yoast_head_json":{"title":"Conoce aqu\u00ed la Colecci\u00f3n Estudios Urbanos UC - Facultad de Arquitectura, Dise\u00f1o y Estudios Urbanos","description":"A trav\u00e9s de la publicaci\u00f3n de libros que sean resultado de investigaciones y\/o tesis de alto impacto, el Instituto de Estudios Urbanos y Territoriales busca consolidar su proyecto editorial \u00abColecci\u00f3n Estudios Urbanos UC\u00bb.","robots":{"index":"index","follow":"follow","max-snippet":"max-snippet:-1","max-image-preview":"max-image-preview:large","max-video-preview":"max-video-preview:-1"},"canonical":"https:\/\/fadeu.urantiacos.cl\/en\/2021\/01\/19\/conoce-aqui-la-coleccion-estudios-urbanos-uc\/","og_locale":"en_US","og_type":"article","og_title":"Conoce aqu\u00ed la Colecci\u00f3n Estudios Urbanos UC - Facultad de Arquitectura, Dise\u00f1o y Estudios Urbanos","og_description":"A trav\u00e9s de la publicaci\u00f3n de libros que sean resultado de investigaciones y\/o tesis de alto impacto, el Instituto de Estudios Urbanos y Territoriales busca consolidar su proyecto editorial \u00abColecci\u00f3n Estudios Urbanos UC\u00bb.","og_url":"https:\/\/fadeu.urantiacos.cl\/en\/2021\/01\/19\/conoce-aqui-la-coleccion-estudios-urbanos-uc\/","og_site_name":"Facultad de Arquitectura, Dise\u00f1o y Estudios Urbanos","article_published_time":"2021-01-20T02:02:00+00:00","article_modified_time":"2023-09-09T02:03:41+00:00","og_image":[{"width":350,"height":250,"url":"https:\/\/fadeu.urantiacos.cl\/wp-content\/uploads\/2023\/09\/edificio_dno-ieut2021.jpg","type":"image\/jpeg"}],"author":"manadmin","twitter_card":"summary_large_image","twitter_misc":{"Written by":"manadmin","Est. reading time":"2 minutes"},"schema":{"@context":"https:\/\/schema.org","@graph":[{"@type":"Article","@id":"https:\/\/fadeu.urantiacos.cl\/en\/2021\/01\/19\/conoce-aqui-la-coleccion-estudios-urbanos-uc\/#article","isPartOf":{"@id":"https:\/\/fadeu.urantiacos.cl\/en\/2021\/01\/19\/conoce-aqui-la-coleccion-estudios-urbanos-uc\/"},"author":{"name":"manadmin","@id":"https:\/\/fadeu.urantiacos.cl\/en\/#\/schema\/person\/d203e2e84b1c40275eac77b3061a19a2"},"headline":"Conoce aqu\u00ed la Colecci\u00f3n Estudios Urbanos UC","datePublished":"2021-01-20T02:02:00+00:00","dateModified":"2023-09-09T02:03:41+00:00","mainEntityOfPage":{"@id":"https:\/\/fadeu.urantiacos.cl\/en\/2021\/01\/19\/conoce-aqui-la-coleccion-estudios-urbanos-uc\/"},"wordCount":338,"commentCount":0,"image":{"@id":"https:\/\/fadeu.urantiacos.cl\/en\/2021\/01\/19\/conoce-aqui-la-coleccion-estudios-urbanos-uc\/#primaryimage"},"thumbnailUrl":"https:\/\/fadeu.urantiacos.cl\/wp-content\/uploads\/2023\/09\/edificio_dno-ieut2021.jpg","articleSection":["Sin categorizar"],"inLanguage":"en-US","potentialAction":[{"@type":"CommentAction","name":"Comment","target":["https:\/\/fadeu.urantiacos.cl\/en\/2021\/01\/19\/conoce-aqui-la-coleccion-estudios-urbanos-uc\/#respond"]}]},{"@type":"WebPage","@id":"https:\/\/fadeu.urantiacos.cl\/en\/2021\/01\/19\/conoce-aqui-la-coleccion-estudios-urbanos-uc\/","url":"https:\/\/fadeu.urantiacos.cl\/en\/2021\/01\/19\/conoce-aqui-la-coleccion-estudios-urbanos-uc\/","name":"Conoce aqu\u00ed la Colecci\u00f3n Estudios Urbanos UC - Facultad de Arquitectura, Dise\u00f1o y Estudios Urbanos","isPartOf":{"@id":"https:\/\/fadeu.urantiacos.cl\/en\/#website"},"primaryImageOfPage":{"@id":"https:\/\/fadeu.urantiacos.cl\/en\/2021\/01\/19\/conoce-aqui-la-coleccion-estudios-urbanos-uc\/#primaryimage"},"image":{"@id":"https:\/\/fadeu.urantiacos.cl\/en\/2021\/01\/19\/conoce-aqui-la-coleccion-estudios-urbanos-uc\/#primaryimage"},"thumbnailUrl":"https:\/\/fadeu.urantiacos.cl\/wp-content\/uploads\/2023\/09\/edificio_dno-ieut2021.jpg","datePublished":"2021-01-20T02:02:00+00:00","dateModified":"2023-09-09T02:03:41+00:00","author":{"@id":"https:\/\/fadeu.urantiacos.cl\/en\/#\/schema\/person\/d203e2e84b1c40275eac77b3061a19a2"},"description":"A trav\u00e9s de la publicaci\u00f3n de libros que sean resultado de investigaciones y\/o tesis de alto impacto, el Instituto de Estudios Urbanos y Territoriales busca consolidar su proyecto editorial \u00abColecci\u00f3n Estudios Urbanos UC\u00bb.","breadcrumb":{"@id":"https:\/\/fadeu.urantiacos.cl\/en\/2021\/01\/19\/conoce-aqui-la-coleccion-estudios-urbanos-uc\/#breadcrumb"},"inLanguage":"en-US","potentialAction":[{"@type":"ReadAction","target":["https:\/\/fadeu.urantiacos.cl\/en\/2021\/01\/19\/conoce-aqui-la-coleccion-estudios-urbanos-uc\/"]}]},{"@type":"ImageObject","inLanguage":"en-US","@id":"https:\/\/fadeu.urantiacos.cl\/en\/2021\/01\/19\/conoce-aqui-la-coleccion-estudios-urbanos-uc\/#primaryimage","url":"https:\/\/fadeu.urantiacos.cl\/wp-content\/uploads\/2023\/09\/edificio_dno-ieut2021.jpg","contentUrl":"https:\/\/fadeu.urantiacos.cl\/wp-content\/uploads\/2023\/09\/edificio_dno-ieut2021.jpg","width":350,"height":250},{"@type":"BreadcrumbList","@id":"https:\/\/fadeu.urantiacos.cl\/en\/2021\/01\/19\/conoce-aqui-la-coleccion-estudios-urbanos-uc\/#breadcrumb","itemListElement":[{"@type":"ListItem","position":1,"name":"Portada","item":"https:\/\/fadeu.urantiacos.cl\/en\/"},{"@type":"ListItem","position":2,"name":"Conoce aqu\u00ed la Colecci\u00f3n Estudios Urbanos UC"}]},{"@type":"WebSite","@id":"https:\/\/fadeu.urantiacos.cl\/en\/#website","url":"https:\/\/fadeu.urantiacos.cl\/en\/","name":"Facultad de Arquitectura, Dise\u00f1o y Estudios Urbanos","description":"Campus Lo Contador","potentialAction":[{"@type":"SearchAction","target":{"@type":"EntryPoint","urlTemplate":"https:\/\/fadeu.urantiacos.cl\/en\/?s={search_term_string}"},"query-input":{"@type":"PropertyValueSpecification","valueRequired":true,"valueName":"search_term_string"}}],"inLanguage":"en-US"},{"@type":"Person","@id":"https:\/\/fadeu.urantiacos.cl\/en\/#\/schema\/person\/d203e2e84b1c40275eac77b3061a19a2","name":"manadmin","image":{"@type":"ImageObject","inLanguage":"en-US","@id":"https:\/\/fadeu.urantiacos.cl\/en\/#\/schema\/person\/image\/","url":"https:\/\/secure.gravatar.com\/avatar\/4b1d8e3303b4a9d8968ac578947d8bc80d9aea359f388cdd4aac15cadc0e8447?s=96&d=mm&r=g","contentUrl":"https:\/\/secure.gravatar.com\/avatar\/4b1d8e3303b4a9d8968ac578947d8bc80d9aea359f388cdd4aac15cadc0e8447?s=96&d=mm&r=g","caption":"manadmin"},"sameAs":["https:\/\/fadeu.urantiacos.cl"]}]}},"_links":{"self":[{"href":"https:\/\/fadeu.urantiacos.cl\/en\/wp-json\/wp\/v2\/posts\/7566","targetHints":{"allow":["GET"]}}],"collection":[{"href":"https:\/\/fadeu.urantiacos.cl\/en\/wp-json\/wp\/v2\/posts"}],"about":[{"href":"https:\/\/fadeu.urantiacos.cl\/en\/wp-json\/wp\/v2\/types\/post"}],"author":[{"embeddable":true,"href":"https:\/\/fadeu.urantiacos.cl\/en\/wp-json\/wp\/v2\/users\/1"}],"replies":[{"embeddable":true,"href":"https:\/\/fadeu.urantiacos.cl\/en\/wp-json\/wp\/v2\/comments?post=7566"}],"version-history":[{"count":1,"href":"https:\/\/fadeu.urantiacos.cl\/en\/wp-json\/wp\/v2\/posts\/7566\/revisions"}],"predecessor-version":[{"id":7568,"href":"https:\/\/fadeu.urantiacos.cl\/en\/wp-json\/wp\/v2\/posts\/7566\/revisions\/7568"}],"wp:featuredmedia":[{"embeddable":true,"href":"https:\/\/fadeu.urantiacos.cl\/en\/wp-json\/wp\/v2\/media\/7567"}],"wp:attachment":[{"href":"https:\/\/fadeu.urantiacos.cl\/en\/wp-json\/wp\/v2\/media?parent=7566"}],"wp:term":[{"taxonomy":"category","embeddable":true,"href":"https:\/\/fadeu.urantiacos.cl\/en\/wp-json\/wp\/v2\/categories?post=7566"},{"taxonomy":"post_tag","embeddable":true,"href":"https:\/\/fadeu.urantiacos.cl\/en\/wp-json\/wp\/v2\/tags?post=7566"}],"curies":[{"name":"wp","href":"https:\/\/api.w.org\/{rel}","templated":true}]}}