{"id":7560,"date":"2021-01-19T22:58:00","date_gmt":"2021-01-20T01:58:00","guid":{"rendered":"https:\/\/fadeu.urantiacos.cl\/?p=7560"},"modified":"2023-09-08T22:59:45","modified_gmt":"2023-09-09T01:59:45","slug":"articulo-tironi-hermansen","status":"publish","type":"post","link":"https:\/\/fadeu.urantiacos.cl\/en\/2021\/01\/19\/articulo-tironi-hermansen\/","title":{"rendered":"Art\u00edculo | Tironi Hermansen"},"content":{"rendered":"\n<figure class=\"wp-block-image size-full\"><img decoding=\"async\" width=\"350\" height=\"250\" src=\"https:\/\/fadeu.urantiacos.cl\/wp-content\/uploads\/2023\/09\/0717-6996-arq-106-38-gf1_copia.png\" alt=\"\" class=\"wp-image-7561\" srcset=\"https:\/\/fadeu.urantiacos.cl\/wp-content\/uploads\/2023\/09\/0717-6996-arq-106-38-gf1_copia.png 350w, https:\/\/fadeu.urantiacos.cl\/wp-content\/uploads\/2023\/09\/0717-6996-arq-106-38-gf1_copia-300x214.png 300w\" sizes=\"(max-width: 350px) 100vw, 350px\" \/><\/figure>\n\n\n\n<p>El art\u00edculo de Tironi y Hermansen propone ciertas pistas, emp\u00edricas como te\u00f3ricas, para avanzar en la reflexi\u00f3n sobre el dise\u00f1o interespecie, usando el prototipo como herramienta de escucha y negociaci\u00f3n con otras agencias m\u00e1s que humanas.<\/p>\n\n\n\n<p>En particular, el texto se desarrolla alrededor de una situaci\u00f3n cr\u00edtica ocurrida durante el proceso de prototipado de un instrumento sonoro para Judy y Gombe, pareja de chimpanc\u00e9s que habita el Zool\u00f3gico Nacional de Chile. Luego de que el equipo de investigaci\u00f3n realizara una mantenci\u00f3n rutinaria al instrumento, Judy y Gombe descubren que uno de los seguros que cierra el instrumento qued\u00f3 mal cerrado, lo que detona un proceso de desmantelamiento de sus partes.<\/p>\n\n\n\n<p>Los autores narran c\u00f3mo este evento de destrucci\u00f3n, que en principio parec\u00eda haber roto el pacto de coexistencia interespecie construido durante meses de prototipado con los chimpanc\u00e9s Judy y Gombe, al ser revisitado con atenci\u00f3n y cuidado revela un&nbsp;equ\u00edvoco&nbsp;(concepto tomado de Vivero de Castro), es decir una situaci\u00f3n en la cual la diferencia entre las ontolog\u00edas e intereses involucrados \u2013humana y chimpanc\u00e9\u2013 exceden nuestros entendimientos, desbordan nuestra capacidad de comprensi\u00f3n, generando equivocaciones y contradicciones. Sin embargo, se muestra que el equ\u00edvoco que emerge en el proceso de prototipado se transforma en una oportunidad para repensar y expandir el rol del prototipado en el dise\u00f1o de las condiciones para una coexistencia post-antropoc\u00e9ntrica. El art\u00edculo hace un llamado a asumir el equ\u00edvoco, a habitarlo como algo constitutivo a todo proceso de dise\u00f1o y relaci\u00f3n.<\/p>\n","protected":false},"excerpt":{"rendered":"<p>\u201cPrototipando la coexistencia: Dise\u00f1os para futuros interespecie\u201d, se titula el art\u00edculo publicado por Martin Tironi y Pablo Hermansen en la Revista ARQ N\u00ba 106 de la FADEU. La convocatoria de este n\u00famero fue a reflexionar sobre nuestra Coexistencia Precaria, considerando la actual crisis multidimensional que experimenta nuestro planeta.<\/p>\n","protected":false},"author":1,"featured_media":7561,"comment_status":"open","ping_status":"open","sticky":false,"template":"","format":"standard","meta":{"_acf_changed":false,"footnotes":""},"categories":[1],"tags":[],"class_list":["post-7560","post","type-post","status-publish","format-standard","has-post-thumbnail","hentry","category-sin-categorizar"],"acf":[],"yoast_head":"<!-- This site is optimized with the Yoast SEO plugin v27.1.1 - https:\/\/yoast.com\/product\/yoast-seo-wordpress\/ -->\n<title>Art\u00edculo | Tironi Hermansen - Facultad de Arquitectura, Dise\u00f1o y Estudios Urbanos<\/title>\n<meta name=\"description\" content=\"\u201cPrototipando la coexistencia: Dise\u00f1os para futuros interespecie\u201d, se titula el art\u00edculo publicado por Martin Tironi y Pablo Hermansen en la Revista ARQ N\u00ba 106 de la FADEU. La convocatoria de este n\u00famero fue a reflexionar sobre nuestra Coexistencia Precaria, considerando la actual crisis multidimensional que experimenta nuestro planeta.\" \/>\n<meta name=\"robots\" content=\"index, follow, max-snippet:-1, max-image-preview:large, max-video-preview:-1\" \/>\n<link rel=\"canonical\" href=\"https:\/\/fadeu.urantiacos.cl\/en\/2021\/01\/19\/articulo-tironi-hermansen\/\" \/>\n<meta property=\"og:locale\" content=\"en_US\" \/>\n<meta property=\"og:type\" content=\"article\" \/>\n<meta property=\"og:title\" content=\"Art\u00edculo | Tironi Hermansen - Facultad de Arquitectura, Dise\u00f1o y Estudios Urbanos\" \/>\n<meta property=\"og:description\" content=\"\u201cPrototipando la coexistencia: Dise\u00f1os para futuros interespecie\u201d, se titula el art\u00edculo publicado por Martin Tironi y Pablo Hermansen en la Revista ARQ N\u00ba 106 de la FADEU. La convocatoria de este n\u00famero fue a reflexionar sobre nuestra Coexistencia Precaria, considerando la actual crisis multidimensional que experimenta nuestro planeta.\" \/>\n<meta property=\"og:url\" content=\"https:\/\/fadeu.urantiacos.cl\/en\/2021\/01\/19\/articulo-tironi-hermansen\/\" \/>\n<meta property=\"og:site_name\" content=\"Facultad de Arquitectura, Dise\u00f1o y Estudios Urbanos\" \/>\n<meta property=\"article:published_time\" content=\"2021-01-20T01:58:00+00:00\" \/>\n<meta property=\"article:modified_time\" content=\"2023-09-09T01:59:45+00:00\" \/>\n<meta property=\"og:image\" content=\"https:\/\/fadeu.urantiacos.cl\/wp-content\/uploads\/2023\/09\/0717-6996-arq-106-38-gf1_copia.png\" \/>\n\t<meta property=\"og:image:width\" content=\"350\" \/>\n\t<meta property=\"og:image:height\" content=\"250\" \/>\n\t<meta property=\"og:image:type\" content=\"image\/png\" \/>\n<meta name=\"author\" content=\"manadmin\" \/>\n<meta name=\"twitter:card\" content=\"summary_large_image\" \/>\n<meta name=\"twitter:label1\" content=\"Written by\" \/>\n\t<meta name=\"twitter:data1\" content=\"manadmin\" \/>\n\t<meta name=\"twitter:label2\" content=\"Est. reading time\" \/>\n\t<meta name=\"twitter:data2\" content=\"1 minute\" \/>\n<script type=\"application\/ld+json\" class=\"yoast-schema-graph\">{\"@context\":\"https:\/\/schema.org\",\"@graph\":[{\"@type\":\"Article\",\"@id\":\"https:\/\/fadeu.urantiacos.cl\/en\/2021\/01\/19\/articulo-tironi-hermansen\/#article\",\"isPartOf\":{\"@id\":\"https:\/\/fadeu.urantiacos.cl\/en\/2021\/01\/19\/articulo-tironi-hermansen\/\"},\"author\":{\"name\":\"manadmin\",\"@id\":\"https:\/\/fadeu.urantiacos.cl\/en\/#\/schema\/person\/d203e2e84b1c40275eac77b3061a19a2\"},\"headline\":\"Art\u00edculo | Tironi Hermansen\",\"datePublished\":\"2021-01-20T01:58:00+00:00\",\"dateModified\":\"2023-09-09T01:59:45+00:00\",\"mainEntityOfPage\":{\"@id\":\"https:\/\/fadeu.urantiacos.cl\/en\/2021\/01\/19\/articulo-tironi-hermansen\/\"},\"wordCount\":279,\"commentCount\":0,\"image\":{\"@id\":\"https:\/\/fadeu.urantiacos.cl\/en\/2021\/01\/19\/articulo-tironi-hermansen\/#primaryimage\"},\"thumbnailUrl\":\"https:\/\/fadeu.urantiacos.cl\/wp-content\/uploads\/2023\/09\/0717-6996-arq-106-38-gf1_copia.png\",\"articleSection\":[\"Sin categorizar\"],\"inLanguage\":\"en-US\",\"potentialAction\":[{\"@type\":\"CommentAction\",\"name\":\"Comment\",\"target\":[\"https:\/\/fadeu.urantiacos.cl\/en\/2021\/01\/19\/articulo-tironi-hermansen\/#respond\"]}]},{\"@type\":\"WebPage\",\"@id\":\"https:\/\/fadeu.urantiacos.cl\/en\/2021\/01\/19\/articulo-tironi-hermansen\/\",\"url\":\"https:\/\/fadeu.urantiacos.cl\/en\/2021\/01\/19\/articulo-tironi-hermansen\/\",\"name\":\"Art\u00edculo | Tironi Hermansen - Facultad de Arquitectura, Dise\u00f1o y Estudios Urbanos\",\"isPartOf\":{\"@id\":\"https:\/\/fadeu.urantiacos.cl\/en\/#website\"},\"primaryImageOfPage\":{\"@id\":\"https:\/\/fadeu.urantiacos.cl\/en\/2021\/01\/19\/articulo-tironi-hermansen\/#primaryimage\"},\"image\":{\"@id\":\"https:\/\/fadeu.urantiacos.cl\/en\/2021\/01\/19\/articulo-tironi-hermansen\/#primaryimage\"},\"thumbnailUrl\":\"https:\/\/fadeu.urantiacos.cl\/wp-content\/uploads\/2023\/09\/0717-6996-arq-106-38-gf1_copia.png\",\"datePublished\":\"2021-01-20T01:58:00+00:00\",\"dateModified\":\"2023-09-09T01:59:45+00:00\",\"author\":{\"@id\":\"https:\/\/fadeu.urantiacos.cl\/en\/#\/schema\/person\/d203e2e84b1c40275eac77b3061a19a2\"},\"description\":\"\u201cPrototipando la coexistencia: Dise\u00f1os para futuros interespecie\u201d, se titula el art\u00edculo publicado por Martin Tironi y Pablo Hermansen en la Revista ARQ N\u00ba 106 de la FADEU. La convocatoria de este n\u00famero fue a reflexionar sobre nuestra Coexistencia Precaria, considerando la actual crisis multidimensional que experimenta nuestro planeta.\",\"breadcrumb\":{\"@id\":\"https:\/\/fadeu.urantiacos.cl\/en\/2021\/01\/19\/articulo-tironi-hermansen\/#breadcrumb\"},\"inLanguage\":\"en-US\",\"potentialAction\":[{\"@type\":\"ReadAction\",\"target\":[\"https:\/\/fadeu.urantiacos.cl\/en\/2021\/01\/19\/articulo-tironi-hermansen\/\"]}]},{\"@type\":\"ImageObject\",\"inLanguage\":\"en-US\",\"@id\":\"https:\/\/fadeu.urantiacos.cl\/en\/2021\/01\/19\/articulo-tironi-hermansen\/#primaryimage\",\"url\":\"https:\/\/fadeu.urantiacos.cl\/wp-content\/uploads\/2023\/09\/0717-6996-arq-106-38-gf1_copia.png\",\"contentUrl\":\"https:\/\/fadeu.urantiacos.cl\/wp-content\/uploads\/2023\/09\/0717-6996-arq-106-38-gf1_copia.png\",\"width\":350,\"height\":250},{\"@type\":\"BreadcrumbList\",\"@id\":\"https:\/\/fadeu.urantiacos.cl\/en\/2021\/01\/19\/articulo-tironi-hermansen\/#breadcrumb\",\"itemListElement\":[{\"@type\":\"ListItem\",\"position\":1,\"name\":\"Portada\",\"item\":\"https:\/\/fadeu.urantiacos.cl\/en\/\"},{\"@type\":\"ListItem\",\"position\":2,\"name\":\"Art\u00edculo | Tironi Hermansen\"}]},{\"@type\":\"WebSite\",\"@id\":\"https:\/\/fadeu.urantiacos.cl\/en\/#website\",\"url\":\"https:\/\/fadeu.urantiacos.cl\/en\/\",\"name\":\"Facultad de Arquitectura, Dise\u00f1o y Estudios Urbanos\",\"description\":\"Campus Lo Contador\",\"potentialAction\":[{\"@type\":\"SearchAction\",\"target\":{\"@type\":\"EntryPoint\",\"urlTemplate\":\"https:\/\/fadeu.urantiacos.cl\/en\/?s={search_term_string}\"},\"query-input\":{\"@type\":\"PropertyValueSpecification\",\"valueRequired\":true,\"valueName\":\"search_term_string\"}}],\"inLanguage\":\"en-US\"},{\"@type\":\"Person\",\"@id\":\"https:\/\/fadeu.urantiacos.cl\/en\/#\/schema\/person\/d203e2e84b1c40275eac77b3061a19a2\",\"name\":\"manadmin\",\"image\":{\"@type\":\"ImageObject\",\"inLanguage\":\"en-US\",\"@id\":\"https:\/\/fadeu.urantiacos.cl\/en\/#\/schema\/person\/image\/\",\"url\":\"https:\/\/secure.gravatar.com\/avatar\/4b1d8e3303b4a9d8968ac578947d8bc80d9aea359f388cdd4aac15cadc0e8447?s=96&d=mm&r=g\",\"contentUrl\":\"https:\/\/secure.gravatar.com\/avatar\/4b1d8e3303b4a9d8968ac578947d8bc80d9aea359f388cdd4aac15cadc0e8447?s=96&d=mm&r=g\",\"caption\":\"manadmin\"},\"sameAs\":[\"https:\/\/fadeu.urantiacos.cl\"]}]}<\/script>\n<!-- \/ Yoast SEO plugin. -->","yoast_head_json":{"title":"Art\u00edculo | Tironi Hermansen - Facultad de Arquitectura, Dise\u00f1o y Estudios Urbanos","description":"\u201cPrototipando la coexistencia: Dise\u00f1os para futuros interespecie\u201d, se titula el art\u00edculo publicado por Martin Tironi y Pablo Hermansen en la Revista ARQ N\u00ba 106 de la FADEU. La convocatoria de este n\u00famero fue a reflexionar sobre nuestra Coexistencia Precaria, considerando la actual crisis multidimensional que experimenta nuestro planeta.","robots":{"index":"index","follow":"follow","max-snippet":"max-snippet:-1","max-image-preview":"max-image-preview:large","max-video-preview":"max-video-preview:-1"},"canonical":"https:\/\/fadeu.urantiacos.cl\/en\/2021\/01\/19\/articulo-tironi-hermansen\/","og_locale":"en_US","og_type":"article","og_title":"Art\u00edculo | Tironi Hermansen - Facultad de Arquitectura, Dise\u00f1o y Estudios Urbanos","og_description":"\u201cPrototipando la coexistencia: Dise\u00f1os para futuros interespecie\u201d, se titula el art\u00edculo publicado por Martin Tironi y Pablo Hermansen en la Revista ARQ N\u00ba 106 de la FADEU. La convocatoria de este n\u00famero fue a reflexionar sobre nuestra Coexistencia Precaria, considerando la actual crisis multidimensional que experimenta nuestro planeta.","og_url":"https:\/\/fadeu.urantiacos.cl\/en\/2021\/01\/19\/articulo-tironi-hermansen\/","og_site_name":"Facultad de Arquitectura, Dise\u00f1o y Estudios Urbanos","article_published_time":"2021-01-20T01:58:00+00:00","article_modified_time":"2023-09-09T01:59:45+00:00","og_image":[{"width":350,"height":250,"url":"https:\/\/fadeu.urantiacos.cl\/wp-content\/uploads\/2023\/09\/0717-6996-arq-106-38-gf1_copia.png","type":"image\/png"}],"author":"manadmin","twitter_card":"summary_large_image","twitter_misc":{"Written by":"manadmin","Est. reading time":"1 minute"},"schema":{"@context":"https:\/\/schema.org","@graph":[{"@type":"Article","@id":"https:\/\/fadeu.urantiacos.cl\/en\/2021\/01\/19\/articulo-tironi-hermansen\/#article","isPartOf":{"@id":"https:\/\/fadeu.urantiacos.cl\/en\/2021\/01\/19\/articulo-tironi-hermansen\/"},"author":{"name":"manadmin","@id":"https:\/\/fadeu.urantiacos.cl\/en\/#\/schema\/person\/d203e2e84b1c40275eac77b3061a19a2"},"headline":"Art\u00edculo | Tironi Hermansen","datePublished":"2021-01-20T01:58:00+00:00","dateModified":"2023-09-09T01:59:45+00:00","mainEntityOfPage":{"@id":"https:\/\/fadeu.urantiacos.cl\/en\/2021\/01\/19\/articulo-tironi-hermansen\/"},"wordCount":279,"commentCount":0,"image":{"@id":"https:\/\/fadeu.urantiacos.cl\/en\/2021\/01\/19\/articulo-tironi-hermansen\/#primaryimage"},"thumbnailUrl":"https:\/\/fadeu.urantiacos.cl\/wp-content\/uploads\/2023\/09\/0717-6996-arq-106-38-gf1_copia.png","articleSection":["Sin categorizar"],"inLanguage":"en-US","potentialAction":[{"@type":"CommentAction","name":"Comment","target":["https:\/\/fadeu.urantiacos.cl\/en\/2021\/01\/19\/articulo-tironi-hermansen\/#respond"]}]},{"@type":"WebPage","@id":"https:\/\/fadeu.urantiacos.cl\/en\/2021\/01\/19\/articulo-tironi-hermansen\/","url":"https:\/\/fadeu.urantiacos.cl\/en\/2021\/01\/19\/articulo-tironi-hermansen\/","name":"Art\u00edculo | Tironi Hermansen - Facultad de Arquitectura, Dise\u00f1o y Estudios Urbanos","isPartOf":{"@id":"https:\/\/fadeu.urantiacos.cl\/en\/#website"},"primaryImageOfPage":{"@id":"https:\/\/fadeu.urantiacos.cl\/en\/2021\/01\/19\/articulo-tironi-hermansen\/#primaryimage"},"image":{"@id":"https:\/\/fadeu.urantiacos.cl\/en\/2021\/01\/19\/articulo-tironi-hermansen\/#primaryimage"},"thumbnailUrl":"https:\/\/fadeu.urantiacos.cl\/wp-content\/uploads\/2023\/09\/0717-6996-arq-106-38-gf1_copia.png","datePublished":"2021-01-20T01:58:00+00:00","dateModified":"2023-09-09T01:59:45+00:00","author":{"@id":"https:\/\/fadeu.urantiacos.cl\/en\/#\/schema\/person\/d203e2e84b1c40275eac77b3061a19a2"},"description":"\u201cPrototipando la coexistencia: Dise\u00f1os para futuros interespecie\u201d, se titula el art\u00edculo publicado por Martin Tironi y Pablo Hermansen en la Revista ARQ N\u00ba 106 de la FADEU. La convocatoria de este n\u00famero fue a reflexionar sobre nuestra Coexistencia Precaria, considerando la actual crisis multidimensional que experimenta nuestro planeta.","breadcrumb":{"@id":"https:\/\/fadeu.urantiacos.cl\/en\/2021\/01\/19\/articulo-tironi-hermansen\/#breadcrumb"},"inLanguage":"en-US","potentialAction":[{"@type":"ReadAction","target":["https:\/\/fadeu.urantiacos.cl\/en\/2021\/01\/19\/articulo-tironi-hermansen\/"]}]},{"@type":"ImageObject","inLanguage":"en-US","@id":"https:\/\/fadeu.urantiacos.cl\/en\/2021\/01\/19\/articulo-tironi-hermansen\/#primaryimage","url":"https:\/\/fadeu.urantiacos.cl\/wp-content\/uploads\/2023\/09\/0717-6996-arq-106-38-gf1_copia.png","contentUrl":"https:\/\/fadeu.urantiacos.cl\/wp-content\/uploads\/2023\/09\/0717-6996-arq-106-38-gf1_copia.png","width":350,"height":250},{"@type":"BreadcrumbList","@id":"https:\/\/fadeu.urantiacos.cl\/en\/2021\/01\/19\/articulo-tironi-hermansen\/#breadcrumb","itemListElement":[{"@type":"ListItem","position":1,"name":"Portada","item":"https:\/\/fadeu.urantiacos.cl\/en\/"},{"@type":"ListItem","position":2,"name":"Art\u00edculo | Tironi Hermansen"}]},{"@type":"WebSite","@id":"https:\/\/fadeu.urantiacos.cl\/en\/#website","url":"https:\/\/fadeu.urantiacos.cl\/en\/","name":"Facultad de Arquitectura, Dise\u00f1o y Estudios Urbanos","description":"Campus Lo Contador","potentialAction":[{"@type":"SearchAction","target":{"@type":"EntryPoint","urlTemplate":"https:\/\/fadeu.urantiacos.cl\/en\/?s={search_term_string}"},"query-input":{"@type":"PropertyValueSpecification","valueRequired":true,"valueName":"search_term_string"}}],"inLanguage":"en-US"},{"@type":"Person","@id":"https:\/\/fadeu.urantiacos.cl\/en\/#\/schema\/person\/d203e2e84b1c40275eac77b3061a19a2","name":"manadmin","image":{"@type":"ImageObject","inLanguage":"en-US","@id":"https:\/\/fadeu.urantiacos.cl\/en\/#\/schema\/person\/image\/","url":"https:\/\/secure.gravatar.com\/avatar\/4b1d8e3303b4a9d8968ac578947d8bc80d9aea359f388cdd4aac15cadc0e8447?s=96&d=mm&r=g","contentUrl":"https:\/\/secure.gravatar.com\/avatar\/4b1d8e3303b4a9d8968ac578947d8bc80d9aea359f388cdd4aac15cadc0e8447?s=96&d=mm&r=g","caption":"manadmin"},"sameAs":["https:\/\/fadeu.urantiacos.cl"]}]}},"_links":{"self":[{"href":"https:\/\/fadeu.urantiacos.cl\/en\/wp-json\/wp\/v2\/posts\/7560","targetHints":{"allow":["GET"]}}],"collection":[{"href":"https:\/\/fadeu.urantiacos.cl\/en\/wp-json\/wp\/v2\/posts"}],"about":[{"href":"https:\/\/fadeu.urantiacos.cl\/en\/wp-json\/wp\/v2\/types\/post"}],"author":[{"embeddable":true,"href":"https:\/\/fadeu.urantiacos.cl\/en\/wp-json\/wp\/v2\/users\/1"}],"replies":[{"embeddable":true,"href":"https:\/\/fadeu.urantiacos.cl\/en\/wp-json\/wp\/v2\/comments?post=7560"}],"version-history":[{"count":1,"href":"https:\/\/fadeu.urantiacos.cl\/en\/wp-json\/wp\/v2\/posts\/7560\/revisions"}],"predecessor-version":[{"id":7562,"href":"https:\/\/fadeu.urantiacos.cl\/en\/wp-json\/wp\/v2\/posts\/7560\/revisions\/7562"}],"wp:featuredmedia":[{"embeddable":true,"href":"https:\/\/fadeu.urantiacos.cl\/en\/wp-json\/wp\/v2\/media\/7561"}],"wp:attachment":[{"href":"https:\/\/fadeu.urantiacos.cl\/en\/wp-json\/wp\/v2\/media?parent=7560"}],"wp:term":[{"taxonomy":"category","embeddable":true,"href":"https:\/\/fadeu.urantiacos.cl\/en\/wp-json\/wp\/v2\/categories?post=7560"},{"taxonomy":"post_tag","embeddable":true,"href":"https:\/\/fadeu.urantiacos.cl\/en\/wp-json\/wp\/v2\/tags?post=7560"}],"curies":[{"name":"wp","href":"https:\/\/api.w.org\/{rel}","templated":true}]}}