{"id":7549,"date":"2021-01-20T22:44:00","date_gmt":"2021-01-21T01:44:00","guid":{"rendered":"https:\/\/fadeu.urantiacos.cl\/?p=7549"},"modified":"2023-09-08T22:56:12","modified_gmt":"2023-09-09T01:56:12","slug":"la-bienal-de-seul-exhibira-proyectos-de-estudiantes-arq-uc","status":"publish","type":"post","link":"https:\/\/fadeu.urantiacos.cl\/en\/2021\/01\/20\/la-bienal-de-seul-exhibira-proyectos-de-estudiantes-arq-uc\/","title":{"rendered":"La Bienal de Se\u00fal exhibir\u00e1 proyectos de estudiantes ARQ UC"},"content":{"rendered":"\n<figure class=\"wp-block-image size-full\"><img decoding=\"async\" width=\"350\" height=\"250\" src=\"https:\/\/fadeu.urantiacos.cl\/wp-content\/uploads\/2023\/09\/GLS_0027_006web.jpg\" alt=\"\" class=\"wp-image-7551\" srcset=\"https:\/\/fadeu.urantiacos.cl\/wp-content\/uploads\/2023\/09\/GLS_0027_006web.jpg 350w, https:\/\/fadeu.urantiacos.cl\/wp-content\/uploads\/2023\/09\/GLS_0027_006web-300x214.jpg 300w\" sizes=\"(max-width: 350px) 100vw, 350px\" \/><\/figure>\n\n\n\n<p>La tercera edici\u00f3n de esta bienal, titulada &#8220;Crossroads, Building the Resilient City&#8221;, hizo una invitaci\u00f3n al taller a pensar la noci\u00f3n de \u2018refugio\u2019, por lo que los profesores ARQ UC propusieron explorar la transformaci\u00f3n de las medialunas chilenas en refugios de emergencia.<\/p>\n\n\n\n<p>De acuerdo al taller, las medialunas presentan una interesante oportunidad de reconversi\u00f3n por varios motivos: hay m\u00e1s de 500 medialunas en Chile; son mayoritariamente de propiedad p\u00fablica; la mayor\u00eda tiene servicios b\u00e1sicos como luz y agua y tienen buena accesibilidad; muchas de ellas se encuentran subutilizadas, abandonadas o simplemente en desuso, especialmente porque la pr\u00e1ctica del rodeo \u2014debido a los cambios culturales en las \u00faltimas d\u00e9cadas\u2014 ha decrecido fuertemente.<\/p>\n\n\n\n<p>Los programas propuestos por los estudiantes en la medialunas fueron refugios de emergencia entendidos en sus dimensi\u00f3n privada y colectiva. Se presentaron como lugares para la provisi\u00f3n de seguridad y alivio frente al caos y el trauma asociados a cat\u00e1strofes. De este modo, los proyectos fueron pensados como espacios de sanaci\u00f3n y entendidos en su conjunto como infraestructuras sociales. El resultado final de este trabajo propositivo es un set de proyectos con una condici\u00f3n tanto real como ut\u00f3pica, cuyo l\u00edmite est\u00e1 establecido por las posibilidades t\u00e9cnicas y constructivas.<\/p>\n\n\n\n<p>Profesores_<br>Sebasti\u00e1n Irarr\u00e1zaval<br>Guillermo Hevia<\/p>\n\n\n\n<p>Ayudante_<br>Karen Zavala<\/p>\n\n\n\n<p>Estudiantes_<br>Francisca Noguera<br>Francisca Cassis<br>Nicol\u00e1s Chekal<br>Rodrigo Vesperinas<\/p>\n\n\n\n<figure class=\"wp-block-image size-large\"><img decoding=\"async\" width=\"1024\" height=\"724\" src=\"https:\/\/fadeu.urantiacos.cl\/wp-content\/uploads\/2023\/09\/GLS_0027_006-1024x724.jpg\" alt=\"\" class=\"wp-image-7552\" srcset=\"https:\/\/fadeu.urantiacos.cl\/wp-content\/uploads\/2023\/09\/GLS_0027_006-1024x724.jpg 1024w, https:\/\/fadeu.urantiacos.cl\/wp-content\/uploads\/2023\/09\/GLS_0027_006-300x212.jpg 300w, https:\/\/fadeu.urantiacos.cl\/wp-content\/uploads\/2023\/09\/GLS_0027_006-768x543.jpg 768w, https:\/\/fadeu.urantiacos.cl\/wp-content\/uploads\/2023\/09\/GLS_0027_006-1536x1086.jpg 1536w, https:\/\/fadeu.urantiacos.cl\/wp-content\/uploads\/2023\/09\/GLS_0027_006-2048x1448.jpg 2048w, https:\/\/fadeu.urantiacos.cl\/wp-content\/uploads\/2023\/09\/GLS_0027_006-scaled.jpg 1600w\" sizes=\"(max-width: 1024px) 100vw, 1024px\" \/><\/figure>\n\n\n\n<p>Proyecto Nicol\u00e1s Chekal<\/p>\n\n\n\n<figure class=\"wp-block-image size-large\"><img decoding=\"async\" width=\"1024\" height=\"562\" src=\"https:\/\/fadeu.urantiacos.cl\/wp-content\/uploads\/2023\/09\/12._Noguera_Florencia_10-1024x562.jpg\" alt=\"\" class=\"wp-image-7553\" srcset=\"https:\/\/fadeu.urantiacos.cl\/wp-content\/uploads\/2023\/09\/12._Noguera_Florencia_10-1024x562.jpg 1024w, https:\/\/fadeu.urantiacos.cl\/wp-content\/uploads\/2023\/09\/12._Noguera_Florencia_10-300x165.jpg 300w, https:\/\/fadeu.urantiacos.cl\/wp-content\/uploads\/2023\/09\/12._Noguera_Florencia_10-768x422.jpg 768w, https:\/\/fadeu.urantiacos.cl\/wp-content\/uploads\/2023\/09\/12._Noguera_Florencia_10-1536x844.jpg 1536w, https:\/\/fadeu.urantiacos.cl\/wp-content\/uploads\/2023\/09\/12._Noguera_Florencia_10-2048x1125.jpg 2048w, https:\/\/fadeu.urantiacos.cl\/wp-content\/uploads\/2023\/09\/12._Noguera_Florencia_10.jpg 1600w\" sizes=\"(max-width: 1024px) 100vw, 1024px\" \/><\/figure>\n\n\n\n<p>Proyecto Florencia Noguera\u00a0<\/p>\n\n\n\n<figure class=\"wp-block-image size-large\"><img decoding=\"async\" width=\"1024\" height=\"577\" src=\"https:\/\/fadeu.urantiacos.cl\/wp-content\/uploads\/2023\/09\/15._Vesperinas_Rodrigo_05-1024x577.jpg\" alt=\"\" class=\"wp-image-7554\" srcset=\"https:\/\/fadeu.urantiacos.cl\/wp-content\/uploads\/2023\/09\/15._Vesperinas_Rodrigo_05-1024x577.jpg 1024w, https:\/\/fadeu.urantiacos.cl\/wp-content\/uploads\/2023\/09\/15._Vesperinas_Rodrigo_05-300x169.jpg 300w, https:\/\/fadeu.urantiacos.cl\/wp-content\/uploads\/2023\/09\/15._Vesperinas_Rodrigo_05-768x432.jpg 768w, https:\/\/fadeu.urantiacos.cl\/wp-content\/uploads\/2023\/09\/15._Vesperinas_Rodrigo_05-1536x865.jpg 1536w, https:\/\/fadeu.urantiacos.cl\/wp-content\/uploads\/2023\/09\/15._Vesperinas_Rodrigo_05-2048x1153.jpg 2048w, https:\/\/fadeu.urantiacos.cl\/wp-content\/uploads\/2023\/09\/15._Vesperinas_Rodrigo_05-scaled.jpg 1600w\" sizes=\"(max-width: 1024px) 100vw, 1024px\" \/><\/figure>\n\n\n\n<p>Proyecto Rodrigo Vesperinas<\/p>\n\n\n\n<figure class=\"wp-block-image size-large\"><img decoding=\"async\" width=\"1024\" height=\"576\" src=\"https:\/\/fadeu.urantiacos.cl\/wp-content\/uploads\/2023\/09\/sasaa-1024x576.jpg\" alt=\"\" class=\"wp-image-7555\" srcset=\"https:\/\/fadeu.urantiacos.cl\/wp-content\/uploads\/2023\/09\/sasaa-1024x576.jpg 1024w, https:\/\/fadeu.urantiacos.cl\/wp-content\/uploads\/2023\/09\/sasaa-300x169.jpg 300w, https:\/\/fadeu.urantiacos.cl\/wp-content\/uploads\/2023\/09\/sasaa-768x432.jpg 768w, https:\/\/fadeu.urantiacos.cl\/wp-content\/uploads\/2023\/09\/sasaa-1536x864.jpg 1536w, https:\/\/fadeu.urantiacos.cl\/wp-content\/uploads\/2023\/09\/sasaa-2048x1152.jpg 2048w, https:\/\/fadeu.urantiacos.cl\/wp-content\/uploads\/2023\/09\/sasaa-scaled.jpg 1600w\" sizes=\"(max-width: 1024px) 100vw, 1024px\" \/><\/figure>\n\n\n\n<p>Proyecto Francisca Kassis&nbsp;<\/p>\n\n\n\n<p>Noticias<br>Contacto:&nbsp;<a href=\"mailto:redesarq@uc.cl\">redesarq@uc.cl<\/a>&nbsp;| +56 2 2354 7747<br>www.arquitectura.uc.cl<\/p>\n","protected":false},"excerpt":{"rendered":"<p>El material \u2014generado en el marco del Taller Optativo Irarr\u00e1zaval+Hevia\u2014, se exhibir\u00e1 en la secci\u00f3n Global Studios y ser\u00e1 parte del cat\u00e1logo impreso de la Bienal de Arquitectura y Urbanismo de Se\u00fal (SBAU 2021).<\/p>\n","protected":false},"author":1,"featured_media":7551,"comment_status":"open","ping_status":"open","sticky":false,"template":"","format":"standard","meta":{"_acf_changed":false,"footnotes":""},"categories":[1],"tags":[],"class_list":["post-7549","post","type-post","status-publish","format-standard","has-post-thumbnail","hentry","category-sin-categorizar"],"acf":[],"yoast_head":"<!-- This site is optimized with the Yoast SEO plugin v27.1.1 - https:\/\/yoast.com\/product\/yoast-seo-wordpress\/ -->\n<title>La Bienal de Se\u00fal exhibir\u00e1 proyectos de estudiantes ARQ UC - Facultad de Arquitectura, Dise\u00f1o y Estudios Urbanos<\/title>\n<meta name=\"description\" content=\"El material \u2014generado en el marco del Taller Optativo Irarr\u00e1zaval+Hevia\u2014, se exhibir\u00e1 en la secci\u00f3n Global Studios y ser\u00e1 parte del cat\u00e1logo impreso de la Bienal de Arquitectura y Urbanismo de Se\u00fal (SBAU 2021).\" \/>\n<meta name=\"robots\" content=\"index, follow, max-snippet:-1, max-image-preview:large, max-video-preview:-1\" \/>\n<link rel=\"canonical\" href=\"https:\/\/fadeu.urantiacos.cl\/en\/2021\/01\/20\/la-bienal-de-seul-exhibira-proyectos-de-estudiantes-arq-uc\/\" \/>\n<meta property=\"og:locale\" content=\"en_US\" \/>\n<meta property=\"og:type\" content=\"article\" \/>\n<meta property=\"og:title\" content=\"La Bienal de Se\u00fal exhibir\u00e1 proyectos de estudiantes ARQ UC - Facultad de Arquitectura, Dise\u00f1o y Estudios Urbanos\" \/>\n<meta property=\"og:description\" content=\"El material \u2014generado en el marco del Taller Optativo Irarr\u00e1zaval+Hevia\u2014, se exhibir\u00e1 en la secci\u00f3n Global Studios y ser\u00e1 parte del cat\u00e1logo impreso de la Bienal de Arquitectura y Urbanismo de Se\u00fal (SBAU 2021).\" \/>\n<meta property=\"og:url\" content=\"https:\/\/fadeu.urantiacos.cl\/en\/2021\/01\/20\/la-bienal-de-seul-exhibira-proyectos-de-estudiantes-arq-uc\/\" \/>\n<meta property=\"og:site_name\" content=\"Facultad de Arquitectura, Dise\u00f1o y Estudios Urbanos\" \/>\n<meta property=\"article:published_time\" content=\"2021-01-21T01:44:00+00:00\" \/>\n<meta property=\"article:modified_time\" content=\"2023-09-09T01:56:12+00:00\" \/>\n<meta property=\"og:image\" content=\"https:\/\/fadeu.urantiacos.cl\/wp-content\/uploads\/2023\/09\/GLS_0027_006web.jpg\" \/>\n\t<meta property=\"og:image:width\" content=\"350\" \/>\n\t<meta property=\"og:image:height\" content=\"250\" \/>\n\t<meta property=\"og:image:type\" content=\"image\/jpeg\" \/>\n<meta name=\"author\" content=\"manadmin\" \/>\n<meta name=\"twitter:card\" content=\"summary_large_image\" \/>\n<meta name=\"twitter:label1\" content=\"Written by\" \/>\n\t<meta name=\"twitter:data1\" content=\"manadmin\" \/>\n\t<meta name=\"twitter:label2\" content=\"Est. reading time\" \/>\n\t<meta name=\"twitter:data2\" content=\"1 minute\" \/>\n<script type=\"application\/ld+json\" class=\"yoast-schema-graph\">{\"@context\":\"https:\/\/schema.org\",\"@graph\":[{\"@type\":\"Article\",\"@id\":\"https:\/\/fadeu.urantiacos.cl\/en\/2021\/01\/20\/la-bienal-de-seul-exhibira-proyectos-de-estudiantes-arq-uc\/#article\",\"isPartOf\":{\"@id\":\"https:\/\/fadeu.urantiacos.cl\/en\/2021\/01\/20\/la-bienal-de-seul-exhibira-proyectos-de-estudiantes-arq-uc\/\"},\"author\":{\"name\":\"manadmin\",\"@id\":\"https:\/\/fadeu.urantiacos.cl\/en\/#\/schema\/person\/d203e2e84b1c40275eac77b3061a19a2\"},\"headline\":\"La Bienal de Se\u00fal exhibir\u00e1 proyectos de estudiantes ARQ UC\",\"datePublished\":\"2021-01-21T01:44:00+00:00\",\"dateModified\":\"2023-09-09T01:56:12+00:00\",\"mainEntityOfPage\":{\"@id\":\"https:\/\/fadeu.urantiacos.cl\/en\/2021\/01\/20\/la-bienal-de-seul-exhibira-proyectos-de-estudiantes-arq-uc\/\"},\"wordCount\":268,\"commentCount\":0,\"image\":{\"@id\":\"https:\/\/fadeu.urantiacos.cl\/en\/2021\/01\/20\/la-bienal-de-seul-exhibira-proyectos-de-estudiantes-arq-uc\/#primaryimage\"},\"thumbnailUrl\":\"https:\/\/fadeu.urantiacos.cl\/wp-content\/uploads\/2023\/09\/GLS_0027_006web.jpg\",\"articleSection\":[\"Sin categorizar\"],\"inLanguage\":\"en-US\",\"potentialAction\":[{\"@type\":\"CommentAction\",\"name\":\"Comment\",\"target\":[\"https:\/\/fadeu.urantiacos.cl\/en\/2021\/01\/20\/la-bienal-de-seul-exhibira-proyectos-de-estudiantes-arq-uc\/#respond\"]}]},{\"@type\":\"WebPage\",\"@id\":\"https:\/\/fadeu.urantiacos.cl\/en\/2021\/01\/20\/la-bienal-de-seul-exhibira-proyectos-de-estudiantes-arq-uc\/\",\"url\":\"https:\/\/fadeu.urantiacos.cl\/en\/2021\/01\/20\/la-bienal-de-seul-exhibira-proyectos-de-estudiantes-arq-uc\/\",\"name\":\"La Bienal de Se\u00fal exhibir\u00e1 proyectos de estudiantes ARQ UC - Facultad de Arquitectura, Dise\u00f1o y Estudios Urbanos\",\"isPartOf\":{\"@id\":\"https:\/\/fadeu.urantiacos.cl\/en\/#website\"},\"primaryImageOfPage\":{\"@id\":\"https:\/\/fadeu.urantiacos.cl\/en\/2021\/01\/20\/la-bienal-de-seul-exhibira-proyectos-de-estudiantes-arq-uc\/#primaryimage\"},\"image\":{\"@id\":\"https:\/\/fadeu.urantiacos.cl\/en\/2021\/01\/20\/la-bienal-de-seul-exhibira-proyectos-de-estudiantes-arq-uc\/#primaryimage\"},\"thumbnailUrl\":\"https:\/\/fadeu.urantiacos.cl\/wp-content\/uploads\/2023\/09\/GLS_0027_006web.jpg\",\"datePublished\":\"2021-01-21T01:44:00+00:00\",\"dateModified\":\"2023-09-09T01:56:12+00:00\",\"author\":{\"@id\":\"https:\/\/fadeu.urantiacos.cl\/en\/#\/schema\/person\/d203e2e84b1c40275eac77b3061a19a2\"},\"description\":\"El material \u2014generado en el marco del Taller Optativo Irarr\u00e1zaval+Hevia\u2014, se exhibir\u00e1 en la secci\u00f3n Global Studios y ser\u00e1 parte del cat\u00e1logo impreso de la Bienal de Arquitectura y Urbanismo de Se\u00fal (SBAU 2021).\",\"breadcrumb\":{\"@id\":\"https:\/\/fadeu.urantiacos.cl\/en\/2021\/01\/20\/la-bienal-de-seul-exhibira-proyectos-de-estudiantes-arq-uc\/#breadcrumb\"},\"inLanguage\":\"en-US\",\"potentialAction\":[{\"@type\":\"ReadAction\",\"target\":[\"https:\/\/fadeu.urantiacos.cl\/en\/2021\/01\/20\/la-bienal-de-seul-exhibira-proyectos-de-estudiantes-arq-uc\/\"]}]},{\"@type\":\"ImageObject\",\"inLanguage\":\"en-US\",\"@id\":\"https:\/\/fadeu.urantiacos.cl\/en\/2021\/01\/20\/la-bienal-de-seul-exhibira-proyectos-de-estudiantes-arq-uc\/#primaryimage\",\"url\":\"https:\/\/fadeu.urantiacos.cl\/wp-content\/uploads\/2023\/09\/GLS_0027_006web.jpg\",\"contentUrl\":\"https:\/\/fadeu.urantiacos.cl\/wp-content\/uploads\/2023\/09\/GLS_0027_006web.jpg\",\"width\":350,\"height\":250},{\"@type\":\"BreadcrumbList\",\"@id\":\"https:\/\/fadeu.urantiacos.cl\/en\/2021\/01\/20\/la-bienal-de-seul-exhibira-proyectos-de-estudiantes-arq-uc\/#breadcrumb\",\"itemListElement\":[{\"@type\":\"ListItem\",\"position\":1,\"name\":\"Portada\",\"item\":\"https:\/\/fadeu.urantiacos.cl\/en\/\"},{\"@type\":\"ListItem\",\"position\":2,\"name\":\"La Bienal de Se\u00fal exhibir\u00e1 proyectos de estudiantes ARQ UC\"}]},{\"@type\":\"WebSite\",\"@id\":\"https:\/\/fadeu.urantiacos.cl\/en\/#website\",\"url\":\"https:\/\/fadeu.urantiacos.cl\/en\/\",\"name\":\"Facultad de Arquitectura, Dise\u00f1o y Estudios Urbanos\",\"description\":\"Campus Lo Contador\",\"potentialAction\":[{\"@type\":\"SearchAction\",\"target\":{\"@type\":\"EntryPoint\",\"urlTemplate\":\"https:\/\/fadeu.urantiacos.cl\/en\/?s={search_term_string}\"},\"query-input\":{\"@type\":\"PropertyValueSpecification\",\"valueRequired\":true,\"valueName\":\"search_term_string\"}}],\"inLanguage\":\"en-US\"},{\"@type\":\"Person\",\"@id\":\"https:\/\/fadeu.urantiacos.cl\/en\/#\/schema\/person\/d203e2e84b1c40275eac77b3061a19a2\",\"name\":\"manadmin\",\"image\":{\"@type\":\"ImageObject\",\"inLanguage\":\"en-US\",\"@id\":\"https:\/\/fadeu.urantiacos.cl\/en\/#\/schema\/person\/image\/\",\"url\":\"https:\/\/secure.gravatar.com\/avatar\/4b1d8e3303b4a9d8968ac578947d8bc80d9aea359f388cdd4aac15cadc0e8447?s=96&d=mm&r=g\",\"contentUrl\":\"https:\/\/secure.gravatar.com\/avatar\/4b1d8e3303b4a9d8968ac578947d8bc80d9aea359f388cdd4aac15cadc0e8447?s=96&d=mm&r=g\",\"caption\":\"manadmin\"},\"sameAs\":[\"https:\/\/fadeu.urantiacos.cl\"]}]}<\/script>\n<!-- \/ Yoast SEO plugin. -->","yoast_head_json":{"title":"La Bienal de Se\u00fal exhibir\u00e1 proyectos de estudiantes ARQ UC - Facultad de Arquitectura, Dise\u00f1o y Estudios Urbanos","description":"El material \u2014generado en el marco del Taller Optativo Irarr\u00e1zaval+Hevia\u2014, se exhibir\u00e1 en la secci\u00f3n Global Studios y ser\u00e1 parte del cat\u00e1logo impreso de la Bienal de Arquitectura y Urbanismo de Se\u00fal (SBAU 2021).","robots":{"index":"index","follow":"follow","max-snippet":"max-snippet:-1","max-image-preview":"max-image-preview:large","max-video-preview":"max-video-preview:-1"},"canonical":"https:\/\/fadeu.urantiacos.cl\/en\/2021\/01\/20\/la-bienal-de-seul-exhibira-proyectos-de-estudiantes-arq-uc\/","og_locale":"en_US","og_type":"article","og_title":"La Bienal de Se\u00fal exhibir\u00e1 proyectos de estudiantes ARQ UC - Facultad de Arquitectura, Dise\u00f1o y Estudios Urbanos","og_description":"El material \u2014generado en el marco del Taller Optativo Irarr\u00e1zaval+Hevia\u2014, se exhibir\u00e1 en la secci\u00f3n Global Studios y ser\u00e1 parte del cat\u00e1logo impreso de la Bienal de Arquitectura y Urbanismo de Se\u00fal (SBAU 2021).","og_url":"https:\/\/fadeu.urantiacos.cl\/en\/2021\/01\/20\/la-bienal-de-seul-exhibira-proyectos-de-estudiantes-arq-uc\/","og_site_name":"Facultad de Arquitectura, Dise\u00f1o y Estudios Urbanos","article_published_time":"2021-01-21T01:44:00+00:00","article_modified_time":"2023-09-09T01:56:12+00:00","og_image":[{"width":350,"height":250,"url":"https:\/\/fadeu.urantiacos.cl\/wp-content\/uploads\/2023\/09\/GLS_0027_006web.jpg","type":"image\/jpeg"}],"author":"manadmin","twitter_card":"summary_large_image","twitter_misc":{"Written by":"manadmin","Est. reading time":"1 minute"},"schema":{"@context":"https:\/\/schema.org","@graph":[{"@type":"Article","@id":"https:\/\/fadeu.urantiacos.cl\/en\/2021\/01\/20\/la-bienal-de-seul-exhibira-proyectos-de-estudiantes-arq-uc\/#article","isPartOf":{"@id":"https:\/\/fadeu.urantiacos.cl\/en\/2021\/01\/20\/la-bienal-de-seul-exhibira-proyectos-de-estudiantes-arq-uc\/"},"author":{"name":"manadmin","@id":"https:\/\/fadeu.urantiacos.cl\/en\/#\/schema\/person\/d203e2e84b1c40275eac77b3061a19a2"},"headline":"La Bienal de Se\u00fal exhibir\u00e1 proyectos de estudiantes ARQ UC","datePublished":"2021-01-21T01:44:00+00:00","dateModified":"2023-09-09T01:56:12+00:00","mainEntityOfPage":{"@id":"https:\/\/fadeu.urantiacos.cl\/en\/2021\/01\/20\/la-bienal-de-seul-exhibira-proyectos-de-estudiantes-arq-uc\/"},"wordCount":268,"commentCount":0,"image":{"@id":"https:\/\/fadeu.urantiacos.cl\/en\/2021\/01\/20\/la-bienal-de-seul-exhibira-proyectos-de-estudiantes-arq-uc\/#primaryimage"},"thumbnailUrl":"https:\/\/fadeu.urantiacos.cl\/wp-content\/uploads\/2023\/09\/GLS_0027_006web.jpg","articleSection":["Sin categorizar"],"inLanguage":"en-US","potentialAction":[{"@type":"CommentAction","name":"Comment","target":["https:\/\/fadeu.urantiacos.cl\/en\/2021\/01\/20\/la-bienal-de-seul-exhibira-proyectos-de-estudiantes-arq-uc\/#respond"]}]},{"@type":"WebPage","@id":"https:\/\/fadeu.urantiacos.cl\/en\/2021\/01\/20\/la-bienal-de-seul-exhibira-proyectos-de-estudiantes-arq-uc\/","url":"https:\/\/fadeu.urantiacos.cl\/en\/2021\/01\/20\/la-bienal-de-seul-exhibira-proyectos-de-estudiantes-arq-uc\/","name":"La Bienal de Se\u00fal exhibir\u00e1 proyectos de estudiantes ARQ UC - Facultad de Arquitectura, Dise\u00f1o y Estudios Urbanos","isPartOf":{"@id":"https:\/\/fadeu.urantiacos.cl\/en\/#website"},"primaryImageOfPage":{"@id":"https:\/\/fadeu.urantiacos.cl\/en\/2021\/01\/20\/la-bienal-de-seul-exhibira-proyectos-de-estudiantes-arq-uc\/#primaryimage"},"image":{"@id":"https:\/\/fadeu.urantiacos.cl\/en\/2021\/01\/20\/la-bienal-de-seul-exhibira-proyectos-de-estudiantes-arq-uc\/#primaryimage"},"thumbnailUrl":"https:\/\/fadeu.urantiacos.cl\/wp-content\/uploads\/2023\/09\/GLS_0027_006web.jpg","datePublished":"2021-01-21T01:44:00+00:00","dateModified":"2023-09-09T01:56:12+00:00","author":{"@id":"https:\/\/fadeu.urantiacos.cl\/en\/#\/schema\/person\/d203e2e84b1c40275eac77b3061a19a2"},"description":"El material \u2014generado en el marco del Taller Optativo Irarr\u00e1zaval+Hevia\u2014, se exhibir\u00e1 en la secci\u00f3n Global Studios y ser\u00e1 parte del cat\u00e1logo impreso de la Bienal de Arquitectura y Urbanismo de Se\u00fal (SBAU 2021).","breadcrumb":{"@id":"https:\/\/fadeu.urantiacos.cl\/en\/2021\/01\/20\/la-bienal-de-seul-exhibira-proyectos-de-estudiantes-arq-uc\/#breadcrumb"},"inLanguage":"en-US","potentialAction":[{"@type":"ReadAction","target":["https:\/\/fadeu.urantiacos.cl\/en\/2021\/01\/20\/la-bienal-de-seul-exhibira-proyectos-de-estudiantes-arq-uc\/"]}]},{"@type":"ImageObject","inLanguage":"en-US","@id":"https:\/\/fadeu.urantiacos.cl\/en\/2021\/01\/20\/la-bienal-de-seul-exhibira-proyectos-de-estudiantes-arq-uc\/#primaryimage","url":"https:\/\/fadeu.urantiacos.cl\/wp-content\/uploads\/2023\/09\/GLS_0027_006web.jpg","contentUrl":"https:\/\/fadeu.urantiacos.cl\/wp-content\/uploads\/2023\/09\/GLS_0027_006web.jpg","width":350,"height":250},{"@type":"BreadcrumbList","@id":"https:\/\/fadeu.urantiacos.cl\/en\/2021\/01\/20\/la-bienal-de-seul-exhibira-proyectos-de-estudiantes-arq-uc\/#breadcrumb","itemListElement":[{"@type":"ListItem","position":1,"name":"Portada","item":"https:\/\/fadeu.urantiacos.cl\/en\/"},{"@type":"ListItem","position":2,"name":"La Bienal de Se\u00fal exhibir\u00e1 proyectos de estudiantes ARQ UC"}]},{"@type":"WebSite","@id":"https:\/\/fadeu.urantiacos.cl\/en\/#website","url":"https:\/\/fadeu.urantiacos.cl\/en\/","name":"Facultad de Arquitectura, Dise\u00f1o y Estudios Urbanos","description":"Campus Lo Contador","potentialAction":[{"@type":"SearchAction","target":{"@type":"EntryPoint","urlTemplate":"https:\/\/fadeu.urantiacos.cl\/en\/?s={search_term_string}"},"query-input":{"@type":"PropertyValueSpecification","valueRequired":true,"valueName":"search_term_string"}}],"inLanguage":"en-US"},{"@type":"Person","@id":"https:\/\/fadeu.urantiacos.cl\/en\/#\/schema\/person\/d203e2e84b1c40275eac77b3061a19a2","name":"manadmin","image":{"@type":"ImageObject","inLanguage":"en-US","@id":"https:\/\/fadeu.urantiacos.cl\/en\/#\/schema\/person\/image\/","url":"https:\/\/secure.gravatar.com\/avatar\/4b1d8e3303b4a9d8968ac578947d8bc80d9aea359f388cdd4aac15cadc0e8447?s=96&d=mm&r=g","contentUrl":"https:\/\/secure.gravatar.com\/avatar\/4b1d8e3303b4a9d8968ac578947d8bc80d9aea359f388cdd4aac15cadc0e8447?s=96&d=mm&r=g","caption":"manadmin"},"sameAs":["https:\/\/fadeu.urantiacos.cl"]}]}},"_links":{"self":[{"href":"https:\/\/fadeu.urantiacos.cl\/en\/wp-json\/wp\/v2\/posts\/7549","targetHints":{"allow":["GET"]}}],"collection":[{"href":"https:\/\/fadeu.urantiacos.cl\/en\/wp-json\/wp\/v2\/posts"}],"about":[{"href":"https:\/\/fadeu.urantiacos.cl\/en\/wp-json\/wp\/v2\/types\/post"}],"author":[{"embeddable":true,"href":"https:\/\/fadeu.urantiacos.cl\/en\/wp-json\/wp\/v2\/users\/1"}],"replies":[{"embeddable":true,"href":"https:\/\/fadeu.urantiacos.cl\/en\/wp-json\/wp\/v2\/comments?post=7549"}],"version-history":[{"count":1,"href":"https:\/\/fadeu.urantiacos.cl\/en\/wp-json\/wp\/v2\/posts\/7549\/revisions"}],"predecessor-version":[{"id":7556,"href":"https:\/\/fadeu.urantiacos.cl\/en\/wp-json\/wp\/v2\/posts\/7549\/revisions\/7556"}],"wp:featuredmedia":[{"embeddable":true,"href":"https:\/\/fadeu.urantiacos.cl\/en\/wp-json\/wp\/v2\/media\/7551"}],"wp:attachment":[{"href":"https:\/\/fadeu.urantiacos.cl\/en\/wp-json\/wp\/v2\/media?parent=7549"}],"wp:term":[{"taxonomy":"category","embeddable":true,"href":"https:\/\/fadeu.urantiacos.cl\/en\/wp-json\/wp\/v2\/categories?post=7549"},{"taxonomy":"post_tag","embeddable":true,"href":"https:\/\/fadeu.urantiacos.cl\/en\/wp-json\/wp\/v2\/tags?post=7549"}],"curies":[{"name":"wp","href":"https:\/\/api.w.org\/{rel}","templated":true}]}}