{"id":7542,"date":"2021-01-20T22:40:00","date_gmt":"2021-01-21T01:40:00","guid":{"rendered":"https:\/\/fadeu.urantiacos.cl\/?p=7542"},"modified":"2023-09-08T22:42:33","modified_gmt":"2023-09-09T01:42:33","slug":"academicos-as-responsables-de-proyecto-anid-del-ieut-se-reunen-con-colaboradores-internacionales","status":"publish","type":"post","link":"https:\/\/fadeu.urantiacos.cl\/en\/2021\/01\/20\/academicos-as-responsables-de-proyecto-anid-del-ieut-se-reunen-con-colaboradores-internacionales\/","title":{"rendered":"Acad\u00e9micos\/as responsables de Proyecto ANID del IEUT se re\u00fanen con colaboradores internacionales"},"content":{"rendered":"\n<figure class=\"wp-block-image size-full\"><img decoding=\"async\" width=\"350\" height=\"250\" src=\"https:\/\/fadeu.urantiacos.cl\/wp-content\/uploads\/2023\/09\/Reunion-colaboradores-internacionales_WEB.jpg\" alt=\"\" class=\"wp-image-7544\" srcset=\"https:\/\/fadeu.urantiacos.cl\/wp-content\/uploads\/2023\/09\/Reunion-colaboradores-internacionales_WEB.jpg 350w, https:\/\/fadeu.urantiacos.cl\/wp-content\/uploads\/2023\/09\/Reunion-colaboradores-internacionales_WEB-300x214.jpg 300w\" sizes=\"(max-width: 350px) 100vw, 350px\" \/><\/figure>\n\n\n\n<p>Lo anterior, en el marco del proyecto ANID COVID0584&nbsp;\u00abVivienda, barrio y ciudad en el control de epidemias: consideraciones sociales y urbanas para la formulaci\u00f3n de pol\u00edticas p\u00fablicas de aislamiento y de distanciamiento social en Chile\u201d,&nbsp;que dirigen los profesores e investigadores Macarena Ibarra, Felipe Link, Mar\u00eda Luisa M\u00e9ndez, Javier Ruiz Tagle y Christi\u00e1n Matus; y el doctorando Felipe Valenzuela.<\/p>\n\n\n\n<p>La instancia se plante\u00f3 como un taller de discusi\u00f3n de resultados de la investigaci\u00f3n entre el equipo del IEUT y los colaboradores internacionales del proyecto. El equipo UC present\u00f3 algunos resultados preliminares provenientes del trabajo desarrollado entre agosto y diciembre de 2020.<\/p>\n\n\n\n<p>Por su parte, los colaboradores internacionales realizaron comentarios sobre la metodolog\u00eda y la interpretaci\u00f3n de los resultados, lo que permite orientar el desarrollo de las siguientes etapas de la investigaci\u00f3n y la posterior elaboraci\u00f3n de publicaciones.<\/p>\n\n\n\n<p><strong>Proyecto<\/strong><\/p>\n\n\n\n<p>El proyecto plantea que las medidas de cuarentenas obligatorias y distanciamiento social no han considerado la importancia de aspectos sociales y urbanos en diferentes escalas (vivienda, barrio, ciudad), que dan cuenta de las particularidades de los territorios y que, en parte, explican las respuestas de la ciudadan\u00eda ante tales resoluciones. La implementaci\u00f3n del aislamiento y del distanciamiento social dependen, en gran medida, de la estructura de contactos de los diferentes grupos socioculturales y de las capacidades y servicios de cada territorio (empleo, educaci\u00f3n, abastecimiento y cuidado).<\/p>\n\n\n\n<p>Se propone analizar estos factores territoriales para proponerlos como insumos claves en la formulaci\u00f3n de pol\u00edticas p\u00fablicas para el control del Covid-19, generando tres productos: 1) Identificaci\u00f3n de factores socio-urbanos que estas pol\u00edticas deben considerar; 2) Evaluaci\u00f3n y proyecci\u00f3n de las pol\u00edticas nacionales, a partir del registro comparado de experiencias internacionales (Nueva Zelanda y Sud\u00e1frica); y 3) Lineamientos para la difusi\u00f3n y educaci\u00f3n de medidas de prevenci\u00f3n, considerando los contextos locales y la participaci\u00f3n social. Se trata de una propuesta interdisciplinaria que reconoce la importancia del Estado y el valor de la comunidad para contribuir oportunamente en estas pol\u00edticas hacia el bien com\u00fan.<\/p>\n\n\n\n<p>INFORMACI\u00d3N PERIOD\u00cdSTICA<br>JUAN ANDR\u00c9S INZUNZA<\/p>\n","protected":false},"excerpt":{"rendered":"<p>Nicholas Long (profesor e investigador del Departamento de Antropolog\u00eda de la London School of Economics, Reino Unido), y Tom Baker, profesor e investigador de la Escuela de Medioambiente de la University of Auckland, Nueva Zelanda) son los colaboradores internacionales que se reunieron esta semana con los acad\u00e9micos\/as del Instituto de Estudios Urbanos y Territoriales de la Universidad Cat\u00f3lica.<\/p>\n","protected":false},"author":1,"featured_media":7544,"comment_status":"open","ping_status":"open","sticky":false,"template":"","format":"standard","meta":{"_acf_changed":false,"footnotes":""},"categories":[1],"tags":[],"class_list":["post-7542","post","type-post","status-publish","format-standard","has-post-thumbnail","hentry","category-sin-categorizar"],"acf":[],"yoast_head":"<!-- This site is optimized with the Yoast SEO plugin v27.1.1 - https:\/\/yoast.com\/product\/yoast-seo-wordpress\/ -->\n<title>Acad\u00e9micos\/as responsables de Proyecto ANID del IEUT se re\u00fanen con colaboradores internacionales - Facultad de Arquitectura, Dise\u00f1o y Estudios Urbanos<\/title>\n<meta name=\"description\" content=\"Nicholas Long (profesor e investigador del Departamento de Antropolog\u00eda de la London School of Economics, Reino Unido), y Tom Baker, profesor e investigador de la Escuela de Medioambiente de la University of Auckland, Nueva Zelanda) son los colaboradores internacionales que se reunieron esta semana con los acad\u00e9micos\/as del Instituto de Estudios Urbanos y Territoriales de la Universidad Cat\u00f3lica.\" \/>\n<meta name=\"robots\" content=\"index, follow, max-snippet:-1, max-image-preview:large, max-video-preview:-1\" \/>\n<link rel=\"canonical\" href=\"https:\/\/fadeu.urantiacos.cl\/en\/2021\/01\/20\/academicos-as-responsables-de-proyecto-anid-del-ieut-se-reunen-con-colaboradores-internacionales\/\" \/>\n<meta property=\"og:locale\" content=\"en_US\" \/>\n<meta property=\"og:type\" content=\"article\" \/>\n<meta property=\"og:title\" content=\"Acad\u00e9micos\/as responsables de Proyecto ANID del IEUT se re\u00fanen con colaboradores internacionales - Facultad de Arquitectura, Dise\u00f1o y Estudios Urbanos\" \/>\n<meta property=\"og:description\" content=\"Nicholas Long (profesor e investigador del Departamento de Antropolog\u00eda de la London School of Economics, Reino Unido), y Tom Baker, profesor e investigador de la Escuela de Medioambiente de la University of Auckland, Nueva Zelanda) son los colaboradores internacionales que se reunieron esta semana con los acad\u00e9micos\/as del Instituto de Estudios Urbanos y Territoriales de la Universidad Cat\u00f3lica.\" \/>\n<meta property=\"og:url\" content=\"https:\/\/fadeu.urantiacos.cl\/en\/2021\/01\/20\/academicos-as-responsables-de-proyecto-anid-del-ieut-se-reunen-con-colaboradores-internacionales\/\" \/>\n<meta property=\"og:site_name\" content=\"Facultad de Arquitectura, Dise\u00f1o y Estudios Urbanos\" \/>\n<meta property=\"article:published_time\" content=\"2021-01-21T01:40:00+00:00\" \/>\n<meta property=\"article:modified_time\" content=\"2023-09-09T01:42:33+00:00\" \/>\n<meta property=\"og:image\" content=\"https:\/\/fadeu.urantiacos.cl\/wp-content\/uploads\/2023\/09\/Reunion-colaboradores-internacionales_WEB.jpg\" \/>\n\t<meta property=\"og:image:width\" content=\"350\" \/>\n\t<meta property=\"og:image:height\" content=\"250\" \/>\n\t<meta property=\"og:image:type\" content=\"image\/jpeg\" \/>\n<meta name=\"author\" content=\"manadmin\" \/>\n<meta name=\"twitter:card\" content=\"summary_large_image\" \/>\n<meta name=\"twitter:label1\" content=\"Written by\" \/>\n\t<meta name=\"twitter:data1\" content=\"manadmin\" \/>\n\t<meta name=\"twitter:label2\" content=\"Est. reading time\" \/>\n\t<meta name=\"twitter:data2\" content=\"2 minutes\" \/>\n<script type=\"application\/ld+json\" class=\"yoast-schema-graph\">{\"@context\":\"https:\/\/schema.org\",\"@graph\":[{\"@type\":\"Article\",\"@id\":\"https:\/\/fadeu.urantiacos.cl\/en\/2021\/01\/20\/academicos-as-responsables-de-proyecto-anid-del-ieut-se-reunen-con-colaboradores-internacionales\/#article\",\"isPartOf\":{\"@id\":\"https:\/\/fadeu.urantiacos.cl\/en\/2021\/01\/20\/academicos-as-responsables-de-proyecto-anid-del-ieut-se-reunen-con-colaboradores-internacionales\/\"},\"author\":{\"name\":\"manadmin\",\"@id\":\"https:\/\/fadeu.urantiacos.cl\/en\/#\/schema\/person\/d203e2e84b1c40275eac77b3061a19a2\"},\"headline\":\"Acad\u00e9micos\/as responsables de Proyecto ANID del IEUT se re\u00fanen con colaboradores internacionales\",\"datePublished\":\"2021-01-21T01:40:00+00:00\",\"dateModified\":\"2023-09-09T01:42:33+00:00\",\"mainEntityOfPage\":{\"@id\":\"https:\/\/fadeu.urantiacos.cl\/en\/2021\/01\/20\/academicos-as-responsables-de-proyecto-anid-del-ieut-se-reunen-con-colaboradores-internacionales\/\"},\"wordCount\":378,\"commentCount\":0,\"image\":{\"@id\":\"https:\/\/fadeu.urantiacos.cl\/en\/2021\/01\/20\/academicos-as-responsables-de-proyecto-anid-del-ieut-se-reunen-con-colaboradores-internacionales\/#primaryimage\"},\"thumbnailUrl\":\"https:\/\/fadeu.urantiacos.cl\/wp-content\/uploads\/2023\/09\/Reunion-colaboradores-internacionales_WEB.jpg\",\"articleSection\":[\"Sin categorizar\"],\"inLanguage\":\"en-US\",\"potentialAction\":[{\"@type\":\"CommentAction\",\"name\":\"Comment\",\"target\":[\"https:\/\/fadeu.urantiacos.cl\/en\/2021\/01\/20\/academicos-as-responsables-de-proyecto-anid-del-ieut-se-reunen-con-colaboradores-internacionales\/#respond\"]}]},{\"@type\":\"WebPage\",\"@id\":\"https:\/\/fadeu.urantiacos.cl\/en\/2021\/01\/20\/academicos-as-responsables-de-proyecto-anid-del-ieut-se-reunen-con-colaboradores-internacionales\/\",\"url\":\"https:\/\/fadeu.urantiacos.cl\/en\/2021\/01\/20\/academicos-as-responsables-de-proyecto-anid-del-ieut-se-reunen-con-colaboradores-internacionales\/\",\"name\":\"Acad\u00e9micos\/as responsables de Proyecto ANID del IEUT se re\u00fanen con colaboradores internacionales - Facultad de Arquitectura, Dise\u00f1o y Estudios Urbanos\",\"isPartOf\":{\"@id\":\"https:\/\/fadeu.urantiacos.cl\/en\/#website\"},\"primaryImageOfPage\":{\"@id\":\"https:\/\/fadeu.urantiacos.cl\/en\/2021\/01\/20\/academicos-as-responsables-de-proyecto-anid-del-ieut-se-reunen-con-colaboradores-internacionales\/#primaryimage\"},\"image\":{\"@id\":\"https:\/\/fadeu.urantiacos.cl\/en\/2021\/01\/20\/academicos-as-responsables-de-proyecto-anid-del-ieut-se-reunen-con-colaboradores-internacionales\/#primaryimage\"},\"thumbnailUrl\":\"https:\/\/fadeu.urantiacos.cl\/wp-content\/uploads\/2023\/09\/Reunion-colaboradores-internacionales_WEB.jpg\",\"datePublished\":\"2021-01-21T01:40:00+00:00\",\"dateModified\":\"2023-09-09T01:42:33+00:00\",\"author\":{\"@id\":\"https:\/\/fadeu.urantiacos.cl\/en\/#\/schema\/person\/d203e2e84b1c40275eac77b3061a19a2\"},\"description\":\"Nicholas Long (profesor e investigador del Departamento de Antropolog\u00eda de la London School of Economics, Reino Unido), y Tom Baker, profesor e investigador de la Escuela de Medioambiente de la University of Auckland, Nueva Zelanda) son los colaboradores internacionales que se reunieron esta semana con los acad\u00e9micos\/as del Instituto de Estudios Urbanos y Territoriales de la Universidad Cat\u00f3lica.\",\"breadcrumb\":{\"@id\":\"https:\/\/fadeu.urantiacos.cl\/en\/2021\/01\/20\/academicos-as-responsables-de-proyecto-anid-del-ieut-se-reunen-con-colaboradores-internacionales\/#breadcrumb\"},\"inLanguage\":\"en-US\",\"potentialAction\":[{\"@type\":\"ReadAction\",\"target\":[\"https:\/\/fadeu.urantiacos.cl\/en\/2021\/01\/20\/academicos-as-responsables-de-proyecto-anid-del-ieut-se-reunen-con-colaboradores-internacionales\/\"]}]},{\"@type\":\"ImageObject\",\"inLanguage\":\"en-US\",\"@id\":\"https:\/\/fadeu.urantiacos.cl\/en\/2021\/01\/20\/academicos-as-responsables-de-proyecto-anid-del-ieut-se-reunen-con-colaboradores-internacionales\/#primaryimage\",\"url\":\"https:\/\/fadeu.urantiacos.cl\/wp-content\/uploads\/2023\/09\/Reunion-colaboradores-internacionales_WEB.jpg\",\"contentUrl\":\"https:\/\/fadeu.urantiacos.cl\/wp-content\/uploads\/2023\/09\/Reunion-colaboradores-internacionales_WEB.jpg\",\"width\":350,\"height\":250},{\"@type\":\"BreadcrumbList\",\"@id\":\"https:\/\/fadeu.urantiacos.cl\/en\/2021\/01\/20\/academicos-as-responsables-de-proyecto-anid-del-ieut-se-reunen-con-colaboradores-internacionales\/#breadcrumb\",\"itemListElement\":[{\"@type\":\"ListItem\",\"position\":1,\"name\":\"Portada\",\"item\":\"https:\/\/fadeu.urantiacos.cl\/en\/\"},{\"@type\":\"ListItem\",\"position\":2,\"name\":\"Acad\u00e9micos\/as responsables de Proyecto ANID del IEUT se re\u00fanen con colaboradores internacionales\"}]},{\"@type\":\"WebSite\",\"@id\":\"https:\/\/fadeu.urantiacos.cl\/en\/#website\",\"url\":\"https:\/\/fadeu.urantiacos.cl\/en\/\",\"name\":\"Facultad de Arquitectura, Dise\u00f1o y Estudios Urbanos\",\"description\":\"Campus Lo Contador\",\"potentialAction\":[{\"@type\":\"SearchAction\",\"target\":{\"@type\":\"EntryPoint\",\"urlTemplate\":\"https:\/\/fadeu.urantiacos.cl\/en\/?s={search_term_string}\"},\"query-input\":{\"@type\":\"PropertyValueSpecification\",\"valueRequired\":true,\"valueName\":\"search_term_string\"}}],\"inLanguage\":\"en-US\"},{\"@type\":\"Person\",\"@id\":\"https:\/\/fadeu.urantiacos.cl\/en\/#\/schema\/person\/d203e2e84b1c40275eac77b3061a19a2\",\"name\":\"manadmin\",\"image\":{\"@type\":\"ImageObject\",\"inLanguage\":\"en-US\",\"@id\":\"https:\/\/fadeu.urantiacos.cl\/en\/#\/schema\/person\/image\/\",\"url\":\"https:\/\/secure.gravatar.com\/avatar\/4b1d8e3303b4a9d8968ac578947d8bc80d9aea359f388cdd4aac15cadc0e8447?s=96&d=mm&r=g\",\"contentUrl\":\"https:\/\/secure.gravatar.com\/avatar\/4b1d8e3303b4a9d8968ac578947d8bc80d9aea359f388cdd4aac15cadc0e8447?s=96&d=mm&r=g\",\"caption\":\"manadmin\"},\"sameAs\":[\"https:\/\/fadeu.urantiacos.cl\"]}]}<\/script>\n<!-- \/ Yoast SEO plugin. -->","yoast_head_json":{"title":"Acad\u00e9micos\/as responsables de Proyecto ANID del IEUT se re\u00fanen con colaboradores internacionales - Facultad de Arquitectura, Dise\u00f1o y Estudios Urbanos","description":"Nicholas Long (profesor e investigador del Departamento de Antropolog\u00eda de la London School of Economics, Reino Unido), y Tom Baker, profesor e investigador de la Escuela de Medioambiente de la University of Auckland, Nueva Zelanda) son los colaboradores internacionales que se reunieron esta semana con los acad\u00e9micos\/as del Instituto de Estudios Urbanos y Territoriales de la Universidad Cat\u00f3lica.","robots":{"index":"index","follow":"follow","max-snippet":"max-snippet:-1","max-image-preview":"max-image-preview:large","max-video-preview":"max-video-preview:-1"},"canonical":"https:\/\/fadeu.urantiacos.cl\/en\/2021\/01\/20\/academicos-as-responsables-de-proyecto-anid-del-ieut-se-reunen-con-colaboradores-internacionales\/","og_locale":"en_US","og_type":"article","og_title":"Acad\u00e9micos\/as responsables de Proyecto ANID del IEUT se re\u00fanen con colaboradores internacionales - Facultad de Arquitectura, Dise\u00f1o y Estudios Urbanos","og_description":"Nicholas Long (profesor e investigador del Departamento de Antropolog\u00eda de la London School of Economics, Reino Unido), y Tom Baker, profesor e investigador de la Escuela de Medioambiente de la University of Auckland, Nueva Zelanda) son los colaboradores internacionales que se reunieron esta semana con los acad\u00e9micos\/as del Instituto de Estudios Urbanos y Territoriales de la Universidad Cat\u00f3lica.","og_url":"https:\/\/fadeu.urantiacos.cl\/en\/2021\/01\/20\/academicos-as-responsables-de-proyecto-anid-del-ieut-se-reunen-con-colaboradores-internacionales\/","og_site_name":"Facultad de Arquitectura, Dise\u00f1o y Estudios Urbanos","article_published_time":"2021-01-21T01:40:00+00:00","article_modified_time":"2023-09-09T01:42:33+00:00","og_image":[{"width":350,"height":250,"url":"https:\/\/fadeu.urantiacos.cl\/wp-content\/uploads\/2023\/09\/Reunion-colaboradores-internacionales_WEB.jpg","type":"image\/jpeg"}],"author":"manadmin","twitter_card":"summary_large_image","twitter_misc":{"Written by":"manadmin","Est. reading time":"2 minutes"},"schema":{"@context":"https:\/\/schema.org","@graph":[{"@type":"Article","@id":"https:\/\/fadeu.urantiacos.cl\/en\/2021\/01\/20\/academicos-as-responsables-de-proyecto-anid-del-ieut-se-reunen-con-colaboradores-internacionales\/#article","isPartOf":{"@id":"https:\/\/fadeu.urantiacos.cl\/en\/2021\/01\/20\/academicos-as-responsables-de-proyecto-anid-del-ieut-se-reunen-con-colaboradores-internacionales\/"},"author":{"name":"manadmin","@id":"https:\/\/fadeu.urantiacos.cl\/en\/#\/schema\/person\/d203e2e84b1c40275eac77b3061a19a2"},"headline":"Acad\u00e9micos\/as responsables de Proyecto ANID del IEUT se re\u00fanen con colaboradores internacionales","datePublished":"2021-01-21T01:40:00+00:00","dateModified":"2023-09-09T01:42:33+00:00","mainEntityOfPage":{"@id":"https:\/\/fadeu.urantiacos.cl\/en\/2021\/01\/20\/academicos-as-responsables-de-proyecto-anid-del-ieut-se-reunen-con-colaboradores-internacionales\/"},"wordCount":378,"commentCount":0,"image":{"@id":"https:\/\/fadeu.urantiacos.cl\/en\/2021\/01\/20\/academicos-as-responsables-de-proyecto-anid-del-ieut-se-reunen-con-colaboradores-internacionales\/#primaryimage"},"thumbnailUrl":"https:\/\/fadeu.urantiacos.cl\/wp-content\/uploads\/2023\/09\/Reunion-colaboradores-internacionales_WEB.jpg","articleSection":["Sin categorizar"],"inLanguage":"en-US","potentialAction":[{"@type":"CommentAction","name":"Comment","target":["https:\/\/fadeu.urantiacos.cl\/en\/2021\/01\/20\/academicos-as-responsables-de-proyecto-anid-del-ieut-se-reunen-con-colaboradores-internacionales\/#respond"]}]},{"@type":"WebPage","@id":"https:\/\/fadeu.urantiacos.cl\/en\/2021\/01\/20\/academicos-as-responsables-de-proyecto-anid-del-ieut-se-reunen-con-colaboradores-internacionales\/","url":"https:\/\/fadeu.urantiacos.cl\/en\/2021\/01\/20\/academicos-as-responsables-de-proyecto-anid-del-ieut-se-reunen-con-colaboradores-internacionales\/","name":"Acad\u00e9micos\/as responsables de Proyecto ANID del IEUT se re\u00fanen con colaboradores internacionales - Facultad de Arquitectura, Dise\u00f1o y Estudios Urbanos","isPartOf":{"@id":"https:\/\/fadeu.urantiacos.cl\/en\/#website"},"primaryImageOfPage":{"@id":"https:\/\/fadeu.urantiacos.cl\/en\/2021\/01\/20\/academicos-as-responsables-de-proyecto-anid-del-ieut-se-reunen-con-colaboradores-internacionales\/#primaryimage"},"image":{"@id":"https:\/\/fadeu.urantiacos.cl\/en\/2021\/01\/20\/academicos-as-responsables-de-proyecto-anid-del-ieut-se-reunen-con-colaboradores-internacionales\/#primaryimage"},"thumbnailUrl":"https:\/\/fadeu.urantiacos.cl\/wp-content\/uploads\/2023\/09\/Reunion-colaboradores-internacionales_WEB.jpg","datePublished":"2021-01-21T01:40:00+00:00","dateModified":"2023-09-09T01:42:33+00:00","author":{"@id":"https:\/\/fadeu.urantiacos.cl\/en\/#\/schema\/person\/d203e2e84b1c40275eac77b3061a19a2"},"description":"Nicholas Long (profesor e investigador del Departamento de Antropolog\u00eda de la London School of Economics, Reino Unido), y Tom Baker, profesor e investigador de la Escuela de Medioambiente de la University of Auckland, Nueva Zelanda) son los colaboradores internacionales que se reunieron esta semana con los acad\u00e9micos\/as del Instituto de Estudios Urbanos y Territoriales de la Universidad Cat\u00f3lica.","breadcrumb":{"@id":"https:\/\/fadeu.urantiacos.cl\/en\/2021\/01\/20\/academicos-as-responsables-de-proyecto-anid-del-ieut-se-reunen-con-colaboradores-internacionales\/#breadcrumb"},"inLanguage":"en-US","potentialAction":[{"@type":"ReadAction","target":["https:\/\/fadeu.urantiacos.cl\/en\/2021\/01\/20\/academicos-as-responsables-de-proyecto-anid-del-ieut-se-reunen-con-colaboradores-internacionales\/"]}]},{"@type":"ImageObject","inLanguage":"en-US","@id":"https:\/\/fadeu.urantiacos.cl\/en\/2021\/01\/20\/academicos-as-responsables-de-proyecto-anid-del-ieut-se-reunen-con-colaboradores-internacionales\/#primaryimage","url":"https:\/\/fadeu.urantiacos.cl\/wp-content\/uploads\/2023\/09\/Reunion-colaboradores-internacionales_WEB.jpg","contentUrl":"https:\/\/fadeu.urantiacos.cl\/wp-content\/uploads\/2023\/09\/Reunion-colaboradores-internacionales_WEB.jpg","width":350,"height":250},{"@type":"BreadcrumbList","@id":"https:\/\/fadeu.urantiacos.cl\/en\/2021\/01\/20\/academicos-as-responsables-de-proyecto-anid-del-ieut-se-reunen-con-colaboradores-internacionales\/#breadcrumb","itemListElement":[{"@type":"ListItem","position":1,"name":"Portada","item":"https:\/\/fadeu.urantiacos.cl\/en\/"},{"@type":"ListItem","position":2,"name":"Acad\u00e9micos\/as responsables de Proyecto ANID del IEUT se re\u00fanen con colaboradores internacionales"}]},{"@type":"WebSite","@id":"https:\/\/fadeu.urantiacos.cl\/en\/#website","url":"https:\/\/fadeu.urantiacos.cl\/en\/","name":"Facultad de Arquitectura, Dise\u00f1o y Estudios Urbanos","description":"Campus Lo Contador","potentialAction":[{"@type":"SearchAction","target":{"@type":"EntryPoint","urlTemplate":"https:\/\/fadeu.urantiacos.cl\/en\/?s={search_term_string}"},"query-input":{"@type":"PropertyValueSpecification","valueRequired":true,"valueName":"search_term_string"}}],"inLanguage":"en-US"},{"@type":"Person","@id":"https:\/\/fadeu.urantiacos.cl\/en\/#\/schema\/person\/d203e2e84b1c40275eac77b3061a19a2","name":"manadmin","image":{"@type":"ImageObject","inLanguage":"en-US","@id":"https:\/\/fadeu.urantiacos.cl\/en\/#\/schema\/person\/image\/","url":"https:\/\/secure.gravatar.com\/avatar\/4b1d8e3303b4a9d8968ac578947d8bc80d9aea359f388cdd4aac15cadc0e8447?s=96&d=mm&r=g","contentUrl":"https:\/\/secure.gravatar.com\/avatar\/4b1d8e3303b4a9d8968ac578947d8bc80d9aea359f388cdd4aac15cadc0e8447?s=96&d=mm&r=g","caption":"manadmin"},"sameAs":["https:\/\/fadeu.urantiacos.cl"]}]}},"_links":{"self":[{"href":"https:\/\/fadeu.urantiacos.cl\/en\/wp-json\/wp\/v2\/posts\/7542","targetHints":{"allow":["GET"]}}],"collection":[{"href":"https:\/\/fadeu.urantiacos.cl\/en\/wp-json\/wp\/v2\/posts"}],"about":[{"href":"https:\/\/fadeu.urantiacos.cl\/en\/wp-json\/wp\/v2\/types\/post"}],"author":[{"embeddable":true,"href":"https:\/\/fadeu.urantiacos.cl\/en\/wp-json\/wp\/v2\/users\/1"}],"replies":[{"embeddable":true,"href":"https:\/\/fadeu.urantiacos.cl\/en\/wp-json\/wp\/v2\/comments?post=7542"}],"version-history":[{"count":1,"href":"https:\/\/fadeu.urantiacos.cl\/en\/wp-json\/wp\/v2\/posts\/7542\/revisions"}],"predecessor-version":[{"id":7545,"href":"https:\/\/fadeu.urantiacos.cl\/en\/wp-json\/wp\/v2\/posts\/7542\/revisions\/7545"}],"wp:featuredmedia":[{"embeddable":true,"href":"https:\/\/fadeu.urantiacos.cl\/en\/wp-json\/wp\/v2\/media\/7544"}],"wp:attachment":[{"href":"https:\/\/fadeu.urantiacos.cl\/en\/wp-json\/wp\/v2\/media?parent=7542"}],"wp:term":[{"taxonomy":"category","embeddable":true,"href":"https:\/\/fadeu.urantiacos.cl\/en\/wp-json\/wp\/v2\/categories?post=7542"},{"taxonomy":"post_tag","embeddable":true,"href":"https:\/\/fadeu.urantiacos.cl\/en\/wp-json\/wp\/v2\/tags?post=7542"}],"curies":[{"name":"wp","href":"https:\/\/api.w.org\/{rel}","templated":true}]}}