{"id":7530,"date":"2021-01-22T22:34:00","date_gmt":"2021-01-23T01:34:00","guid":{"rendered":"https:\/\/fadeu.urantiacos.cl\/?p=7530"},"modified":"2023-09-08T22:36:16","modified_gmt":"2023-09-09T01:36:16","slug":"danilo-martic-dictara-un-taller-en-el-gsd-harvard","status":"publish","type":"post","link":"https:\/\/fadeu.urantiacos.cl\/en\/2021\/01\/22\/danilo-martic-dictara-un-taller-en-el-gsd-harvard\/","title":{"rendered":"Danilo Martic dictar\u00e1 un taller en el GSD Harvard"},"content":{"rendered":"\n<figure class=\"wp-block-image size-full\"><img decoding=\"async\" width=\"350\" height=\"250\" src=\"https:\/\/fadeu.urantiacos.cl\/wp-content\/uploads\/2023\/09\/Martic_Danilo_5722_web.jpg\" alt=\"\" class=\"wp-image-7531\" srcset=\"https:\/\/fadeu.urantiacos.cl\/wp-content\/uploads\/2023\/09\/Martic_Danilo_5722_web.jpg 350w, https:\/\/fadeu.urantiacos.cl\/wp-content\/uploads\/2023\/09\/Martic_Danilo_5722_web-300x214.jpg 300w\" sizes=\"(max-width: 350px) 100vw, 350px\" \/><\/figure>\n\n\n\n<p>El taller o \u2018studio\u2019 abordar\u00e1 temas de paisaje, centr\u00e1ndose en desarrollar habilidades y sensibilidades creativas respecto al dise\u00f1o de proyectos en condiciones urbanas alteradas. A trav\u00e9s del dise\u00f1o formal, se desarrollar\u00e1n proyectos de arquitectura paisaj\u00edstica para sitios urbanos afectados por actividades extractivas, sitios que han sufrido transformaciones topogr\u00e1ficas y que, en consecuencia, han deteriorado la ciudad que los envuelve.<\/p>\n\n\n\n<p>En ese sentido, el curso entiende que \u201cla ciudad construida ha dejado una profunda cicatriz en alg\u00fan lugar cercano; un espacio negativo, un vac\u00edo equivalente a la extensi\u00f3n y las proporciones de la ciudad, su materialidad y su forma, invisible para la mayor\u00eda de quienes lo habitan y que desconocen las din\u00e1micas que han moldeado el terreno. Inmersos en el tejido urbano de Santiago hay una serie de sitios que han sido alterados por actividades extractivas, como minas de grava, areneros de gran escala y minas de cobre de peque\u00f1a escala que permanecen disociados de la ciudad. Estos paisajes en constante cambio generan un impacto en la superficie de la tierra comparable al de un cr\u00e1ter y, sin embargo, todav\u00eda no sabemos qu\u00e9 hacer con ellos una vez finalizada su vida productiva\u201d (extracto de la descripci\u00f3n del curso, extra\u00edda de&nbsp;<a href=\"https:\/\/www.gsd.harvard.edu\/course\/landscapes-of-the-void-urban-projects-on-residual-topographies-spring-2021\/\" target=\"_blank\" rel=\"noreferrer noopener\">GSD Harvard<\/a>)<\/p>\n\n\n\n<p>Ver el perfil del profesor en GSD en el siguiente&nbsp;<a href=\"https:\/\/www.gsd.harvard.edu\/person\/danilo-martic-vukasovic\/\" target=\"_blank\" rel=\"noreferrer noopener\">link<\/a>&nbsp;NoticiasContacto:&nbsp;<a href=\"mailto:redesarq@uc.cl\">redesarq@uc.cl<\/a>&nbsp;| +56 2 2354 7747<br>www.arquitectura.uc.cl<\/p>\n","protected":false},"excerpt":{"rendered":"<p>El profesor ARQ UC fue invitado a dictar el curso \u201cLandscapes of the Void: Urban Projects on Residual Topographies\u201d en el Graduate School of Design (GSD) de Harvard University durante este semestre de primavera del hemisferio norte.<\/p>\n","protected":false},"author":1,"featured_media":7531,"comment_status":"open","ping_status":"open","sticky":false,"template":"","format":"standard","meta":{"_acf_changed":false,"footnotes":""},"categories":[1],"tags":[],"class_list":["post-7530","post","type-post","status-publish","format-standard","has-post-thumbnail","hentry","category-sin-categorizar"],"acf":[],"yoast_head":"<!-- This site is optimized with the Yoast SEO plugin v27.1.1 - https:\/\/yoast.com\/product\/yoast-seo-wordpress\/ -->\n<title>Danilo Martic dictar\u00e1 un taller en el GSD Harvard - Facultad de Arquitectura, Dise\u00f1o y Estudios Urbanos<\/title>\n<meta name=\"description\" content=\"El profesor ARQ UC fue invitado a dictar el curso \u201cLandscapes of the Void: Urban Projects on Residual Topographies\u201d en el Graduate School of Design (GSD) de Harvard University durante este semestre de primavera del hemisferio norte.\" \/>\n<meta name=\"robots\" content=\"index, follow, max-snippet:-1, max-image-preview:large, max-video-preview:-1\" \/>\n<link rel=\"canonical\" href=\"https:\/\/fadeu.urantiacos.cl\/en\/2021\/01\/22\/danilo-martic-dictara-un-taller-en-el-gsd-harvard\/\" \/>\n<meta property=\"og:locale\" content=\"en_US\" \/>\n<meta property=\"og:type\" content=\"article\" \/>\n<meta property=\"og:title\" content=\"Danilo Martic dictar\u00e1 un taller en el GSD Harvard - Facultad de Arquitectura, Dise\u00f1o y Estudios Urbanos\" \/>\n<meta property=\"og:description\" content=\"El profesor ARQ UC fue invitado a dictar el curso \u201cLandscapes of the Void: Urban Projects on Residual Topographies\u201d en el Graduate School of Design (GSD) de Harvard University durante este semestre de primavera del hemisferio norte.\" \/>\n<meta property=\"og:url\" content=\"https:\/\/fadeu.urantiacos.cl\/en\/2021\/01\/22\/danilo-martic-dictara-un-taller-en-el-gsd-harvard\/\" \/>\n<meta property=\"og:site_name\" content=\"Facultad de Arquitectura, Dise\u00f1o y Estudios Urbanos\" \/>\n<meta property=\"article:published_time\" content=\"2021-01-23T01:34:00+00:00\" \/>\n<meta property=\"article:modified_time\" content=\"2023-09-09T01:36:16+00:00\" \/>\n<meta property=\"og:image\" content=\"https:\/\/fadeu.urantiacos.cl\/wp-content\/uploads\/2023\/09\/Martic_Danilo_5722_web.jpg\" \/>\n\t<meta property=\"og:image:width\" content=\"350\" \/>\n\t<meta property=\"og:image:height\" content=\"250\" \/>\n\t<meta property=\"og:image:type\" content=\"image\/jpeg\" \/>\n<meta name=\"author\" content=\"manadmin\" \/>\n<meta name=\"twitter:card\" content=\"summary_large_image\" \/>\n<meta name=\"twitter:label1\" content=\"Written by\" \/>\n\t<meta name=\"twitter:data1\" content=\"manadmin\" \/>\n\t<meta name=\"twitter:label2\" content=\"Est. reading time\" \/>\n\t<meta name=\"twitter:data2\" content=\"1 minute\" \/>\n<script type=\"application\/ld+json\" class=\"yoast-schema-graph\">{\"@context\":\"https:\/\/schema.org\",\"@graph\":[{\"@type\":\"Article\",\"@id\":\"https:\/\/fadeu.urantiacos.cl\/en\/2021\/01\/22\/danilo-martic-dictara-un-taller-en-el-gsd-harvard\/#article\",\"isPartOf\":{\"@id\":\"https:\/\/fadeu.urantiacos.cl\/en\/2021\/01\/22\/danilo-martic-dictara-un-taller-en-el-gsd-harvard\/\"},\"author\":{\"name\":\"manadmin\",\"@id\":\"https:\/\/fadeu.urantiacos.cl\/en\/#\/schema\/person\/d203e2e84b1c40275eac77b3061a19a2\"},\"headline\":\"Danilo Martic dictar\u00e1 un taller en el GSD Harvard\",\"datePublished\":\"2021-01-23T01:34:00+00:00\",\"dateModified\":\"2023-09-09T01:36:16+00:00\",\"mainEntityOfPage\":{\"@id\":\"https:\/\/fadeu.urantiacos.cl\/en\/2021\/01\/22\/danilo-martic-dictara-un-taller-en-el-gsd-harvard\/\"},\"wordCount\":251,\"commentCount\":0,\"image\":{\"@id\":\"https:\/\/fadeu.urantiacos.cl\/en\/2021\/01\/22\/danilo-martic-dictara-un-taller-en-el-gsd-harvard\/#primaryimage\"},\"thumbnailUrl\":\"https:\/\/fadeu.urantiacos.cl\/wp-content\/uploads\/2023\/09\/Martic_Danilo_5722_web.jpg\",\"articleSection\":[\"Sin categorizar\"],\"inLanguage\":\"en-US\",\"potentialAction\":[{\"@type\":\"CommentAction\",\"name\":\"Comment\",\"target\":[\"https:\/\/fadeu.urantiacos.cl\/en\/2021\/01\/22\/danilo-martic-dictara-un-taller-en-el-gsd-harvard\/#respond\"]}]},{\"@type\":\"WebPage\",\"@id\":\"https:\/\/fadeu.urantiacos.cl\/en\/2021\/01\/22\/danilo-martic-dictara-un-taller-en-el-gsd-harvard\/\",\"url\":\"https:\/\/fadeu.urantiacos.cl\/en\/2021\/01\/22\/danilo-martic-dictara-un-taller-en-el-gsd-harvard\/\",\"name\":\"Danilo Martic dictar\u00e1 un taller en el GSD Harvard - Facultad de Arquitectura, Dise\u00f1o y Estudios Urbanos\",\"isPartOf\":{\"@id\":\"https:\/\/fadeu.urantiacos.cl\/en\/#website\"},\"primaryImageOfPage\":{\"@id\":\"https:\/\/fadeu.urantiacos.cl\/en\/2021\/01\/22\/danilo-martic-dictara-un-taller-en-el-gsd-harvard\/#primaryimage\"},\"image\":{\"@id\":\"https:\/\/fadeu.urantiacos.cl\/en\/2021\/01\/22\/danilo-martic-dictara-un-taller-en-el-gsd-harvard\/#primaryimage\"},\"thumbnailUrl\":\"https:\/\/fadeu.urantiacos.cl\/wp-content\/uploads\/2023\/09\/Martic_Danilo_5722_web.jpg\",\"datePublished\":\"2021-01-23T01:34:00+00:00\",\"dateModified\":\"2023-09-09T01:36:16+00:00\",\"author\":{\"@id\":\"https:\/\/fadeu.urantiacos.cl\/en\/#\/schema\/person\/d203e2e84b1c40275eac77b3061a19a2\"},\"description\":\"El profesor ARQ UC fue invitado a dictar el curso \u201cLandscapes of the Void: Urban Projects on Residual Topographies\u201d en el Graduate School of Design (GSD) de Harvard University durante este semestre de primavera del hemisferio norte.\",\"breadcrumb\":{\"@id\":\"https:\/\/fadeu.urantiacos.cl\/en\/2021\/01\/22\/danilo-martic-dictara-un-taller-en-el-gsd-harvard\/#breadcrumb\"},\"inLanguage\":\"en-US\",\"potentialAction\":[{\"@type\":\"ReadAction\",\"target\":[\"https:\/\/fadeu.urantiacos.cl\/en\/2021\/01\/22\/danilo-martic-dictara-un-taller-en-el-gsd-harvard\/\"]}]},{\"@type\":\"ImageObject\",\"inLanguage\":\"en-US\",\"@id\":\"https:\/\/fadeu.urantiacos.cl\/en\/2021\/01\/22\/danilo-martic-dictara-un-taller-en-el-gsd-harvard\/#primaryimage\",\"url\":\"https:\/\/fadeu.urantiacos.cl\/wp-content\/uploads\/2023\/09\/Martic_Danilo_5722_web.jpg\",\"contentUrl\":\"https:\/\/fadeu.urantiacos.cl\/wp-content\/uploads\/2023\/09\/Martic_Danilo_5722_web.jpg\",\"width\":350,\"height\":250},{\"@type\":\"BreadcrumbList\",\"@id\":\"https:\/\/fadeu.urantiacos.cl\/en\/2021\/01\/22\/danilo-martic-dictara-un-taller-en-el-gsd-harvard\/#breadcrumb\",\"itemListElement\":[{\"@type\":\"ListItem\",\"position\":1,\"name\":\"Portada\",\"item\":\"https:\/\/fadeu.urantiacos.cl\/en\/\"},{\"@type\":\"ListItem\",\"position\":2,\"name\":\"Danilo Martic dictar\u00e1 un taller en el GSD Harvard\"}]},{\"@type\":\"WebSite\",\"@id\":\"https:\/\/fadeu.urantiacos.cl\/en\/#website\",\"url\":\"https:\/\/fadeu.urantiacos.cl\/en\/\",\"name\":\"Facultad de Arquitectura, Dise\u00f1o y Estudios Urbanos\",\"description\":\"Campus Lo Contador\",\"potentialAction\":[{\"@type\":\"SearchAction\",\"target\":{\"@type\":\"EntryPoint\",\"urlTemplate\":\"https:\/\/fadeu.urantiacos.cl\/en\/?s={search_term_string}\"},\"query-input\":{\"@type\":\"PropertyValueSpecification\",\"valueRequired\":true,\"valueName\":\"search_term_string\"}}],\"inLanguage\":\"en-US\"},{\"@type\":\"Person\",\"@id\":\"https:\/\/fadeu.urantiacos.cl\/en\/#\/schema\/person\/d203e2e84b1c40275eac77b3061a19a2\",\"name\":\"manadmin\",\"image\":{\"@type\":\"ImageObject\",\"inLanguage\":\"en-US\",\"@id\":\"https:\/\/fadeu.urantiacos.cl\/en\/#\/schema\/person\/image\/\",\"url\":\"https:\/\/secure.gravatar.com\/avatar\/4b1d8e3303b4a9d8968ac578947d8bc80d9aea359f388cdd4aac15cadc0e8447?s=96&d=mm&r=g\",\"contentUrl\":\"https:\/\/secure.gravatar.com\/avatar\/4b1d8e3303b4a9d8968ac578947d8bc80d9aea359f388cdd4aac15cadc0e8447?s=96&d=mm&r=g\",\"caption\":\"manadmin\"},\"sameAs\":[\"https:\/\/fadeu.urantiacos.cl\"]}]}<\/script>\n<!-- \/ Yoast SEO plugin. -->","yoast_head_json":{"title":"Danilo Martic dictar\u00e1 un taller en el GSD Harvard - Facultad de Arquitectura, Dise\u00f1o y Estudios Urbanos","description":"El profesor ARQ UC fue invitado a dictar el curso \u201cLandscapes of the Void: Urban Projects on Residual Topographies\u201d en el Graduate School of Design (GSD) de Harvard University durante este semestre de primavera del hemisferio norte.","robots":{"index":"index","follow":"follow","max-snippet":"max-snippet:-1","max-image-preview":"max-image-preview:large","max-video-preview":"max-video-preview:-1"},"canonical":"https:\/\/fadeu.urantiacos.cl\/en\/2021\/01\/22\/danilo-martic-dictara-un-taller-en-el-gsd-harvard\/","og_locale":"en_US","og_type":"article","og_title":"Danilo Martic dictar\u00e1 un taller en el GSD Harvard - Facultad de Arquitectura, Dise\u00f1o y Estudios Urbanos","og_description":"El profesor ARQ UC fue invitado a dictar el curso \u201cLandscapes of the Void: Urban Projects on Residual Topographies\u201d en el Graduate School of Design (GSD) de Harvard University durante este semestre de primavera del hemisferio norte.","og_url":"https:\/\/fadeu.urantiacos.cl\/en\/2021\/01\/22\/danilo-martic-dictara-un-taller-en-el-gsd-harvard\/","og_site_name":"Facultad de Arquitectura, Dise\u00f1o y Estudios Urbanos","article_published_time":"2021-01-23T01:34:00+00:00","article_modified_time":"2023-09-09T01:36:16+00:00","og_image":[{"width":350,"height":250,"url":"https:\/\/fadeu.urantiacos.cl\/wp-content\/uploads\/2023\/09\/Martic_Danilo_5722_web.jpg","type":"image\/jpeg"}],"author":"manadmin","twitter_card":"summary_large_image","twitter_misc":{"Written by":"manadmin","Est. reading time":"1 minute"},"schema":{"@context":"https:\/\/schema.org","@graph":[{"@type":"Article","@id":"https:\/\/fadeu.urantiacos.cl\/en\/2021\/01\/22\/danilo-martic-dictara-un-taller-en-el-gsd-harvard\/#article","isPartOf":{"@id":"https:\/\/fadeu.urantiacos.cl\/en\/2021\/01\/22\/danilo-martic-dictara-un-taller-en-el-gsd-harvard\/"},"author":{"name":"manadmin","@id":"https:\/\/fadeu.urantiacos.cl\/en\/#\/schema\/person\/d203e2e84b1c40275eac77b3061a19a2"},"headline":"Danilo Martic dictar\u00e1 un taller en el GSD Harvard","datePublished":"2021-01-23T01:34:00+00:00","dateModified":"2023-09-09T01:36:16+00:00","mainEntityOfPage":{"@id":"https:\/\/fadeu.urantiacos.cl\/en\/2021\/01\/22\/danilo-martic-dictara-un-taller-en-el-gsd-harvard\/"},"wordCount":251,"commentCount":0,"image":{"@id":"https:\/\/fadeu.urantiacos.cl\/en\/2021\/01\/22\/danilo-martic-dictara-un-taller-en-el-gsd-harvard\/#primaryimage"},"thumbnailUrl":"https:\/\/fadeu.urantiacos.cl\/wp-content\/uploads\/2023\/09\/Martic_Danilo_5722_web.jpg","articleSection":["Sin categorizar"],"inLanguage":"en-US","potentialAction":[{"@type":"CommentAction","name":"Comment","target":["https:\/\/fadeu.urantiacos.cl\/en\/2021\/01\/22\/danilo-martic-dictara-un-taller-en-el-gsd-harvard\/#respond"]}]},{"@type":"WebPage","@id":"https:\/\/fadeu.urantiacos.cl\/en\/2021\/01\/22\/danilo-martic-dictara-un-taller-en-el-gsd-harvard\/","url":"https:\/\/fadeu.urantiacos.cl\/en\/2021\/01\/22\/danilo-martic-dictara-un-taller-en-el-gsd-harvard\/","name":"Danilo Martic dictar\u00e1 un taller en el GSD Harvard - Facultad de Arquitectura, Dise\u00f1o y Estudios Urbanos","isPartOf":{"@id":"https:\/\/fadeu.urantiacos.cl\/en\/#website"},"primaryImageOfPage":{"@id":"https:\/\/fadeu.urantiacos.cl\/en\/2021\/01\/22\/danilo-martic-dictara-un-taller-en-el-gsd-harvard\/#primaryimage"},"image":{"@id":"https:\/\/fadeu.urantiacos.cl\/en\/2021\/01\/22\/danilo-martic-dictara-un-taller-en-el-gsd-harvard\/#primaryimage"},"thumbnailUrl":"https:\/\/fadeu.urantiacos.cl\/wp-content\/uploads\/2023\/09\/Martic_Danilo_5722_web.jpg","datePublished":"2021-01-23T01:34:00+00:00","dateModified":"2023-09-09T01:36:16+00:00","author":{"@id":"https:\/\/fadeu.urantiacos.cl\/en\/#\/schema\/person\/d203e2e84b1c40275eac77b3061a19a2"},"description":"El profesor ARQ UC fue invitado a dictar el curso \u201cLandscapes of the Void: Urban Projects on Residual Topographies\u201d en el Graduate School of Design (GSD) de Harvard University durante este semestre de primavera del hemisferio norte.","breadcrumb":{"@id":"https:\/\/fadeu.urantiacos.cl\/en\/2021\/01\/22\/danilo-martic-dictara-un-taller-en-el-gsd-harvard\/#breadcrumb"},"inLanguage":"en-US","potentialAction":[{"@type":"ReadAction","target":["https:\/\/fadeu.urantiacos.cl\/en\/2021\/01\/22\/danilo-martic-dictara-un-taller-en-el-gsd-harvard\/"]}]},{"@type":"ImageObject","inLanguage":"en-US","@id":"https:\/\/fadeu.urantiacos.cl\/en\/2021\/01\/22\/danilo-martic-dictara-un-taller-en-el-gsd-harvard\/#primaryimage","url":"https:\/\/fadeu.urantiacos.cl\/wp-content\/uploads\/2023\/09\/Martic_Danilo_5722_web.jpg","contentUrl":"https:\/\/fadeu.urantiacos.cl\/wp-content\/uploads\/2023\/09\/Martic_Danilo_5722_web.jpg","width":350,"height":250},{"@type":"BreadcrumbList","@id":"https:\/\/fadeu.urantiacos.cl\/en\/2021\/01\/22\/danilo-martic-dictara-un-taller-en-el-gsd-harvard\/#breadcrumb","itemListElement":[{"@type":"ListItem","position":1,"name":"Portada","item":"https:\/\/fadeu.urantiacos.cl\/en\/"},{"@type":"ListItem","position":2,"name":"Danilo Martic dictar\u00e1 un taller en el GSD Harvard"}]},{"@type":"WebSite","@id":"https:\/\/fadeu.urantiacos.cl\/en\/#website","url":"https:\/\/fadeu.urantiacos.cl\/en\/","name":"Facultad de Arquitectura, Dise\u00f1o y Estudios Urbanos","description":"Campus Lo Contador","potentialAction":[{"@type":"SearchAction","target":{"@type":"EntryPoint","urlTemplate":"https:\/\/fadeu.urantiacos.cl\/en\/?s={search_term_string}"},"query-input":{"@type":"PropertyValueSpecification","valueRequired":true,"valueName":"search_term_string"}}],"inLanguage":"en-US"},{"@type":"Person","@id":"https:\/\/fadeu.urantiacos.cl\/en\/#\/schema\/person\/d203e2e84b1c40275eac77b3061a19a2","name":"manadmin","image":{"@type":"ImageObject","inLanguage":"en-US","@id":"https:\/\/fadeu.urantiacos.cl\/en\/#\/schema\/person\/image\/","url":"https:\/\/secure.gravatar.com\/avatar\/4b1d8e3303b4a9d8968ac578947d8bc80d9aea359f388cdd4aac15cadc0e8447?s=96&d=mm&r=g","contentUrl":"https:\/\/secure.gravatar.com\/avatar\/4b1d8e3303b4a9d8968ac578947d8bc80d9aea359f388cdd4aac15cadc0e8447?s=96&d=mm&r=g","caption":"manadmin"},"sameAs":["https:\/\/fadeu.urantiacos.cl"]}]}},"_links":{"self":[{"href":"https:\/\/fadeu.urantiacos.cl\/en\/wp-json\/wp\/v2\/posts\/7530","targetHints":{"allow":["GET"]}}],"collection":[{"href":"https:\/\/fadeu.urantiacos.cl\/en\/wp-json\/wp\/v2\/posts"}],"about":[{"href":"https:\/\/fadeu.urantiacos.cl\/en\/wp-json\/wp\/v2\/types\/post"}],"author":[{"embeddable":true,"href":"https:\/\/fadeu.urantiacos.cl\/en\/wp-json\/wp\/v2\/users\/1"}],"replies":[{"embeddable":true,"href":"https:\/\/fadeu.urantiacos.cl\/en\/wp-json\/wp\/v2\/comments?post=7530"}],"version-history":[{"count":1,"href":"https:\/\/fadeu.urantiacos.cl\/en\/wp-json\/wp\/v2\/posts\/7530\/revisions"}],"predecessor-version":[{"id":7532,"href":"https:\/\/fadeu.urantiacos.cl\/en\/wp-json\/wp\/v2\/posts\/7530\/revisions\/7532"}],"wp:featuredmedia":[{"embeddable":true,"href":"https:\/\/fadeu.urantiacos.cl\/en\/wp-json\/wp\/v2\/media\/7531"}],"wp:attachment":[{"href":"https:\/\/fadeu.urantiacos.cl\/en\/wp-json\/wp\/v2\/media?parent=7530"}],"wp:term":[{"taxonomy":"category","embeddable":true,"href":"https:\/\/fadeu.urantiacos.cl\/en\/wp-json\/wp\/v2\/categories?post=7530"},{"taxonomy":"post_tag","embeddable":true,"href":"https:\/\/fadeu.urantiacos.cl\/en\/wp-json\/wp\/v2\/tags?post=7530"}],"curies":[{"name":"wp","href":"https:\/\/api.w.org\/{rel}","templated":true}]}}