{"id":7512,"date":"2021-01-26T22:21:00","date_gmt":"2021-01-27T01:21:00","guid":{"rendered":"https:\/\/fadeu.urantiacos.cl\/?p=7512"},"modified":"2023-09-08T22:23:14","modified_gmt":"2023-09-09T01:23:14","slug":"martin-tironi-se-adjudica-fondecyt-regular-2021","status":"publish","type":"post","link":"https:\/\/fadeu.urantiacos.cl\/en\/2021\/01\/26\/martin-tironi-se-adjudica-fondecyt-regular-2021\/","title":{"rendered":"Mart\u00edn Tironi se adjudica FONDECYT Regular 2021"},"content":{"rendered":"\n<figure class=\"wp-block-image size-full\"><img decoding=\"async\" width=\"350\" height=\"250\" src=\"https:\/\/fadeu.urantiacos.cl\/wp-content\/uploads\/2023\/09\/MARTIN_TIRONI_WEB_FONDECYT.jpg\" alt=\"\" class=\"wp-image-7513\" srcset=\"https:\/\/fadeu.urantiacos.cl\/wp-content\/uploads\/2023\/09\/MARTIN_TIRONI_WEB_FONDECYT.jpg 350w, https:\/\/fadeu.urantiacos.cl\/wp-content\/uploads\/2023\/09\/MARTIN_TIRONI_WEB_FONDECYT-300x214.jpg 300w\" sizes=\"(max-width: 350px) 100vw, 350px\" \/><\/figure>\n\n\n\n<p>El proyecto tiene por objetivo general comprender los dise\u00f1os, imaginarios y pol\u00edticas que configuran los futuros tecnol\u00f3gicos asociados al desarrollo de la IA y la predicci\u00f3n algor\u00edtmica en Chile.<\/p>\n\n\n\n<p>\u201cEl proyecto se sit\u00faa en el entrecruce de enfoques de la antropolog\u00eda del dise\u00f1o que enfatizan el an\u00e1lisis de las capacidades ontol\u00f3gicas y pol\u00edticas del dise\u00f1o para especular y proyectar futuros alternativos, y las recientes investigaciones interdisciplinarias que abordan c\u00f3mo la IA y sistemas algor\u00edtmicos calculan y predicen los futuros, y las consecuencias sociales de los futuros de la IA\u201d, explica el acad\u00e9mico Mart\u00edn Tironi.<\/p>\n\n\n\n<p>El estudio propone abordar los diferentes reg\u00edmenes de futuro que son promovidos y dise\u00f1ados en torno al desarrollo de la Inteligencia artificial en Chile, con el fin de contrastar diferentes l\u00f3gicas e imaginarios en los modos en que se dise\u00f1an y significan los futuros dominados por la IA, as\u00ed como los propios futuros que se intentan predecir mediante el uso de sistemas algor\u00edtmicos inteligentes.<\/p>\n\n\n\n<p>\u201cRecientemente las t\u00e9cnicas para \u2018capitalizar\u2019 y \u2018empaquetar\u2019 futuros por parte de diferentes actores est\u00e1n siendo objeto de investigaci\u00f3n, y sugieren la necesidad de comprender cr\u00edticamente el rol de los dispositivos (visualizaciones, prototipos, modelos, diagramas, maquetas, bocetos) para representar y vender futuros. En este mercado de \u201cfuturos\u201d, el rol que juega la IA es determinante, ya que se plantea que estos sistemas inteligentes tienen la capacidad para computar todos los posibles futuros y preparar acciones en el presente en orden de neutralizar los riesgos, pero a la vez tienden reducir la apertura y variedad de las posibilidades de futuros alternativos\u201d, concluye Tironi.<\/p>\n\n\n\n<p><strong>Fondecyt Regular<\/strong><\/p>\n\n\n\n<p>El Fondecyt Regular es un fondo ANID que busca estimular y promover el desarrollo de investigaci\u00f3n cient\u00edfica y tecnol\u00f3gica b\u00e1sica, y es el principal fondo de este tipo en el pa\u00eds<\/p>\n\n\n\n<p>De un total nacional de 590 proyectos adjudicados en Fondecyt Regular 2021, 107 de ellos son liderados por expertos UC. Siendo&nbsp;<a href=\"https:\/\/twitter.com\/ucatolica\">@ucatolica<\/a>&nbsp;la instituci\u00f3n con m\u00e1s proyectos en esta convocatoria.<\/p>\n\n\n\n<p>INFORMACI\u00d3N PERIOD\u00cdSTICA<br>ESCUELA DE DISE\u00d1O UC<\/p>\n","protected":false},"excerpt":{"rendered":"<p>El acad\u00e9mico Mart\u00edn Tironi se adjudica el Proyecto Fondecyt Regular 2021, con el proyecto titulado \u201cDise\u00f1o de futuros en la era de la inteligencia artificial y la predicci\u00f3n algor\u00edtmica: problematizando la construcci\u00f3n de futuros tecnol\u00f3gicos en el contexto chileno\u201d. Como Co-Investigadores del proyecto est\u00e1n los acad\u00e9micos de Dise\u00f1o, Manuela Garret\u00f3n y Pablo Hermansen.<\/p>\n","protected":false},"author":1,"featured_media":7513,"comment_status":"open","ping_status":"open","sticky":false,"template":"","format":"standard","meta":{"_acf_changed":false,"footnotes":""},"categories":[1],"tags":[],"class_list":["post-7512","post","type-post","status-publish","format-standard","has-post-thumbnail","hentry","category-sin-categorizar"],"acf":[],"yoast_head":"<!-- This site is optimized with the Yoast SEO plugin v27.1.1 - https:\/\/yoast.com\/product\/yoast-seo-wordpress\/ -->\n<title>Mart\u00edn Tironi se adjudica FONDECYT Regular 2021 - Facultad de Arquitectura, Dise\u00f1o y Estudios Urbanos<\/title>\n<meta name=\"description\" content=\"El acad\u00e9mico Mart\u00edn Tironi se adjudica el Proyecto Fondecyt Regular 2021, con el proyecto titulado \u201cDise\u00f1o de futuros en la era de la inteligencia artificial y la predicci\u00f3n algor\u00edtmica: problematizando la construcci\u00f3n de futuros tecnol\u00f3gicos en el contexto chileno\u201d. Como Co-Investigadores del proyecto est\u00e1n los acad\u00e9micos de Dise\u00f1o, Manuela Garret\u00f3n y Pablo Hermansen.\" \/>\n<meta name=\"robots\" content=\"index, follow, max-snippet:-1, max-image-preview:large, max-video-preview:-1\" \/>\n<link rel=\"canonical\" href=\"https:\/\/fadeu.urantiacos.cl\/en\/2021\/01\/26\/martin-tironi-se-adjudica-fondecyt-regular-2021\/\" \/>\n<meta property=\"og:locale\" content=\"en_US\" \/>\n<meta property=\"og:type\" content=\"article\" \/>\n<meta property=\"og:title\" content=\"Mart\u00edn Tironi se adjudica FONDECYT Regular 2021 - Facultad de Arquitectura, Dise\u00f1o y Estudios Urbanos\" \/>\n<meta property=\"og:description\" content=\"El acad\u00e9mico Mart\u00edn Tironi se adjudica el Proyecto Fondecyt Regular 2021, con el proyecto titulado \u201cDise\u00f1o de futuros en la era de la inteligencia artificial y la predicci\u00f3n algor\u00edtmica: problematizando la construcci\u00f3n de futuros tecnol\u00f3gicos en el contexto chileno\u201d. Como Co-Investigadores del proyecto est\u00e1n los acad\u00e9micos de Dise\u00f1o, Manuela Garret\u00f3n y Pablo Hermansen.\" \/>\n<meta property=\"og:url\" content=\"https:\/\/fadeu.urantiacos.cl\/en\/2021\/01\/26\/martin-tironi-se-adjudica-fondecyt-regular-2021\/\" \/>\n<meta property=\"og:site_name\" content=\"Facultad de Arquitectura, Dise\u00f1o y Estudios Urbanos\" \/>\n<meta property=\"article:published_time\" content=\"2021-01-27T01:21:00+00:00\" \/>\n<meta property=\"article:modified_time\" content=\"2023-09-09T01:23:14+00:00\" \/>\n<meta property=\"og:image\" content=\"https:\/\/fadeu.urantiacos.cl\/wp-content\/uploads\/2023\/09\/MARTIN_TIRONI_WEB_FONDECYT.jpg\" \/>\n\t<meta property=\"og:image:width\" content=\"350\" \/>\n\t<meta property=\"og:image:height\" content=\"250\" \/>\n\t<meta property=\"og:image:type\" content=\"image\/jpeg\" \/>\n<meta name=\"author\" content=\"manadmin\" \/>\n<meta name=\"twitter:card\" content=\"summary_large_image\" \/>\n<meta name=\"twitter:label1\" content=\"Written by\" \/>\n\t<meta name=\"twitter:data1\" content=\"manadmin\" \/>\n\t<meta name=\"twitter:label2\" content=\"Est. reading time\" \/>\n\t<meta name=\"twitter:data2\" content=\"2 minutes\" \/>\n<script type=\"application\/ld+json\" class=\"yoast-schema-graph\">{\"@context\":\"https:\/\/schema.org\",\"@graph\":[{\"@type\":\"Article\",\"@id\":\"https:\/\/fadeu.urantiacos.cl\/en\/2021\/01\/26\/martin-tironi-se-adjudica-fondecyt-regular-2021\/#article\",\"isPartOf\":{\"@id\":\"https:\/\/fadeu.urantiacos.cl\/en\/2021\/01\/26\/martin-tironi-se-adjudica-fondecyt-regular-2021\/\"},\"author\":{\"name\":\"manadmin\",\"@id\":\"https:\/\/fadeu.urantiacos.cl\/en\/#\/schema\/person\/d203e2e84b1c40275eac77b3061a19a2\"},\"headline\":\"Mart\u00edn Tironi se adjudica FONDECYT Regular 2021\",\"datePublished\":\"2021-01-27T01:21:00+00:00\",\"dateModified\":\"2023-09-09T01:23:14+00:00\",\"mainEntityOfPage\":{\"@id\":\"https:\/\/fadeu.urantiacos.cl\/en\/2021\/01\/26\/martin-tironi-se-adjudica-fondecyt-regular-2021\/\"},\"wordCount\":368,\"commentCount\":0,\"image\":{\"@id\":\"https:\/\/fadeu.urantiacos.cl\/en\/2021\/01\/26\/martin-tironi-se-adjudica-fondecyt-regular-2021\/#primaryimage\"},\"thumbnailUrl\":\"https:\/\/fadeu.urantiacos.cl\/wp-content\/uploads\/2023\/09\/MARTIN_TIRONI_WEB_FONDECYT.jpg\",\"articleSection\":[\"Sin categorizar\"],\"inLanguage\":\"en-US\",\"potentialAction\":[{\"@type\":\"CommentAction\",\"name\":\"Comment\",\"target\":[\"https:\/\/fadeu.urantiacos.cl\/en\/2021\/01\/26\/martin-tironi-se-adjudica-fondecyt-regular-2021\/#respond\"]}]},{\"@type\":\"WebPage\",\"@id\":\"https:\/\/fadeu.urantiacos.cl\/en\/2021\/01\/26\/martin-tironi-se-adjudica-fondecyt-regular-2021\/\",\"url\":\"https:\/\/fadeu.urantiacos.cl\/en\/2021\/01\/26\/martin-tironi-se-adjudica-fondecyt-regular-2021\/\",\"name\":\"Mart\u00edn Tironi se adjudica FONDECYT Regular 2021 - Facultad de Arquitectura, Dise\u00f1o y Estudios Urbanos\",\"isPartOf\":{\"@id\":\"https:\/\/fadeu.urantiacos.cl\/en\/#website\"},\"primaryImageOfPage\":{\"@id\":\"https:\/\/fadeu.urantiacos.cl\/en\/2021\/01\/26\/martin-tironi-se-adjudica-fondecyt-regular-2021\/#primaryimage\"},\"image\":{\"@id\":\"https:\/\/fadeu.urantiacos.cl\/en\/2021\/01\/26\/martin-tironi-se-adjudica-fondecyt-regular-2021\/#primaryimage\"},\"thumbnailUrl\":\"https:\/\/fadeu.urantiacos.cl\/wp-content\/uploads\/2023\/09\/MARTIN_TIRONI_WEB_FONDECYT.jpg\",\"datePublished\":\"2021-01-27T01:21:00+00:00\",\"dateModified\":\"2023-09-09T01:23:14+00:00\",\"author\":{\"@id\":\"https:\/\/fadeu.urantiacos.cl\/en\/#\/schema\/person\/d203e2e84b1c40275eac77b3061a19a2\"},\"description\":\"El acad\u00e9mico Mart\u00edn Tironi se adjudica el Proyecto Fondecyt Regular 2021, con el proyecto titulado \u201cDise\u00f1o de futuros en la era de la inteligencia artificial y la predicci\u00f3n algor\u00edtmica: problematizando la construcci\u00f3n de futuros tecnol\u00f3gicos en el contexto chileno\u201d. Como Co-Investigadores del proyecto est\u00e1n los acad\u00e9micos de Dise\u00f1o, Manuela Garret\u00f3n y Pablo Hermansen.\",\"breadcrumb\":{\"@id\":\"https:\/\/fadeu.urantiacos.cl\/en\/2021\/01\/26\/martin-tironi-se-adjudica-fondecyt-regular-2021\/#breadcrumb\"},\"inLanguage\":\"en-US\",\"potentialAction\":[{\"@type\":\"ReadAction\",\"target\":[\"https:\/\/fadeu.urantiacos.cl\/en\/2021\/01\/26\/martin-tironi-se-adjudica-fondecyt-regular-2021\/\"]}]},{\"@type\":\"ImageObject\",\"inLanguage\":\"en-US\",\"@id\":\"https:\/\/fadeu.urantiacos.cl\/en\/2021\/01\/26\/martin-tironi-se-adjudica-fondecyt-regular-2021\/#primaryimage\",\"url\":\"https:\/\/fadeu.urantiacos.cl\/wp-content\/uploads\/2023\/09\/MARTIN_TIRONI_WEB_FONDECYT.jpg\",\"contentUrl\":\"https:\/\/fadeu.urantiacos.cl\/wp-content\/uploads\/2023\/09\/MARTIN_TIRONI_WEB_FONDECYT.jpg\",\"width\":350,\"height\":250},{\"@type\":\"BreadcrumbList\",\"@id\":\"https:\/\/fadeu.urantiacos.cl\/en\/2021\/01\/26\/martin-tironi-se-adjudica-fondecyt-regular-2021\/#breadcrumb\",\"itemListElement\":[{\"@type\":\"ListItem\",\"position\":1,\"name\":\"Portada\",\"item\":\"https:\/\/fadeu.urantiacos.cl\/en\/\"},{\"@type\":\"ListItem\",\"position\":2,\"name\":\"Mart\u00edn Tironi se adjudica FONDECYT Regular 2021\"}]},{\"@type\":\"WebSite\",\"@id\":\"https:\/\/fadeu.urantiacos.cl\/en\/#website\",\"url\":\"https:\/\/fadeu.urantiacos.cl\/en\/\",\"name\":\"Facultad de Arquitectura, Dise\u00f1o y Estudios Urbanos\",\"description\":\"Campus Lo Contador\",\"potentialAction\":[{\"@type\":\"SearchAction\",\"target\":{\"@type\":\"EntryPoint\",\"urlTemplate\":\"https:\/\/fadeu.urantiacos.cl\/en\/?s={search_term_string}\"},\"query-input\":{\"@type\":\"PropertyValueSpecification\",\"valueRequired\":true,\"valueName\":\"search_term_string\"}}],\"inLanguage\":\"en-US\"},{\"@type\":\"Person\",\"@id\":\"https:\/\/fadeu.urantiacos.cl\/en\/#\/schema\/person\/d203e2e84b1c40275eac77b3061a19a2\",\"name\":\"manadmin\",\"image\":{\"@type\":\"ImageObject\",\"inLanguage\":\"en-US\",\"@id\":\"https:\/\/fadeu.urantiacos.cl\/en\/#\/schema\/person\/image\/\",\"url\":\"https:\/\/secure.gravatar.com\/avatar\/4b1d8e3303b4a9d8968ac578947d8bc80d9aea359f388cdd4aac15cadc0e8447?s=96&d=mm&r=g\",\"contentUrl\":\"https:\/\/secure.gravatar.com\/avatar\/4b1d8e3303b4a9d8968ac578947d8bc80d9aea359f388cdd4aac15cadc0e8447?s=96&d=mm&r=g\",\"caption\":\"manadmin\"},\"sameAs\":[\"https:\/\/fadeu.urantiacos.cl\"]}]}<\/script>\n<!-- \/ Yoast SEO plugin. -->","yoast_head_json":{"title":"Mart\u00edn Tironi se adjudica FONDECYT Regular 2021 - Facultad de Arquitectura, Dise\u00f1o y Estudios Urbanos","description":"El acad\u00e9mico Mart\u00edn Tironi se adjudica el Proyecto Fondecyt Regular 2021, con el proyecto titulado \u201cDise\u00f1o de futuros en la era de la inteligencia artificial y la predicci\u00f3n algor\u00edtmica: problematizando la construcci\u00f3n de futuros tecnol\u00f3gicos en el contexto chileno\u201d. Como Co-Investigadores del proyecto est\u00e1n los acad\u00e9micos de Dise\u00f1o, Manuela Garret\u00f3n y Pablo Hermansen.","robots":{"index":"index","follow":"follow","max-snippet":"max-snippet:-1","max-image-preview":"max-image-preview:large","max-video-preview":"max-video-preview:-1"},"canonical":"https:\/\/fadeu.urantiacos.cl\/en\/2021\/01\/26\/martin-tironi-se-adjudica-fondecyt-regular-2021\/","og_locale":"en_US","og_type":"article","og_title":"Mart\u00edn Tironi se adjudica FONDECYT Regular 2021 - Facultad de Arquitectura, Dise\u00f1o y Estudios Urbanos","og_description":"El acad\u00e9mico Mart\u00edn Tironi se adjudica el Proyecto Fondecyt Regular 2021, con el proyecto titulado \u201cDise\u00f1o de futuros en la era de la inteligencia artificial y la predicci\u00f3n algor\u00edtmica: problematizando la construcci\u00f3n de futuros tecnol\u00f3gicos en el contexto chileno\u201d. Como Co-Investigadores del proyecto est\u00e1n los acad\u00e9micos de Dise\u00f1o, Manuela Garret\u00f3n y Pablo Hermansen.","og_url":"https:\/\/fadeu.urantiacos.cl\/en\/2021\/01\/26\/martin-tironi-se-adjudica-fondecyt-regular-2021\/","og_site_name":"Facultad de Arquitectura, Dise\u00f1o y Estudios Urbanos","article_published_time":"2021-01-27T01:21:00+00:00","article_modified_time":"2023-09-09T01:23:14+00:00","og_image":[{"width":350,"height":250,"url":"https:\/\/fadeu.urantiacos.cl\/wp-content\/uploads\/2023\/09\/MARTIN_TIRONI_WEB_FONDECYT.jpg","type":"image\/jpeg"}],"author":"manadmin","twitter_card":"summary_large_image","twitter_misc":{"Written by":"manadmin","Est. reading time":"2 minutes"},"schema":{"@context":"https:\/\/schema.org","@graph":[{"@type":"Article","@id":"https:\/\/fadeu.urantiacos.cl\/en\/2021\/01\/26\/martin-tironi-se-adjudica-fondecyt-regular-2021\/#article","isPartOf":{"@id":"https:\/\/fadeu.urantiacos.cl\/en\/2021\/01\/26\/martin-tironi-se-adjudica-fondecyt-regular-2021\/"},"author":{"name":"manadmin","@id":"https:\/\/fadeu.urantiacos.cl\/en\/#\/schema\/person\/d203e2e84b1c40275eac77b3061a19a2"},"headline":"Mart\u00edn Tironi se adjudica FONDECYT Regular 2021","datePublished":"2021-01-27T01:21:00+00:00","dateModified":"2023-09-09T01:23:14+00:00","mainEntityOfPage":{"@id":"https:\/\/fadeu.urantiacos.cl\/en\/2021\/01\/26\/martin-tironi-se-adjudica-fondecyt-regular-2021\/"},"wordCount":368,"commentCount":0,"image":{"@id":"https:\/\/fadeu.urantiacos.cl\/en\/2021\/01\/26\/martin-tironi-se-adjudica-fondecyt-regular-2021\/#primaryimage"},"thumbnailUrl":"https:\/\/fadeu.urantiacos.cl\/wp-content\/uploads\/2023\/09\/MARTIN_TIRONI_WEB_FONDECYT.jpg","articleSection":["Sin categorizar"],"inLanguage":"en-US","potentialAction":[{"@type":"CommentAction","name":"Comment","target":["https:\/\/fadeu.urantiacos.cl\/en\/2021\/01\/26\/martin-tironi-se-adjudica-fondecyt-regular-2021\/#respond"]}]},{"@type":"WebPage","@id":"https:\/\/fadeu.urantiacos.cl\/en\/2021\/01\/26\/martin-tironi-se-adjudica-fondecyt-regular-2021\/","url":"https:\/\/fadeu.urantiacos.cl\/en\/2021\/01\/26\/martin-tironi-se-adjudica-fondecyt-regular-2021\/","name":"Mart\u00edn Tironi se adjudica FONDECYT Regular 2021 - Facultad de Arquitectura, Dise\u00f1o y Estudios Urbanos","isPartOf":{"@id":"https:\/\/fadeu.urantiacos.cl\/en\/#website"},"primaryImageOfPage":{"@id":"https:\/\/fadeu.urantiacos.cl\/en\/2021\/01\/26\/martin-tironi-se-adjudica-fondecyt-regular-2021\/#primaryimage"},"image":{"@id":"https:\/\/fadeu.urantiacos.cl\/en\/2021\/01\/26\/martin-tironi-se-adjudica-fondecyt-regular-2021\/#primaryimage"},"thumbnailUrl":"https:\/\/fadeu.urantiacos.cl\/wp-content\/uploads\/2023\/09\/MARTIN_TIRONI_WEB_FONDECYT.jpg","datePublished":"2021-01-27T01:21:00+00:00","dateModified":"2023-09-09T01:23:14+00:00","author":{"@id":"https:\/\/fadeu.urantiacos.cl\/en\/#\/schema\/person\/d203e2e84b1c40275eac77b3061a19a2"},"description":"El acad\u00e9mico Mart\u00edn Tironi se adjudica el Proyecto Fondecyt Regular 2021, con el proyecto titulado \u201cDise\u00f1o de futuros en la era de la inteligencia artificial y la predicci\u00f3n algor\u00edtmica: problematizando la construcci\u00f3n de futuros tecnol\u00f3gicos en el contexto chileno\u201d. Como Co-Investigadores del proyecto est\u00e1n los acad\u00e9micos de Dise\u00f1o, Manuela Garret\u00f3n y Pablo Hermansen.","breadcrumb":{"@id":"https:\/\/fadeu.urantiacos.cl\/en\/2021\/01\/26\/martin-tironi-se-adjudica-fondecyt-regular-2021\/#breadcrumb"},"inLanguage":"en-US","potentialAction":[{"@type":"ReadAction","target":["https:\/\/fadeu.urantiacos.cl\/en\/2021\/01\/26\/martin-tironi-se-adjudica-fondecyt-regular-2021\/"]}]},{"@type":"ImageObject","inLanguage":"en-US","@id":"https:\/\/fadeu.urantiacos.cl\/en\/2021\/01\/26\/martin-tironi-se-adjudica-fondecyt-regular-2021\/#primaryimage","url":"https:\/\/fadeu.urantiacos.cl\/wp-content\/uploads\/2023\/09\/MARTIN_TIRONI_WEB_FONDECYT.jpg","contentUrl":"https:\/\/fadeu.urantiacos.cl\/wp-content\/uploads\/2023\/09\/MARTIN_TIRONI_WEB_FONDECYT.jpg","width":350,"height":250},{"@type":"BreadcrumbList","@id":"https:\/\/fadeu.urantiacos.cl\/en\/2021\/01\/26\/martin-tironi-se-adjudica-fondecyt-regular-2021\/#breadcrumb","itemListElement":[{"@type":"ListItem","position":1,"name":"Portada","item":"https:\/\/fadeu.urantiacos.cl\/en\/"},{"@type":"ListItem","position":2,"name":"Mart\u00edn Tironi se adjudica FONDECYT Regular 2021"}]},{"@type":"WebSite","@id":"https:\/\/fadeu.urantiacos.cl\/en\/#website","url":"https:\/\/fadeu.urantiacos.cl\/en\/","name":"Facultad de Arquitectura, Dise\u00f1o y Estudios Urbanos","description":"Campus Lo Contador","potentialAction":[{"@type":"SearchAction","target":{"@type":"EntryPoint","urlTemplate":"https:\/\/fadeu.urantiacos.cl\/en\/?s={search_term_string}"},"query-input":{"@type":"PropertyValueSpecification","valueRequired":true,"valueName":"search_term_string"}}],"inLanguage":"en-US"},{"@type":"Person","@id":"https:\/\/fadeu.urantiacos.cl\/en\/#\/schema\/person\/d203e2e84b1c40275eac77b3061a19a2","name":"manadmin","image":{"@type":"ImageObject","inLanguage":"en-US","@id":"https:\/\/fadeu.urantiacos.cl\/en\/#\/schema\/person\/image\/","url":"https:\/\/secure.gravatar.com\/avatar\/4b1d8e3303b4a9d8968ac578947d8bc80d9aea359f388cdd4aac15cadc0e8447?s=96&d=mm&r=g","contentUrl":"https:\/\/secure.gravatar.com\/avatar\/4b1d8e3303b4a9d8968ac578947d8bc80d9aea359f388cdd4aac15cadc0e8447?s=96&d=mm&r=g","caption":"manadmin"},"sameAs":["https:\/\/fadeu.urantiacos.cl"]}]}},"_links":{"self":[{"href":"https:\/\/fadeu.urantiacos.cl\/en\/wp-json\/wp\/v2\/posts\/7512","targetHints":{"allow":["GET"]}}],"collection":[{"href":"https:\/\/fadeu.urantiacos.cl\/en\/wp-json\/wp\/v2\/posts"}],"about":[{"href":"https:\/\/fadeu.urantiacos.cl\/en\/wp-json\/wp\/v2\/types\/post"}],"author":[{"embeddable":true,"href":"https:\/\/fadeu.urantiacos.cl\/en\/wp-json\/wp\/v2\/users\/1"}],"replies":[{"embeddable":true,"href":"https:\/\/fadeu.urantiacos.cl\/en\/wp-json\/wp\/v2\/comments?post=7512"}],"version-history":[{"count":1,"href":"https:\/\/fadeu.urantiacos.cl\/en\/wp-json\/wp\/v2\/posts\/7512\/revisions"}],"predecessor-version":[{"id":7514,"href":"https:\/\/fadeu.urantiacos.cl\/en\/wp-json\/wp\/v2\/posts\/7512\/revisions\/7514"}],"wp:featuredmedia":[{"embeddable":true,"href":"https:\/\/fadeu.urantiacos.cl\/en\/wp-json\/wp\/v2\/media\/7513"}],"wp:attachment":[{"href":"https:\/\/fadeu.urantiacos.cl\/en\/wp-json\/wp\/v2\/media?parent=7512"}],"wp:term":[{"taxonomy":"category","embeddable":true,"href":"https:\/\/fadeu.urantiacos.cl\/en\/wp-json\/wp\/v2\/categories?post=7512"},{"taxonomy":"post_tag","embeddable":true,"href":"https:\/\/fadeu.urantiacos.cl\/en\/wp-json\/wp\/v2\/tags?post=7512"}],"curies":[{"name":"wp","href":"https:\/\/api.w.org\/{rel}","templated":true}]}}