{"id":7509,"date":"2021-01-26T22:19:00","date_gmt":"2021-01-27T01:19:00","guid":{"rendered":"https:\/\/fadeu.urantiacos.cl\/?p=7509"},"modified":"2023-09-08T22:21:29","modified_gmt":"2023-09-09T01:21:29","slug":"ex-director-de-la-escuela-de-diseno-robert-holmes-lanza-libro-que-invita-a-reflexionar-sobre-el-espacio-y-la-escultura","status":"publish","type":"post","link":"https:\/\/fadeu.urantiacos.cl\/en\/2021\/01\/26\/ex-director-de-la-escuela-de-diseno-robert-holmes-lanza-libro-que-invita-a-reflexionar-sobre-el-espacio-y-la-escultura\/","title":{"rendered":"Ex Director de la escuela de Dise\u00f1o, Robert Holmes, lanza libro que invita a reflexionar sobre el espacio y la escultura"},"content":{"rendered":"\n<figure class=\"wp-block-image size-full\"><img decoding=\"async\" width=\"350\" height=\"250\" src=\"https:\/\/fadeu.urantiacos.cl\/wp-content\/uploads\/2023\/09\/LIBRO_HOLMES.jpg\" alt=\"\" class=\"wp-image-7510\" srcset=\"https:\/\/fadeu.urantiacos.cl\/wp-content\/uploads\/2023\/09\/LIBRO_HOLMES.jpg 350w, https:\/\/fadeu.urantiacos.cl\/wp-content\/uploads\/2023\/09\/LIBRO_HOLMES-300x214.jpg 300w\" sizes=\"(max-width: 350px) 100vw, 350px\" \/><\/figure>\n\n\n\n<p>La publicaci\u00f3n presenta la s\u00edntesis de una extensa investigaci\u00f3n y experimentaci\u00f3n sobre la experiencia del espacio en la escultura, contextualizada en un campo interdisciplinar expandido que incluye la arquitectura y otras artes que abordan la espacialidad como est\u00edmulo a la formulaci\u00f3n permanente de preguntas que inspiran procesos creativos.&nbsp;<br><\/p>\n\n\n\n<p>El libro, de m\u00e1s de 160 p\u00e1ginas, fue dise\u00f1ado por Larissa Holmes e impreso en Imprentas Salesianos, y fue un proyecto que cont\u00f3 con apoyo directo del decanato de la Facultad de Arquitectura, Dise\u00f1o y Estudios Urbanos, a trav\u00e9s del decano Mario Ubilla, y de Ediciones UC para su publicaci\u00f3n.<br><\/p>\n\n\n\n<p>El libro \u201cpuede entenderse a la vez como memoria y como testimonio\u201d, dice en el pr\u00f3logo, Fernando P\u00e9rez. \u201cEs una suerte de novela de formaci\u00f3n en versi\u00f3n de autorretrato. Es memoria de un proceso creativo y tambi\u00e9n testimonio de una pasi\u00f3n creativa que se ha movido en una zona fronteriza entre la arquitectura, la escultura y la pintura, las que en el trabajo de Robert Holmes se han fertilizado mutuamente\u201d, agrega.<br><\/p>\n\n\n\n<p>P\u00e9rez advierte, adem\u00e1s, que \u201cel libro tambi\u00e9n puede verse como una suerte de diario de viaje que, como todos los de su tipo, tiene un car\u00e1cter estrictamente personal, pero a la vez interesa a otros. Tal vez, precisamente, porque es personal\u201d.<br><\/p>\n\n\n\n<p>En conversaci\u00f3n con la Direcci\u00f3n de Comunicaciones FADEU, Holmes se refiere a su libro, a los lugares comunes que gracias al estudio del espacio y la escultura unen a los campos de la arquitectura y el dise\u00f1o, y tambi\u00e9n reflexiona respecto del impacto que sus escritos podr\u00edan tener en las futuras generaciones de profesionales del \u00e1rea.<\/p>\n\n\n\n<p><strong>1. En el pr\u00f3logo, Fernando P\u00e9rez se\u00f1ala que el libro es&nbsp;<em>\u201cmemoria de un proceso creativo y&nbsp;<\/em><\/strong><strong><em>tambi\u00e9n testimonio de una pasi\u00f3n creativa que se ha movido en una zona fronteriza entre&nbsp;&nbsp;<\/em><\/strong><strong><em>la arquitectura, la escultura y la pintura\u201d<\/em>. Sobre esa afirmaci\u00f3n, \u00bfc\u00f3mo sientes que el&nbsp;<\/strong><strong>estudio y la investigaci\u00f3n del espacio a trav\u00e9s de la escultura se inserta disciplinarmente<\/strong><strong>en los campos de estudio de arquitectos y dise\u00f1adores?<\/strong><\/p>\n\n\n\n<p><strong>RH:<\/strong>&nbsp;El tomar distancia de la escultura en cuanto a su ser objeto, nos permite acceder a los misterios de su espacialidad. Esa nueva forma de experiencia sensible del espacio escult\u00f3rico permite una inmersi\u00f3n visual o corp\u00f3rea en diversas situaciones espaciales relacionadas con el vac\u00edo, la materia y la luz, que son comunes a la arquitectura y al dise\u00f1o escenogr\u00e1fico y de ambientaci\u00f3n funcional.<br><\/p>\n\n\n\n<p>En este proceso de inmersi\u00f3n se avanza en el despliegue progresivo de su configuraci\u00f3n espacial que va revelando una tensi\u00f3n estimulante entre lo expuesto, lo insinuado y lo oculto. Esto implica un proceso que se desarrolla entre lo inmediato (lo que aparece en el instante) y lo mediato (lo que se va descubriendo en progresivamente).<\/p>\n\n\n\n<p><br>Los or\u00edgenes de las obras de arquitectura, escultura y el dise\u00f1o escenogr\u00e1fico son muy diferentes, pero en su desarrollo aparecen resonancias e inducciones interdisciplinarias que expanden su potencial para una experiencia po\u00e9tica del espacio.<br><\/p>\n\n\n\n<p>En este sentido me parece fundamental el salir del encapsulamiento disciplinar y abrir los ojos para descubrir otras fuentes de inspiraci\u00f3n en un&nbsp;<em>campo expandido<\/em>.<\/p>\n\n\n\n<p><strong><br><\/strong><strong>2 \u00bfDesde qu\u00e9 \u00e9poca en tu vida universitaria (o previa) nace el inter\u00e9s por los temas<\/strong><strong>espaciales y por la escultura en particular?<\/strong><\/p>\n\n\n\n<p><strong>RH:<\/strong>&nbsp;Como estudiante de arquitectura en el taller de primer a\u00f1o que dirig\u00eda el profesor Alberto Piwonka pude desarrollar la imaginaci\u00f3n abstracta relacionada con la forma y el espacio, lo cual me permiti\u00f3 abrir el horizonte disciplinar y realizar en forma paralela diversos cursos de la Escuela de Arte, en ese tiempo perteneciente a la misma facultad.<br><\/p>\n\n\n\n<p>Desde ese tiempo, la experiencia del espacio fue un puente permanente entre arquitectura y escultura, manteniendo naturalmente sus autonom\u00edas proyectuales, pero siempre abiertos al influjo de las sorprendentes interacciones disciplinares.<\/p>\n\n\n\n<p>Esta aproximaci\u00f3n a la escultura desde la mirada de mi formaci\u00f3n como arquitecto me permiti\u00f3 reconocer sus cualidades espaciales m\u00e1s que su condici\u00f3n de volumen mat\u00e9rico. Algo similar sucedi\u00f3 en el sentido inverso en cuanto a la creaci\u00f3n arquitect\u00f3nica potenciada por la experiencia de una espacialidad escult\u00f3rica.&nbsp;<br><br><strong>3. Disciplinarmente, \u00bfqu\u00e9 rol crees que juega la escultura en particular como eje articulador<\/strong><strong>en el estudio y formaci\u00f3n de arquitectos y dise\u00f1adores?<\/strong><\/p>\n\n\n\n<p><strong>RH:<\/strong>&nbsp;El pensamiento abstracto ayuda a configurar un campo interdisciplinar expandido en el cual la imaginaci\u00f3n creativa puede experimentar con nuevas estrategias y soluciones proyectuales inducidas por experiencias que son propias de otras \u00e1reas. Lo importante para lograr esto es estimular la curiosidad, la indagaci\u00f3n y la apertura para internalizar estos influjos.&nbsp;<br><\/p>\n\n\n\n<p>En este sentido, la creaci\u00f3n escult\u00f3rica puede tener un rol muy relevante si se piensa como un laboratorio experimental del espacio, que permite descubrir nuevos potenciales en la formaci\u00f3n y en la pr\u00e1ctica profesional de arquitectos y dise\u00f1adores. En ambos casos, aparece la obra como inductora de la experiencia del espacio, asociada a sus respectivos programas de funcionalidades.&nbsp;<br><br><strong>4 Muchos arquitectos, dise\u00f1adores, artistas y escultores leer\u00e1n este libro. \u00bfQu\u00e9 elementos&nbsp;<\/strong><strong>te gustar\u00eda que sacasen en limpio y c\u00f3mo te gustar\u00eda que tu libro influyera en su trabajo?<\/strong><\/p>\n\n\n\n<p><strong>RH:<\/strong>&nbsp;El concepto de&nbsp;<em>\u201ccampo expandido interdisciplinar\u201d&nbsp;<\/em>plantea una interesante posibilidad para potenciar la creatividad, tomando distancia de nuestros referentes y estrategias proyectuales habituales para buscar situaciones que nos ofrezcan nuevas perspectivas desde las cuales podemos descubrir nuevos potenciales en aquello que ten\u00edamos demasiado cerca para tener una mirada libre y desprejuiciada.<br><\/p>\n\n\n\n<p>Este libro presenta los resultados de una investigaci\u00f3n sobre los potenciales del un&nbsp;<em>campo expandido&nbsp;<\/em>que incluye la arquitectura y las artes pl\u00e1sticas. En este&nbsp;<em>campo expandido&nbsp;<\/em>aparece como materia com\u00fan la configuraci\u00f3n espacial y sus diferentes expresiones para la inducci\u00f3n a una experiencia po\u00e9tica del espacio. Para lograr una reflexi\u00f3n m\u00e1s profunda hemos centrado este estudio en la escultura y su instalaci\u00f3n y apertura a este&nbsp;<em>campo expendido<\/em>, donde suceden los sorprendentes influjos y resonancias con la arquitectura<em>.<br><\/em><\/p>\n\n\n\n<p>En este sentido, la experiencia del espacio escult\u00f3rico nos permite tener una nueva sensibilidad frente a la creaci\u00f3n arquitect\u00f3nica o del dise\u00f1o escenogr\u00e1fico y de ambientaci\u00f3n funcional.<br><\/p>\n\n\n\n<p>Esta nueva sensibilidad nos permite tensionar el proceso creativo para lograr un continuo arm\u00f3nico entre la soluci\u00f3n funcional del programa y la experiencia po\u00e9tica del espacio. Se re\u00fane entonces el sentir con el hacer de un modo arm\u00f3nico e integral.<br><\/p>\n\n\n\n<p>Finalmente, en cuanto a la creaci\u00f3n escult\u00f3rica, el situarnos en este&nbsp;<em>campo expandido&nbsp;<\/em>nos permite descubrir en la espacialidad arquitect\u00f3nica ciertas claves sobre la experiencia de inmersi\u00f3n en sus estructuras sensibles expresadas como&nbsp;<em>atm\u00f3sferas.&nbsp;<\/em>Esto nos permite desplazarnos desde la objetualidad escult\u00f3rica hacia la espacialidad escult\u00f3rica.<\/p>\n\n\n\n<p>INFORMACI\u00d3N PERIOD\u00cdSTICA<br>JUAN ANDR\u00c9S INZUNZA<\/p>\n","protected":false},"excerpt":{"rendered":"<p>\u201cLa experiencia del espacio: una aproximaci\u00f3n desde la escultura\u201d, es el nombre del libro editado por Ediciones UC, y escrito por el ex director de la escuela de Dise\u00f1o UC, Robert Holmes Lezaeta, texto que, en palabras del arquitecto y actual director del Museo Nacional de Bellas Artes, Fernando P\u00e9rez, viene siendo \u201cmemoria de un proceso creativo y tambi\u00e9n testimonio de una pasi\u00f3n creativa que se ha movido en una zona fronteriza entre la arquitectura, la escultura y la pintura\u201d.<\/p>\n","protected":false},"author":1,"featured_media":7510,"comment_status":"open","ping_status":"open","sticky":false,"template":"","format":"standard","meta":{"_acf_changed":false,"footnotes":""},"categories":[1],"tags":[],"class_list":["post-7509","post","type-post","status-publish","format-standard","has-post-thumbnail","hentry","category-sin-categorizar"],"acf":[],"yoast_head":"<!-- This site is optimized with the Yoast SEO plugin v27.1.1 - https:\/\/yoast.com\/product\/yoast-seo-wordpress\/ -->\n<title>Ex Director de la escuela de Dise\u00f1o, Robert Holmes, lanza libro que invita a reflexionar sobre el espacio y la escultura - Facultad de Arquitectura, Dise\u00f1o y Estudios Urbanos<\/title>\n<meta name=\"description\" content=\"\u201cLa experiencia del espacio: una aproximaci\u00f3n desde la escultura\u201d, es el nombre del libro editado por Ediciones UC, y escrito por el ex director de la escuela de Dise\u00f1o UC, Robert Holmes Lezaeta, texto que, en palabras del arquitecto y actual director del Museo Nacional de Bellas Artes, Fernando P\u00e9rez, viene siendo \u201cmemoria de un proceso creativo y tambi\u00e9n testimonio de una pasi\u00f3n creativa que se ha movido en una zona fronteriza entre la arquitectura, la escultura y la pintura\u201d.\" \/>\n<meta name=\"robots\" content=\"index, follow, max-snippet:-1, max-image-preview:large, max-video-preview:-1\" \/>\n<link rel=\"canonical\" href=\"https:\/\/fadeu.urantiacos.cl\/en\/2021\/01\/26\/ex-director-de-la-escuela-de-diseno-robert-holmes-lanza-libro-que-invita-a-reflexionar-sobre-el-espacio-y-la-escultura\/\" \/>\n<meta property=\"og:locale\" content=\"en_US\" \/>\n<meta property=\"og:type\" content=\"article\" \/>\n<meta property=\"og:title\" content=\"Ex Director de la escuela de Dise\u00f1o, Robert Holmes, lanza libro que invita a reflexionar sobre el espacio y la escultura - Facultad de Arquitectura, Dise\u00f1o y Estudios Urbanos\" \/>\n<meta property=\"og:description\" content=\"\u201cLa experiencia del espacio: una aproximaci\u00f3n desde la escultura\u201d, es el nombre del libro editado por Ediciones UC, y escrito por el ex director de la escuela de Dise\u00f1o UC, Robert Holmes Lezaeta, texto que, en palabras del arquitecto y actual director del Museo Nacional de Bellas Artes, Fernando P\u00e9rez, viene siendo \u201cmemoria de un proceso creativo y tambi\u00e9n testimonio de una pasi\u00f3n creativa que se ha movido en una zona fronteriza entre la arquitectura, la escultura y la pintura\u201d.\" \/>\n<meta property=\"og:url\" content=\"https:\/\/fadeu.urantiacos.cl\/en\/2021\/01\/26\/ex-director-de-la-escuela-de-diseno-robert-holmes-lanza-libro-que-invita-a-reflexionar-sobre-el-espacio-y-la-escultura\/\" \/>\n<meta property=\"og:site_name\" content=\"Facultad de Arquitectura, Dise\u00f1o y Estudios Urbanos\" \/>\n<meta property=\"article:published_time\" content=\"2021-01-27T01:19:00+00:00\" \/>\n<meta property=\"article:modified_time\" content=\"2023-09-09T01:21:29+00:00\" \/>\n<meta property=\"og:image\" content=\"https:\/\/fadeu.urantiacos.cl\/wp-content\/uploads\/2023\/09\/LIBRO_HOLMES.jpg\" \/>\n\t<meta property=\"og:image:width\" content=\"350\" \/>\n\t<meta property=\"og:image:height\" content=\"250\" \/>\n\t<meta property=\"og:image:type\" content=\"image\/jpeg\" \/>\n<meta name=\"author\" content=\"manadmin\" \/>\n<meta name=\"twitter:card\" content=\"summary_large_image\" \/>\n<meta name=\"twitter:label1\" content=\"Written by\" \/>\n\t<meta name=\"twitter:data1\" content=\"manadmin\" \/>\n\t<meta name=\"twitter:label2\" content=\"Est. reading time\" \/>\n\t<meta name=\"twitter:data2\" content=\"6 minutes\" \/>\n<script type=\"application\/ld+json\" class=\"yoast-schema-graph\">{\"@context\":\"https:\/\/schema.org\",\"@graph\":[{\"@type\":\"Article\",\"@id\":\"https:\/\/fadeu.urantiacos.cl\/en\/2021\/01\/26\/ex-director-de-la-escuela-de-diseno-robert-holmes-lanza-libro-que-invita-a-reflexionar-sobre-el-espacio-y-la-escultura\/#article\",\"isPartOf\":{\"@id\":\"https:\/\/fadeu.urantiacos.cl\/en\/2021\/01\/26\/ex-director-de-la-escuela-de-diseno-robert-holmes-lanza-libro-que-invita-a-reflexionar-sobre-el-espacio-y-la-escultura\/\"},\"author\":{\"name\":\"manadmin\",\"@id\":\"https:\/\/fadeu.urantiacos.cl\/en\/#\/schema\/person\/d203e2e84b1c40275eac77b3061a19a2\"},\"headline\":\"Ex Director de la escuela de Dise\u00f1o, Robert Holmes, lanza libro que invita a reflexionar sobre el espacio y la escultura\",\"datePublished\":\"2021-01-27T01:19:00+00:00\",\"dateModified\":\"2023-09-09T01:21:29+00:00\",\"mainEntityOfPage\":{\"@id\":\"https:\/\/fadeu.urantiacos.cl\/en\/2021\/01\/26\/ex-director-de-la-escuela-de-diseno-robert-holmes-lanza-libro-que-invita-a-reflexionar-sobre-el-espacio-y-la-escultura\/\"},\"wordCount\":1233,\"commentCount\":0,\"image\":{\"@id\":\"https:\/\/fadeu.urantiacos.cl\/en\/2021\/01\/26\/ex-director-de-la-escuela-de-diseno-robert-holmes-lanza-libro-que-invita-a-reflexionar-sobre-el-espacio-y-la-escultura\/#primaryimage\"},\"thumbnailUrl\":\"https:\/\/fadeu.urantiacos.cl\/wp-content\/uploads\/2023\/09\/LIBRO_HOLMES.jpg\",\"articleSection\":[\"Sin categorizar\"],\"inLanguage\":\"en-US\",\"potentialAction\":[{\"@type\":\"CommentAction\",\"name\":\"Comment\",\"target\":[\"https:\/\/fadeu.urantiacos.cl\/en\/2021\/01\/26\/ex-director-de-la-escuela-de-diseno-robert-holmes-lanza-libro-que-invita-a-reflexionar-sobre-el-espacio-y-la-escultura\/#respond\"]}]},{\"@type\":\"WebPage\",\"@id\":\"https:\/\/fadeu.urantiacos.cl\/en\/2021\/01\/26\/ex-director-de-la-escuela-de-diseno-robert-holmes-lanza-libro-que-invita-a-reflexionar-sobre-el-espacio-y-la-escultura\/\",\"url\":\"https:\/\/fadeu.urantiacos.cl\/en\/2021\/01\/26\/ex-director-de-la-escuela-de-diseno-robert-holmes-lanza-libro-que-invita-a-reflexionar-sobre-el-espacio-y-la-escultura\/\",\"name\":\"Ex Director de la escuela de Dise\u00f1o, Robert Holmes, lanza libro que invita a reflexionar sobre el espacio y la escultura - Facultad de Arquitectura, Dise\u00f1o y Estudios Urbanos\",\"isPartOf\":{\"@id\":\"https:\/\/fadeu.urantiacos.cl\/en\/#website\"},\"primaryImageOfPage\":{\"@id\":\"https:\/\/fadeu.urantiacos.cl\/en\/2021\/01\/26\/ex-director-de-la-escuela-de-diseno-robert-holmes-lanza-libro-que-invita-a-reflexionar-sobre-el-espacio-y-la-escultura\/#primaryimage\"},\"image\":{\"@id\":\"https:\/\/fadeu.urantiacos.cl\/en\/2021\/01\/26\/ex-director-de-la-escuela-de-diseno-robert-holmes-lanza-libro-que-invita-a-reflexionar-sobre-el-espacio-y-la-escultura\/#primaryimage\"},\"thumbnailUrl\":\"https:\/\/fadeu.urantiacos.cl\/wp-content\/uploads\/2023\/09\/LIBRO_HOLMES.jpg\",\"datePublished\":\"2021-01-27T01:19:00+00:00\",\"dateModified\":\"2023-09-09T01:21:29+00:00\",\"author\":{\"@id\":\"https:\/\/fadeu.urantiacos.cl\/en\/#\/schema\/person\/d203e2e84b1c40275eac77b3061a19a2\"},\"description\":\"\u201cLa experiencia del espacio: una aproximaci\u00f3n desde la escultura\u201d, es el nombre del libro editado por Ediciones UC, y escrito por el ex director de la escuela de Dise\u00f1o UC, Robert Holmes Lezaeta, texto que, en palabras del arquitecto y actual director del Museo Nacional de Bellas Artes, Fernando P\u00e9rez, viene siendo \u201cmemoria de un proceso creativo y tambi\u00e9n testimonio de una pasi\u00f3n creativa que se ha movido en una zona fronteriza entre la arquitectura, la escultura y la pintura\u201d.\",\"breadcrumb\":{\"@id\":\"https:\/\/fadeu.urantiacos.cl\/en\/2021\/01\/26\/ex-director-de-la-escuela-de-diseno-robert-holmes-lanza-libro-que-invita-a-reflexionar-sobre-el-espacio-y-la-escultura\/#breadcrumb\"},\"inLanguage\":\"en-US\",\"potentialAction\":[{\"@type\":\"ReadAction\",\"target\":[\"https:\/\/fadeu.urantiacos.cl\/en\/2021\/01\/26\/ex-director-de-la-escuela-de-diseno-robert-holmes-lanza-libro-que-invita-a-reflexionar-sobre-el-espacio-y-la-escultura\/\"]}]},{\"@type\":\"ImageObject\",\"inLanguage\":\"en-US\",\"@id\":\"https:\/\/fadeu.urantiacos.cl\/en\/2021\/01\/26\/ex-director-de-la-escuela-de-diseno-robert-holmes-lanza-libro-que-invita-a-reflexionar-sobre-el-espacio-y-la-escultura\/#primaryimage\",\"url\":\"https:\/\/fadeu.urantiacos.cl\/wp-content\/uploads\/2023\/09\/LIBRO_HOLMES.jpg\",\"contentUrl\":\"https:\/\/fadeu.urantiacos.cl\/wp-content\/uploads\/2023\/09\/LIBRO_HOLMES.jpg\",\"width\":350,\"height\":250},{\"@type\":\"BreadcrumbList\",\"@id\":\"https:\/\/fadeu.urantiacos.cl\/en\/2021\/01\/26\/ex-director-de-la-escuela-de-diseno-robert-holmes-lanza-libro-que-invita-a-reflexionar-sobre-el-espacio-y-la-escultura\/#breadcrumb\",\"itemListElement\":[{\"@type\":\"ListItem\",\"position\":1,\"name\":\"Portada\",\"item\":\"https:\/\/fadeu.urantiacos.cl\/en\/\"},{\"@type\":\"ListItem\",\"position\":2,\"name\":\"Ex Director de la escuela de Dise\u00f1o, Robert Holmes, lanza libro que invita a reflexionar sobre el espacio y la escultura\"}]},{\"@type\":\"WebSite\",\"@id\":\"https:\/\/fadeu.urantiacos.cl\/en\/#website\",\"url\":\"https:\/\/fadeu.urantiacos.cl\/en\/\",\"name\":\"Facultad de Arquitectura, Dise\u00f1o y Estudios Urbanos\",\"description\":\"Campus Lo Contador\",\"potentialAction\":[{\"@type\":\"SearchAction\",\"target\":{\"@type\":\"EntryPoint\",\"urlTemplate\":\"https:\/\/fadeu.urantiacos.cl\/en\/?s={search_term_string}\"},\"query-input\":{\"@type\":\"PropertyValueSpecification\",\"valueRequired\":true,\"valueName\":\"search_term_string\"}}],\"inLanguage\":\"en-US\"},{\"@type\":\"Person\",\"@id\":\"https:\/\/fadeu.urantiacos.cl\/en\/#\/schema\/person\/d203e2e84b1c40275eac77b3061a19a2\",\"name\":\"manadmin\",\"image\":{\"@type\":\"ImageObject\",\"inLanguage\":\"en-US\",\"@id\":\"https:\/\/fadeu.urantiacos.cl\/en\/#\/schema\/person\/image\/\",\"url\":\"https:\/\/secure.gravatar.com\/avatar\/4b1d8e3303b4a9d8968ac578947d8bc80d9aea359f388cdd4aac15cadc0e8447?s=96&d=mm&r=g\",\"contentUrl\":\"https:\/\/secure.gravatar.com\/avatar\/4b1d8e3303b4a9d8968ac578947d8bc80d9aea359f388cdd4aac15cadc0e8447?s=96&d=mm&r=g\",\"caption\":\"manadmin\"},\"sameAs\":[\"https:\/\/fadeu.urantiacos.cl\"]}]}<\/script>\n<!-- \/ Yoast SEO plugin. -->","yoast_head_json":{"title":"Ex Director de la escuela de Dise\u00f1o, Robert Holmes, lanza libro que invita a reflexionar sobre el espacio y la escultura - Facultad de Arquitectura, Dise\u00f1o y Estudios Urbanos","description":"\u201cLa experiencia del espacio: una aproximaci\u00f3n desde la escultura\u201d, es el nombre del libro editado por Ediciones UC, y escrito por el ex director de la escuela de Dise\u00f1o UC, Robert Holmes Lezaeta, texto que, en palabras del arquitecto y actual director del Museo Nacional de Bellas Artes, Fernando P\u00e9rez, viene siendo \u201cmemoria de un proceso creativo y tambi\u00e9n testimonio de una pasi\u00f3n creativa que se ha movido en una zona fronteriza entre la arquitectura, la escultura y la pintura\u201d.","robots":{"index":"index","follow":"follow","max-snippet":"max-snippet:-1","max-image-preview":"max-image-preview:large","max-video-preview":"max-video-preview:-1"},"canonical":"https:\/\/fadeu.urantiacos.cl\/en\/2021\/01\/26\/ex-director-de-la-escuela-de-diseno-robert-holmes-lanza-libro-que-invita-a-reflexionar-sobre-el-espacio-y-la-escultura\/","og_locale":"en_US","og_type":"article","og_title":"Ex Director de la escuela de Dise\u00f1o, Robert Holmes, lanza libro que invita a reflexionar sobre el espacio y la escultura - Facultad de Arquitectura, Dise\u00f1o y Estudios Urbanos","og_description":"\u201cLa experiencia del espacio: una aproximaci\u00f3n desde la escultura\u201d, es el nombre del libro editado por Ediciones UC, y escrito por el ex director de la escuela de Dise\u00f1o UC, Robert Holmes Lezaeta, texto que, en palabras del arquitecto y actual director del Museo Nacional de Bellas Artes, Fernando P\u00e9rez, viene siendo \u201cmemoria de un proceso creativo y tambi\u00e9n testimonio de una pasi\u00f3n creativa que se ha movido en una zona fronteriza entre la arquitectura, la escultura y la pintura\u201d.","og_url":"https:\/\/fadeu.urantiacos.cl\/en\/2021\/01\/26\/ex-director-de-la-escuela-de-diseno-robert-holmes-lanza-libro-que-invita-a-reflexionar-sobre-el-espacio-y-la-escultura\/","og_site_name":"Facultad de Arquitectura, Dise\u00f1o y Estudios Urbanos","article_published_time":"2021-01-27T01:19:00+00:00","article_modified_time":"2023-09-09T01:21:29+00:00","og_image":[{"width":350,"height":250,"url":"https:\/\/fadeu.urantiacos.cl\/wp-content\/uploads\/2023\/09\/LIBRO_HOLMES.jpg","type":"image\/jpeg"}],"author":"manadmin","twitter_card":"summary_large_image","twitter_misc":{"Written by":"manadmin","Est. reading time":"6 minutes"},"schema":{"@context":"https:\/\/schema.org","@graph":[{"@type":"Article","@id":"https:\/\/fadeu.urantiacos.cl\/en\/2021\/01\/26\/ex-director-de-la-escuela-de-diseno-robert-holmes-lanza-libro-que-invita-a-reflexionar-sobre-el-espacio-y-la-escultura\/#article","isPartOf":{"@id":"https:\/\/fadeu.urantiacos.cl\/en\/2021\/01\/26\/ex-director-de-la-escuela-de-diseno-robert-holmes-lanza-libro-que-invita-a-reflexionar-sobre-el-espacio-y-la-escultura\/"},"author":{"name":"manadmin","@id":"https:\/\/fadeu.urantiacos.cl\/en\/#\/schema\/person\/d203e2e84b1c40275eac77b3061a19a2"},"headline":"Ex Director de la escuela de Dise\u00f1o, Robert Holmes, lanza libro que invita a reflexionar sobre el espacio y la escultura","datePublished":"2021-01-27T01:19:00+00:00","dateModified":"2023-09-09T01:21:29+00:00","mainEntityOfPage":{"@id":"https:\/\/fadeu.urantiacos.cl\/en\/2021\/01\/26\/ex-director-de-la-escuela-de-diseno-robert-holmes-lanza-libro-que-invita-a-reflexionar-sobre-el-espacio-y-la-escultura\/"},"wordCount":1233,"commentCount":0,"image":{"@id":"https:\/\/fadeu.urantiacos.cl\/en\/2021\/01\/26\/ex-director-de-la-escuela-de-diseno-robert-holmes-lanza-libro-que-invita-a-reflexionar-sobre-el-espacio-y-la-escultura\/#primaryimage"},"thumbnailUrl":"https:\/\/fadeu.urantiacos.cl\/wp-content\/uploads\/2023\/09\/LIBRO_HOLMES.jpg","articleSection":["Sin categorizar"],"inLanguage":"en-US","potentialAction":[{"@type":"CommentAction","name":"Comment","target":["https:\/\/fadeu.urantiacos.cl\/en\/2021\/01\/26\/ex-director-de-la-escuela-de-diseno-robert-holmes-lanza-libro-que-invita-a-reflexionar-sobre-el-espacio-y-la-escultura\/#respond"]}]},{"@type":"WebPage","@id":"https:\/\/fadeu.urantiacos.cl\/en\/2021\/01\/26\/ex-director-de-la-escuela-de-diseno-robert-holmes-lanza-libro-que-invita-a-reflexionar-sobre-el-espacio-y-la-escultura\/","url":"https:\/\/fadeu.urantiacos.cl\/en\/2021\/01\/26\/ex-director-de-la-escuela-de-diseno-robert-holmes-lanza-libro-que-invita-a-reflexionar-sobre-el-espacio-y-la-escultura\/","name":"Ex Director de la escuela de Dise\u00f1o, Robert Holmes, lanza libro que invita a reflexionar sobre el espacio y la escultura - Facultad de Arquitectura, Dise\u00f1o y Estudios Urbanos","isPartOf":{"@id":"https:\/\/fadeu.urantiacos.cl\/en\/#website"},"primaryImageOfPage":{"@id":"https:\/\/fadeu.urantiacos.cl\/en\/2021\/01\/26\/ex-director-de-la-escuela-de-diseno-robert-holmes-lanza-libro-que-invita-a-reflexionar-sobre-el-espacio-y-la-escultura\/#primaryimage"},"image":{"@id":"https:\/\/fadeu.urantiacos.cl\/en\/2021\/01\/26\/ex-director-de-la-escuela-de-diseno-robert-holmes-lanza-libro-que-invita-a-reflexionar-sobre-el-espacio-y-la-escultura\/#primaryimage"},"thumbnailUrl":"https:\/\/fadeu.urantiacos.cl\/wp-content\/uploads\/2023\/09\/LIBRO_HOLMES.jpg","datePublished":"2021-01-27T01:19:00+00:00","dateModified":"2023-09-09T01:21:29+00:00","author":{"@id":"https:\/\/fadeu.urantiacos.cl\/en\/#\/schema\/person\/d203e2e84b1c40275eac77b3061a19a2"},"description":"\u201cLa experiencia del espacio: una aproximaci\u00f3n desde la escultura\u201d, es el nombre del libro editado por Ediciones UC, y escrito por el ex director de la escuela de Dise\u00f1o UC, Robert Holmes Lezaeta, texto que, en palabras del arquitecto y actual director del Museo Nacional de Bellas Artes, Fernando P\u00e9rez, viene siendo \u201cmemoria de un proceso creativo y tambi\u00e9n testimonio de una pasi\u00f3n creativa que se ha movido en una zona fronteriza entre la arquitectura, la escultura y la pintura\u201d.","breadcrumb":{"@id":"https:\/\/fadeu.urantiacos.cl\/en\/2021\/01\/26\/ex-director-de-la-escuela-de-diseno-robert-holmes-lanza-libro-que-invita-a-reflexionar-sobre-el-espacio-y-la-escultura\/#breadcrumb"},"inLanguage":"en-US","potentialAction":[{"@type":"ReadAction","target":["https:\/\/fadeu.urantiacos.cl\/en\/2021\/01\/26\/ex-director-de-la-escuela-de-diseno-robert-holmes-lanza-libro-que-invita-a-reflexionar-sobre-el-espacio-y-la-escultura\/"]}]},{"@type":"ImageObject","inLanguage":"en-US","@id":"https:\/\/fadeu.urantiacos.cl\/en\/2021\/01\/26\/ex-director-de-la-escuela-de-diseno-robert-holmes-lanza-libro-que-invita-a-reflexionar-sobre-el-espacio-y-la-escultura\/#primaryimage","url":"https:\/\/fadeu.urantiacos.cl\/wp-content\/uploads\/2023\/09\/LIBRO_HOLMES.jpg","contentUrl":"https:\/\/fadeu.urantiacos.cl\/wp-content\/uploads\/2023\/09\/LIBRO_HOLMES.jpg","width":350,"height":250},{"@type":"BreadcrumbList","@id":"https:\/\/fadeu.urantiacos.cl\/en\/2021\/01\/26\/ex-director-de-la-escuela-de-diseno-robert-holmes-lanza-libro-que-invita-a-reflexionar-sobre-el-espacio-y-la-escultura\/#breadcrumb","itemListElement":[{"@type":"ListItem","position":1,"name":"Portada","item":"https:\/\/fadeu.urantiacos.cl\/en\/"},{"@type":"ListItem","position":2,"name":"Ex Director de la escuela de Dise\u00f1o, Robert Holmes, lanza libro que invita a reflexionar sobre el espacio y la escultura"}]},{"@type":"WebSite","@id":"https:\/\/fadeu.urantiacos.cl\/en\/#website","url":"https:\/\/fadeu.urantiacos.cl\/en\/","name":"Facultad de Arquitectura, Dise\u00f1o y Estudios Urbanos","description":"Campus Lo Contador","potentialAction":[{"@type":"SearchAction","target":{"@type":"EntryPoint","urlTemplate":"https:\/\/fadeu.urantiacos.cl\/en\/?s={search_term_string}"},"query-input":{"@type":"PropertyValueSpecification","valueRequired":true,"valueName":"search_term_string"}}],"inLanguage":"en-US"},{"@type":"Person","@id":"https:\/\/fadeu.urantiacos.cl\/en\/#\/schema\/person\/d203e2e84b1c40275eac77b3061a19a2","name":"manadmin","image":{"@type":"ImageObject","inLanguage":"en-US","@id":"https:\/\/fadeu.urantiacos.cl\/en\/#\/schema\/person\/image\/","url":"https:\/\/secure.gravatar.com\/avatar\/4b1d8e3303b4a9d8968ac578947d8bc80d9aea359f388cdd4aac15cadc0e8447?s=96&d=mm&r=g","contentUrl":"https:\/\/secure.gravatar.com\/avatar\/4b1d8e3303b4a9d8968ac578947d8bc80d9aea359f388cdd4aac15cadc0e8447?s=96&d=mm&r=g","caption":"manadmin"},"sameAs":["https:\/\/fadeu.urantiacos.cl"]}]}},"_links":{"self":[{"href":"https:\/\/fadeu.urantiacos.cl\/en\/wp-json\/wp\/v2\/posts\/7509","targetHints":{"allow":["GET"]}}],"collection":[{"href":"https:\/\/fadeu.urantiacos.cl\/en\/wp-json\/wp\/v2\/posts"}],"about":[{"href":"https:\/\/fadeu.urantiacos.cl\/en\/wp-json\/wp\/v2\/types\/post"}],"author":[{"embeddable":true,"href":"https:\/\/fadeu.urantiacos.cl\/en\/wp-json\/wp\/v2\/users\/1"}],"replies":[{"embeddable":true,"href":"https:\/\/fadeu.urantiacos.cl\/en\/wp-json\/wp\/v2\/comments?post=7509"}],"version-history":[{"count":1,"href":"https:\/\/fadeu.urantiacos.cl\/en\/wp-json\/wp\/v2\/posts\/7509\/revisions"}],"predecessor-version":[{"id":7511,"href":"https:\/\/fadeu.urantiacos.cl\/en\/wp-json\/wp\/v2\/posts\/7509\/revisions\/7511"}],"wp:featuredmedia":[{"embeddable":true,"href":"https:\/\/fadeu.urantiacos.cl\/en\/wp-json\/wp\/v2\/media\/7510"}],"wp:attachment":[{"href":"https:\/\/fadeu.urantiacos.cl\/en\/wp-json\/wp\/v2\/media?parent=7509"}],"wp:term":[{"taxonomy":"category","embeddable":true,"href":"https:\/\/fadeu.urantiacos.cl\/en\/wp-json\/wp\/v2\/categories?post=7509"},{"taxonomy":"post_tag","embeddable":true,"href":"https:\/\/fadeu.urantiacos.cl\/en\/wp-json\/wp\/v2\/tags?post=7509"}],"curies":[{"name":"wp","href":"https:\/\/api.w.org\/{rel}","templated":true}]}}