{"id":7503,"date":"2021-01-27T22:14:00","date_gmt":"2021-01-28T01:14:00","guid":{"rendered":"https:\/\/fadeu.urantiacos.cl\/?p=7503"},"modified":"2023-09-08T22:19:40","modified_gmt":"2023-09-09T01:19:40","slug":"crisis-sanitaria-elecciones-lanzamientos-y-educacion-remota-el-resiliente-2020-fadeu","status":"publish","type":"post","link":"https:\/\/fadeu.urantiacos.cl\/en\/2021\/01\/27\/crisis-sanitaria-elecciones-lanzamientos-y-educacion-remota-el-resiliente-2020-fadeu\/","title":{"rendered":"Crisis sanitaria, elecciones, lanzamientos y educaci\u00f3n remota: el resiliente 2020 FADEU"},"content":{"rendered":"\n<figure class=\"wp-block-image size-full\"><img decoding=\"async\" width=\"350\" height=\"250\" src=\"https:\/\/fadeu.urantiacos.cl\/wp-content\/uploads\/2023\/09\/FADEU_FOTO_2.png\" alt=\"\" class=\"wp-image-7504\" srcset=\"https:\/\/fadeu.urantiacos.cl\/wp-content\/uploads\/2023\/09\/FADEU_FOTO_2.png 350w, https:\/\/fadeu.urantiacos.cl\/wp-content\/uploads\/2023\/09\/FADEU_FOTO_2-300x214.png 300w\" sizes=\"(max-width: 350px) 100vw, 350px\" \/><\/figure>\n\n\n\n<p>A pesar de las complejidades, el calendario acad\u00e9mico se cumpli\u00f3 a cabalidad, y hubo positivos procesos de evaluaci\u00f3n docente, lo que habla de la excelente disposici\u00f3n que acad\u00e9micos y estudiantes han tenido para sobreponerse a la adversidad que supone el confinamiento y poder ejercer la docencia e investigaci\u00f3n con nuevas modalidades en las escuelas de Arquitectura y Dise\u00f1o y al Instituto de Estudios Urbanos y Territoriales.<\/p>\n\n\n\n<p>\u201cEs un esfuerzo conjunto. Por un lado, la flexibilidad de nuestros estudiantes que han sabido responder y adaptarse a una nueva forma de ense\u00f1anza, que probablemente nos acompa\u00f1ar\u00e1 un tiempo m\u00e1s; la disposici\u00f3n al cambio de nuestros profesores, que supieron estar al d\u00eda con sus asignaturas y contenidos a pesar de las dificultades del mundo digital; y la entrega de nuestros funcionarios y funcionarias, que supieron conducir cada uno su labor para lograr que nuestra Facultad sobrellevar\u00e1 un 2020 extremadamente complejo\u201d, advirti\u00f3 el decano Mario Ubilla.<\/p>\n\n\n\n<p>Adem\u00e1s, a pesar de las dificultades, la Facultad cumpli\u00f3 con los procesos eleccionarios internos que correspond\u00edan y se constituy\u00f3 oficialmente el proceso para elecci\u00f3n de decano para el per\u00edodo 2021 \u2013 2024, resultando electo (por tercera vez consecutiva) el profesor de la escuela de Dise\u00f1o, Mario Ubilla, arquitecto de la Pontificia Universidad Cat\u00f3lica y dise\u00f1ador de la Universidad Cat\u00f3lica de Valpara\u00edso.<\/p>\n\n\n\n<p>Adem\u00e1s, una muy buena noticia enorgulleci\u00f3 a la comunidad de la escuela de Dise\u00f1o y la Facultad, al ser nombrada la profesora Paz Cox, como representante de los profesores ante el Honorable Consejo Superior de la Pontificia Universidad Cat\u00f3lica, junto a otros tres profesores UC.<\/p>\n\n\n\n<p><strong>Crece Lo Contador<\/strong><\/p>\n\n\n\n<p>En diciembre de 2020 se iniciaron las obras de construcci\u00f3n del nuevo Edificio de Facultad, faenas que tienen una duraci\u00f3n estimada de 18 meses, por lo que la inauguraci\u00f3n se espera para 2022.<\/p>\n\n\n\n<p>El edificio tendr\u00e1 4.200 metros cuadrados, y responde a \u201cun anhelo de Facultad, pues est\u00e1 referido a nuestro rol m\u00e1s importante, que es el de formar personas, el de educar en el dise\u00f1o, la arquitectura y la ciudad. Por ello, el edificio pone su centro en las aulas, en el lugar donde se aprende y se reciben los conocimientos que van a ser determinantes en el futuro arquitecto, dise\u00f1ador y planificador urbano\u201d, coment\u00f3 el Decano Mario Ubilla.<\/p>\n\n\n\n<p>\u201cEs un edifico que tendr\u00e1 salas de distintos tama\u00f1os y que cumplen diversos roles. Por otro lado, considera al casino que se encontraba en el pol\u00edgono patrimonial de la casona y que su traslado hace un reconocimiento a la fachada oriente de la casona\u201d, agreg\u00f3 el Decano y explic\u00f3 \u201cque es un espacio que adem\u00e1s de considerar estacionamientos, tendr\u00e1 un espacio para el Archivo de Originales que es donde esta el acervo cutlural de nuestra Facultad y donde se genera conocimiento tanto en docencia como en investigaci\u00f3n\u201d.<\/p>\n\n\n\n<p>Asimismo, se inaugur\u00f3 la ampliaci\u00f3n del Laboratorio de Modelos y Prototipos FADEU, una gran aula abierta de 180 metros cuadrados, aproximadamente, iniciativa que recoge necesidades planteadas por los estudiantes y acad\u00e9micos de las carreras de Arquitectura y Dise\u00f1o, quienes realizan trabajos de prototipado y\/o construcci\u00f3n de maquetas a escala y modelos.<\/p>\n\n\n\n<p>\u201cPara ello se necesitaba un patio que permitiera mejores condiciones de trabajo y que no interrumpiera otras actividades del Campus, tomando en cuenta, adem\u00e1s, que son trabajos que implican la generaci\u00f3n de residuos y ruido por la utilizaci\u00f3n de herramientas\u201d, afirm\u00f3 el Decano Mario Ubilla, agregando que \u201cse ha dispuesto de una nueva \u00e1rea de trabajo y la conexi\u00f3n directa y expedita con el taller de herramientas, lo que implica, por supuesto, que el patio es de uso exclusivo del Laboratorio de Modelos y Prototipos\u201d.<\/p>\n\n\n\n<p>A juicio del jefe del Laboratorio, el profesor de la escuela de Arquitectura, Francisco Chateau, el Laboratorio de Modelos y Prototipos, junto con la Biblioteca del campus, es uno de los lugares que re\u00fane con mayor naturalidad a los estudiantes y acad\u00e9micos de las escuelas de Arquitectura y Dise\u00f1o.<\/p>\n\n\n\n<p>\u201cSu organizaci\u00f3n espacial promueve el trabajo colaborativo bajo una organizaci\u00f3n relativamente horizontal, diferenciado las \u00e1reas de trabajo en funci\u00f3n de los equipos y herramientas alojados en su interior, caracterizando las diferentes zonas de acuerdo a los procesos tecnol\u00f3gicos y constructivos que all\u00ed se realizan\u201d, agreg\u00f3.<\/p>\n\n\n\n<p>Tambi\u00e9n se encuentran avanzadas las obras de la Galer\u00eda Gallo, cuya inauguraci\u00f3n se tiene planificada para el primer semestre de 2021.<\/p>\n\n\n\n<p>Se trata de un proyecto apoyado por la Direcci\u00f3n de Comunicaciones y Extensi\u00f3n del Decanato, que dirige la profesora Macarena Cort\u00e9s, y responde a una iniciativa de los docentes de las Escuelas de Dise\u00f1o y Arquitectura, Patricio Pozo y Sebasti\u00e1n Irarr\u00e1zaval, respectivamente.<\/p>\n\n\n\n<p>La remodelaci\u00f3n de sala contigua a las oficinas de la Pastoral UC, enfrentando al patio de Madera, se hizo a partir del proyecto ganado por concurso por los arquitectos Juan Ram\u00f3n Samaniego, Mar\u00eda Emilia Lavanchy y Benjam\u00edn Lezaeta.<\/p>\n\n\n\n<p>Cuenta con las asesor\u00edas del Centro del Patrimonio Cultural UC, a trav\u00e9s de su Director Umberto Bonomo y del Laboratorio de Iluminaci\u00f3n a trav\u00e9s de Douglas Leonard, y ha recibido financiamiento privado para su remodelaci\u00f3n de BTGPactual y Arteknia.<\/p>\n\n\n\n<figure class=\"wp-block-image size-full\"><img decoding=\"async\" width=\"960\" height=\"540\" src=\"https:\/\/fadeu.urantiacos.cl\/wp-content\/uploads\/2023\/09\/138644496_1581239972068137_2181589066920323721_o.jpg\" alt=\"\" class=\"wp-image-7505\" srcset=\"https:\/\/fadeu.urantiacos.cl\/wp-content\/uploads\/2023\/09\/138644496_1581239972068137_2181589066920323721_o.jpg 960w, https:\/\/fadeu.urantiacos.cl\/wp-content\/uploads\/2023\/09\/138644496_1581239972068137_2181589066920323721_o-300x169.jpg 300w, https:\/\/fadeu.urantiacos.cl\/wp-content\/uploads\/2023\/09\/138644496_1581239972068137_2181589066920323721_o-768x432.jpg 768w\" sizes=\"(max-width: 960px) 100vw, 960px\" \/><\/figure>\n\n\n\n<p><strong>Publicaciones e iniciativas acad\u00e9micas<\/strong><\/p>\n\n\n\n<p>Un hito importante de 2020 fue el lanzamiento del libro \u201cPaneles voladores\u201d de los profesores Alonso (Arquitectura) y Palmarola (Dise\u00f1o), que revisa y explora la historia cultural de la construcci\u00f3n modular y sus impactos e influencias en la sociedad, la pol\u00edtica y el arte.<\/p>\n\n\n\n<p>El libro, de tapa dura y a color, cuenta con 288 p\u00e1ginas. Fue co-editado por Dom Publishers y Ediciones UC. Su dise\u00f1o editorial fue realizado por Brand Union, y fue publicado tambi\u00e9n en versiones en sueco e ingl\u00e9s para su distribuci\u00f3n internacional.<\/p>\n\n\n\n<p>La obra contiene art\u00edculos originales de Michael Abrahamson (EE.UU.), Jimena Castillo (Chile), Adrian Forty (Reino Unido), Boris Groys (Alemania), Maria Lind (Suecia), Jennifer Mack (EE.UU), Philipp Meuser (Alemania), Natalya Solopova (Rusia), Erik Stenberg (Suecia) y Christine Varga-Harris (EE.UU.), as\u00ed como art\u00edculos de los docentes Palmarola y Alonso.<\/p>\n\n\n\n<p>Asimismo, se public\u00f3 el \u00faltimo libro de la colecci\u00f3n Trazos, del profesor Germ\u00e1n Hidalgo, titulado \u201cDibujo y Observaci\u00f3n, una pr\u00e1ctica persistente en Alberto Cruz\u201d, que en conjunto con: \u201cDibujo y Proyecto\u201d y \u201cSobre el Croquis\u201d, son los tres t\u00edtulos que dan vida a esta colecci\u00f3n, una iniciativa conjunta del profesor, junto a la escuela de Arquitectura, ediciones ARQ y la Facultad de Arquitectura, Dise\u00f1o y Estudios Urbanos.<\/p>\n\n\n\n<p>La tercera entrega presenta al lector estudios de textos, im\u00e1genes y apuntes de viajes realizados por el reconocido arquitecto Alberto Cruz, y en m\u00e1s de 100 p\u00e1ginas propone una interesante y siempre vigente reflexi\u00f3n sobre el valor del dibujo para la pr\u00e1ctica de la arquitectura, y de su importancia a la hora de representar el entorno, la naturaleza, el mundo construido, la ciudad y el territorio.<\/p>\n\n\n\n<p>En tanto, el acad\u00e9mico y ex director de la escuela de Dise\u00f1o, Robert Holmes Lezaeta lanz\u00f3 el libro&nbsp;\u201cLa experiencia del espacio: una aproximaci\u00f3n desde la escultura\u201d,&nbsp; editado por Ediciones UC.&nbsp;&nbsp;La publicaci\u00f3n presenta la s\u00edntesis de una extensa investigaci\u00f3n y experimentaci\u00f3n sobre la experiencia del espacio en la escultura, contextualizada en un campo interdisciplinar expandido que incluye la arquitectura y otras artes que abordan la espacialidad como est\u00edmulo a la formulaci\u00f3n permanente de preguntas que inspiran procesos creativos.&nbsp;<\/p>\n\n\n\n<p>El libro, de m\u00e1s de 160 p\u00e1ginas, fue dise\u00f1ado por Larissa Holmes e impreso en Imprentas Salesianos, y fue un proyecto que cont\u00f3 con apoyo directo del decanato de la Facultad de Arquitectura, Dise\u00f1o y Estudios Urbanos, a trav\u00e9s del decano Mario Ubilla, y de Ediciones UC para su publicaci\u00f3n.<\/p>\n\n\n\n<figure class=\"wp-block-image size-large\"><img decoding=\"async\" width=\"754\" height=\"1024\" src=\"https:\/\/fadeu.urantiacos.cl\/wp-content\/uploads\/2023\/09\/PORTADA_ROBERT_HOLMES3-754x1024.jpg\" alt=\"\" class=\"wp-image-7506\" srcset=\"https:\/\/fadeu.urantiacos.cl\/wp-content\/uploads\/2023\/09\/PORTADA_ROBERT_HOLMES3-754x1024.jpg 754w, https:\/\/fadeu.urantiacos.cl\/wp-content\/uploads\/2023\/09\/PORTADA_ROBERT_HOLMES3-221x300.jpg 221w, https:\/\/fadeu.urantiacos.cl\/wp-content\/uploads\/2023\/09\/PORTADA_ROBERT_HOLMES3-768x1043.jpg 768w, https:\/\/fadeu.urantiacos.cl\/wp-content\/uploads\/2023\/09\/PORTADA_ROBERT_HOLMES3-1131x1536.jpg 1131w, https:\/\/fadeu.urantiacos.cl\/wp-content\/uploads\/2023\/09\/PORTADA_ROBERT_HOLMES3-1508x2048.jpg 1508w, https:\/\/fadeu.urantiacos.cl\/wp-content\/uploads\/2023\/09\/PORTADA_ROBERT_HOLMES3-scaled.jpg 884w\" sizes=\"(max-width: 754px) 100vw, 754px\" \/><\/figure>\n\n\n\n<p><strong>Apoyo a la educaci\u00f3n continua y series de conversaci\u00f3n<\/strong><\/p>\n\n\n\n<p>\u201cInteriorismo y equipamiento: El mueble como articulador del espacio\u201d fue la charla que dict\u00f3 el Decano de la Facultad de Arquitectura, Dise\u00f1o y Estudios Urbanos UC, Mario Ubilla, que cerr\u00f3 el ciclo \u201cReflexiones de Futuro: Dise\u00f1o y Arquitectura para las nuevas tendencias y tecnolog\u00edas\u201d, iniciativa desarrollada conjuntamente por la Direcci\u00f3n de Comunicaciones de la Facultad, Las Condes Design y las \u00e1reas de educaci\u00f3n continua de las escuelas de Arquitectura y Dise\u00f1o.<\/p>\n\n\n\n<p>Doce charlas se realizaron entre marzo y septiembre, y entregaron conocimientos de avanzada a trav\u00e9s de presentaciones realizadas por los jefes de programa y docentes de los programas de educaci\u00f3n continua de ambas escuelas, en el marco de una iniciativa que pretendi\u00f3 acoger la innovaci\u00f3n, las nuevas tendencias y tecnolog\u00edas en materias relacionadas a las disciplinas proyectuales.<\/p>\n\n\n\n<p>Se abordaron temas tan diversos como la fotograf\u00eda en arquitectura, patrimonio, accesibilidad universal; iluminaci\u00f3n y Vitrinismo; branding; sustentabilidad; textiles, y otros. Con ellos, se propuso mirar hacia el futuro de la profesi\u00f3n desde miradas particulares y especializadas en materias relevantes para el dise\u00f1o y la arquitectura, con m\u00e1s de 2.000 asistentes de manera remota a todas las charlas.<\/p>\n\n\n\n<p>Por otro lado, importante cantidad de visualizaciones online (YouTube) tuvo el Ciclo \u201cMujeres y Arquitectura Moderna\u201d, organizado por la Facultad de Arquitectura, Dise\u00f1o y Estudios Urbanos; el Centro del Patrimonio Cultural UC; la escuela de Arquitectura y DOCOMOMO Chile, instancia que fue coordinada por los profesores Hugo Mondrag\u00f3n y Macarena Cort\u00e9s (tambi\u00e9n Directora de Comunicaciones y Extensi\u00f3n FADEU).<\/p>\n\n\n\n<p>El ciclo fue concebido para relevar y reconocer la contribuci\u00f3n que un grupo de mujeres, actuando desde distintos \u00e1mbitos, hizo a la arquitectura moderna para que \u00e9sta fuera un fen\u00f3meno revolucionario y transformador que afect\u00f3 la vida de una multitud de mujeres y hombres modernos.<\/p>\n\n\n\n<p>As\u00ed, se busc\u00f3, en palabras de sus organizadores, \u201ccontribuir a la verdad hist\u00f3rica, proponer una explicaci\u00f3n m\u00e1s acabada del fen\u00f3meno arquitect\u00f3nico, pero sobre todo traer al primer plano de la discusi\u00f3n una serie de actuaciones que no recibieron en su momento un juicio cr\u00edtico por parte de sus pares, ni han ocupado en la historiograf\u00eda una posici\u00f3n n\u00edtida ni clara, debido a que quienes construyeron la narrativa oficial de lo ocurrido tendieron a pasarlas por alto, por mala intenci\u00f3n o por descuido\u201d.<\/p>\n\n\n\n<p>Asimismo, destacaron dos series de debate, reflexi\u00f3n y conversaciones que desarroll\u00f3 el Instituto de Estudios Urbanos y Territoriales, organizados por el Mag\u00edster en Desarrollo Urbano y el Mag\u00edster en Asentamientos Humanos y Medio Ambiente.<\/p>\n\n\n\n<p>La primera de estas series, titulada \u201cCovid-19: preguntas y respuestas desde la ciudad\u201d, convoc\u00f3 a cerca de 400 personas para conversar y dialogar respecto de m\u00faltiples tem\u00e1ticas urbanas y territoriales que se tensionaron con la pandemia, como la densificaci\u00f3n residencial, la relaci\u00f3n entre la higiene y el urbanismo, la nueva gobernanza para las regiones y la ciudad post pandemia, o las consideraciones ambientales para el debido y adecuado ordenamiento territorial.<\/p>\n\n\n\n<p>Luego, durante el segundo semestre, los mag\u00edsteres del IEUT convocaron una segunda serie de conversatorios titulada \u201cA un a\u00f1o del 18-O: Aportes a la discusi\u00f3n desde la ciudad y el territorio\u201d, que congreg\u00f3 a casi 300 personas en torno a tem\u00e1ticas como el mercado inmobiliario, la marginalidad urbana, la relaci\u00f3n entre las comunidades y la actividad minera y las experiencias barriales en el per\u00edodo post estallido social.<\/p>\n\n\n\n<p><strong>Programa del Doctorado entreg\u00f3 la documentaci\u00f3n para proceso de acreditaci\u00f3n<\/strong><\/p>\n\n\n\n<p>Pese a la crisis sanitaria, el Programa de Doctorado en Arquitectura y Estudios Urbanos cumpli\u00f3 con los tiempos con la Vicerrector\u00eda de Investigaci\u00f3n acordados&nbsp; por la Comisi\u00f3n Nacional de Acreditaci\u00f3n para realizar la entrega de los antecedentes para el proceso de acreditaci\u00f3n 2021 ante&nbsp;&nbsp;la Comisi\u00f3n Nacional de Acreditaci\u00f3n.<\/p>\n\n\n\n<p>Despu\u00e9s de un largo trabajo de consignaci\u00f3n de antecedentes, anexos obligatorios y adicionales e informe de auto-evaluaci\u00f3n llevados a cabo en un a\u00f1o de pandemia, se procedi\u00f3 a la entrega de la documentaci\u00f3n del Doctorado en Arquitectura y Estudios Urbanos requerida por el proceso de acreditaci\u00f3n ante la CNA a las autoridades de la Facultad y Vicerrector\u00eda de Investigaciones, cumpliendo as\u00ed con los plazos fijados para ello.<\/p>\n\n\n\n<figure class=\"wp-block-image size-large\"><img decoding=\"async\" width=\"1024\" height=\"768\" src=\"https:\/\/fadeu.urantiacos.cl\/wp-content\/uploads\/2023\/09\/67960536_2476248929295503_7824992214978658304_o-1024x768.jpg\" alt=\"\" class=\"wp-image-7507\" srcset=\"https:\/\/fadeu.urantiacos.cl\/wp-content\/uploads\/2023\/09\/67960536_2476248929295503_7824992214978658304_o-1024x768.jpg 1024w, https:\/\/fadeu.urantiacos.cl\/wp-content\/uploads\/2023\/09\/67960536_2476248929295503_7824992214978658304_o-300x225.jpg 300w, https:\/\/fadeu.urantiacos.cl\/wp-content\/uploads\/2023\/09\/67960536_2476248929295503_7824992214978658304_o-768x576.jpg 768w, https:\/\/fadeu.urantiacos.cl\/wp-content\/uploads\/2023\/09\/67960536_2476248929295503_7824992214978658304_o-1536x1152.jpg 1536w, https:\/\/fadeu.urantiacos.cl\/wp-content\/uploads\/2023\/09\/67960536_2476248929295503_7824992214978658304_o.jpg 1600w\" sizes=\"(max-width: 1024px) 100vw, 1024px\" \/><\/figure>\n\n\n\n<p>INFORMACI\u00d3N PERIOD\u00cdSTICA<br>JUAN ANDR\u00c9S INZUNZA<\/p>\n","protected":false},"excerpt":{"rendered":"<p>El 2020 quedar\u00e1 en los registros como uno de los m\u00e1s complejos para el mundo en la historia del siglo XXI. Ello, porque la pandemia por COVID-19 impuso nuevas reglas de convivencia, distanciamiento f\u00edsico y reestructuraci\u00f3n de un sinf\u00edn de actividades, entre las cuales, la gesti\u00f3n acad\u00e9mica no qued\u00f3 exenta.<\/p>\n","protected":false},"author":1,"featured_media":7504,"comment_status":"open","ping_status":"open","sticky":false,"template":"","format":"standard","meta":{"_acf_changed":false,"footnotes":""},"categories":[1],"tags":[],"class_list":["post-7503","post","type-post","status-publish","format-standard","has-post-thumbnail","hentry","category-sin-categorizar"],"acf":[],"yoast_head":"<!-- This site is optimized with the Yoast SEO plugin v27.1.1 - https:\/\/yoast.com\/product\/yoast-seo-wordpress\/ -->\n<title>Crisis sanitaria, elecciones, lanzamientos y educaci\u00f3n remota: el resiliente 2020 FADEU - Facultad de Arquitectura, Dise\u00f1o y Estudios Urbanos<\/title>\n<meta name=\"description\" content=\"El 2020 quedar\u00e1 en los registros como uno de los m\u00e1s complejos para el mundo en la historia del siglo XXI. Ello, porque la pandemia por COVID-19 impuso nuevas reglas de convivencia, distanciamiento f\u00edsico y reestructuraci\u00f3n de un sinf\u00edn de actividades, entre las cuales, la gesti\u00f3n acad\u00e9mica no qued\u00f3 exenta.\" \/>\n<meta name=\"robots\" content=\"index, follow, max-snippet:-1, max-image-preview:large, max-video-preview:-1\" \/>\n<link rel=\"canonical\" href=\"https:\/\/fadeu.urantiacos.cl\/en\/2021\/01\/27\/crisis-sanitaria-elecciones-lanzamientos-y-educacion-remota-el-resiliente-2020-fadeu\/\" \/>\n<meta property=\"og:locale\" content=\"en_US\" \/>\n<meta property=\"og:type\" content=\"article\" \/>\n<meta property=\"og:title\" content=\"Crisis sanitaria, elecciones, lanzamientos y educaci\u00f3n remota: el resiliente 2020 FADEU - Facultad de Arquitectura, Dise\u00f1o y Estudios Urbanos\" \/>\n<meta property=\"og:description\" content=\"El 2020 quedar\u00e1 en los registros como uno de los m\u00e1s complejos para el mundo en la historia del siglo XXI. Ello, porque la pandemia por COVID-19 impuso nuevas reglas de convivencia, distanciamiento f\u00edsico y reestructuraci\u00f3n de un sinf\u00edn de actividades, entre las cuales, la gesti\u00f3n acad\u00e9mica no qued\u00f3 exenta.\" \/>\n<meta property=\"og:url\" content=\"https:\/\/fadeu.urantiacos.cl\/en\/2021\/01\/27\/crisis-sanitaria-elecciones-lanzamientos-y-educacion-remota-el-resiliente-2020-fadeu\/\" \/>\n<meta property=\"og:site_name\" content=\"Facultad de Arquitectura, Dise\u00f1o y Estudios Urbanos\" \/>\n<meta property=\"article:published_time\" content=\"2021-01-28T01:14:00+00:00\" \/>\n<meta property=\"article:modified_time\" content=\"2023-09-09T01:19:40+00:00\" \/>\n<meta property=\"og:image\" content=\"https:\/\/fadeu.urantiacos.cl\/wp-content\/uploads\/2023\/09\/FADEU_FOTO_2.png\" \/>\n\t<meta property=\"og:image:width\" content=\"350\" \/>\n\t<meta property=\"og:image:height\" content=\"250\" \/>\n\t<meta property=\"og:image:type\" content=\"image\/png\" \/>\n<meta name=\"author\" content=\"manadmin\" \/>\n<meta name=\"twitter:card\" content=\"summary_large_image\" \/>\n<meta name=\"twitter:label1\" content=\"Written by\" \/>\n\t<meta name=\"twitter:data1\" content=\"manadmin\" \/>\n\t<meta name=\"twitter:label2\" content=\"Est. reading time\" \/>\n\t<meta name=\"twitter:data2\" content=\"10 minutes\" \/>\n<script type=\"application\/ld+json\" class=\"yoast-schema-graph\">{\"@context\":\"https:\/\/schema.org\",\"@graph\":[{\"@type\":\"Article\",\"@id\":\"https:\/\/fadeu.urantiacos.cl\/en\/2021\/01\/27\/crisis-sanitaria-elecciones-lanzamientos-y-educacion-remota-el-resiliente-2020-fadeu\/#article\",\"isPartOf\":{\"@id\":\"https:\/\/fadeu.urantiacos.cl\/en\/2021\/01\/27\/crisis-sanitaria-elecciones-lanzamientos-y-educacion-remota-el-resiliente-2020-fadeu\/\"},\"author\":{\"name\":\"manadmin\",\"@id\":\"https:\/\/fadeu.urantiacos.cl\/en\/#\/schema\/person\/d203e2e84b1c40275eac77b3061a19a2\"},\"headline\":\"Crisis sanitaria, elecciones, lanzamientos y educaci\u00f3n remota: el resiliente 2020 FADEU\",\"datePublished\":\"2021-01-28T01:14:00+00:00\",\"dateModified\":\"2023-09-09T01:19:40+00:00\",\"mainEntityOfPage\":{\"@id\":\"https:\/\/fadeu.urantiacos.cl\/en\/2021\/01\/27\/crisis-sanitaria-elecciones-lanzamientos-y-educacion-remota-el-resiliente-2020-fadeu\/\"},\"wordCount\":2084,\"commentCount\":0,\"image\":{\"@id\":\"https:\/\/fadeu.urantiacos.cl\/en\/2021\/01\/27\/crisis-sanitaria-elecciones-lanzamientos-y-educacion-remota-el-resiliente-2020-fadeu\/#primaryimage\"},\"thumbnailUrl\":\"https:\/\/fadeu.urantiacos.cl\/wp-content\/uploads\/2023\/09\/FADEU_FOTO_2.png\",\"articleSection\":[\"Sin categorizar\"],\"inLanguage\":\"en-US\",\"potentialAction\":[{\"@type\":\"CommentAction\",\"name\":\"Comment\",\"target\":[\"https:\/\/fadeu.urantiacos.cl\/en\/2021\/01\/27\/crisis-sanitaria-elecciones-lanzamientos-y-educacion-remota-el-resiliente-2020-fadeu\/#respond\"]}]},{\"@type\":\"WebPage\",\"@id\":\"https:\/\/fadeu.urantiacos.cl\/en\/2021\/01\/27\/crisis-sanitaria-elecciones-lanzamientos-y-educacion-remota-el-resiliente-2020-fadeu\/\",\"url\":\"https:\/\/fadeu.urantiacos.cl\/en\/2021\/01\/27\/crisis-sanitaria-elecciones-lanzamientos-y-educacion-remota-el-resiliente-2020-fadeu\/\",\"name\":\"Crisis sanitaria, elecciones, lanzamientos y educaci\u00f3n remota: el resiliente 2020 FADEU - Facultad de Arquitectura, Dise\u00f1o y Estudios Urbanos\",\"isPartOf\":{\"@id\":\"https:\/\/fadeu.urantiacos.cl\/en\/#website\"},\"primaryImageOfPage\":{\"@id\":\"https:\/\/fadeu.urantiacos.cl\/en\/2021\/01\/27\/crisis-sanitaria-elecciones-lanzamientos-y-educacion-remota-el-resiliente-2020-fadeu\/#primaryimage\"},\"image\":{\"@id\":\"https:\/\/fadeu.urantiacos.cl\/en\/2021\/01\/27\/crisis-sanitaria-elecciones-lanzamientos-y-educacion-remota-el-resiliente-2020-fadeu\/#primaryimage\"},\"thumbnailUrl\":\"https:\/\/fadeu.urantiacos.cl\/wp-content\/uploads\/2023\/09\/FADEU_FOTO_2.png\",\"datePublished\":\"2021-01-28T01:14:00+00:00\",\"dateModified\":\"2023-09-09T01:19:40+00:00\",\"author\":{\"@id\":\"https:\/\/fadeu.urantiacos.cl\/en\/#\/schema\/person\/d203e2e84b1c40275eac77b3061a19a2\"},\"description\":\"El 2020 quedar\u00e1 en los registros como uno de los m\u00e1s complejos para el mundo en la historia del siglo XXI. Ello, porque la pandemia por COVID-19 impuso nuevas reglas de convivencia, distanciamiento f\u00edsico y reestructuraci\u00f3n de un sinf\u00edn de actividades, entre las cuales, la gesti\u00f3n acad\u00e9mica no qued\u00f3 exenta.\",\"breadcrumb\":{\"@id\":\"https:\/\/fadeu.urantiacos.cl\/en\/2021\/01\/27\/crisis-sanitaria-elecciones-lanzamientos-y-educacion-remota-el-resiliente-2020-fadeu\/#breadcrumb\"},\"inLanguage\":\"en-US\",\"potentialAction\":[{\"@type\":\"ReadAction\",\"target\":[\"https:\/\/fadeu.urantiacos.cl\/en\/2021\/01\/27\/crisis-sanitaria-elecciones-lanzamientos-y-educacion-remota-el-resiliente-2020-fadeu\/\"]}]},{\"@type\":\"ImageObject\",\"inLanguage\":\"en-US\",\"@id\":\"https:\/\/fadeu.urantiacos.cl\/en\/2021\/01\/27\/crisis-sanitaria-elecciones-lanzamientos-y-educacion-remota-el-resiliente-2020-fadeu\/#primaryimage\",\"url\":\"https:\/\/fadeu.urantiacos.cl\/wp-content\/uploads\/2023\/09\/FADEU_FOTO_2.png\",\"contentUrl\":\"https:\/\/fadeu.urantiacos.cl\/wp-content\/uploads\/2023\/09\/FADEU_FOTO_2.png\",\"width\":350,\"height\":250},{\"@type\":\"BreadcrumbList\",\"@id\":\"https:\/\/fadeu.urantiacos.cl\/en\/2021\/01\/27\/crisis-sanitaria-elecciones-lanzamientos-y-educacion-remota-el-resiliente-2020-fadeu\/#breadcrumb\",\"itemListElement\":[{\"@type\":\"ListItem\",\"position\":1,\"name\":\"Portada\",\"item\":\"https:\/\/fadeu.urantiacos.cl\/en\/\"},{\"@type\":\"ListItem\",\"position\":2,\"name\":\"Crisis sanitaria, elecciones, lanzamientos y educaci\u00f3n remota: el resiliente 2020 FADEU\"}]},{\"@type\":\"WebSite\",\"@id\":\"https:\/\/fadeu.urantiacos.cl\/en\/#website\",\"url\":\"https:\/\/fadeu.urantiacos.cl\/en\/\",\"name\":\"Facultad de Arquitectura, Dise\u00f1o y Estudios Urbanos\",\"description\":\"Campus Lo Contador\",\"potentialAction\":[{\"@type\":\"SearchAction\",\"target\":{\"@type\":\"EntryPoint\",\"urlTemplate\":\"https:\/\/fadeu.urantiacos.cl\/en\/?s={search_term_string}\"},\"query-input\":{\"@type\":\"PropertyValueSpecification\",\"valueRequired\":true,\"valueName\":\"search_term_string\"}}],\"inLanguage\":\"en-US\"},{\"@type\":\"Person\",\"@id\":\"https:\/\/fadeu.urantiacos.cl\/en\/#\/schema\/person\/d203e2e84b1c40275eac77b3061a19a2\",\"name\":\"manadmin\",\"image\":{\"@type\":\"ImageObject\",\"inLanguage\":\"en-US\",\"@id\":\"https:\/\/fadeu.urantiacos.cl\/en\/#\/schema\/person\/image\/\",\"url\":\"https:\/\/secure.gravatar.com\/avatar\/4b1d8e3303b4a9d8968ac578947d8bc80d9aea359f388cdd4aac15cadc0e8447?s=96&d=mm&r=g\",\"contentUrl\":\"https:\/\/secure.gravatar.com\/avatar\/4b1d8e3303b4a9d8968ac578947d8bc80d9aea359f388cdd4aac15cadc0e8447?s=96&d=mm&r=g\",\"caption\":\"manadmin\"},\"sameAs\":[\"https:\/\/fadeu.urantiacos.cl\"]}]}<\/script>\n<!-- \/ Yoast SEO plugin. -->","yoast_head_json":{"title":"Crisis sanitaria, elecciones, lanzamientos y educaci\u00f3n remota: el resiliente 2020 FADEU - Facultad de Arquitectura, Dise\u00f1o y Estudios Urbanos","description":"El 2020 quedar\u00e1 en los registros como uno de los m\u00e1s complejos para el mundo en la historia del siglo XXI. Ello, porque la pandemia por COVID-19 impuso nuevas reglas de convivencia, distanciamiento f\u00edsico y reestructuraci\u00f3n de un sinf\u00edn de actividades, entre las cuales, la gesti\u00f3n acad\u00e9mica no qued\u00f3 exenta.","robots":{"index":"index","follow":"follow","max-snippet":"max-snippet:-1","max-image-preview":"max-image-preview:large","max-video-preview":"max-video-preview:-1"},"canonical":"https:\/\/fadeu.urantiacos.cl\/en\/2021\/01\/27\/crisis-sanitaria-elecciones-lanzamientos-y-educacion-remota-el-resiliente-2020-fadeu\/","og_locale":"en_US","og_type":"article","og_title":"Crisis sanitaria, elecciones, lanzamientos y educaci\u00f3n remota: el resiliente 2020 FADEU - Facultad de Arquitectura, Dise\u00f1o y Estudios Urbanos","og_description":"El 2020 quedar\u00e1 en los registros como uno de los m\u00e1s complejos para el mundo en la historia del siglo XXI. Ello, porque la pandemia por COVID-19 impuso nuevas reglas de convivencia, distanciamiento f\u00edsico y reestructuraci\u00f3n de un sinf\u00edn de actividades, entre las cuales, la gesti\u00f3n acad\u00e9mica no qued\u00f3 exenta.","og_url":"https:\/\/fadeu.urantiacos.cl\/en\/2021\/01\/27\/crisis-sanitaria-elecciones-lanzamientos-y-educacion-remota-el-resiliente-2020-fadeu\/","og_site_name":"Facultad de Arquitectura, Dise\u00f1o y Estudios Urbanos","article_published_time":"2021-01-28T01:14:00+00:00","article_modified_time":"2023-09-09T01:19:40+00:00","og_image":[{"width":350,"height":250,"url":"https:\/\/fadeu.urantiacos.cl\/wp-content\/uploads\/2023\/09\/FADEU_FOTO_2.png","type":"image\/png"}],"author":"manadmin","twitter_card":"summary_large_image","twitter_misc":{"Written by":"manadmin","Est. reading time":"10 minutes"},"schema":{"@context":"https:\/\/schema.org","@graph":[{"@type":"Article","@id":"https:\/\/fadeu.urantiacos.cl\/en\/2021\/01\/27\/crisis-sanitaria-elecciones-lanzamientos-y-educacion-remota-el-resiliente-2020-fadeu\/#article","isPartOf":{"@id":"https:\/\/fadeu.urantiacos.cl\/en\/2021\/01\/27\/crisis-sanitaria-elecciones-lanzamientos-y-educacion-remota-el-resiliente-2020-fadeu\/"},"author":{"name":"manadmin","@id":"https:\/\/fadeu.urantiacos.cl\/en\/#\/schema\/person\/d203e2e84b1c40275eac77b3061a19a2"},"headline":"Crisis sanitaria, elecciones, lanzamientos y educaci\u00f3n remota: el resiliente 2020 FADEU","datePublished":"2021-01-28T01:14:00+00:00","dateModified":"2023-09-09T01:19:40+00:00","mainEntityOfPage":{"@id":"https:\/\/fadeu.urantiacos.cl\/en\/2021\/01\/27\/crisis-sanitaria-elecciones-lanzamientos-y-educacion-remota-el-resiliente-2020-fadeu\/"},"wordCount":2084,"commentCount":0,"image":{"@id":"https:\/\/fadeu.urantiacos.cl\/en\/2021\/01\/27\/crisis-sanitaria-elecciones-lanzamientos-y-educacion-remota-el-resiliente-2020-fadeu\/#primaryimage"},"thumbnailUrl":"https:\/\/fadeu.urantiacos.cl\/wp-content\/uploads\/2023\/09\/FADEU_FOTO_2.png","articleSection":["Sin categorizar"],"inLanguage":"en-US","potentialAction":[{"@type":"CommentAction","name":"Comment","target":["https:\/\/fadeu.urantiacos.cl\/en\/2021\/01\/27\/crisis-sanitaria-elecciones-lanzamientos-y-educacion-remota-el-resiliente-2020-fadeu\/#respond"]}]},{"@type":"WebPage","@id":"https:\/\/fadeu.urantiacos.cl\/en\/2021\/01\/27\/crisis-sanitaria-elecciones-lanzamientos-y-educacion-remota-el-resiliente-2020-fadeu\/","url":"https:\/\/fadeu.urantiacos.cl\/en\/2021\/01\/27\/crisis-sanitaria-elecciones-lanzamientos-y-educacion-remota-el-resiliente-2020-fadeu\/","name":"Crisis sanitaria, elecciones, lanzamientos y educaci\u00f3n remota: el resiliente 2020 FADEU - Facultad de Arquitectura, Dise\u00f1o y Estudios Urbanos","isPartOf":{"@id":"https:\/\/fadeu.urantiacos.cl\/en\/#website"},"primaryImageOfPage":{"@id":"https:\/\/fadeu.urantiacos.cl\/en\/2021\/01\/27\/crisis-sanitaria-elecciones-lanzamientos-y-educacion-remota-el-resiliente-2020-fadeu\/#primaryimage"},"image":{"@id":"https:\/\/fadeu.urantiacos.cl\/en\/2021\/01\/27\/crisis-sanitaria-elecciones-lanzamientos-y-educacion-remota-el-resiliente-2020-fadeu\/#primaryimage"},"thumbnailUrl":"https:\/\/fadeu.urantiacos.cl\/wp-content\/uploads\/2023\/09\/FADEU_FOTO_2.png","datePublished":"2021-01-28T01:14:00+00:00","dateModified":"2023-09-09T01:19:40+00:00","author":{"@id":"https:\/\/fadeu.urantiacos.cl\/en\/#\/schema\/person\/d203e2e84b1c40275eac77b3061a19a2"},"description":"El 2020 quedar\u00e1 en los registros como uno de los m\u00e1s complejos para el mundo en la historia del siglo XXI. Ello, porque la pandemia por COVID-19 impuso nuevas reglas de convivencia, distanciamiento f\u00edsico y reestructuraci\u00f3n de un sinf\u00edn de actividades, entre las cuales, la gesti\u00f3n acad\u00e9mica no qued\u00f3 exenta.","breadcrumb":{"@id":"https:\/\/fadeu.urantiacos.cl\/en\/2021\/01\/27\/crisis-sanitaria-elecciones-lanzamientos-y-educacion-remota-el-resiliente-2020-fadeu\/#breadcrumb"},"inLanguage":"en-US","potentialAction":[{"@type":"ReadAction","target":["https:\/\/fadeu.urantiacos.cl\/en\/2021\/01\/27\/crisis-sanitaria-elecciones-lanzamientos-y-educacion-remota-el-resiliente-2020-fadeu\/"]}]},{"@type":"ImageObject","inLanguage":"en-US","@id":"https:\/\/fadeu.urantiacos.cl\/en\/2021\/01\/27\/crisis-sanitaria-elecciones-lanzamientos-y-educacion-remota-el-resiliente-2020-fadeu\/#primaryimage","url":"https:\/\/fadeu.urantiacos.cl\/wp-content\/uploads\/2023\/09\/FADEU_FOTO_2.png","contentUrl":"https:\/\/fadeu.urantiacos.cl\/wp-content\/uploads\/2023\/09\/FADEU_FOTO_2.png","width":350,"height":250},{"@type":"BreadcrumbList","@id":"https:\/\/fadeu.urantiacos.cl\/en\/2021\/01\/27\/crisis-sanitaria-elecciones-lanzamientos-y-educacion-remota-el-resiliente-2020-fadeu\/#breadcrumb","itemListElement":[{"@type":"ListItem","position":1,"name":"Portada","item":"https:\/\/fadeu.urantiacos.cl\/en\/"},{"@type":"ListItem","position":2,"name":"Crisis sanitaria, elecciones, lanzamientos y educaci\u00f3n remota: el resiliente 2020 FADEU"}]},{"@type":"WebSite","@id":"https:\/\/fadeu.urantiacos.cl\/en\/#website","url":"https:\/\/fadeu.urantiacos.cl\/en\/","name":"Facultad de Arquitectura, Dise\u00f1o y Estudios Urbanos","description":"Campus Lo Contador","potentialAction":[{"@type":"SearchAction","target":{"@type":"EntryPoint","urlTemplate":"https:\/\/fadeu.urantiacos.cl\/en\/?s={search_term_string}"},"query-input":{"@type":"PropertyValueSpecification","valueRequired":true,"valueName":"search_term_string"}}],"inLanguage":"en-US"},{"@type":"Person","@id":"https:\/\/fadeu.urantiacos.cl\/en\/#\/schema\/person\/d203e2e84b1c40275eac77b3061a19a2","name":"manadmin","image":{"@type":"ImageObject","inLanguage":"en-US","@id":"https:\/\/fadeu.urantiacos.cl\/en\/#\/schema\/person\/image\/","url":"https:\/\/secure.gravatar.com\/avatar\/4b1d8e3303b4a9d8968ac578947d8bc80d9aea359f388cdd4aac15cadc0e8447?s=96&d=mm&r=g","contentUrl":"https:\/\/secure.gravatar.com\/avatar\/4b1d8e3303b4a9d8968ac578947d8bc80d9aea359f388cdd4aac15cadc0e8447?s=96&d=mm&r=g","caption":"manadmin"},"sameAs":["https:\/\/fadeu.urantiacos.cl"]}]}},"_links":{"self":[{"href":"https:\/\/fadeu.urantiacos.cl\/en\/wp-json\/wp\/v2\/posts\/7503","targetHints":{"allow":["GET"]}}],"collection":[{"href":"https:\/\/fadeu.urantiacos.cl\/en\/wp-json\/wp\/v2\/posts"}],"about":[{"href":"https:\/\/fadeu.urantiacos.cl\/en\/wp-json\/wp\/v2\/types\/post"}],"author":[{"embeddable":true,"href":"https:\/\/fadeu.urantiacos.cl\/en\/wp-json\/wp\/v2\/users\/1"}],"replies":[{"embeddable":true,"href":"https:\/\/fadeu.urantiacos.cl\/en\/wp-json\/wp\/v2\/comments?post=7503"}],"version-history":[{"count":1,"href":"https:\/\/fadeu.urantiacos.cl\/en\/wp-json\/wp\/v2\/posts\/7503\/revisions"}],"predecessor-version":[{"id":7508,"href":"https:\/\/fadeu.urantiacos.cl\/en\/wp-json\/wp\/v2\/posts\/7503\/revisions\/7508"}],"wp:featuredmedia":[{"embeddable":true,"href":"https:\/\/fadeu.urantiacos.cl\/en\/wp-json\/wp\/v2\/media\/7504"}],"wp:attachment":[{"href":"https:\/\/fadeu.urantiacos.cl\/en\/wp-json\/wp\/v2\/media?parent=7503"}],"wp:term":[{"taxonomy":"category","embeddable":true,"href":"https:\/\/fadeu.urantiacos.cl\/en\/wp-json\/wp\/v2\/categories?post=7503"},{"taxonomy":"post_tag","embeddable":true,"href":"https:\/\/fadeu.urantiacos.cl\/en\/wp-json\/wp\/v2\/tags?post=7503"}],"curies":[{"name":"wp","href":"https:\/\/api.w.org\/{rel}","templated":true}]}}