{"id":7481,"date":"2021-03-01T21:53:00","date_gmt":"2021-03-02T00:53:00","guid":{"rendered":"https:\/\/fadeu.urantiacos.cl\/?p=7481"},"modified":"2023-09-08T21:55:16","modified_gmt":"2023-09-09T00:55:16","slug":"jornadas-de-declaracion-de-significado-sobre-la-pintura-los-canteros-del-artista-nacional-pedro-lira","status":"publish","type":"post","link":"https:\/\/fadeu.urantiacos.cl\/en\/2021\/03\/01\/jornadas-de-declaracion-de-significado-sobre-la-pintura-los-canteros-del-artista-nacional-pedro-lira\/","title":{"rendered":"Jornadas de Declaraci\u00f3n de Significado sobre la pintura Los Canteros del artista nacional Pedro Lira"},"content":{"rendered":"\n<figure class=\"wp-block-image size-full\"><img decoding=\"async\" width=\"320\" height=\"240\" src=\"https:\/\/fadeu.urantiacos.cl\/wp-content\/uploads\/2023\/09\/Jose_rosas202101.jpg\" alt=\"\" class=\"wp-image-7482\" srcset=\"https:\/\/fadeu.urantiacos.cl\/wp-content\/uploads\/2023\/09\/Jose_rosas202101.jpg 320w, https:\/\/fadeu.urantiacos.cl\/wp-content\/uploads\/2023\/09\/Jose_rosas202101-300x225.jpg 300w\" sizes=\"(max-width: 320px) 100vw, 320px\" \/><\/figure>\n\n\n\n<p>Durante las jornadas fueron analizadas dos importantes piezas de la&nbsp;Colecci\u00f3n MNBA, hasta ahora pr\u00e1cticamente desconocidas para el p\u00fablico. El acad\u00e9mico junto a expertos revisaron sus m\u00faltiples significados como parte de una extensa labor que culminar\u00e1 con su restauraci\u00f3n y exhibici\u00f3n.&nbsp;Las pinturas&nbsp;Los canteros&nbsp;(ca. 1890) de Pedro Lira y de&nbsp;La ley del honor&nbsp;(1894) de Juan Harris, que por a\u00f1os permanecieron ocultas en los dep\u00f3sitos del Museo, hasta que en 2007 fueron descubiertas. En 2020 comenz\u00f3 el proyecto de su puesta en valor, para lo que se han llevado diversas gestiones en conjunto con el Centro Nacional de Conservaci\u00f3n y Restauraci\u00f3n (CNCR), entidad que participa tambi\u00e9n en la organizaci\u00f3n de las Jornadas junto con el Museo de Artes Decorativas (MAD).<\/p>\n\n\n\n<p>La&nbsp; participaci\u00f3n de Jos\u00e9 Rosas &nbsp;fue en su calidad de Jefe del Programa del doctorado, e investigador Fondecyt del proyecto que lidera el profesor Germ\u00e1n Hidalgo y se titul\u00f3: &#8220;Ciudad Capital y Periferias residenciales en transformaci\u00f3n. Urbanidad Material de Santiago, 1850-1910&#8221; adscrita al&nbsp;Proyecto&nbsp;Fondecyt n\u00b01191393 \u201cSantiago 1875: Desmontando el plano de Ernesto&nbsp;Ansart&nbsp;y el plan de transformaci\u00f3n de Benjam\u00edn Vicu\u00f1a Mackenna: entre la modernizaci\u00f3n de la ciudad capital y el emergente urbanismo residencial\u201d, Investigador responsable: Germ\u00e1n Hidalgo;&nbsp;co-investigadores: Jos\u00e9 Rosas,&nbsp;Wren&nbsp;Strabucchi y Macarena Ibarra. Personal t\u00e9cnico: Germ\u00e1n Guzm\u00e1n, Magdalena Montalb\u00e1n. Colaboradores internacionales: Arturo Almandoz y Adri\u00e1n&nbsp;Gorelik.<\/p>\n\n\n\n<p>Revisa las Jornadas&nbsp;<a href=\"https:\/\/www.youtube.com\/watch?v=Fp9693NdQEY\" target=\"_blank\" rel=\"noreferrer noopener\">AQU\u00cd<\/a>.<\/p>\n","protected":false},"excerpt":{"rendered":"<p>El Jefe del Programa Jos\u00e9 Rosas particip\u00f3 en las Jornadas de Declaraci\u00f3n de Significado sobre la pintura Los Canteros del artista nacional Pedro Lira, organizado por el Centro Nacional de Conservaci\u00f3n y Restauraci\u00f3n.<\/p>\n","protected":false},"author":1,"featured_media":7482,"comment_status":"open","ping_status":"open","sticky":false,"template":"","format":"standard","meta":{"_acf_changed":false,"footnotes":""},"categories":[1],"tags":[],"class_list":["post-7481","post","type-post","status-publish","format-standard","has-post-thumbnail","hentry","category-sin-categorizar"],"acf":[],"yoast_head":"<!-- This site is optimized with the Yoast SEO plugin v27.1.1 - https:\/\/yoast.com\/product\/yoast-seo-wordpress\/ -->\n<title>Jornadas de Declaraci\u00f3n de Significado sobre la pintura Los Canteros del artista nacional Pedro Lira - Facultad de Arquitectura, Dise\u00f1o y Estudios Urbanos<\/title>\n<meta name=\"description\" content=\"El Jefe del Programa Jos\u00e9 Rosas particip\u00f3 en las Jornadas de Declaraci\u00f3n de Significado sobre la pintura Los Canteros del artista nacional Pedro Lira, organizado por el Centro Nacional de Conservaci\u00f3n y Restauraci\u00f3n.\" \/>\n<meta name=\"robots\" content=\"index, follow, max-snippet:-1, max-image-preview:large, max-video-preview:-1\" \/>\n<link rel=\"canonical\" href=\"https:\/\/fadeu.urantiacos.cl\/en\/2021\/03\/01\/jornadas-de-declaracion-de-significado-sobre-la-pintura-los-canteros-del-artista-nacional-pedro-lira\/\" \/>\n<meta property=\"og:locale\" content=\"en_US\" \/>\n<meta property=\"og:type\" content=\"article\" \/>\n<meta property=\"og:title\" content=\"Jornadas de Declaraci\u00f3n de Significado sobre la pintura Los Canteros del artista nacional Pedro Lira - Facultad de Arquitectura, Dise\u00f1o y Estudios Urbanos\" \/>\n<meta property=\"og:description\" content=\"El Jefe del Programa Jos\u00e9 Rosas particip\u00f3 en las Jornadas de Declaraci\u00f3n de Significado sobre la pintura Los Canteros del artista nacional Pedro Lira, organizado por el Centro Nacional de Conservaci\u00f3n y Restauraci\u00f3n.\" \/>\n<meta property=\"og:url\" content=\"https:\/\/fadeu.urantiacos.cl\/en\/2021\/03\/01\/jornadas-de-declaracion-de-significado-sobre-la-pintura-los-canteros-del-artista-nacional-pedro-lira\/\" \/>\n<meta property=\"og:site_name\" content=\"Facultad de Arquitectura, Dise\u00f1o y Estudios Urbanos\" \/>\n<meta property=\"article:published_time\" content=\"2021-03-02T00:53:00+00:00\" \/>\n<meta property=\"article:modified_time\" content=\"2023-09-09T00:55:16+00:00\" \/>\n<meta property=\"og:image\" content=\"https:\/\/fadeu.urantiacos.cl\/wp-content\/uploads\/2023\/09\/Jose_rosas202101.jpg\" \/>\n\t<meta property=\"og:image:width\" content=\"320\" \/>\n\t<meta property=\"og:image:height\" content=\"240\" \/>\n\t<meta property=\"og:image:type\" content=\"image\/jpeg\" \/>\n<meta name=\"author\" content=\"manadmin\" \/>\n<meta name=\"twitter:card\" content=\"summary_large_image\" \/>\n<meta name=\"twitter:label1\" content=\"Written by\" \/>\n\t<meta name=\"twitter:data1\" content=\"manadmin\" \/>\n\t<meta name=\"twitter:label2\" content=\"Est. reading time\" \/>\n\t<meta name=\"twitter:data2\" content=\"1 minute\" \/>\n<script type=\"application\/ld+json\" class=\"yoast-schema-graph\">{\"@context\":\"https:\/\/schema.org\",\"@graph\":[{\"@type\":\"Article\",\"@id\":\"https:\/\/fadeu.urantiacos.cl\/en\/2021\/03\/01\/jornadas-de-declaracion-de-significado-sobre-la-pintura-los-canteros-del-artista-nacional-pedro-lira\/#article\",\"isPartOf\":{\"@id\":\"https:\/\/fadeu.urantiacos.cl\/en\/2021\/03\/01\/jornadas-de-declaracion-de-significado-sobre-la-pintura-los-canteros-del-artista-nacional-pedro-lira\/\"},\"author\":{\"name\":\"manadmin\",\"@id\":\"https:\/\/fadeu.urantiacos.cl\/en\/#\/schema\/person\/d203e2e84b1c40275eac77b3061a19a2\"},\"headline\":\"Jornadas de Declaraci\u00f3n de Significado sobre la pintura Los Canteros del artista nacional Pedro Lira\",\"datePublished\":\"2021-03-02T00:53:00+00:00\",\"dateModified\":\"2023-09-09T00:55:16+00:00\",\"mainEntityOfPage\":{\"@id\":\"https:\/\/fadeu.urantiacos.cl\/en\/2021\/03\/01\/jornadas-de-declaracion-de-significado-sobre-la-pintura-los-canteros-del-artista-nacional-pedro-lira\/\"},\"wordCount\":281,\"commentCount\":0,\"image\":{\"@id\":\"https:\/\/fadeu.urantiacos.cl\/en\/2021\/03\/01\/jornadas-de-declaracion-de-significado-sobre-la-pintura-los-canteros-del-artista-nacional-pedro-lira\/#primaryimage\"},\"thumbnailUrl\":\"https:\/\/fadeu.urantiacos.cl\/wp-content\/uploads\/2023\/09\/Jose_rosas202101.jpg\",\"articleSection\":[\"Sin categorizar\"],\"inLanguage\":\"en-US\",\"potentialAction\":[{\"@type\":\"CommentAction\",\"name\":\"Comment\",\"target\":[\"https:\/\/fadeu.urantiacos.cl\/en\/2021\/03\/01\/jornadas-de-declaracion-de-significado-sobre-la-pintura-los-canteros-del-artista-nacional-pedro-lira\/#respond\"]}]},{\"@type\":\"WebPage\",\"@id\":\"https:\/\/fadeu.urantiacos.cl\/en\/2021\/03\/01\/jornadas-de-declaracion-de-significado-sobre-la-pintura-los-canteros-del-artista-nacional-pedro-lira\/\",\"url\":\"https:\/\/fadeu.urantiacos.cl\/en\/2021\/03\/01\/jornadas-de-declaracion-de-significado-sobre-la-pintura-los-canteros-del-artista-nacional-pedro-lira\/\",\"name\":\"Jornadas de Declaraci\u00f3n de Significado sobre la pintura Los Canteros del artista nacional Pedro Lira - Facultad de Arquitectura, Dise\u00f1o y Estudios Urbanos\",\"isPartOf\":{\"@id\":\"https:\/\/fadeu.urantiacos.cl\/en\/#website\"},\"primaryImageOfPage\":{\"@id\":\"https:\/\/fadeu.urantiacos.cl\/en\/2021\/03\/01\/jornadas-de-declaracion-de-significado-sobre-la-pintura-los-canteros-del-artista-nacional-pedro-lira\/#primaryimage\"},\"image\":{\"@id\":\"https:\/\/fadeu.urantiacos.cl\/en\/2021\/03\/01\/jornadas-de-declaracion-de-significado-sobre-la-pintura-los-canteros-del-artista-nacional-pedro-lira\/#primaryimage\"},\"thumbnailUrl\":\"https:\/\/fadeu.urantiacos.cl\/wp-content\/uploads\/2023\/09\/Jose_rosas202101.jpg\",\"datePublished\":\"2021-03-02T00:53:00+00:00\",\"dateModified\":\"2023-09-09T00:55:16+00:00\",\"author\":{\"@id\":\"https:\/\/fadeu.urantiacos.cl\/en\/#\/schema\/person\/d203e2e84b1c40275eac77b3061a19a2\"},\"description\":\"El Jefe del Programa Jos\u00e9 Rosas particip\u00f3 en las Jornadas de Declaraci\u00f3n de Significado sobre la pintura Los Canteros del artista nacional Pedro Lira, organizado por el Centro Nacional de Conservaci\u00f3n y Restauraci\u00f3n.\",\"breadcrumb\":{\"@id\":\"https:\/\/fadeu.urantiacos.cl\/en\/2021\/03\/01\/jornadas-de-declaracion-de-significado-sobre-la-pintura-los-canteros-del-artista-nacional-pedro-lira\/#breadcrumb\"},\"inLanguage\":\"en-US\",\"potentialAction\":[{\"@type\":\"ReadAction\",\"target\":[\"https:\/\/fadeu.urantiacos.cl\/en\/2021\/03\/01\/jornadas-de-declaracion-de-significado-sobre-la-pintura-los-canteros-del-artista-nacional-pedro-lira\/\"]}]},{\"@type\":\"ImageObject\",\"inLanguage\":\"en-US\",\"@id\":\"https:\/\/fadeu.urantiacos.cl\/en\/2021\/03\/01\/jornadas-de-declaracion-de-significado-sobre-la-pintura-los-canteros-del-artista-nacional-pedro-lira\/#primaryimage\",\"url\":\"https:\/\/fadeu.urantiacos.cl\/wp-content\/uploads\/2023\/09\/Jose_rosas202101.jpg\",\"contentUrl\":\"https:\/\/fadeu.urantiacos.cl\/wp-content\/uploads\/2023\/09\/Jose_rosas202101.jpg\",\"width\":320,\"height\":240},{\"@type\":\"BreadcrumbList\",\"@id\":\"https:\/\/fadeu.urantiacos.cl\/en\/2021\/03\/01\/jornadas-de-declaracion-de-significado-sobre-la-pintura-los-canteros-del-artista-nacional-pedro-lira\/#breadcrumb\",\"itemListElement\":[{\"@type\":\"ListItem\",\"position\":1,\"name\":\"Portada\",\"item\":\"https:\/\/fadeu.urantiacos.cl\/en\/\"},{\"@type\":\"ListItem\",\"position\":2,\"name\":\"Jornadas de Declaraci\u00f3n de Significado sobre la pintura Los Canteros del artista nacional Pedro Lira\"}]},{\"@type\":\"WebSite\",\"@id\":\"https:\/\/fadeu.urantiacos.cl\/en\/#website\",\"url\":\"https:\/\/fadeu.urantiacos.cl\/en\/\",\"name\":\"Facultad de Arquitectura, Dise\u00f1o y Estudios Urbanos\",\"description\":\"Campus Lo Contador\",\"potentialAction\":[{\"@type\":\"SearchAction\",\"target\":{\"@type\":\"EntryPoint\",\"urlTemplate\":\"https:\/\/fadeu.urantiacos.cl\/en\/?s={search_term_string}\"},\"query-input\":{\"@type\":\"PropertyValueSpecification\",\"valueRequired\":true,\"valueName\":\"search_term_string\"}}],\"inLanguage\":\"en-US\"},{\"@type\":\"Person\",\"@id\":\"https:\/\/fadeu.urantiacos.cl\/en\/#\/schema\/person\/d203e2e84b1c40275eac77b3061a19a2\",\"name\":\"manadmin\",\"image\":{\"@type\":\"ImageObject\",\"inLanguage\":\"en-US\",\"@id\":\"https:\/\/fadeu.urantiacos.cl\/en\/#\/schema\/person\/image\/\",\"url\":\"https:\/\/secure.gravatar.com\/avatar\/4b1d8e3303b4a9d8968ac578947d8bc80d9aea359f388cdd4aac15cadc0e8447?s=96&d=mm&r=g\",\"contentUrl\":\"https:\/\/secure.gravatar.com\/avatar\/4b1d8e3303b4a9d8968ac578947d8bc80d9aea359f388cdd4aac15cadc0e8447?s=96&d=mm&r=g\",\"caption\":\"manadmin\"},\"sameAs\":[\"https:\/\/fadeu.urantiacos.cl\"]}]}<\/script>\n<!-- \/ Yoast SEO plugin. -->","yoast_head_json":{"title":"Jornadas de Declaraci\u00f3n de Significado sobre la pintura Los Canteros del artista nacional Pedro Lira - Facultad de Arquitectura, Dise\u00f1o y Estudios Urbanos","description":"El Jefe del Programa Jos\u00e9 Rosas particip\u00f3 en las Jornadas de Declaraci\u00f3n de Significado sobre la pintura Los Canteros del artista nacional Pedro Lira, organizado por el Centro Nacional de Conservaci\u00f3n y Restauraci\u00f3n.","robots":{"index":"index","follow":"follow","max-snippet":"max-snippet:-1","max-image-preview":"max-image-preview:large","max-video-preview":"max-video-preview:-1"},"canonical":"https:\/\/fadeu.urantiacos.cl\/en\/2021\/03\/01\/jornadas-de-declaracion-de-significado-sobre-la-pintura-los-canteros-del-artista-nacional-pedro-lira\/","og_locale":"en_US","og_type":"article","og_title":"Jornadas de Declaraci\u00f3n de Significado sobre la pintura Los Canteros del artista nacional Pedro Lira - Facultad de Arquitectura, Dise\u00f1o y Estudios Urbanos","og_description":"El Jefe del Programa Jos\u00e9 Rosas particip\u00f3 en las Jornadas de Declaraci\u00f3n de Significado sobre la pintura Los Canteros del artista nacional Pedro Lira, organizado por el Centro Nacional de Conservaci\u00f3n y Restauraci\u00f3n.","og_url":"https:\/\/fadeu.urantiacos.cl\/en\/2021\/03\/01\/jornadas-de-declaracion-de-significado-sobre-la-pintura-los-canteros-del-artista-nacional-pedro-lira\/","og_site_name":"Facultad de Arquitectura, Dise\u00f1o y Estudios Urbanos","article_published_time":"2021-03-02T00:53:00+00:00","article_modified_time":"2023-09-09T00:55:16+00:00","og_image":[{"width":320,"height":240,"url":"https:\/\/fadeu.urantiacos.cl\/wp-content\/uploads\/2023\/09\/Jose_rosas202101.jpg","type":"image\/jpeg"}],"author":"manadmin","twitter_card":"summary_large_image","twitter_misc":{"Written by":"manadmin","Est. reading time":"1 minute"},"schema":{"@context":"https:\/\/schema.org","@graph":[{"@type":"Article","@id":"https:\/\/fadeu.urantiacos.cl\/en\/2021\/03\/01\/jornadas-de-declaracion-de-significado-sobre-la-pintura-los-canteros-del-artista-nacional-pedro-lira\/#article","isPartOf":{"@id":"https:\/\/fadeu.urantiacos.cl\/en\/2021\/03\/01\/jornadas-de-declaracion-de-significado-sobre-la-pintura-los-canteros-del-artista-nacional-pedro-lira\/"},"author":{"name":"manadmin","@id":"https:\/\/fadeu.urantiacos.cl\/en\/#\/schema\/person\/d203e2e84b1c40275eac77b3061a19a2"},"headline":"Jornadas de Declaraci\u00f3n de Significado sobre la pintura Los Canteros del artista nacional Pedro Lira","datePublished":"2021-03-02T00:53:00+00:00","dateModified":"2023-09-09T00:55:16+00:00","mainEntityOfPage":{"@id":"https:\/\/fadeu.urantiacos.cl\/en\/2021\/03\/01\/jornadas-de-declaracion-de-significado-sobre-la-pintura-los-canteros-del-artista-nacional-pedro-lira\/"},"wordCount":281,"commentCount":0,"image":{"@id":"https:\/\/fadeu.urantiacos.cl\/en\/2021\/03\/01\/jornadas-de-declaracion-de-significado-sobre-la-pintura-los-canteros-del-artista-nacional-pedro-lira\/#primaryimage"},"thumbnailUrl":"https:\/\/fadeu.urantiacos.cl\/wp-content\/uploads\/2023\/09\/Jose_rosas202101.jpg","articleSection":["Sin categorizar"],"inLanguage":"en-US","potentialAction":[{"@type":"CommentAction","name":"Comment","target":["https:\/\/fadeu.urantiacos.cl\/en\/2021\/03\/01\/jornadas-de-declaracion-de-significado-sobre-la-pintura-los-canteros-del-artista-nacional-pedro-lira\/#respond"]}]},{"@type":"WebPage","@id":"https:\/\/fadeu.urantiacos.cl\/en\/2021\/03\/01\/jornadas-de-declaracion-de-significado-sobre-la-pintura-los-canteros-del-artista-nacional-pedro-lira\/","url":"https:\/\/fadeu.urantiacos.cl\/en\/2021\/03\/01\/jornadas-de-declaracion-de-significado-sobre-la-pintura-los-canteros-del-artista-nacional-pedro-lira\/","name":"Jornadas de Declaraci\u00f3n de Significado sobre la pintura Los Canteros del artista nacional Pedro Lira - Facultad de Arquitectura, Dise\u00f1o y Estudios Urbanos","isPartOf":{"@id":"https:\/\/fadeu.urantiacos.cl\/en\/#website"},"primaryImageOfPage":{"@id":"https:\/\/fadeu.urantiacos.cl\/en\/2021\/03\/01\/jornadas-de-declaracion-de-significado-sobre-la-pintura-los-canteros-del-artista-nacional-pedro-lira\/#primaryimage"},"image":{"@id":"https:\/\/fadeu.urantiacos.cl\/en\/2021\/03\/01\/jornadas-de-declaracion-de-significado-sobre-la-pintura-los-canteros-del-artista-nacional-pedro-lira\/#primaryimage"},"thumbnailUrl":"https:\/\/fadeu.urantiacos.cl\/wp-content\/uploads\/2023\/09\/Jose_rosas202101.jpg","datePublished":"2021-03-02T00:53:00+00:00","dateModified":"2023-09-09T00:55:16+00:00","author":{"@id":"https:\/\/fadeu.urantiacos.cl\/en\/#\/schema\/person\/d203e2e84b1c40275eac77b3061a19a2"},"description":"El Jefe del Programa Jos\u00e9 Rosas particip\u00f3 en las Jornadas de Declaraci\u00f3n de Significado sobre la pintura Los Canteros del artista nacional Pedro Lira, organizado por el Centro Nacional de Conservaci\u00f3n y Restauraci\u00f3n.","breadcrumb":{"@id":"https:\/\/fadeu.urantiacos.cl\/en\/2021\/03\/01\/jornadas-de-declaracion-de-significado-sobre-la-pintura-los-canteros-del-artista-nacional-pedro-lira\/#breadcrumb"},"inLanguage":"en-US","potentialAction":[{"@type":"ReadAction","target":["https:\/\/fadeu.urantiacos.cl\/en\/2021\/03\/01\/jornadas-de-declaracion-de-significado-sobre-la-pintura-los-canteros-del-artista-nacional-pedro-lira\/"]}]},{"@type":"ImageObject","inLanguage":"en-US","@id":"https:\/\/fadeu.urantiacos.cl\/en\/2021\/03\/01\/jornadas-de-declaracion-de-significado-sobre-la-pintura-los-canteros-del-artista-nacional-pedro-lira\/#primaryimage","url":"https:\/\/fadeu.urantiacos.cl\/wp-content\/uploads\/2023\/09\/Jose_rosas202101.jpg","contentUrl":"https:\/\/fadeu.urantiacos.cl\/wp-content\/uploads\/2023\/09\/Jose_rosas202101.jpg","width":320,"height":240},{"@type":"BreadcrumbList","@id":"https:\/\/fadeu.urantiacos.cl\/en\/2021\/03\/01\/jornadas-de-declaracion-de-significado-sobre-la-pintura-los-canteros-del-artista-nacional-pedro-lira\/#breadcrumb","itemListElement":[{"@type":"ListItem","position":1,"name":"Portada","item":"https:\/\/fadeu.urantiacos.cl\/en\/"},{"@type":"ListItem","position":2,"name":"Jornadas de Declaraci\u00f3n de Significado sobre la pintura Los Canteros del artista nacional Pedro Lira"}]},{"@type":"WebSite","@id":"https:\/\/fadeu.urantiacos.cl\/en\/#website","url":"https:\/\/fadeu.urantiacos.cl\/en\/","name":"Facultad de Arquitectura, Dise\u00f1o y Estudios Urbanos","description":"Campus Lo Contador","potentialAction":[{"@type":"SearchAction","target":{"@type":"EntryPoint","urlTemplate":"https:\/\/fadeu.urantiacos.cl\/en\/?s={search_term_string}"},"query-input":{"@type":"PropertyValueSpecification","valueRequired":true,"valueName":"search_term_string"}}],"inLanguage":"en-US"},{"@type":"Person","@id":"https:\/\/fadeu.urantiacos.cl\/en\/#\/schema\/person\/d203e2e84b1c40275eac77b3061a19a2","name":"manadmin","image":{"@type":"ImageObject","inLanguage":"en-US","@id":"https:\/\/fadeu.urantiacos.cl\/en\/#\/schema\/person\/image\/","url":"https:\/\/secure.gravatar.com\/avatar\/4b1d8e3303b4a9d8968ac578947d8bc80d9aea359f388cdd4aac15cadc0e8447?s=96&d=mm&r=g","contentUrl":"https:\/\/secure.gravatar.com\/avatar\/4b1d8e3303b4a9d8968ac578947d8bc80d9aea359f388cdd4aac15cadc0e8447?s=96&d=mm&r=g","caption":"manadmin"},"sameAs":["https:\/\/fadeu.urantiacos.cl"]}]}},"_links":{"self":[{"href":"https:\/\/fadeu.urantiacos.cl\/en\/wp-json\/wp\/v2\/posts\/7481","targetHints":{"allow":["GET"]}}],"collection":[{"href":"https:\/\/fadeu.urantiacos.cl\/en\/wp-json\/wp\/v2\/posts"}],"about":[{"href":"https:\/\/fadeu.urantiacos.cl\/en\/wp-json\/wp\/v2\/types\/post"}],"author":[{"embeddable":true,"href":"https:\/\/fadeu.urantiacos.cl\/en\/wp-json\/wp\/v2\/users\/1"}],"replies":[{"embeddable":true,"href":"https:\/\/fadeu.urantiacos.cl\/en\/wp-json\/wp\/v2\/comments?post=7481"}],"version-history":[{"count":1,"href":"https:\/\/fadeu.urantiacos.cl\/en\/wp-json\/wp\/v2\/posts\/7481\/revisions"}],"predecessor-version":[{"id":7483,"href":"https:\/\/fadeu.urantiacos.cl\/en\/wp-json\/wp\/v2\/posts\/7481\/revisions\/7483"}],"wp:featuredmedia":[{"embeddable":true,"href":"https:\/\/fadeu.urantiacos.cl\/en\/wp-json\/wp\/v2\/media\/7482"}],"wp:attachment":[{"href":"https:\/\/fadeu.urantiacos.cl\/en\/wp-json\/wp\/v2\/media?parent=7481"}],"wp:term":[{"taxonomy":"category","embeddable":true,"href":"https:\/\/fadeu.urantiacos.cl\/en\/wp-json\/wp\/v2\/categories?post=7481"},{"taxonomy":"post_tag","embeddable":true,"href":"https:\/\/fadeu.urantiacos.cl\/en\/wp-json\/wp\/v2\/tags?post=7481"}],"curies":[{"name":"wp","href":"https:\/\/api.w.org\/{rel}","templated":true}]}}