{"id":7475,"date":"2021-03-01T21:48:00","date_gmt":"2021-03-02T00:48:00","guid":{"rendered":"https:\/\/fadeu.urantiacos.cl\/?p=7475"},"modified":"2023-09-08T21:51:09","modified_gmt":"2023-09-09T00:51:09","slug":"patrimonio-en-viaje-la-participacion-del-centro-del-patrimonio-uc-en-radio-pauta","status":"publish","type":"post","link":"https:\/\/fadeu.urantiacos.cl\/en\/2021\/03\/01\/patrimonio-en-viaje-la-participacion-del-centro-del-patrimonio-uc-en-radio-pauta\/","title":{"rendered":"\u201cPatrimonio en viaje\u201d: la participaci\u00f3n del Centro del Patrimonio UC en radio Pauta"},"content":{"rendered":"\n<figure class=\"wp-block-image size-full\"><img decoding=\"async\" width=\"350\" height=\"250\" src=\"https:\/\/fadeu.urantiacos.cl\/wp-content\/uploads\/2023\/09\/plaza_pauta_web-2.png\" alt=\"\" class=\"wp-image-7476\" srcset=\"https:\/\/fadeu.urantiacos.cl\/wp-content\/uploads\/2023\/09\/plaza_pauta_web-2.png 350w, https:\/\/fadeu.urantiacos.cl\/wp-content\/uploads\/2023\/09\/plaza_pauta_web-2-300x214.png 300w\" sizes=\"(max-width: 350px) 100vw, 350px\" \/><\/figure>\n\n\n\n<p>Los profesores a cargo fueron el Director del Centro, profesor de la escuela de Arquitectura, Umberto Bonomo, y la profesora de la misma escuela y, adem\u00e1s, directora de Comunicaciones de la Facultad de Arquitectura, Dise\u00f1o y Estudios Urbanos UC, Macarena Cort\u00e9s, quienes participaron en cuatro entrevistas, junto a Rita Cox, para abordar distintas tem\u00e1ticas sobre distintos lugares del pa\u00eds.<\/p>\n\n\n\n<p>La profesora Cort\u00e9s abord\u00f3 tem\u00e1ticas relacionadas al patrimonio en Cartagena y Santo Domingo, considerando la \u00e9poca estival y reivindicando una serie de atributos que hacen de ambos sectores del Litoral Central un objeto de estudio obligado para quienes se dedican a investigar en estas materias, abordando, por supuesto, las \u00e1reas materiales e inmateriales, as\u00ed como el patrimonio construido, la arquitectura y locaciones que por su significancia tienen especial valor en el an\u00e1lisis.<\/p>\n\n\n\n<p>Por su parte, el profesor Bonomo hizo lo propio con Valpara\u00edso y Chill\u00e1n. Sobre la ciudad costera, se analizaron los problemas que aquejan hoy a la ciudad y c\u00f3mo ello ha ido en detrimento de su valor patrimonial, se\u00f1alando algunas urgencias necesarias y formas de abordar el trabajo colaborativo, mientras que, para el caso de la capital de la regi\u00f3n de \u00d1uble, se reivindic\u00f3 el patrimonio nuevo, no solo el patrimonio heredado, citando algunos ejemplos de c\u00f3mo la ciudad se ha ido reconstruyendo y refundando luego de algunas cat\u00e1strofes naturales.<\/p>\n\n\n\n<p>Los programas se emitieron durante los d\u00edas mi\u00e9rcoles de febrero (10, 17, 24 y 31) y puedes revivir cada cap\u00edtulo en el banco de programas de radio Pauta que puedes ver en el siguiente enlace:&nbsp;<a href=\"https:\/\/www.pauta.cl\/programas\/plaza-pauta\">https:\/\/www.pauta.cl\/programas\/plaza-pauta<\/a><\/p>\n\n\n\n<p><strong>Permanencia<\/strong><\/p>\n\n\n\n<p>Producto del inter\u00e9s social que generan los temas patrimoniales asociados a la arquitectura, la ciudad y el urbanismo, radio Pauta decidi\u00f3 implementar un espacio permanente para conversar sobre esta tem\u00e1tica con el director del Centro del Patrimonio Cultural UC, Umberto Bonomo.<\/p>\n\n\n\n<p>El espacio en que participar\u00e1 el acad\u00e9mico corresponde al programa Plaza Pauta, que se transmite entre las 14:30 y las 15:30 horas, y puede ser visto y seguido en l\u00ednea en el siguiente enlace:&nbsp;<a href=\"https:\/\/www.pauta.cl\/programas\/pauta-final\">https:\/\/www.pauta.cl\/programas\/pauta-final<\/a><\/p>\n","protected":false},"excerpt":{"rendered":"<p>El patrimonio fue protagonista en febrero. As\u00ed, al menos, lo concibieron Radio Pauta y el Centro del Patrimonio Cultural de la Universidad Cat\u00f3lica, a trav\u00e9s de una novedosa alianza titulada \u201cPatrimonio en Viaje\u201d, instancia que permiti\u00f3 abordar distintas tem\u00e1ticas durante las cuatro semanas del pasado mes.<\/p>\n","protected":false},"author":1,"featured_media":7476,"comment_status":"open","ping_status":"open","sticky":false,"template":"","format":"standard","meta":{"_acf_changed":false,"footnotes":""},"categories":[1],"tags":[],"class_list":["post-7475","post","type-post","status-publish","format-standard","has-post-thumbnail","hentry","category-sin-categorizar"],"acf":[],"yoast_head":"<!-- This site is optimized with the Yoast SEO plugin v27.1.1 - https:\/\/yoast.com\/product\/yoast-seo-wordpress\/ -->\n<title>\u201cPatrimonio en viaje\u201d: la participaci\u00f3n del Centro del Patrimonio UC en radio Pauta - Facultad de Arquitectura, Dise\u00f1o y Estudios Urbanos<\/title>\n<meta name=\"description\" content=\"El patrimonio fue protagonista en febrero. As\u00ed, al menos, lo concibieron Radio Pauta y el Centro del Patrimonio Cultural de la Universidad Cat\u00f3lica, a trav\u00e9s de una novedosa alianza titulada \u201cPatrimonio en Viaje\u201d, instancia que permiti\u00f3 abordar distintas tem\u00e1ticas durante las cuatro semanas del pasado mes.\" \/>\n<meta name=\"robots\" content=\"index, follow, max-snippet:-1, max-image-preview:large, max-video-preview:-1\" \/>\n<link rel=\"canonical\" href=\"https:\/\/fadeu.urantiacos.cl\/en\/2021\/03\/01\/patrimonio-en-viaje-la-participacion-del-centro-del-patrimonio-uc-en-radio-pauta\/\" \/>\n<meta property=\"og:locale\" content=\"en_US\" \/>\n<meta property=\"og:type\" content=\"article\" \/>\n<meta property=\"og:title\" content=\"\u201cPatrimonio en viaje\u201d: la participaci\u00f3n del Centro del Patrimonio UC en radio Pauta - Facultad de Arquitectura, Dise\u00f1o y Estudios Urbanos\" \/>\n<meta property=\"og:description\" content=\"El patrimonio fue protagonista en febrero. As\u00ed, al menos, lo concibieron Radio Pauta y el Centro del Patrimonio Cultural de la Universidad Cat\u00f3lica, a trav\u00e9s de una novedosa alianza titulada \u201cPatrimonio en Viaje\u201d, instancia que permiti\u00f3 abordar distintas tem\u00e1ticas durante las cuatro semanas del pasado mes.\" \/>\n<meta property=\"og:url\" content=\"https:\/\/fadeu.urantiacos.cl\/en\/2021\/03\/01\/patrimonio-en-viaje-la-participacion-del-centro-del-patrimonio-uc-en-radio-pauta\/\" \/>\n<meta property=\"og:site_name\" content=\"Facultad de Arquitectura, Dise\u00f1o y Estudios Urbanos\" \/>\n<meta property=\"article:published_time\" content=\"2021-03-02T00:48:00+00:00\" \/>\n<meta property=\"article:modified_time\" content=\"2023-09-09T00:51:09+00:00\" \/>\n<meta property=\"og:image\" content=\"https:\/\/fadeu.urantiacos.cl\/wp-content\/uploads\/2023\/09\/plaza_pauta_web-2.png\" \/>\n\t<meta property=\"og:image:width\" content=\"350\" \/>\n\t<meta property=\"og:image:height\" content=\"250\" \/>\n\t<meta property=\"og:image:type\" content=\"image\/png\" \/>\n<meta name=\"author\" content=\"manadmin\" \/>\n<meta name=\"twitter:card\" content=\"summary_large_image\" \/>\n<meta name=\"twitter:label1\" content=\"Written by\" \/>\n\t<meta name=\"twitter:data1\" content=\"manadmin\" \/>\n\t<meta name=\"twitter:label2\" content=\"Est. reading time\" \/>\n\t<meta name=\"twitter:data2\" content=\"2 minutes\" \/>\n<script type=\"application\/ld+json\" class=\"yoast-schema-graph\">{\"@context\":\"https:\/\/schema.org\",\"@graph\":[{\"@type\":\"Article\",\"@id\":\"https:\/\/fadeu.urantiacos.cl\/en\/2021\/03\/01\/patrimonio-en-viaje-la-participacion-del-centro-del-patrimonio-uc-en-radio-pauta\/#article\",\"isPartOf\":{\"@id\":\"https:\/\/fadeu.urantiacos.cl\/en\/2021\/03\/01\/patrimonio-en-viaje-la-participacion-del-centro-del-patrimonio-uc-en-radio-pauta\/\"},\"author\":{\"name\":\"manadmin\",\"@id\":\"https:\/\/fadeu.urantiacos.cl\/en\/#\/schema\/person\/d203e2e84b1c40275eac77b3061a19a2\"},\"headline\":\"\u201cPatrimonio en viaje\u201d: la participaci\u00f3n del Centro del Patrimonio UC en radio Pauta\",\"datePublished\":\"2021-03-02T00:48:00+00:00\",\"dateModified\":\"2023-09-09T00:51:09+00:00\",\"mainEntityOfPage\":{\"@id\":\"https:\/\/fadeu.urantiacos.cl\/en\/2021\/03\/01\/patrimonio-en-viaje-la-participacion-del-centro-del-patrimonio-uc-en-radio-pauta\/\"},\"wordCount\":376,\"commentCount\":0,\"image\":{\"@id\":\"https:\/\/fadeu.urantiacos.cl\/en\/2021\/03\/01\/patrimonio-en-viaje-la-participacion-del-centro-del-patrimonio-uc-en-radio-pauta\/#primaryimage\"},\"thumbnailUrl\":\"https:\/\/fadeu.urantiacos.cl\/wp-content\/uploads\/2023\/09\/plaza_pauta_web-2.png\",\"articleSection\":[\"Sin categorizar\"],\"inLanguage\":\"en-US\",\"potentialAction\":[{\"@type\":\"CommentAction\",\"name\":\"Comment\",\"target\":[\"https:\/\/fadeu.urantiacos.cl\/en\/2021\/03\/01\/patrimonio-en-viaje-la-participacion-del-centro-del-patrimonio-uc-en-radio-pauta\/#respond\"]}]},{\"@type\":\"WebPage\",\"@id\":\"https:\/\/fadeu.urantiacos.cl\/en\/2021\/03\/01\/patrimonio-en-viaje-la-participacion-del-centro-del-patrimonio-uc-en-radio-pauta\/\",\"url\":\"https:\/\/fadeu.urantiacos.cl\/en\/2021\/03\/01\/patrimonio-en-viaje-la-participacion-del-centro-del-patrimonio-uc-en-radio-pauta\/\",\"name\":\"\u201cPatrimonio en viaje\u201d: la participaci\u00f3n del Centro del Patrimonio UC en radio Pauta - Facultad de Arquitectura, Dise\u00f1o y Estudios Urbanos\",\"isPartOf\":{\"@id\":\"https:\/\/fadeu.urantiacos.cl\/en\/#website\"},\"primaryImageOfPage\":{\"@id\":\"https:\/\/fadeu.urantiacos.cl\/en\/2021\/03\/01\/patrimonio-en-viaje-la-participacion-del-centro-del-patrimonio-uc-en-radio-pauta\/#primaryimage\"},\"image\":{\"@id\":\"https:\/\/fadeu.urantiacos.cl\/en\/2021\/03\/01\/patrimonio-en-viaje-la-participacion-del-centro-del-patrimonio-uc-en-radio-pauta\/#primaryimage\"},\"thumbnailUrl\":\"https:\/\/fadeu.urantiacos.cl\/wp-content\/uploads\/2023\/09\/plaza_pauta_web-2.png\",\"datePublished\":\"2021-03-02T00:48:00+00:00\",\"dateModified\":\"2023-09-09T00:51:09+00:00\",\"author\":{\"@id\":\"https:\/\/fadeu.urantiacos.cl\/en\/#\/schema\/person\/d203e2e84b1c40275eac77b3061a19a2\"},\"description\":\"El patrimonio fue protagonista en febrero. As\u00ed, al menos, lo concibieron Radio Pauta y el Centro del Patrimonio Cultural de la Universidad Cat\u00f3lica, a trav\u00e9s de una novedosa alianza titulada \u201cPatrimonio en Viaje\u201d, instancia que permiti\u00f3 abordar distintas tem\u00e1ticas durante las cuatro semanas del pasado mes.\",\"breadcrumb\":{\"@id\":\"https:\/\/fadeu.urantiacos.cl\/en\/2021\/03\/01\/patrimonio-en-viaje-la-participacion-del-centro-del-patrimonio-uc-en-radio-pauta\/#breadcrumb\"},\"inLanguage\":\"en-US\",\"potentialAction\":[{\"@type\":\"ReadAction\",\"target\":[\"https:\/\/fadeu.urantiacos.cl\/en\/2021\/03\/01\/patrimonio-en-viaje-la-participacion-del-centro-del-patrimonio-uc-en-radio-pauta\/\"]}]},{\"@type\":\"ImageObject\",\"inLanguage\":\"en-US\",\"@id\":\"https:\/\/fadeu.urantiacos.cl\/en\/2021\/03\/01\/patrimonio-en-viaje-la-participacion-del-centro-del-patrimonio-uc-en-radio-pauta\/#primaryimage\",\"url\":\"https:\/\/fadeu.urantiacos.cl\/wp-content\/uploads\/2023\/09\/plaza_pauta_web-2.png\",\"contentUrl\":\"https:\/\/fadeu.urantiacos.cl\/wp-content\/uploads\/2023\/09\/plaza_pauta_web-2.png\",\"width\":350,\"height\":250},{\"@type\":\"BreadcrumbList\",\"@id\":\"https:\/\/fadeu.urantiacos.cl\/en\/2021\/03\/01\/patrimonio-en-viaje-la-participacion-del-centro-del-patrimonio-uc-en-radio-pauta\/#breadcrumb\",\"itemListElement\":[{\"@type\":\"ListItem\",\"position\":1,\"name\":\"Portada\",\"item\":\"https:\/\/fadeu.urantiacos.cl\/en\/\"},{\"@type\":\"ListItem\",\"position\":2,\"name\":\"\u201cPatrimonio en viaje\u201d: la participaci\u00f3n del Centro del Patrimonio UC en radio Pauta\"}]},{\"@type\":\"WebSite\",\"@id\":\"https:\/\/fadeu.urantiacos.cl\/en\/#website\",\"url\":\"https:\/\/fadeu.urantiacos.cl\/en\/\",\"name\":\"Facultad de Arquitectura, Dise\u00f1o y Estudios Urbanos\",\"description\":\"Campus Lo Contador\",\"potentialAction\":[{\"@type\":\"SearchAction\",\"target\":{\"@type\":\"EntryPoint\",\"urlTemplate\":\"https:\/\/fadeu.urantiacos.cl\/en\/?s={search_term_string}\"},\"query-input\":{\"@type\":\"PropertyValueSpecification\",\"valueRequired\":true,\"valueName\":\"search_term_string\"}}],\"inLanguage\":\"en-US\"},{\"@type\":\"Person\",\"@id\":\"https:\/\/fadeu.urantiacos.cl\/en\/#\/schema\/person\/d203e2e84b1c40275eac77b3061a19a2\",\"name\":\"manadmin\",\"image\":{\"@type\":\"ImageObject\",\"inLanguage\":\"en-US\",\"@id\":\"https:\/\/fadeu.urantiacos.cl\/en\/#\/schema\/person\/image\/\",\"url\":\"https:\/\/secure.gravatar.com\/avatar\/4b1d8e3303b4a9d8968ac578947d8bc80d9aea359f388cdd4aac15cadc0e8447?s=96&d=mm&r=g\",\"contentUrl\":\"https:\/\/secure.gravatar.com\/avatar\/4b1d8e3303b4a9d8968ac578947d8bc80d9aea359f388cdd4aac15cadc0e8447?s=96&d=mm&r=g\",\"caption\":\"manadmin\"},\"sameAs\":[\"https:\/\/fadeu.urantiacos.cl\"]}]}<\/script>\n<!-- \/ Yoast SEO plugin. -->","yoast_head_json":{"title":"\u201cPatrimonio en viaje\u201d: la participaci\u00f3n del Centro del Patrimonio UC en radio Pauta - Facultad de Arquitectura, Dise\u00f1o y Estudios Urbanos","description":"El patrimonio fue protagonista en febrero. As\u00ed, al menos, lo concibieron Radio Pauta y el Centro del Patrimonio Cultural de la Universidad Cat\u00f3lica, a trav\u00e9s de una novedosa alianza titulada \u201cPatrimonio en Viaje\u201d, instancia que permiti\u00f3 abordar distintas tem\u00e1ticas durante las cuatro semanas del pasado mes.","robots":{"index":"index","follow":"follow","max-snippet":"max-snippet:-1","max-image-preview":"max-image-preview:large","max-video-preview":"max-video-preview:-1"},"canonical":"https:\/\/fadeu.urantiacos.cl\/en\/2021\/03\/01\/patrimonio-en-viaje-la-participacion-del-centro-del-patrimonio-uc-en-radio-pauta\/","og_locale":"en_US","og_type":"article","og_title":"\u201cPatrimonio en viaje\u201d: la participaci\u00f3n del Centro del Patrimonio UC en radio Pauta - Facultad de Arquitectura, Dise\u00f1o y Estudios Urbanos","og_description":"El patrimonio fue protagonista en febrero. As\u00ed, al menos, lo concibieron Radio Pauta y el Centro del Patrimonio Cultural de la Universidad Cat\u00f3lica, a trav\u00e9s de una novedosa alianza titulada \u201cPatrimonio en Viaje\u201d, instancia que permiti\u00f3 abordar distintas tem\u00e1ticas durante las cuatro semanas del pasado mes.","og_url":"https:\/\/fadeu.urantiacos.cl\/en\/2021\/03\/01\/patrimonio-en-viaje-la-participacion-del-centro-del-patrimonio-uc-en-radio-pauta\/","og_site_name":"Facultad de Arquitectura, Dise\u00f1o y Estudios Urbanos","article_published_time":"2021-03-02T00:48:00+00:00","article_modified_time":"2023-09-09T00:51:09+00:00","og_image":[{"width":350,"height":250,"url":"https:\/\/fadeu.urantiacos.cl\/wp-content\/uploads\/2023\/09\/plaza_pauta_web-2.png","type":"image\/png"}],"author":"manadmin","twitter_card":"summary_large_image","twitter_misc":{"Written by":"manadmin","Est. reading time":"2 minutes"},"schema":{"@context":"https:\/\/schema.org","@graph":[{"@type":"Article","@id":"https:\/\/fadeu.urantiacos.cl\/en\/2021\/03\/01\/patrimonio-en-viaje-la-participacion-del-centro-del-patrimonio-uc-en-radio-pauta\/#article","isPartOf":{"@id":"https:\/\/fadeu.urantiacos.cl\/en\/2021\/03\/01\/patrimonio-en-viaje-la-participacion-del-centro-del-patrimonio-uc-en-radio-pauta\/"},"author":{"name":"manadmin","@id":"https:\/\/fadeu.urantiacos.cl\/en\/#\/schema\/person\/d203e2e84b1c40275eac77b3061a19a2"},"headline":"\u201cPatrimonio en viaje\u201d: la participaci\u00f3n del Centro del Patrimonio UC en radio Pauta","datePublished":"2021-03-02T00:48:00+00:00","dateModified":"2023-09-09T00:51:09+00:00","mainEntityOfPage":{"@id":"https:\/\/fadeu.urantiacos.cl\/en\/2021\/03\/01\/patrimonio-en-viaje-la-participacion-del-centro-del-patrimonio-uc-en-radio-pauta\/"},"wordCount":376,"commentCount":0,"image":{"@id":"https:\/\/fadeu.urantiacos.cl\/en\/2021\/03\/01\/patrimonio-en-viaje-la-participacion-del-centro-del-patrimonio-uc-en-radio-pauta\/#primaryimage"},"thumbnailUrl":"https:\/\/fadeu.urantiacos.cl\/wp-content\/uploads\/2023\/09\/plaza_pauta_web-2.png","articleSection":["Sin categorizar"],"inLanguage":"en-US","potentialAction":[{"@type":"CommentAction","name":"Comment","target":["https:\/\/fadeu.urantiacos.cl\/en\/2021\/03\/01\/patrimonio-en-viaje-la-participacion-del-centro-del-patrimonio-uc-en-radio-pauta\/#respond"]}]},{"@type":"WebPage","@id":"https:\/\/fadeu.urantiacos.cl\/en\/2021\/03\/01\/patrimonio-en-viaje-la-participacion-del-centro-del-patrimonio-uc-en-radio-pauta\/","url":"https:\/\/fadeu.urantiacos.cl\/en\/2021\/03\/01\/patrimonio-en-viaje-la-participacion-del-centro-del-patrimonio-uc-en-radio-pauta\/","name":"\u201cPatrimonio en viaje\u201d: la participaci\u00f3n del Centro del Patrimonio UC en radio Pauta - Facultad de Arquitectura, Dise\u00f1o y Estudios Urbanos","isPartOf":{"@id":"https:\/\/fadeu.urantiacos.cl\/en\/#website"},"primaryImageOfPage":{"@id":"https:\/\/fadeu.urantiacos.cl\/en\/2021\/03\/01\/patrimonio-en-viaje-la-participacion-del-centro-del-patrimonio-uc-en-radio-pauta\/#primaryimage"},"image":{"@id":"https:\/\/fadeu.urantiacos.cl\/en\/2021\/03\/01\/patrimonio-en-viaje-la-participacion-del-centro-del-patrimonio-uc-en-radio-pauta\/#primaryimage"},"thumbnailUrl":"https:\/\/fadeu.urantiacos.cl\/wp-content\/uploads\/2023\/09\/plaza_pauta_web-2.png","datePublished":"2021-03-02T00:48:00+00:00","dateModified":"2023-09-09T00:51:09+00:00","author":{"@id":"https:\/\/fadeu.urantiacos.cl\/en\/#\/schema\/person\/d203e2e84b1c40275eac77b3061a19a2"},"description":"El patrimonio fue protagonista en febrero. As\u00ed, al menos, lo concibieron Radio Pauta y el Centro del Patrimonio Cultural de la Universidad Cat\u00f3lica, a trav\u00e9s de una novedosa alianza titulada \u201cPatrimonio en Viaje\u201d, instancia que permiti\u00f3 abordar distintas tem\u00e1ticas durante las cuatro semanas del pasado mes.","breadcrumb":{"@id":"https:\/\/fadeu.urantiacos.cl\/en\/2021\/03\/01\/patrimonio-en-viaje-la-participacion-del-centro-del-patrimonio-uc-en-radio-pauta\/#breadcrumb"},"inLanguage":"en-US","potentialAction":[{"@type":"ReadAction","target":["https:\/\/fadeu.urantiacos.cl\/en\/2021\/03\/01\/patrimonio-en-viaje-la-participacion-del-centro-del-patrimonio-uc-en-radio-pauta\/"]}]},{"@type":"ImageObject","inLanguage":"en-US","@id":"https:\/\/fadeu.urantiacos.cl\/en\/2021\/03\/01\/patrimonio-en-viaje-la-participacion-del-centro-del-patrimonio-uc-en-radio-pauta\/#primaryimage","url":"https:\/\/fadeu.urantiacos.cl\/wp-content\/uploads\/2023\/09\/plaza_pauta_web-2.png","contentUrl":"https:\/\/fadeu.urantiacos.cl\/wp-content\/uploads\/2023\/09\/plaza_pauta_web-2.png","width":350,"height":250},{"@type":"BreadcrumbList","@id":"https:\/\/fadeu.urantiacos.cl\/en\/2021\/03\/01\/patrimonio-en-viaje-la-participacion-del-centro-del-patrimonio-uc-en-radio-pauta\/#breadcrumb","itemListElement":[{"@type":"ListItem","position":1,"name":"Portada","item":"https:\/\/fadeu.urantiacos.cl\/en\/"},{"@type":"ListItem","position":2,"name":"\u201cPatrimonio en viaje\u201d: la participaci\u00f3n del Centro del Patrimonio UC en radio Pauta"}]},{"@type":"WebSite","@id":"https:\/\/fadeu.urantiacos.cl\/en\/#website","url":"https:\/\/fadeu.urantiacos.cl\/en\/","name":"Facultad de Arquitectura, Dise\u00f1o y Estudios Urbanos","description":"Campus Lo Contador","potentialAction":[{"@type":"SearchAction","target":{"@type":"EntryPoint","urlTemplate":"https:\/\/fadeu.urantiacos.cl\/en\/?s={search_term_string}"},"query-input":{"@type":"PropertyValueSpecification","valueRequired":true,"valueName":"search_term_string"}}],"inLanguage":"en-US"},{"@type":"Person","@id":"https:\/\/fadeu.urantiacos.cl\/en\/#\/schema\/person\/d203e2e84b1c40275eac77b3061a19a2","name":"manadmin","image":{"@type":"ImageObject","inLanguage":"en-US","@id":"https:\/\/fadeu.urantiacos.cl\/en\/#\/schema\/person\/image\/","url":"https:\/\/secure.gravatar.com\/avatar\/4b1d8e3303b4a9d8968ac578947d8bc80d9aea359f388cdd4aac15cadc0e8447?s=96&d=mm&r=g","contentUrl":"https:\/\/secure.gravatar.com\/avatar\/4b1d8e3303b4a9d8968ac578947d8bc80d9aea359f388cdd4aac15cadc0e8447?s=96&d=mm&r=g","caption":"manadmin"},"sameAs":["https:\/\/fadeu.urantiacos.cl"]}]}},"_links":{"self":[{"href":"https:\/\/fadeu.urantiacos.cl\/en\/wp-json\/wp\/v2\/posts\/7475","targetHints":{"allow":["GET"]}}],"collection":[{"href":"https:\/\/fadeu.urantiacos.cl\/en\/wp-json\/wp\/v2\/posts"}],"about":[{"href":"https:\/\/fadeu.urantiacos.cl\/en\/wp-json\/wp\/v2\/types\/post"}],"author":[{"embeddable":true,"href":"https:\/\/fadeu.urantiacos.cl\/en\/wp-json\/wp\/v2\/users\/1"}],"replies":[{"embeddable":true,"href":"https:\/\/fadeu.urantiacos.cl\/en\/wp-json\/wp\/v2\/comments?post=7475"}],"version-history":[{"count":1,"href":"https:\/\/fadeu.urantiacos.cl\/en\/wp-json\/wp\/v2\/posts\/7475\/revisions"}],"predecessor-version":[{"id":7477,"href":"https:\/\/fadeu.urantiacos.cl\/en\/wp-json\/wp\/v2\/posts\/7475\/revisions\/7477"}],"wp:featuredmedia":[{"embeddable":true,"href":"https:\/\/fadeu.urantiacos.cl\/en\/wp-json\/wp\/v2\/media\/7476"}],"wp:attachment":[{"href":"https:\/\/fadeu.urantiacos.cl\/en\/wp-json\/wp\/v2\/media?parent=7475"}],"wp:term":[{"taxonomy":"category","embeddable":true,"href":"https:\/\/fadeu.urantiacos.cl\/en\/wp-json\/wp\/v2\/categories?post=7475"},{"taxonomy":"post_tag","embeddable":true,"href":"https:\/\/fadeu.urantiacos.cl\/en\/wp-json\/wp\/v2\/tags?post=7475"}],"curies":[{"name":"wp","href":"https:\/\/api.w.org\/{rel}","templated":true}]}}