{"id":7469,"date":"2021-03-02T21:44:00","date_gmt":"2021-03-03T00:44:00","guid":{"rendered":"https:\/\/fadeu.urantiacos.cl\/?p=7469"},"modified":"2023-09-08T21:46:46","modified_gmt":"2023-09-09T00:46:46","slug":"ufba-profesor-hugo-mondragon-participo-del-lanzamiento-de-libro-sobre-el-movimiento-moderno-en-america-latina","status":"publish","type":"post","link":"https:\/\/fadeu.urantiacos.cl\/en\/2021\/03\/02\/ufba-profesor-hugo-mondragon-participo-del-lanzamiento-de-libro-sobre-el-movimiento-moderno-en-america-latina\/","title":{"rendered":"UFBA: Profesor Hugo Mondrag\u00f3n particip\u00f3 del lanzamiento de libro sobre el movimiento moderno en Am\u00e9rica Latina\u201d"},"content":{"rendered":"\n<figure class=\"wp-block-image size-full\"><img decoding=\"async\" width=\"350\" height=\"250\" src=\"https:\/\/fadeu.urantiacos.cl\/wp-content\/uploads\/2023\/09\/Noticias_copia_web.png\" alt=\"\" class=\"wp-image-7470\" srcset=\"https:\/\/fadeu.urantiacos.cl\/wp-content\/uploads\/2023\/09\/Noticias_copia_web.png 350w, https:\/\/fadeu.urantiacos.cl\/wp-content\/uploads\/2023\/09\/Noticias_copia_web-300x214.png 300w\" sizes=\"(max-width: 350px) 100vw, 350px\" \/><\/figure>\n\n\n\n<p>La actividad reuni\u00f3 a los autores que dan vida a los tres cap\u00edtulos del libro: Anah\u00ed Ballent (Argentina), Luise Noelle (M\u00e9xico), y el profesor de la escuela de Arquitectura Hugo Mondrag\u00f3n.<\/p>\n\n\n\n<p>\u201cNuestra participaci\u00f3n en el libro se origin\u00f3 en el hecho que los tres autores fuimos los keynotes speakers del 13 Seminario Docomomo Brasil, que se celebr\u00f3 entre el 7 y el 10 octubre de 2019 en la Facultad de Arquitectura de la UFBA en Salvador de Bah\u00eda, Brasil. Por ello, nos invitaron a enviar un cap\u00edtulo que fue evaluado por pares y aceptado para su publicaci\u00f3n\u201d, explic\u00f3 Mondrag\u00f3n.<\/p>\n\n\n\n<p>Sobre su art\u00edculo, advirti\u00f3 que para escribirlo \u201celabor\u00e9 y ampli\u00e9 un tema que hab\u00eda desarrollado parcialmente en mi tesis del Mag\u00edster en Arquitectura en la UC, utilizando la revista colombiana Proa para mostrar las relaciones culturales que existieron entre Colombia y Brasil, a prop\u00f3sito de la Arquitectura Moderna\u201d.<\/p>\n\n\n\n<p>Si quieres ver la presentaci\u00f3n completa del libro, puedes revisar&nbsp;<a href=\"https:\/\/youtu.be\/l5Az2zvFkAw\" target=\"_blank\" rel=\"noreferrer noopener\">AQU\u00cd<\/a>.<\/p>\n","protected":false},"excerpt":{"rendered":"<p>\u201cEl Brasil y el Movimiento Moderno en Am\u00e9rica Latina. Circulaci\u00f3n de ideas, aproximaciones y cr\u00edticas&#8221;, es el t\u00edtulo del libro editado por Jos\u00e9 Carlos Huapaya y publicado por la Universidad Federal de Bah\u00eda (UFBA), que fue lanzado el pasado 25 de febrero de 2021 de manera remota.<\/p>\n","protected":false},"author":1,"featured_media":7470,"comment_status":"open","ping_status":"open","sticky":false,"template":"","format":"standard","meta":{"_acf_changed":false,"footnotes":""},"categories":[1],"tags":[],"class_list":["post-7469","post","type-post","status-publish","format-standard","has-post-thumbnail","hentry","category-sin-categorizar"],"acf":[],"yoast_head":"<!-- This site is optimized with the Yoast SEO plugin v27.1.1 - https:\/\/yoast.com\/product\/yoast-seo-wordpress\/ -->\n<title>UFBA: Profesor Hugo Mondrag\u00f3n particip\u00f3 del lanzamiento de libro sobre el movimiento moderno en Am\u00e9rica Latina\u201d - Facultad de Arquitectura, Dise\u00f1o y Estudios Urbanos<\/title>\n<meta name=\"description\" content=\"\u201cEl Brasil y el Movimiento Moderno en Am\u00e9rica Latina. Circulaci\u00f3n de ideas, aproximaciones y cr\u00edticas&quot;, es el t\u00edtulo del libro editado por Jos\u00e9 Carlos Huapaya y publicado por la Universidad Federal de Bah\u00eda (UFBA), que fue lanzado el pasado 25 de febrero de 2021 de manera remota.\" \/>\n<meta name=\"robots\" content=\"index, follow, max-snippet:-1, max-image-preview:large, max-video-preview:-1\" \/>\n<link rel=\"canonical\" href=\"https:\/\/fadeu.urantiacos.cl\/en\/2021\/03\/02\/ufba-profesor-hugo-mondragon-participo-del-lanzamiento-de-libro-sobre-el-movimiento-moderno-en-america-latina\/\" \/>\n<meta property=\"og:locale\" content=\"en_US\" \/>\n<meta property=\"og:type\" content=\"article\" \/>\n<meta property=\"og:title\" content=\"UFBA: Profesor Hugo Mondrag\u00f3n particip\u00f3 del lanzamiento de libro sobre el movimiento moderno en Am\u00e9rica Latina\u201d - Facultad de Arquitectura, Dise\u00f1o y Estudios Urbanos\" \/>\n<meta property=\"og:description\" content=\"\u201cEl Brasil y el Movimiento Moderno en Am\u00e9rica Latina. Circulaci\u00f3n de ideas, aproximaciones y cr\u00edticas&quot;, es el t\u00edtulo del libro editado por Jos\u00e9 Carlos Huapaya y publicado por la Universidad Federal de Bah\u00eda (UFBA), que fue lanzado el pasado 25 de febrero de 2021 de manera remota.\" \/>\n<meta property=\"og:url\" content=\"https:\/\/fadeu.urantiacos.cl\/en\/2021\/03\/02\/ufba-profesor-hugo-mondragon-participo-del-lanzamiento-de-libro-sobre-el-movimiento-moderno-en-america-latina\/\" \/>\n<meta property=\"og:site_name\" content=\"Facultad de Arquitectura, Dise\u00f1o y Estudios Urbanos\" \/>\n<meta property=\"article:published_time\" content=\"2021-03-03T00:44:00+00:00\" \/>\n<meta property=\"article:modified_time\" content=\"2023-09-09T00:46:46+00:00\" \/>\n<meta property=\"og:image\" content=\"https:\/\/fadeu.urantiacos.cl\/wp-content\/uploads\/2023\/09\/Noticias_copia_web.png\" \/>\n\t<meta property=\"og:image:width\" content=\"350\" \/>\n\t<meta property=\"og:image:height\" content=\"250\" \/>\n\t<meta property=\"og:image:type\" content=\"image\/png\" \/>\n<meta name=\"author\" content=\"manadmin\" \/>\n<meta name=\"twitter:card\" content=\"summary_large_image\" \/>\n<meta name=\"twitter:label1\" content=\"Written by\" \/>\n\t<meta name=\"twitter:data1\" content=\"manadmin\" \/>\n\t<meta name=\"twitter:label2\" content=\"Est. reading time\" \/>\n\t<meta name=\"twitter:data2\" content=\"1 minute\" \/>\n<script type=\"application\/ld+json\" class=\"yoast-schema-graph\">{\"@context\":\"https:\/\/schema.org\",\"@graph\":[{\"@type\":\"Article\",\"@id\":\"https:\/\/fadeu.urantiacos.cl\/en\/2021\/03\/02\/ufba-profesor-hugo-mondragon-participo-del-lanzamiento-de-libro-sobre-el-movimiento-moderno-en-america-latina\/#article\",\"isPartOf\":{\"@id\":\"https:\/\/fadeu.urantiacos.cl\/en\/2021\/03\/02\/ufba-profesor-hugo-mondragon-participo-del-lanzamiento-de-libro-sobre-el-movimiento-moderno-en-america-latina\/\"},\"author\":{\"name\":\"manadmin\",\"@id\":\"https:\/\/fadeu.urantiacos.cl\/en\/#\/schema\/person\/d203e2e84b1c40275eac77b3061a19a2\"},\"headline\":\"UFBA: Profesor Hugo Mondrag\u00f3n particip\u00f3 del lanzamiento de libro sobre el movimiento moderno en Am\u00e9rica Latina\u201d\",\"datePublished\":\"2021-03-03T00:44:00+00:00\",\"dateModified\":\"2023-09-09T00:46:46+00:00\",\"mainEntityOfPage\":{\"@id\":\"https:\/\/fadeu.urantiacos.cl\/en\/2021\/03\/02\/ufba-profesor-hugo-mondragon-participo-del-lanzamiento-de-libro-sobre-el-movimiento-moderno-en-america-latina\/\"},\"wordCount\":186,\"commentCount\":0,\"image\":{\"@id\":\"https:\/\/fadeu.urantiacos.cl\/en\/2021\/03\/02\/ufba-profesor-hugo-mondragon-participo-del-lanzamiento-de-libro-sobre-el-movimiento-moderno-en-america-latina\/#primaryimage\"},\"thumbnailUrl\":\"https:\/\/fadeu.urantiacos.cl\/wp-content\/uploads\/2023\/09\/Noticias_copia_web.png\",\"articleSection\":[\"Sin categorizar\"],\"inLanguage\":\"en-US\",\"potentialAction\":[{\"@type\":\"CommentAction\",\"name\":\"Comment\",\"target\":[\"https:\/\/fadeu.urantiacos.cl\/en\/2021\/03\/02\/ufba-profesor-hugo-mondragon-participo-del-lanzamiento-de-libro-sobre-el-movimiento-moderno-en-america-latina\/#respond\"]}]},{\"@type\":\"WebPage\",\"@id\":\"https:\/\/fadeu.urantiacos.cl\/en\/2021\/03\/02\/ufba-profesor-hugo-mondragon-participo-del-lanzamiento-de-libro-sobre-el-movimiento-moderno-en-america-latina\/\",\"url\":\"https:\/\/fadeu.urantiacos.cl\/en\/2021\/03\/02\/ufba-profesor-hugo-mondragon-participo-del-lanzamiento-de-libro-sobre-el-movimiento-moderno-en-america-latina\/\",\"name\":\"UFBA: Profesor Hugo Mondrag\u00f3n particip\u00f3 del lanzamiento de libro sobre el movimiento moderno en Am\u00e9rica Latina\u201d - Facultad de Arquitectura, Dise\u00f1o y Estudios Urbanos\",\"isPartOf\":{\"@id\":\"https:\/\/fadeu.urantiacos.cl\/en\/#website\"},\"primaryImageOfPage\":{\"@id\":\"https:\/\/fadeu.urantiacos.cl\/en\/2021\/03\/02\/ufba-profesor-hugo-mondragon-participo-del-lanzamiento-de-libro-sobre-el-movimiento-moderno-en-america-latina\/#primaryimage\"},\"image\":{\"@id\":\"https:\/\/fadeu.urantiacos.cl\/en\/2021\/03\/02\/ufba-profesor-hugo-mondragon-participo-del-lanzamiento-de-libro-sobre-el-movimiento-moderno-en-america-latina\/#primaryimage\"},\"thumbnailUrl\":\"https:\/\/fadeu.urantiacos.cl\/wp-content\/uploads\/2023\/09\/Noticias_copia_web.png\",\"datePublished\":\"2021-03-03T00:44:00+00:00\",\"dateModified\":\"2023-09-09T00:46:46+00:00\",\"author\":{\"@id\":\"https:\/\/fadeu.urantiacos.cl\/en\/#\/schema\/person\/d203e2e84b1c40275eac77b3061a19a2\"},\"description\":\"\u201cEl Brasil y el Movimiento Moderno en Am\u00e9rica Latina. Circulaci\u00f3n de ideas, aproximaciones y cr\u00edticas\\\", es el t\u00edtulo del libro editado por Jos\u00e9 Carlos Huapaya y publicado por la Universidad Federal de Bah\u00eda (UFBA), que fue lanzado el pasado 25 de febrero de 2021 de manera remota.\",\"breadcrumb\":{\"@id\":\"https:\/\/fadeu.urantiacos.cl\/en\/2021\/03\/02\/ufba-profesor-hugo-mondragon-participo-del-lanzamiento-de-libro-sobre-el-movimiento-moderno-en-america-latina\/#breadcrumb\"},\"inLanguage\":\"en-US\",\"potentialAction\":[{\"@type\":\"ReadAction\",\"target\":[\"https:\/\/fadeu.urantiacos.cl\/en\/2021\/03\/02\/ufba-profesor-hugo-mondragon-participo-del-lanzamiento-de-libro-sobre-el-movimiento-moderno-en-america-latina\/\"]}]},{\"@type\":\"ImageObject\",\"inLanguage\":\"en-US\",\"@id\":\"https:\/\/fadeu.urantiacos.cl\/en\/2021\/03\/02\/ufba-profesor-hugo-mondragon-participo-del-lanzamiento-de-libro-sobre-el-movimiento-moderno-en-america-latina\/#primaryimage\",\"url\":\"https:\/\/fadeu.urantiacos.cl\/wp-content\/uploads\/2023\/09\/Noticias_copia_web.png\",\"contentUrl\":\"https:\/\/fadeu.urantiacos.cl\/wp-content\/uploads\/2023\/09\/Noticias_copia_web.png\",\"width\":350,\"height\":250},{\"@type\":\"BreadcrumbList\",\"@id\":\"https:\/\/fadeu.urantiacos.cl\/en\/2021\/03\/02\/ufba-profesor-hugo-mondragon-participo-del-lanzamiento-de-libro-sobre-el-movimiento-moderno-en-america-latina\/#breadcrumb\",\"itemListElement\":[{\"@type\":\"ListItem\",\"position\":1,\"name\":\"Portada\",\"item\":\"https:\/\/fadeu.urantiacos.cl\/en\/\"},{\"@type\":\"ListItem\",\"position\":2,\"name\":\"UFBA: Profesor Hugo Mondrag\u00f3n particip\u00f3 del lanzamiento de libro sobre el movimiento moderno en Am\u00e9rica Latina\u201d\"}]},{\"@type\":\"WebSite\",\"@id\":\"https:\/\/fadeu.urantiacos.cl\/en\/#website\",\"url\":\"https:\/\/fadeu.urantiacos.cl\/en\/\",\"name\":\"Facultad de Arquitectura, Dise\u00f1o y Estudios Urbanos\",\"description\":\"Campus Lo Contador\",\"potentialAction\":[{\"@type\":\"SearchAction\",\"target\":{\"@type\":\"EntryPoint\",\"urlTemplate\":\"https:\/\/fadeu.urantiacos.cl\/en\/?s={search_term_string}\"},\"query-input\":{\"@type\":\"PropertyValueSpecification\",\"valueRequired\":true,\"valueName\":\"search_term_string\"}}],\"inLanguage\":\"en-US\"},{\"@type\":\"Person\",\"@id\":\"https:\/\/fadeu.urantiacos.cl\/en\/#\/schema\/person\/d203e2e84b1c40275eac77b3061a19a2\",\"name\":\"manadmin\",\"image\":{\"@type\":\"ImageObject\",\"inLanguage\":\"en-US\",\"@id\":\"https:\/\/fadeu.urantiacos.cl\/en\/#\/schema\/person\/image\/\",\"url\":\"https:\/\/secure.gravatar.com\/avatar\/4b1d8e3303b4a9d8968ac578947d8bc80d9aea359f388cdd4aac15cadc0e8447?s=96&d=mm&r=g\",\"contentUrl\":\"https:\/\/secure.gravatar.com\/avatar\/4b1d8e3303b4a9d8968ac578947d8bc80d9aea359f388cdd4aac15cadc0e8447?s=96&d=mm&r=g\",\"caption\":\"manadmin\"},\"sameAs\":[\"https:\/\/fadeu.urantiacos.cl\"]}]}<\/script>\n<!-- \/ Yoast SEO plugin. -->","yoast_head_json":{"title":"UFBA: Profesor Hugo Mondrag\u00f3n particip\u00f3 del lanzamiento de libro sobre el movimiento moderno en Am\u00e9rica Latina\u201d - Facultad de Arquitectura, Dise\u00f1o y Estudios Urbanos","description":"\u201cEl Brasil y el Movimiento Moderno en Am\u00e9rica Latina. Circulaci\u00f3n de ideas, aproximaciones y cr\u00edticas\", es el t\u00edtulo del libro editado por Jos\u00e9 Carlos Huapaya y publicado por la Universidad Federal de Bah\u00eda (UFBA), que fue lanzado el pasado 25 de febrero de 2021 de manera remota.","robots":{"index":"index","follow":"follow","max-snippet":"max-snippet:-1","max-image-preview":"max-image-preview:large","max-video-preview":"max-video-preview:-1"},"canonical":"https:\/\/fadeu.urantiacos.cl\/en\/2021\/03\/02\/ufba-profesor-hugo-mondragon-participo-del-lanzamiento-de-libro-sobre-el-movimiento-moderno-en-america-latina\/","og_locale":"en_US","og_type":"article","og_title":"UFBA: Profesor Hugo Mondrag\u00f3n particip\u00f3 del lanzamiento de libro sobre el movimiento moderno en Am\u00e9rica Latina\u201d - Facultad de Arquitectura, Dise\u00f1o y Estudios Urbanos","og_description":"\u201cEl Brasil y el Movimiento Moderno en Am\u00e9rica Latina. Circulaci\u00f3n de ideas, aproximaciones y cr\u00edticas\", es el t\u00edtulo del libro editado por Jos\u00e9 Carlos Huapaya y publicado por la Universidad Federal de Bah\u00eda (UFBA), que fue lanzado el pasado 25 de febrero de 2021 de manera remota.","og_url":"https:\/\/fadeu.urantiacos.cl\/en\/2021\/03\/02\/ufba-profesor-hugo-mondragon-participo-del-lanzamiento-de-libro-sobre-el-movimiento-moderno-en-america-latina\/","og_site_name":"Facultad de Arquitectura, Dise\u00f1o y Estudios Urbanos","article_published_time":"2021-03-03T00:44:00+00:00","article_modified_time":"2023-09-09T00:46:46+00:00","og_image":[{"width":350,"height":250,"url":"https:\/\/fadeu.urantiacos.cl\/wp-content\/uploads\/2023\/09\/Noticias_copia_web.png","type":"image\/png"}],"author":"manadmin","twitter_card":"summary_large_image","twitter_misc":{"Written by":"manadmin","Est. reading time":"1 minute"},"schema":{"@context":"https:\/\/schema.org","@graph":[{"@type":"Article","@id":"https:\/\/fadeu.urantiacos.cl\/en\/2021\/03\/02\/ufba-profesor-hugo-mondragon-participo-del-lanzamiento-de-libro-sobre-el-movimiento-moderno-en-america-latina\/#article","isPartOf":{"@id":"https:\/\/fadeu.urantiacos.cl\/en\/2021\/03\/02\/ufba-profesor-hugo-mondragon-participo-del-lanzamiento-de-libro-sobre-el-movimiento-moderno-en-america-latina\/"},"author":{"name":"manadmin","@id":"https:\/\/fadeu.urantiacos.cl\/en\/#\/schema\/person\/d203e2e84b1c40275eac77b3061a19a2"},"headline":"UFBA: Profesor Hugo Mondrag\u00f3n particip\u00f3 del lanzamiento de libro sobre el movimiento moderno en Am\u00e9rica Latina\u201d","datePublished":"2021-03-03T00:44:00+00:00","dateModified":"2023-09-09T00:46:46+00:00","mainEntityOfPage":{"@id":"https:\/\/fadeu.urantiacos.cl\/en\/2021\/03\/02\/ufba-profesor-hugo-mondragon-participo-del-lanzamiento-de-libro-sobre-el-movimiento-moderno-en-america-latina\/"},"wordCount":186,"commentCount":0,"image":{"@id":"https:\/\/fadeu.urantiacos.cl\/en\/2021\/03\/02\/ufba-profesor-hugo-mondragon-participo-del-lanzamiento-de-libro-sobre-el-movimiento-moderno-en-america-latina\/#primaryimage"},"thumbnailUrl":"https:\/\/fadeu.urantiacos.cl\/wp-content\/uploads\/2023\/09\/Noticias_copia_web.png","articleSection":["Sin categorizar"],"inLanguage":"en-US","potentialAction":[{"@type":"CommentAction","name":"Comment","target":["https:\/\/fadeu.urantiacos.cl\/en\/2021\/03\/02\/ufba-profesor-hugo-mondragon-participo-del-lanzamiento-de-libro-sobre-el-movimiento-moderno-en-america-latina\/#respond"]}]},{"@type":"WebPage","@id":"https:\/\/fadeu.urantiacos.cl\/en\/2021\/03\/02\/ufba-profesor-hugo-mondragon-participo-del-lanzamiento-de-libro-sobre-el-movimiento-moderno-en-america-latina\/","url":"https:\/\/fadeu.urantiacos.cl\/en\/2021\/03\/02\/ufba-profesor-hugo-mondragon-participo-del-lanzamiento-de-libro-sobre-el-movimiento-moderno-en-america-latina\/","name":"UFBA: Profesor Hugo Mondrag\u00f3n particip\u00f3 del lanzamiento de libro sobre el movimiento moderno en Am\u00e9rica Latina\u201d - Facultad de Arquitectura, Dise\u00f1o y Estudios Urbanos","isPartOf":{"@id":"https:\/\/fadeu.urantiacos.cl\/en\/#website"},"primaryImageOfPage":{"@id":"https:\/\/fadeu.urantiacos.cl\/en\/2021\/03\/02\/ufba-profesor-hugo-mondragon-participo-del-lanzamiento-de-libro-sobre-el-movimiento-moderno-en-america-latina\/#primaryimage"},"image":{"@id":"https:\/\/fadeu.urantiacos.cl\/en\/2021\/03\/02\/ufba-profesor-hugo-mondragon-participo-del-lanzamiento-de-libro-sobre-el-movimiento-moderno-en-america-latina\/#primaryimage"},"thumbnailUrl":"https:\/\/fadeu.urantiacos.cl\/wp-content\/uploads\/2023\/09\/Noticias_copia_web.png","datePublished":"2021-03-03T00:44:00+00:00","dateModified":"2023-09-09T00:46:46+00:00","author":{"@id":"https:\/\/fadeu.urantiacos.cl\/en\/#\/schema\/person\/d203e2e84b1c40275eac77b3061a19a2"},"description":"\u201cEl Brasil y el Movimiento Moderno en Am\u00e9rica Latina. Circulaci\u00f3n de ideas, aproximaciones y cr\u00edticas\", es el t\u00edtulo del libro editado por Jos\u00e9 Carlos Huapaya y publicado por la Universidad Federal de Bah\u00eda (UFBA), que fue lanzado el pasado 25 de febrero de 2021 de manera remota.","breadcrumb":{"@id":"https:\/\/fadeu.urantiacos.cl\/en\/2021\/03\/02\/ufba-profesor-hugo-mondragon-participo-del-lanzamiento-de-libro-sobre-el-movimiento-moderno-en-america-latina\/#breadcrumb"},"inLanguage":"en-US","potentialAction":[{"@type":"ReadAction","target":["https:\/\/fadeu.urantiacos.cl\/en\/2021\/03\/02\/ufba-profesor-hugo-mondragon-participo-del-lanzamiento-de-libro-sobre-el-movimiento-moderno-en-america-latina\/"]}]},{"@type":"ImageObject","inLanguage":"en-US","@id":"https:\/\/fadeu.urantiacos.cl\/en\/2021\/03\/02\/ufba-profesor-hugo-mondragon-participo-del-lanzamiento-de-libro-sobre-el-movimiento-moderno-en-america-latina\/#primaryimage","url":"https:\/\/fadeu.urantiacos.cl\/wp-content\/uploads\/2023\/09\/Noticias_copia_web.png","contentUrl":"https:\/\/fadeu.urantiacos.cl\/wp-content\/uploads\/2023\/09\/Noticias_copia_web.png","width":350,"height":250},{"@type":"BreadcrumbList","@id":"https:\/\/fadeu.urantiacos.cl\/en\/2021\/03\/02\/ufba-profesor-hugo-mondragon-participo-del-lanzamiento-de-libro-sobre-el-movimiento-moderno-en-america-latina\/#breadcrumb","itemListElement":[{"@type":"ListItem","position":1,"name":"Portada","item":"https:\/\/fadeu.urantiacos.cl\/en\/"},{"@type":"ListItem","position":2,"name":"UFBA: Profesor Hugo Mondrag\u00f3n particip\u00f3 del lanzamiento de libro sobre el movimiento moderno en Am\u00e9rica Latina\u201d"}]},{"@type":"WebSite","@id":"https:\/\/fadeu.urantiacos.cl\/en\/#website","url":"https:\/\/fadeu.urantiacos.cl\/en\/","name":"Facultad de Arquitectura, Dise\u00f1o y Estudios Urbanos","description":"Campus Lo Contador","potentialAction":[{"@type":"SearchAction","target":{"@type":"EntryPoint","urlTemplate":"https:\/\/fadeu.urantiacos.cl\/en\/?s={search_term_string}"},"query-input":{"@type":"PropertyValueSpecification","valueRequired":true,"valueName":"search_term_string"}}],"inLanguage":"en-US"},{"@type":"Person","@id":"https:\/\/fadeu.urantiacos.cl\/en\/#\/schema\/person\/d203e2e84b1c40275eac77b3061a19a2","name":"manadmin","image":{"@type":"ImageObject","inLanguage":"en-US","@id":"https:\/\/fadeu.urantiacos.cl\/en\/#\/schema\/person\/image\/","url":"https:\/\/secure.gravatar.com\/avatar\/4b1d8e3303b4a9d8968ac578947d8bc80d9aea359f388cdd4aac15cadc0e8447?s=96&d=mm&r=g","contentUrl":"https:\/\/secure.gravatar.com\/avatar\/4b1d8e3303b4a9d8968ac578947d8bc80d9aea359f388cdd4aac15cadc0e8447?s=96&d=mm&r=g","caption":"manadmin"},"sameAs":["https:\/\/fadeu.urantiacos.cl"]}]}},"_links":{"self":[{"href":"https:\/\/fadeu.urantiacos.cl\/en\/wp-json\/wp\/v2\/posts\/7469","targetHints":{"allow":["GET"]}}],"collection":[{"href":"https:\/\/fadeu.urantiacos.cl\/en\/wp-json\/wp\/v2\/posts"}],"about":[{"href":"https:\/\/fadeu.urantiacos.cl\/en\/wp-json\/wp\/v2\/types\/post"}],"author":[{"embeddable":true,"href":"https:\/\/fadeu.urantiacos.cl\/en\/wp-json\/wp\/v2\/users\/1"}],"replies":[{"embeddable":true,"href":"https:\/\/fadeu.urantiacos.cl\/en\/wp-json\/wp\/v2\/comments?post=7469"}],"version-history":[{"count":1,"href":"https:\/\/fadeu.urantiacos.cl\/en\/wp-json\/wp\/v2\/posts\/7469\/revisions"}],"predecessor-version":[{"id":7471,"href":"https:\/\/fadeu.urantiacos.cl\/en\/wp-json\/wp\/v2\/posts\/7469\/revisions\/7471"}],"wp:featuredmedia":[{"embeddable":true,"href":"https:\/\/fadeu.urantiacos.cl\/en\/wp-json\/wp\/v2\/media\/7470"}],"wp:attachment":[{"href":"https:\/\/fadeu.urantiacos.cl\/en\/wp-json\/wp\/v2\/media?parent=7469"}],"wp:term":[{"taxonomy":"category","embeddable":true,"href":"https:\/\/fadeu.urantiacos.cl\/en\/wp-json\/wp\/v2\/categories?post=7469"},{"taxonomy":"post_tag","embeddable":true,"href":"https:\/\/fadeu.urantiacos.cl\/en\/wp-json\/wp\/v2\/tags?post=7469"}],"curies":[{"name":"wp","href":"https:\/\/api.w.org\/{rel}","templated":true}]}}