{"id":7464,"date":"2021-03-03T21:38:00","date_gmt":"2021-03-04T00:38:00","guid":{"rendered":"https:\/\/fadeu.urantiacos.cl\/?p=7464"},"modified":"2023-09-08T21:44:49","modified_gmt":"2023-09-09T00:44:49","slug":"profesora-paola-moreno-es-nuevamente-seleccionada-para-el-pabellon-de-chile-en-la-bienal-revelations-paris-2021-r5","status":"publish","type":"post","link":"https:\/\/fadeu.urantiacos.cl\/en\/2021\/03\/03\/profesora-paola-moreno-es-nuevamente-seleccionada-para-el-pabellon-de-chile-en-la-bienal-revelations-paris-2021-r5\/","title":{"rendered":"Profesora Paola Moreno es nuevamente seleccionada para el pabell\u00f3n de Chile en la Bienal R\u00e9v\u00e9lations Par\u00eds 2021 R5"},"content":{"rendered":"\n<figure class=\"wp-block-image size-full\"><img decoding=\"async\" width=\"350\" height=\"250\" src=\"https:\/\/fadeu.urantiacos.cl\/wp-content\/uploads\/2023\/09\/Presentacion_pao_moreno_web.jpg\" alt=\"\" class=\"wp-image-7465\" srcset=\"https:\/\/fadeu.urantiacos.cl\/wp-content\/uploads\/2023\/09\/Presentacion_pao_moreno_web.jpg 350w, https:\/\/fadeu.urantiacos.cl\/wp-content\/uploads\/2023\/09\/Presentacion_pao_moreno_web-300x214.jpg 300w\" sizes=\"(max-width: 350px) 100vw, 350px\" \/><\/figure>\n\n\n\n<p>\u201cEl trabajo presentado forma parte de &#8220;Color andino&#8221;, un proyecto de creaci\u00f3n en arte textil realizado en conjunto con Artesan\u00eda&nbsp;UC, a trav\u00e9s de la revisi\u00f3n de piezas textiles de su colecci\u00f3n\u201d, explic\u00f3 Moreno, advirtiendo, adem\u00e1s, que el proyecto es realizado con el aporte de la Direcci\u00f3n de Artes y Cultura de la Vicerrector\u00eda de Investigaci\u00f3n.<\/p>\n\n\n\n<p>La obra ha sido seleccionada por el jurado de Bienal R\u00e9v\u00e9lations, junto con la curator\u00eda de Romain Juilha&nbsp;para el pabell\u00f3n&nbsp;de Chile, y la presencia nacional en esta instancia cuenta con el respaldo del&nbsp;&nbsp;Ministerio de las Culturas, las Artes y el Patrimonio.<\/p>\n\n\n\n<p>La Bienal se realizar\u00e1 en el&nbsp;Grand Palais, Par\u00eds, Francia, entre los d\u00edas 9 y 13 de junio del presente a\u00f1o. Puedes seguir sus principales novedades en su p\u00e1gina de Instagram&nbsp;<a href=\"https:\/\/www.instagram.com\/salonrevelations\/\" target=\"_blank\" rel=\"noreferrer noopener\">@salonrevelations<\/a><\/p>\n\n\n\n<figure class=\"wp-block-image size-large\"><img decoding=\"async\" width=\"768\" height=\"1024\" src=\"https:\/\/fadeu.urantiacos.cl\/wp-content\/uploads\/2023\/09\/IMG_1127_1-768x1024.jpg\" alt=\"\" class=\"wp-image-7466\" srcset=\"https:\/\/fadeu.urantiacos.cl\/wp-content\/uploads\/2023\/09\/IMG_1127_1-768x1024.jpg 768w, https:\/\/fadeu.urantiacos.cl\/wp-content\/uploads\/2023\/09\/IMG_1127_1-225x300.jpg 225w, https:\/\/fadeu.urantiacos.cl\/wp-content\/uploads\/2023\/09\/IMG_1127_1-1152x1536.jpg 1152w, https:\/\/fadeu.urantiacos.cl\/wp-content\/uploads\/2023\/09\/IMG_1127_1-1536x2048.jpg 1536w, https:\/\/fadeu.urantiacos.cl\/wp-content\/uploads\/2023\/09\/IMG_1127_1-scaled.jpg 900w\" sizes=\"(max-width: 768px) 100vw, 768px\" \/><\/figure>\n\n\n\n<figure class=\"wp-block-image size-large\"><img decoding=\"async\" width=\"768\" height=\"1024\" src=\"https:\/\/fadeu.urantiacos.cl\/wp-content\/uploads\/2023\/09\/Mano_chica-768x1024.jpg\" alt=\"\" class=\"wp-image-7467\" srcset=\"https:\/\/fadeu.urantiacos.cl\/wp-content\/uploads\/2023\/09\/Mano_chica-768x1024.jpg 768w, https:\/\/fadeu.urantiacos.cl\/wp-content\/uploads\/2023\/09\/Mano_chica-225x300.jpg 225w, https:\/\/fadeu.urantiacos.cl\/wp-content\/uploads\/2023\/09\/Mano_chica-1152x1536.jpg 1152w, https:\/\/fadeu.urantiacos.cl\/wp-content\/uploads\/2023\/09\/Mano_chica-1536x2048.jpg 1536w, https:\/\/fadeu.urantiacos.cl\/wp-content\/uploads\/2023\/09\/Mano_chica-scaled.jpg 900w\" sizes=\"(max-width: 768px) 100vw, 768px\" \/><\/figure>\n","protected":false},"excerpt":{"rendered":"<p>La profesora de la escuela de Dise\u00f1o, Paola Moreno ha sido seleccionada por tercera vez para formar parte del pabell\u00f3n de Chile en la Bienal R\u00e9v\u00e9lations Par\u00eds 2021 R5, exposici\u00f3n europea de mayor importancia en el \u00e1rea del Craft internacional.<\/p>\n","protected":false},"author":1,"featured_media":7465,"comment_status":"open","ping_status":"open","sticky":false,"template":"","format":"standard","meta":{"_acf_changed":false,"footnotes":""},"categories":[1],"tags":[],"class_list":["post-7464","post","type-post","status-publish","format-standard","has-post-thumbnail","hentry","category-sin-categorizar"],"acf":[],"yoast_head":"<!-- This site is optimized with the Yoast SEO plugin v27.1.1 - https:\/\/yoast.com\/product\/yoast-seo-wordpress\/ -->\n<title>Profesora Paola Moreno es nuevamente seleccionada para el pabell\u00f3n de Chile en la Bienal R\u00e9v\u00e9lations Par\u00eds 2021 R5 - Facultad de Arquitectura, Dise\u00f1o y Estudios Urbanos<\/title>\n<meta name=\"description\" content=\"La profesora de la escuela de Dise\u00f1o, Paola Moreno ha sido seleccionada por tercera vez para formar parte del pabell\u00f3n de Chile en la Bienal R\u00e9v\u00e9lations Par\u00eds 2021 R5, exposici\u00f3n europea de mayor importancia en el \u00e1rea del Craft internacional.\" \/>\n<meta name=\"robots\" content=\"index, follow, max-snippet:-1, max-image-preview:large, max-video-preview:-1\" \/>\n<link rel=\"canonical\" href=\"https:\/\/fadeu.urantiacos.cl\/en\/2021\/03\/03\/profesora-paola-moreno-es-nuevamente-seleccionada-para-el-pabellon-de-chile-en-la-bienal-revelations-paris-2021-r5\/\" \/>\n<meta property=\"og:locale\" content=\"en_US\" \/>\n<meta property=\"og:type\" content=\"article\" \/>\n<meta property=\"og:title\" content=\"Profesora Paola Moreno es nuevamente seleccionada para el pabell\u00f3n de Chile en la Bienal R\u00e9v\u00e9lations Par\u00eds 2021 R5 - Facultad de Arquitectura, Dise\u00f1o y Estudios Urbanos\" \/>\n<meta property=\"og:description\" content=\"La profesora de la escuela de Dise\u00f1o, Paola Moreno ha sido seleccionada por tercera vez para formar parte del pabell\u00f3n de Chile en la Bienal R\u00e9v\u00e9lations Par\u00eds 2021 R5, exposici\u00f3n europea de mayor importancia en el \u00e1rea del Craft internacional.\" \/>\n<meta property=\"og:url\" content=\"https:\/\/fadeu.urantiacos.cl\/en\/2021\/03\/03\/profesora-paola-moreno-es-nuevamente-seleccionada-para-el-pabellon-de-chile-en-la-bienal-revelations-paris-2021-r5\/\" \/>\n<meta property=\"og:site_name\" content=\"Facultad de Arquitectura, Dise\u00f1o y Estudios Urbanos\" \/>\n<meta property=\"article:published_time\" content=\"2021-03-04T00:38:00+00:00\" \/>\n<meta property=\"article:modified_time\" content=\"2023-09-09T00:44:49+00:00\" \/>\n<meta property=\"og:image\" content=\"https:\/\/fadeu.urantiacos.cl\/wp-content\/uploads\/2023\/09\/Presentacion_pao_moreno_web.jpg\" \/>\n\t<meta property=\"og:image:width\" content=\"350\" \/>\n\t<meta property=\"og:image:height\" content=\"250\" \/>\n\t<meta property=\"og:image:type\" content=\"image\/jpeg\" \/>\n<meta name=\"author\" content=\"manadmin\" \/>\n<meta name=\"twitter:card\" content=\"summary_large_image\" \/>\n<meta name=\"twitter:label1\" content=\"Written by\" \/>\n\t<meta name=\"twitter:data1\" content=\"manadmin\" \/>\n\t<meta name=\"twitter:label2\" content=\"Est. reading time\" \/>\n\t<meta name=\"twitter:data2\" content=\"1 minute\" \/>\n<script type=\"application\/ld+json\" class=\"yoast-schema-graph\">{\"@context\":\"https:\/\/schema.org\",\"@graph\":[{\"@type\":\"Article\",\"@id\":\"https:\/\/fadeu.urantiacos.cl\/en\/2021\/03\/03\/profesora-paola-moreno-es-nuevamente-seleccionada-para-el-pabellon-de-chile-en-la-bienal-revelations-paris-2021-r5\/#article\",\"isPartOf\":{\"@id\":\"https:\/\/fadeu.urantiacos.cl\/en\/2021\/03\/03\/profesora-paola-moreno-es-nuevamente-seleccionada-para-el-pabellon-de-chile-en-la-bienal-revelations-paris-2021-r5\/\"},\"author\":{\"name\":\"manadmin\",\"@id\":\"https:\/\/fadeu.urantiacos.cl\/en\/#\/schema\/person\/d203e2e84b1c40275eac77b3061a19a2\"},\"headline\":\"Profesora Paola Moreno es nuevamente seleccionada para el pabell\u00f3n de Chile en la Bienal R\u00e9v\u00e9lations Par\u00eds 2021 R5\",\"datePublished\":\"2021-03-04T00:38:00+00:00\",\"dateModified\":\"2023-09-09T00:44:49+00:00\",\"mainEntityOfPage\":{\"@id\":\"https:\/\/fadeu.urantiacos.cl\/en\/2021\/03\/03\/profesora-paola-moreno-es-nuevamente-seleccionada-para-el-pabellon-de-chile-en-la-bienal-revelations-paris-2021-r5\/\"},\"wordCount\":175,\"commentCount\":0,\"image\":{\"@id\":\"https:\/\/fadeu.urantiacos.cl\/en\/2021\/03\/03\/profesora-paola-moreno-es-nuevamente-seleccionada-para-el-pabellon-de-chile-en-la-bienal-revelations-paris-2021-r5\/#primaryimage\"},\"thumbnailUrl\":\"https:\/\/fadeu.urantiacos.cl\/wp-content\/uploads\/2023\/09\/Presentacion_pao_moreno_web.jpg\",\"articleSection\":[\"Sin categorizar\"],\"inLanguage\":\"en-US\",\"potentialAction\":[{\"@type\":\"CommentAction\",\"name\":\"Comment\",\"target\":[\"https:\/\/fadeu.urantiacos.cl\/en\/2021\/03\/03\/profesora-paola-moreno-es-nuevamente-seleccionada-para-el-pabellon-de-chile-en-la-bienal-revelations-paris-2021-r5\/#respond\"]}]},{\"@type\":\"WebPage\",\"@id\":\"https:\/\/fadeu.urantiacos.cl\/en\/2021\/03\/03\/profesora-paola-moreno-es-nuevamente-seleccionada-para-el-pabellon-de-chile-en-la-bienal-revelations-paris-2021-r5\/\",\"url\":\"https:\/\/fadeu.urantiacos.cl\/en\/2021\/03\/03\/profesora-paola-moreno-es-nuevamente-seleccionada-para-el-pabellon-de-chile-en-la-bienal-revelations-paris-2021-r5\/\",\"name\":\"Profesora Paola Moreno es nuevamente seleccionada para el pabell\u00f3n de Chile en la Bienal R\u00e9v\u00e9lations Par\u00eds 2021 R5 - Facultad de Arquitectura, Dise\u00f1o y Estudios Urbanos\",\"isPartOf\":{\"@id\":\"https:\/\/fadeu.urantiacos.cl\/en\/#website\"},\"primaryImageOfPage\":{\"@id\":\"https:\/\/fadeu.urantiacos.cl\/en\/2021\/03\/03\/profesora-paola-moreno-es-nuevamente-seleccionada-para-el-pabellon-de-chile-en-la-bienal-revelations-paris-2021-r5\/#primaryimage\"},\"image\":{\"@id\":\"https:\/\/fadeu.urantiacos.cl\/en\/2021\/03\/03\/profesora-paola-moreno-es-nuevamente-seleccionada-para-el-pabellon-de-chile-en-la-bienal-revelations-paris-2021-r5\/#primaryimage\"},\"thumbnailUrl\":\"https:\/\/fadeu.urantiacos.cl\/wp-content\/uploads\/2023\/09\/Presentacion_pao_moreno_web.jpg\",\"datePublished\":\"2021-03-04T00:38:00+00:00\",\"dateModified\":\"2023-09-09T00:44:49+00:00\",\"author\":{\"@id\":\"https:\/\/fadeu.urantiacos.cl\/en\/#\/schema\/person\/d203e2e84b1c40275eac77b3061a19a2\"},\"description\":\"La profesora de la escuela de Dise\u00f1o, Paola Moreno ha sido seleccionada por tercera vez para formar parte del pabell\u00f3n de Chile en la Bienal R\u00e9v\u00e9lations Par\u00eds 2021 R5, exposici\u00f3n europea de mayor importancia en el \u00e1rea del Craft internacional.\",\"breadcrumb\":{\"@id\":\"https:\/\/fadeu.urantiacos.cl\/en\/2021\/03\/03\/profesora-paola-moreno-es-nuevamente-seleccionada-para-el-pabellon-de-chile-en-la-bienal-revelations-paris-2021-r5\/#breadcrumb\"},\"inLanguage\":\"en-US\",\"potentialAction\":[{\"@type\":\"ReadAction\",\"target\":[\"https:\/\/fadeu.urantiacos.cl\/en\/2021\/03\/03\/profesora-paola-moreno-es-nuevamente-seleccionada-para-el-pabellon-de-chile-en-la-bienal-revelations-paris-2021-r5\/\"]}]},{\"@type\":\"ImageObject\",\"inLanguage\":\"en-US\",\"@id\":\"https:\/\/fadeu.urantiacos.cl\/en\/2021\/03\/03\/profesora-paola-moreno-es-nuevamente-seleccionada-para-el-pabellon-de-chile-en-la-bienal-revelations-paris-2021-r5\/#primaryimage\",\"url\":\"https:\/\/fadeu.urantiacos.cl\/wp-content\/uploads\/2023\/09\/Presentacion_pao_moreno_web.jpg\",\"contentUrl\":\"https:\/\/fadeu.urantiacos.cl\/wp-content\/uploads\/2023\/09\/Presentacion_pao_moreno_web.jpg\",\"width\":350,\"height\":250},{\"@type\":\"BreadcrumbList\",\"@id\":\"https:\/\/fadeu.urantiacos.cl\/en\/2021\/03\/03\/profesora-paola-moreno-es-nuevamente-seleccionada-para-el-pabellon-de-chile-en-la-bienal-revelations-paris-2021-r5\/#breadcrumb\",\"itemListElement\":[{\"@type\":\"ListItem\",\"position\":1,\"name\":\"Portada\",\"item\":\"https:\/\/fadeu.urantiacos.cl\/en\/\"},{\"@type\":\"ListItem\",\"position\":2,\"name\":\"Profesora Paola Moreno es nuevamente seleccionada para el pabell\u00f3n de Chile en la Bienal R\u00e9v\u00e9lations Par\u00eds 2021 R5\"}]},{\"@type\":\"WebSite\",\"@id\":\"https:\/\/fadeu.urantiacos.cl\/en\/#website\",\"url\":\"https:\/\/fadeu.urantiacos.cl\/en\/\",\"name\":\"Facultad de Arquitectura, Dise\u00f1o y Estudios Urbanos\",\"description\":\"Campus Lo Contador\",\"potentialAction\":[{\"@type\":\"SearchAction\",\"target\":{\"@type\":\"EntryPoint\",\"urlTemplate\":\"https:\/\/fadeu.urantiacos.cl\/en\/?s={search_term_string}\"},\"query-input\":{\"@type\":\"PropertyValueSpecification\",\"valueRequired\":true,\"valueName\":\"search_term_string\"}}],\"inLanguage\":\"en-US\"},{\"@type\":\"Person\",\"@id\":\"https:\/\/fadeu.urantiacos.cl\/en\/#\/schema\/person\/d203e2e84b1c40275eac77b3061a19a2\",\"name\":\"manadmin\",\"image\":{\"@type\":\"ImageObject\",\"inLanguage\":\"en-US\",\"@id\":\"https:\/\/fadeu.urantiacos.cl\/en\/#\/schema\/person\/image\/\",\"url\":\"https:\/\/secure.gravatar.com\/avatar\/4b1d8e3303b4a9d8968ac578947d8bc80d9aea359f388cdd4aac15cadc0e8447?s=96&d=mm&r=g\",\"contentUrl\":\"https:\/\/secure.gravatar.com\/avatar\/4b1d8e3303b4a9d8968ac578947d8bc80d9aea359f388cdd4aac15cadc0e8447?s=96&d=mm&r=g\",\"caption\":\"manadmin\"},\"sameAs\":[\"https:\/\/fadeu.urantiacos.cl\"]}]}<\/script>\n<!-- \/ Yoast SEO plugin. -->","yoast_head_json":{"title":"Profesora Paola Moreno es nuevamente seleccionada para el pabell\u00f3n de Chile en la Bienal R\u00e9v\u00e9lations Par\u00eds 2021 R5 - Facultad de Arquitectura, Dise\u00f1o y Estudios Urbanos","description":"La profesora de la escuela de Dise\u00f1o, Paola Moreno ha sido seleccionada por tercera vez para formar parte del pabell\u00f3n de Chile en la Bienal R\u00e9v\u00e9lations Par\u00eds 2021 R5, exposici\u00f3n europea de mayor importancia en el \u00e1rea del Craft internacional.","robots":{"index":"index","follow":"follow","max-snippet":"max-snippet:-1","max-image-preview":"max-image-preview:large","max-video-preview":"max-video-preview:-1"},"canonical":"https:\/\/fadeu.urantiacos.cl\/en\/2021\/03\/03\/profesora-paola-moreno-es-nuevamente-seleccionada-para-el-pabellon-de-chile-en-la-bienal-revelations-paris-2021-r5\/","og_locale":"en_US","og_type":"article","og_title":"Profesora Paola Moreno es nuevamente seleccionada para el pabell\u00f3n de Chile en la Bienal R\u00e9v\u00e9lations Par\u00eds 2021 R5 - Facultad de Arquitectura, Dise\u00f1o y Estudios Urbanos","og_description":"La profesora de la escuela de Dise\u00f1o, Paola Moreno ha sido seleccionada por tercera vez para formar parte del pabell\u00f3n de Chile en la Bienal R\u00e9v\u00e9lations Par\u00eds 2021 R5, exposici\u00f3n europea de mayor importancia en el \u00e1rea del Craft internacional.","og_url":"https:\/\/fadeu.urantiacos.cl\/en\/2021\/03\/03\/profesora-paola-moreno-es-nuevamente-seleccionada-para-el-pabellon-de-chile-en-la-bienal-revelations-paris-2021-r5\/","og_site_name":"Facultad de Arquitectura, Dise\u00f1o y Estudios Urbanos","article_published_time":"2021-03-04T00:38:00+00:00","article_modified_time":"2023-09-09T00:44:49+00:00","og_image":[{"width":350,"height":250,"url":"https:\/\/fadeu.urantiacos.cl\/wp-content\/uploads\/2023\/09\/Presentacion_pao_moreno_web.jpg","type":"image\/jpeg"}],"author":"manadmin","twitter_card":"summary_large_image","twitter_misc":{"Written by":"manadmin","Est. reading time":"1 minute"},"schema":{"@context":"https:\/\/schema.org","@graph":[{"@type":"Article","@id":"https:\/\/fadeu.urantiacos.cl\/en\/2021\/03\/03\/profesora-paola-moreno-es-nuevamente-seleccionada-para-el-pabellon-de-chile-en-la-bienal-revelations-paris-2021-r5\/#article","isPartOf":{"@id":"https:\/\/fadeu.urantiacos.cl\/en\/2021\/03\/03\/profesora-paola-moreno-es-nuevamente-seleccionada-para-el-pabellon-de-chile-en-la-bienal-revelations-paris-2021-r5\/"},"author":{"name":"manadmin","@id":"https:\/\/fadeu.urantiacos.cl\/en\/#\/schema\/person\/d203e2e84b1c40275eac77b3061a19a2"},"headline":"Profesora Paola Moreno es nuevamente seleccionada para el pabell\u00f3n de Chile en la Bienal R\u00e9v\u00e9lations Par\u00eds 2021 R5","datePublished":"2021-03-04T00:38:00+00:00","dateModified":"2023-09-09T00:44:49+00:00","mainEntityOfPage":{"@id":"https:\/\/fadeu.urantiacos.cl\/en\/2021\/03\/03\/profesora-paola-moreno-es-nuevamente-seleccionada-para-el-pabellon-de-chile-en-la-bienal-revelations-paris-2021-r5\/"},"wordCount":175,"commentCount":0,"image":{"@id":"https:\/\/fadeu.urantiacos.cl\/en\/2021\/03\/03\/profesora-paola-moreno-es-nuevamente-seleccionada-para-el-pabellon-de-chile-en-la-bienal-revelations-paris-2021-r5\/#primaryimage"},"thumbnailUrl":"https:\/\/fadeu.urantiacos.cl\/wp-content\/uploads\/2023\/09\/Presentacion_pao_moreno_web.jpg","articleSection":["Sin categorizar"],"inLanguage":"en-US","potentialAction":[{"@type":"CommentAction","name":"Comment","target":["https:\/\/fadeu.urantiacos.cl\/en\/2021\/03\/03\/profesora-paola-moreno-es-nuevamente-seleccionada-para-el-pabellon-de-chile-en-la-bienal-revelations-paris-2021-r5\/#respond"]}]},{"@type":"WebPage","@id":"https:\/\/fadeu.urantiacos.cl\/en\/2021\/03\/03\/profesora-paola-moreno-es-nuevamente-seleccionada-para-el-pabellon-de-chile-en-la-bienal-revelations-paris-2021-r5\/","url":"https:\/\/fadeu.urantiacos.cl\/en\/2021\/03\/03\/profesora-paola-moreno-es-nuevamente-seleccionada-para-el-pabellon-de-chile-en-la-bienal-revelations-paris-2021-r5\/","name":"Profesora Paola Moreno es nuevamente seleccionada para el pabell\u00f3n de Chile en la Bienal R\u00e9v\u00e9lations Par\u00eds 2021 R5 - Facultad de Arquitectura, Dise\u00f1o y Estudios Urbanos","isPartOf":{"@id":"https:\/\/fadeu.urantiacos.cl\/en\/#website"},"primaryImageOfPage":{"@id":"https:\/\/fadeu.urantiacos.cl\/en\/2021\/03\/03\/profesora-paola-moreno-es-nuevamente-seleccionada-para-el-pabellon-de-chile-en-la-bienal-revelations-paris-2021-r5\/#primaryimage"},"image":{"@id":"https:\/\/fadeu.urantiacos.cl\/en\/2021\/03\/03\/profesora-paola-moreno-es-nuevamente-seleccionada-para-el-pabellon-de-chile-en-la-bienal-revelations-paris-2021-r5\/#primaryimage"},"thumbnailUrl":"https:\/\/fadeu.urantiacos.cl\/wp-content\/uploads\/2023\/09\/Presentacion_pao_moreno_web.jpg","datePublished":"2021-03-04T00:38:00+00:00","dateModified":"2023-09-09T00:44:49+00:00","author":{"@id":"https:\/\/fadeu.urantiacos.cl\/en\/#\/schema\/person\/d203e2e84b1c40275eac77b3061a19a2"},"description":"La profesora de la escuela de Dise\u00f1o, Paola Moreno ha sido seleccionada por tercera vez para formar parte del pabell\u00f3n de Chile en la Bienal R\u00e9v\u00e9lations Par\u00eds 2021 R5, exposici\u00f3n europea de mayor importancia en el \u00e1rea del Craft internacional.","breadcrumb":{"@id":"https:\/\/fadeu.urantiacos.cl\/en\/2021\/03\/03\/profesora-paola-moreno-es-nuevamente-seleccionada-para-el-pabellon-de-chile-en-la-bienal-revelations-paris-2021-r5\/#breadcrumb"},"inLanguage":"en-US","potentialAction":[{"@type":"ReadAction","target":["https:\/\/fadeu.urantiacos.cl\/en\/2021\/03\/03\/profesora-paola-moreno-es-nuevamente-seleccionada-para-el-pabellon-de-chile-en-la-bienal-revelations-paris-2021-r5\/"]}]},{"@type":"ImageObject","inLanguage":"en-US","@id":"https:\/\/fadeu.urantiacos.cl\/en\/2021\/03\/03\/profesora-paola-moreno-es-nuevamente-seleccionada-para-el-pabellon-de-chile-en-la-bienal-revelations-paris-2021-r5\/#primaryimage","url":"https:\/\/fadeu.urantiacos.cl\/wp-content\/uploads\/2023\/09\/Presentacion_pao_moreno_web.jpg","contentUrl":"https:\/\/fadeu.urantiacos.cl\/wp-content\/uploads\/2023\/09\/Presentacion_pao_moreno_web.jpg","width":350,"height":250},{"@type":"BreadcrumbList","@id":"https:\/\/fadeu.urantiacos.cl\/en\/2021\/03\/03\/profesora-paola-moreno-es-nuevamente-seleccionada-para-el-pabellon-de-chile-en-la-bienal-revelations-paris-2021-r5\/#breadcrumb","itemListElement":[{"@type":"ListItem","position":1,"name":"Portada","item":"https:\/\/fadeu.urantiacos.cl\/en\/"},{"@type":"ListItem","position":2,"name":"Profesora Paola Moreno es nuevamente seleccionada para el pabell\u00f3n de Chile en la Bienal R\u00e9v\u00e9lations Par\u00eds 2021 R5"}]},{"@type":"WebSite","@id":"https:\/\/fadeu.urantiacos.cl\/en\/#website","url":"https:\/\/fadeu.urantiacos.cl\/en\/","name":"Facultad de Arquitectura, Dise\u00f1o y Estudios Urbanos","description":"Campus Lo Contador","potentialAction":[{"@type":"SearchAction","target":{"@type":"EntryPoint","urlTemplate":"https:\/\/fadeu.urantiacos.cl\/en\/?s={search_term_string}"},"query-input":{"@type":"PropertyValueSpecification","valueRequired":true,"valueName":"search_term_string"}}],"inLanguage":"en-US"},{"@type":"Person","@id":"https:\/\/fadeu.urantiacos.cl\/en\/#\/schema\/person\/d203e2e84b1c40275eac77b3061a19a2","name":"manadmin","image":{"@type":"ImageObject","inLanguage":"en-US","@id":"https:\/\/fadeu.urantiacos.cl\/en\/#\/schema\/person\/image\/","url":"https:\/\/secure.gravatar.com\/avatar\/4b1d8e3303b4a9d8968ac578947d8bc80d9aea359f388cdd4aac15cadc0e8447?s=96&d=mm&r=g","contentUrl":"https:\/\/secure.gravatar.com\/avatar\/4b1d8e3303b4a9d8968ac578947d8bc80d9aea359f388cdd4aac15cadc0e8447?s=96&d=mm&r=g","caption":"manadmin"},"sameAs":["https:\/\/fadeu.urantiacos.cl"]}]}},"_links":{"self":[{"href":"https:\/\/fadeu.urantiacos.cl\/en\/wp-json\/wp\/v2\/posts\/7464","targetHints":{"allow":["GET"]}}],"collection":[{"href":"https:\/\/fadeu.urantiacos.cl\/en\/wp-json\/wp\/v2\/posts"}],"about":[{"href":"https:\/\/fadeu.urantiacos.cl\/en\/wp-json\/wp\/v2\/types\/post"}],"author":[{"embeddable":true,"href":"https:\/\/fadeu.urantiacos.cl\/en\/wp-json\/wp\/v2\/users\/1"}],"replies":[{"embeddable":true,"href":"https:\/\/fadeu.urantiacos.cl\/en\/wp-json\/wp\/v2\/comments?post=7464"}],"version-history":[{"count":1,"href":"https:\/\/fadeu.urantiacos.cl\/en\/wp-json\/wp\/v2\/posts\/7464\/revisions"}],"predecessor-version":[{"id":7468,"href":"https:\/\/fadeu.urantiacos.cl\/en\/wp-json\/wp\/v2\/posts\/7464\/revisions\/7468"}],"wp:featuredmedia":[{"embeddable":true,"href":"https:\/\/fadeu.urantiacos.cl\/en\/wp-json\/wp\/v2\/media\/7465"}],"wp:attachment":[{"href":"https:\/\/fadeu.urantiacos.cl\/en\/wp-json\/wp\/v2\/media?parent=7464"}],"wp:term":[{"taxonomy":"category","embeddable":true,"href":"https:\/\/fadeu.urantiacos.cl\/en\/wp-json\/wp\/v2\/categories?post=7464"},{"taxonomy":"post_tag","embeddable":true,"href":"https:\/\/fadeu.urantiacos.cl\/en\/wp-json\/wp\/v2\/tags?post=7464"}],"curies":[{"name":"wp","href":"https:\/\/api.w.org\/{rel}","templated":true}]}}