{"id":7447,"date":"2021-03-08T21:27:00","date_gmt":"2021-03-09T00:27:00","guid":{"rendered":"https:\/\/fadeu.urantiacos.cl\/?p=7447"},"modified":"2023-09-08T21:29:05","modified_gmt":"2023-09-09T00:29:05","slug":"unidades-academicas-fadeu-ultiman-detalles-para-dar-la-bienvenida-a-estudiantes-2021","status":"publish","type":"post","link":"https:\/\/fadeu.urantiacos.cl\/en\/2021\/03\/08\/unidades-academicas-fadeu-ultiman-detalles-para-dar-la-bienvenida-a-estudiantes-2021\/","title":{"rendered":"Unidades acad\u00e9micas FADEU ultiman detalles para dar la bienvenida a estudiantes 2021"},"content":{"rendered":"\n<figure class=\"wp-block-image size-full\"><img decoding=\"async\" width=\"350\" height=\"250\" src=\"https:\/\/fadeu.urantiacos.cl\/wp-content\/uploads\/2023\/09\/campus_lo_contador2021.jpg\" alt=\"\" class=\"wp-image-7448\" srcset=\"https:\/\/fadeu.urantiacos.cl\/wp-content\/uploads\/2023\/09\/campus_lo_contador2021.jpg 350w, https:\/\/fadeu.urantiacos.cl\/wp-content\/uploads\/2023\/09\/campus_lo_contador2021-300x214.jpg 300w\" sizes=\"(max-width: 350px) 100vw, 350px\" \/><\/figure>\n\n\n\n<p>A\u00fan as\u00ed, la pol\u00edtica de la Universidad Cat\u00f3lica, durante la primera parte del presente a\u00f1o, es mantener la pol\u00edtica educativa de 2020, con \u00e9nfasis en las clases online y reforzando la presencialidad en actividades puntuales, manteniendo aforos autorizados y siendo estrictos con las medidas de autocuidado (distancia f\u00edsica, uso obligatorio de mascarilla y lavado constante de manos).<\/p>\n\n\n\n<p>En este contexto, las escuelas de Arquitectura y Dise\u00f1o, junto al Instituto de Estudios Urbanos y Territoriales, tienen planificadas algunas actividades de recepci\u00f3n de los y las estudiantes que comienzan sus estudios el presente a\u00f1o, iniciativas que mezclan la comunicaci\u00f3n online y algunas actividades presenciales en el campus Lo Contador.<\/p>\n\n\n\n<p>La&nbsp;escuela de Arquitectura realizar\u00e1 una recepci\u00f3n online el martes 9 de marzo a las 17.00 horas. Adem\u00e1s, para los estudiantes que ingresan el primer semestre y se encuentren en Santiago, se desarrollar\u00e1 una actividad acotada en Lo Contador, que reunir\u00e1 a parte del cuerpo docente de la escuela y representantes del cuerpo estudiantil los d\u00edas mi\u00e9rcoles 10 y jueves 11.<\/p>\n\n\n\n<p>La escuela de Dise\u00f1o realizar\u00e1 tambi\u00e9n una recepci\u00f3n online con los nuevos estudiantes el mi\u00e9rcoles 10 de marzo, actividad que reunir\u00e1 tambi\u00e9n al cuerpo docente de esta unidad acad\u00e9mica y autoridades del Decanato. Luego, los d\u00edas jueves 11 y viernes 12 se realizar\u00e1n algunas visitas guiadas, manteniendo aforos respectivos con grupos peque\u00f1os, por las dependencias del campus.<\/p>\n\n\n\n<p>El Instituto de Estudios Urbanos y Territoriales recibir\u00e1 a sus estudiantes de postgrado 2021 (Mag\u00edster en Desarrollo Urbano y Mag\u00edster en Asentamientos Humanos y Medio Ambiente) el lunes 15 de marzo, en principio, en una actividad abierta en el campus Lo Contador (guardando los aforos permitidos conforme la fase en que se encuentre la comuna y manteniendo las medidas de higiene y autocuidado), que tambi\u00e9n ser\u00e1 transmitida en streaming para aquellos\/as estudiantes que no puedan asistir. Asimismo, consideran visitas guiadas en grupos peque\u00f1os a la biblioteca y otras dependencias del Campus.<\/p>\n\n\n\n<p>La Universidad Cat\u00f3lica, a trav\u00e9s de la mesa COVID, monitorear\u00e1 la evoluci\u00f3n de la pandemia en el pa\u00eds, sobre todo en la regi\u00f3n Metropolitana, considerando los informes epidemiol\u00f3gicos del Ministerio de Salud para evaluar, con el pasar de los meses, la apertura paulatina y gradual del resto de las actividades acad\u00e9micas presenciales, siempre con el resguardo de la salud y en sinton\u00eda absoluta con las directrices de la Autoridad Sanitaria.<\/p>\n","protected":false},"excerpt":{"rendered":"<p>Luego de un 2020 marcado por la educaci\u00f3n online y las clases remotas, el 2021 presenta nuevos desaf\u00edos acad\u00e9micos, en medio del plan de vacunaci\u00f3n que vaticina tener un amplio porcentaje de la poblaci\u00f3n inmunizada contra el COVID-19 durante el primer semestre.<\/p>\n","protected":false},"author":1,"featured_media":7448,"comment_status":"open","ping_status":"open","sticky":false,"template":"","format":"standard","meta":{"_acf_changed":false,"footnotes":""},"categories":[1],"tags":[],"class_list":["post-7447","post","type-post","status-publish","format-standard","has-post-thumbnail","hentry","category-sin-categorizar"],"acf":[],"yoast_head":"<!-- This site is optimized with the Yoast SEO plugin v27.1.1 - https:\/\/yoast.com\/product\/yoast-seo-wordpress\/ -->\n<title>Unidades acad\u00e9micas FADEU ultiman detalles para dar la bienvenida a estudiantes 2021 - Facultad de Arquitectura, Dise\u00f1o y Estudios Urbanos<\/title>\n<meta name=\"description\" content=\"Luego de un 2020 marcado por la educaci\u00f3n online y las clases remotas, el 2021 presenta nuevos desaf\u00edos acad\u00e9micos, en medio del plan de vacunaci\u00f3n que vaticina tener un amplio porcentaje de la poblaci\u00f3n inmunizada contra el COVID-19 durante el primer semestre.\" \/>\n<meta name=\"robots\" content=\"index, follow, max-snippet:-1, max-image-preview:large, max-video-preview:-1\" \/>\n<link rel=\"canonical\" href=\"https:\/\/fadeu.urantiacos.cl\/en\/2021\/03\/08\/unidades-academicas-fadeu-ultiman-detalles-para-dar-la-bienvenida-a-estudiantes-2021\/\" \/>\n<meta property=\"og:locale\" content=\"en_US\" \/>\n<meta property=\"og:type\" content=\"article\" \/>\n<meta property=\"og:title\" content=\"Unidades acad\u00e9micas FADEU ultiman detalles para dar la bienvenida a estudiantes 2021 - Facultad de Arquitectura, Dise\u00f1o y Estudios Urbanos\" \/>\n<meta property=\"og:description\" content=\"Luego de un 2020 marcado por la educaci\u00f3n online y las clases remotas, el 2021 presenta nuevos desaf\u00edos acad\u00e9micos, en medio del plan de vacunaci\u00f3n que vaticina tener un amplio porcentaje de la poblaci\u00f3n inmunizada contra el COVID-19 durante el primer semestre.\" \/>\n<meta property=\"og:url\" content=\"https:\/\/fadeu.urantiacos.cl\/en\/2021\/03\/08\/unidades-academicas-fadeu-ultiman-detalles-para-dar-la-bienvenida-a-estudiantes-2021\/\" \/>\n<meta property=\"og:site_name\" content=\"Facultad de Arquitectura, Dise\u00f1o y Estudios Urbanos\" \/>\n<meta property=\"article:published_time\" content=\"2021-03-09T00:27:00+00:00\" \/>\n<meta property=\"article:modified_time\" content=\"2023-09-09T00:29:05+00:00\" \/>\n<meta property=\"og:image\" content=\"https:\/\/fadeu.urantiacos.cl\/wp-content\/uploads\/2023\/09\/campus_lo_contador2021.jpg\" \/>\n\t<meta property=\"og:image:width\" content=\"350\" \/>\n\t<meta property=\"og:image:height\" content=\"250\" \/>\n\t<meta property=\"og:image:type\" content=\"image\/jpeg\" \/>\n<meta name=\"author\" content=\"manadmin\" \/>\n<meta name=\"twitter:card\" content=\"summary_large_image\" \/>\n<meta name=\"twitter:label1\" content=\"Written by\" \/>\n\t<meta name=\"twitter:data1\" content=\"manadmin\" \/>\n\t<meta name=\"twitter:label2\" content=\"Est. reading time\" \/>\n\t<meta name=\"twitter:data2\" content=\"2 minutes\" \/>\n<script type=\"application\/ld+json\" class=\"yoast-schema-graph\">{\"@context\":\"https:\/\/schema.org\",\"@graph\":[{\"@type\":\"Article\",\"@id\":\"https:\/\/fadeu.urantiacos.cl\/en\/2021\/03\/08\/unidades-academicas-fadeu-ultiman-detalles-para-dar-la-bienvenida-a-estudiantes-2021\/#article\",\"isPartOf\":{\"@id\":\"https:\/\/fadeu.urantiacos.cl\/en\/2021\/03\/08\/unidades-academicas-fadeu-ultiman-detalles-para-dar-la-bienvenida-a-estudiantes-2021\/\"},\"author\":{\"name\":\"manadmin\",\"@id\":\"https:\/\/fadeu.urantiacos.cl\/en\/#\/schema\/person\/d203e2e84b1c40275eac77b3061a19a2\"},\"headline\":\"Unidades acad\u00e9micas FADEU ultiman detalles para dar la bienvenida a estudiantes 2021\",\"datePublished\":\"2021-03-09T00:27:00+00:00\",\"dateModified\":\"2023-09-09T00:29:05+00:00\",\"mainEntityOfPage\":{\"@id\":\"https:\/\/fadeu.urantiacos.cl\/en\/2021\/03\/08\/unidades-academicas-fadeu-ultiman-detalles-para-dar-la-bienvenida-a-estudiantes-2021\/\"},\"wordCount\":425,\"commentCount\":0,\"image\":{\"@id\":\"https:\/\/fadeu.urantiacos.cl\/en\/2021\/03\/08\/unidades-academicas-fadeu-ultiman-detalles-para-dar-la-bienvenida-a-estudiantes-2021\/#primaryimage\"},\"thumbnailUrl\":\"https:\/\/fadeu.urantiacos.cl\/wp-content\/uploads\/2023\/09\/campus_lo_contador2021.jpg\",\"articleSection\":[\"Sin categorizar\"],\"inLanguage\":\"en-US\",\"potentialAction\":[{\"@type\":\"CommentAction\",\"name\":\"Comment\",\"target\":[\"https:\/\/fadeu.urantiacos.cl\/en\/2021\/03\/08\/unidades-academicas-fadeu-ultiman-detalles-para-dar-la-bienvenida-a-estudiantes-2021\/#respond\"]}]},{\"@type\":\"WebPage\",\"@id\":\"https:\/\/fadeu.urantiacos.cl\/en\/2021\/03\/08\/unidades-academicas-fadeu-ultiman-detalles-para-dar-la-bienvenida-a-estudiantes-2021\/\",\"url\":\"https:\/\/fadeu.urantiacos.cl\/en\/2021\/03\/08\/unidades-academicas-fadeu-ultiman-detalles-para-dar-la-bienvenida-a-estudiantes-2021\/\",\"name\":\"Unidades acad\u00e9micas FADEU ultiman detalles para dar la bienvenida a estudiantes 2021 - Facultad de Arquitectura, Dise\u00f1o y Estudios Urbanos\",\"isPartOf\":{\"@id\":\"https:\/\/fadeu.urantiacos.cl\/en\/#website\"},\"primaryImageOfPage\":{\"@id\":\"https:\/\/fadeu.urantiacos.cl\/en\/2021\/03\/08\/unidades-academicas-fadeu-ultiman-detalles-para-dar-la-bienvenida-a-estudiantes-2021\/#primaryimage\"},\"image\":{\"@id\":\"https:\/\/fadeu.urantiacos.cl\/en\/2021\/03\/08\/unidades-academicas-fadeu-ultiman-detalles-para-dar-la-bienvenida-a-estudiantes-2021\/#primaryimage\"},\"thumbnailUrl\":\"https:\/\/fadeu.urantiacos.cl\/wp-content\/uploads\/2023\/09\/campus_lo_contador2021.jpg\",\"datePublished\":\"2021-03-09T00:27:00+00:00\",\"dateModified\":\"2023-09-09T00:29:05+00:00\",\"author\":{\"@id\":\"https:\/\/fadeu.urantiacos.cl\/en\/#\/schema\/person\/d203e2e84b1c40275eac77b3061a19a2\"},\"description\":\"Luego de un 2020 marcado por la educaci\u00f3n online y las clases remotas, el 2021 presenta nuevos desaf\u00edos acad\u00e9micos, en medio del plan de vacunaci\u00f3n que vaticina tener un amplio porcentaje de la poblaci\u00f3n inmunizada contra el COVID-19 durante el primer semestre.\",\"breadcrumb\":{\"@id\":\"https:\/\/fadeu.urantiacos.cl\/en\/2021\/03\/08\/unidades-academicas-fadeu-ultiman-detalles-para-dar-la-bienvenida-a-estudiantes-2021\/#breadcrumb\"},\"inLanguage\":\"en-US\",\"potentialAction\":[{\"@type\":\"ReadAction\",\"target\":[\"https:\/\/fadeu.urantiacos.cl\/en\/2021\/03\/08\/unidades-academicas-fadeu-ultiman-detalles-para-dar-la-bienvenida-a-estudiantes-2021\/\"]}]},{\"@type\":\"ImageObject\",\"inLanguage\":\"en-US\",\"@id\":\"https:\/\/fadeu.urantiacos.cl\/en\/2021\/03\/08\/unidades-academicas-fadeu-ultiman-detalles-para-dar-la-bienvenida-a-estudiantes-2021\/#primaryimage\",\"url\":\"https:\/\/fadeu.urantiacos.cl\/wp-content\/uploads\/2023\/09\/campus_lo_contador2021.jpg\",\"contentUrl\":\"https:\/\/fadeu.urantiacos.cl\/wp-content\/uploads\/2023\/09\/campus_lo_contador2021.jpg\",\"width\":350,\"height\":250},{\"@type\":\"BreadcrumbList\",\"@id\":\"https:\/\/fadeu.urantiacos.cl\/en\/2021\/03\/08\/unidades-academicas-fadeu-ultiman-detalles-para-dar-la-bienvenida-a-estudiantes-2021\/#breadcrumb\",\"itemListElement\":[{\"@type\":\"ListItem\",\"position\":1,\"name\":\"Portada\",\"item\":\"https:\/\/fadeu.urantiacos.cl\/en\/\"},{\"@type\":\"ListItem\",\"position\":2,\"name\":\"Unidades acad\u00e9micas FADEU ultiman detalles para dar la bienvenida a estudiantes 2021\"}]},{\"@type\":\"WebSite\",\"@id\":\"https:\/\/fadeu.urantiacos.cl\/en\/#website\",\"url\":\"https:\/\/fadeu.urantiacos.cl\/en\/\",\"name\":\"Facultad de Arquitectura, Dise\u00f1o y Estudios Urbanos\",\"description\":\"Campus Lo Contador\",\"potentialAction\":[{\"@type\":\"SearchAction\",\"target\":{\"@type\":\"EntryPoint\",\"urlTemplate\":\"https:\/\/fadeu.urantiacos.cl\/en\/?s={search_term_string}\"},\"query-input\":{\"@type\":\"PropertyValueSpecification\",\"valueRequired\":true,\"valueName\":\"search_term_string\"}}],\"inLanguage\":\"en-US\"},{\"@type\":\"Person\",\"@id\":\"https:\/\/fadeu.urantiacos.cl\/en\/#\/schema\/person\/d203e2e84b1c40275eac77b3061a19a2\",\"name\":\"manadmin\",\"image\":{\"@type\":\"ImageObject\",\"inLanguage\":\"en-US\",\"@id\":\"https:\/\/fadeu.urantiacos.cl\/en\/#\/schema\/person\/image\/\",\"url\":\"https:\/\/secure.gravatar.com\/avatar\/4b1d8e3303b4a9d8968ac578947d8bc80d9aea359f388cdd4aac15cadc0e8447?s=96&d=mm&r=g\",\"contentUrl\":\"https:\/\/secure.gravatar.com\/avatar\/4b1d8e3303b4a9d8968ac578947d8bc80d9aea359f388cdd4aac15cadc0e8447?s=96&d=mm&r=g\",\"caption\":\"manadmin\"},\"sameAs\":[\"https:\/\/fadeu.urantiacos.cl\"]}]}<\/script>\n<!-- \/ Yoast SEO plugin. -->","yoast_head_json":{"title":"Unidades acad\u00e9micas FADEU ultiman detalles para dar la bienvenida a estudiantes 2021 - Facultad de Arquitectura, Dise\u00f1o y Estudios Urbanos","description":"Luego de un 2020 marcado por la educaci\u00f3n online y las clases remotas, el 2021 presenta nuevos desaf\u00edos acad\u00e9micos, en medio del plan de vacunaci\u00f3n que vaticina tener un amplio porcentaje de la poblaci\u00f3n inmunizada contra el COVID-19 durante el primer semestre.","robots":{"index":"index","follow":"follow","max-snippet":"max-snippet:-1","max-image-preview":"max-image-preview:large","max-video-preview":"max-video-preview:-1"},"canonical":"https:\/\/fadeu.urantiacos.cl\/en\/2021\/03\/08\/unidades-academicas-fadeu-ultiman-detalles-para-dar-la-bienvenida-a-estudiantes-2021\/","og_locale":"en_US","og_type":"article","og_title":"Unidades acad\u00e9micas FADEU ultiman detalles para dar la bienvenida a estudiantes 2021 - Facultad de Arquitectura, Dise\u00f1o y Estudios Urbanos","og_description":"Luego de un 2020 marcado por la educaci\u00f3n online y las clases remotas, el 2021 presenta nuevos desaf\u00edos acad\u00e9micos, en medio del plan de vacunaci\u00f3n que vaticina tener un amplio porcentaje de la poblaci\u00f3n inmunizada contra el COVID-19 durante el primer semestre.","og_url":"https:\/\/fadeu.urantiacos.cl\/en\/2021\/03\/08\/unidades-academicas-fadeu-ultiman-detalles-para-dar-la-bienvenida-a-estudiantes-2021\/","og_site_name":"Facultad de Arquitectura, Dise\u00f1o y Estudios Urbanos","article_published_time":"2021-03-09T00:27:00+00:00","article_modified_time":"2023-09-09T00:29:05+00:00","og_image":[{"width":350,"height":250,"url":"https:\/\/fadeu.urantiacos.cl\/wp-content\/uploads\/2023\/09\/campus_lo_contador2021.jpg","type":"image\/jpeg"}],"author":"manadmin","twitter_card":"summary_large_image","twitter_misc":{"Written by":"manadmin","Est. reading time":"2 minutes"},"schema":{"@context":"https:\/\/schema.org","@graph":[{"@type":"Article","@id":"https:\/\/fadeu.urantiacos.cl\/en\/2021\/03\/08\/unidades-academicas-fadeu-ultiman-detalles-para-dar-la-bienvenida-a-estudiantes-2021\/#article","isPartOf":{"@id":"https:\/\/fadeu.urantiacos.cl\/en\/2021\/03\/08\/unidades-academicas-fadeu-ultiman-detalles-para-dar-la-bienvenida-a-estudiantes-2021\/"},"author":{"name":"manadmin","@id":"https:\/\/fadeu.urantiacos.cl\/en\/#\/schema\/person\/d203e2e84b1c40275eac77b3061a19a2"},"headline":"Unidades acad\u00e9micas FADEU ultiman detalles para dar la bienvenida a estudiantes 2021","datePublished":"2021-03-09T00:27:00+00:00","dateModified":"2023-09-09T00:29:05+00:00","mainEntityOfPage":{"@id":"https:\/\/fadeu.urantiacos.cl\/en\/2021\/03\/08\/unidades-academicas-fadeu-ultiman-detalles-para-dar-la-bienvenida-a-estudiantes-2021\/"},"wordCount":425,"commentCount":0,"image":{"@id":"https:\/\/fadeu.urantiacos.cl\/en\/2021\/03\/08\/unidades-academicas-fadeu-ultiman-detalles-para-dar-la-bienvenida-a-estudiantes-2021\/#primaryimage"},"thumbnailUrl":"https:\/\/fadeu.urantiacos.cl\/wp-content\/uploads\/2023\/09\/campus_lo_contador2021.jpg","articleSection":["Sin categorizar"],"inLanguage":"en-US","potentialAction":[{"@type":"CommentAction","name":"Comment","target":["https:\/\/fadeu.urantiacos.cl\/en\/2021\/03\/08\/unidades-academicas-fadeu-ultiman-detalles-para-dar-la-bienvenida-a-estudiantes-2021\/#respond"]}]},{"@type":"WebPage","@id":"https:\/\/fadeu.urantiacos.cl\/en\/2021\/03\/08\/unidades-academicas-fadeu-ultiman-detalles-para-dar-la-bienvenida-a-estudiantes-2021\/","url":"https:\/\/fadeu.urantiacos.cl\/en\/2021\/03\/08\/unidades-academicas-fadeu-ultiman-detalles-para-dar-la-bienvenida-a-estudiantes-2021\/","name":"Unidades acad\u00e9micas FADEU ultiman detalles para dar la bienvenida a estudiantes 2021 - Facultad de Arquitectura, Dise\u00f1o y Estudios Urbanos","isPartOf":{"@id":"https:\/\/fadeu.urantiacos.cl\/en\/#website"},"primaryImageOfPage":{"@id":"https:\/\/fadeu.urantiacos.cl\/en\/2021\/03\/08\/unidades-academicas-fadeu-ultiman-detalles-para-dar-la-bienvenida-a-estudiantes-2021\/#primaryimage"},"image":{"@id":"https:\/\/fadeu.urantiacos.cl\/en\/2021\/03\/08\/unidades-academicas-fadeu-ultiman-detalles-para-dar-la-bienvenida-a-estudiantes-2021\/#primaryimage"},"thumbnailUrl":"https:\/\/fadeu.urantiacos.cl\/wp-content\/uploads\/2023\/09\/campus_lo_contador2021.jpg","datePublished":"2021-03-09T00:27:00+00:00","dateModified":"2023-09-09T00:29:05+00:00","author":{"@id":"https:\/\/fadeu.urantiacos.cl\/en\/#\/schema\/person\/d203e2e84b1c40275eac77b3061a19a2"},"description":"Luego de un 2020 marcado por la educaci\u00f3n online y las clases remotas, el 2021 presenta nuevos desaf\u00edos acad\u00e9micos, en medio del plan de vacunaci\u00f3n que vaticina tener un amplio porcentaje de la poblaci\u00f3n inmunizada contra el COVID-19 durante el primer semestre.","breadcrumb":{"@id":"https:\/\/fadeu.urantiacos.cl\/en\/2021\/03\/08\/unidades-academicas-fadeu-ultiman-detalles-para-dar-la-bienvenida-a-estudiantes-2021\/#breadcrumb"},"inLanguage":"en-US","potentialAction":[{"@type":"ReadAction","target":["https:\/\/fadeu.urantiacos.cl\/en\/2021\/03\/08\/unidades-academicas-fadeu-ultiman-detalles-para-dar-la-bienvenida-a-estudiantes-2021\/"]}]},{"@type":"ImageObject","inLanguage":"en-US","@id":"https:\/\/fadeu.urantiacos.cl\/en\/2021\/03\/08\/unidades-academicas-fadeu-ultiman-detalles-para-dar-la-bienvenida-a-estudiantes-2021\/#primaryimage","url":"https:\/\/fadeu.urantiacos.cl\/wp-content\/uploads\/2023\/09\/campus_lo_contador2021.jpg","contentUrl":"https:\/\/fadeu.urantiacos.cl\/wp-content\/uploads\/2023\/09\/campus_lo_contador2021.jpg","width":350,"height":250},{"@type":"BreadcrumbList","@id":"https:\/\/fadeu.urantiacos.cl\/en\/2021\/03\/08\/unidades-academicas-fadeu-ultiman-detalles-para-dar-la-bienvenida-a-estudiantes-2021\/#breadcrumb","itemListElement":[{"@type":"ListItem","position":1,"name":"Portada","item":"https:\/\/fadeu.urantiacos.cl\/en\/"},{"@type":"ListItem","position":2,"name":"Unidades acad\u00e9micas FADEU ultiman detalles para dar la bienvenida a estudiantes 2021"}]},{"@type":"WebSite","@id":"https:\/\/fadeu.urantiacos.cl\/en\/#website","url":"https:\/\/fadeu.urantiacos.cl\/en\/","name":"Facultad de Arquitectura, Dise\u00f1o y Estudios Urbanos","description":"Campus Lo Contador","potentialAction":[{"@type":"SearchAction","target":{"@type":"EntryPoint","urlTemplate":"https:\/\/fadeu.urantiacos.cl\/en\/?s={search_term_string}"},"query-input":{"@type":"PropertyValueSpecification","valueRequired":true,"valueName":"search_term_string"}}],"inLanguage":"en-US"},{"@type":"Person","@id":"https:\/\/fadeu.urantiacos.cl\/en\/#\/schema\/person\/d203e2e84b1c40275eac77b3061a19a2","name":"manadmin","image":{"@type":"ImageObject","inLanguage":"en-US","@id":"https:\/\/fadeu.urantiacos.cl\/en\/#\/schema\/person\/image\/","url":"https:\/\/secure.gravatar.com\/avatar\/4b1d8e3303b4a9d8968ac578947d8bc80d9aea359f388cdd4aac15cadc0e8447?s=96&d=mm&r=g","contentUrl":"https:\/\/secure.gravatar.com\/avatar\/4b1d8e3303b4a9d8968ac578947d8bc80d9aea359f388cdd4aac15cadc0e8447?s=96&d=mm&r=g","caption":"manadmin"},"sameAs":["https:\/\/fadeu.urantiacos.cl"]}]}},"_links":{"self":[{"href":"https:\/\/fadeu.urantiacos.cl\/en\/wp-json\/wp\/v2\/posts\/7447","targetHints":{"allow":["GET"]}}],"collection":[{"href":"https:\/\/fadeu.urantiacos.cl\/en\/wp-json\/wp\/v2\/posts"}],"about":[{"href":"https:\/\/fadeu.urantiacos.cl\/en\/wp-json\/wp\/v2\/types\/post"}],"author":[{"embeddable":true,"href":"https:\/\/fadeu.urantiacos.cl\/en\/wp-json\/wp\/v2\/users\/1"}],"replies":[{"embeddable":true,"href":"https:\/\/fadeu.urantiacos.cl\/en\/wp-json\/wp\/v2\/comments?post=7447"}],"version-history":[{"count":1,"href":"https:\/\/fadeu.urantiacos.cl\/en\/wp-json\/wp\/v2\/posts\/7447\/revisions"}],"predecessor-version":[{"id":7449,"href":"https:\/\/fadeu.urantiacos.cl\/en\/wp-json\/wp\/v2\/posts\/7447\/revisions\/7449"}],"wp:featuredmedia":[{"embeddable":true,"href":"https:\/\/fadeu.urantiacos.cl\/en\/wp-json\/wp\/v2\/media\/7448"}],"wp:attachment":[{"href":"https:\/\/fadeu.urantiacos.cl\/en\/wp-json\/wp\/v2\/media?parent=7447"}],"wp:term":[{"taxonomy":"category","embeddable":true,"href":"https:\/\/fadeu.urantiacos.cl\/en\/wp-json\/wp\/v2\/categories?post=7447"},{"taxonomy":"post_tag","embeddable":true,"href":"https:\/\/fadeu.urantiacos.cl\/en\/wp-json\/wp\/v2\/tags?post=7447"}],"curies":[{"name":"wp","href":"https:\/\/api.w.org\/{rel}","templated":true}]}}