{"id":7424,"date":"2021-03-12T21:12:00","date_gmt":"2021-03-13T00:12:00","guid":{"rendered":"https:\/\/fadeu.urantiacos.cl\/?p=7424"},"modified":"2023-09-08T21:14:15","modified_gmt":"2023-09-09T00:14:15","slug":"conferencia-de-hugo-palmarola-en-el-deutsches-forum-fur-kunstgeschichte-de-paris","status":"publish","type":"post","link":"https:\/\/fadeu.urantiacos.cl\/en\/2021\/03\/12\/conferencia-de-hugo-palmarola-en-el-deutsches-forum-fur-kunstgeschichte-de-paris\/","title":{"rendered":"Conferencia de Hugo Palmarola en el Deutsches Forum f\u00fcr Kunstgeschichte de Par\u00eds"},"content":{"rendered":"\n<figure class=\"wp-block-image size-full\"><img decoding=\"async\" width=\"350\" height=\"250\" src=\"https:\/\/fadeu.urantiacos.cl\/wp-content\/uploads\/2023\/09\/Palmarola_Alemania.png\" alt=\"\" class=\"wp-image-7425\" srcset=\"https:\/\/fadeu.urantiacos.cl\/wp-content\/uploads\/2023\/09\/Palmarola_Alemania.png 350w, https:\/\/fadeu.urantiacos.cl\/wp-content\/uploads\/2023\/09\/Palmarola_Alemania-300x214.png 300w\" sizes=\"(max-width: 350px) 100vw, 350px\" \/><\/figure>\n\n\n\n<p>El Deutsches Forum f\u00fcr Kunstgeschicht (DFK Paris), perteneciente a la Fundaci\u00f3n Max Weber, busca establecer di\u00e1logos entre la tradici\u00f3n intelectual francesa y alemana con las corrientes de pensamiento internacional, con el objetivo de fomentar la investigaci\u00f3n interdisciplinaria de las artes en un contexto global.<\/p>\n\n\n\n<p>La conferencia se realizar\u00e1 v\u00eda Zoom el d\u00eda 25 de marzo a las 10:00 Hrs. (Chile) \/ 14:00 Hrs. (Francia).&nbsp;<\/p>\n\n\n\n<p>Inscripciones e informaci\u00f3n:<\/p>\n\n\n\n<p><a href=\"https:\/\/dfk-paris-org.zoom.us\/webinar\/register\/WN_bfuRQYgcS5mZfzIBktv_MA\">https:\/\/dfk-paris-org.zoom.us\/webinar\/register\/WN_bfuRQYgcS5mZfzIBktv_MA<\/a><\/p>\n\n\n\n<p><a href=\"https:\/\/dfk-paris.org\/en\/node\/2787\">https:\/\/dfk-paris.org\/en\/node\/2787<\/a><\/p>\n\n\n\n<p><a href=\"https:\/\/dfk-paris.org\/en\">https:\/\/dfk-paris.org\/en<\/a><\/p>\n","protected":false},"excerpt":{"rendered":"<p>Hugo Palmarola fue invitado por el Deutsches Forum f\u00fcr Kunstgeschichte (DFK Paris) a participar en el ciclo \u201cAm\u00e9rique latine transr\u00e9gionale\u201d. Palmarola presentar\u00e1 la conferencia \u201cLos estudios interdisciplinarios y latinoamericanos en Monolith Controversies y Flying Panels\u201d, donde profundizar\u00e1 en c\u00f3mo los estudios interdisciplinarios, latinoamericanos y de dise\u00f1o formaron parte de la creaci\u00f3n de exposiciones y libros sobre la tipolog\u00eda de vivienda social moderna m\u00e1s extendida alrededor del mundo.<\/p>\n","protected":false},"author":1,"featured_media":7425,"comment_status":"open","ping_status":"open","sticky":false,"template":"","format":"standard","meta":{"_acf_changed":false,"footnotes":""},"categories":[1],"tags":[],"class_list":["post-7424","post","type-post","status-publish","format-standard","has-post-thumbnail","hentry","category-sin-categorizar"],"acf":[],"yoast_head":"<!-- This site is optimized with the Yoast SEO plugin v27.1.1 - https:\/\/yoast.com\/product\/yoast-seo-wordpress\/ -->\n<title>Conferencia de Hugo Palmarola en el Deutsches Forum f\u00fcr Kunstgeschichte de Par\u00eds - Facultad de Arquitectura, Dise\u00f1o y Estudios Urbanos<\/title>\n<meta name=\"description\" content=\"Hugo Palmarola fue invitado por el Deutsches Forum f\u00fcr Kunstgeschichte (DFK Paris) a participar en el ciclo \u201cAm\u00e9rique latine transr\u00e9gionale\u201d. Palmarola presentar\u00e1 la conferencia \u201cLos estudios interdisciplinarios y latinoamericanos en Monolith Controversies y Flying Panels\u201d, donde profundizar\u00e1 en c\u00f3mo los estudios interdisciplinarios, latinoamericanos y de dise\u00f1o formaron parte de la creaci\u00f3n de exposiciones y libros sobre la tipolog\u00eda de vivienda social moderna m\u00e1s extendida alrededor del mundo.\" \/>\n<meta name=\"robots\" content=\"index, follow, max-snippet:-1, max-image-preview:large, max-video-preview:-1\" \/>\n<link rel=\"canonical\" href=\"https:\/\/fadeu.urantiacos.cl\/en\/2021\/03\/12\/conferencia-de-hugo-palmarola-en-el-deutsches-forum-fur-kunstgeschichte-de-paris\/\" \/>\n<meta property=\"og:locale\" content=\"en_US\" \/>\n<meta property=\"og:type\" content=\"article\" \/>\n<meta property=\"og:title\" content=\"Conferencia de Hugo Palmarola en el Deutsches Forum f\u00fcr Kunstgeschichte de Par\u00eds - Facultad de Arquitectura, Dise\u00f1o y Estudios Urbanos\" \/>\n<meta property=\"og:description\" content=\"Hugo Palmarola fue invitado por el Deutsches Forum f\u00fcr Kunstgeschichte (DFK Paris) a participar en el ciclo \u201cAm\u00e9rique latine transr\u00e9gionale\u201d. Palmarola presentar\u00e1 la conferencia \u201cLos estudios interdisciplinarios y latinoamericanos en Monolith Controversies y Flying Panels\u201d, donde profundizar\u00e1 en c\u00f3mo los estudios interdisciplinarios, latinoamericanos y de dise\u00f1o formaron parte de la creaci\u00f3n de exposiciones y libros sobre la tipolog\u00eda de vivienda social moderna m\u00e1s extendida alrededor del mundo.\" \/>\n<meta property=\"og:url\" content=\"https:\/\/fadeu.urantiacos.cl\/en\/2021\/03\/12\/conferencia-de-hugo-palmarola-en-el-deutsches-forum-fur-kunstgeschichte-de-paris\/\" \/>\n<meta property=\"og:site_name\" content=\"Facultad de Arquitectura, Dise\u00f1o y Estudios Urbanos\" \/>\n<meta property=\"article:published_time\" content=\"2021-03-13T00:12:00+00:00\" \/>\n<meta property=\"article:modified_time\" content=\"2023-09-09T00:14:15+00:00\" \/>\n<meta property=\"og:image\" content=\"https:\/\/fadeu.urantiacos.cl\/wp-content\/uploads\/2023\/09\/Palmarola_Alemania.png\" \/>\n\t<meta property=\"og:image:width\" content=\"350\" \/>\n\t<meta property=\"og:image:height\" content=\"250\" \/>\n\t<meta property=\"og:image:type\" content=\"image\/png\" \/>\n<meta name=\"author\" content=\"manadmin\" \/>\n<meta name=\"twitter:card\" content=\"summary_large_image\" \/>\n<meta name=\"twitter:label1\" content=\"Written by\" \/>\n\t<meta name=\"twitter:data1\" content=\"manadmin\" \/>\n<script type=\"application\/ld+json\" class=\"yoast-schema-graph\">{\"@context\":\"https:\/\/schema.org\",\"@graph\":[{\"@type\":\"Article\",\"@id\":\"https:\/\/fadeu.urantiacos.cl\/en\/2021\/03\/12\/conferencia-de-hugo-palmarola-en-el-deutsches-forum-fur-kunstgeschichte-de-paris\/#article\",\"isPartOf\":{\"@id\":\"https:\/\/fadeu.urantiacos.cl\/en\/2021\/03\/12\/conferencia-de-hugo-palmarola-en-el-deutsches-forum-fur-kunstgeschichte-de-paris\/\"},\"author\":{\"name\":\"manadmin\",\"@id\":\"https:\/\/fadeu.urantiacos.cl\/en\/#\/schema\/person\/d203e2e84b1c40275eac77b3061a19a2\"},\"headline\":\"Conferencia de Hugo Palmarola en el Deutsches Forum f\u00fcr Kunstgeschichte de Par\u00eds\",\"datePublished\":\"2021-03-13T00:12:00+00:00\",\"dateModified\":\"2023-09-09T00:14:15+00:00\",\"mainEntityOfPage\":{\"@id\":\"https:\/\/fadeu.urantiacos.cl\/en\/2021\/03\/12\/conferencia-de-hugo-palmarola-en-el-deutsches-forum-fur-kunstgeschichte-de-paris\/\"},\"wordCount\":105,\"commentCount\":0,\"image\":{\"@id\":\"https:\/\/fadeu.urantiacos.cl\/en\/2021\/03\/12\/conferencia-de-hugo-palmarola-en-el-deutsches-forum-fur-kunstgeschichte-de-paris\/#primaryimage\"},\"thumbnailUrl\":\"https:\/\/fadeu.urantiacos.cl\/wp-content\/uploads\/2023\/09\/Palmarola_Alemania.png\",\"articleSection\":[\"Sin categorizar\"],\"inLanguage\":\"en-US\",\"potentialAction\":[{\"@type\":\"CommentAction\",\"name\":\"Comment\",\"target\":[\"https:\/\/fadeu.urantiacos.cl\/en\/2021\/03\/12\/conferencia-de-hugo-palmarola-en-el-deutsches-forum-fur-kunstgeschichte-de-paris\/#respond\"]}]},{\"@type\":\"WebPage\",\"@id\":\"https:\/\/fadeu.urantiacos.cl\/en\/2021\/03\/12\/conferencia-de-hugo-palmarola-en-el-deutsches-forum-fur-kunstgeschichte-de-paris\/\",\"url\":\"https:\/\/fadeu.urantiacos.cl\/en\/2021\/03\/12\/conferencia-de-hugo-palmarola-en-el-deutsches-forum-fur-kunstgeschichte-de-paris\/\",\"name\":\"Conferencia de Hugo Palmarola en el Deutsches Forum f\u00fcr Kunstgeschichte de Par\u00eds - Facultad de Arquitectura, Dise\u00f1o y Estudios Urbanos\",\"isPartOf\":{\"@id\":\"https:\/\/fadeu.urantiacos.cl\/en\/#website\"},\"primaryImageOfPage\":{\"@id\":\"https:\/\/fadeu.urantiacos.cl\/en\/2021\/03\/12\/conferencia-de-hugo-palmarola-en-el-deutsches-forum-fur-kunstgeschichte-de-paris\/#primaryimage\"},\"image\":{\"@id\":\"https:\/\/fadeu.urantiacos.cl\/en\/2021\/03\/12\/conferencia-de-hugo-palmarola-en-el-deutsches-forum-fur-kunstgeschichte-de-paris\/#primaryimage\"},\"thumbnailUrl\":\"https:\/\/fadeu.urantiacos.cl\/wp-content\/uploads\/2023\/09\/Palmarola_Alemania.png\",\"datePublished\":\"2021-03-13T00:12:00+00:00\",\"dateModified\":\"2023-09-09T00:14:15+00:00\",\"author\":{\"@id\":\"https:\/\/fadeu.urantiacos.cl\/en\/#\/schema\/person\/d203e2e84b1c40275eac77b3061a19a2\"},\"description\":\"Hugo Palmarola fue invitado por el Deutsches Forum f\u00fcr Kunstgeschichte (DFK Paris) a participar en el ciclo \u201cAm\u00e9rique latine transr\u00e9gionale\u201d. Palmarola presentar\u00e1 la conferencia \u201cLos estudios interdisciplinarios y latinoamericanos en Monolith Controversies y Flying Panels\u201d, donde profundizar\u00e1 en c\u00f3mo los estudios interdisciplinarios, latinoamericanos y de dise\u00f1o formaron parte de la creaci\u00f3n de exposiciones y libros sobre la tipolog\u00eda de vivienda social moderna m\u00e1s extendida alrededor del mundo.\",\"breadcrumb\":{\"@id\":\"https:\/\/fadeu.urantiacos.cl\/en\/2021\/03\/12\/conferencia-de-hugo-palmarola-en-el-deutsches-forum-fur-kunstgeschichte-de-paris\/#breadcrumb\"},\"inLanguage\":\"en-US\",\"potentialAction\":[{\"@type\":\"ReadAction\",\"target\":[\"https:\/\/fadeu.urantiacos.cl\/en\/2021\/03\/12\/conferencia-de-hugo-palmarola-en-el-deutsches-forum-fur-kunstgeschichte-de-paris\/\"]}]},{\"@type\":\"ImageObject\",\"inLanguage\":\"en-US\",\"@id\":\"https:\/\/fadeu.urantiacos.cl\/en\/2021\/03\/12\/conferencia-de-hugo-palmarola-en-el-deutsches-forum-fur-kunstgeschichte-de-paris\/#primaryimage\",\"url\":\"https:\/\/fadeu.urantiacos.cl\/wp-content\/uploads\/2023\/09\/Palmarola_Alemania.png\",\"contentUrl\":\"https:\/\/fadeu.urantiacos.cl\/wp-content\/uploads\/2023\/09\/Palmarola_Alemania.png\",\"width\":350,\"height\":250},{\"@type\":\"BreadcrumbList\",\"@id\":\"https:\/\/fadeu.urantiacos.cl\/en\/2021\/03\/12\/conferencia-de-hugo-palmarola-en-el-deutsches-forum-fur-kunstgeschichte-de-paris\/#breadcrumb\",\"itemListElement\":[{\"@type\":\"ListItem\",\"position\":1,\"name\":\"Portada\",\"item\":\"https:\/\/fadeu.urantiacos.cl\/en\/\"},{\"@type\":\"ListItem\",\"position\":2,\"name\":\"Conferencia de Hugo Palmarola en el Deutsches Forum f\u00fcr Kunstgeschichte de Par\u00eds\"}]},{\"@type\":\"WebSite\",\"@id\":\"https:\/\/fadeu.urantiacos.cl\/en\/#website\",\"url\":\"https:\/\/fadeu.urantiacos.cl\/en\/\",\"name\":\"Facultad de Arquitectura, Dise\u00f1o y Estudios Urbanos\",\"description\":\"Campus Lo Contador\",\"potentialAction\":[{\"@type\":\"SearchAction\",\"target\":{\"@type\":\"EntryPoint\",\"urlTemplate\":\"https:\/\/fadeu.urantiacos.cl\/en\/?s={search_term_string}\"},\"query-input\":{\"@type\":\"PropertyValueSpecification\",\"valueRequired\":true,\"valueName\":\"search_term_string\"}}],\"inLanguage\":\"en-US\"},{\"@type\":\"Person\",\"@id\":\"https:\/\/fadeu.urantiacos.cl\/en\/#\/schema\/person\/d203e2e84b1c40275eac77b3061a19a2\",\"name\":\"manadmin\",\"image\":{\"@type\":\"ImageObject\",\"inLanguage\":\"en-US\",\"@id\":\"https:\/\/fadeu.urantiacos.cl\/en\/#\/schema\/person\/image\/\",\"url\":\"https:\/\/secure.gravatar.com\/avatar\/4b1d8e3303b4a9d8968ac578947d8bc80d9aea359f388cdd4aac15cadc0e8447?s=96&d=mm&r=g\",\"contentUrl\":\"https:\/\/secure.gravatar.com\/avatar\/4b1d8e3303b4a9d8968ac578947d8bc80d9aea359f388cdd4aac15cadc0e8447?s=96&d=mm&r=g\",\"caption\":\"manadmin\"},\"sameAs\":[\"https:\/\/fadeu.urantiacos.cl\"]}]}<\/script>\n<!-- \/ Yoast SEO plugin. -->","yoast_head_json":{"title":"Conferencia de Hugo Palmarola en el Deutsches Forum f\u00fcr Kunstgeschichte de Par\u00eds - Facultad de Arquitectura, Dise\u00f1o y Estudios Urbanos","description":"Hugo Palmarola fue invitado por el Deutsches Forum f\u00fcr Kunstgeschichte (DFK Paris) a participar en el ciclo \u201cAm\u00e9rique latine transr\u00e9gionale\u201d. Palmarola presentar\u00e1 la conferencia \u201cLos estudios interdisciplinarios y latinoamericanos en Monolith Controversies y Flying Panels\u201d, donde profundizar\u00e1 en c\u00f3mo los estudios interdisciplinarios, latinoamericanos y de dise\u00f1o formaron parte de la creaci\u00f3n de exposiciones y libros sobre la tipolog\u00eda de vivienda social moderna m\u00e1s extendida alrededor del mundo.","robots":{"index":"index","follow":"follow","max-snippet":"max-snippet:-1","max-image-preview":"max-image-preview:large","max-video-preview":"max-video-preview:-1"},"canonical":"https:\/\/fadeu.urantiacos.cl\/en\/2021\/03\/12\/conferencia-de-hugo-palmarola-en-el-deutsches-forum-fur-kunstgeschichte-de-paris\/","og_locale":"en_US","og_type":"article","og_title":"Conferencia de Hugo Palmarola en el Deutsches Forum f\u00fcr Kunstgeschichte de Par\u00eds - Facultad de Arquitectura, Dise\u00f1o y Estudios Urbanos","og_description":"Hugo Palmarola fue invitado por el Deutsches Forum f\u00fcr Kunstgeschichte (DFK Paris) a participar en el ciclo \u201cAm\u00e9rique latine transr\u00e9gionale\u201d. Palmarola presentar\u00e1 la conferencia \u201cLos estudios interdisciplinarios y latinoamericanos en Monolith Controversies y Flying Panels\u201d, donde profundizar\u00e1 en c\u00f3mo los estudios interdisciplinarios, latinoamericanos y de dise\u00f1o formaron parte de la creaci\u00f3n de exposiciones y libros sobre la tipolog\u00eda de vivienda social moderna m\u00e1s extendida alrededor del mundo.","og_url":"https:\/\/fadeu.urantiacos.cl\/en\/2021\/03\/12\/conferencia-de-hugo-palmarola-en-el-deutsches-forum-fur-kunstgeschichte-de-paris\/","og_site_name":"Facultad de Arquitectura, Dise\u00f1o y Estudios Urbanos","article_published_time":"2021-03-13T00:12:00+00:00","article_modified_time":"2023-09-09T00:14:15+00:00","og_image":[{"width":350,"height":250,"url":"https:\/\/fadeu.urantiacos.cl\/wp-content\/uploads\/2023\/09\/Palmarola_Alemania.png","type":"image\/png"}],"author":"manadmin","twitter_card":"summary_large_image","twitter_misc":{"Written by":"manadmin"},"schema":{"@context":"https:\/\/schema.org","@graph":[{"@type":"Article","@id":"https:\/\/fadeu.urantiacos.cl\/en\/2021\/03\/12\/conferencia-de-hugo-palmarola-en-el-deutsches-forum-fur-kunstgeschichte-de-paris\/#article","isPartOf":{"@id":"https:\/\/fadeu.urantiacos.cl\/en\/2021\/03\/12\/conferencia-de-hugo-palmarola-en-el-deutsches-forum-fur-kunstgeschichte-de-paris\/"},"author":{"name":"manadmin","@id":"https:\/\/fadeu.urantiacos.cl\/en\/#\/schema\/person\/d203e2e84b1c40275eac77b3061a19a2"},"headline":"Conferencia de Hugo Palmarola en el Deutsches Forum f\u00fcr Kunstgeschichte de Par\u00eds","datePublished":"2021-03-13T00:12:00+00:00","dateModified":"2023-09-09T00:14:15+00:00","mainEntityOfPage":{"@id":"https:\/\/fadeu.urantiacos.cl\/en\/2021\/03\/12\/conferencia-de-hugo-palmarola-en-el-deutsches-forum-fur-kunstgeschichte-de-paris\/"},"wordCount":105,"commentCount":0,"image":{"@id":"https:\/\/fadeu.urantiacos.cl\/en\/2021\/03\/12\/conferencia-de-hugo-palmarola-en-el-deutsches-forum-fur-kunstgeschichte-de-paris\/#primaryimage"},"thumbnailUrl":"https:\/\/fadeu.urantiacos.cl\/wp-content\/uploads\/2023\/09\/Palmarola_Alemania.png","articleSection":["Sin categorizar"],"inLanguage":"en-US","potentialAction":[{"@type":"CommentAction","name":"Comment","target":["https:\/\/fadeu.urantiacos.cl\/en\/2021\/03\/12\/conferencia-de-hugo-palmarola-en-el-deutsches-forum-fur-kunstgeschichte-de-paris\/#respond"]}]},{"@type":"WebPage","@id":"https:\/\/fadeu.urantiacos.cl\/en\/2021\/03\/12\/conferencia-de-hugo-palmarola-en-el-deutsches-forum-fur-kunstgeschichte-de-paris\/","url":"https:\/\/fadeu.urantiacos.cl\/en\/2021\/03\/12\/conferencia-de-hugo-palmarola-en-el-deutsches-forum-fur-kunstgeschichte-de-paris\/","name":"Conferencia de Hugo Palmarola en el Deutsches Forum f\u00fcr Kunstgeschichte de Par\u00eds - Facultad de Arquitectura, Dise\u00f1o y Estudios Urbanos","isPartOf":{"@id":"https:\/\/fadeu.urantiacos.cl\/en\/#website"},"primaryImageOfPage":{"@id":"https:\/\/fadeu.urantiacos.cl\/en\/2021\/03\/12\/conferencia-de-hugo-palmarola-en-el-deutsches-forum-fur-kunstgeschichte-de-paris\/#primaryimage"},"image":{"@id":"https:\/\/fadeu.urantiacos.cl\/en\/2021\/03\/12\/conferencia-de-hugo-palmarola-en-el-deutsches-forum-fur-kunstgeschichte-de-paris\/#primaryimage"},"thumbnailUrl":"https:\/\/fadeu.urantiacos.cl\/wp-content\/uploads\/2023\/09\/Palmarola_Alemania.png","datePublished":"2021-03-13T00:12:00+00:00","dateModified":"2023-09-09T00:14:15+00:00","author":{"@id":"https:\/\/fadeu.urantiacos.cl\/en\/#\/schema\/person\/d203e2e84b1c40275eac77b3061a19a2"},"description":"Hugo Palmarola fue invitado por el Deutsches Forum f\u00fcr Kunstgeschichte (DFK Paris) a participar en el ciclo \u201cAm\u00e9rique latine transr\u00e9gionale\u201d. Palmarola presentar\u00e1 la conferencia \u201cLos estudios interdisciplinarios y latinoamericanos en Monolith Controversies y Flying Panels\u201d, donde profundizar\u00e1 en c\u00f3mo los estudios interdisciplinarios, latinoamericanos y de dise\u00f1o formaron parte de la creaci\u00f3n de exposiciones y libros sobre la tipolog\u00eda de vivienda social moderna m\u00e1s extendida alrededor del mundo.","breadcrumb":{"@id":"https:\/\/fadeu.urantiacos.cl\/en\/2021\/03\/12\/conferencia-de-hugo-palmarola-en-el-deutsches-forum-fur-kunstgeschichte-de-paris\/#breadcrumb"},"inLanguage":"en-US","potentialAction":[{"@type":"ReadAction","target":["https:\/\/fadeu.urantiacos.cl\/en\/2021\/03\/12\/conferencia-de-hugo-palmarola-en-el-deutsches-forum-fur-kunstgeschichte-de-paris\/"]}]},{"@type":"ImageObject","inLanguage":"en-US","@id":"https:\/\/fadeu.urantiacos.cl\/en\/2021\/03\/12\/conferencia-de-hugo-palmarola-en-el-deutsches-forum-fur-kunstgeschichte-de-paris\/#primaryimage","url":"https:\/\/fadeu.urantiacos.cl\/wp-content\/uploads\/2023\/09\/Palmarola_Alemania.png","contentUrl":"https:\/\/fadeu.urantiacos.cl\/wp-content\/uploads\/2023\/09\/Palmarola_Alemania.png","width":350,"height":250},{"@type":"BreadcrumbList","@id":"https:\/\/fadeu.urantiacos.cl\/en\/2021\/03\/12\/conferencia-de-hugo-palmarola-en-el-deutsches-forum-fur-kunstgeschichte-de-paris\/#breadcrumb","itemListElement":[{"@type":"ListItem","position":1,"name":"Portada","item":"https:\/\/fadeu.urantiacos.cl\/en\/"},{"@type":"ListItem","position":2,"name":"Conferencia de Hugo Palmarola en el Deutsches Forum f\u00fcr Kunstgeschichte de Par\u00eds"}]},{"@type":"WebSite","@id":"https:\/\/fadeu.urantiacos.cl\/en\/#website","url":"https:\/\/fadeu.urantiacos.cl\/en\/","name":"Facultad de Arquitectura, Dise\u00f1o y Estudios Urbanos","description":"Campus Lo Contador","potentialAction":[{"@type":"SearchAction","target":{"@type":"EntryPoint","urlTemplate":"https:\/\/fadeu.urantiacos.cl\/en\/?s={search_term_string}"},"query-input":{"@type":"PropertyValueSpecification","valueRequired":true,"valueName":"search_term_string"}}],"inLanguage":"en-US"},{"@type":"Person","@id":"https:\/\/fadeu.urantiacos.cl\/en\/#\/schema\/person\/d203e2e84b1c40275eac77b3061a19a2","name":"manadmin","image":{"@type":"ImageObject","inLanguage":"en-US","@id":"https:\/\/fadeu.urantiacos.cl\/en\/#\/schema\/person\/image\/","url":"https:\/\/secure.gravatar.com\/avatar\/4b1d8e3303b4a9d8968ac578947d8bc80d9aea359f388cdd4aac15cadc0e8447?s=96&d=mm&r=g","contentUrl":"https:\/\/secure.gravatar.com\/avatar\/4b1d8e3303b4a9d8968ac578947d8bc80d9aea359f388cdd4aac15cadc0e8447?s=96&d=mm&r=g","caption":"manadmin"},"sameAs":["https:\/\/fadeu.urantiacos.cl"]}]}},"_links":{"self":[{"href":"https:\/\/fadeu.urantiacos.cl\/en\/wp-json\/wp\/v2\/posts\/7424","targetHints":{"allow":["GET"]}}],"collection":[{"href":"https:\/\/fadeu.urantiacos.cl\/en\/wp-json\/wp\/v2\/posts"}],"about":[{"href":"https:\/\/fadeu.urantiacos.cl\/en\/wp-json\/wp\/v2\/types\/post"}],"author":[{"embeddable":true,"href":"https:\/\/fadeu.urantiacos.cl\/en\/wp-json\/wp\/v2\/users\/1"}],"replies":[{"embeddable":true,"href":"https:\/\/fadeu.urantiacos.cl\/en\/wp-json\/wp\/v2\/comments?post=7424"}],"version-history":[{"count":1,"href":"https:\/\/fadeu.urantiacos.cl\/en\/wp-json\/wp\/v2\/posts\/7424\/revisions"}],"predecessor-version":[{"id":7426,"href":"https:\/\/fadeu.urantiacos.cl\/en\/wp-json\/wp\/v2\/posts\/7424\/revisions\/7426"}],"wp:featuredmedia":[{"embeddable":true,"href":"https:\/\/fadeu.urantiacos.cl\/en\/wp-json\/wp\/v2\/media\/7425"}],"wp:attachment":[{"href":"https:\/\/fadeu.urantiacos.cl\/en\/wp-json\/wp\/v2\/media?parent=7424"}],"wp:term":[{"taxonomy":"category","embeddable":true,"href":"https:\/\/fadeu.urantiacos.cl\/en\/wp-json\/wp\/v2\/categories?post=7424"},{"taxonomy":"post_tag","embeddable":true,"href":"https:\/\/fadeu.urantiacos.cl\/en\/wp-json\/wp\/v2\/tags?post=7424"}],"curies":[{"name":"wp","href":"https:\/\/api.w.org\/{rel}","templated":true}]}}