{"id":7408,"date":"2021-03-13T21:04:00","date_gmt":"2021-03-14T00:04:00","guid":{"rendered":"https:\/\/fadeu.urantiacos.cl\/?p=7408"},"modified":"2023-09-08T21:05:39","modified_gmt":"2023-09-09T00:05:39","slug":"proyectos-de-oficinas-de-profesores-arq-uc-entre-los-seleccionados-para-la-etapa-final-del-concurso-parque-urbano-las-salinas","status":"publish","type":"post","link":"https:\/\/fadeu.urantiacos.cl\/en\/2021\/03\/13\/proyectos-de-oficinas-de-profesores-arq-uc-entre-los-seleccionados-para-la-etapa-final-del-concurso-parque-urbano-las-salinas\/","title":{"rendered":"Proyectos de oficinas de profesores ARQ UC entre los seleccionados para la etapa final del concurso Parque Urbano Las Salinas"},"content":{"rendered":"\n<figure class=\"wp-block-image size-full\"><img decoding=\"async\" width=\"350\" height=\"250\" src=\"https:\/\/fadeu.urantiacos.cl\/wp-content\/uploads\/2023\/09\/concurso_las_salinas.jpg\" alt=\"\" class=\"wp-image-7409\" srcset=\"https:\/\/fadeu.urantiacos.cl\/wp-content\/uploads\/2023\/09\/concurso_las_salinas.jpg 350w, https:\/\/fadeu.urantiacos.cl\/wp-content\/uploads\/2023\/09\/concurso_las_salinas-300x214.jpg 300w\" sizes=\"(max-width: 350px) 100vw, 350px\" \/><\/figure>\n\n\n\n<p>Las cuatro oficinas finalistas son Teodoro Fern\u00e1ndez Arquitectos, MOBIL, H\u00e1bitat Sustentable y Archiplan, quienes en esta \u00faltima etapa deber\u00e1n desarrollar las ideas presentadas a nivel de anteproyecto, incluida una propuesta de evaluaci\u00f3n econ\u00f3mica que fundamente la sostenibilidad en el tiempo del modelo de operaci\u00f3n y mantenimiento del Parque Urbano.<\/p>\n\n\n\n<p>De acuerdo con las bases, los arquitectos deber\u00e1n \u201cproyectar un \u00e1rea de 1,8 hect\u00e1reas en una ubicaci\u00f3n estrat\u00e9gica de la ciudad, que se convierta en una importante obra de integraci\u00f3n, al ser un espacio abierto de uso p\u00fablico y accesible por todos. Un lugar de encuentro social, cultural, deportivo, educativo, y que, adem\u00e1s, permita establecer una conexi\u00f3n biol\u00f3gica con los entornos silvestres gracias al sistema de parques y \u00e1reas verdes propuestas por el proyecto urbano, en base a un concepto de resiliencia adaptabilidad clim\u00e1tica, y existentes en el \u00e1rea urbana de la ciudad y la regi\u00f3n\u201d. (<a href=\"https:\/\/g5noticias.cl\/2021\/02\/01\/ya-estan-seleccionadas-las-cuatro-oficinas-que-competiran-para-disenar-parque-urbano-las-salinas\/\" target=\"_blank\" rel=\"noreferrer noopener\">G5 noticias<\/a>)<\/p>\n\n\n\n<p>El jurado que eligi\u00f3 los finalistas y que deber\u00e1 seleccionar al proyecto ganador en abril de este a\u00f1o, est\u00e1 compuesto por:<\/p>\n\n\n\n<p>Juan Grimm | Paisajista y arquitecto chileno, presidente del jurado<br>Sergio Baeriswyl | Presidente del Consejo Nacional de Desarrollo Urbano<br>Macarena Ruiz | Directora Museo Artequin Vi\u00f1a del Mar<br>Gonzalo Teller\u00eda | Presidente de la Comisi\u00f3n de Urbanismo y Arquitectura de la C\u00e1mara Chilena de la Construcci\u00f3n, Regi\u00f3n de Valpara\u00edso.<br>Joaqu\u00edn Bustamante | Director de la Escuela de Arquitectura y Dise\u00f1o de la UVM<br>Claudia Woywood | Acad\u00e9mica Campus Creativo Vi\u00f1a del Mar UNAB<br>David Arce Tapia | Director Centro de Estudios Urbanos y Medioambientales. CEUMA<br>Luis \u00c1lvarez | Director del Instituto de Geograf\u00eda de la PUCV<br>Maurizio Angelini | Representante de Inmobiliaria Las Salinas<br>Mar\u00eda Elena Ducci | Dise\u00f1o Urbano Regenerativo<\/p>\n\n\n\n<p>M\u00e1s informaci\u00f3n sobre el concurso PULS en el siguiente&nbsp;<a href=\"https:\/\/en.concursopuls.cl\/\" target=\"_blank\" rel=\"noreferrer noopener\">link<\/a><\/p>\n\n\n\n<p>Noticias<br>Contacto:&nbsp;<a href=\"mailto:redesarq@uc.cl\">redesarq@uc.cl<\/a>&nbsp;| +56 2 2354 7747<br>www.arquitectura.uc.cl&nbsp;<\/p>\n","protected":false},"excerpt":{"rendered":"<p>De entre las m\u00e1s de 200 oficinas que participaron del proceso, las propuestas de Teodoro Fern\u00e1ndez Arquitectos y Mobil \u2014con los profesores Antonio Lipthay y Mar\u00eda Jos\u00e9 Mart\u00ednez entre sus socios\u2014, fueron elegidas por el jurado entre las cuatro finalistas del concurso Parque Urbano Las Salinas (PULS). Con esto, avanzan a la fase final en la que se elegir\u00e1 el proyecto que definir\u00e1 el dise\u00f1o del \u00e1rea central del futuro Barrio Las Salinas.<\/p>\n","protected":false},"author":1,"featured_media":7409,"comment_status":"open","ping_status":"open","sticky":false,"template":"","format":"standard","meta":{"_acf_changed":false,"footnotes":""},"categories":[1],"tags":[],"class_list":["post-7408","post","type-post","status-publish","format-standard","has-post-thumbnail","hentry","category-sin-categorizar"],"acf":[],"yoast_head":"<!-- This site is optimized with the Yoast SEO plugin v27.1.1 - https:\/\/yoast.com\/product\/yoast-seo-wordpress\/ -->\n<title>Proyectos de oficinas de profesores ARQ UC entre los seleccionados para la etapa final del concurso Parque Urbano Las Salinas - Facultad de Arquitectura, Dise\u00f1o y Estudios Urbanos<\/title>\n<meta name=\"description\" content=\"De entre las m\u00e1s de 200 oficinas que participaron del proceso, las propuestas de Teodoro Fern\u00e1ndez Arquitectos y Mobil \u2014con los profesores Antonio Lipthay y Mar\u00eda Jos\u00e9 Mart\u00ednez entre sus socios\u2014, fueron elegidas por el jurado entre las cuatro finalistas del concurso Parque Urbano Las Salinas (PULS). Con esto, avanzan a la fase final en la que se elegir\u00e1 el proyecto que definir\u00e1 el dise\u00f1o del \u00e1rea central del futuro Barrio Las Salinas.\" \/>\n<meta name=\"robots\" content=\"index, follow, max-snippet:-1, max-image-preview:large, max-video-preview:-1\" \/>\n<link rel=\"canonical\" href=\"https:\/\/fadeu.urantiacos.cl\/en\/2021\/03\/13\/proyectos-de-oficinas-de-profesores-arq-uc-entre-los-seleccionados-para-la-etapa-final-del-concurso-parque-urbano-las-salinas\/\" \/>\n<meta property=\"og:locale\" content=\"en_US\" \/>\n<meta property=\"og:type\" content=\"article\" \/>\n<meta property=\"og:title\" content=\"Proyectos de oficinas de profesores ARQ UC entre los seleccionados para la etapa final del concurso Parque Urbano Las Salinas - Facultad de Arquitectura, Dise\u00f1o y Estudios Urbanos\" \/>\n<meta property=\"og:description\" content=\"De entre las m\u00e1s de 200 oficinas que participaron del proceso, las propuestas de Teodoro Fern\u00e1ndez Arquitectos y Mobil \u2014con los profesores Antonio Lipthay y Mar\u00eda Jos\u00e9 Mart\u00ednez entre sus socios\u2014, fueron elegidas por el jurado entre las cuatro finalistas del concurso Parque Urbano Las Salinas (PULS). Con esto, avanzan a la fase final en la que se elegir\u00e1 el proyecto que definir\u00e1 el dise\u00f1o del \u00e1rea central del futuro Barrio Las Salinas.\" \/>\n<meta property=\"og:url\" content=\"https:\/\/fadeu.urantiacos.cl\/en\/2021\/03\/13\/proyectos-de-oficinas-de-profesores-arq-uc-entre-los-seleccionados-para-la-etapa-final-del-concurso-parque-urbano-las-salinas\/\" \/>\n<meta property=\"og:site_name\" content=\"Facultad de Arquitectura, Dise\u00f1o y Estudios Urbanos\" \/>\n<meta property=\"article:published_time\" content=\"2021-03-14T00:04:00+00:00\" \/>\n<meta property=\"article:modified_time\" content=\"2023-09-09T00:05:39+00:00\" \/>\n<meta property=\"og:image\" content=\"https:\/\/fadeu.urantiacos.cl\/wp-content\/uploads\/2023\/09\/concurso_las_salinas.jpg\" \/>\n\t<meta property=\"og:image:width\" content=\"350\" \/>\n\t<meta property=\"og:image:height\" content=\"250\" \/>\n\t<meta property=\"og:image:type\" content=\"image\/jpeg\" \/>\n<meta name=\"author\" content=\"manadmin\" \/>\n<meta name=\"twitter:card\" content=\"summary_large_image\" \/>\n<meta name=\"twitter:label1\" content=\"Written by\" \/>\n\t<meta name=\"twitter:data1\" content=\"manadmin\" \/>\n\t<meta name=\"twitter:label2\" content=\"Est. reading time\" \/>\n\t<meta name=\"twitter:data2\" content=\"2 minutes\" \/>\n<script type=\"application\/ld+json\" class=\"yoast-schema-graph\">{\"@context\":\"https:\/\/schema.org\",\"@graph\":[{\"@type\":\"Article\",\"@id\":\"https:\/\/fadeu.urantiacos.cl\/en\/2021\/03\/13\/proyectos-de-oficinas-de-profesores-arq-uc-entre-los-seleccionados-para-la-etapa-final-del-concurso-parque-urbano-las-salinas\/#article\",\"isPartOf\":{\"@id\":\"https:\/\/fadeu.urantiacos.cl\/en\/2021\/03\/13\/proyectos-de-oficinas-de-profesores-arq-uc-entre-los-seleccionados-para-la-etapa-final-del-concurso-parque-urbano-las-salinas\/\"},\"author\":{\"name\":\"manadmin\",\"@id\":\"https:\/\/fadeu.urantiacos.cl\/en\/#\/schema\/person\/d203e2e84b1c40275eac77b3061a19a2\"},\"headline\":\"Proyectos de oficinas de profesores ARQ UC entre los seleccionados para la etapa final del concurso Parque Urbano Las Salinas\",\"datePublished\":\"2021-03-14T00:04:00+00:00\",\"dateModified\":\"2023-09-09T00:05:39+00:00\",\"mainEntityOfPage\":{\"@id\":\"https:\/\/fadeu.urantiacos.cl\/en\/2021\/03\/13\/proyectos-de-oficinas-de-profesores-arq-uc-entre-los-seleccionados-para-la-etapa-final-del-concurso-parque-urbano-las-salinas\/\"},\"wordCount\":337,\"commentCount\":0,\"image\":{\"@id\":\"https:\/\/fadeu.urantiacos.cl\/en\/2021\/03\/13\/proyectos-de-oficinas-de-profesores-arq-uc-entre-los-seleccionados-para-la-etapa-final-del-concurso-parque-urbano-las-salinas\/#primaryimage\"},\"thumbnailUrl\":\"https:\/\/fadeu.urantiacos.cl\/wp-content\/uploads\/2023\/09\/concurso_las_salinas.jpg\",\"articleSection\":[\"Sin categorizar\"],\"inLanguage\":\"en-US\",\"potentialAction\":[{\"@type\":\"CommentAction\",\"name\":\"Comment\",\"target\":[\"https:\/\/fadeu.urantiacos.cl\/en\/2021\/03\/13\/proyectos-de-oficinas-de-profesores-arq-uc-entre-los-seleccionados-para-la-etapa-final-del-concurso-parque-urbano-las-salinas\/#respond\"]}]},{\"@type\":\"WebPage\",\"@id\":\"https:\/\/fadeu.urantiacos.cl\/en\/2021\/03\/13\/proyectos-de-oficinas-de-profesores-arq-uc-entre-los-seleccionados-para-la-etapa-final-del-concurso-parque-urbano-las-salinas\/\",\"url\":\"https:\/\/fadeu.urantiacos.cl\/en\/2021\/03\/13\/proyectos-de-oficinas-de-profesores-arq-uc-entre-los-seleccionados-para-la-etapa-final-del-concurso-parque-urbano-las-salinas\/\",\"name\":\"Proyectos de oficinas de profesores ARQ UC entre los seleccionados para la etapa final del concurso Parque Urbano Las Salinas - Facultad de Arquitectura, Dise\u00f1o y Estudios Urbanos\",\"isPartOf\":{\"@id\":\"https:\/\/fadeu.urantiacos.cl\/en\/#website\"},\"primaryImageOfPage\":{\"@id\":\"https:\/\/fadeu.urantiacos.cl\/en\/2021\/03\/13\/proyectos-de-oficinas-de-profesores-arq-uc-entre-los-seleccionados-para-la-etapa-final-del-concurso-parque-urbano-las-salinas\/#primaryimage\"},\"image\":{\"@id\":\"https:\/\/fadeu.urantiacos.cl\/en\/2021\/03\/13\/proyectos-de-oficinas-de-profesores-arq-uc-entre-los-seleccionados-para-la-etapa-final-del-concurso-parque-urbano-las-salinas\/#primaryimage\"},\"thumbnailUrl\":\"https:\/\/fadeu.urantiacos.cl\/wp-content\/uploads\/2023\/09\/concurso_las_salinas.jpg\",\"datePublished\":\"2021-03-14T00:04:00+00:00\",\"dateModified\":\"2023-09-09T00:05:39+00:00\",\"author\":{\"@id\":\"https:\/\/fadeu.urantiacos.cl\/en\/#\/schema\/person\/d203e2e84b1c40275eac77b3061a19a2\"},\"description\":\"De entre las m\u00e1s de 200 oficinas que participaron del proceso, las propuestas de Teodoro Fern\u00e1ndez Arquitectos y Mobil \u2014con los profesores Antonio Lipthay y Mar\u00eda Jos\u00e9 Mart\u00ednez entre sus socios\u2014, fueron elegidas por el jurado entre las cuatro finalistas del concurso Parque Urbano Las Salinas (PULS). Con esto, avanzan a la fase final en la que se elegir\u00e1 el proyecto que definir\u00e1 el dise\u00f1o del \u00e1rea central del futuro Barrio Las Salinas.\",\"breadcrumb\":{\"@id\":\"https:\/\/fadeu.urantiacos.cl\/en\/2021\/03\/13\/proyectos-de-oficinas-de-profesores-arq-uc-entre-los-seleccionados-para-la-etapa-final-del-concurso-parque-urbano-las-salinas\/#breadcrumb\"},\"inLanguage\":\"en-US\",\"potentialAction\":[{\"@type\":\"ReadAction\",\"target\":[\"https:\/\/fadeu.urantiacos.cl\/en\/2021\/03\/13\/proyectos-de-oficinas-de-profesores-arq-uc-entre-los-seleccionados-para-la-etapa-final-del-concurso-parque-urbano-las-salinas\/\"]}]},{\"@type\":\"ImageObject\",\"inLanguage\":\"en-US\",\"@id\":\"https:\/\/fadeu.urantiacos.cl\/en\/2021\/03\/13\/proyectos-de-oficinas-de-profesores-arq-uc-entre-los-seleccionados-para-la-etapa-final-del-concurso-parque-urbano-las-salinas\/#primaryimage\",\"url\":\"https:\/\/fadeu.urantiacos.cl\/wp-content\/uploads\/2023\/09\/concurso_las_salinas.jpg\",\"contentUrl\":\"https:\/\/fadeu.urantiacos.cl\/wp-content\/uploads\/2023\/09\/concurso_las_salinas.jpg\",\"width\":350,\"height\":250},{\"@type\":\"BreadcrumbList\",\"@id\":\"https:\/\/fadeu.urantiacos.cl\/en\/2021\/03\/13\/proyectos-de-oficinas-de-profesores-arq-uc-entre-los-seleccionados-para-la-etapa-final-del-concurso-parque-urbano-las-salinas\/#breadcrumb\",\"itemListElement\":[{\"@type\":\"ListItem\",\"position\":1,\"name\":\"Portada\",\"item\":\"https:\/\/fadeu.urantiacos.cl\/en\/\"},{\"@type\":\"ListItem\",\"position\":2,\"name\":\"Proyectos de oficinas de profesores ARQ UC entre los seleccionados para la etapa final del concurso Parque Urbano Las Salinas\"}]},{\"@type\":\"WebSite\",\"@id\":\"https:\/\/fadeu.urantiacos.cl\/en\/#website\",\"url\":\"https:\/\/fadeu.urantiacos.cl\/en\/\",\"name\":\"Facultad de Arquitectura, Dise\u00f1o y Estudios Urbanos\",\"description\":\"Campus Lo Contador\",\"potentialAction\":[{\"@type\":\"SearchAction\",\"target\":{\"@type\":\"EntryPoint\",\"urlTemplate\":\"https:\/\/fadeu.urantiacos.cl\/en\/?s={search_term_string}\"},\"query-input\":{\"@type\":\"PropertyValueSpecification\",\"valueRequired\":true,\"valueName\":\"search_term_string\"}}],\"inLanguage\":\"en-US\"},{\"@type\":\"Person\",\"@id\":\"https:\/\/fadeu.urantiacos.cl\/en\/#\/schema\/person\/d203e2e84b1c40275eac77b3061a19a2\",\"name\":\"manadmin\",\"image\":{\"@type\":\"ImageObject\",\"inLanguage\":\"en-US\",\"@id\":\"https:\/\/fadeu.urantiacos.cl\/en\/#\/schema\/person\/image\/\",\"url\":\"https:\/\/secure.gravatar.com\/avatar\/4b1d8e3303b4a9d8968ac578947d8bc80d9aea359f388cdd4aac15cadc0e8447?s=96&d=mm&r=g\",\"contentUrl\":\"https:\/\/secure.gravatar.com\/avatar\/4b1d8e3303b4a9d8968ac578947d8bc80d9aea359f388cdd4aac15cadc0e8447?s=96&d=mm&r=g\",\"caption\":\"manadmin\"},\"sameAs\":[\"https:\/\/fadeu.urantiacos.cl\"]}]}<\/script>\n<!-- \/ Yoast SEO plugin. -->","yoast_head_json":{"title":"Proyectos de oficinas de profesores ARQ UC entre los seleccionados para la etapa final del concurso Parque Urbano Las Salinas - Facultad de Arquitectura, Dise\u00f1o y Estudios Urbanos","description":"De entre las m\u00e1s de 200 oficinas que participaron del proceso, las propuestas de Teodoro Fern\u00e1ndez Arquitectos y Mobil \u2014con los profesores Antonio Lipthay y Mar\u00eda Jos\u00e9 Mart\u00ednez entre sus socios\u2014, fueron elegidas por el jurado entre las cuatro finalistas del concurso Parque Urbano Las Salinas (PULS). Con esto, avanzan a la fase final en la que se elegir\u00e1 el proyecto que definir\u00e1 el dise\u00f1o del \u00e1rea central del futuro Barrio Las Salinas.","robots":{"index":"index","follow":"follow","max-snippet":"max-snippet:-1","max-image-preview":"max-image-preview:large","max-video-preview":"max-video-preview:-1"},"canonical":"https:\/\/fadeu.urantiacos.cl\/en\/2021\/03\/13\/proyectos-de-oficinas-de-profesores-arq-uc-entre-los-seleccionados-para-la-etapa-final-del-concurso-parque-urbano-las-salinas\/","og_locale":"en_US","og_type":"article","og_title":"Proyectos de oficinas de profesores ARQ UC entre los seleccionados para la etapa final del concurso Parque Urbano Las Salinas - Facultad de Arquitectura, Dise\u00f1o y Estudios Urbanos","og_description":"De entre las m\u00e1s de 200 oficinas que participaron del proceso, las propuestas de Teodoro Fern\u00e1ndez Arquitectos y Mobil \u2014con los profesores Antonio Lipthay y Mar\u00eda Jos\u00e9 Mart\u00ednez entre sus socios\u2014, fueron elegidas por el jurado entre las cuatro finalistas del concurso Parque Urbano Las Salinas (PULS). Con esto, avanzan a la fase final en la que se elegir\u00e1 el proyecto que definir\u00e1 el dise\u00f1o del \u00e1rea central del futuro Barrio Las Salinas.","og_url":"https:\/\/fadeu.urantiacos.cl\/en\/2021\/03\/13\/proyectos-de-oficinas-de-profesores-arq-uc-entre-los-seleccionados-para-la-etapa-final-del-concurso-parque-urbano-las-salinas\/","og_site_name":"Facultad de Arquitectura, Dise\u00f1o y Estudios Urbanos","article_published_time":"2021-03-14T00:04:00+00:00","article_modified_time":"2023-09-09T00:05:39+00:00","og_image":[{"width":350,"height":250,"url":"https:\/\/fadeu.urantiacos.cl\/wp-content\/uploads\/2023\/09\/concurso_las_salinas.jpg","type":"image\/jpeg"}],"author":"manadmin","twitter_card":"summary_large_image","twitter_misc":{"Written by":"manadmin","Est. reading time":"2 minutes"},"schema":{"@context":"https:\/\/schema.org","@graph":[{"@type":"Article","@id":"https:\/\/fadeu.urantiacos.cl\/en\/2021\/03\/13\/proyectos-de-oficinas-de-profesores-arq-uc-entre-los-seleccionados-para-la-etapa-final-del-concurso-parque-urbano-las-salinas\/#article","isPartOf":{"@id":"https:\/\/fadeu.urantiacos.cl\/en\/2021\/03\/13\/proyectos-de-oficinas-de-profesores-arq-uc-entre-los-seleccionados-para-la-etapa-final-del-concurso-parque-urbano-las-salinas\/"},"author":{"name":"manadmin","@id":"https:\/\/fadeu.urantiacos.cl\/en\/#\/schema\/person\/d203e2e84b1c40275eac77b3061a19a2"},"headline":"Proyectos de oficinas de profesores ARQ UC entre los seleccionados para la etapa final del concurso Parque Urbano Las Salinas","datePublished":"2021-03-14T00:04:00+00:00","dateModified":"2023-09-09T00:05:39+00:00","mainEntityOfPage":{"@id":"https:\/\/fadeu.urantiacos.cl\/en\/2021\/03\/13\/proyectos-de-oficinas-de-profesores-arq-uc-entre-los-seleccionados-para-la-etapa-final-del-concurso-parque-urbano-las-salinas\/"},"wordCount":337,"commentCount":0,"image":{"@id":"https:\/\/fadeu.urantiacos.cl\/en\/2021\/03\/13\/proyectos-de-oficinas-de-profesores-arq-uc-entre-los-seleccionados-para-la-etapa-final-del-concurso-parque-urbano-las-salinas\/#primaryimage"},"thumbnailUrl":"https:\/\/fadeu.urantiacos.cl\/wp-content\/uploads\/2023\/09\/concurso_las_salinas.jpg","articleSection":["Sin categorizar"],"inLanguage":"en-US","potentialAction":[{"@type":"CommentAction","name":"Comment","target":["https:\/\/fadeu.urantiacos.cl\/en\/2021\/03\/13\/proyectos-de-oficinas-de-profesores-arq-uc-entre-los-seleccionados-para-la-etapa-final-del-concurso-parque-urbano-las-salinas\/#respond"]}]},{"@type":"WebPage","@id":"https:\/\/fadeu.urantiacos.cl\/en\/2021\/03\/13\/proyectos-de-oficinas-de-profesores-arq-uc-entre-los-seleccionados-para-la-etapa-final-del-concurso-parque-urbano-las-salinas\/","url":"https:\/\/fadeu.urantiacos.cl\/en\/2021\/03\/13\/proyectos-de-oficinas-de-profesores-arq-uc-entre-los-seleccionados-para-la-etapa-final-del-concurso-parque-urbano-las-salinas\/","name":"Proyectos de oficinas de profesores ARQ UC entre los seleccionados para la etapa final del concurso Parque Urbano Las Salinas - Facultad de Arquitectura, Dise\u00f1o y Estudios Urbanos","isPartOf":{"@id":"https:\/\/fadeu.urantiacos.cl\/en\/#website"},"primaryImageOfPage":{"@id":"https:\/\/fadeu.urantiacos.cl\/en\/2021\/03\/13\/proyectos-de-oficinas-de-profesores-arq-uc-entre-los-seleccionados-para-la-etapa-final-del-concurso-parque-urbano-las-salinas\/#primaryimage"},"image":{"@id":"https:\/\/fadeu.urantiacos.cl\/en\/2021\/03\/13\/proyectos-de-oficinas-de-profesores-arq-uc-entre-los-seleccionados-para-la-etapa-final-del-concurso-parque-urbano-las-salinas\/#primaryimage"},"thumbnailUrl":"https:\/\/fadeu.urantiacos.cl\/wp-content\/uploads\/2023\/09\/concurso_las_salinas.jpg","datePublished":"2021-03-14T00:04:00+00:00","dateModified":"2023-09-09T00:05:39+00:00","author":{"@id":"https:\/\/fadeu.urantiacos.cl\/en\/#\/schema\/person\/d203e2e84b1c40275eac77b3061a19a2"},"description":"De entre las m\u00e1s de 200 oficinas que participaron del proceso, las propuestas de Teodoro Fern\u00e1ndez Arquitectos y Mobil \u2014con los profesores Antonio Lipthay y Mar\u00eda Jos\u00e9 Mart\u00ednez entre sus socios\u2014, fueron elegidas por el jurado entre las cuatro finalistas del concurso Parque Urbano Las Salinas (PULS). Con esto, avanzan a la fase final en la que se elegir\u00e1 el proyecto que definir\u00e1 el dise\u00f1o del \u00e1rea central del futuro Barrio Las Salinas.","breadcrumb":{"@id":"https:\/\/fadeu.urantiacos.cl\/en\/2021\/03\/13\/proyectos-de-oficinas-de-profesores-arq-uc-entre-los-seleccionados-para-la-etapa-final-del-concurso-parque-urbano-las-salinas\/#breadcrumb"},"inLanguage":"en-US","potentialAction":[{"@type":"ReadAction","target":["https:\/\/fadeu.urantiacos.cl\/en\/2021\/03\/13\/proyectos-de-oficinas-de-profesores-arq-uc-entre-los-seleccionados-para-la-etapa-final-del-concurso-parque-urbano-las-salinas\/"]}]},{"@type":"ImageObject","inLanguage":"en-US","@id":"https:\/\/fadeu.urantiacos.cl\/en\/2021\/03\/13\/proyectos-de-oficinas-de-profesores-arq-uc-entre-los-seleccionados-para-la-etapa-final-del-concurso-parque-urbano-las-salinas\/#primaryimage","url":"https:\/\/fadeu.urantiacos.cl\/wp-content\/uploads\/2023\/09\/concurso_las_salinas.jpg","contentUrl":"https:\/\/fadeu.urantiacos.cl\/wp-content\/uploads\/2023\/09\/concurso_las_salinas.jpg","width":350,"height":250},{"@type":"BreadcrumbList","@id":"https:\/\/fadeu.urantiacos.cl\/en\/2021\/03\/13\/proyectos-de-oficinas-de-profesores-arq-uc-entre-los-seleccionados-para-la-etapa-final-del-concurso-parque-urbano-las-salinas\/#breadcrumb","itemListElement":[{"@type":"ListItem","position":1,"name":"Portada","item":"https:\/\/fadeu.urantiacos.cl\/en\/"},{"@type":"ListItem","position":2,"name":"Proyectos de oficinas de profesores ARQ UC entre los seleccionados para la etapa final del concurso Parque Urbano Las Salinas"}]},{"@type":"WebSite","@id":"https:\/\/fadeu.urantiacos.cl\/en\/#website","url":"https:\/\/fadeu.urantiacos.cl\/en\/","name":"Facultad de Arquitectura, Dise\u00f1o y Estudios Urbanos","description":"Campus Lo Contador","potentialAction":[{"@type":"SearchAction","target":{"@type":"EntryPoint","urlTemplate":"https:\/\/fadeu.urantiacos.cl\/en\/?s={search_term_string}"},"query-input":{"@type":"PropertyValueSpecification","valueRequired":true,"valueName":"search_term_string"}}],"inLanguage":"en-US"},{"@type":"Person","@id":"https:\/\/fadeu.urantiacos.cl\/en\/#\/schema\/person\/d203e2e84b1c40275eac77b3061a19a2","name":"manadmin","image":{"@type":"ImageObject","inLanguage":"en-US","@id":"https:\/\/fadeu.urantiacos.cl\/en\/#\/schema\/person\/image\/","url":"https:\/\/secure.gravatar.com\/avatar\/4b1d8e3303b4a9d8968ac578947d8bc80d9aea359f388cdd4aac15cadc0e8447?s=96&d=mm&r=g","contentUrl":"https:\/\/secure.gravatar.com\/avatar\/4b1d8e3303b4a9d8968ac578947d8bc80d9aea359f388cdd4aac15cadc0e8447?s=96&d=mm&r=g","caption":"manadmin"},"sameAs":["https:\/\/fadeu.urantiacos.cl"]}]}},"_links":{"self":[{"href":"https:\/\/fadeu.urantiacos.cl\/en\/wp-json\/wp\/v2\/posts\/7408","targetHints":{"allow":["GET"]}}],"collection":[{"href":"https:\/\/fadeu.urantiacos.cl\/en\/wp-json\/wp\/v2\/posts"}],"about":[{"href":"https:\/\/fadeu.urantiacos.cl\/en\/wp-json\/wp\/v2\/types\/post"}],"author":[{"embeddable":true,"href":"https:\/\/fadeu.urantiacos.cl\/en\/wp-json\/wp\/v2\/users\/1"}],"replies":[{"embeddable":true,"href":"https:\/\/fadeu.urantiacos.cl\/en\/wp-json\/wp\/v2\/comments?post=7408"}],"version-history":[{"count":1,"href":"https:\/\/fadeu.urantiacos.cl\/en\/wp-json\/wp\/v2\/posts\/7408\/revisions"}],"predecessor-version":[{"id":7410,"href":"https:\/\/fadeu.urantiacos.cl\/en\/wp-json\/wp\/v2\/posts\/7408\/revisions\/7410"}],"wp:featuredmedia":[{"embeddable":true,"href":"https:\/\/fadeu.urantiacos.cl\/en\/wp-json\/wp\/v2\/media\/7409"}],"wp:attachment":[{"href":"https:\/\/fadeu.urantiacos.cl\/en\/wp-json\/wp\/v2\/media?parent=7408"}],"wp:term":[{"taxonomy":"category","embeddable":true,"href":"https:\/\/fadeu.urantiacos.cl\/en\/wp-json\/wp\/v2\/categories?post=7408"},{"taxonomy":"post_tag","embeddable":true,"href":"https:\/\/fadeu.urantiacos.cl\/en\/wp-json\/wp\/v2\/tags?post=7408"}],"curies":[{"name":"wp","href":"https:\/\/api.w.org\/{rel}","templated":true}]}}