{"id":7386,"date":"2021-03-14T20:23:00","date_gmt":"2021-03-14T23:23:00","guid":{"rendered":"https:\/\/fadeu.urantiacos.cl\/?p=7386"},"modified":"2023-09-08T20:32:14","modified_gmt":"2023-09-08T23:32:14","slug":"egresado-del-mapa-obtiene-el-premio-a-la-mejor-tesis-de-la-universita-iuav-di-venezia-2020","status":"publish","type":"post","link":"https:\/\/fadeu.urantiacos.cl\/en\/2021\/03\/14\/egresado-del-mapa-obtiene-el-premio-a-la-mejor-tesis-de-la-universita-iuav-di-venezia-2020\/","title":{"rendered":"Egresado del MAPA obtiene el premio a la mejor tesis de la Universit\u00e0 Iuav di Venezia 2020"},"content":{"rendered":"\n<figure class=\"wp-block-image size-full\"><img decoding=\"async\" width=\"350\" height=\"250\" src=\"https:\/\/fadeu.urantiacos.cl\/wp-content\/uploads\/2023\/09\/Fig1_web.jpg\" alt=\"\" class=\"wp-image-7387\" srcset=\"https:\/\/fadeu.urantiacos.cl\/wp-content\/uploads\/2023\/09\/Fig1_web.jpg 350w, https:\/\/fadeu.urantiacos.cl\/wp-content\/uploads\/2023\/09\/Fig1_web-300x214.jpg 300w\" sizes=\"(max-width: 350px) 100vw, 350px\" \/><\/figure>\n\n\n\n<p>La tesis, titulada &#8220;Visualizaci\u00f3n y aproximaci\u00f3n a un icebergscape ant\u00e1rtico: Infraestructura e inserciones arquitect\u00f3nicas para la construcci\u00f3n de una experiencia sublime&#8221;, le permiti\u00f3 a Francesco obtener la doble titulaci\u00f3n como parte del convenio de intercambio y colaboraci\u00f3n IUAV + UC. Para la elecci\u00f3n de la tesis a premiar, el rector de la IUAV nombr\u00f3 una comisi\u00f3n externa que eligi\u00f3 las mejores tesis producidas en las seis l\u00edneas que tiene la universidad: arquitectura, planificaci\u00f3n, artes visuales, dise\u00f1o, moda y teatro. De esta forma, la tesis de Francesco Fam\u00e0 fue destacada entre todas las presentadas en arquitectura como la mejor del a\u00f1o 2020. La ceremonia de premiaci\u00f3n se realiz\u00f3 el d\u00eda viernes 26 de febrero de manera online, instancia en la que los profesores ARQ UC Arturo Lyon y Osvaldo Moreno, jefe del MAPA, expusieron junto a Francesco una s\u00edntesis del trabajo desarrollado.<\/p>\n\n\n\n<p>Sinopsis de la tesis<br>Si bien la Ant\u00e1rtica es considerada como uno de los lugares m\u00e1s hostiles del planeta, en realidad est\u00e1 habitada hace un siglo. La actual situaci\u00f3n geopol\u00edtica hace dif\u00edcil la construcci\u00f3n de una identidad cultural e hist\u00f3rica del continente, canalizando la atenci\u00f3n a los aspectos cient\u00edficos y de investigaci\u00f3n. Dentro de un retrato tan complejo, un rol especial es desempe\u00f1ado por los icebergs, fragmentos del paisaje ant\u00e1rtico que constituyen unidades de paisaje dentro del territorio. Debido a sus peculiaridades y caracter\u00edsticas, lo que se genera es un verdadero icebergscape: una tipolog\u00eda \u00fanica de paisaje. El objetivo de la tesis fue formular esa idea de icebergscape para reconocer una de las mayores particularidades de este territorio y desarrollar un proyecto de arquitectura del paisaje que fuese capaz de integrar al ser humano dentro del territorio y construir con el paisaje \u2014y el iceberg en particular\u2014 , una experiencia sublime que expresa el m\u00e1ximo potencial sugestivo y evocador de la Ant\u00e1rtica.<\/p>\n\n\n\n<p>Ver resumen de la tesis&nbsp;<a href=\"http:\/\/arquitectura.uc.cl\/images\/documents\/RESUMEN_TESIS_MAPA_FAMA-F_Iceberscape.pdf\" target=\"_blank\" rel=\"noreferrer noopener\">aqu\u00ed<\/a><br>Ver publicaci\u00f3n de la tesis en&nbsp;<a href=\"https:\/\/www.paisajeo.org\/post\/visualizaci%C3%B3n-y-aproximaci%C3%B3n-a-un-icebergscape-ant%C3%A1rtico\" target=\"_blank\" rel=\"noreferrer noopener\">paisaje.org<\/a>&nbsp;<\/p>\n\n\n\n<figure class=\"wp-block-image size-full\"><img decoding=\"async\" width=\"1024\" height=\"732\" src=\"https:\/\/fadeu.urantiacos.cl\/wp-content\/uploads\/2023\/09\/Fig1.jpg\" alt=\"\" class=\"wp-image-7388\" srcset=\"https:\/\/fadeu.urantiacos.cl\/wp-content\/uploads\/2023\/09\/Fig1.jpg 1024w, https:\/\/fadeu.urantiacos.cl\/wp-content\/uploads\/2023\/09\/Fig1-300x214.jpg 300w, https:\/\/fadeu.urantiacos.cl\/wp-content\/uploads\/2023\/09\/Fig1-768x549.jpg 768w\" sizes=\"(max-width: 1024px) 100vw, 1024px\" \/><figcaption class=\"wp-element-caption\">H,G Ponting, Captain Scott+s Antarctic Expedition 1910 &#8211; 1912, 2nd December, 1911, The ice cliffs at the end of the Barne Glacier with Mount Erebus in the background  (Photo by Popperfoto\/Getty Images)<\/figcaption><\/figure>\n\n\n\n<figure class=\"wp-block-image size-full\"><img decoding=\"async\" width=\"1024\" height=\"486\" src=\"https:\/\/fadeu.urantiacos.cl\/wp-content\/uploads\/2023\/09\/Fig10.jpg\" alt=\"\" class=\"wp-image-7389\" srcset=\"https:\/\/fadeu.urantiacos.cl\/wp-content\/uploads\/2023\/09\/Fig10.jpg 1024w, https:\/\/fadeu.urantiacos.cl\/wp-content\/uploads\/2023\/09\/Fig10-300x142.jpg 300w, https:\/\/fadeu.urantiacos.cl\/wp-content\/uploads\/2023\/09\/Fig10-768x365.jpg 768w\" sizes=\"(max-width: 1024px) 100vw, 1024px\" \/><\/figure>\n\n\n\n<figure class=\"wp-block-image size-full\"><img decoding=\"async\" width=\"1024\" height=\"576\" src=\"https:\/\/fadeu.urantiacos.cl\/wp-content\/uploads\/2023\/09\/Fig20.jpg\" alt=\"\" class=\"wp-image-7390\" srcset=\"https:\/\/fadeu.urantiacos.cl\/wp-content\/uploads\/2023\/09\/Fig20.jpg 1024w, https:\/\/fadeu.urantiacos.cl\/wp-content\/uploads\/2023\/09\/Fig20-300x169.jpg 300w, https:\/\/fadeu.urantiacos.cl\/wp-content\/uploads\/2023\/09\/Fig20-768x432.jpg 768w\" sizes=\"(max-width: 1024px) 100vw, 1024px\" \/><\/figure>\n\n\n\n<p>Im\u00e1genes MAPA UC, Francesco Fama 2020<\/p>\n\n\n\n<p>Noticias<br>Contacto:&nbsp;<a href=\"mailto:redesarq@uc.cl\">redesarq@uc.cl<\/a>&nbsp;| +56 2 2354 7747<br>www.arquitectura.uc.cl<\/p>\n","protected":false},"excerpt":{"rendered":"<p>Francesco Fam\u00e0, \u2014estudiante italiano egresado del Mag\u00edster en Arquitectura del Paisaje UC (MAPA) en 2020\u2014 obtuvo la distinci\u00f3n Premio Miglior Tesis IUAV 2020 por la investigaci\u00f3n desarrollada en el programa bajo la direcci\u00f3n de los profesores ARQ UC Arturo Lyon y Osvaldo Moreno, jefe del MAPA.<\/p>\n","protected":false},"author":1,"featured_media":7387,"comment_status":"open","ping_status":"open","sticky":false,"template":"","format":"standard","meta":{"_acf_changed":false,"footnotes":""},"categories":[1],"tags":[],"class_list":["post-7386","post","type-post","status-publish","format-standard","has-post-thumbnail","hentry","category-sin-categorizar"],"acf":[],"yoast_head":"<!-- This site is optimized with the Yoast SEO plugin v27.1.1 - https:\/\/yoast.com\/product\/yoast-seo-wordpress\/ -->\n<title>Egresado del MAPA obtiene el premio a la mejor tesis de la Universit\u00e0 Iuav di Venezia 2020 - Facultad de Arquitectura, Dise\u00f1o y Estudios Urbanos<\/title>\n<meta name=\"description\" content=\"Francesco Fam\u00e0, \u2014estudiante italiano egresado del Mag\u00edster en Arquitectura del Paisaje UC (MAPA) en 2020\u2014 obtuvo la distinci\u00f3n Premio Miglior Tesis IUAV 2020 por la investigaci\u00f3n desarrollada en el programa bajo la direcci\u00f3n de los profesores ARQ UC Arturo Lyon y Osvaldo Moreno, jefe del MAPA.\" \/>\n<meta name=\"robots\" content=\"index, follow, max-snippet:-1, max-image-preview:large, max-video-preview:-1\" \/>\n<link rel=\"canonical\" href=\"https:\/\/fadeu.urantiacos.cl\/en\/2021\/03\/14\/egresado-del-mapa-obtiene-el-premio-a-la-mejor-tesis-de-la-universita-iuav-di-venezia-2020\/\" \/>\n<meta property=\"og:locale\" content=\"en_US\" \/>\n<meta property=\"og:type\" content=\"article\" \/>\n<meta property=\"og:title\" content=\"Egresado del MAPA obtiene el premio a la mejor tesis de la Universit\u00e0 Iuav di Venezia 2020 - Facultad de Arquitectura, Dise\u00f1o y Estudios Urbanos\" \/>\n<meta property=\"og:description\" content=\"Francesco Fam\u00e0, \u2014estudiante italiano egresado del Mag\u00edster en Arquitectura del Paisaje UC (MAPA) en 2020\u2014 obtuvo la distinci\u00f3n Premio Miglior Tesis IUAV 2020 por la investigaci\u00f3n desarrollada en el programa bajo la direcci\u00f3n de los profesores ARQ UC Arturo Lyon y Osvaldo Moreno, jefe del MAPA.\" \/>\n<meta property=\"og:url\" content=\"https:\/\/fadeu.urantiacos.cl\/en\/2021\/03\/14\/egresado-del-mapa-obtiene-el-premio-a-la-mejor-tesis-de-la-universita-iuav-di-venezia-2020\/\" \/>\n<meta property=\"og:site_name\" content=\"Facultad de Arquitectura, Dise\u00f1o y Estudios Urbanos\" \/>\n<meta property=\"article:published_time\" content=\"2021-03-14T23:23:00+00:00\" \/>\n<meta property=\"article:modified_time\" content=\"2023-09-08T23:32:14+00:00\" \/>\n<meta property=\"og:image\" content=\"https:\/\/fadeu.urantiacos.cl\/wp-content\/uploads\/2023\/09\/Fig1_web.jpg\" \/>\n\t<meta property=\"og:image:width\" content=\"350\" \/>\n\t<meta property=\"og:image:height\" content=\"250\" \/>\n\t<meta property=\"og:image:type\" content=\"image\/jpeg\" \/>\n<meta name=\"author\" content=\"manadmin\" \/>\n<meta name=\"twitter:card\" content=\"summary_large_image\" \/>\n<meta name=\"twitter:label1\" content=\"Written by\" \/>\n\t<meta name=\"twitter:data1\" content=\"manadmin\" \/>\n\t<meta name=\"twitter:label2\" content=\"Est. reading time\" \/>\n\t<meta name=\"twitter:data2\" content=\"2 minutes\" \/>\n<script type=\"application\/ld+json\" class=\"yoast-schema-graph\">{\"@context\":\"https:\/\/schema.org\",\"@graph\":[{\"@type\":\"Article\",\"@id\":\"https:\/\/fadeu.urantiacos.cl\/en\/2021\/03\/14\/egresado-del-mapa-obtiene-el-premio-a-la-mejor-tesis-de-la-universita-iuav-di-venezia-2020\/#article\",\"isPartOf\":{\"@id\":\"https:\/\/fadeu.urantiacos.cl\/en\/2021\/03\/14\/egresado-del-mapa-obtiene-el-premio-a-la-mejor-tesis-de-la-universita-iuav-di-venezia-2020\/\"},\"author\":{\"name\":\"manadmin\",\"@id\":\"https:\/\/fadeu.urantiacos.cl\/en\/#\/schema\/person\/d203e2e84b1c40275eac77b3061a19a2\"},\"headline\":\"Egresado del MAPA obtiene el premio a la mejor tesis de la Universit\u00e0 Iuav di Venezia 2020\",\"datePublished\":\"2021-03-14T23:23:00+00:00\",\"dateModified\":\"2023-09-08T23:32:14+00:00\",\"mainEntityOfPage\":{\"@id\":\"https:\/\/fadeu.urantiacos.cl\/en\/2021\/03\/14\/egresado-del-mapa-obtiene-el-premio-a-la-mejor-tesis-de-la-universita-iuav-di-venezia-2020\/\"},\"wordCount\":412,\"commentCount\":0,\"image\":{\"@id\":\"https:\/\/fadeu.urantiacos.cl\/en\/2021\/03\/14\/egresado-del-mapa-obtiene-el-premio-a-la-mejor-tesis-de-la-universita-iuav-di-venezia-2020\/#primaryimage\"},\"thumbnailUrl\":\"https:\/\/fadeu.urantiacos.cl\/wp-content\/uploads\/2023\/09\/Fig1_web.jpg\",\"articleSection\":[\"Sin categorizar\"],\"inLanguage\":\"en-US\",\"potentialAction\":[{\"@type\":\"CommentAction\",\"name\":\"Comment\",\"target\":[\"https:\/\/fadeu.urantiacos.cl\/en\/2021\/03\/14\/egresado-del-mapa-obtiene-el-premio-a-la-mejor-tesis-de-la-universita-iuav-di-venezia-2020\/#respond\"]}]},{\"@type\":\"WebPage\",\"@id\":\"https:\/\/fadeu.urantiacos.cl\/en\/2021\/03\/14\/egresado-del-mapa-obtiene-el-premio-a-la-mejor-tesis-de-la-universita-iuav-di-venezia-2020\/\",\"url\":\"https:\/\/fadeu.urantiacos.cl\/en\/2021\/03\/14\/egresado-del-mapa-obtiene-el-premio-a-la-mejor-tesis-de-la-universita-iuav-di-venezia-2020\/\",\"name\":\"Egresado del MAPA obtiene el premio a la mejor tesis de la Universit\u00e0 Iuav di Venezia 2020 - Facultad de Arquitectura, Dise\u00f1o y Estudios Urbanos\",\"isPartOf\":{\"@id\":\"https:\/\/fadeu.urantiacos.cl\/en\/#website\"},\"primaryImageOfPage\":{\"@id\":\"https:\/\/fadeu.urantiacos.cl\/en\/2021\/03\/14\/egresado-del-mapa-obtiene-el-premio-a-la-mejor-tesis-de-la-universita-iuav-di-venezia-2020\/#primaryimage\"},\"image\":{\"@id\":\"https:\/\/fadeu.urantiacos.cl\/en\/2021\/03\/14\/egresado-del-mapa-obtiene-el-premio-a-la-mejor-tesis-de-la-universita-iuav-di-venezia-2020\/#primaryimage\"},\"thumbnailUrl\":\"https:\/\/fadeu.urantiacos.cl\/wp-content\/uploads\/2023\/09\/Fig1_web.jpg\",\"datePublished\":\"2021-03-14T23:23:00+00:00\",\"dateModified\":\"2023-09-08T23:32:14+00:00\",\"author\":{\"@id\":\"https:\/\/fadeu.urantiacos.cl\/en\/#\/schema\/person\/d203e2e84b1c40275eac77b3061a19a2\"},\"description\":\"Francesco Fam\u00e0, \u2014estudiante italiano egresado del Mag\u00edster en Arquitectura del Paisaje UC (MAPA) en 2020\u2014 obtuvo la distinci\u00f3n Premio Miglior Tesis IUAV 2020 por la investigaci\u00f3n desarrollada en el programa bajo la direcci\u00f3n de los profesores ARQ UC Arturo Lyon y Osvaldo Moreno, jefe del MAPA.\",\"breadcrumb\":{\"@id\":\"https:\/\/fadeu.urantiacos.cl\/en\/2021\/03\/14\/egresado-del-mapa-obtiene-el-premio-a-la-mejor-tesis-de-la-universita-iuav-di-venezia-2020\/#breadcrumb\"},\"inLanguage\":\"en-US\",\"potentialAction\":[{\"@type\":\"ReadAction\",\"target\":[\"https:\/\/fadeu.urantiacos.cl\/en\/2021\/03\/14\/egresado-del-mapa-obtiene-el-premio-a-la-mejor-tesis-de-la-universita-iuav-di-venezia-2020\/\"]}]},{\"@type\":\"ImageObject\",\"inLanguage\":\"en-US\",\"@id\":\"https:\/\/fadeu.urantiacos.cl\/en\/2021\/03\/14\/egresado-del-mapa-obtiene-el-premio-a-la-mejor-tesis-de-la-universita-iuav-di-venezia-2020\/#primaryimage\",\"url\":\"https:\/\/fadeu.urantiacos.cl\/wp-content\/uploads\/2023\/09\/Fig1_web.jpg\",\"contentUrl\":\"https:\/\/fadeu.urantiacos.cl\/wp-content\/uploads\/2023\/09\/Fig1_web.jpg\",\"width\":350,\"height\":250,\"caption\":\"H,G Ponting, Captain Scott+s Antarctic Expedition 1910 - 1912, 2nd December, 1911, The ice cliffs at the end of the Barne Glacier with Mount Erebus in the background (Photo by Popperfoto\/Getty Images)\"},{\"@type\":\"BreadcrumbList\",\"@id\":\"https:\/\/fadeu.urantiacos.cl\/en\/2021\/03\/14\/egresado-del-mapa-obtiene-el-premio-a-la-mejor-tesis-de-la-universita-iuav-di-venezia-2020\/#breadcrumb\",\"itemListElement\":[{\"@type\":\"ListItem\",\"position\":1,\"name\":\"Portada\",\"item\":\"https:\/\/fadeu.urantiacos.cl\/en\/\"},{\"@type\":\"ListItem\",\"position\":2,\"name\":\"Egresado del MAPA obtiene el premio a la mejor tesis de la Universit\u00e0 Iuav di Venezia 2020\"}]},{\"@type\":\"WebSite\",\"@id\":\"https:\/\/fadeu.urantiacos.cl\/en\/#website\",\"url\":\"https:\/\/fadeu.urantiacos.cl\/en\/\",\"name\":\"Facultad de Arquitectura, Dise\u00f1o y Estudios Urbanos\",\"description\":\"Campus Lo Contador\",\"potentialAction\":[{\"@type\":\"SearchAction\",\"target\":{\"@type\":\"EntryPoint\",\"urlTemplate\":\"https:\/\/fadeu.urantiacos.cl\/en\/?s={search_term_string}\"},\"query-input\":{\"@type\":\"PropertyValueSpecification\",\"valueRequired\":true,\"valueName\":\"search_term_string\"}}],\"inLanguage\":\"en-US\"},{\"@type\":\"Person\",\"@id\":\"https:\/\/fadeu.urantiacos.cl\/en\/#\/schema\/person\/d203e2e84b1c40275eac77b3061a19a2\",\"name\":\"manadmin\",\"image\":{\"@type\":\"ImageObject\",\"inLanguage\":\"en-US\",\"@id\":\"https:\/\/fadeu.urantiacos.cl\/en\/#\/schema\/person\/image\/\",\"url\":\"https:\/\/secure.gravatar.com\/avatar\/4b1d8e3303b4a9d8968ac578947d8bc80d9aea359f388cdd4aac15cadc0e8447?s=96&d=mm&r=g\",\"contentUrl\":\"https:\/\/secure.gravatar.com\/avatar\/4b1d8e3303b4a9d8968ac578947d8bc80d9aea359f388cdd4aac15cadc0e8447?s=96&d=mm&r=g\",\"caption\":\"manadmin\"},\"sameAs\":[\"https:\/\/fadeu.urantiacos.cl\"]}]}<\/script>\n<!-- \/ Yoast SEO plugin. -->","yoast_head_json":{"title":"Egresado del MAPA obtiene el premio a la mejor tesis de la Universit\u00e0 Iuav di Venezia 2020 - Facultad de Arquitectura, Dise\u00f1o y Estudios Urbanos","description":"Francesco Fam\u00e0, \u2014estudiante italiano egresado del Mag\u00edster en Arquitectura del Paisaje UC (MAPA) en 2020\u2014 obtuvo la distinci\u00f3n Premio Miglior Tesis IUAV 2020 por la investigaci\u00f3n desarrollada en el programa bajo la direcci\u00f3n de los profesores ARQ UC Arturo Lyon y Osvaldo Moreno, jefe del MAPA.","robots":{"index":"index","follow":"follow","max-snippet":"max-snippet:-1","max-image-preview":"max-image-preview:large","max-video-preview":"max-video-preview:-1"},"canonical":"https:\/\/fadeu.urantiacos.cl\/en\/2021\/03\/14\/egresado-del-mapa-obtiene-el-premio-a-la-mejor-tesis-de-la-universita-iuav-di-venezia-2020\/","og_locale":"en_US","og_type":"article","og_title":"Egresado del MAPA obtiene el premio a la mejor tesis de la Universit\u00e0 Iuav di Venezia 2020 - Facultad de Arquitectura, Dise\u00f1o y Estudios Urbanos","og_description":"Francesco Fam\u00e0, \u2014estudiante italiano egresado del Mag\u00edster en Arquitectura del Paisaje UC (MAPA) en 2020\u2014 obtuvo la distinci\u00f3n Premio Miglior Tesis IUAV 2020 por la investigaci\u00f3n desarrollada en el programa bajo la direcci\u00f3n de los profesores ARQ UC Arturo Lyon y Osvaldo Moreno, jefe del MAPA.","og_url":"https:\/\/fadeu.urantiacos.cl\/en\/2021\/03\/14\/egresado-del-mapa-obtiene-el-premio-a-la-mejor-tesis-de-la-universita-iuav-di-venezia-2020\/","og_site_name":"Facultad de Arquitectura, Dise\u00f1o y Estudios Urbanos","article_published_time":"2021-03-14T23:23:00+00:00","article_modified_time":"2023-09-08T23:32:14+00:00","og_image":[{"width":350,"height":250,"url":"https:\/\/fadeu.urantiacos.cl\/wp-content\/uploads\/2023\/09\/Fig1_web.jpg","type":"image\/jpeg"}],"author":"manadmin","twitter_card":"summary_large_image","twitter_misc":{"Written by":"manadmin","Est. reading time":"2 minutes"},"schema":{"@context":"https:\/\/schema.org","@graph":[{"@type":"Article","@id":"https:\/\/fadeu.urantiacos.cl\/en\/2021\/03\/14\/egresado-del-mapa-obtiene-el-premio-a-la-mejor-tesis-de-la-universita-iuav-di-venezia-2020\/#article","isPartOf":{"@id":"https:\/\/fadeu.urantiacos.cl\/en\/2021\/03\/14\/egresado-del-mapa-obtiene-el-premio-a-la-mejor-tesis-de-la-universita-iuav-di-venezia-2020\/"},"author":{"name":"manadmin","@id":"https:\/\/fadeu.urantiacos.cl\/en\/#\/schema\/person\/d203e2e84b1c40275eac77b3061a19a2"},"headline":"Egresado del MAPA obtiene el premio a la mejor tesis de la Universit\u00e0 Iuav di Venezia 2020","datePublished":"2021-03-14T23:23:00+00:00","dateModified":"2023-09-08T23:32:14+00:00","mainEntityOfPage":{"@id":"https:\/\/fadeu.urantiacos.cl\/en\/2021\/03\/14\/egresado-del-mapa-obtiene-el-premio-a-la-mejor-tesis-de-la-universita-iuav-di-venezia-2020\/"},"wordCount":412,"commentCount":0,"image":{"@id":"https:\/\/fadeu.urantiacos.cl\/en\/2021\/03\/14\/egresado-del-mapa-obtiene-el-premio-a-la-mejor-tesis-de-la-universita-iuav-di-venezia-2020\/#primaryimage"},"thumbnailUrl":"https:\/\/fadeu.urantiacos.cl\/wp-content\/uploads\/2023\/09\/Fig1_web.jpg","articleSection":["Sin categorizar"],"inLanguage":"en-US","potentialAction":[{"@type":"CommentAction","name":"Comment","target":["https:\/\/fadeu.urantiacos.cl\/en\/2021\/03\/14\/egresado-del-mapa-obtiene-el-premio-a-la-mejor-tesis-de-la-universita-iuav-di-venezia-2020\/#respond"]}]},{"@type":"WebPage","@id":"https:\/\/fadeu.urantiacos.cl\/en\/2021\/03\/14\/egresado-del-mapa-obtiene-el-premio-a-la-mejor-tesis-de-la-universita-iuav-di-venezia-2020\/","url":"https:\/\/fadeu.urantiacos.cl\/en\/2021\/03\/14\/egresado-del-mapa-obtiene-el-premio-a-la-mejor-tesis-de-la-universita-iuav-di-venezia-2020\/","name":"Egresado del MAPA obtiene el premio a la mejor tesis de la Universit\u00e0 Iuav di Venezia 2020 - Facultad de Arquitectura, Dise\u00f1o y Estudios Urbanos","isPartOf":{"@id":"https:\/\/fadeu.urantiacos.cl\/en\/#website"},"primaryImageOfPage":{"@id":"https:\/\/fadeu.urantiacos.cl\/en\/2021\/03\/14\/egresado-del-mapa-obtiene-el-premio-a-la-mejor-tesis-de-la-universita-iuav-di-venezia-2020\/#primaryimage"},"image":{"@id":"https:\/\/fadeu.urantiacos.cl\/en\/2021\/03\/14\/egresado-del-mapa-obtiene-el-premio-a-la-mejor-tesis-de-la-universita-iuav-di-venezia-2020\/#primaryimage"},"thumbnailUrl":"https:\/\/fadeu.urantiacos.cl\/wp-content\/uploads\/2023\/09\/Fig1_web.jpg","datePublished":"2021-03-14T23:23:00+00:00","dateModified":"2023-09-08T23:32:14+00:00","author":{"@id":"https:\/\/fadeu.urantiacos.cl\/en\/#\/schema\/person\/d203e2e84b1c40275eac77b3061a19a2"},"description":"Francesco Fam\u00e0, \u2014estudiante italiano egresado del Mag\u00edster en Arquitectura del Paisaje UC (MAPA) en 2020\u2014 obtuvo la distinci\u00f3n Premio Miglior Tesis IUAV 2020 por la investigaci\u00f3n desarrollada en el programa bajo la direcci\u00f3n de los profesores ARQ UC Arturo Lyon y Osvaldo Moreno, jefe del MAPA.","breadcrumb":{"@id":"https:\/\/fadeu.urantiacos.cl\/en\/2021\/03\/14\/egresado-del-mapa-obtiene-el-premio-a-la-mejor-tesis-de-la-universita-iuav-di-venezia-2020\/#breadcrumb"},"inLanguage":"en-US","potentialAction":[{"@type":"ReadAction","target":["https:\/\/fadeu.urantiacos.cl\/en\/2021\/03\/14\/egresado-del-mapa-obtiene-el-premio-a-la-mejor-tesis-de-la-universita-iuav-di-venezia-2020\/"]}]},{"@type":"ImageObject","inLanguage":"en-US","@id":"https:\/\/fadeu.urantiacos.cl\/en\/2021\/03\/14\/egresado-del-mapa-obtiene-el-premio-a-la-mejor-tesis-de-la-universita-iuav-di-venezia-2020\/#primaryimage","url":"https:\/\/fadeu.urantiacos.cl\/wp-content\/uploads\/2023\/09\/Fig1_web.jpg","contentUrl":"https:\/\/fadeu.urantiacos.cl\/wp-content\/uploads\/2023\/09\/Fig1_web.jpg","width":350,"height":250,"caption":"H,G Ponting, Captain Scott+s Antarctic Expedition 1910 - 1912, 2nd December, 1911, The ice cliffs at the end of the Barne Glacier with Mount Erebus in the background (Photo by Popperfoto\/Getty Images)"},{"@type":"BreadcrumbList","@id":"https:\/\/fadeu.urantiacos.cl\/en\/2021\/03\/14\/egresado-del-mapa-obtiene-el-premio-a-la-mejor-tesis-de-la-universita-iuav-di-venezia-2020\/#breadcrumb","itemListElement":[{"@type":"ListItem","position":1,"name":"Portada","item":"https:\/\/fadeu.urantiacos.cl\/en\/"},{"@type":"ListItem","position":2,"name":"Egresado del MAPA obtiene el premio a la mejor tesis de la Universit\u00e0 Iuav di Venezia 2020"}]},{"@type":"WebSite","@id":"https:\/\/fadeu.urantiacos.cl\/en\/#website","url":"https:\/\/fadeu.urantiacos.cl\/en\/","name":"Facultad de Arquitectura, Dise\u00f1o y Estudios Urbanos","description":"Campus Lo Contador","potentialAction":[{"@type":"SearchAction","target":{"@type":"EntryPoint","urlTemplate":"https:\/\/fadeu.urantiacos.cl\/en\/?s={search_term_string}"},"query-input":{"@type":"PropertyValueSpecification","valueRequired":true,"valueName":"search_term_string"}}],"inLanguage":"en-US"},{"@type":"Person","@id":"https:\/\/fadeu.urantiacos.cl\/en\/#\/schema\/person\/d203e2e84b1c40275eac77b3061a19a2","name":"manadmin","image":{"@type":"ImageObject","inLanguage":"en-US","@id":"https:\/\/fadeu.urantiacos.cl\/en\/#\/schema\/person\/image\/","url":"https:\/\/secure.gravatar.com\/avatar\/4b1d8e3303b4a9d8968ac578947d8bc80d9aea359f388cdd4aac15cadc0e8447?s=96&d=mm&r=g","contentUrl":"https:\/\/secure.gravatar.com\/avatar\/4b1d8e3303b4a9d8968ac578947d8bc80d9aea359f388cdd4aac15cadc0e8447?s=96&d=mm&r=g","caption":"manadmin"},"sameAs":["https:\/\/fadeu.urantiacos.cl"]}]}},"_links":{"self":[{"href":"https:\/\/fadeu.urantiacos.cl\/en\/wp-json\/wp\/v2\/posts\/7386","targetHints":{"allow":["GET"]}}],"collection":[{"href":"https:\/\/fadeu.urantiacos.cl\/en\/wp-json\/wp\/v2\/posts"}],"about":[{"href":"https:\/\/fadeu.urantiacos.cl\/en\/wp-json\/wp\/v2\/types\/post"}],"author":[{"embeddable":true,"href":"https:\/\/fadeu.urantiacos.cl\/en\/wp-json\/wp\/v2\/users\/1"}],"replies":[{"embeddable":true,"href":"https:\/\/fadeu.urantiacos.cl\/en\/wp-json\/wp\/v2\/comments?post=7386"}],"version-history":[{"count":1,"href":"https:\/\/fadeu.urantiacos.cl\/en\/wp-json\/wp\/v2\/posts\/7386\/revisions"}],"predecessor-version":[{"id":7391,"href":"https:\/\/fadeu.urantiacos.cl\/en\/wp-json\/wp\/v2\/posts\/7386\/revisions\/7391"}],"wp:featuredmedia":[{"embeddable":true,"href":"https:\/\/fadeu.urantiacos.cl\/en\/wp-json\/wp\/v2\/media\/7387"}],"wp:attachment":[{"href":"https:\/\/fadeu.urantiacos.cl\/en\/wp-json\/wp\/v2\/media?parent=7386"}],"wp:term":[{"taxonomy":"category","embeddable":true,"href":"https:\/\/fadeu.urantiacos.cl\/en\/wp-json\/wp\/v2\/categories?post=7386"},{"taxonomy":"post_tag","embeddable":true,"href":"https:\/\/fadeu.urantiacos.cl\/en\/wp-json\/wp\/v2\/tags?post=7386"}],"curies":[{"name":"wp","href":"https:\/\/api.w.org\/{rel}","templated":true}]}}