{"id":7377,"date":"2021-03-15T20:14:00","date_gmt":"2021-03-15T23:14:00","guid":{"rendered":"https:\/\/fadeu.urantiacos.cl\/?p=7377"},"modified":"2023-09-08T20:18:52","modified_gmt":"2023-09-08T23:18:52","slug":"workshop-generation-corona-childhood-in-2030","status":"publish","type":"post","link":"https:\/\/fadeu.urantiacos.cl\/en\/2021\/03\/15\/workshop-generation-corona-childhood-in-2030\/","title":{"rendered":"Workshop Generation Corona: Childhood in 2030"},"content":{"rendered":"\n<figure class=\"wp-block-image size-full\"><img decoding=\"async\" width=\"350\" height=\"250\" src=\"https:\/\/fadeu.urantiacos.cl\/wp-content\/uploads\/2023\/09\/WebCaptura-de-pantalla-2021-03-15-a-las-17.10.12_copia.png\" alt=\"\" class=\"wp-image-7378\" srcset=\"https:\/\/fadeu.urantiacos.cl\/wp-content\/uploads\/2023\/09\/WebCaptura-de-pantalla-2021-03-15-a-las-17.10.12_copia.png 350w, https:\/\/fadeu.urantiacos.cl\/wp-content\/uploads\/2023\/09\/WebCaptura-de-pantalla-2021-03-15-a-las-17.10.12_copia-300x214.png 300w\" sizes=\"(max-width: 350px) 100vw, 350px\" \/><\/figure>\n\n\n\n<h4 class=\"wp-block-heading\" style=\"text-transform:lowercase\">Allard particip\u00f3 como profesor invitado en junto a otros destacados docentes como Emanuele Coccia,\u00a0Yves Voglaire,\u00a0Michela\u00a0Deni, Ron Gilad,\u00a0Sara Colombo,\u00a0Phong Vu,\u00a0Markus Holzbach, Ruedi\u00a0Baur, John\u00a0Thackara, Elisa Bertolotti y Guillermina N\u00f6el<br><br>El workshop consideraba 35 estudiantes de Laurea Magistral de Dise\u00f1o adem\u00e1s de una duraci\u00f3n full time de una semana. Allard trabaj\u00f3 en conjunto con Nicolo Gradieri, estudiante del ultimo a\u00f1o que cumpli\u00f3 el\u00a0rol de asistente<\/h4>\n\n\n\n<figure class=\"wp-block-image size-full\"><img decoding=\"async\" width=\"547\" height=\"385\" src=\"https:\/\/fadeu.urantiacos.cl\/wp-content\/uploads\/2023\/09\/Captura-de-pantalla-2021-03-15-a-las-17.10.12.png\" alt=\"\" class=\"wp-image-7379\" srcset=\"https:\/\/fadeu.urantiacos.cl\/wp-content\/uploads\/2023\/09\/Captura-de-pantalla-2021-03-15-a-las-17.10.12.png 547w, https:\/\/fadeu.urantiacos.cl\/wp-content\/uploads\/2023\/09\/Captura-de-pantalla-2021-03-15-a-las-17.10.12-300x211.png 300w\" sizes=\"(max-width: 547px) 100vw, 547px\" \/><\/figure>\n\n\n\n<p>Mood: a provocative contrast<br>Chiara Caputo, Xhulja Doci, Lorenzo Guslandi, Luigi Lorenzi,<br>Sara Savoldi, Sofia Passarella<\/p>\n\n\n\n<p><strong>El workshop<\/strong><\/p>\n\n\n\n<p>El workshop basa su reflexi\u00f3n en los datos entregados por la UNICEF, en el que se cuentan alrededor de 116 millones de beb\u00e9s nacidos bajo la sombra de la&nbsp;pandemia COVID-19.<br><br>\u201cLos&nbsp;reci\u00e9n nacidos han llegado a una realidad extrema enfrentando medidas&nbsp;restrictivas, como el aislamiento y los toques&nbsp;de queda; la crisis en los&nbsp;centros de salud y una inminente recesi\u00f3n econ\u00f3mica mundial\u201d.<br><br>Este&nbsp;taller especulativo y experimental propone imaginar c\u00f3mo ser\u00e1 la infancia de&nbsp;los nacidos en 2020 dentro de diez a\u00f1os&nbsp;m\u00e1s. A trav\u00e9s del an\u00e1lisis de&nbsp;megatendencias propuestas por UNICEF, se utiliz\u00f3 una metodolog\u00eda prospectiva&nbsp;particularmente \u00fatil para proyectar suposiciones sobre el futuro y considerar&nbsp;una gama m\u00e1s amplia de soluciones y&nbsp;oportunidades de dise\u00f1o.<\/p>\n","protected":false},"excerpt":{"rendered":"<p>Durante febrero el docente Jos\u00e9 Allard particip\u00f3 como profesor invitado del Workshops Generation Corona: childhood in 2030, organizado desde el Polit\u00e9cnico de Mil\u00e1n y cuya tem\u00e1tica abord\u00f3 el futuro de la ni\u00f1ez, centr\u00e1ndose en los ni\u00f1os nacidos durante la pandemia y como ser\u00eda su situaci\u00f3n en 10 a\u00f1os m\u00e1s (2030).<\/p>\n","protected":false},"author":1,"featured_media":7378,"comment_status":"open","ping_status":"open","sticky":false,"template":"","format":"standard","meta":{"_acf_changed":false,"footnotes":""},"categories":[1],"tags":[],"class_list":["post-7377","post","type-post","status-publish","format-standard","has-post-thumbnail","hentry","category-sin-categorizar"],"acf":[],"yoast_head":"<!-- This site is optimized with the Yoast SEO plugin v27.1.1 - https:\/\/yoast.com\/product\/yoast-seo-wordpress\/ -->\n<title>Workshop Generation Corona: Childhood in 2030 - Facultad de Arquitectura, Dise\u00f1o y Estudios Urbanos<\/title>\n<meta name=\"description\" content=\"Durante febrero el docente Jos\u00e9 Allard particip\u00f3 como profesor invitado del Workshops Generation Corona: childhood in 2030, organizado desde el Polit\u00e9cnico de Mil\u00e1n y cuya tem\u00e1tica abord\u00f3 el futuro de la ni\u00f1ez, centr\u00e1ndose en los ni\u00f1os nacidos durante la pandemia y como ser\u00eda su situaci\u00f3n en 10 a\u00f1os m\u00e1s (2030).\" \/>\n<meta name=\"robots\" content=\"index, follow, max-snippet:-1, max-image-preview:large, max-video-preview:-1\" \/>\n<link rel=\"canonical\" href=\"https:\/\/fadeu.urantiacos.cl\/en\/2021\/03\/15\/workshop-generation-corona-childhood-in-2030\/\" \/>\n<meta property=\"og:locale\" content=\"en_US\" \/>\n<meta property=\"og:type\" content=\"article\" \/>\n<meta property=\"og:title\" content=\"Workshop Generation Corona: Childhood in 2030 - Facultad de Arquitectura, Dise\u00f1o y Estudios Urbanos\" \/>\n<meta property=\"og:description\" content=\"Durante febrero el docente Jos\u00e9 Allard particip\u00f3 como profesor invitado del Workshops Generation Corona: childhood in 2030, organizado desde el Polit\u00e9cnico de Mil\u00e1n y cuya tem\u00e1tica abord\u00f3 el futuro de la ni\u00f1ez, centr\u00e1ndose en los ni\u00f1os nacidos durante la pandemia y como ser\u00eda su situaci\u00f3n en 10 a\u00f1os m\u00e1s (2030).\" \/>\n<meta property=\"og:url\" content=\"https:\/\/fadeu.urantiacos.cl\/en\/2021\/03\/15\/workshop-generation-corona-childhood-in-2030\/\" \/>\n<meta property=\"og:site_name\" content=\"Facultad de Arquitectura, Dise\u00f1o y Estudios Urbanos\" \/>\n<meta property=\"article:published_time\" content=\"2021-03-15T23:14:00+00:00\" \/>\n<meta property=\"article:modified_time\" content=\"2023-09-08T23:18:52+00:00\" \/>\n<meta property=\"og:image\" content=\"https:\/\/fadeu.urantiacos.cl\/wp-content\/uploads\/2023\/09\/WebCaptura-de-pantalla-2021-03-15-a-las-17.10.12_copia.png\" \/>\n\t<meta property=\"og:image:width\" content=\"350\" \/>\n\t<meta property=\"og:image:height\" content=\"250\" \/>\n\t<meta property=\"og:image:type\" content=\"image\/png\" \/>\n<meta name=\"author\" content=\"manadmin\" \/>\n<meta name=\"twitter:card\" content=\"summary_large_image\" \/>\n<meta name=\"twitter:label1\" content=\"Written by\" \/>\n\t<meta name=\"twitter:data1\" content=\"manadmin\" \/>\n\t<meta name=\"twitter:label2\" content=\"Est. reading time\" \/>\n\t<meta name=\"twitter:data2\" content=\"1 minute\" \/>\n<script type=\"application\/ld+json\" class=\"yoast-schema-graph\">{\"@context\":\"https:\/\/schema.org\",\"@graph\":[{\"@type\":\"Article\",\"@id\":\"https:\/\/fadeu.urantiacos.cl\/en\/2021\/03\/15\/workshop-generation-corona-childhood-in-2030\/#article\",\"isPartOf\":{\"@id\":\"https:\/\/fadeu.urantiacos.cl\/en\/2021\/03\/15\/workshop-generation-corona-childhood-in-2030\/\"},\"author\":{\"name\":\"manadmin\",\"@id\":\"https:\/\/fadeu.urantiacos.cl\/en\/#\/schema\/person\/d203e2e84b1c40275eac77b3061a19a2\"},\"headline\":\"Workshop Generation Corona: Childhood in 2030\",\"datePublished\":\"2021-03-15T23:14:00+00:00\",\"dateModified\":\"2023-09-08T23:18:52+00:00\",\"mainEntityOfPage\":{\"@id\":\"https:\/\/fadeu.urantiacos.cl\/en\/2021\/03\/15\/workshop-generation-corona-childhood-in-2030\/\"},\"wordCount\":239,\"commentCount\":0,\"image\":{\"@id\":\"https:\/\/fadeu.urantiacos.cl\/en\/2021\/03\/15\/workshop-generation-corona-childhood-in-2030\/#primaryimage\"},\"thumbnailUrl\":\"https:\/\/fadeu.urantiacos.cl\/wp-content\/uploads\/2023\/09\/WebCaptura-de-pantalla-2021-03-15-a-las-17.10.12_copia.png\",\"articleSection\":[\"Sin categorizar\"],\"inLanguage\":\"en-US\",\"potentialAction\":[{\"@type\":\"CommentAction\",\"name\":\"Comment\",\"target\":[\"https:\/\/fadeu.urantiacos.cl\/en\/2021\/03\/15\/workshop-generation-corona-childhood-in-2030\/#respond\"]}]},{\"@type\":\"WebPage\",\"@id\":\"https:\/\/fadeu.urantiacos.cl\/en\/2021\/03\/15\/workshop-generation-corona-childhood-in-2030\/\",\"url\":\"https:\/\/fadeu.urantiacos.cl\/en\/2021\/03\/15\/workshop-generation-corona-childhood-in-2030\/\",\"name\":\"Workshop Generation Corona: Childhood in 2030 - Facultad de Arquitectura, Dise\u00f1o y Estudios Urbanos\",\"isPartOf\":{\"@id\":\"https:\/\/fadeu.urantiacos.cl\/en\/#website\"},\"primaryImageOfPage\":{\"@id\":\"https:\/\/fadeu.urantiacos.cl\/en\/2021\/03\/15\/workshop-generation-corona-childhood-in-2030\/#primaryimage\"},\"image\":{\"@id\":\"https:\/\/fadeu.urantiacos.cl\/en\/2021\/03\/15\/workshop-generation-corona-childhood-in-2030\/#primaryimage\"},\"thumbnailUrl\":\"https:\/\/fadeu.urantiacos.cl\/wp-content\/uploads\/2023\/09\/WebCaptura-de-pantalla-2021-03-15-a-las-17.10.12_copia.png\",\"datePublished\":\"2021-03-15T23:14:00+00:00\",\"dateModified\":\"2023-09-08T23:18:52+00:00\",\"author\":{\"@id\":\"https:\/\/fadeu.urantiacos.cl\/en\/#\/schema\/person\/d203e2e84b1c40275eac77b3061a19a2\"},\"description\":\"Durante febrero el docente Jos\u00e9 Allard particip\u00f3 como profesor invitado del Workshops Generation Corona: childhood in 2030, organizado desde el Polit\u00e9cnico de Mil\u00e1n y cuya tem\u00e1tica abord\u00f3 el futuro de la ni\u00f1ez, centr\u00e1ndose en los ni\u00f1os nacidos durante la pandemia y como ser\u00eda su situaci\u00f3n en 10 a\u00f1os m\u00e1s (2030).\",\"breadcrumb\":{\"@id\":\"https:\/\/fadeu.urantiacos.cl\/en\/2021\/03\/15\/workshop-generation-corona-childhood-in-2030\/#breadcrumb\"},\"inLanguage\":\"en-US\",\"potentialAction\":[{\"@type\":\"ReadAction\",\"target\":[\"https:\/\/fadeu.urantiacos.cl\/en\/2021\/03\/15\/workshop-generation-corona-childhood-in-2030\/\"]}]},{\"@type\":\"ImageObject\",\"inLanguage\":\"en-US\",\"@id\":\"https:\/\/fadeu.urantiacos.cl\/en\/2021\/03\/15\/workshop-generation-corona-childhood-in-2030\/#primaryimage\",\"url\":\"https:\/\/fadeu.urantiacos.cl\/wp-content\/uploads\/2023\/09\/WebCaptura-de-pantalla-2021-03-15-a-las-17.10.12_copia.png\",\"contentUrl\":\"https:\/\/fadeu.urantiacos.cl\/wp-content\/uploads\/2023\/09\/WebCaptura-de-pantalla-2021-03-15-a-las-17.10.12_copia.png\",\"width\":350,\"height\":250},{\"@type\":\"BreadcrumbList\",\"@id\":\"https:\/\/fadeu.urantiacos.cl\/en\/2021\/03\/15\/workshop-generation-corona-childhood-in-2030\/#breadcrumb\",\"itemListElement\":[{\"@type\":\"ListItem\",\"position\":1,\"name\":\"Portada\",\"item\":\"https:\/\/fadeu.urantiacos.cl\/en\/\"},{\"@type\":\"ListItem\",\"position\":2,\"name\":\"Workshop Generation Corona: Childhood in 2030\"}]},{\"@type\":\"WebSite\",\"@id\":\"https:\/\/fadeu.urantiacos.cl\/en\/#website\",\"url\":\"https:\/\/fadeu.urantiacos.cl\/en\/\",\"name\":\"Facultad de Arquitectura, Dise\u00f1o y Estudios Urbanos\",\"description\":\"Campus Lo Contador\",\"potentialAction\":[{\"@type\":\"SearchAction\",\"target\":{\"@type\":\"EntryPoint\",\"urlTemplate\":\"https:\/\/fadeu.urantiacos.cl\/en\/?s={search_term_string}\"},\"query-input\":{\"@type\":\"PropertyValueSpecification\",\"valueRequired\":true,\"valueName\":\"search_term_string\"}}],\"inLanguage\":\"en-US\"},{\"@type\":\"Person\",\"@id\":\"https:\/\/fadeu.urantiacos.cl\/en\/#\/schema\/person\/d203e2e84b1c40275eac77b3061a19a2\",\"name\":\"manadmin\",\"image\":{\"@type\":\"ImageObject\",\"inLanguage\":\"en-US\",\"@id\":\"https:\/\/fadeu.urantiacos.cl\/en\/#\/schema\/person\/image\/\",\"url\":\"https:\/\/secure.gravatar.com\/avatar\/4b1d8e3303b4a9d8968ac578947d8bc80d9aea359f388cdd4aac15cadc0e8447?s=96&d=mm&r=g\",\"contentUrl\":\"https:\/\/secure.gravatar.com\/avatar\/4b1d8e3303b4a9d8968ac578947d8bc80d9aea359f388cdd4aac15cadc0e8447?s=96&d=mm&r=g\",\"caption\":\"manadmin\"},\"sameAs\":[\"https:\/\/fadeu.urantiacos.cl\"]}]}<\/script>\n<!-- \/ Yoast SEO plugin. -->","yoast_head_json":{"title":"Workshop Generation Corona: Childhood in 2030 - Facultad de Arquitectura, Dise\u00f1o y Estudios Urbanos","description":"Durante febrero el docente Jos\u00e9 Allard particip\u00f3 como profesor invitado del Workshops Generation Corona: childhood in 2030, organizado desde el Polit\u00e9cnico de Mil\u00e1n y cuya tem\u00e1tica abord\u00f3 el futuro de la ni\u00f1ez, centr\u00e1ndose en los ni\u00f1os nacidos durante la pandemia y como ser\u00eda su situaci\u00f3n en 10 a\u00f1os m\u00e1s (2030).","robots":{"index":"index","follow":"follow","max-snippet":"max-snippet:-1","max-image-preview":"max-image-preview:large","max-video-preview":"max-video-preview:-1"},"canonical":"https:\/\/fadeu.urantiacos.cl\/en\/2021\/03\/15\/workshop-generation-corona-childhood-in-2030\/","og_locale":"en_US","og_type":"article","og_title":"Workshop Generation Corona: Childhood in 2030 - Facultad de Arquitectura, Dise\u00f1o y Estudios Urbanos","og_description":"Durante febrero el docente Jos\u00e9 Allard particip\u00f3 como profesor invitado del Workshops Generation Corona: childhood in 2030, organizado desde el Polit\u00e9cnico de Mil\u00e1n y cuya tem\u00e1tica abord\u00f3 el futuro de la ni\u00f1ez, centr\u00e1ndose en los ni\u00f1os nacidos durante la pandemia y como ser\u00eda su situaci\u00f3n en 10 a\u00f1os m\u00e1s (2030).","og_url":"https:\/\/fadeu.urantiacos.cl\/en\/2021\/03\/15\/workshop-generation-corona-childhood-in-2030\/","og_site_name":"Facultad de Arquitectura, Dise\u00f1o y Estudios Urbanos","article_published_time":"2021-03-15T23:14:00+00:00","article_modified_time":"2023-09-08T23:18:52+00:00","og_image":[{"width":350,"height":250,"url":"https:\/\/fadeu.urantiacos.cl\/wp-content\/uploads\/2023\/09\/WebCaptura-de-pantalla-2021-03-15-a-las-17.10.12_copia.png","type":"image\/png"}],"author":"manadmin","twitter_card":"summary_large_image","twitter_misc":{"Written by":"manadmin","Est. reading time":"1 minute"},"schema":{"@context":"https:\/\/schema.org","@graph":[{"@type":"Article","@id":"https:\/\/fadeu.urantiacos.cl\/en\/2021\/03\/15\/workshop-generation-corona-childhood-in-2030\/#article","isPartOf":{"@id":"https:\/\/fadeu.urantiacos.cl\/en\/2021\/03\/15\/workshop-generation-corona-childhood-in-2030\/"},"author":{"name":"manadmin","@id":"https:\/\/fadeu.urantiacos.cl\/en\/#\/schema\/person\/d203e2e84b1c40275eac77b3061a19a2"},"headline":"Workshop Generation Corona: Childhood in 2030","datePublished":"2021-03-15T23:14:00+00:00","dateModified":"2023-09-08T23:18:52+00:00","mainEntityOfPage":{"@id":"https:\/\/fadeu.urantiacos.cl\/en\/2021\/03\/15\/workshop-generation-corona-childhood-in-2030\/"},"wordCount":239,"commentCount":0,"image":{"@id":"https:\/\/fadeu.urantiacos.cl\/en\/2021\/03\/15\/workshop-generation-corona-childhood-in-2030\/#primaryimage"},"thumbnailUrl":"https:\/\/fadeu.urantiacos.cl\/wp-content\/uploads\/2023\/09\/WebCaptura-de-pantalla-2021-03-15-a-las-17.10.12_copia.png","articleSection":["Sin categorizar"],"inLanguage":"en-US","potentialAction":[{"@type":"CommentAction","name":"Comment","target":["https:\/\/fadeu.urantiacos.cl\/en\/2021\/03\/15\/workshop-generation-corona-childhood-in-2030\/#respond"]}]},{"@type":"WebPage","@id":"https:\/\/fadeu.urantiacos.cl\/en\/2021\/03\/15\/workshop-generation-corona-childhood-in-2030\/","url":"https:\/\/fadeu.urantiacos.cl\/en\/2021\/03\/15\/workshop-generation-corona-childhood-in-2030\/","name":"Workshop Generation Corona: Childhood in 2030 - Facultad de Arquitectura, Dise\u00f1o y Estudios Urbanos","isPartOf":{"@id":"https:\/\/fadeu.urantiacos.cl\/en\/#website"},"primaryImageOfPage":{"@id":"https:\/\/fadeu.urantiacos.cl\/en\/2021\/03\/15\/workshop-generation-corona-childhood-in-2030\/#primaryimage"},"image":{"@id":"https:\/\/fadeu.urantiacos.cl\/en\/2021\/03\/15\/workshop-generation-corona-childhood-in-2030\/#primaryimage"},"thumbnailUrl":"https:\/\/fadeu.urantiacos.cl\/wp-content\/uploads\/2023\/09\/WebCaptura-de-pantalla-2021-03-15-a-las-17.10.12_copia.png","datePublished":"2021-03-15T23:14:00+00:00","dateModified":"2023-09-08T23:18:52+00:00","author":{"@id":"https:\/\/fadeu.urantiacos.cl\/en\/#\/schema\/person\/d203e2e84b1c40275eac77b3061a19a2"},"description":"Durante febrero el docente Jos\u00e9 Allard particip\u00f3 como profesor invitado del Workshops Generation Corona: childhood in 2030, organizado desde el Polit\u00e9cnico de Mil\u00e1n y cuya tem\u00e1tica abord\u00f3 el futuro de la ni\u00f1ez, centr\u00e1ndose en los ni\u00f1os nacidos durante la pandemia y como ser\u00eda su situaci\u00f3n en 10 a\u00f1os m\u00e1s (2030).","breadcrumb":{"@id":"https:\/\/fadeu.urantiacos.cl\/en\/2021\/03\/15\/workshop-generation-corona-childhood-in-2030\/#breadcrumb"},"inLanguage":"en-US","potentialAction":[{"@type":"ReadAction","target":["https:\/\/fadeu.urantiacos.cl\/en\/2021\/03\/15\/workshop-generation-corona-childhood-in-2030\/"]}]},{"@type":"ImageObject","inLanguage":"en-US","@id":"https:\/\/fadeu.urantiacos.cl\/en\/2021\/03\/15\/workshop-generation-corona-childhood-in-2030\/#primaryimage","url":"https:\/\/fadeu.urantiacos.cl\/wp-content\/uploads\/2023\/09\/WebCaptura-de-pantalla-2021-03-15-a-las-17.10.12_copia.png","contentUrl":"https:\/\/fadeu.urantiacos.cl\/wp-content\/uploads\/2023\/09\/WebCaptura-de-pantalla-2021-03-15-a-las-17.10.12_copia.png","width":350,"height":250},{"@type":"BreadcrumbList","@id":"https:\/\/fadeu.urantiacos.cl\/en\/2021\/03\/15\/workshop-generation-corona-childhood-in-2030\/#breadcrumb","itemListElement":[{"@type":"ListItem","position":1,"name":"Portada","item":"https:\/\/fadeu.urantiacos.cl\/en\/"},{"@type":"ListItem","position":2,"name":"Workshop Generation Corona: Childhood in 2030"}]},{"@type":"WebSite","@id":"https:\/\/fadeu.urantiacos.cl\/en\/#website","url":"https:\/\/fadeu.urantiacos.cl\/en\/","name":"Facultad de Arquitectura, Dise\u00f1o y Estudios Urbanos","description":"Campus Lo Contador","potentialAction":[{"@type":"SearchAction","target":{"@type":"EntryPoint","urlTemplate":"https:\/\/fadeu.urantiacos.cl\/en\/?s={search_term_string}"},"query-input":{"@type":"PropertyValueSpecification","valueRequired":true,"valueName":"search_term_string"}}],"inLanguage":"en-US"},{"@type":"Person","@id":"https:\/\/fadeu.urantiacos.cl\/en\/#\/schema\/person\/d203e2e84b1c40275eac77b3061a19a2","name":"manadmin","image":{"@type":"ImageObject","inLanguage":"en-US","@id":"https:\/\/fadeu.urantiacos.cl\/en\/#\/schema\/person\/image\/","url":"https:\/\/secure.gravatar.com\/avatar\/4b1d8e3303b4a9d8968ac578947d8bc80d9aea359f388cdd4aac15cadc0e8447?s=96&d=mm&r=g","contentUrl":"https:\/\/secure.gravatar.com\/avatar\/4b1d8e3303b4a9d8968ac578947d8bc80d9aea359f388cdd4aac15cadc0e8447?s=96&d=mm&r=g","caption":"manadmin"},"sameAs":["https:\/\/fadeu.urantiacos.cl"]}]}},"_links":{"self":[{"href":"https:\/\/fadeu.urantiacos.cl\/en\/wp-json\/wp\/v2\/posts\/7377","targetHints":{"allow":["GET"]}}],"collection":[{"href":"https:\/\/fadeu.urantiacos.cl\/en\/wp-json\/wp\/v2\/posts"}],"about":[{"href":"https:\/\/fadeu.urantiacos.cl\/en\/wp-json\/wp\/v2\/types\/post"}],"author":[{"embeddable":true,"href":"https:\/\/fadeu.urantiacos.cl\/en\/wp-json\/wp\/v2\/users\/1"}],"replies":[{"embeddable":true,"href":"https:\/\/fadeu.urantiacos.cl\/en\/wp-json\/wp\/v2\/comments?post=7377"}],"version-history":[{"count":1,"href":"https:\/\/fadeu.urantiacos.cl\/en\/wp-json\/wp\/v2\/posts\/7377\/revisions"}],"predecessor-version":[{"id":7380,"href":"https:\/\/fadeu.urantiacos.cl\/en\/wp-json\/wp\/v2\/posts\/7377\/revisions\/7380"}],"wp:featuredmedia":[{"embeddable":true,"href":"https:\/\/fadeu.urantiacos.cl\/en\/wp-json\/wp\/v2\/media\/7378"}],"wp:attachment":[{"href":"https:\/\/fadeu.urantiacos.cl\/en\/wp-json\/wp\/v2\/media?parent=7377"}],"wp:term":[{"taxonomy":"category","embeddable":true,"href":"https:\/\/fadeu.urantiacos.cl\/en\/wp-json\/wp\/v2\/categories?post=7377"},{"taxonomy":"post_tag","embeddable":true,"href":"https:\/\/fadeu.urantiacos.cl\/en\/wp-json\/wp\/v2\/tags?post=7377"}],"curies":[{"name":"wp","href":"https:\/\/api.w.org\/{rel}","templated":true}]}}