{"id":7365,"date":"2021-03-16T20:07:00","date_gmt":"2021-03-16T23:07:00","guid":{"rendered":"https:\/\/fadeu.urantiacos.cl\/?p=7365"},"modified":"2023-09-08T20:09:05","modified_gmt":"2023-09-08T23:09:05","slug":"profesor-luis-fuentes-es-reelecto-como-director-del-instituto-de-estudios-urbanos-y-territoriales-para-el-periodo-2021-2024","status":"publish","type":"post","link":"https:\/\/fadeu.urantiacos.cl\/en\/2021\/03\/16\/profesor-luis-fuentes-es-reelecto-como-director-del-instituto-de-estudios-urbanos-y-territoriales-para-el-periodo-2021-2024\/","title":{"rendered":"Profesor Luis Fuentes es reelecto como director del Instituto de Estudios Urbanos y Territoriales para el per\u00edodo 2021-2024"},"content":{"rendered":"\n<figure class=\"wp-block-image size-full\"><img decoding=\"async\" width=\"350\" height=\"250\" src=\"https:\/\/fadeu.urantiacos.cl\/wp-content\/uploads\/2023\/09\/IP_Luis_Fuentes_web.jpg\" alt=\"\" class=\"wp-image-7366\" srcset=\"https:\/\/fadeu.urantiacos.cl\/wp-content\/uploads\/2023\/09\/IP_Luis_Fuentes_web.jpg 350w, https:\/\/fadeu.urantiacos.cl\/wp-content\/uploads\/2023\/09\/IP_Luis_Fuentes_web-300x214.jpg 300w\" sizes=\"(max-width: 350px) 100vw, 350px\" \/><\/figure>\n\n\n\n<p>La elecci\u00f3n se llev\u00f3 a cabo de manera remota y culmina el proceso iniciado en enero de este a\u00f1o, con la configuraci\u00f3n y trabajo del Comit\u00e9 de B\u00fasqueda respectivo, que fue encabezado por el Decano de la Facultad de Arquitectura, Dise\u00f1o y Estudios Urbanos, Mario Ubilla. El proceso ser\u00e1 formalizado por casa central dentro de los pr\u00f3ximos d\u00edas, instancia en la que se emitir\u00e1 oficialmente el decreto de nombramiento.<\/p>\n\n\n\n<p>Fuentes, profesor asociado del IEUT, es Ge\u00f3grafo, Magister en Desarrollo Urbano, y Doctor en Arquitectura y Estudios Urbanos por la Pontificia Universidad Cat\u00f3lica. Es investigador del Centro de Desarrollo Urbano Sustentable (CEDEUS) y forma parte de distintas mesas de trabajo y apoyo a pol\u00edticas p\u00fablicas urbanas, habitacionales y territoriales en instancias como el Ministerio de Vivienda y Urbanismo, le Consejo Nacional de Desarrollo Urbano y otras.<\/p>\n\n\n\n<p>Se ha especializado en \u00e1reas del desarrollo urbano vinculadas a la competitividad y los mercados del trabajo en ciudades latinoamericanas, escribiendo art\u00edculos en revistas y libros y exponiendo los resultados de sus investigaciones en importantes eventos cient\u00edficos a nivel latinoamericano. Actualmente sus investigaciones se vinculan al mercado inmobiliario, crecimiento urbano y transformaciones socio espaciales en ciudades chilenas.<\/p>\n\n\n\n<p><strong>El Instituto<\/strong><\/p>\n\n\n\n<p>El Instituto de Estudios Urbanos y Territoriales es una unidad acad\u00e9mica perteneciente a la Facultad de Arquitectura, Dise\u00f1o y Estudios Urbanos de la Pontificia Universidad Cat\u00f3lica de Chile. Fue fundado en 1965, con el objetivo de promover la investigaci\u00f3n y docencia en materia de planificaci\u00f3n y estudios urbanos.<\/p>\n\n\n\n<p>A lo largo de los a\u00f1os, y desde un enfoque interdisciplinario, el Instituto ha ido consolidando una oferta curricular de pre y postgrado, enfocada principalmente en las problem\u00e1ticas urbanas y territoriales presentes en Chile y Latinoam\u00e9rica.<\/p>\n\n\n\n<p>En 1967 comienza a dictarse el Magister en Desarrollo Urbano y en 1987, el Mag\u00edster en Asentamientos Humanos y Medio Ambiente. En 2004, se crea el Doctorado en Arquitectura y Estudios Urbanos, programa compartido con la Escuela de Arquitectura UC.<\/p>\n\n\n\n<p>Desde 2014 se suma el t\u00edtulo profesional de Planificador Urbano, al que se ingresa v\u00eda College UC, y que se articula con el Mag\u00edster en Desarrollo Urbano para el egreso de los\/as estudiantes.<\/p>\n\n\n\n<p>Todo ello se complementa con una amplia oferta de Educaci\u00f3n Continua, que desde 1995 ha logrado ir ampliando su alcance, abarcando las principales tem\u00e1ticas urbanas del pa\u00eds, con una gama de ocho programas de Diplomado de diversa \u00edndole, con t\u00f3picos que van desde la participaci\u00f3n ciudadana y los instrumentos de planificaci\u00f3n urbana, hasta la gesti\u00f3n inmobiliaria, las pol\u00edticas de vivienda y la gesti\u00f3n del cumplimiento ambiental.<\/p>\n\n\n\n<p>Adem\u00e1s de su oferta curricular, el Instituto tiene una larga trayectoria en investigaci\u00f3n y publicaciones en sus l\u00edneas principales: Planificaci\u00f3n y Gobernanza, Procesos Urbanos y Territoriales, Sustentabilidad y Territorio).<\/p>\n\n\n\n<p>INFORMACI\u00d3N PERIODIST\u00cdSTICA<br>Juan Andr\u00e9s Inzunza<\/p>\n","protected":false},"excerpt":{"rendered":"<p>11 votos, de un total de 11 profesores y profesoras habilitadas para sufragar, ratificaron la candidatura \u00fanica del profesor Luis Fuentes y le consignan como director reelecto del Instituto de Estudios Urbanos y Territoriales (IEUT) para el per\u00edodo 2021-2024.<\/p>\n","protected":false},"author":1,"featured_media":7366,"comment_status":"open","ping_status":"open","sticky":false,"template":"","format":"standard","meta":{"_acf_changed":false,"footnotes":""},"categories":[1],"tags":[],"class_list":["post-7365","post","type-post","status-publish","format-standard","has-post-thumbnail","hentry","category-sin-categorizar"],"acf":[],"yoast_head":"<!-- This site is optimized with the Yoast SEO plugin v27.1.1 - https:\/\/yoast.com\/product\/yoast-seo-wordpress\/ -->\n<title>Profesor Luis Fuentes es reelecto como director del Instituto de Estudios Urbanos y Territoriales para el per\u00edodo 2021-2024 - Facultad de Arquitectura, Dise\u00f1o y Estudios Urbanos<\/title>\n<meta name=\"description\" content=\"11 votos, de un total de 11 profesores y profesoras habilitadas para sufragar, ratificaron la candidatura \u00fanica del profesor Luis Fuentes y le consignan como director reelecto del Instituto de Estudios Urbanos y Territoriales (IEUT) para el per\u00edodo 2021-2024.\" \/>\n<meta name=\"robots\" content=\"index, follow, max-snippet:-1, max-image-preview:large, max-video-preview:-1\" \/>\n<link rel=\"canonical\" href=\"https:\/\/fadeu.urantiacos.cl\/en\/2021\/03\/16\/profesor-luis-fuentes-es-reelecto-como-director-del-instituto-de-estudios-urbanos-y-territoriales-para-el-periodo-2021-2024\/\" \/>\n<meta property=\"og:locale\" content=\"en_US\" \/>\n<meta property=\"og:type\" content=\"article\" \/>\n<meta property=\"og:title\" content=\"Profesor Luis Fuentes es reelecto como director del Instituto de Estudios Urbanos y Territoriales para el per\u00edodo 2021-2024 - Facultad de Arquitectura, Dise\u00f1o y Estudios Urbanos\" \/>\n<meta property=\"og:description\" content=\"11 votos, de un total de 11 profesores y profesoras habilitadas para sufragar, ratificaron la candidatura \u00fanica del profesor Luis Fuentes y le consignan como director reelecto del Instituto de Estudios Urbanos y Territoriales (IEUT) para el per\u00edodo 2021-2024.\" \/>\n<meta property=\"og:url\" content=\"https:\/\/fadeu.urantiacos.cl\/en\/2021\/03\/16\/profesor-luis-fuentes-es-reelecto-como-director-del-instituto-de-estudios-urbanos-y-territoriales-para-el-periodo-2021-2024\/\" \/>\n<meta property=\"og:site_name\" content=\"Facultad de Arquitectura, Dise\u00f1o y Estudios Urbanos\" \/>\n<meta property=\"article:published_time\" content=\"2021-03-16T23:07:00+00:00\" \/>\n<meta property=\"article:modified_time\" content=\"2023-09-08T23:09:05+00:00\" \/>\n<meta property=\"og:image\" content=\"https:\/\/fadeu.urantiacos.cl\/wp-content\/uploads\/2023\/09\/IP_Luis_Fuentes_web.jpg\" \/>\n\t<meta property=\"og:image:width\" content=\"350\" \/>\n\t<meta property=\"og:image:height\" content=\"250\" \/>\n\t<meta property=\"og:image:type\" content=\"image\/jpeg\" \/>\n<meta name=\"author\" content=\"manadmin\" \/>\n<meta name=\"twitter:card\" content=\"summary_large_image\" \/>\n<meta name=\"twitter:label1\" content=\"Written by\" \/>\n\t<meta name=\"twitter:data1\" content=\"manadmin\" \/>\n\t<meta name=\"twitter:label2\" content=\"Est. reading time\" \/>\n\t<meta name=\"twitter:data2\" content=\"2 minutes\" \/>\n<script type=\"application\/ld+json\" class=\"yoast-schema-graph\">{\"@context\":\"https:\/\/schema.org\",\"@graph\":[{\"@type\":\"Article\",\"@id\":\"https:\/\/fadeu.urantiacos.cl\/en\/2021\/03\/16\/profesor-luis-fuentes-es-reelecto-como-director-del-instituto-de-estudios-urbanos-y-territoriales-para-el-periodo-2021-2024\/#article\",\"isPartOf\":{\"@id\":\"https:\/\/fadeu.urantiacos.cl\/en\/2021\/03\/16\/profesor-luis-fuentes-es-reelecto-como-director-del-instituto-de-estudios-urbanos-y-territoriales-para-el-periodo-2021-2024\/\"},\"author\":{\"name\":\"manadmin\",\"@id\":\"https:\/\/fadeu.urantiacos.cl\/en\/#\/schema\/person\/d203e2e84b1c40275eac77b3061a19a2\"},\"headline\":\"Profesor Luis Fuentes es reelecto como director del Instituto de Estudios Urbanos y Territoriales para el per\u00edodo 2021-2024\",\"datePublished\":\"2021-03-16T23:07:00+00:00\",\"dateModified\":\"2023-09-08T23:09:05+00:00\",\"mainEntityOfPage\":{\"@id\":\"https:\/\/fadeu.urantiacos.cl\/en\/2021\/03\/16\/profesor-luis-fuentes-es-reelecto-como-director-del-instituto-de-estudios-urbanos-y-territoriales-para-el-periodo-2021-2024\/\"},\"wordCount\":505,\"commentCount\":0,\"image\":{\"@id\":\"https:\/\/fadeu.urantiacos.cl\/en\/2021\/03\/16\/profesor-luis-fuentes-es-reelecto-como-director-del-instituto-de-estudios-urbanos-y-territoriales-para-el-periodo-2021-2024\/#primaryimage\"},\"thumbnailUrl\":\"https:\/\/fadeu.urantiacos.cl\/wp-content\/uploads\/2023\/09\/IP_Luis_Fuentes_web.jpg\",\"articleSection\":[\"Sin categorizar\"],\"inLanguage\":\"en-US\",\"potentialAction\":[{\"@type\":\"CommentAction\",\"name\":\"Comment\",\"target\":[\"https:\/\/fadeu.urantiacos.cl\/en\/2021\/03\/16\/profesor-luis-fuentes-es-reelecto-como-director-del-instituto-de-estudios-urbanos-y-territoriales-para-el-periodo-2021-2024\/#respond\"]}]},{\"@type\":\"WebPage\",\"@id\":\"https:\/\/fadeu.urantiacos.cl\/en\/2021\/03\/16\/profesor-luis-fuentes-es-reelecto-como-director-del-instituto-de-estudios-urbanos-y-territoriales-para-el-periodo-2021-2024\/\",\"url\":\"https:\/\/fadeu.urantiacos.cl\/en\/2021\/03\/16\/profesor-luis-fuentes-es-reelecto-como-director-del-instituto-de-estudios-urbanos-y-territoriales-para-el-periodo-2021-2024\/\",\"name\":\"Profesor Luis Fuentes es reelecto como director del Instituto de Estudios Urbanos y Territoriales para el per\u00edodo 2021-2024 - Facultad de Arquitectura, Dise\u00f1o y Estudios Urbanos\",\"isPartOf\":{\"@id\":\"https:\/\/fadeu.urantiacos.cl\/en\/#website\"},\"primaryImageOfPage\":{\"@id\":\"https:\/\/fadeu.urantiacos.cl\/en\/2021\/03\/16\/profesor-luis-fuentes-es-reelecto-como-director-del-instituto-de-estudios-urbanos-y-territoriales-para-el-periodo-2021-2024\/#primaryimage\"},\"image\":{\"@id\":\"https:\/\/fadeu.urantiacos.cl\/en\/2021\/03\/16\/profesor-luis-fuentes-es-reelecto-como-director-del-instituto-de-estudios-urbanos-y-territoriales-para-el-periodo-2021-2024\/#primaryimage\"},\"thumbnailUrl\":\"https:\/\/fadeu.urantiacos.cl\/wp-content\/uploads\/2023\/09\/IP_Luis_Fuentes_web.jpg\",\"datePublished\":\"2021-03-16T23:07:00+00:00\",\"dateModified\":\"2023-09-08T23:09:05+00:00\",\"author\":{\"@id\":\"https:\/\/fadeu.urantiacos.cl\/en\/#\/schema\/person\/d203e2e84b1c40275eac77b3061a19a2\"},\"description\":\"11 votos, de un total de 11 profesores y profesoras habilitadas para sufragar, ratificaron la candidatura \u00fanica del profesor Luis Fuentes y le consignan como director reelecto del Instituto de Estudios Urbanos y Territoriales (IEUT) para el per\u00edodo 2021-2024.\",\"breadcrumb\":{\"@id\":\"https:\/\/fadeu.urantiacos.cl\/en\/2021\/03\/16\/profesor-luis-fuentes-es-reelecto-como-director-del-instituto-de-estudios-urbanos-y-territoriales-para-el-periodo-2021-2024\/#breadcrumb\"},\"inLanguage\":\"en-US\",\"potentialAction\":[{\"@type\":\"ReadAction\",\"target\":[\"https:\/\/fadeu.urantiacos.cl\/en\/2021\/03\/16\/profesor-luis-fuentes-es-reelecto-como-director-del-instituto-de-estudios-urbanos-y-territoriales-para-el-periodo-2021-2024\/\"]}]},{\"@type\":\"ImageObject\",\"inLanguage\":\"en-US\",\"@id\":\"https:\/\/fadeu.urantiacos.cl\/en\/2021\/03\/16\/profesor-luis-fuentes-es-reelecto-como-director-del-instituto-de-estudios-urbanos-y-territoriales-para-el-periodo-2021-2024\/#primaryimage\",\"url\":\"https:\/\/fadeu.urantiacos.cl\/wp-content\/uploads\/2023\/09\/IP_Luis_Fuentes_web.jpg\",\"contentUrl\":\"https:\/\/fadeu.urantiacos.cl\/wp-content\/uploads\/2023\/09\/IP_Luis_Fuentes_web.jpg\",\"width\":350,\"height\":250},{\"@type\":\"BreadcrumbList\",\"@id\":\"https:\/\/fadeu.urantiacos.cl\/en\/2021\/03\/16\/profesor-luis-fuentes-es-reelecto-como-director-del-instituto-de-estudios-urbanos-y-territoriales-para-el-periodo-2021-2024\/#breadcrumb\",\"itemListElement\":[{\"@type\":\"ListItem\",\"position\":1,\"name\":\"Portada\",\"item\":\"https:\/\/fadeu.urantiacos.cl\/en\/\"},{\"@type\":\"ListItem\",\"position\":2,\"name\":\"Profesor Luis Fuentes es reelecto como director del Instituto de Estudios Urbanos y Territoriales para el per\u00edodo 2021-2024\"}]},{\"@type\":\"WebSite\",\"@id\":\"https:\/\/fadeu.urantiacos.cl\/en\/#website\",\"url\":\"https:\/\/fadeu.urantiacos.cl\/en\/\",\"name\":\"Facultad de Arquitectura, Dise\u00f1o y Estudios Urbanos\",\"description\":\"Campus Lo Contador\",\"potentialAction\":[{\"@type\":\"SearchAction\",\"target\":{\"@type\":\"EntryPoint\",\"urlTemplate\":\"https:\/\/fadeu.urantiacos.cl\/en\/?s={search_term_string}\"},\"query-input\":{\"@type\":\"PropertyValueSpecification\",\"valueRequired\":true,\"valueName\":\"search_term_string\"}}],\"inLanguage\":\"en-US\"},{\"@type\":\"Person\",\"@id\":\"https:\/\/fadeu.urantiacos.cl\/en\/#\/schema\/person\/d203e2e84b1c40275eac77b3061a19a2\",\"name\":\"manadmin\",\"image\":{\"@type\":\"ImageObject\",\"inLanguage\":\"en-US\",\"@id\":\"https:\/\/fadeu.urantiacos.cl\/en\/#\/schema\/person\/image\/\",\"url\":\"https:\/\/secure.gravatar.com\/avatar\/4b1d8e3303b4a9d8968ac578947d8bc80d9aea359f388cdd4aac15cadc0e8447?s=96&d=mm&r=g\",\"contentUrl\":\"https:\/\/secure.gravatar.com\/avatar\/4b1d8e3303b4a9d8968ac578947d8bc80d9aea359f388cdd4aac15cadc0e8447?s=96&d=mm&r=g\",\"caption\":\"manadmin\"},\"sameAs\":[\"https:\/\/fadeu.urantiacos.cl\"]}]}<\/script>\n<!-- \/ Yoast SEO plugin. -->","yoast_head_json":{"title":"Profesor Luis Fuentes es reelecto como director del Instituto de Estudios Urbanos y Territoriales para el per\u00edodo 2021-2024 - Facultad de Arquitectura, Dise\u00f1o y Estudios Urbanos","description":"11 votos, de un total de 11 profesores y profesoras habilitadas para sufragar, ratificaron la candidatura \u00fanica del profesor Luis Fuentes y le consignan como director reelecto del Instituto de Estudios Urbanos y Territoriales (IEUT) para el per\u00edodo 2021-2024.","robots":{"index":"index","follow":"follow","max-snippet":"max-snippet:-1","max-image-preview":"max-image-preview:large","max-video-preview":"max-video-preview:-1"},"canonical":"https:\/\/fadeu.urantiacos.cl\/en\/2021\/03\/16\/profesor-luis-fuentes-es-reelecto-como-director-del-instituto-de-estudios-urbanos-y-territoriales-para-el-periodo-2021-2024\/","og_locale":"en_US","og_type":"article","og_title":"Profesor Luis Fuentes es reelecto como director del Instituto de Estudios Urbanos y Territoriales para el per\u00edodo 2021-2024 - Facultad de Arquitectura, Dise\u00f1o y Estudios Urbanos","og_description":"11 votos, de un total de 11 profesores y profesoras habilitadas para sufragar, ratificaron la candidatura \u00fanica del profesor Luis Fuentes y le consignan como director reelecto del Instituto de Estudios Urbanos y Territoriales (IEUT) para el per\u00edodo 2021-2024.","og_url":"https:\/\/fadeu.urantiacos.cl\/en\/2021\/03\/16\/profesor-luis-fuentes-es-reelecto-como-director-del-instituto-de-estudios-urbanos-y-territoriales-para-el-periodo-2021-2024\/","og_site_name":"Facultad de Arquitectura, Dise\u00f1o y Estudios Urbanos","article_published_time":"2021-03-16T23:07:00+00:00","article_modified_time":"2023-09-08T23:09:05+00:00","og_image":[{"width":350,"height":250,"url":"https:\/\/fadeu.urantiacos.cl\/wp-content\/uploads\/2023\/09\/IP_Luis_Fuentes_web.jpg","type":"image\/jpeg"}],"author":"manadmin","twitter_card":"summary_large_image","twitter_misc":{"Written by":"manadmin","Est. reading time":"2 minutes"},"schema":{"@context":"https:\/\/schema.org","@graph":[{"@type":"Article","@id":"https:\/\/fadeu.urantiacos.cl\/en\/2021\/03\/16\/profesor-luis-fuentes-es-reelecto-como-director-del-instituto-de-estudios-urbanos-y-territoriales-para-el-periodo-2021-2024\/#article","isPartOf":{"@id":"https:\/\/fadeu.urantiacos.cl\/en\/2021\/03\/16\/profesor-luis-fuentes-es-reelecto-como-director-del-instituto-de-estudios-urbanos-y-territoriales-para-el-periodo-2021-2024\/"},"author":{"name":"manadmin","@id":"https:\/\/fadeu.urantiacos.cl\/en\/#\/schema\/person\/d203e2e84b1c40275eac77b3061a19a2"},"headline":"Profesor Luis Fuentes es reelecto como director del Instituto de Estudios Urbanos y Territoriales para el per\u00edodo 2021-2024","datePublished":"2021-03-16T23:07:00+00:00","dateModified":"2023-09-08T23:09:05+00:00","mainEntityOfPage":{"@id":"https:\/\/fadeu.urantiacos.cl\/en\/2021\/03\/16\/profesor-luis-fuentes-es-reelecto-como-director-del-instituto-de-estudios-urbanos-y-territoriales-para-el-periodo-2021-2024\/"},"wordCount":505,"commentCount":0,"image":{"@id":"https:\/\/fadeu.urantiacos.cl\/en\/2021\/03\/16\/profesor-luis-fuentes-es-reelecto-como-director-del-instituto-de-estudios-urbanos-y-territoriales-para-el-periodo-2021-2024\/#primaryimage"},"thumbnailUrl":"https:\/\/fadeu.urantiacos.cl\/wp-content\/uploads\/2023\/09\/IP_Luis_Fuentes_web.jpg","articleSection":["Sin categorizar"],"inLanguage":"en-US","potentialAction":[{"@type":"CommentAction","name":"Comment","target":["https:\/\/fadeu.urantiacos.cl\/en\/2021\/03\/16\/profesor-luis-fuentes-es-reelecto-como-director-del-instituto-de-estudios-urbanos-y-territoriales-para-el-periodo-2021-2024\/#respond"]}]},{"@type":"WebPage","@id":"https:\/\/fadeu.urantiacos.cl\/en\/2021\/03\/16\/profesor-luis-fuentes-es-reelecto-como-director-del-instituto-de-estudios-urbanos-y-territoriales-para-el-periodo-2021-2024\/","url":"https:\/\/fadeu.urantiacos.cl\/en\/2021\/03\/16\/profesor-luis-fuentes-es-reelecto-como-director-del-instituto-de-estudios-urbanos-y-territoriales-para-el-periodo-2021-2024\/","name":"Profesor Luis Fuentes es reelecto como director del Instituto de Estudios Urbanos y Territoriales para el per\u00edodo 2021-2024 - Facultad de Arquitectura, Dise\u00f1o y Estudios Urbanos","isPartOf":{"@id":"https:\/\/fadeu.urantiacos.cl\/en\/#website"},"primaryImageOfPage":{"@id":"https:\/\/fadeu.urantiacos.cl\/en\/2021\/03\/16\/profesor-luis-fuentes-es-reelecto-como-director-del-instituto-de-estudios-urbanos-y-territoriales-para-el-periodo-2021-2024\/#primaryimage"},"image":{"@id":"https:\/\/fadeu.urantiacos.cl\/en\/2021\/03\/16\/profesor-luis-fuentes-es-reelecto-como-director-del-instituto-de-estudios-urbanos-y-territoriales-para-el-periodo-2021-2024\/#primaryimage"},"thumbnailUrl":"https:\/\/fadeu.urantiacos.cl\/wp-content\/uploads\/2023\/09\/IP_Luis_Fuentes_web.jpg","datePublished":"2021-03-16T23:07:00+00:00","dateModified":"2023-09-08T23:09:05+00:00","author":{"@id":"https:\/\/fadeu.urantiacos.cl\/en\/#\/schema\/person\/d203e2e84b1c40275eac77b3061a19a2"},"description":"11 votos, de un total de 11 profesores y profesoras habilitadas para sufragar, ratificaron la candidatura \u00fanica del profesor Luis Fuentes y le consignan como director reelecto del Instituto de Estudios Urbanos y Territoriales (IEUT) para el per\u00edodo 2021-2024.","breadcrumb":{"@id":"https:\/\/fadeu.urantiacos.cl\/en\/2021\/03\/16\/profesor-luis-fuentes-es-reelecto-como-director-del-instituto-de-estudios-urbanos-y-territoriales-para-el-periodo-2021-2024\/#breadcrumb"},"inLanguage":"en-US","potentialAction":[{"@type":"ReadAction","target":["https:\/\/fadeu.urantiacos.cl\/en\/2021\/03\/16\/profesor-luis-fuentes-es-reelecto-como-director-del-instituto-de-estudios-urbanos-y-territoriales-para-el-periodo-2021-2024\/"]}]},{"@type":"ImageObject","inLanguage":"en-US","@id":"https:\/\/fadeu.urantiacos.cl\/en\/2021\/03\/16\/profesor-luis-fuentes-es-reelecto-como-director-del-instituto-de-estudios-urbanos-y-territoriales-para-el-periodo-2021-2024\/#primaryimage","url":"https:\/\/fadeu.urantiacos.cl\/wp-content\/uploads\/2023\/09\/IP_Luis_Fuentes_web.jpg","contentUrl":"https:\/\/fadeu.urantiacos.cl\/wp-content\/uploads\/2023\/09\/IP_Luis_Fuentes_web.jpg","width":350,"height":250},{"@type":"BreadcrumbList","@id":"https:\/\/fadeu.urantiacos.cl\/en\/2021\/03\/16\/profesor-luis-fuentes-es-reelecto-como-director-del-instituto-de-estudios-urbanos-y-territoriales-para-el-periodo-2021-2024\/#breadcrumb","itemListElement":[{"@type":"ListItem","position":1,"name":"Portada","item":"https:\/\/fadeu.urantiacos.cl\/en\/"},{"@type":"ListItem","position":2,"name":"Profesor Luis Fuentes es reelecto como director del Instituto de Estudios Urbanos y Territoriales para el per\u00edodo 2021-2024"}]},{"@type":"WebSite","@id":"https:\/\/fadeu.urantiacos.cl\/en\/#website","url":"https:\/\/fadeu.urantiacos.cl\/en\/","name":"Facultad de Arquitectura, Dise\u00f1o y Estudios Urbanos","description":"Campus Lo Contador","potentialAction":[{"@type":"SearchAction","target":{"@type":"EntryPoint","urlTemplate":"https:\/\/fadeu.urantiacos.cl\/en\/?s={search_term_string}"},"query-input":{"@type":"PropertyValueSpecification","valueRequired":true,"valueName":"search_term_string"}}],"inLanguage":"en-US"},{"@type":"Person","@id":"https:\/\/fadeu.urantiacos.cl\/en\/#\/schema\/person\/d203e2e84b1c40275eac77b3061a19a2","name":"manadmin","image":{"@type":"ImageObject","inLanguage":"en-US","@id":"https:\/\/fadeu.urantiacos.cl\/en\/#\/schema\/person\/image\/","url":"https:\/\/secure.gravatar.com\/avatar\/4b1d8e3303b4a9d8968ac578947d8bc80d9aea359f388cdd4aac15cadc0e8447?s=96&d=mm&r=g","contentUrl":"https:\/\/secure.gravatar.com\/avatar\/4b1d8e3303b4a9d8968ac578947d8bc80d9aea359f388cdd4aac15cadc0e8447?s=96&d=mm&r=g","caption":"manadmin"},"sameAs":["https:\/\/fadeu.urantiacos.cl"]}]}},"_links":{"self":[{"href":"https:\/\/fadeu.urantiacos.cl\/en\/wp-json\/wp\/v2\/posts\/7365","targetHints":{"allow":["GET"]}}],"collection":[{"href":"https:\/\/fadeu.urantiacos.cl\/en\/wp-json\/wp\/v2\/posts"}],"about":[{"href":"https:\/\/fadeu.urantiacos.cl\/en\/wp-json\/wp\/v2\/types\/post"}],"author":[{"embeddable":true,"href":"https:\/\/fadeu.urantiacos.cl\/en\/wp-json\/wp\/v2\/users\/1"}],"replies":[{"embeddable":true,"href":"https:\/\/fadeu.urantiacos.cl\/en\/wp-json\/wp\/v2\/comments?post=7365"}],"version-history":[{"count":1,"href":"https:\/\/fadeu.urantiacos.cl\/en\/wp-json\/wp\/v2\/posts\/7365\/revisions"}],"predecessor-version":[{"id":7367,"href":"https:\/\/fadeu.urantiacos.cl\/en\/wp-json\/wp\/v2\/posts\/7365\/revisions\/7367"}],"wp:featuredmedia":[{"embeddable":true,"href":"https:\/\/fadeu.urantiacos.cl\/en\/wp-json\/wp\/v2\/media\/7366"}],"wp:attachment":[{"href":"https:\/\/fadeu.urantiacos.cl\/en\/wp-json\/wp\/v2\/media?parent=7365"}],"wp:term":[{"taxonomy":"category","embeddable":true,"href":"https:\/\/fadeu.urantiacos.cl\/en\/wp-json\/wp\/v2\/categories?post=7365"},{"taxonomy":"post_tag","embeddable":true,"href":"https:\/\/fadeu.urantiacos.cl\/en\/wp-json\/wp\/v2\/tags?post=7365"}],"curies":[{"name":"wp","href":"https:\/\/api.w.org\/{rel}","templated":true}]}}