{"id":7359,"date":"2021-03-17T20:00:00","date_gmt":"2021-03-17T23:00:00","guid":{"rendered":"https:\/\/fadeu.urantiacos.cl\/?p=7359"},"modified":"2023-09-08T20:04:22","modified_gmt":"2023-09-08T23:04:22","slug":"se-ingreso-la-documentacion-para-solicitar-ante-la-cna-su-reacreditacion-en-marzo-del-2021","status":"publish","type":"post","link":"https:\/\/fadeu.urantiacos.cl\/en\/2021\/03\/17\/se-ingreso-la-documentacion-para-solicitar-ante-la-cna-su-reacreditacion-en-marzo-del-2021\/","title":{"rendered":"Se ingres\u00f3 la documentaci\u00f3n para solicitar ante la CNA su reacreditaci\u00f3n en marzo del 2021"},"content":{"rendered":"\n<figure class=\"wp-block-image size-full\"><img decoding=\"async\" width=\"350\" height=\"250\" src=\"https:\/\/fadeu.urantiacos.cl\/wp-content\/uploads\/2023\/09\/CASA_DOCTORADO2021.jpg\" alt=\"\" class=\"wp-image-7360\" srcset=\"https:\/\/fadeu.urantiacos.cl\/wp-content\/uploads\/2023\/09\/CASA_DOCTORADO2021.jpg 350w, https:\/\/fadeu.urantiacos.cl\/wp-content\/uploads\/2023\/09\/CASA_DOCTORADO2021-300x214.jpg 300w\" sizes=\"(max-width: 350px) 100vw, 350px\" \/><\/figure>\n\n\n\n<p>Seg\u00fan inform\u00f3 el profesor Rosas, se ingresaron formalmente los siguientes documentos:&nbsp;<\/p>\n\n\n\n<ul class=\"wp-block-list\">\n<li>Ficha de Incorporaci\u00f3n<\/li>\n\n\n\n<li>Formulario de Antecedentes<\/li>\n\n\n\n<li>Informe de auto-evaluaci\u00f3n<\/li>\n\n\n\n<li>Anexos solicitados (9) y<\/li>\n\n\n\n<li>Anexos adicionales (15)<\/li>\n<\/ul>\n\n\n\n<p>El Decano Mario Ubilla destac\u00f3 la gesti\u00f3n y agradeci\u00f3 la labor del equipo del Doctorado, relevando el cumplimiento de las metas a\u00fan en \u00e9pocas dif\u00edciles como las que supone la pandemia por COVID-19. \u201cEs destacable el trabajo, la entrega y el profesionalismo de los equipos que dan vida a la gesti\u00f3n del Doctorado que dirige el profesor Jos\u00e9 Rosas, ya que a\u00fan con todos los inconvenientes que supone la crisis sanitaria, como el cierre de oficinas, la disminuci\u00f3n de los aforos que impiden las reuniones de gesti\u00f3n y otras cuestiones\u201d.&nbsp;<\/p>\n\n\n\n<p>\u201cEs necesario que como comunidad y como Facultad en su conjunto reconozcamos la labor del Doctorado, por estar siempre a la par de sus procesos de acreditaci\u00f3n, buscando la excelencia acad\u00e9mica, la formaci\u00f3n de investigadores de primer nivel y promoviendo la discusi\u00f3n a nivel global sobre las tem\u00e1ticas que convocan a los profesionales, acad\u00e9micos e investigadores de la arquitectura, el dise\u00f1o, la planificaci\u00f3n y los estudios urbanos\u201d, dijo.<br>&nbsp;<\/p>\n\n\n\n<p><strong>Programa<\/strong><\/p>\n\n\n\n<p>El Programa de Doctorado en Arquitectura y Estudios Urbanos se inserta dentro de la Facultad de Arquitectura y Estudios Urbanos. La ciudad y el territorio, en sus diversos aspectos y escalas, constituyen la preocupaci\u00f3n central de la facultad. En esta realidad se centran sus esfuerzos de ense\u00f1anza y de investigaci\u00f3n, cubriendo campos como el del proyecto de arquitectura y de dise\u00f1o urbano, la planificaci\u00f3n urbana y la ordenaci\u00f3n territorial. Ella incluye un esfuerzo continuo de reflexi\u00f3n sobre estas realidades: detectar problemas y aportar soluciones como lo hacen los estudios urbanos y la teor\u00eda e historia de la arquitectura, es parte integral de su misi\u00f3n.<\/p>\n\n\n\n<p>Creado el a\u00f1o 2004, el Doctorado en Arquitectura y Estudios Urbanos fue una respuesta concreta de la universidad a los desaf\u00edos anteriormente descritos. Apoy\u00e1ndose en una experiencia y una tradici\u00f3n acad\u00e9mica s\u00f3lidamente establecidas, fue posible crear un programa, capaz de dar una respuesta efectiva a la necesidad de formaci\u00f3n de capital humano avanzado en el \u00e1rea.<\/p>\n\n\n\n<p>El programa se propone formar recursos humanos capacitados para investigar, realizar docencia universitaria cualificada y renovar el ejercicio profesional vinculado a estos problemas. Disponer de postgraduados de alto nivel con experiencia en \u00e1reas tan significativas como las del desarrollo urbano y territorial; segregaci\u00f3n e integraci\u00f3n urbana, patrimonio arquitect\u00f3nico y urbano, manejo y protecci\u00f3n del paisaje, entre otras, redundar\u00e1 en un aumento de la investigaci\u00f3n de estas materias, una elevaci\u00f3n del nivel de docencia universitaria, e incluso un ejercicio profesional innovador, tanto en el \u00e1rea p\u00fablica como en la privada.<\/p>\n\n\n\n<p>Si quieres conocer m\u00e1s, puedes revisar el siguiente link:&nbsp;<a href=\"http:\/\/doctoradofadeu.urantiacos.cl\/index.php\">http:\/\/doctoradofadeu.urantiacos.cl\/index.php<\/a><a href=\"http:\/\/doctoradofadeu.urantiacos.cl\/index.php\"><\/a><\/p>\n\n\n\n<p>INFORMACI\u00d3N PERIOD\u00cdSTICA<br>JUAN ANDR\u00c9S INZUNZA<\/p>\n","protected":false},"excerpt":{"rendered":"<p>Con fecha 12 de marzo de 2021, el equipo acad\u00e9mico y de gesti\u00f3n del Doctorado en Arquitectura y Estudios Urbanos UC, liderado por el profesor Jos\u00e9 Rosas, se ingres\u00f3 oficialmente toda la documentaci\u00f3n requerida por la Comisi\u00f3n Nacional de Acreditaci\u00f3n (CNA), para iniciar formalmente el proceso de acreditaci\u00f3n 2021.<\/p>\n","protected":false},"author":1,"featured_media":7360,"comment_status":"open","ping_status":"open","sticky":false,"template":"","format":"standard","meta":{"_acf_changed":false,"footnotes":""},"categories":[1],"tags":[],"class_list":["post-7359","post","type-post","status-publish","format-standard","has-post-thumbnail","hentry","category-sin-categorizar"],"acf":[],"yoast_head":"<!-- This site is optimized with the Yoast SEO plugin v27.1.1 - https:\/\/yoast.com\/product\/yoast-seo-wordpress\/ -->\n<title>Se ingres\u00f3 la documentaci\u00f3n para solicitar ante la CNA su reacreditaci\u00f3n en marzo del 2021 - Facultad de Arquitectura, Dise\u00f1o y Estudios Urbanos<\/title>\n<meta name=\"description\" content=\"Con fecha 12 de marzo de 2021, el equipo acad\u00e9mico y de gesti\u00f3n del Doctorado en Arquitectura y Estudios Urbanos UC, liderado por el profesor Jos\u00e9 Rosas, se ingres\u00f3 oficialmente toda la documentaci\u00f3n requerida por la Comisi\u00f3n Nacional de Acreditaci\u00f3n (CNA), para iniciar formalmente el proceso de acreditaci\u00f3n 2021.\" \/>\n<meta name=\"robots\" content=\"index, follow, max-snippet:-1, max-image-preview:large, max-video-preview:-1\" \/>\n<link rel=\"canonical\" href=\"https:\/\/fadeu.urantiacos.cl\/en\/2021\/03\/17\/se-ingreso-la-documentacion-para-solicitar-ante-la-cna-su-reacreditacion-en-marzo-del-2021\/\" \/>\n<meta property=\"og:locale\" content=\"en_US\" \/>\n<meta property=\"og:type\" content=\"article\" \/>\n<meta property=\"og:title\" content=\"Se ingres\u00f3 la documentaci\u00f3n para solicitar ante la CNA su reacreditaci\u00f3n en marzo del 2021 - Facultad de Arquitectura, Dise\u00f1o y Estudios Urbanos\" \/>\n<meta property=\"og:description\" content=\"Con fecha 12 de marzo de 2021, el equipo acad\u00e9mico y de gesti\u00f3n del Doctorado en Arquitectura y Estudios Urbanos UC, liderado por el profesor Jos\u00e9 Rosas, se ingres\u00f3 oficialmente toda la documentaci\u00f3n requerida por la Comisi\u00f3n Nacional de Acreditaci\u00f3n (CNA), para iniciar formalmente el proceso de acreditaci\u00f3n 2021.\" \/>\n<meta property=\"og:url\" content=\"https:\/\/fadeu.urantiacos.cl\/en\/2021\/03\/17\/se-ingreso-la-documentacion-para-solicitar-ante-la-cna-su-reacreditacion-en-marzo-del-2021\/\" \/>\n<meta property=\"og:site_name\" content=\"Facultad de Arquitectura, Dise\u00f1o y Estudios Urbanos\" \/>\n<meta property=\"article:published_time\" content=\"2021-03-17T23:00:00+00:00\" \/>\n<meta property=\"article:modified_time\" content=\"2023-09-08T23:04:22+00:00\" \/>\n<meta property=\"og:image\" content=\"https:\/\/fadeu.urantiacos.cl\/wp-content\/uploads\/2023\/09\/CASA_DOCTORADO2021.jpg\" \/>\n\t<meta property=\"og:image:width\" content=\"350\" \/>\n\t<meta property=\"og:image:height\" content=\"250\" \/>\n\t<meta property=\"og:image:type\" content=\"image\/jpeg\" \/>\n<meta name=\"author\" content=\"manadmin\" \/>\n<meta name=\"twitter:card\" content=\"summary_large_image\" \/>\n<meta name=\"twitter:label1\" content=\"Written by\" \/>\n\t<meta name=\"twitter:data1\" content=\"manadmin\" \/>\n\t<meta name=\"twitter:label2\" content=\"Est. reading time\" \/>\n\t<meta name=\"twitter:data2\" content=\"3 minutes\" \/>\n<script type=\"application\/ld+json\" class=\"yoast-schema-graph\">{\"@context\":\"https:\/\/schema.org\",\"@graph\":[{\"@type\":\"Article\",\"@id\":\"https:\/\/fadeu.urantiacos.cl\/en\/2021\/03\/17\/se-ingreso-la-documentacion-para-solicitar-ante-la-cna-su-reacreditacion-en-marzo-del-2021\/#article\",\"isPartOf\":{\"@id\":\"https:\/\/fadeu.urantiacos.cl\/en\/2021\/03\/17\/se-ingreso-la-documentacion-para-solicitar-ante-la-cna-su-reacreditacion-en-marzo-del-2021\/\"},\"author\":{\"name\":\"manadmin\",\"@id\":\"https:\/\/fadeu.urantiacos.cl\/en\/#\/schema\/person\/d203e2e84b1c40275eac77b3061a19a2\"},\"headline\":\"Se ingres\u00f3 la documentaci\u00f3n para solicitar ante la CNA su reacreditaci\u00f3n en marzo del 2021\",\"datePublished\":\"2021-03-17T23:00:00+00:00\",\"dateModified\":\"2023-09-08T23:04:22+00:00\",\"mainEntityOfPage\":{\"@id\":\"https:\/\/fadeu.urantiacos.cl\/en\/2021\/03\/17\/se-ingreso-la-documentacion-para-solicitar-ante-la-cna-su-reacreditacion-en-marzo-del-2021\/\"},\"wordCount\":516,\"commentCount\":0,\"image\":{\"@id\":\"https:\/\/fadeu.urantiacos.cl\/en\/2021\/03\/17\/se-ingreso-la-documentacion-para-solicitar-ante-la-cna-su-reacreditacion-en-marzo-del-2021\/#primaryimage\"},\"thumbnailUrl\":\"https:\/\/fadeu.urantiacos.cl\/wp-content\/uploads\/2023\/09\/CASA_DOCTORADO2021.jpg\",\"articleSection\":[\"Sin categorizar\"],\"inLanguage\":\"en-US\",\"potentialAction\":[{\"@type\":\"CommentAction\",\"name\":\"Comment\",\"target\":[\"https:\/\/fadeu.urantiacos.cl\/en\/2021\/03\/17\/se-ingreso-la-documentacion-para-solicitar-ante-la-cna-su-reacreditacion-en-marzo-del-2021\/#respond\"]}]},{\"@type\":\"WebPage\",\"@id\":\"https:\/\/fadeu.urantiacos.cl\/en\/2021\/03\/17\/se-ingreso-la-documentacion-para-solicitar-ante-la-cna-su-reacreditacion-en-marzo-del-2021\/\",\"url\":\"https:\/\/fadeu.urantiacos.cl\/en\/2021\/03\/17\/se-ingreso-la-documentacion-para-solicitar-ante-la-cna-su-reacreditacion-en-marzo-del-2021\/\",\"name\":\"Se ingres\u00f3 la documentaci\u00f3n para solicitar ante la CNA su reacreditaci\u00f3n en marzo del 2021 - Facultad de Arquitectura, Dise\u00f1o y Estudios Urbanos\",\"isPartOf\":{\"@id\":\"https:\/\/fadeu.urantiacos.cl\/en\/#website\"},\"primaryImageOfPage\":{\"@id\":\"https:\/\/fadeu.urantiacos.cl\/en\/2021\/03\/17\/se-ingreso-la-documentacion-para-solicitar-ante-la-cna-su-reacreditacion-en-marzo-del-2021\/#primaryimage\"},\"image\":{\"@id\":\"https:\/\/fadeu.urantiacos.cl\/en\/2021\/03\/17\/se-ingreso-la-documentacion-para-solicitar-ante-la-cna-su-reacreditacion-en-marzo-del-2021\/#primaryimage\"},\"thumbnailUrl\":\"https:\/\/fadeu.urantiacos.cl\/wp-content\/uploads\/2023\/09\/CASA_DOCTORADO2021.jpg\",\"datePublished\":\"2021-03-17T23:00:00+00:00\",\"dateModified\":\"2023-09-08T23:04:22+00:00\",\"author\":{\"@id\":\"https:\/\/fadeu.urantiacos.cl\/en\/#\/schema\/person\/d203e2e84b1c40275eac77b3061a19a2\"},\"description\":\"Con fecha 12 de marzo de 2021, el equipo acad\u00e9mico y de gesti\u00f3n del Doctorado en Arquitectura y Estudios Urbanos UC, liderado por el profesor Jos\u00e9 Rosas, se ingres\u00f3 oficialmente toda la documentaci\u00f3n requerida por la Comisi\u00f3n Nacional de Acreditaci\u00f3n (CNA), para iniciar formalmente el proceso de acreditaci\u00f3n 2021.\",\"breadcrumb\":{\"@id\":\"https:\/\/fadeu.urantiacos.cl\/en\/2021\/03\/17\/se-ingreso-la-documentacion-para-solicitar-ante-la-cna-su-reacreditacion-en-marzo-del-2021\/#breadcrumb\"},\"inLanguage\":\"en-US\",\"potentialAction\":[{\"@type\":\"ReadAction\",\"target\":[\"https:\/\/fadeu.urantiacos.cl\/en\/2021\/03\/17\/se-ingreso-la-documentacion-para-solicitar-ante-la-cna-su-reacreditacion-en-marzo-del-2021\/\"]}]},{\"@type\":\"ImageObject\",\"inLanguage\":\"en-US\",\"@id\":\"https:\/\/fadeu.urantiacos.cl\/en\/2021\/03\/17\/se-ingreso-la-documentacion-para-solicitar-ante-la-cna-su-reacreditacion-en-marzo-del-2021\/#primaryimage\",\"url\":\"https:\/\/fadeu.urantiacos.cl\/wp-content\/uploads\/2023\/09\/CASA_DOCTORADO2021.jpg\",\"contentUrl\":\"https:\/\/fadeu.urantiacos.cl\/wp-content\/uploads\/2023\/09\/CASA_DOCTORADO2021.jpg\",\"width\":350,\"height\":250},{\"@type\":\"BreadcrumbList\",\"@id\":\"https:\/\/fadeu.urantiacos.cl\/en\/2021\/03\/17\/se-ingreso-la-documentacion-para-solicitar-ante-la-cna-su-reacreditacion-en-marzo-del-2021\/#breadcrumb\",\"itemListElement\":[{\"@type\":\"ListItem\",\"position\":1,\"name\":\"Portada\",\"item\":\"https:\/\/fadeu.urantiacos.cl\/en\/\"},{\"@type\":\"ListItem\",\"position\":2,\"name\":\"Se ingres\u00f3 la documentaci\u00f3n para solicitar ante la CNA su reacreditaci\u00f3n en marzo del 2021\"}]},{\"@type\":\"WebSite\",\"@id\":\"https:\/\/fadeu.urantiacos.cl\/en\/#website\",\"url\":\"https:\/\/fadeu.urantiacos.cl\/en\/\",\"name\":\"Facultad de Arquitectura, Dise\u00f1o y Estudios Urbanos\",\"description\":\"Campus Lo Contador\",\"potentialAction\":[{\"@type\":\"SearchAction\",\"target\":{\"@type\":\"EntryPoint\",\"urlTemplate\":\"https:\/\/fadeu.urantiacos.cl\/en\/?s={search_term_string}\"},\"query-input\":{\"@type\":\"PropertyValueSpecification\",\"valueRequired\":true,\"valueName\":\"search_term_string\"}}],\"inLanguage\":\"en-US\"},{\"@type\":\"Person\",\"@id\":\"https:\/\/fadeu.urantiacos.cl\/en\/#\/schema\/person\/d203e2e84b1c40275eac77b3061a19a2\",\"name\":\"manadmin\",\"image\":{\"@type\":\"ImageObject\",\"inLanguage\":\"en-US\",\"@id\":\"https:\/\/fadeu.urantiacos.cl\/en\/#\/schema\/person\/image\/\",\"url\":\"https:\/\/secure.gravatar.com\/avatar\/4b1d8e3303b4a9d8968ac578947d8bc80d9aea359f388cdd4aac15cadc0e8447?s=96&d=mm&r=g\",\"contentUrl\":\"https:\/\/secure.gravatar.com\/avatar\/4b1d8e3303b4a9d8968ac578947d8bc80d9aea359f388cdd4aac15cadc0e8447?s=96&d=mm&r=g\",\"caption\":\"manadmin\"},\"sameAs\":[\"https:\/\/fadeu.urantiacos.cl\"]}]}<\/script>\n<!-- \/ Yoast SEO plugin. -->","yoast_head_json":{"title":"Se ingres\u00f3 la documentaci\u00f3n para solicitar ante la CNA su reacreditaci\u00f3n en marzo del 2021 - Facultad de Arquitectura, Dise\u00f1o y Estudios Urbanos","description":"Con fecha 12 de marzo de 2021, el equipo acad\u00e9mico y de gesti\u00f3n del Doctorado en Arquitectura y Estudios Urbanos UC, liderado por el profesor Jos\u00e9 Rosas, se ingres\u00f3 oficialmente toda la documentaci\u00f3n requerida por la Comisi\u00f3n Nacional de Acreditaci\u00f3n (CNA), para iniciar formalmente el proceso de acreditaci\u00f3n 2021.","robots":{"index":"index","follow":"follow","max-snippet":"max-snippet:-1","max-image-preview":"max-image-preview:large","max-video-preview":"max-video-preview:-1"},"canonical":"https:\/\/fadeu.urantiacos.cl\/en\/2021\/03\/17\/se-ingreso-la-documentacion-para-solicitar-ante-la-cna-su-reacreditacion-en-marzo-del-2021\/","og_locale":"en_US","og_type":"article","og_title":"Se ingres\u00f3 la documentaci\u00f3n para solicitar ante la CNA su reacreditaci\u00f3n en marzo del 2021 - Facultad de Arquitectura, Dise\u00f1o y Estudios Urbanos","og_description":"Con fecha 12 de marzo de 2021, el equipo acad\u00e9mico y de gesti\u00f3n del Doctorado en Arquitectura y Estudios Urbanos UC, liderado por el profesor Jos\u00e9 Rosas, se ingres\u00f3 oficialmente toda la documentaci\u00f3n requerida por la Comisi\u00f3n Nacional de Acreditaci\u00f3n (CNA), para iniciar formalmente el proceso de acreditaci\u00f3n 2021.","og_url":"https:\/\/fadeu.urantiacos.cl\/en\/2021\/03\/17\/se-ingreso-la-documentacion-para-solicitar-ante-la-cna-su-reacreditacion-en-marzo-del-2021\/","og_site_name":"Facultad de Arquitectura, Dise\u00f1o y Estudios Urbanos","article_published_time":"2021-03-17T23:00:00+00:00","article_modified_time":"2023-09-08T23:04:22+00:00","og_image":[{"width":350,"height":250,"url":"https:\/\/fadeu.urantiacos.cl\/wp-content\/uploads\/2023\/09\/CASA_DOCTORADO2021.jpg","type":"image\/jpeg"}],"author":"manadmin","twitter_card":"summary_large_image","twitter_misc":{"Written by":"manadmin","Est. reading time":"3 minutes"},"schema":{"@context":"https:\/\/schema.org","@graph":[{"@type":"Article","@id":"https:\/\/fadeu.urantiacos.cl\/en\/2021\/03\/17\/se-ingreso-la-documentacion-para-solicitar-ante-la-cna-su-reacreditacion-en-marzo-del-2021\/#article","isPartOf":{"@id":"https:\/\/fadeu.urantiacos.cl\/en\/2021\/03\/17\/se-ingreso-la-documentacion-para-solicitar-ante-la-cna-su-reacreditacion-en-marzo-del-2021\/"},"author":{"name":"manadmin","@id":"https:\/\/fadeu.urantiacos.cl\/en\/#\/schema\/person\/d203e2e84b1c40275eac77b3061a19a2"},"headline":"Se ingres\u00f3 la documentaci\u00f3n para solicitar ante la CNA su reacreditaci\u00f3n en marzo del 2021","datePublished":"2021-03-17T23:00:00+00:00","dateModified":"2023-09-08T23:04:22+00:00","mainEntityOfPage":{"@id":"https:\/\/fadeu.urantiacos.cl\/en\/2021\/03\/17\/se-ingreso-la-documentacion-para-solicitar-ante-la-cna-su-reacreditacion-en-marzo-del-2021\/"},"wordCount":516,"commentCount":0,"image":{"@id":"https:\/\/fadeu.urantiacos.cl\/en\/2021\/03\/17\/se-ingreso-la-documentacion-para-solicitar-ante-la-cna-su-reacreditacion-en-marzo-del-2021\/#primaryimage"},"thumbnailUrl":"https:\/\/fadeu.urantiacos.cl\/wp-content\/uploads\/2023\/09\/CASA_DOCTORADO2021.jpg","articleSection":["Sin categorizar"],"inLanguage":"en-US","potentialAction":[{"@type":"CommentAction","name":"Comment","target":["https:\/\/fadeu.urantiacos.cl\/en\/2021\/03\/17\/se-ingreso-la-documentacion-para-solicitar-ante-la-cna-su-reacreditacion-en-marzo-del-2021\/#respond"]}]},{"@type":"WebPage","@id":"https:\/\/fadeu.urantiacos.cl\/en\/2021\/03\/17\/se-ingreso-la-documentacion-para-solicitar-ante-la-cna-su-reacreditacion-en-marzo-del-2021\/","url":"https:\/\/fadeu.urantiacos.cl\/en\/2021\/03\/17\/se-ingreso-la-documentacion-para-solicitar-ante-la-cna-su-reacreditacion-en-marzo-del-2021\/","name":"Se ingres\u00f3 la documentaci\u00f3n para solicitar ante la CNA su reacreditaci\u00f3n en marzo del 2021 - Facultad de Arquitectura, Dise\u00f1o y Estudios Urbanos","isPartOf":{"@id":"https:\/\/fadeu.urantiacos.cl\/en\/#website"},"primaryImageOfPage":{"@id":"https:\/\/fadeu.urantiacos.cl\/en\/2021\/03\/17\/se-ingreso-la-documentacion-para-solicitar-ante-la-cna-su-reacreditacion-en-marzo-del-2021\/#primaryimage"},"image":{"@id":"https:\/\/fadeu.urantiacos.cl\/en\/2021\/03\/17\/se-ingreso-la-documentacion-para-solicitar-ante-la-cna-su-reacreditacion-en-marzo-del-2021\/#primaryimage"},"thumbnailUrl":"https:\/\/fadeu.urantiacos.cl\/wp-content\/uploads\/2023\/09\/CASA_DOCTORADO2021.jpg","datePublished":"2021-03-17T23:00:00+00:00","dateModified":"2023-09-08T23:04:22+00:00","author":{"@id":"https:\/\/fadeu.urantiacos.cl\/en\/#\/schema\/person\/d203e2e84b1c40275eac77b3061a19a2"},"description":"Con fecha 12 de marzo de 2021, el equipo acad\u00e9mico y de gesti\u00f3n del Doctorado en Arquitectura y Estudios Urbanos UC, liderado por el profesor Jos\u00e9 Rosas, se ingres\u00f3 oficialmente toda la documentaci\u00f3n requerida por la Comisi\u00f3n Nacional de Acreditaci\u00f3n (CNA), para iniciar formalmente el proceso de acreditaci\u00f3n 2021.","breadcrumb":{"@id":"https:\/\/fadeu.urantiacos.cl\/en\/2021\/03\/17\/se-ingreso-la-documentacion-para-solicitar-ante-la-cna-su-reacreditacion-en-marzo-del-2021\/#breadcrumb"},"inLanguage":"en-US","potentialAction":[{"@type":"ReadAction","target":["https:\/\/fadeu.urantiacos.cl\/en\/2021\/03\/17\/se-ingreso-la-documentacion-para-solicitar-ante-la-cna-su-reacreditacion-en-marzo-del-2021\/"]}]},{"@type":"ImageObject","inLanguage":"en-US","@id":"https:\/\/fadeu.urantiacos.cl\/en\/2021\/03\/17\/se-ingreso-la-documentacion-para-solicitar-ante-la-cna-su-reacreditacion-en-marzo-del-2021\/#primaryimage","url":"https:\/\/fadeu.urantiacos.cl\/wp-content\/uploads\/2023\/09\/CASA_DOCTORADO2021.jpg","contentUrl":"https:\/\/fadeu.urantiacos.cl\/wp-content\/uploads\/2023\/09\/CASA_DOCTORADO2021.jpg","width":350,"height":250},{"@type":"BreadcrumbList","@id":"https:\/\/fadeu.urantiacos.cl\/en\/2021\/03\/17\/se-ingreso-la-documentacion-para-solicitar-ante-la-cna-su-reacreditacion-en-marzo-del-2021\/#breadcrumb","itemListElement":[{"@type":"ListItem","position":1,"name":"Portada","item":"https:\/\/fadeu.urantiacos.cl\/en\/"},{"@type":"ListItem","position":2,"name":"Se ingres\u00f3 la documentaci\u00f3n para solicitar ante la CNA su reacreditaci\u00f3n en marzo del 2021"}]},{"@type":"WebSite","@id":"https:\/\/fadeu.urantiacos.cl\/en\/#website","url":"https:\/\/fadeu.urantiacos.cl\/en\/","name":"Facultad de Arquitectura, Dise\u00f1o y Estudios Urbanos","description":"Campus Lo Contador","potentialAction":[{"@type":"SearchAction","target":{"@type":"EntryPoint","urlTemplate":"https:\/\/fadeu.urantiacos.cl\/en\/?s={search_term_string}"},"query-input":{"@type":"PropertyValueSpecification","valueRequired":true,"valueName":"search_term_string"}}],"inLanguage":"en-US"},{"@type":"Person","@id":"https:\/\/fadeu.urantiacos.cl\/en\/#\/schema\/person\/d203e2e84b1c40275eac77b3061a19a2","name":"manadmin","image":{"@type":"ImageObject","inLanguage":"en-US","@id":"https:\/\/fadeu.urantiacos.cl\/en\/#\/schema\/person\/image\/","url":"https:\/\/secure.gravatar.com\/avatar\/4b1d8e3303b4a9d8968ac578947d8bc80d9aea359f388cdd4aac15cadc0e8447?s=96&d=mm&r=g","contentUrl":"https:\/\/secure.gravatar.com\/avatar\/4b1d8e3303b4a9d8968ac578947d8bc80d9aea359f388cdd4aac15cadc0e8447?s=96&d=mm&r=g","caption":"manadmin"},"sameAs":["https:\/\/fadeu.urantiacos.cl"]}]}},"_links":{"self":[{"href":"https:\/\/fadeu.urantiacos.cl\/en\/wp-json\/wp\/v2\/posts\/7359","targetHints":{"allow":["GET"]}}],"collection":[{"href":"https:\/\/fadeu.urantiacos.cl\/en\/wp-json\/wp\/v2\/posts"}],"about":[{"href":"https:\/\/fadeu.urantiacos.cl\/en\/wp-json\/wp\/v2\/types\/post"}],"author":[{"embeddable":true,"href":"https:\/\/fadeu.urantiacos.cl\/en\/wp-json\/wp\/v2\/users\/1"}],"replies":[{"embeddable":true,"href":"https:\/\/fadeu.urantiacos.cl\/en\/wp-json\/wp\/v2\/comments?post=7359"}],"version-history":[{"count":1,"href":"https:\/\/fadeu.urantiacos.cl\/en\/wp-json\/wp\/v2\/posts\/7359\/revisions"}],"predecessor-version":[{"id":7361,"href":"https:\/\/fadeu.urantiacos.cl\/en\/wp-json\/wp\/v2\/posts\/7359\/revisions\/7361"}],"wp:featuredmedia":[{"embeddable":true,"href":"https:\/\/fadeu.urantiacos.cl\/en\/wp-json\/wp\/v2\/media\/7360"}],"wp:attachment":[{"href":"https:\/\/fadeu.urantiacos.cl\/en\/wp-json\/wp\/v2\/media?parent=7359"}],"wp:term":[{"taxonomy":"category","embeddable":true,"href":"https:\/\/fadeu.urantiacos.cl\/en\/wp-json\/wp\/v2\/categories?post=7359"},{"taxonomy":"post_tag","embeddable":true,"href":"https:\/\/fadeu.urantiacos.cl\/en\/wp-json\/wp\/v2\/tags?post=7359"}],"curies":[{"name":"wp","href":"https:\/\/api.w.org\/{rel}","templated":true}]}}