{"id":7301,"date":"2021-03-28T19:23:00","date_gmt":"2021-03-28T22:23:00","guid":{"rendered":"https:\/\/fadeu.urantiacos.cl\/?p=7301"},"modified":"2023-09-08T19:26:44","modified_gmt":"2023-09-08T22:26:44","slug":"alejandra-celedon-participo-en-conversaciones-anidar-de-revista-arqa","status":"publish","type":"post","link":"https:\/\/fadeu.urantiacos.cl\/en\/2021\/03\/28\/alejandra-celedon-participo-en-conversaciones-anidar-de-revista-arqa\/","title":{"rendered":"Alejandra Celed\u00f3n particip\u00f3 en Conversaciones ANIDAR de revista ARQA"},"content":{"rendered":"\n<figure class=\"wp-block-image size-full\"><img decoding=\"async\" width=\"350\" height=\"250\" src=\"https:\/\/fadeu.urantiacos.cl\/wp-content\/uploads\/2023\/09\/charla_Alejandra_Celedon_2021.png\" alt=\"\" class=\"wp-image-7302\" srcset=\"https:\/\/fadeu.urantiacos.cl\/wp-content\/uploads\/2023\/09\/charla_Alejandra_Celedon_2021.png 350w, https:\/\/fadeu.urantiacos.cl\/wp-content\/uploads\/2023\/09\/charla_Alejandra_Celedon_2021-300x214.png 300w\" sizes=\"(max-width: 350px) 100vw, 350px\" \/><\/figure>\n\n\n\n<p>Alejandra Celed\u00f3n habl\u00f3 sobre su trabajo en torno a las escuelas, el cual parti\u00f3 como un taller del Mag\u00edster de Arquitectura junto al profesor ARQ UC Tom\u00e1s Villal\u00f3n, para luego adjudicarse un Fondart de Investigaci\u00f3n 2020-2021 junto a Nicol\u00e1s Navarrete y Felipe Pizarro, arquitectos y mag\u00edster UC. Esta \u00faltima investigaci\u00f3n se enfoca en la producci\u00f3n experimental de infraestructura escolar en Chile en la d\u00e9cada 1968 a 1978.<\/p>\n\n\n\n<p>En el ciclo de ARQA, la acad\u00e9mica expuso su trabajo a partir de dos ensayos: &#8220;A room for upbringing and uprising&#8221; publicado en la AA Files 77 (y luego traducido al espa\u00f1ol en la \u00faltima edici\u00f3n de Anales de Arquitectura UC); y &#8220;Bus-Aula&#8221;, escrito junto a Francisca Gomez para AR, Lituania. Ambos art\u00edculos pueden parecer opuestos: el primero haba del aula t\u00edpica y la m\u00e1s construida en Chile en la segunda mitad del siglo XX; y el segundo narra una historia poco conocida y excepcional de la infraestructura educacional, cuando 300 buses dados de baja fueron usados como aula en la periferia de Santiago entre 1970-1973. Sin embargo, para la profesora, \u201cambos cuestionan el aula como la \u00faltima unidad material y ret\u00f3rica de construcci\u00f3n de la escuela, y valoran historias en las que la escuela como edificio se disuelve en funci\u00f3n de un proyecto pol\u00edtico y territorial mayor\u201d.<\/p>\n\n\n\n<p>Ver m\u00e1s sobre ANIDAR en el siguiente&nbsp;<a href=\"https:\/\/arqa.com\/agenda\/ciclos\/conversaciones-anidar-2021-arquitectura-y-ninez.html\" target=\"_blank\" rel=\"noreferrer noopener\">link<\/a>&nbsp;<br>Leer el art\u00edculo en Anales en el siguiente&nbsp;<a href=\"https:\/\/www.analesdearquitecturauc.com\/papers-2019-2020#\/la-escuela-una-habitacion-para-la-instruccion-y-la-insurreccion\/\" target=\"_blank\" rel=\"noreferrer noopener\">link<\/a>&nbsp;<br>Leer el art\u00edculo en&nbsp;<a href=\"https:\/\/ar.fa.uni-lj.si\/2020\/bus-aula\" target=\"_blank\" rel=\"noreferrer noopener\">AR<\/a><br>Leer el art\u00edculo en&nbsp;<a href=\"https:\/\/www.academia.edu\/44220915\/The_Chilean_School_a_room_for_upbringing_and_uprising\" target=\"_blank\" rel=\"noreferrer noopener\">AA&nbsp;Files<\/a><\/p>\n\n\n\n<figure class=\"wp-block-video\"><video controls src=\"blob:https:\/\/www.facebook.com\/50383f7f-d4ca-4bdf-8f95-10c56578bef3\"><\/video><\/figure>\n\n\n\n<p>Noticias<br>Contacto:&nbsp;<a href=\"mailto:redesarq@uc.cl\">redesarq@uc.cl<\/a>&nbsp;| +56 2 2354 7747<br>www.arquitectura.uc.cl&nbsp;<\/p>\n","protected":false},"excerpt":{"rendered":"<p>La profesora ARQ UC y jefa del Mag\u00edster en Arquitectura UC (MARQ) fue invitada a hablar sobre infraestructura educacional en \u201cANIDAR. Arquitectura y ni\u00f1ez\u201d, un ciclo para la reflexi\u00f3n en torno a la arquitectura y la infancia, donde el investigador Jorge Raed\u00f3 dialoga con diferentes especialistas.<\/p>\n","protected":false},"author":1,"featured_media":7302,"comment_status":"open","ping_status":"open","sticky":false,"template":"","format":"standard","meta":{"_acf_changed":false,"footnotes":""},"categories":[1],"tags":[],"class_list":["post-7301","post","type-post","status-publish","format-standard","has-post-thumbnail","hentry","category-sin-categorizar"],"acf":[],"yoast_head":"<!-- This site is optimized with the Yoast SEO plugin v27.1.1 - https:\/\/yoast.com\/product\/yoast-seo-wordpress\/ -->\n<title>Alejandra Celed\u00f3n particip\u00f3 en Conversaciones ANIDAR de revista ARQA - Facultad de Arquitectura, Dise\u00f1o y Estudios Urbanos<\/title>\n<meta name=\"description\" content=\"La profesora ARQ UC y jefa del Mag\u00edster en Arquitectura UC (MARQ) fue invitada a hablar sobre infraestructura educacional en \u201cANIDAR. Arquitectura y ni\u00f1ez\u201d, un ciclo para la reflexi\u00f3n en torno a la arquitectura y la infancia, donde el investigador Jorge Raed\u00f3 dialoga con diferentes especialistas.\" \/>\n<meta name=\"robots\" content=\"index, follow, max-snippet:-1, max-image-preview:large, max-video-preview:-1\" \/>\n<link rel=\"canonical\" href=\"https:\/\/fadeu.urantiacos.cl\/en\/2021\/03\/28\/alejandra-celedon-participo-en-conversaciones-anidar-de-revista-arqa\/\" \/>\n<meta property=\"og:locale\" content=\"en_US\" \/>\n<meta property=\"og:type\" content=\"article\" \/>\n<meta property=\"og:title\" content=\"Alejandra Celed\u00f3n particip\u00f3 en Conversaciones ANIDAR de revista ARQA - Facultad de Arquitectura, Dise\u00f1o y Estudios Urbanos\" \/>\n<meta property=\"og:description\" content=\"La profesora ARQ UC y jefa del Mag\u00edster en Arquitectura UC (MARQ) fue invitada a hablar sobre infraestructura educacional en \u201cANIDAR. Arquitectura y ni\u00f1ez\u201d, un ciclo para la reflexi\u00f3n en torno a la arquitectura y la infancia, donde el investigador Jorge Raed\u00f3 dialoga con diferentes especialistas.\" \/>\n<meta property=\"og:url\" content=\"https:\/\/fadeu.urantiacos.cl\/en\/2021\/03\/28\/alejandra-celedon-participo-en-conversaciones-anidar-de-revista-arqa\/\" \/>\n<meta property=\"og:site_name\" content=\"Facultad de Arquitectura, Dise\u00f1o y Estudios Urbanos\" \/>\n<meta property=\"article:published_time\" content=\"2021-03-28T22:23:00+00:00\" \/>\n<meta property=\"article:modified_time\" content=\"2023-09-08T22:26:44+00:00\" \/>\n<meta property=\"og:image\" content=\"https:\/\/fadeu.urantiacos.cl\/wp-content\/uploads\/2023\/09\/charla_Alejandra_Celedon_2021.png\" \/>\n\t<meta property=\"og:image:width\" content=\"350\" \/>\n\t<meta property=\"og:image:height\" content=\"250\" \/>\n\t<meta property=\"og:image:type\" content=\"image\/png\" \/>\n<meta name=\"author\" content=\"manadmin\" \/>\n<meta name=\"twitter:card\" content=\"summary_large_image\" \/>\n<meta name=\"twitter:label1\" content=\"Written by\" \/>\n\t<meta name=\"twitter:data1\" content=\"manadmin\" \/>\n\t<meta name=\"twitter:label2\" content=\"Est. reading time\" \/>\n\t<meta name=\"twitter:data2\" content=\"1 minute\" \/>\n<script type=\"application\/ld+json\" class=\"yoast-schema-graph\">{\"@context\":\"https:\/\/schema.org\",\"@graph\":[{\"@type\":\"Article\",\"@id\":\"https:\/\/fadeu.urantiacos.cl\/en\/2021\/03\/28\/alejandra-celedon-participo-en-conversaciones-anidar-de-revista-arqa\/#article\",\"isPartOf\":{\"@id\":\"https:\/\/fadeu.urantiacos.cl\/en\/2021\/03\/28\/alejandra-celedon-participo-en-conversaciones-anidar-de-revista-arqa\/\"},\"author\":{\"name\":\"manadmin\",\"@id\":\"https:\/\/fadeu.urantiacos.cl\/en\/#\/schema\/person\/d203e2e84b1c40275eac77b3061a19a2\"},\"headline\":\"Alejandra Celed\u00f3n particip\u00f3 en Conversaciones ANIDAR de revista ARQA\",\"datePublished\":\"2021-03-28T22:23:00+00:00\",\"dateModified\":\"2023-09-08T22:26:44+00:00\",\"mainEntityOfPage\":{\"@id\":\"https:\/\/fadeu.urantiacos.cl\/en\/2021\/03\/28\/alejandra-celedon-participo-en-conversaciones-anidar-de-revista-arqa\/\"},\"wordCount\":291,\"commentCount\":0,\"image\":{\"@id\":\"https:\/\/fadeu.urantiacos.cl\/en\/2021\/03\/28\/alejandra-celedon-participo-en-conversaciones-anidar-de-revista-arqa\/#primaryimage\"},\"thumbnailUrl\":\"https:\/\/fadeu.urantiacos.cl\/wp-content\/uploads\/2023\/09\/charla_Alejandra_Celedon_2021.png\",\"articleSection\":[\"Sin categorizar\"],\"inLanguage\":\"en-US\",\"potentialAction\":[{\"@type\":\"CommentAction\",\"name\":\"Comment\",\"target\":[\"https:\/\/fadeu.urantiacos.cl\/en\/2021\/03\/28\/alejandra-celedon-participo-en-conversaciones-anidar-de-revista-arqa\/#respond\"]}]},{\"@type\":\"WebPage\",\"@id\":\"https:\/\/fadeu.urantiacos.cl\/en\/2021\/03\/28\/alejandra-celedon-participo-en-conversaciones-anidar-de-revista-arqa\/\",\"url\":\"https:\/\/fadeu.urantiacos.cl\/en\/2021\/03\/28\/alejandra-celedon-participo-en-conversaciones-anidar-de-revista-arqa\/\",\"name\":\"Alejandra Celed\u00f3n particip\u00f3 en Conversaciones ANIDAR de revista ARQA - Facultad de Arquitectura, Dise\u00f1o y Estudios Urbanos\",\"isPartOf\":{\"@id\":\"https:\/\/fadeu.urantiacos.cl\/en\/#website\"},\"primaryImageOfPage\":{\"@id\":\"https:\/\/fadeu.urantiacos.cl\/en\/2021\/03\/28\/alejandra-celedon-participo-en-conversaciones-anidar-de-revista-arqa\/#primaryimage\"},\"image\":{\"@id\":\"https:\/\/fadeu.urantiacos.cl\/en\/2021\/03\/28\/alejandra-celedon-participo-en-conversaciones-anidar-de-revista-arqa\/#primaryimage\"},\"thumbnailUrl\":\"https:\/\/fadeu.urantiacos.cl\/wp-content\/uploads\/2023\/09\/charla_Alejandra_Celedon_2021.png\",\"datePublished\":\"2021-03-28T22:23:00+00:00\",\"dateModified\":\"2023-09-08T22:26:44+00:00\",\"author\":{\"@id\":\"https:\/\/fadeu.urantiacos.cl\/en\/#\/schema\/person\/d203e2e84b1c40275eac77b3061a19a2\"},\"description\":\"La profesora ARQ UC y jefa del Mag\u00edster en Arquitectura UC (MARQ) fue invitada a hablar sobre infraestructura educacional en \u201cANIDAR. Arquitectura y ni\u00f1ez\u201d, un ciclo para la reflexi\u00f3n en torno a la arquitectura y la infancia, donde el investigador Jorge Raed\u00f3 dialoga con diferentes especialistas.\",\"breadcrumb\":{\"@id\":\"https:\/\/fadeu.urantiacos.cl\/en\/2021\/03\/28\/alejandra-celedon-participo-en-conversaciones-anidar-de-revista-arqa\/#breadcrumb\"},\"inLanguage\":\"en-US\",\"potentialAction\":[{\"@type\":\"ReadAction\",\"target\":[\"https:\/\/fadeu.urantiacos.cl\/en\/2021\/03\/28\/alejandra-celedon-participo-en-conversaciones-anidar-de-revista-arqa\/\"]}]},{\"@type\":\"ImageObject\",\"inLanguage\":\"en-US\",\"@id\":\"https:\/\/fadeu.urantiacos.cl\/en\/2021\/03\/28\/alejandra-celedon-participo-en-conversaciones-anidar-de-revista-arqa\/#primaryimage\",\"url\":\"https:\/\/fadeu.urantiacos.cl\/wp-content\/uploads\/2023\/09\/charla_Alejandra_Celedon_2021.png\",\"contentUrl\":\"https:\/\/fadeu.urantiacos.cl\/wp-content\/uploads\/2023\/09\/charla_Alejandra_Celedon_2021.png\",\"width\":350,\"height\":250},{\"@type\":\"BreadcrumbList\",\"@id\":\"https:\/\/fadeu.urantiacos.cl\/en\/2021\/03\/28\/alejandra-celedon-participo-en-conversaciones-anidar-de-revista-arqa\/#breadcrumb\",\"itemListElement\":[{\"@type\":\"ListItem\",\"position\":1,\"name\":\"Portada\",\"item\":\"https:\/\/fadeu.urantiacos.cl\/en\/\"},{\"@type\":\"ListItem\",\"position\":2,\"name\":\"Alejandra Celed\u00f3n particip\u00f3 en Conversaciones ANIDAR de revista ARQA\"}]},{\"@type\":\"WebSite\",\"@id\":\"https:\/\/fadeu.urantiacos.cl\/en\/#website\",\"url\":\"https:\/\/fadeu.urantiacos.cl\/en\/\",\"name\":\"Facultad de Arquitectura, Dise\u00f1o y Estudios Urbanos\",\"description\":\"Campus Lo Contador\",\"potentialAction\":[{\"@type\":\"SearchAction\",\"target\":{\"@type\":\"EntryPoint\",\"urlTemplate\":\"https:\/\/fadeu.urantiacos.cl\/en\/?s={search_term_string}\"},\"query-input\":{\"@type\":\"PropertyValueSpecification\",\"valueRequired\":true,\"valueName\":\"search_term_string\"}}],\"inLanguage\":\"en-US\"},{\"@type\":\"Person\",\"@id\":\"https:\/\/fadeu.urantiacos.cl\/en\/#\/schema\/person\/d203e2e84b1c40275eac77b3061a19a2\",\"name\":\"manadmin\",\"image\":{\"@type\":\"ImageObject\",\"inLanguage\":\"en-US\",\"@id\":\"https:\/\/fadeu.urantiacos.cl\/en\/#\/schema\/person\/image\/\",\"url\":\"https:\/\/secure.gravatar.com\/avatar\/4b1d8e3303b4a9d8968ac578947d8bc80d9aea359f388cdd4aac15cadc0e8447?s=96&d=mm&r=g\",\"contentUrl\":\"https:\/\/secure.gravatar.com\/avatar\/4b1d8e3303b4a9d8968ac578947d8bc80d9aea359f388cdd4aac15cadc0e8447?s=96&d=mm&r=g\",\"caption\":\"manadmin\"},\"sameAs\":[\"https:\/\/fadeu.urantiacos.cl\"]}]}<\/script>\n<!-- \/ Yoast SEO plugin. -->","yoast_head_json":{"title":"Alejandra Celed\u00f3n particip\u00f3 en Conversaciones ANIDAR de revista ARQA - Facultad de Arquitectura, Dise\u00f1o y Estudios Urbanos","description":"La profesora ARQ UC y jefa del Mag\u00edster en Arquitectura UC (MARQ) fue invitada a hablar sobre infraestructura educacional en \u201cANIDAR. Arquitectura y ni\u00f1ez\u201d, un ciclo para la reflexi\u00f3n en torno a la arquitectura y la infancia, donde el investigador Jorge Raed\u00f3 dialoga con diferentes especialistas.","robots":{"index":"index","follow":"follow","max-snippet":"max-snippet:-1","max-image-preview":"max-image-preview:large","max-video-preview":"max-video-preview:-1"},"canonical":"https:\/\/fadeu.urantiacos.cl\/en\/2021\/03\/28\/alejandra-celedon-participo-en-conversaciones-anidar-de-revista-arqa\/","og_locale":"en_US","og_type":"article","og_title":"Alejandra Celed\u00f3n particip\u00f3 en Conversaciones ANIDAR de revista ARQA - Facultad de Arquitectura, Dise\u00f1o y Estudios Urbanos","og_description":"La profesora ARQ UC y jefa del Mag\u00edster en Arquitectura UC (MARQ) fue invitada a hablar sobre infraestructura educacional en \u201cANIDAR. Arquitectura y ni\u00f1ez\u201d, un ciclo para la reflexi\u00f3n en torno a la arquitectura y la infancia, donde el investigador Jorge Raed\u00f3 dialoga con diferentes especialistas.","og_url":"https:\/\/fadeu.urantiacos.cl\/en\/2021\/03\/28\/alejandra-celedon-participo-en-conversaciones-anidar-de-revista-arqa\/","og_site_name":"Facultad de Arquitectura, Dise\u00f1o y Estudios Urbanos","article_published_time":"2021-03-28T22:23:00+00:00","article_modified_time":"2023-09-08T22:26:44+00:00","og_image":[{"width":350,"height":250,"url":"https:\/\/fadeu.urantiacos.cl\/wp-content\/uploads\/2023\/09\/charla_Alejandra_Celedon_2021.png","type":"image\/png"}],"author":"manadmin","twitter_card":"summary_large_image","twitter_misc":{"Written by":"manadmin","Est. reading time":"1 minute"},"schema":{"@context":"https:\/\/schema.org","@graph":[{"@type":"Article","@id":"https:\/\/fadeu.urantiacos.cl\/en\/2021\/03\/28\/alejandra-celedon-participo-en-conversaciones-anidar-de-revista-arqa\/#article","isPartOf":{"@id":"https:\/\/fadeu.urantiacos.cl\/en\/2021\/03\/28\/alejandra-celedon-participo-en-conversaciones-anidar-de-revista-arqa\/"},"author":{"name":"manadmin","@id":"https:\/\/fadeu.urantiacos.cl\/en\/#\/schema\/person\/d203e2e84b1c40275eac77b3061a19a2"},"headline":"Alejandra Celed\u00f3n particip\u00f3 en Conversaciones ANIDAR de revista ARQA","datePublished":"2021-03-28T22:23:00+00:00","dateModified":"2023-09-08T22:26:44+00:00","mainEntityOfPage":{"@id":"https:\/\/fadeu.urantiacos.cl\/en\/2021\/03\/28\/alejandra-celedon-participo-en-conversaciones-anidar-de-revista-arqa\/"},"wordCount":291,"commentCount":0,"image":{"@id":"https:\/\/fadeu.urantiacos.cl\/en\/2021\/03\/28\/alejandra-celedon-participo-en-conversaciones-anidar-de-revista-arqa\/#primaryimage"},"thumbnailUrl":"https:\/\/fadeu.urantiacos.cl\/wp-content\/uploads\/2023\/09\/charla_Alejandra_Celedon_2021.png","articleSection":["Sin categorizar"],"inLanguage":"en-US","potentialAction":[{"@type":"CommentAction","name":"Comment","target":["https:\/\/fadeu.urantiacos.cl\/en\/2021\/03\/28\/alejandra-celedon-participo-en-conversaciones-anidar-de-revista-arqa\/#respond"]}]},{"@type":"WebPage","@id":"https:\/\/fadeu.urantiacos.cl\/en\/2021\/03\/28\/alejandra-celedon-participo-en-conversaciones-anidar-de-revista-arqa\/","url":"https:\/\/fadeu.urantiacos.cl\/en\/2021\/03\/28\/alejandra-celedon-participo-en-conversaciones-anidar-de-revista-arqa\/","name":"Alejandra Celed\u00f3n particip\u00f3 en Conversaciones ANIDAR de revista ARQA - Facultad de Arquitectura, Dise\u00f1o y Estudios Urbanos","isPartOf":{"@id":"https:\/\/fadeu.urantiacos.cl\/en\/#website"},"primaryImageOfPage":{"@id":"https:\/\/fadeu.urantiacos.cl\/en\/2021\/03\/28\/alejandra-celedon-participo-en-conversaciones-anidar-de-revista-arqa\/#primaryimage"},"image":{"@id":"https:\/\/fadeu.urantiacos.cl\/en\/2021\/03\/28\/alejandra-celedon-participo-en-conversaciones-anidar-de-revista-arqa\/#primaryimage"},"thumbnailUrl":"https:\/\/fadeu.urantiacos.cl\/wp-content\/uploads\/2023\/09\/charla_Alejandra_Celedon_2021.png","datePublished":"2021-03-28T22:23:00+00:00","dateModified":"2023-09-08T22:26:44+00:00","author":{"@id":"https:\/\/fadeu.urantiacos.cl\/en\/#\/schema\/person\/d203e2e84b1c40275eac77b3061a19a2"},"description":"La profesora ARQ UC y jefa del Mag\u00edster en Arquitectura UC (MARQ) fue invitada a hablar sobre infraestructura educacional en \u201cANIDAR. Arquitectura y ni\u00f1ez\u201d, un ciclo para la reflexi\u00f3n en torno a la arquitectura y la infancia, donde el investigador Jorge Raed\u00f3 dialoga con diferentes especialistas.","breadcrumb":{"@id":"https:\/\/fadeu.urantiacos.cl\/en\/2021\/03\/28\/alejandra-celedon-participo-en-conversaciones-anidar-de-revista-arqa\/#breadcrumb"},"inLanguage":"en-US","potentialAction":[{"@type":"ReadAction","target":["https:\/\/fadeu.urantiacos.cl\/en\/2021\/03\/28\/alejandra-celedon-participo-en-conversaciones-anidar-de-revista-arqa\/"]}]},{"@type":"ImageObject","inLanguage":"en-US","@id":"https:\/\/fadeu.urantiacos.cl\/en\/2021\/03\/28\/alejandra-celedon-participo-en-conversaciones-anidar-de-revista-arqa\/#primaryimage","url":"https:\/\/fadeu.urantiacos.cl\/wp-content\/uploads\/2023\/09\/charla_Alejandra_Celedon_2021.png","contentUrl":"https:\/\/fadeu.urantiacos.cl\/wp-content\/uploads\/2023\/09\/charla_Alejandra_Celedon_2021.png","width":350,"height":250},{"@type":"BreadcrumbList","@id":"https:\/\/fadeu.urantiacos.cl\/en\/2021\/03\/28\/alejandra-celedon-participo-en-conversaciones-anidar-de-revista-arqa\/#breadcrumb","itemListElement":[{"@type":"ListItem","position":1,"name":"Portada","item":"https:\/\/fadeu.urantiacos.cl\/en\/"},{"@type":"ListItem","position":2,"name":"Alejandra Celed\u00f3n particip\u00f3 en Conversaciones ANIDAR de revista ARQA"}]},{"@type":"WebSite","@id":"https:\/\/fadeu.urantiacos.cl\/en\/#website","url":"https:\/\/fadeu.urantiacos.cl\/en\/","name":"Facultad de Arquitectura, Dise\u00f1o y Estudios Urbanos","description":"Campus Lo Contador","potentialAction":[{"@type":"SearchAction","target":{"@type":"EntryPoint","urlTemplate":"https:\/\/fadeu.urantiacos.cl\/en\/?s={search_term_string}"},"query-input":{"@type":"PropertyValueSpecification","valueRequired":true,"valueName":"search_term_string"}}],"inLanguage":"en-US"},{"@type":"Person","@id":"https:\/\/fadeu.urantiacos.cl\/en\/#\/schema\/person\/d203e2e84b1c40275eac77b3061a19a2","name":"manadmin","image":{"@type":"ImageObject","inLanguage":"en-US","@id":"https:\/\/fadeu.urantiacos.cl\/en\/#\/schema\/person\/image\/","url":"https:\/\/secure.gravatar.com\/avatar\/4b1d8e3303b4a9d8968ac578947d8bc80d9aea359f388cdd4aac15cadc0e8447?s=96&d=mm&r=g","contentUrl":"https:\/\/secure.gravatar.com\/avatar\/4b1d8e3303b4a9d8968ac578947d8bc80d9aea359f388cdd4aac15cadc0e8447?s=96&d=mm&r=g","caption":"manadmin"},"sameAs":["https:\/\/fadeu.urantiacos.cl"]}]}},"_links":{"self":[{"href":"https:\/\/fadeu.urantiacos.cl\/en\/wp-json\/wp\/v2\/posts\/7301","targetHints":{"allow":["GET"]}}],"collection":[{"href":"https:\/\/fadeu.urantiacos.cl\/en\/wp-json\/wp\/v2\/posts"}],"about":[{"href":"https:\/\/fadeu.urantiacos.cl\/en\/wp-json\/wp\/v2\/types\/post"}],"author":[{"embeddable":true,"href":"https:\/\/fadeu.urantiacos.cl\/en\/wp-json\/wp\/v2\/users\/1"}],"replies":[{"embeddable":true,"href":"https:\/\/fadeu.urantiacos.cl\/en\/wp-json\/wp\/v2\/comments?post=7301"}],"version-history":[{"count":1,"href":"https:\/\/fadeu.urantiacos.cl\/en\/wp-json\/wp\/v2\/posts\/7301\/revisions"}],"predecessor-version":[{"id":7303,"href":"https:\/\/fadeu.urantiacos.cl\/en\/wp-json\/wp\/v2\/posts\/7301\/revisions\/7303"}],"wp:featuredmedia":[{"embeddable":true,"href":"https:\/\/fadeu.urantiacos.cl\/en\/wp-json\/wp\/v2\/media\/7302"}],"wp:attachment":[{"href":"https:\/\/fadeu.urantiacos.cl\/en\/wp-json\/wp\/v2\/media?parent=7301"}],"wp:term":[{"taxonomy":"category","embeddable":true,"href":"https:\/\/fadeu.urantiacos.cl\/en\/wp-json\/wp\/v2\/categories?post=7301"},{"taxonomy":"post_tag","embeddable":true,"href":"https:\/\/fadeu.urantiacos.cl\/en\/wp-json\/wp\/v2\/tags?post=7301"}],"curies":[{"name":"wp","href":"https:\/\/api.w.org\/{rel}","templated":true}]}}